{"id":23712,"date":"2024-10-21T12:35:29","date_gmt":"2024-10-21T10:35:29","guid":{"rendered":"https:\/\/kinaikaleidoszkop.hu\/?p=23712"},"modified":"2024-10-21T12:35:31","modified_gmt":"2024-10-21T10:35:31","slug":"kevesebb-lesz-a-munkahelyek-szama-a-mesterseges-intelligencia-miatt","status":"publish","type":"post","link":"https:\/\/kinaikaleidoszkop.hu\/index.php\/2024\/10\/21\/kevesebb-lesz-a-munkahelyek-szama-a-mesterseges-intelligencia-miatt\/","title":{"rendered":"Kevesebb lesz a munkahelyek sz\u00e1ma a mesters\u00e9ges intelligencia miatt?"},"content":{"rendered":"\n<p><strong>A Turing-d\u00edjas <em>\u2013<\/em> mely elismer\u00e9s a legmagasabb rang\u00fa nemzetk\u00f6zi d\u00edj a sz\u00e1m\u00edt\u00e1stechnika ter\u00fclet\u00e9n <em>\u2013<\/em> Leslie Valiant a China Media Groupnak adott interj\u00faj\u00e1ban \u00fagy v\u00e1laszolt a c\u00edmben feltett k\u00e9rd\u00e9sre, hogy ez az emberi v\u00e1laszt\u00e1son m\u00falik.<\/strong><\/p>\n\n\n\n<p><strong>Wang Guan m\u0171sorvezet\u0151:<\/strong><\/p>\n\n\n\n<p><em>Professzor \u00far, sok szakma elt\u0171nt, vagy fenn\u00e1ll a vesz\u00e9lye annak, hogy megsz\u0171nik. Van valamilyen tan\u00e1csa az \u00e1ll\u00e1skeres\u0151knek a mesters\u00e9ges intelligencia kor\u00e1ban?<\/em><\/p>\n\n\n\n<p><strong>Leslie Valiant:<\/strong><\/p>\n\n\n\n<p>Nem hiszem, hogy l\u00e9tezik egy univerz\u00e1lis tan\u00e1cs, mert a munkaer\u0151piac folyamatosan v\u00e1ltozik. A technol\u00f3gia \u00faj munkahelyeket teremt, n\u00e9h\u00e1nyat pedig m\u00e1ssal v\u00e1lt fel. Teh\u00e1t az, hogy mi t\u00f6rt\u00e9nik ezut\u00e1n, nagyr\u00e9szt az emberi d\u00f6nt\u00e9seken m\u00falik. P\u00e9ld\u00e1ul a rep\u00fcl\u0151t\u00e9ren v\u00e1s\u00e1rolhatok k\u00e1v\u00e9automat\u00e1b\u00f3l vagy a pultn\u00e1l embert\u0151l is. A g\u00e9pb\u0151l t\u00f6rt\u00e9n\u0151 v\u00e1s\u00e1rl\u00e1s dr\u00e1g\u00e1bb. Valamilyen okb\u00f3l kifoly\u00f3lag az emberek hajland\u00f3ak t\u00f6bbet fizetni, hogy g\u00e9pb\u0151l v\u00e1s\u00e1roljanak, mint egy embert\u0151l a pultn\u00e1l. Teh\u00e1t \u00fagy gondolom, hogy a sz\u00fcks\u00e9gleteket az emberek hat\u00e1rozz\u00e1k meg. Az oktat\u00e1s ter\u00fclet\u00e9n p\u00e9ld\u00e1ul neh\u00e9z megj\u00f3solni, hogy a j\u00f6v\u0151ben robotok vagy emberek tan\u00edtanak-e, ez az emberi preferenci\u00e1kt\u00f3l f\u00fcgg. De arra sz\u00e1m\u00edtok, hogy a legt\u00f6bb szakm\u00e1ban tov\u00e1bbra is az emberek ir\u00e1ny\u00edtanak majd \u00e9s hozz\u00e1k meg a d\u00f6nt\u00e9seket, a sz\u00e1m\u00edt\u00f3g\u00e9pek pedig seg\u00edteni fognak. Ezt hasznosnak tartom. Nem hiszem, hogy az AI mindig csak negat\u00edv h\u00edreket gener\u00e1l.<\/p>\n\n\n\n<figure class=\"wp-block-embed is-type-video is-provider-youtube wp-block-embed-youtube wp-embed-aspect-16-9 wp-has-aspect-ratio\"><div class=\"wp-block-embed__wrapper\">\n<iframe loading=\"lazy\" title=\"Kevesebb lesz a munkahelyek sz\u00e1ma a mesters\u00e9ges intelligencia miatt?\" width=\"1320\" height=\"743\" src=\"https:\/\/www.youtube.com\/embed\/2E0GoPCsapo?feature=oembed\" frameborder=\"0\" allow=\"accelerometer; autoplay; clipboard-write; encrypted-media; gyroscope; picture-in-picture; web-share\" referrerpolicy=\"strict-origin-when-cross-origin\" allowfullscreen><\/iframe>\n<\/div><\/figure>\n\n\n\n<p><strong><em>(Zhou Huiwen <em>\u2013<\/em> China Media Group)<\/em><\/strong><\/p>\n\n\n\n<p><strong>2024. okt\u00f3ber 21.<\/strong><\/p>\n\n\n\n<p><strong><em>(x)<\/em><\/strong><\/p>\n","protected":false},"excerpt":{"rendered":"<p>A Turing-d\u00edjas \u2013 mely elismer\u00e9s a legmagasabb rang\u00fa nemzetk\u00f6zi d\u00edj a sz\u00e1m\u00edt\u00e1stechnika ter\u00fclet\u00e9n \u2013 Leslie Valiant a China Media Groupnak adott interj\u00faj\u00e1ban \u00fagy v\u00e1laszolt a c\u00edmben feltett k\u00e9rd\u00e9sre, hogy ez az emberi v\u00e1laszt\u00e1son m\u00falik. Wang Guan m\u0171sorvezet\u0151: Professzor \u00far, sok szakma elt\u0171nt, vagy fenn\u00e1ll a vesz\u00e9lye annak, hogy megsz\u0171nik. Van valamilyen tan\u00e1csa az \u00e1ll\u00e1skeres\u0151knek a [&hellip;]<\/p>\n","protected":false},"author":2,"featured_media":23714,"comment_status":"open","ping_status":"open","sticky":false,"template":"","format":"standard","meta":{"footnotes":""},"categories":[45,91],"tags":[269,3696,4563,2836,4567,4566,4564,4565,4568],"class_list":["post-23712","post","type-post","status-publish","format-standard","has-post-thumbnail","hentry","category-hirek","category-kepek-videok","tag-interju","tag-kina","tag-leslie-valiant","tag-mesterseges-intelligencia","tag-munkaeropiac","tag-munkahely","tag-szakma","tag-szamitastechnika","tag-turing-dij"],"yoast_head":"<!-- This site is optimized with the Yoast SEO plugin v23.7 - https:\/\/yoast.com\/wordpress\/plugins\/seo\/ -->\n<title>Kevesebb lesz a munkahelyek sz\u00e1ma a mesters\u00e9ges intelligencia miatt? - kinaikaleidoszkop.hu<\/title>\n<meta name=\"robots\" content=\"index, follow, max-snippet:-1, max-image-preview:large, max-video-preview:-1\" \/>\n<link rel=\"canonical\" href=\"https:\/\/kinaikaleidoszkop.hu\/index.php\/2024\/10\/21\/kevesebb-lesz-a-munkahelyek-szama-a-mesterseges-intelligencia-miatt\/\" \/>\n<meta property=\"og:locale\" content=\"hu_HU\" \/>\n<meta property=\"og:type\" content=\"article\" \/>\n<meta property=\"og:title\" content=\"Kevesebb lesz a munkahelyek sz\u00e1ma a mesters\u00e9ges intelligencia miatt? - kinaikaleidoszkop.hu\" \/>\n<meta property=\"og:description\" content=\"A Turing-d\u00edjas \u2013 mely elismer\u00e9s a legmagasabb rang\u00fa nemzetk\u00f6zi d\u00edj a sz\u00e1m\u00edt\u00e1stechnika ter\u00fclet\u00e9n \u2013 Leslie Valiant a China Media Groupnak adott interj\u00faj\u00e1ban \u00fagy v\u00e1laszolt a c\u00edmben feltett k\u00e9rd\u00e9sre, hogy ez az emberi v\u00e1laszt\u00e1son m\u00falik. Wang Guan m\u0171sorvezet\u0151: Professzor \u00far, sok szakma elt\u0171nt, vagy fenn\u00e1ll a vesz\u00e9lye annak, hogy megsz\u0171nik. Van valamilyen tan\u00e1csa az \u00e1ll\u00e1skeres\u0151knek a [&hellip;]\" \/>\n<meta property=\"og:url\" content=\"https:\/\/kinaikaleidoszkop.hu\/index.php\/2024\/10\/21\/kevesebb-lesz-a-munkahelyek-szama-a-mesterseges-intelligencia-miatt\/\" \/>\n<meta property=\"og:site_name\" content=\"kinaikaleidoszkop.hu\" \/>\n<meta property=\"article:published_time\" content=\"2024-10-21T10:35:29+00:00\" \/>\n<meta property=\"article:modified_time\" content=\"2024-10-21T10:35:31+00:00\" \/>\n<meta property=\"og:image\" content=\"https:\/\/kinaikaleidoszkop.hu\/wp-content\/uploads\/2024\/10\/leslie_valiant.jpg\" \/>\n\t<meta property=\"og:image:width\" content=\"1920\" \/>\n\t<meta property=\"og:image:height\" content=\"1080\" \/>\n\t<meta property=\"og:image:type\" content=\"image\/jpeg\" \/>\n<meta name=\"author\" content=\"admin-szabolcs\" \/>\n<meta name=\"twitter:card\" content=\"summary_large_image\" \/>\n<meta name=\"twitter:label1\" content=\"Szerz\u0151:\" \/>\n\t<meta name=\"twitter:data1\" content=\"admin-szabolcs\" \/>\n\t<meta name=\"twitter:label2\" content=\"Becs\u00fclt olvas\u00e1si id\u0151\" \/>\n\t<meta name=\"twitter:data2\" content=\"2 perc\" \/>\n<script type=\"application\/ld+json\" class=\"yoast-schema-graph\">{\"@context\":\"https:\/\/schema.org\",\"@graph\":[{\"@type\":\"WebPage\",\"@id\":\"https:\/\/kinaikaleidoszkop.hu\/index.php\/2024\/10\/21\/kevesebb-lesz-a-munkahelyek-szama-a-mesterseges-intelligencia-miatt\/\",\"url\":\"https:\/\/kinaikaleidoszkop.hu\/index.php\/2024\/10\/21\/kevesebb-lesz-a-munkahelyek-szama-a-mesterseges-intelligencia-miatt\/\",\"name\":\"Kevesebb lesz a munkahelyek sz\u00e1ma a mesters\u00e9ges intelligencia miatt? - kinaikaleidoszkop.hu\",\"isPartOf\":{\"@id\":\"https:\/\/kinaikaleidoszkop.hu\/#website\"},\"primaryImageOfPage\":{\"@id\":\"https:\/\/kinaikaleidoszkop.hu\/index.php\/2024\/10\/21\/kevesebb-lesz-a-munkahelyek-szama-a-mesterseges-intelligencia-miatt\/#primaryimage\"},\"image\":{\"@id\":\"https:\/\/kinaikaleidoszkop.hu\/index.php\/2024\/10\/21\/kevesebb-lesz-a-munkahelyek-szama-a-mesterseges-intelligencia-miatt\/#primaryimage\"},\"thumbnailUrl\":\"https:\/\/kinaikaleidoszkop.hu\/wp-content\/uploads\/2024\/10\/leslie_valiant.jpg\",\"datePublished\":\"2024-10-21T10:35:29+00:00\",\"dateModified\":\"2024-10-21T10:35:31+00:00\",\"author\":{\"@id\":\"https:\/\/kinaikaleidoszkop.hu\/#\/schema\/person\/b9e2febe742edd540c1197716ec02bf7\"},\"breadcrumb\":{\"@id\":\"https:\/\/kinaikaleidoszkop.hu\/index.php\/2024\/10\/21\/kevesebb-lesz-a-munkahelyek-szama-a-mesterseges-intelligencia-miatt\/#breadcrumb\"},\"inLanguage\":\"hu\",\"potentialAction\":[{\"@type\":\"ReadAction\",\"target\":[\"https:\/\/kinaikaleidoszkop.hu\/index.php\/2024\/10\/21\/kevesebb-lesz-a-munkahelyek-szama-a-mesterseges-intelligencia-miatt\/\"]}]},{\"@type\":\"ImageObject\",\"inLanguage\":\"hu\",\"@id\":\"https:\/\/kinaikaleidoszkop.hu\/index.php\/2024\/10\/21\/kevesebb-lesz-a-munkahelyek-szama-a-mesterseges-intelligencia-miatt\/#primaryimage\",\"url\":\"https:\/\/kinaikaleidoszkop.hu\/wp-content\/uploads\/2024\/10\/leslie_valiant.jpg\",\"contentUrl\":\"https:\/\/kinaikaleidoszkop.hu\/wp-content\/uploads\/2024\/10\/leslie_valiant.jpg\",\"width\":1920,\"height\":1080},{\"@type\":\"BreadcrumbList\",\"@id\":\"https:\/\/kinaikaleidoszkop.hu\/index.php\/2024\/10\/21\/kevesebb-lesz-a-munkahelyek-szama-a-mesterseges-intelligencia-miatt\/#breadcrumb\",\"itemListElement\":[{\"@type\":\"ListItem\",\"position\":1,\"name\":\"Kezd\u0151lap\",\"item\":\"https:\/\/kinaikaleidoszkop.hu\/\"},{\"@type\":\"ListItem\",\"position\":2,\"name\":\"Kevesebb lesz a munkahelyek sz\u00e1ma a mesters\u00e9ges intelligencia miatt?\"}]},{\"@type\":\"WebSite\",\"@id\":\"https:\/\/kinaikaleidoszkop.hu\/#website\",\"url\":\"https:\/\/kinaikaleidoszkop.hu\/\",\"name\":\"kinaikaleidoszkop.hu\",\"description\":\"\",\"potentialAction\":[{\"@type\":\"SearchAction\",\"target\":{\"@type\":\"EntryPoint\",\"urlTemplate\":\"https:\/\/kinaikaleidoszkop.hu\/?s={search_term_string}\"},\"query-input\":{\"@type\":\"PropertyValueSpecification\",\"valueRequired\":true,\"valueName\":\"search_term_string\"}}],\"inLanguage\":\"hu\"},{\"@type\":\"Person\",\"@id\":\"https:\/\/kinaikaleidoszkop.hu\/#\/schema\/person\/b9e2febe742edd540c1197716ec02bf7\",\"name\":\"admin-szabolcs\",\"image\":{\"@type\":\"ImageObject\",\"inLanguage\":\"hu\",\"@id\":\"https:\/\/kinaikaleidoszkop.hu\/#\/schema\/person\/image\/\",\"url\":\"https:\/\/secure.gravatar.com\/avatar\/154f262492794df2a6cb5d5349227b18ef8f85ab462fbb32625fc42406483d21?s=96&d=mm&r=g\",\"contentUrl\":\"https:\/\/secure.gravatar.com\/avatar\/154f262492794df2a6cb5d5349227b18ef8f85ab462fbb32625fc42406483d21?s=96&d=mm&r=g\",\"caption\":\"admin-szabolcs\"},\"url\":\"https:\/\/kinaikaleidoszkop.hu\/index.php\/author\/admin-szabolcs\/\"}]}<\/script>\n<!-- \/ Yoast SEO plugin. -->","yoast_head_json":{"title":"Kevesebb lesz a munkahelyek sz\u00e1ma a mesters\u00e9ges intelligencia miatt? - kinaikaleidoszkop.hu","robots":{"index":"index","follow":"follow","max-snippet":"max-snippet:-1","max-image-preview":"max-image-preview:large","max-video-preview":"max-video-preview:-1"},"canonical":"https:\/\/kinaikaleidoszkop.hu\/index.php\/2024\/10\/21\/kevesebb-lesz-a-munkahelyek-szama-a-mesterseges-intelligencia-miatt\/","og_locale":"hu_HU","og_type":"article","og_title":"Kevesebb lesz a munkahelyek sz\u00e1ma a mesters\u00e9ges intelligencia miatt? - kinaikaleidoszkop.hu","og_description":"A Turing-d\u00edjas \u2013 mely elismer\u00e9s a legmagasabb rang\u00fa nemzetk\u00f6zi d\u00edj a sz\u00e1m\u00edt\u00e1stechnika ter\u00fclet\u00e9n \u2013 Leslie Valiant a China Media Groupnak adott interj\u00faj\u00e1ban \u00fagy v\u00e1laszolt a c\u00edmben feltett k\u00e9rd\u00e9sre, hogy ez az emberi v\u00e1laszt\u00e1son m\u00falik. Wang Guan m\u0171sorvezet\u0151: Professzor \u00far, sok szakma elt\u0171nt, vagy fenn\u00e1ll a vesz\u00e9lye annak, hogy megsz\u0171nik. Van valamilyen tan\u00e1csa az \u00e1ll\u00e1skeres\u0151knek a [&hellip;]","og_url":"https:\/\/kinaikaleidoszkop.hu\/index.php\/2024\/10\/21\/kevesebb-lesz-a-munkahelyek-szama-a-mesterseges-intelligencia-miatt\/","og_site_name":"kinaikaleidoszkop.hu","article_published_time":"2024-10-21T10:35:29+00:00","article_modified_time":"2024-10-21T10:35:31+00:00","og_image":[{"width":1920,"height":1080,"url":"https:\/\/kinaikaleidoszkop.hu\/wp-content\/uploads\/2024\/10\/leslie_valiant.jpg","type":"image\/jpeg"}],"author":"admin-szabolcs","twitter_card":"summary_large_image","twitter_misc":{"Szerz\u0151:":"admin-szabolcs","Becs\u00fclt olvas\u00e1si id\u0151":"2 perc"},"schema":{"@context":"https:\/\/schema.org","@graph":[{"@type":"WebPage","@id":"https:\/\/kinaikaleidoszkop.hu\/index.php\/2024\/10\/21\/kevesebb-lesz-a-munkahelyek-szama-a-mesterseges-intelligencia-miatt\/","url":"https:\/\/kinaikaleidoszkop.hu\/index.php\/2024\/10\/21\/kevesebb-lesz-a-munkahelyek-szama-a-mesterseges-intelligencia-miatt\/","name":"Kevesebb lesz a munkahelyek sz\u00e1ma a mesters\u00e9ges intelligencia miatt? - kinaikaleidoszkop.hu","isPartOf":{"@id":"https:\/\/kinaikaleidoszkop.hu\/#website"},"primaryImageOfPage":{"@id":"https:\/\/kinaikaleidoszkop.hu\/index.php\/2024\/10\/21\/kevesebb-lesz-a-munkahelyek-szama-a-mesterseges-intelligencia-miatt\/#primaryimage"},"image":{"@id":"https:\/\/kinaikaleidoszkop.hu\/index.php\/2024\/10\/21\/kevesebb-lesz-a-munkahelyek-szama-a-mesterseges-intelligencia-miatt\/#primaryimage"},"thumbnailUrl":"https:\/\/kinaikaleidoszkop.hu\/wp-content\/uploads\/2024\/10\/leslie_valiant.jpg","datePublished":"2024-10-21T10:35:29+00:00","dateModified":"2024-10-21T10:35:31+00:00","author":{"@id":"https:\/\/kinaikaleidoszkop.hu\/#\/schema\/person\/b9e2febe742edd540c1197716ec02bf7"},"breadcrumb":{"@id":"https:\/\/kinaikaleidoszkop.hu\/index.php\/2024\/10\/21\/kevesebb-lesz-a-munkahelyek-szama-a-mesterseges-intelligencia-miatt\/#breadcrumb"},"inLanguage":"hu","potentialAction":[{"@type":"ReadAction","target":["https:\/\/kinaikaleidoszkop.hu\/index.php\/2024\/10\/21\/kevesebb-lesz-a-munkahelyek-szama-a-mesterseges-intelligencia-miatt\/"]}]},{"@type":"ImageObject","inLanguage":"hu","@id":"https:\/\/kinaikaleidoszkop.hu\/index.php\/2024\/10\/21\/kevesebb-lesz-a-munkahelyek-szama-a-mesterseges-intelligencia-miatt\/#primaryimage","url":"https:\/\/kinaikaleidoszkop.hu\/wp-content\/uploads\/2024\/10\/leslie_valiant.jpg","contentUrl":"https:\/\/kinaikaleidoszkop.hu\/wp-content\/uploads\/2024\/10\/leslie_valiant.jpg","width":1920,"height":1080},{"@type":"BreadcrumbList","@id":"https:\/\/kinaikaleidoszkop.hu\/index.php\/2024\/10\/21\/kevesebb-lesz-a-munkahelyek-szama-a-mesterseges-intelligencia-miatt\/#breadcrumb","itemListElement":[{"@type":"ListItem","position":1,"name":"Kezd\u0151lap","item":"https:\/\/kinaikaleidoszkop.hu\/"},{"@type":"ListItem","position":2,"name":"Kevesebb lesz a munkahelyek sz\u00e1ma a mesters\u00e9ges intelligencia miatt?"}]},{"@type":"WebSite","@id":"https:\/\/kinaikaleidoszkop.hu\/#website","url":"https:\/\/kinaikaleidoszkop.hu\/","name":"kinaikaleidoszkop.hu","description":"","potentialAction":[{"@type":"SearchAction","target":{"@type":"EntryPoint","urlTemplate":"https:\/\/kinaikaleidoszkop.hu\/?s={search_term_string}"},"query-input":{"@type":"PropertyValueSpecification","valueRequired":true,"valueName":"search_term_string"}}],"inLanguage":"hu"},{"@type":"Person","@id":"https:\/\/kinaikaleidoszkop.hu\/#\/schema\/person\/b9e2febe742edd540c1197716ec02bf7","name":"admin-szabolcs","image":{"@type":"ImageObject","inLanguage":"hu","@id":"https:\/\/kinaikaleidoszkop.hu\/#\/schema\/person\/image\/","url":"https:\/\/secure.gravatar.com\/avatar\/154f262492794df2a6cb5d5349227b18ef8f85ab462fbb32625fc42406483d21?s=96&d=mm&r=g","contentUrl":"https:\/\/secure.gravatar.com\/avatar\/154f262492794df2a6cb5d5349227b18ef8f85ab462fbb32625fc42406483d21?s=96&d=mm&r=g","caption":"admin-szabolcs"},"url":"https:\/\/kinaikaleidoszkop.hu\/index.php\/author\/admin-szabolcs\/"}]}},"views":254,"distributor_meta":false,"distributor_terms":false,"distributor_media":false,"distributor_original_site_name":"kinaikaleidoszkop.hu","distributor_original_site_url":"https:\/\/kinaikaleidoszkop.hu","push-errors":false,"_links":{"self":[{"href":"https:\/\/kinaikaleidoszkop.hu\/index.php\/wp-json\/wp\/v2\/posts\/23712","targetHints":{"allow":["GET"]}}],"collection":[{"href":"https:\/\/kinaikaleidoszkop.hu\/index.php\/wp-json\/wp\/v2\/posts"}],"about":[{"href":"https:\/\/kinaikaleidoszkop.hu\/index.php\/wp-json\/wp\/v2\/types\/post"}],"author":[{"embeddable":true,"href":"https:\/\/kinaikaleidoszkop.hu\/index.php\/wp-json\/wp\/v2\/users\/2"}],"replies":[{"embeddable":true,"href":"https:\/\/kinaikaleidoszkop.hu\/index.php\/wp-json\/wp\/v2\/comments?post=23712"}],"version-history":[{"count":1,"href":"https:\/\/kinaikaleidoszkop.hu\/index.php\/wp-json\/wp\/v2\/posts\/23712\/revisions"}],"predecessor-version":[{"id":23715,"href":"https:\/\/kinaikaleidoszkop.hu\/index.php\/wp-json\/wp\/v2\/posts\/23712\/revisions\/23715"}],"wp:featuredmedia":[{"embeddable":true,"href":"https:\/\/kinaikaleidoszkop.hu\/index.php\/wp-json\/wp\/v2\/media\/23714"}],"wp:attachment":[{"href":"https:\/\/kinaikaleidoszkop.hu\/index.php\/wp-json\/wp\/v2\/media?parent=23712"}],"wp:term":[{"taxonomy":"category","embeddable":true,"href":"https:\/\/kinaikaleidoszkop.hu\/index.php\/wp-json\/wp\/v2\/categories?post=23712"},{"taxonomy":"post_tag","embeddable":true,"href":"https:\/\/kinaikaleidoszkop.hu\/index.php\/wp-json\/wp\/v2\/tags?post=23712"}],"curies":[{"name":"wp","href":"https:\/\/api.w.org\/{rel}","templated":true}]}}