{"id":23779,"date":"2024-10-30T10:47:22","date_gmt":"2024-10-30T09:47:22","guid":{"rendered":"https:\/\/kinaikaleidoszkop.hu\/?p=23779"},"modified":"2024-10-30T15:47:34","modified_gmt":"2024-10-30T14:47:34","slug":"peking-nem-fogadja-el-a-kinai-e-jarmuvek-elleni-a-szubvencioellenes-unios-vamot-es-perre-megy","status":"publish","type":"post","link":"https:\/\/kinaikaleidoszkop.hu\/index.php\/2024\/10\/30\/peking-nem-fogadja-el-a-kinai-e-jarmuvek-elleni-a-szubvencioellenes-unios-vamot-es-perre-megy\/","title":{"rendered":"Peking nem fogadja el a k\u00ednai e-j\u00e1rm\u0171vek elleni szubvenci\u00f3ellenes uni\u00f3s v\u00e1mot \u00e9s perre megy"},"content":{"rendered":"\n<p><strong>Az Eur\u00f3pai Bizotts\u00e1g \u00e1ltal kedden nyilv\u00e1noss\u00e1gra hozott, a k\u00ednai elektromos j\u00e1rm\u0171vekre vonatkoz\u00f3 szubvenci\u00f3ellenes vizsg\u00e1lat v\u00e9gleges eredm\u00e9ny\u00e9re reag\u00e1lva a k\u00ednai kereskedelmi sz\u00f3viv\u0151 szerd\u00e1n kifejtette, hogy K\u00edna nem \u00e9rt egyet az EU d\u00f6nt\u00e9s\u00e9vel, nem fogadja el azt \u00e9s pert ind\u00edtott a d\u00f6nt\u00e9s ellen.<\/strong><\/p>\n\n\n<div class=\"wp-block-image\">\n<figure class=\"aligncenter size-full\"><img loading=\"lazy\" decoding=\"async\" width=\"800\" height=\"600\" src=\"https:\/\/kinaikaleidoszkop.hu\/wp-content\/uploads\/2024\/10\/1030Lea2-1.jpg\" alt=\"\" class=\"wp-image-23781\" srcset=\"https:\/\/kinaikaleidoszkop.hu\/wp-content\/uploads\/2024\/10\/1030Lea2-1.jpg 800w, https:\/\/kinaikaleidoszkop.hu\/wp-content\/uploads\/2024\/10\/1030Lea2-1-300x225.jpg 300w, https:\/\/kinaikaleidoszkop.hu\/wp-content\/uploads\/2024\/10\/1030Lea2-1-768x576.jpg 768w, https:\/\/kinaikaleidoszkop.hu\/wp-content\/uploads\/2024\/10\/1030Lea2-1-74x55.jpg 74w, https:\/\/kinaikaleidoszkop.hu\/wp-content\/uploads\/2024\/10\/1030Lea2-1-111x83.jpg 111w, https:\/\/kinaikaleidoszkop.hu\/wp-content\/uploads\/2024\/10\/1030Lea2-1-215x161.jpg 215w\" sizes=\"auto, (max-width: 800px) 100vw, 800px\" \/><\/figure>\n<\/div>\n\n\n<p>A sz\u00f3viv\u0151 elmondta, K\u00edna t\u00f6bbsz\u00f6r is r\u00e1mutatott, hogy az EU-nak a k\u00ednai elektromos j\u00e1rm\u0171vek ellen folytatott szubvenci\u00f3ellenes vizsg\u00e1lata t\u00f6bb szempontb\u00f3l n\u00e9zve \u00e9sszer\u0171tlen \u00e9s nem megfelel\u0151, igaz\u00e1b\u00f3l a \u201etisztess\u00e9ges verseny\u201d nev\u00e9ben folytatott protekcionista gyakorlata a tisztess\u00e9gtelen verseny\u00e9rt, ez\u00e9rt K\u00edna nem \u00e9rt egyet a d\u00f6nt\u00e9ssel \u00e9s nem fogadja el a d\u00f6nt\u00e9s eredm\u00e9ny\u00e9t. K\u00edna tov\u00e1bbra is megteszi a sz\u00fcks\u00e9ges int\u00e9zked\u00e9seket a k\u00ednai v\u00e1llalkoz\u00e1sok \u00e9rdekeinek v\u00e9delm\u00e9re a Kereskedelmi Vil\u00e1gszervezet vitarendez\u00e9si keret\u00e9ben.<\/p>\n\n\n\n<p>A sz\u00f3viv\u0151 hozz\u00e1tette, a k\u00ednai \u00e9s az uni\u00f3s technikai csapatok jelenleg a t\u00e1rgyal\u00e1sok \u00faj szakasz\u00e1ban vannak, Peking rem\u00e9li, hogy az EU konstrukt\u00edv hozz\u00e1\u00e1ll\u00e1ssal, a \u201epragmatizmus \u00e9s kiegyens\u00falyozotts\u00e1g\u201d elv\u00e9vel a lehet\u0151 leghamarabb olyan megold\u00e1st tal\u00e1lnak, amely mindk\u00e9t f\u00e9l sz\u00e1m\u00e1ra elfogadhat\u00f3, hogy elker\u00fclj\u00e9k a kereskedelmi s\u00farl\u00f3d\u00e1sok eszkal\u00e1l\u00f3d\u00e1s\u00e1t.<\/p>\n\n\n\n<p>Okt\u00f3ber 29-\u00e9n az Eur\u00f3pai Bizotts\u00e1g bejelentette a szubvenci\u00f3ellenes vizsg\u00e1latok v\u00e9g\u00e9t, \u00e9s \u00fagy d\u00f6nt\u00f6tt, hogy \u00f6t\u00e9ves, v\u00e9gleges szubvenci\u00f3ellenes v\u00e1mot vet ki a K\u00edn\u00e1b\u00f3l import\u00e1lt elektromos j\u00e1rm\u0171vekre.<\/p>\n\n\n\n<p><strong>Az \u00e9rintett k\u00ednai aut\u00f3gy\u00e1rt\u00f3kra a k\u00f6vetkez\u0151 ad\u00f3kulcsokat vetik ki:<\/strong><\/p>\n\n\n\n<p>\u00b7BYD: 17,0%<\/p>\n\n\n\n<p>\u00b7Geely: 18,8%<\/p>\n\n\n\n<p>\u00b7SAIC: 35,3%<\/p>\n\n\n\n<p>A t\u00f6bbi partnerc\u00e9gre 20,7%-os v\u00e1m vonatkozik. A Tesl\u00e1ra az egy\u00e9ni fel\u00fclvizsg\u00e1lat ir\u00e1nti k\u00e9relmet k\u00f6vet\u0151en 7,8%-os v\u00e1mot vetnek ki. Az \u00f6sszes t\u00f6bbi nem egy\u00fcttm\u0171k\u00f6d\u0151 v\u00e1llalatot 35,3%-os v\u00e1mmal s\u00fajtj\u00e1k.&nbsp;<\/p>\n\n\n\n<p><strong><em>2024. 10. 30.<\/em><\/strong><\/p>\n\n\n\n<p><strong>(China Media Group)<\/strong><\/p>\n\n\n\n<p><strong><em>(x)<\/em><\/strong><\/p>\n","protected":false},"excerpt":{"rendered":"<p>Az Eur\u00f3pai Bizotts\u00e1g \u00e1ltal kedden nyilv\u00e1noss\u00e1gra hozott, a k\u00ednai elektromos j\u00e1rm\u0171vekre vonatkoz\u00f3 szubvenci\u00f3ellenes vizsg\u00e1lat v\u00e9gleges eredm\u00e9ny\u00e9re reag\u00e1lva a k\u00ednai kereskedelmi sz\u00f3viv\u0151 szerd\u00e1n kifejtette, hogy K\u00edna nem \u00e9rt egyet az EU d\u00f6nt\u00e9s\u00e9vel, nem fogadja el azt \u00e9s pert ind\u00edtott a d\u00f6nt\u00e9s ellen. A sz\u00f3viv\u0151 elmondta, K\u00edna t\u00f6bbsz\u00f6r is r\u00e1mutatott, hogy az EU-nak a k\u00ednai elektromos j\u00e1rm\u0171vek [&hellip;]<\/p>\n","protected":false},"author":6,"featured_media":23781,"comment_status":"closed","ping_status":"closed","sticky":false,"template":"","format":"standard","meta":{"footnotes":""},"categories":[45],"tags":[4525,3834,4161,4584,3696,3081,141,4585,75,4583,142],"class_list":["post-23779","post","type-post","status-publish","format-standard","has-post-thumbnail","hentry","category-hirek","tag-buntetovam","tag-byd","tag-elektromos-autok","tag-geely","tag-kina","tag-kinai-elektromos-jarmuvek","tag-peking","tag-saic","tag-tesla","tag-unios-vam","tag-vam"],"yoast_head":"<!-- This site is optimized with the Yoast SEO plugin v23.7 - https:\/\/yoast.com\/wordpress\/plugins\/seo\/ -->\n<title>Peking nem fogadja el a k\u00ednai e-j\u00e1rm\u0171vek elleni szubvenci\u00f3ellenes uni\u00f3s v\u00e1mot \u00e9s perre megy - kinaikaleidoszkop.hu<\/title>\n<meta name=\"robots\" content=\"index, follow, max-snippet:-1, max-image-preview:large, max-video-preview:-1\" \/>\n<link rel=\"canonical\" href=\"https:\/\/kinaikaleidoszkop.hu\/index.php\/2024\/10\/30\/peking-nem-fogadja-el-a-kinai-e-jarmuvek-elleni-a-szubvencioellenes-unios-vamot-es-perre-megy\/\" \/>\n<meta property=\"og:locale\" content=\"hu_HU\" \/>\n<meta property=\"og:type\" content=\"article\" \/>\n<meta property=\"og:title\" content=\"Peking nem fogadja el a k\u00ednai e-j\u00e1rm\u0171vek elleni szubvenci\u00f3ellenes uni\u00f3s v\u00e1mot \u00e9s perre megy - kinaikaleidoszkop.hu\" \/>\n<meta property=\"og:description\" content=\"Az Eur\u00f3pai Bizotts\u00e1g \u00e1ltal kedden nyilv\u00e1noss\u00e1gra hozott, a k\u00ednai elektromos j\u00e1rm\u0171vekre vonatkoz\u00f3 szubvenci\u00f3ellenes vizsg\u00e1lat v\u00e9gleges eredm\u00e9ny\u00e9re reag\u00e1lva a k\u00ednai kereskedelmi sz\u00f3viv\u0151 szerd\u00e1n kifejtette, hogy K\u00edna nem \u00e9rt egyet az EU d\u00f6nt\u00e9s\u00e9vel, nem fogadja el azt \u00e9s pert ind\u00edtott a d\u00f6nt\u00e9s ellen. A sz\u00f3viv\u0151 elmondta, K\u00edna t\u00f6bbsz\u00f6r is r\u00e1mutatott, hogy az EU-nak a k\u00ednai elektromos j\u00e1rm\u0171vek [&hellip;]\" \/>\n<meta property=\"og:url\" content=\"https:\/\/kinaikaleidoszkop.hu\/index.php\/2024\/10\/30\/peking-nem-fogadja-el-a-kinai-e-jarmuvek-elleni-a-szubvencioellenes-unios-vamot-es-perre-megy\/\" \/>\n<meta property=\"og:site_name\" content=\"kinaikaleidoszkop.hu\" \/>\n<meta property=\"article:published_time\" content=\"2024-10-30T09:47:22+00:00\" \/>\n<meta property=\"article:modified_time\" content=\"2024-10-30T14:47:34+00:00\" \/>\n<meta property=\"og:image\" content=\"https:\/\/kinaikaleidoszkop.hu\/wp-content\/uploads\/2024\/10\/1030Lea2-1.jpg\" \/>\n\t<meta property=\"og:image:width\" content=\"800\" \/>\n\t<meta property=\"og:image:height\" content=\"600\" \/>\n\t<meta property=\"og:image:type\" content=\"image\/jpeg\" \/>\n<meta name=\"author\" content=\"admin-sebi\" \/>\n<meta name=\"twitter:card\" content=\"summary_large_image\" \/>\n<meta name=\"twitter:label1\" content=\"Szerz\u0151:\" \/>\n\t<meta name=\"twitter:data1\" content=\"admin-sebi\" \/>\n\t<meta name=\"twitter:label2\" content=\"Becs\u00fclt olvas\u00e1si id\u0151\" \/>\n\t<meta name=\"twitter:data2\" content=\"2 perc\" \/>\n<script type=\"application\/ld+json\" class=\"yoast-schema-graph\">{\"@context\":\"https:\/\/schema.org\",\"@graph\":[{\"@type\":\"WebPage\",\"@id\":\"https:\/\/kinaikaleidoszkop.hu\/index.php\/2024\/10\/30\/peking-nem-fogadja-el-a-kinai-e-jarmuvek-elleni-a-szubvencioellenes-unios-vamot-es-perre-megy\/\",\"url\":\"https:\/\/kinaikaleidoszkop.hu\/index.php\/2024\/10\/30\/peking-nem-fogadja-el-a-kinai-e-jarmuvek-elleni-a-szubvencioellenes-unios-vamot-es-perre-megy\/\",\"name\":\"Peking nem fogadja el a k\u00ednai e-j\u00e1rm\u0171vek elleni szubvenci\u00f3ellenes uni\u00f3s v\u00e1mot \u00e9s perre megy - kinaikaleidoszkop.hu\",\"isPartOf\":{\"@id\":\"https:\/\/kinaikaleidoszkop.hu\/#website\"},\"primaryImageOfPage\":{\"@id\":\"https:\/\/kinaikaleidoszkop.hu\/index.php\/2024\/10\/30\/peking-nem-fogadja-el-a-kinai-e-jarmuvek-elleni-a-szubvencioellenes-unios-vamot-es-perre-megy\/#primaryimage\"},\"image\":{\"@id\":\"https:\/\/kinaikaleidoszkop.hu\/index.php\/2024\/10\/30\/peking-nem-fogadja-el-a-kinai-e-jarmuvek-elleni-a-szubvencioellenes-unios-vamot-es-perre-megy\/#primaryimage\"},\"thumbnailUrl\":\"https:\/\/kinaikaleidoszkop.hu\/wp-content\/uploads\/2024\/10\/1030Lea2-1.jpg\",\"datePublished\":\"2024-10-30T09:47:22+00:00\",\"dateModified\":\"2024-10-30T14:47:34+00:00\",\"author\":{\"@id\":\"https:\/\/kinaikaleidoszkop.hu\/#\/schema\/person\/fd215d3a8bab54daeb796ae166f99ea5\"},\"breadcrumb\":{\"@id\":\"https:\/\/kinaikaleidoszkop.hu\/index.php\/2024\/10\/30\/peking-nem-fogadja-el-a-kinai-e-jarmuvek-elleni-a-szubvencioellenes-unios-vamot-es-perre-megy\/#breadcrumb\"},\"inLanguage\":\"hu\",\"potentialAction\":[{\"@type\":\"ReadAction\",\"target\":[\"https:\/\/kinaikaleidoszkop.hu\/index.php\/2024\/10\/30\/peking-nem-fogadja-el-a-kinai-e-jarmuvek-elleni-a-szubvencioellenes-unios-vamot-es-perre-megy\/\"]}]},{\"@type\":\"ImageObject\",\"inLanguage\":\"hu\",\"@id\":\"https:\/\/kinaikaleidoszkop.hu\/index.php\/2024\/10\/30\/peking-nem-fogadja-el-a-kinai-e-jarmuvek-elleni-a-szubvencioellenes-unios-vamot-es-perre-megy\/#primaryimage\",\"url\":\"https:\/\/kinaikaleidoszkop.hu\/wp-content\/uploads\/2024\/10\/1030Lea2-1.jpg\",\"contentUrl\":\"https:\/\/kinaikaleidoszkop.hu\/wp-content\/uploads\/2024\/10\/1030Lea2-1.jpg\",\"width\":800,\"height\":600},{\"@type\":\"BreadcrumbList\",\"@id\":\"https:\/\/kinaikaleidoszkop.hu\/index.php\/2024\/10\/30\/peking-nem-fogadja-el-a-kinai-e-jarmuvek-elleni-a-szubvencioellenes-unios-vamot-es-perre-megy\/#breadcrumb\",\"itemListElement\":[{\"@type\":\"ListItem\",\"position\":1,\"name\":\"Kezd\u0151lap\",\"item\":\"https:\/\/kinaikaleidoszkop.hu\/\"},{\"@type\":\"ListItem\",\"position\":2,\"name\":\"Peking nem fogadja el a k\u00ednai e-j\u00e1rm\u0171vek elleni szubvenci\u00f3ellenes uni\u00f3s v\u00e1mot \u00e9s perre megy\"}]},{\"@type\":\"WebSite\",\"@id\":\"https:\/\/kinaikaleidoszkop.hu\/#website\",\"url\":\"https:\/\/kinaikaleidoszkop.hu\/\",\"name\":\"kinaikaleidoszkop.hu\",\"description\":\"\",\"potentialAction\":[{\"@type\":\"SearchAction\",\"target\":{\"@type\":\"EntryPoint\",\"urlTemplate\":\"https:\/\/kinaikaleidoszkop.hu\/?s={search_term_string}\"},\"query-input\":{\"@type\":\"PropertyValueSpecification\",\"valueRequired\":true,\"valueName\":\"search_term_string\"}}],\"inLanguage\":\"hu\"},{\"@type\":\"Person\",\"@id\":\"https:\/\/kinaikaleidoszkop.hu\/#\/schema\/person\/fd215d3a8bab54daeb796ae166f99ea5\",\"name\":\"admin-sebi\",\"image\":{\"@type\":\"ImageObject\",\"inLanguage\":\"hu\",\"@id\":\"https:\/\/kinaikaleidoszkop.hu\/#\/schema\/person\/image\/\",\"url\":\"https:\/\/secure.gravatar.com\/avatar\/b1498042bc4969020b4951f204f963e97c3d7d199f3790c1071adf67c61d0aa5?s=96&d=mm&r=g\",\"contentUrl\":\"https:\/\/secure.gravatar.com\/avatar\/b1498042bc4969020b4951f204f963e97c3d7d199f3790c1071adf67c61d0aa5?s=96&d=mm&r=g\",\"caption\":\"admin-sebi\"},\"url\":\"https:\/\/kinaikaleidoszkop.hu\/index.php\/author\/admin-sebi\/\"}]}<\/script>\n<!-- \/ Yoast SEO plugin. -->","yoast_head_json":{"title":"Peking nem fogadja el a k\u00ednai e-j\u00e1rm\u0171vek elleni szubvenci\u00f3ellenes uni\u00f3s v\u00e1mot \u00e9s perre megy - kinaikaleidoszkop.hu","robots":{"index":"index","follow":"follow","max-snippet":"max-snippet:-1","max-image-preview":"max-image-preview:large","max-video-preview":"max-video-preview:-1"},"canonical":"https:\/\/kinaikaleidoszkop.hu\/index.php\/2024\/10\/30\/peking-nem-fogadja-el-a-kinai-e-jarmuvek-elleni-a-szubvencioellenes-unios-vamot-es-perre-megy\/","og_locale":"hu_HU","og_type":"article","og_title":"Peking nem fogadja el a k\u00ednai e-j\u00e1rm\u0171vek elleni szubvenci\u00f3ellenes uni\u00f3s v\u00e1mot \u00e9s perre megy - kinaikaleidoszkop.hu","og_description":"Az Eur\u00f3pai Bizotts\u00e1g \u00e1ltal kedden nyilv\u00e1noss\u00e1gra hozott, a k\u00ednai elektromos j\u00e1rm\u0171vekre vonatkoz\u00f3 szubvenci\u00f3ellenes vizsg\u00e1lat v\u00e9gleges eredm\u00e9ny\u00e9re reag\u00e1lva a k\u00ednai kereskedelmi sz\u00f3viv\u0151 szerd\u00e1n kifejtette, hogy K\u00edna nem \u00e9rt egyet az EU d\u00f6nt\u00e9s\u00e9vel, nem fogadja el azt \u00e9s pert ind\u00edtott a d\u00f6nt\u00e9s ellen. A sz\u00f3viv\u0151 elmondta, K\u00edna t\u00f6bbsz\u00f6r is r\u00e1mutatott, hogy az EU-nak a k\u00ednai elektromos j\u00e1rm\u0171vek [&hellip;]","og_url":"https:\/\/kinaikaleidoszkop.hu\/index.php\/2024\/10\/30\/peking-nem-fogadja-el-a-kinai-e-jarmuvek-elleni-a-szubvencioellenes-unios-vamot-es-perre-megy\/","og_site_name":"kinaikaleidoszkop.hu","article_published_time":"2024-10-30T09:47:22+00:00","article_modified_time":"2024-10-30T14:47:34+00:00","og_image":[{"width":800,"height":600,"url":"https:\/\/kinaikaleidoszkop.hu\/wp-content\/uploads\/2024\/10\/1030Lea2-1.jpg","type":"image\/jpeg"}],"author":"admin-sebi","twitter_card":"summary_large_image","twitter_misc":{"Szerz\u0151:":"admin-sebi","Becs\u00fclt olvas\u00e1si id\u0151":"2 perc"},"schema":{"@context":"https:\/\/schema.org","@graph":[{"@type":"WebPage","@id":"https:\/\/kinaikaleidoszkop.hu\/index.php\/2024\/10\/30\/peking-nem-fogadja-el-a-kinai-e-jarmuvek-elleni-a-szubvencioellenes-unios-vamot-es-perre-megy\/","url":"https:\/\/kinaikaleidoszkop.hu\/index.php\/2024\/10\/30\/peking-nem-fogadja-el-a-kinai-e-jarmuvek-elleni-a-szubvencioellenes-unios-vamot-es-perre-megy\/","name":"Peking nem fogadja el a k\u00ednai e-j\u00e1rm\u0171vek elleni szubvenci\u00f3ellenes uni\u00f3s v\u00e1mot \u00e9s perre megy - kinaikaleidoszkop.hu","isPartOf":{"@id":"https:\/\/kinaikaleidoszkop.hu\/#website"},"primaryImageOfPage":{"@id":"https:\/\/kinaikaleidoszkop.hu\/index.php\/2024\/10\/30\/peking-nem-fogadja-el-a-kinai-e-jarmuvek-elleni-a-szubvencioellenes-unios-vamot-es-perre-megy\/#primaryimage"},"image":{"@id":"https:\/\/kinaikaleidoszkop.hu\/index.php\/2024\/10\/30\/peking-nem-fogadja-el-a-kinai-e-jarmuvek-elleni-a-szubvencioellenes-unios-vamot-es-perre-megy\/#primaryimage"},"thumbnailUrl":"https:\/\/kinaikaleidoszkop.hu\/wp-content\/uploads\/2024\/10\/1030Lea2-1.jpg","datePublished":"2024-10-30T09:47:22+00:00","dateModified":"2024-10-30T14:47:34+00:00","author":{"@id":"https:\/\/kinaikaleidoszkop.hu\/#\/schema\/person\/fd215d3a8bab54daeb796ae166f99ea5"},"breadcrumb":{"@id":"https:\/\/kinaikaleidoszkop.hu\/index.php\/2024\/10\/30\/peking-nem-fogadja-el-a-kinai-e-jarmuvek-elleni-a-szubvencioellenes-unios-vamot-es-perre-megy\/#breadcrumb"},"inLanguage":"hu","potentialAction":[{"@type":"ReadAction","target":["https:\/\/kinaikaleidoszkop.hu\/index.php\/2024\/10\/30\/peking-nem-fogadja-el-a-kinai-e-jarmuvek-elleni-a-szubvencioellenes-unios-vamot-es-perre-megy\/"]}]},{"@type":"ImageObject","inLanguage":"hu","@id":"https:\/\/kinaikaleidoszkop.hu\/index.php\/2024\/10\/30\/peking-nem-fogadja-el-a-kinai-e-jarmuvek-elleni-a-szubvencioellenes-unios-vamot-es-perre-megy\/#primaryimage","url":"https:\/\/kinaikaleidoszkop.hu\/wp-content\/uploads\/2024\/10\/1030Lea2-1.jpg","contentUrl":"https:\/\/kinaikaleidoszkop.hu\/wp-content\/uploads\/2024\/10\/1030Lea2-1.jpg","width":800,"height":600},{"@type":"BreadcrumbList","@id":"https:\/\/kinaikaleidoszkop.hu\/index.php\/2024\/10\/30\/peking-nem-fogadja-el-a-kinai-e-jarmuvek-elleni-a-szubvencioellenes-unios-vamot-es-perre-megy\/#breadcrumb","itemListElement":[{"@type":"ListItem","position":1,"name":"Kezd\u0151lap","item":"https:\/\/kinaikaleidoszkop.hu\/"},{"@type":"ListItem","position":2,"name":"Peking nem fogadja el a k\u00ednai e-j\u00e1rm\u0171vek elleni szubvenci\u00f3ellenes uni\u00f3s v\u00e1mot \u00e9s perre megy"}]},{"@type":"WebSite","@id":"https:\/\/kinaikaleidoszkop.hu\/#website","url":"https:\/\/kinaikaleidoszkop.hu\/","name":"kinaikaleidoszkop.hu","description":"","potentialAction":[{"@type":"SearchAction","target":{"@type":"EntryPoint","urlTemplate":"https:\/\/kinaikaleidoszkop.hu\/?s={search_term_string}"},"query-input":{"@type":"PropertyValueSpecification","valueRequired":true,"valueName":"search_term_string"}}],"inLanguage":"hu"},{"@type":"Person","@id":"https:\/\/kinaikaleidoszkop.hu\/#\/schema\/person\/fd215d3a8bab54daeb796ae166f99ea5","name":"admin-sebi","image":{"@type":"ImageObject","inLanguage":"hu","@id":"https:\/\/kinaikaleidoszkop.hu\/#\/schema\/person\/image\/","url":"https:\/\/secure.gravatar.com\/avatar\/b1498042bc4969020b4951f204f963e97c3d7d199f3790c1071adf67c61d0aa5?s=96&d=mm&r=g","contentUrl":"https:\/\/secure.gravatar.com\/avatar\/b1498042bc4969020b4951f204f963e97c3d7d199f3790c1071adf67c61d0aa5?s=96&d=mm&r=g","caption":"admin-sebi"},"url":"https:\/\/kinaikaleidoszkop.hu\/index.php\/author\/admin-sebi\/"}]}},"views":186,"distributor_meta":false,"distributor_terms":false,"distributor_media":false,"distributor_original_site_name":"kinaikaleidoszkop.hu","distributor_original_site_url":"https:\/\/kinaikaleidoszkop.hu","push-errors":false,"_links":{"self":[{"href":"https:\/\/kinaikaleidoszkop.hu\/index.php\/wp-json\/wp\/v2\/posts\/23779","targetHints":{"allow":["GET"]}}],"collection":[{"href":"https:\/\/kinaikaleidoszkop.hu\/index.php\/wp-json\/wp\/v2\/posts"}],"about":[{"href":"https:\/\/kinaikaleidoszkop.hu\/index.php\/wp-json\/wp\/v2\/types\/post"}],"author":[{"embeddable":true,"href":"https:\/\/kinaikaleidoszkop.hu\/index.php\/wp-json\/wp\/v2\/users\/6"}],"replies":[{"embeddable":true,"href":"https:\/\/kinaikaleidoszkop.hu\/index.php\/wp-json\/wp\/v2\/comments?post=23779"}],"version-history":[{"count":2,"href":"https:\/\/kinaikaleidoszkop.hu\/index.php\/wp-json\/wp\/v2\/posts\/23779\/revisions"}],"predecessor-version":[{"id":23791,"href":"https:\/\/kinaikaleidoszkop.hu\/index.php\/wp-json\/wp\/v2\/posts\/23779\/revisions\/23791"}],"wp:featuredmedia":[{"embeddable":true,"href":"https:\/\/kinaikaleidoszkop.hu\/index.php\/wp-json\/wp\/v2\/media\/23781"}],"wp:attachment":[{"href":"https:\/\/kinaikaleidoszkop.hu\/index.php\/wp-json\/wp\/v2\/media?parent=23779"}],"wp:term":[{"taxonomy":"category","embeddable":true,"href":"https:\/\/kinaikaleidoszkop.hu\/index.php\/wp-json\/wp\/v2\/categories?post=23779"},{"taxonomy":"post_tag","embeddable":true,"href":"https:\/\/kinaikaleidoszkop.hu\/index.php\/wp-json\/wp\/v2\/tags?post=23779"}],"curies":[{"name":"wp","href":"https:\/\/api.w.org\/{rel}","templated":true}]}}