{"id":24315,"date":"2024-12-17T14:30:18","date_gmt":"2024-12-17T13:30:18","guid":{"rendered":"https:\/\/kinaikaleidoszkop.hu\/?p=24315"},"modified":"2024-12-17T14:30:19","modified_gmt":"2024-12-17T13:30:19","slug":"kina-240-orara-hosszabbitja-a-vizummentes-tranzit-idejet","status":"publish","type":"post","link":"https:\/\/kinaikaleidoszkop.hu\/index.php\/2024\/12\/17\/kina-240-orara-hosszabbitja-a-vizummentes-tranzit-idejet\/","title":{"rendered":"K\u00edna 240 \u00f3r\u00e1ra hosszabb\u00edtja a v\u00edzummentes tranzit idej\u00e9t"},"content":{"rendered":"\n<p><strong>K\u00edna december 17-\u00e9n jelent\u0151sen enyh\u00edtette v\u00edzummentes tranzitpolitik\u00e1j\u00e1t, \u00e9s az arra jogosult k\u00fclf\u00f6ldi utaz\u00f3k sz\u00e1m\u00e1ra enged\u00e9lyezett tart\u00f3zkod\u00e1si id\u0151t az eredeti 72 \u00e9s 144 \u00f3r\u00e1r\u00f3l 240 \u00f3r\u00e1ra, azaz 10 napra hosszabb\u00edtotta meg.<\/strong><\/p>\n\n\n\n<p>A friss\u00edtett ir\u00e1nyelv \u00e9rtelm\u00e9ben 54 orsz\u00e1g, k\u00f6zt\u00fck Magyarorsz\u00e1g, Nagy-Britannia \u00e9s az Egyes\u00fclt \u00c1llamok \u00e1llampolg\u00e1rai v\u00edzummentesen l\u00e9phetnek be K\u00edn\u00e1ba akkor, amikor harmadik orsz\u00e1gba vagy r\u00e9gi\u00f3ba utaznak.<\/p>\n\n\n\n<p>Ezek a turist\u00e1k mostant\u00f3l orsz\u00e1gszerte 60 hat\u00e1r\u00e1tkel\u0151helyen l\u00e9phetnek be K\u00edn\u00e1ba, ahol maximum 240 \u00f3r\u00e1n \u00e1t tart\u00f3zkodhatnak \u00e9s utazhatnak 24 meghat\u00e1rozott tartom\u00e1nyi szint\u0171 r\u00e9gi\u00f3ban.<\/p>\n\n\n<div class=\"wp-block-image\">\n<figure class=\"aligncenter size-full\"><img decoding=\"async\" src=\"https:\/\/hirpest.hu\/wp-content\/uploads\/2024\/12\/\u514d\u7b7e.jpg\" alt=\"\" class=\"wp-image-25265\"\/><\/figure>\n<\/div>\n\n\n<p>2024 janu\u00e1rja \u00e9s novembere k\u00f6z\u00f6tt t\u00f6bb mint 29 milli\u00f3 k\u00fclf\u00f6ldi l\u00e1togat\u00e1st regisztr\u00e1ltak K\u00edn\u00e1ban, ez 86,2 sz\u00e1zal\u00e9kos n\u00f6veked\u00e9st jelent az el\u0151z\u0151 \u00e9v azonos id\u0151szak\u00e1hoz k\u00e9pest.<\/p>\n\n\n\n<p><strong><em>(Zhou Huiwen \u2013 China Media Group)<\/em><\/strong><\/p>\n\n\n\n<p><strong>2024. december 17.<\/strong><\/p>\n\n\n\n<p><strong><em>(x)<\/em><\/strong><\/p>\n\n\n\n<p><\/p>\n","protected":false},"excerpt":{"rendered":"<p>K\u00edna december 17-\u00e9n jelent\u0151sen enyh\u00edtette v\u00edzummentes tranzitpolitik\u00e1j\u00e1t, \u00e9s az arra jogosult k\u00fclf\u00f6ldi utaz\u00f3k sz\u00e1m\u00e1ra enged\u00e9lyezett tart\u00f3zkod\u00e1si id\u0151t az eredeti 72 \u00e9s 144 \u00f3r\u00e1r\u00f3l 240 \u00f3r\u00e1ra, azaz 10 napra hosszabb\u00edtotta meg. A friss\u00edtett ir\u00e1nyelv \u00e9rtelm\u00e9ben 54 orsz\u00e1g, k\u00f6zt\u00fck Magyarorsz\u00e1g, Nagy-Britannia \u00e9s az Egyes\u00fclt \u00c1llamok \u00e1llampolg\u00e1rai v\u00edzummentesen l\u00e9phetnek be K\u00edn\u00e1ba akkor, amikor harmadik orsz\u00e1gba vagy r\u00e9gi\u00f3ba utaznak. [&hellip;]<\/p>\n","protected":false},"author":2,"featured_media":24317,"comment_status":"closed","ping_status":"closed","sticky":false,"template":"","format":"standard","meta":{"footnotes":""},"categories":[45,62],"tags":[4719,131,2645,3696,544,419,1005,4720,4721,3677],"class_list":["post-24315","post","type-post","status-publish","format-standard","has-post-thumbnail","hentry","category-hirek","category-informaciok","tag-allampolgar","tag-egyesult-allamok","tag-iranyelv","tag-kina","tag-latogatas","tag-magyarorszag","tag-nagy-britannia","tag-tartozkodas","tag-vizummentes-tranzitpolitika","tag-vizummentesseg"],"yoast_head":"<!-- This site is optimized with the Yoast SEO plugin v23.7 - https:\/\/yoast.com\/wordpress\/plugins\/seo\/ -->\n<title>K\u00edna 240 \u00f3r\u00e1ra hosszabb\u00edtja a v\u00edzummentes tranzit idej\u00e9t - kinaikaleidoszkop.hu<\/title>\n<meta name=\"robots\" content=\"index, follow, max-snippet:-1, max-image-preview:large, max-video-preview:-1\" \/>\n<link rel=\"canonical\" href=\"https:\/\/kinaikaleidoszkop.hu\/index.php\/2024\/12\/17\/kina-240-orara-hosszabbitja-a-vizummentes-tranzit-idejet\/\" \/>\n<meta property=\"og:locale\" content=\"hu_HU\" \/>\n<meta property=\"og:type\" content=\"article\" \/>\n<meta property=\"og:title\" content=\"K\u00edna 240 \u00f3r\u00e1ra hosszabb\u00edtja a v\u00edzummentes tranzit idej\u00e9t - kinaikaleidoszkop.hu\" \/>\n<meta property=\"og:description\" content=\"K\u00edna december 17-\u00e9n jelent\u0151sen enyh\u00edtette v\u00edzummentes tranzitpolitik\u00e1j\u00e1t, \u00e9s az arra jogosult k\u00fclf\u00f6ldi utaz\u00f3k sz\u00e1m\u00e1ra enged\u00e9lyezett tart\u00f3zkod\u00e1si id\u0151t az eredeti 72 \u00e9s 144 \u00f3r\u00e1r\u00f3l 240 \u00f3r\u00e1ra, azaz 10 napra hosszabb\u00edtotta meg. A friss\u00edtett ir\u00e1nyelv \u00e9rtelm\u00e9ben 54 orsz\u00e1g, k\u00f6zt\u00fck Magyarorsz\u00e1g, Nagy-Britannia \u00e9s az Egyes\u00fclt \u00c1llamok \u00e1llampolg\u00e1rai v\u00edzummentesen l\u00e9phetnek be K\u00edn\u00e1ba akkor, amikor harmadik orsz\u00e1gba vagy r\u00e9gi\u00f3ba utaznak. [&hellip;]\" \/>\n<meta property=\"og:url\" content=\"https:\/\/kinaikaleidoszkop.hu\/index.php\/2024\/12\/17\/kina-240-orara-hosszabbitja-a-vizummentes-tranzit-idejet\/\" \/>\n<meta property=\"og:site_name\" content=\"kinaikaleidoszkop.hu\" \/>\n<meta property=\"article:published_time\" content=\"2024-12-17T13:30:18+00:00\" \/>\n<meta property=\"article:modified_time\" content=\"2024-12-17T13:30:19+00:00\" \/>\n<meta property=\"og:image\" content=\"https:\/\/kinaikaleidoszkop.hu\/wp-content\/uploads\/2024\/12\/\u514d\u7b7e.jpg\" \/>\n\t<meta property=\"og:image:width\" content=\"600\" \/>\n\t<meta property=\"og:image:height\" content=\"495\" \/>\n\t<meta property=\"og:image:type\" content=\"image\/jpeg\" \/>\n<meta name=\"author\" content=\"admin-szabolcs\" \/>\n<meta name=\"twitter:card\" content=\"summary_large_image\" \/>\n<meta name=\"twitter:label1\" content=\"Szerz\u0151:\" \/>\n\t<meta name=\"twitter:data1\" content=\"admin-szabolcs\" \/>\n\t<meta name=\"twitter:label2\" content=\"Becs\u00fclt olvas\u00e1si id\u0151\" \/>\n\t<meta name=\"twitter:data2\" content=\"2 perc\" \/>\n<script type=\"application\/ld+json\" class=\"yoast-schema-graph\">{\"@context\":\"https:\/\/schema.org\",\"@graph\":[{\"@type\":\"WebPage\",\"@id\":\"https:\/\/kinaikaleidoszkop.hu\/index.php\/2024\/12\/17\/kina-240-orara-hosszabbitja-a-vizummentes-tranzit-idejet\/\",\"url\":\"https:\/\/kinaikaleidoszkop.hu\/index.php\/2024\/12\/17\/kina-240-orara-hosszabbitja-a-vizummentes-tranzit-idejet\/\",\"name\":\"K\u00edna 240 \u00f3r\u00e1ra hosszabb\u00edtja a v\u00edzummentes tranzit idej\u00e9t - kinaikaleidoszkop.hu\",\"isPartOf\":{\"@id\":\"https:\/\/kinaikaleidoszkop.hu\/#website\"},\"primaryImageOfPage\":{\"@id\":\"https:\/\/kinaikaleidoszkop.hu\/index.php\/2024\/12\/17\/kina-240-orara-hosszabbitja-a-vizummentes-tranzit-idejet\/#primaryimage\"},\"image\":{\"@id\":\"https:\/\/kinaikaleidoszkop.hu\/index.php\/2024\/12\/17\/kina-240-orara-hosszabbitja-a-vizummentes-tranzit-idejet\/#primaryimage\"},\"thumbnailUrl\":\"https:\/\/kinaikaleidoszkop.hu\/wp-content\/uploads\/2024\/12\/\u514d\u7b7e.jpg\",\"datePublished\":\"2024-12-17T13:30:18+00:00\",\"dateModified\":\"2024-12-17T13:30:19+00:00\",\"author\":{\"@id\":\"https:\/\/kinaikaleidoszkop.hu\/#\/schema\/person\/b9e2febe742edd540c1197716ec02bf7\"},\"breadcrumb\":{\"@id\":\"https:\/\/kinaikaleidoszkop.hu\/index.php\/2024\/12\/17\/kina-240-orara-hosszabbitja-a-vizummentes-tranzit-idejet\/#breadcrumb\"},\"inLanguage\":\"hu\",\"potentialAction\":[{\"@type\":\"ReadAction\",\"target\":[\"https:\/\/kinaikaleidoszkop.hu\/index.php\/2024\/12\/17\/kina-240-orara-hosszabbitja-a-vizummentes-tranzit-idejet\/\"]}]},{\"@type\":\"ImageObject\",\"inLanguage\":\"hu\",\"@id\":\"https:\/\/kinaikaleidoszkop.hu\/index.php\/2024\/12\/17\/kina-240-orara-hosszabbitja-a-vizummentes-tranzit-idejet\/#primaryimage\",\"url\":\"https:\/\/kinaikaleidoszkop.hu\/wp-content\/uploads\/2024\/12\/\u514d\u7b7e.jpg\",\"contentUrl\":\"https:\/\/kinaikaleidoszkop.hu\/wp-content\/uploads\/2024\/12\/\u514d\u7b7e.jpg\",\"width\":600,\"height\":495},{\"@type\":\"BreadcrumbList\",\"@id\":\"https:\/\/kinaikaleidoszkop.hu\/index.php\/2024\/12\/17\/kina-240-orara-hosszabbitja-a-vizummentes-tranzit-idejet\/#breadcrumb\",\"itemListElement\":[{\"@type\":\"ListItem\",\"position\":1,\"name\":\"Kezd\u0151lap\",\"item\":\"https:\/\/kinaikaleidoszkop.hu\/\"},{\"@type\":\"ListItem\",\"position\":2,\"name\":\"K\u00edna 240 \u00f3r\u00e1ra hosszabb\u00edtja a v\u00edzummentes tranzit idej\u00e9t\"}]},{\"@type\":\"WebSite\",\"@id\":\"https:\/\/kinaikaleidoszkop.hu\/#website\",\"url\":\"https:\/\/kinaikaleidoszkop.hu\/\",\"name\":\"kinaikaleidoszkop.hu\",\"description\":\"\",\"potentialAction\":[{\"@type\":\"SearchAction\",\"target\":{\"@type\":\"EntryPoint\",\"urlTemplate\":\"https:\/\/kinaikaleidoszkop.hu\/?s={search_term_string}\"},\"query-input\":{\"@type\":\"PropertyValueSpecification\",\"valueRequired\":true,\"valueName\":\"search_term_string\"}}],\"inLanguage\":\"hu\"},{\"@type\":\"Person\",\"@id\":\"https:\/\/kinaikaleidoszkop.hu\/#\/schema\/person\/b9e2febe742edd540c1197716ec02bf7\",\"name\":\"admin-szabolcs\",\"image\":{\"@type\":\"ImageObject\",\"inLanguage\":\"hu\",\"@id\":\"https:\/\/kinaikaleidoszkop.hu\/#\/schema\/person\/image\/\",\"url\":\"https:\/\/secure.gravatar.com\/avatar\/154f262492794df2a6cb5d5349227b18ef8f85ab462fbb32625fc42406483d21?s=96&d=mm&r=g\",\"contentUrl\":\"https:\/\/secure.gravatar.com\/avatar\/154f262492794df2a6cb5d5349227b18ef8f85ab462fbb32625fc42406483d21?s=96&d=mm&r=g\",\"caption\":\"admin-szabolcs\"},\"url\":\"https:\/\/kinaikaleidoszkop.hu\/index.php\/author\/admin-szabolcs\/\"}]}<\/script>\n<!-- \/ Yoast SEO plugin. -->","yoast_head_json":{"title":"K\u00edna 240 \u00f3r\u00e1ra hosszabb\u00edtja a v\u00edzummentes tranzit idej\u00e9t - kinaikaleidoszkop.hu","robots":{"index":"index","follow":"follow","max-snippet":"max-snippet:-1","max-image-preview":"max-image-preview:large","max-video-preview":"max-video-preview:-1"},"canonical":"https:\/\/kinaikaleidoszkop.hu\/index.php\/2024\/12\/17\/kina-240-orara-hosszabbitja-a-vizummentes-tranzit-idejet\/","og_locale":"hu_HU","og_type":"article","og_title":"K\u00edna 240 \u00f3r\u00e1ra hosszabb\u00edtja a v\u00edzummentes tranzit idej\u00e9t - kinaikaleidoszkop.hu","og_description":"K\u00edna december 17-\u00e9n jelent\u0151sen enyh\u00edtette v\u00edzummentes tranzitpolitik\u00e1j\u00e1t, \u00e9s az arra jogosult k\u00fclf\u00f6ldi utaz\u00f3k sz\u00e1m\u00e1ra enged\u00e9lyezett tart\u00f3zkod\u00e1si id\u0151t az eredeti 72 \u00e9s 144 \u00f3r\u00e1r\u00f3l 240 \u00f3r\u00e1ra, azaz 10 napra hosszabb\u00edtotta meg. A friss\u00edtett ir\u00e1nyelv \u00e9rtelm\u00e9ben 54 orsz\u00e1g, k\u00f6zt\u00fck Magyarorsz\u00e1g, Nagy-Britannia \u00e9s az Egyes\u00fclt \u00c1llamok \u00e1llampolg\u00e1rai v\u00edzummentesen l\u00e9phetnek be K\u00edn\u00e1ba akkor, amikor harmadik orsz\u00e1gba vagy r\u00e9gi\u00f3ba utaznak. [&hellip;]","og_url":"https:\/\/kinaikaleidoszkop.hu\/index.php\/2024\/12\/17\/kina-240-orara-hosszabbitja-a-vizummentes-tranzit-idejet\/","og_site_name":"kinaikaleidoszkop.hu","article_published_time":"2024-12-17T13:30:18+00:00","article_modified_time":"2024-12-17T13:30:19+00:00","og_image":[{"width":600,"height":495,"url":"https:\/\/kinaikaleidoszkop.hu\/wp-content\/uploads\/2024\/12\/\u514d\u7b7e.jpg","type":"image\/jpeg"}],"author":"admin-szabolcs","twitter_card":"summary_large_image","twitter_misc":{"Szerz\u0151:":"admin-szabolcs","Becs\u00fclt olvas\u00e1si id\u0151":"2 perc"},"schema":{"@context":"https:\/\/schema.org","@graph":[{"@type":"WebPage","@id":"https:\/\/kinaikaleidoszkop.hu\/index.php\/2024\/12\/17\/kina-240-orara-hosszabbitja-a-vizummentes-tranzit-idejet\/","url":"https:\/\/kinaikaleidoszkop.hu\/index.php\/2024\/12\/17\/kina-240-orara-hosszabbitja-a-vizummentes-tranzit-idejet\/","name":"K\u00edna 240 \u00f3r\u00e1ra hosszabb\u00edtja a v\u00edzummentes tranzit idej\u00e9t - kinaikaleidoszkop.hu","isPartOf":{"@id":"https:\/\/kinaikaleidoszkop.hu\/#website"},"primaryImageOfPage":{"@id":"https:\/\/kinaikaleidoszkop.hu\/index.php\/2024\/12\/17\/kina-240-orara-hosszabbitja-a-vizummentes-tranzit-idejet\/#primaryimage"},"image":{"@id":"https:\/\/kinaikaleidoszkop.hu\/index.php\/2024\/12\/17\/kina-240-orara-hosszabbitja-a-vizummentes-tranzit-idejet\/#primaryimage"},"thumbnailUrl":"https:\/\/kinaikaleidoszkop.hu\/wp-content\/uploads\/2024\/12\/\u514d\u7b7e.jpg","datePublished":"2024-12-17T13:30:18+00:00","dateModified":"2024-12-17T13:30:19+00:00","author":{"@id":"https:\/\/kinaikaleidoszkop.hu\/#\/schema\/person\/b9e2febe742edd540c1197716ec02bf7"},"breadcrumb":{"@id":"https:\/\/kinaikaleidoszkop.hu\/index.php\/2024\/12\/17\/kina-240-orara-hosszabbitja-a-vizummentes-tranzit-idejet\/#breadcrumb"},"inLanguage":"hu","potentialAction":[{"@type":"ReadAction","target":["https:\/\/kinaikaleidoszkop.hu\/index.php\/2024\/12\/17\/kina-240-orara-hosszabbitja-a-vizummentes-tranzit-idejet\/"]}]},{"@type":"ImageObject","inLanguage":"hu","@id":"https:\/\/kinaikaleidoszkop.hu\/index.php\/2024\/12\/17\/kina-240-orara-hosszabbitja-a-vizummentes-tranzit-idejet\/#primaryimage","url":"https:\/\/kinaikaleidoszkop.hu\/wp-content\/uploads\/2024\/12\/\u514d\u7b7e.jpg","contentUrl":"https:\/\/kinaikaleidoszkop.hu\/wp-content\/uploads\/2024\/12\/\u514d\u7b7e.jpg","width":600,"height":495},{"@type":"BreadcrumbList","@id":"https:\/\/kinaikaleidoszkop.hu\/index.php\/2024\/12\/17\/kina-240-orara-hosszabbitja-a-vizummentes-tranzit-idejet\/#breadcrumb","itemListElement":[{"@type":"ListItem","position":1,"name":"Kezd\u0151lap","item":"https:\/\/kinaikaleidoszkop.hu\/"},{"@type":"ListItem","position":2,"name":"K\u00edna 240 \u00f3r\u00e1ra hosszabb\u00edtja a v\u00edzummentes tranzit idej\u00e9t"}]},{"@type":"WebSite","@id":"https:\/\/kinaikaleidoszkop.hu\/#website","url":"https:\/\/kinaikaleidoszkop.hu\/","name":"kinaikaleidoszkop.hu","description":"","potentialAction":[{"@type":"SearchAction","target":{"@type":"EntryPoint","urlTemplate":"https:\/\/kinaikaleidoszkop.hu\/?s={search_term_string}"},"query-input":{"@type":"PropertyValueSpecification","valueRequired":true,"valueName":"search_term_string"}}],"inLanguage":"hu"},{"@type":"Person","@id":"https:\/\/kinaikaleidoszkop.hu\/#\/schema\/person\/b9e2febe742edd540c1197716ec02bf7","name":"admin-szabolcs","image":{"@type":"ImageObject","inLanguage":"hu","@id":"https:\/\/kinaikaleidoszkop.hu\/#\/schema\/person\/image\/","url":"https:\/\/secure.gravatar.com\/avatar\/154f262492794df2a6cb5d5349227b18ef8f85ab462fbb32625fc42406483d21?s=96&d=mm&r=g","contentUrl":"https:\/\/secure.gravatar.com\/avatar\/154f262492794df2a6cb5d5349227b18ef8f85ab462fbb32625fc42406483d21?s=96&d=mm&r=g","caption":"admin-szabolcs"},"url":"https:\/\/kinaikaleidoszkop.hu\/index.php\/author\/admin-szabolcs\/"}]}},"views":361,"distributor_meta":false,"distributor_terms":false,"distributor_media":false,"distributor_original_site_name":"kinaikaleidoszkop.hu","distributor_original_site_url":"https:\/\/kinaikaleidoszkop.hu","push-errors":false,"_links":{"self":[{"href":"https:\/\/kinaikaleidoszkop.hu\/index.php\/wp-json\/wp\/v2\/posts\/24315","targetHints":{"allow":["GET"]}}],"collection":[{"href":"https:\/\/kinaikaleidoszkop.hu\/index.php\/wp-json\/wp\/v2\/posts"}],"about":[{"href":"https:\/\/kinaikaleidoszkop.hu\/index.php\/wp-json\/wp\/v2\/types\/post"}],"author":[{"embeddable":true,"href":"https:\/\/kinaikaleidoszkop.hu\/index.php\/wp-json\/wp\/v2\/users\/2"}],"replies":[{"embeddable":true,"href":"https:\/\/kinaikaleidoszkop.hu\/index.php\/wp-json\/wp\/v2\/comments?post=24315"}],"version-history":[{"count":1,"href":"https:\/\/kinaikaleidoszkop.hu\/index.php\/wp-json\/wp\/v2\/posts\/24315\/revisions"}],"predecessor-version":[{"id":24318,"href":"https:\/\/kinaikaleidoszkop.hu\/index.php\/wp-json\/wp\/v2\/posts\/24315\/revisions\/24318"}],"wp:featuredmedia":[{"embeddable":true,"href":"https:\/\/kinaikaleidoszkop.hu\/index.php\/wp-json\/wp\/v2\/media\/24317"}],"wp:attachment":[{"href":"https:\/\/kinaikaleidoszkop.hu\/index.php\/wp-json\/wp\/v2\/media?parent=24315"}],"wp:term":[{"taxonomy":"category","embeddable":true,"href":"https:\/\/kinaikaleidoszkop.hu\/index.php\/wp-json\/wp\/v2\/categories?post=24315"},{"taxonomy":"post_tag","embeddable":true,"href":"https:\/\/kinaikaleidoszkop.hu\/index.php\/wp-json\/wp\/v2\/tags?post=24315"}],"curies":[{"name":"wp","href":"https:\/\/api.w.org\/{rel}","templated":true}]}}