{"id":24360,"date":"2024-12-22T14:34:59","date_gmt":"2024-12-22T13:34:59","guid":{"rendered":"https:\/\/kinaikaleidoszkop.hu\/?p=24360"},"modified":"2024-12-23T10:06:07","modified_gmt":"2024-12-23T09:06:07","slug":"a-cmg-bemutatta-a-2025-os-tavaszunnepi-gala-elozeteset","status":"publish","type":"post","link":"https:\/\/kinaikaleidoszkop.hu\/index.php\/2024\/12\/22\/a-cmg-bemutatta-a-2025-os-tavaszunnepi-gala-elozeteset\/","title":{"rendered":"A CMG bemutatta a 2025-\u00f6s tavasz\u00fcnnepi g\u00e1la el\u0151zetes\u00e9t"},"content":{"rendered":"\n<figure class=\"wp-block-embed is-type-video is-provider-youtube wp-block-embed-youtube wp-embed-aspect-16-9 wp-has-aspect-ratio\"><div class=\"wp-block-embed__wrapper\">\n<iframe loading=\"lazy\" title=\"A CMG bemutatta a 2025-\u00f6s tavasz\u00fcnnepi g\u00e1la el\u0151zetes\u00e9t\" width=\"1320\" height=\"743\" src=\"https:\/\/www.youtube.com\/embed\/mzbcIuuAoso?feature=oembed\" frameborder=\"0\" allow=\"accelerometer; autoplay; clipboard-write; encrypted-media; gyroscope; picture-in-picture; web-share\" referrerpolicy=\"strict-origin-when-cross-origin\" allowfullscreen><\/iframe>\n<\/div><\/figure>\n\n\n\n<p><strong>A CMG tavasz\u00fcnnepi g\u00e1lam\u0171sor\u00e1t \u00e9vente a hold\u00faj\u00e9v bek\u00f6sz\u00f6nt\u00e9vel mutatj\u00e1k be \u00e9s az \u00f3\u00e9v utols\u00f3 jelent\u0151s m\u00e9dia esem\u00e9nye. Ez a vil\u00e1g legn\u00e9zettebb telev\u00edzi\u00f3s variet\u00e9m\u0171sora, amelyet a Guinness rekordok k\u00f6z\u00f6tt is nyilv\u00e1n tartanak.<\/strong><\/p>\n\n\n\n<p>A tavasz\u00fcnnep K\u00edna leg\u0151sibb \u00e9s a legfontosabb fesztiv\u00e1lja, amely jelent\u0151s pillanat az \u00faj \u00e9v k\u00f6sz\u00f6nt\u00e9se mellett a csal\u00e1d \u00fajraegyes\u00edt\u00e9se szempontj\u00e1b\u00f3l is.&nbsp;<\/p>\n\n\n\n<p>Nemr\u00e9g az ENSZ Nevel\u00e9s\u00fcgyi, Tudom\u00e1nyos \u00e9s Kultur\u00e1lis Szervezete (UNESCO) felvette a tavasz\u00fcnnepet az emberis\u00e9g szellemi kultur\u00e1lis \u00f6r\u00f6ks\u00e9geinek list\u00e1j\u00e1ra.<\/p>\n\n\n\n<p>A tavasz\u00fcnnep nem csak K\u00edna \u00fcnnepe, hanem az eg\u00e9sz vil\u00e1g\u00e9. A CMG 2025. janu\u00e1r 28-\u00e1n k\u00f6zvet\u00edtett tavasz\u00fcnnepi g\u00e1l\u00e1j\u00e1val boldog k\u00edgy\u00f3 \u00e9vet k\u00edv\u00e1nunk!<\/p>\n\n\n\n<p><strong><em>(Wang Yuzhe \u2013 China Media Group)<\/em><\/strong><\/p>\n\n\n\n<p><strong>2024. december 22.<\/strong><\/p>\n\n\n\n<p><strong><em>(x)<\/em><\/strong><\/p>\n","protected":false},"excerpt":{"rendered":"<p>A CMG tavasz\u00fcnnepi g\u00e1lam\u0171sor\u00e1t \u00e9vente a hold\u00faj\u00e9v bek\u00f6sz\u00f6nt\u00e9vel mutatj\u00e1k be \u00e9s az \u00f3\u00e9v utols\u00f3 jelent\u0151s m\u00e9dia esem\u00e9nye. Ez a vil\u00e1g legn\u00e9zettebb telev\u00edzi\u00f3s variet\u00e9m\u0171sora, amelyet a Guinness rekordok k\u00f6z\u00f6tt is nyilv\u00e1n tartanak. A tavasz\u00fcnnep K\u00edna leg\u0151sibb \u00e9s a legfontosabb fesztiv\u00e1lja, amely jelent\u0151s pillanat az \u00faj \u00e9v k\u00f6sz\u00f6nt\u00e9se mellett a csal\u00e1d \u00fajraegyes\u00edt\u00e9se szempontj\u00e1b\u00f3l is.&nbsp; Nemr\u00e9g az ENSZ [&hellip;]<\/p>\n","protected":false},"author":7,"featured_media":24362,"comment_status":"closed","ping_status":"closed","sticky":false,"template":"","format":"standard","meta":{"footnotes":""},"categories":[45,91],"tags":[363,4734,2025,4663,3696,259],"class_list":["post-24360","post","type-post","status-publish","format-standard","has-post-thumbnail","hentry","category-hirek","category-kepek-videok","tag-cmg","tag-elozetes","tag-esemeny","tag-gala","tag-kina","tag-tavaszunnep"],"yoast_head":"<!-- This site is optimized with the Yoast SEO plugin v23.7 - https:\/\/yoast.com\/wordpress\/plugins\/seo\/ -->\n<title>A CMG bemutatta a 2025-\u00f6s tavasz\u00fcnnepi g\u00e1la el\u0151zetes\u00e9t - kinaikaleidoszkop.hu<\/title>\n<meta name=\"robots\" content=\"index, follow, max-snippet:-1, max-image-preview:large, max-video-preview:-1\" \/>\n<link rel=\"canonical\" href=\"https:\/\/kinaikaleidoszkop.hu\/index.php\/2024\/12\/22\/a-cmg-bemutatta-a-2025-os-tavaszunnepi-gala-elozeteset\/\" \/>\n<meta property=\"og:locale\" content=\"hu_HU\" \/>\n<meta property=\"og:type\" content=\"article\" \/>\n<meta property=\"og:title\" content=\"A CMG bemutatta a 2025-\u00f6s tavasz\u00fcnnepi g\u00e1la el\u0151zetes\u00e9t - kinaikaleidoszkop.hu\" \/>\n<meta property=\"og:description\" content=\"A CMG tavasz\u00fcnnepi g\u00e1lam\u0171sor\u00e1t \u00e9vente a hold\u00faj\u00e9v bek\u00f6sz\u00f6nt\u00e9vel mutatj\u00e1k be \u00e9s az \u00f3\u00e9v utols\u00f3 jelent\u0151s m\u00e9dia esem\u00e9nye. Ez a vil\u00e1g legn\u00e9zettebb telev\u00edzi\u00f3s variet\u00e9m\u0171sora, amelyet a Guinness rekordok k\u00f6z\u00f6tt is nyilv\u00e1n tartanak. A tavasz\u00fcnnep K\u00edna leg\u0151sibb \u00e9s a legfontosabb fesztiv\u00e1lja, amely jelent\u0151s pillanat az \u00faj \u00e9v k\u00f6sz\u00f6nt\u00e9se mellett a csal\u00e1d \u00fajraegyes\u00edt\u00e9se szempontj\u00e1b\u00f3l is.&nbsp; Nemr\u00e9g az ENSZ [&hellip;]\" \/>\n<meta property=\"og:url\" content=\"https:\/\/kinaikaleidoszkop.hu\/index.php\/2024\/12\/22\/a-cmg-bemutatta-a-2025-os-tavaszunnepi-gala-elozeteset\/\" \/>\n<meta property=\"og:site_name\" content=\"kinaikaleidoszkop.hu\" \/>\n<meta property=\"article:published_time\" content=\"2024-12-22T13:34:59+00:00\" \/>\n<meta property=\"article:modified_time\" content=\"2024-12-23T09:06:07+00:00\" \/>\n<meta property=\"og:image\" content=\"https:\/\/kinaikaleidoszkop.hu\/wp-content\/uploads\/2024\/12\/askdasd.jpg\" \/>\n\t<meta property=\"og:image:width\" content=\"1650\" \/>\n\t<meta property=\"og:image:height\" content=\"912\" \/>\n\t<meta property=\"og:image:type\" content=\"image\/jpeg\" \/>\n<meta name=\"author\" content=\"Szerk_Erik\" \/>\n<meta name=\"twitter:card\" content=\"summary_large_image\" \/>\n<meta name=\"twitter:label1\" content=\"Szerz\u0151:\" \/>\n\t<meta name=\"twitter:data1\" content=\"Szerk_Erik\" \/>\n\t<meta name=\"twitter:label2\" content=\"Becs\u00fclt olvas\u00e1si id\u0151\" \/>\n\t<meta name=\"twitter:data2\" content=\"1 perc\" \/>\n<script type=\"application\/ld+json\" class=\"yoast-schema-graph\">{\"@context\":\"https:\/\/schema.org\",\"@graph\":[{\"@type\":\"WebPage\",\"@id\":\"https:\/\/kinaikaleidoszkop.hu\/index.php\/2024\/12\/22\/a-cmg-bemutatta-a-2025-os-tavaszunnepi-gala-elozeteset\/\",\"url\":\"https:\/\/kinaikaleidoszkop.hu\/index.php\/2024\/12\/22\/a-cmg-bemutatta-a-2025-os-tavaszunnepi-gala-elozeteset\/\",\"name\":\"A CMG bemutatta a 2025-\u00f6s tavasz\u00fcnnepi g\u00e1la el\u0151zetes\u00e9t - kinaikaleidoszkop.hu\",\"isPartOf\":{\"@id\":\"https:\/\/kinaikaleidoszkop.hu\/#website\"},\"primaryImageOfPage\":{\"@id\":\"https:\/\/kinaikaleidoszkop.hu\/index.php\/2024\/12\/22\/a-cmg-bemutatta-a-2025-os-tavaszunnepi-gala-elozeteset\/#primaryimage\"},\"image\":{\"@id\":\"https:\/\/kinaikaleidoszkop.hu\/index.php\/2024\/12\/22\/a-cmg-bemutatta-a-2025-os-tavaszunnepi-gala-elozeteset\/#primaryimage\"},\"thumbnailUrl\":\"https:\/\/kinaikaleidoszkop.hu\/wp-content\/uploads\/2024\/12\/askdasd.jpg\",\"datePublished\":\"2024-12-22T13:34:59+00:00\",\"dateModified\":\"2024-12-23T09:06:07+00:00\",\"author\":{\"@id\":\"https:\/\/kinaikaleidoszkop.hu\/#\/schema\/person\/4d69b71e7e70322713b9d9287b610556\"},\"breadcrumb\":{\"@id\":\"https:\/\/kinaikaleidoszkop.hu\/index.php\/2024\/12\/22\/a-cmg-bemutatta-a-2025-os-tavaszunnepi-gala-elozeteset\/#breadcrumb\"},\"inLanguage\":\"hu\",\"potentialAction\":[{\"@type\":\"ReadAction\",\"target\":[\"https:\/\/kinaikaleidoszkop.hu\/index.php\/2024\/12\/22\/a-cmg-bemutatta-a-2025-os-tavaszunnepi-gala-elozeteset\/\"]}]},{\"@type\":\"ImageObject\",\"inLanguage\":\"hu\",\"@id\":\"https:\/\/kinaikaleidoszkop.hu\/index.php\/2024\/12\/22\/a-cmg-bemutatta-a-2025-os-tavaszunnepi-gala-elozeteset\/#primaryimage\",\"url\":\"https:\/\/kinaikaleidoszkop.hu\/wp-content\/uploads\/2024\/12\/askdasd.jpg\",\"contentUrl\":\"https:\/\/kinaikaleidoszkop.hu\/wp-content\/uploads\/2024\/12\/askdasd.jpg\",\"width\":1650,\"height\":912},{\"@type\":\"BreadcrumbList\",\"@id\":\"https:\/\/kinaikaleidoszkop.hu\/index.php\/2024\/12\/22\/a-cmg-bemutatta-a-2025-os-tavaszunnepi-gala-elozeteset\/#breadcrumb\",\"itemListElement\":[{\"@type\":\"ListItem\",\"position\":1,\"name\":\"Kezd\u0151lap\",\"item\":\"https:\/\/kinaikaleidoszkop.hu\/\"},{\"@type\":\"ListItem\",\"position\":2,\"name\":\"A CMG bemutatta a 2025-\u00f6s tavasz\u00fcnnepi g\u00e1la el\u0151zetes\u00e9t\"}]},{\"@type\":\"WebSite\",\"@id\":\"https:\/\/kinaikaleidoszkop.hu\/#website\",\"url\":\"https:\/\/kinaikaleidoszkop.hu\/\",\"name\":\"kinaikaleidoszkop.hu\",\"description\":\"\",\"potentialAction\":[{\"@type\":\"SearchAction\",\"target\":{\"@type\":\"EntryPoint\",\"urlTemplate\":\"https:\/\/kinaikaleidoszkop.hu\/?s={search_term_string}\"},\"query-input\":{\"@type\":\"PropertyValueSpecification\",\"valueRequired\":true,\"valueName\":\"search_term_string\"}}],\"inLanguage\":\"hu\"},{\"@type\":\"Person\",\"@id\":\"https:\/\/kinaikaleidoszkop.hu\/#\/schema\/person\/4d69b71e7e70322713b9d9287b610556\",\"name\":\"Szerk_Erik\",\"image\":{\"@type\":\"ImageObject\",\"inLanguage\":\"hu\",\"@id\":\"https:\/\/kinaikaleidoszkop.hu\/#\/schema\/person\/image\/\",\"url\":\"https:\/\/secure.gravatar.com\/avatar\/3c1e909a14c0c91d2eaef877aaacb584c667f8e7137de69653aa9561fd0e8062?s=96&d=mm&r=g\",\"contentUrl\":\"https:\/\/secure.gravatar.com\/avatar\/3c1e909a14c0c91d2eaef877aaacb584c667f8e7137de69653aa9561fd0e8062?s=96&d=mm&r=g\",\"caption\":\"Szerk_Erik\"},\"url\":\"https:\/\/kinaikaleidoszkop.hu\/index.php\/author\/szerk_erik\/\"}]}<\/script>\n<!-- \/ Yoast SEO plugin. -->","yoast_head_json":{"title":"A CMG bemutatta a 2025-\u00f6s tavasz\u00fcnnepi g\u00e1la el\u0151zetes\u00e9t - kinaikaleidoszkop.hu","robots":{"index":"index","follow":"follow","max-snippet":"max-snippet:-1","max-image-preview":"max-image-preview:large","max-video-preview":"max-video-preview:-1"},"canonical":"https:\/\/kinaikaleidoszkop.hu\/index.php\/2024\/12\/22\/a-cmg-bemutatta-a-2025-os-tavaszunnepi-gala-elozeteset\/","og_locale":"hu_HU","og_type":"article","og_title":"A CMG bemutatta a 2025-\u00f6s tavasz\u00fcnnepi g\u00e1la el\u0151zetes\u00e9t - kinaikaleidoszkop.hu","og_description":"A CMG tavasz\u00fcnnepi g\u00e1lam\u0171sor\u00e1t \u00e9vente a hold\u00faj\u00e9v bek\u00f6sz\u00f6nt\u00e9vel mutatj\u00e1k be \u00e9s az \u00f3\u00e9v utols\u00f3 jelent\u0151s m\u00e9dia esem\u00e9nye. Ez a vil\u00e1g legn\u00e9zettebb telev\u00edzi\u00f3s variet\u00e9m\u0171sora, amelyet a Guinness rekordok k\u00f6z\u00f6tt is nyilv\u00e1n tartanak. A tavasz\u00fcnnep K\u00edna leg\u0151sibb \u00e9s a legfontosabb fesztiv\u00e1lja, amely jelent\u0151s pillanat az \u00faj \u00e9v k\u00f6sz\u00f6nt\u00e9se mellett a csal\u00e1d \u00fajraegyes\u00edt\u00e9se szempontj\u00e1b\u00f3l is.&nbsp; Nemr\u00e9g az ENSZ [&hellip;]","og_url":"https:\/\/kinaikaleidoszkop.hu\/index.php\/2024\/12\/22\/a-cmg-bemutatta-a-2025-os-tavaszunnepi-gala-elozeteset\/","og_site_name":"kinaikaleidoszkop.hu","article_published_time":"2024-12-22T13:34:59+00:00","article_modified_time":"2024-12-23T09:06:07+00:00","og_image":[{"width":1650,"height":912,"url":"https:\/\/kinaikaleidoszkop.hu\/wp-content\/uploads\/2024\/12\/askdasd.jpg","type":"image\/jpeg"}],"author":"Szerk_Erik","twitter_card":"summary_large_image","twitter_misc":{"Szerz\u0151:":"Szerk_Erik","Becs\u00fclt olvas\u00e1si id\u0151":"1 perc"},"schema":{"@context":"https:\/\/schema.org","@graph":[{"@type":"WebPage","@id":"https:\/\/kinaikaleidoszkop.hu\/index.php\/2024\/12\/22\/a-cmg-bemutatta-a-2025-os-tavaszunnepi-gala-elozeteset\/","url":"https:\/\/kinaikaleidoszkop.hu\/index.php\/2024\/12\/22\/a-cmg-bemutatta-a-2025-os-tavaszunnepi-gala-elozeteset\/","name":"A CMG bemutatta a 2025-\u00f6s tavasz\u00fcnnepi g\u00e1la el\u0151zetes\u00e9t - kinaikaleidoszkop.hu","isPartOf":{"@id":"https:\/\/kinaikaleidoszkop.hu\/#website"},"primaryImageOfPage":{"@id":"https:\/\/kinaikaleidoszkop.hu\/index.php\/2024\/12\/22\/a-cmg-bemutatta-a-2025-os-tavaszunnepi-gala-elozeteset\/#primaryimage"},"image":{"@id":"https:\/\/kinaikaleidoszkop.hu\/index.php\/2024\/12\/22\/a-cmg-bemutatta-a-2025-os-tavaszunnepi-gala-elozeteset\/#primaryimage"},"thumbnailUrl":"https:\/\/kinaikaleidoszkop.hu\/wp-content\/uploads\/2024\/12\/askdasd.jpg","datePublished":"2024-12-22T13:34:59+00:00","dateModified":"2024-12-23T09:06:07+00:00","author":{"@id":"https:\/\/kinaikaleidoszkop.hu\/#\/schema\/person\/4d69b71e7e70322713b9d9287b610556"},"breadcrumb":{"@id":"https:\/\/kinaikaleidoszkop.hu\/index.php\/2024\/12\/22\/a-cmg-bemutatta-a-2025-os-tavaszunnepi-gala-elozeteset\/#breadcrumb"},"inLanguage":"hu","potentialAction":[{"@type":"ReadAction","target":["https:\/\/kinaikaleidoszkop.hu\/index.php\/2024\/12\/22\/a-cmg-bemutatta-a-2025-os-tavaszunnepi-gala-elozeteset\/"]}]},{"@type":"ImageObject","inLanguage":"hu","@id":"https:\/\/kinaikaleidoszkop.hu\/index.php\/2024\/12\/22\/a-cmg-bemutatta-a-2025-os-tavaszunnepi-gala-elozeteset\/#primaryimage","url":"https:\/\/kinaikaleidoszkop.hu\/wp-content\/uploads\/2024\/12\/askdasd.jpg","contentUrl":"https:\/\/kinaikaleidoszkop.hu\/wp-content\/uploads\/2024\/12\/askdasd.jpg","width":1650,"height":912},{"@type":"BreadcrumbList","@id":"https:\/\/kinaikaleidoszkop.hu\/index.php\/2024\/12\/22\/a-cmg-bemutatta-a-2025-os-tavaszunnepi-gala-elozeteset\/#breadcrumb","itemListElement":[{"@type":"ListItem","position":1,"name":"Kezd\u0151lap","item":"https:\/\/kinaikaleidoszkop.hu\/"},{"@type":"ListItem","position":2,"name":"A CMG bemutatta a 2025-\u00f6s tavasz\u00fcnnepi g\u00e1la el\u0151zetes\u00e9t"}]},{"@type":"WebSite","@id":"https:\/\/kinaikaleidoszkop.hu\/#website","url":"https:\/\/kinaikaleidoszkop.hu\/","name":"kinaikaleidoszkop.hu","description":"","potentialAction":[{"@type":"SearchAction","target":{"@type":"EntryPoint","urlTemplate":"https:\/\/kinaikaleidoszkop.hu\/?s={search_term_string}"},"query-input":{"@type":"PropertyValueSpecification","valueRequired":true,"valueName":"search_term_string"}}],"inLanguage":"hu"},{"@type":"Person","@id":"https:\/\/kinaikaleidoszkop.hu\/#\/schema\/person\/4d69b71e7e70322713b9d9287b610556","name":"Szerk_Erik","image":{"@type":"ImageObject","inLanguage":"hu","@id":"https:\/\/kinaikaleidoszkop.hu\/#\/schema\/person\/image\/","url":"https:\/\/secure.gravatar.com\/avatar\/3c1e909a14c0c91d2eaef877aaacb584c667f8e7137de69653aa9561fd0e8062?s=96&d=mm&r=g","contentUrl":"https:\/\/secure.gravatar.com\/avatar\/3c1e909a14c0c91d2eaef877aaacb584c667f8e7137de69653aa9561fd0e8062?s=96&d=mm&r=g","caption":"Szerk_Erik"},"url":"https:\/\/kinaikaleidoszkop.hu\/index.php\/author\/szerk_erik\/"}]}},"views":199,"distributor_meta":false,"distributor_terms":false,"distributor_media":false,"distributor_original_site_name":"kinaikaleidoszkop.hu","distributor_original_site_url":"https:\/\/kinaikaleidoszkop.hu","push-errors":false,"_links":{"self":[{"href":"https:\/\/kinaikaleidoszkop.hu\/index.php\/wp-json\/wp\/v2\/posts\/24360","targetHints":{"allow":["GET"]}}],"collection":[{"href":"https:\/\/kinaikaleidoszkop.hu\/index.php\/wp-json\/wp\/v2\/posts"}],"about":[{"href":"https:\/\/kinaikaleidoszkop.hu\/index.php\/wp-json\/wp\/v2\/types\/post"}],"author":[{"embeddable":true,"href":"https:\/\/kinaikaleidoszkop.hu\/index.php\/wp-json\/wp\/v2\/users\/7"}],"replies":[{"embeddable":true,"href":"https:\/\/kinaikaleidoszkop.hu\/index.php\/wp-json\/wp\/v2\/comments?post=24360"}],"version-history":[{"count":1,"href":"https:\/\/kinaikaleidoszkop.hu\/index.php\/wp-json\/wp\/v2\/posts\/24360\/revisions"}],"predecessor-version":[{"id":24363,"href":"https:\/\/kinaikaleidoszkop.hu\/index.php\/wp-json\/wp\/v2\/posts\/24360\/revisions\/24363"}],"wp:featuredmedia":[{"embeddable":true,"href":"https:\/\/kinaikaleidoszkop.hu\/index.php\/wp-json\/wp\/v2\/media\/24362"}],"wp:attachment":[{"href":"https:\/\/kinaikaleidoszkop.hu\/index.php\/wp-json\/wp\/v2\/media?parent=24360"}],"wp:term":[{"taxonomy":"category","embeddable":true,"href":"https:\/\/kinaikaleidoszkop.hu\/index.php\/wp-json\/wp\/v2\/categories?post=24360"},{"taxonomy":"post_tag","embeddable":true,"href":"https:\/\/kinaikaleidoszkop.hu\/index.php\/wp-json\/wp\/v2\/tags?post=24360"}],"curies":[{"name":"wp","href":"https:\/\/api.w.org\/{rel}","templated":true}]}}