{"id":24498,"date":"2025-01-09T12:19:20","date_gmt":"2025-01-09T11:19:20","guid":{"rendered":"https:\/\/kinaikaleidoszkop.hu\/?p=24498"},"modified":"2025-01-10T14:43:00","modified_gmt":"2025-01-10T13:43:00","slug":"meghatarozta-idei-feladatait-a-kkp-kozponti-bizottsaganak-fegyelmi-ellenorzo-bizottsaga","status":"publish","type":"post","link":"https:\/\/kinaikaleidoszkop.hu\/index.php\/2025\/01\/09\/meghatarozta-idei-feladatait-a-kkp-kozponti-bizottsaganak-fegyelmi-ellenorzo-bizottsaga\/","title":{"rendered":"Meghat\u00e1rozta idei feladatait a KKP K\u00f6zponti Bizotts\u00e1g\u00e1nak Fegyelmi Ellen\u0151rz\u0151 Bizotts\u00e1ga"},"content":{"rendered":"\n<p><strong>Janu\u00e1r 6-8. k\u00f6z\u00f6tt Pekingben tartott\u00e1k a K\u00ednai Kommunista P\u00e1rt K\u00f6zponti Bizotts\u00e1ga Fegyelmi Ellen\u0151rz\u0151 Bizotts\u00e1g\u00e1nak 4. plen\u00e1ris \u00fcl\u00e9s\u00e9t, amelyen r\u00e9szt vett Hszi Csin-ping k\u00ednai \u00e1llameln\u00f6k, p\u00e1rtf\u0151titk\u00e1r.<\/strong><\/p>\n\n\n<div class=\"wp-block-image\">\n<figure class=\"aligncenter size-full\"><img loading=\"lazy\" decoding=\"async\" width=\"900\" height=\"624\" src=\"https:\/\/kinaikaleidoszkop.hu\/wp-content\/uploads\/2025\/01\/0109CMGMeghatarozta-idei-feladatait-a-KKP-Kozponti-Bizottsaganak-Fegyelmi-Ellenorzo-Bizottsaga-1.jpg\" alt=\"\" class=\"wp-image-24500\" srcset=\"https:\/\/kinaikaleidoszkop.hu\/wp-content\/uploads\/2025\/01\/0109CMGMeghatarozta-idei-feladatait-a-KKP-Kozponti-Bizottsaganak-Fegyelmi-Ellenorzo-Bizottsaga-1.jpg 900w, https:\/\/kinaikaleidoszkop.hu\/wp-content\/uploads\/2025\/01\/0109CMGMeghatarozta-idei-feladatait-a-KKP-Kozponti-Bizottsaganak-Fegyelmi-Ellenorzo-Bizottsaga-1-300x208.jpg 300w, https:\/\/kinaikaleidoszkop.hu\/wp-content\/uploads\/2025\/01\/0109CMGMeghatarozta-idei-feladatait-a-KKP-Kozponti-Bizottsaganak-Fegyelmi-Ellenorzo-Bizottsaga-1-768x532.jpg 768w\" sizes=\"auto, (max-width: 900px) 100vw, 900px\" \/><\/figure>\n<\/div>\n\n\n<p>Az \u00fcl\u00e9sen \u00f6sszefoglalt\u00e1k a 2024-es \u00e9v ellen\u0151rz\u00e9si \u00e9s fel\u00fcgyeleti munk\u00e1it \u00e9s feladatokat hat\u00e1roztak meg 2025-re.<\/p>\n\n\n\n<p>Az idei \u00e9v a 14. \u201e\u00f6t\u00e9ves terv\u201d utols\u00f3 \u00e9ve, amelyben k\u00f6zlem\u00e9ny\u00fck szerint a k\u00f6vetkez\u0151 feladatok elv\u00e9gez\u00e9s\u00e9t tervezik.<\/p>\n\n\n\n<p>Meger\u0151s\u00edtik a p\u00e1rtfegyelem politikai ellen\u0151rz\u00e9s\u00e9t, hogy stabilan folytat\u00f3djon a reform \u00e1tfog\u00f3 elm\u00e9ly\u00edt\u00e9se \u00e9s a k\u00ednai modell\u0171 korszer\u0171s\u00edt\u00e9s tov\u00e1bbi fejleszt\u00e9se. Konszolid\u00e1lj\u00e1k a fegyelmi oktat\u00e1s eredm\u00e9nyeit, \u00e9s munk\u00e1jukat szab\u00e1lyos rendszerbe foglalj\u00e1k. T\u00f6k\u00e9letes\u00edtik az erk\u00f6lcstelens\u00e9g \u00e9s a korrupci\u00f3 elleni fell\u00e9p\u00e9s hat\u00e9konys\u00e1g\u00e1t. Alaposabban j\u00e1rnak el a n\u00e9pet \u00e9rint\u0151 az erk\u00f6lcstelens\u00e9gek \u00e9s korrupci\u00f3 \u00fcgy\u00e9ben. Az ellen\u0151rz\u00e9st v\u00e9gz\u0151k a probl\u00e9m\u00e1k pontosabb \u00e9s hat\u00e9konyabb megold\u00e1s\u00e1ra fognak t\u00f6rekedni. A fegyelmi ellen\u0151rz\u00e9s \u00e9s fel\u00fcgyelet ter\u00fclet\u00e9n elm\u00e9ly\u00edtik a reformot. Al\u00e1vetik magukat a p\u00e1rton bel\u00fcli szigor\u00fa korm\u00e1nyz\u00e1snak. Meghirdetik a \u201efegyelmi ellen\u0151rz\u00e9s \u00e9s fel\u00fcgyelet \u00e9v\u00e9t\u201d a jobb eredm\u00e9nyek el\u00e9r\u00e9se \u00e9rdek\u00e9ben.<\/p>\n\n\n\n<p><strong><em>2025. 01. 09.<\/em><\/strong><\/p>\n\n\n\n<p><strong>(Wang Yuzhe \u2013 China Media Group)<\/strong><\/p>\n\n\n\n<p><strong><em>(x)<\/em><\/strong><\/p>\n","protected":false},"excerpt":{"rendered":"<p>Janu\u00e1r 6-8. k\u00f6z\u00f6tt Pekingben tartott\u00e1k a K\u00ednai Kommunista P\u00e1rt K\u00f6zponti Bizotts\u00e1ga Fegyelmi Ellen\u0151rz\u0151 Bizotts\u00e1g\u00e1nak 4. plen\u00e1ris \u00fcl\u00e9s\u00e9t, amelyen r\u00e9szt vett Hszi Csin-ping k\u00ednai \u00e1llameln\u00f6k, p\u00e1rtf\u0151titk\u00e1r. Az \u00fcl\u00e9sen \u00f6sszefoglalt\u00e1k a 2024-es \u00e9v ellen\u0151rz\u00e9si \u00e9s fel\u00fcgyeleti munk\u00e1it \u00e9s feladatokat hat\u00e1roztak meg 2025-re. Az idei \u00e9v a 14. \u201e\u00f6t\u00e9ves terv\u201d utols\u00f3 \u00e9ve, amelyben k\u00f6zlem\u00e9ny\u00fck szerint a k\u00f6vetkez\u0151 feladatok [&hellip;]<\/p>\n","protected":false},"author":6,"featured_media":24500,"comment_status":"closed","ping_status":"closed","sticky":false,"template":"","format":"standard","meta":{"footnotes":""},"categories":[45],"tags":[305,3696,326,2068,4766],"class_list":["post-24498","post","type-post","status-publish","format-standard","has-post-thumbnail","hentry","category-hirek","tag-hszi-csin-ping","tag-kina","tag-kinai-allamelnok","tag-kkp","tag-kkp-kozponti-bizottsaganak-fegyelmi-ellenorzo-bizottsaga"],"yoast_head":"<!-- This site is optimized with the Yoast SEO plugin v23.7 - https:\/\/yoast.com\/wordpress\/plugins\/seo\/ -->\n<title>Meghat\u00e1rozta idei feladatait a KKP K\u00f6zponti Bizotts\u00e1g\u00e1nak Fegyelmi Ellen\u0151rz\u0151 Bizotts\u00e1ga - kinaikaleidoszkop.hu<\/title>\n<meta name=\"robots\" content=\"index, follow, max-snippet:-1, max-image-preview:large, max-video-preview:-1\" \/>\n<link rel=\"canonical\" href=\"https:\/\/kinaikaleidoszkop.hu\/index.php\/2025\/01\/09\/meghatarozta-idei-feladatait-a-kkp-kozponti-bizottsaganak-fegyelmi-ellenorzo-bizottsaga\/\" \/>\n<meta property=\"og:locale\" content=\"hu_HU\" \/>\n<meta property=\"og:type\" content=\"article\" \/>\n<meta property=\"og:title\" content=\"Meghat\u00e1rozta idei feladatait a KKP K\u00f6zponti Bizotts\u00e1g\u00e1nak Fegyelmi Ellen\u0151rz\u0151 Bizotts\u00e1ga - kinaikaleidoszkop.hu\" \/>\n<meta property=\"og:description\" content=\"Janu\u00e1r 6-8. k\u00f6z\u00f6tt Pekingben tartott\u00e1k a K\u00ednai Kommunista P\u00e1rt K\u00f6zponti Bizotts\u00e1ga Fegyelmi Ellen\u0151rz\u0151 Bizotts\u00e1g\u00e1nak 4. plen\u00e1ris \u00fcl\u00e9s\u00e9t, amelyen r\u00e9szt vett Hszi Csin-ping k\u00ednai \u00e1llameln\u00f6k, p\u00e1rtf\u0151titk\u00e1r. Az \u00fcl\u00e9sen \u00f6sszefoglalt\u00e1k a 2024-es \u00e9v ellen\u0151rz\u00e9si \u00e9s fel\u00fcgyeleti munk\u00e1it \u00e9s feladatokat hat\u00e1roztak meg 2025-re. Az idei \u00e9v a 14. \u201e\u00f6t\u00e9ves terv\u201d utols\u00f3 \u00e9ve, amelyben k\u00f6zlem\u00e9ny\u00fck szerint a k\u00f6vetkez\u0151 feladatok [&hellip;]\" \/>\n<meta property=\"og:url\" content=\"https:\/\/kinaikaleidoszkop.hu\/index.php\/2025\/01\/09\/meghatarozta-idei-feladatait-a-kkp-kozponti-bizottsaganak-fegyelmi-ellenorzo-bizottsaga\/\" \/>\n<meta property=\"og:site_name\" content=\"kinaikaleidoszkop.hu\" \/>\n<meta property=\"article:published_time\" content=\"2025-01-09T11:19:20+00:00\" \/>\n<meta property=\"article:modified_time\" content=\"2025-01-10T13:43:00+00:00\" \/>\n<meta property=\"og:image\" content=\"https:\/\/kinaikaleidoszkop.hu\/wp-content\/uploads\/2025\/01\/0109CMGMeghatarozta-idei-feladatait-a-KKP-Kozponti-Bizottsaganak-Fegyelmi-Ellenorzo-Bizottsaga-1.jpg\" \/>\n\t<meta property=\"og:image:width\" content=\"900\" \/>\n\t<meta property=\"og:image:height\" content=\"624\" \/>\n\t<meta property=\"og:image:type\" content=\"image\/jpeg\" \/>\n<meta name=\"author\" content=\"admin-sebi\" \/>\n<meta name=\"twitter:card\" content=\"summary_large_image\" \/>\n<meta name=\"twitter:label1\" content=\"Szerz\u0151:\" \/>\n\t<meta name=\"twitter:data1\" content=\"admin-sebi\" \/>\n\t<meta name=\"twitter:label2\" content=\"Becs\u00fclt olvas\u00e1si id\u0151\" \/>\n\t<meta name=\"twitter:data2\" content=\"2 perc\" \/>\n<script type=\"application\/ld+json\" class=\"yoast-schema-graph\">{\"@context\":\"https:\/\/schema.org\",\"@graph\":[{\"@type\":\"WebPage\",\"@id\":\"https:\/\/kinaikaleidoszkop.hu\/index.php\/2025\/01\/09\/meghatarozta-idei-feladatait-a-kkp-kozponti-bizottsaganak-fegyelmi-ellenorzo-bizottsaga\/\",\"url\":\"https:\/\/kinaikaleidoszkop.hu\/index.php\/2025\/01\/09\/meghatarozta-idei-feladatait-a-kkp-kozponti-bizottsaganak-fegyelmi-ellenorzo-bizottsaga\/\",\"name\":\"Meghat\u00e1rozta idei feladatait a KKP K\u00f6zponti Bizotts\u00e1g\u00e1nak Fegyelmi Ellen\u0151rz\u0151 Bizotts\u00e1ga - kinaikaleidoszkop.hu\",\"isPartOf\":{\"@id\":\"https:\/\/kinaikaleidoszkop.hu\/#website\"},\"primaryImageOfPage\":{\"@id\":\"https:\/\/kinaikaleidoszkop.hu\/index.php\/2025\/01\/09\/meghatarozta-idei-feladatait-a-kkp-kozponti-bizottsaganak-fegyelmi-ellenorzo-bizottsaga\/#primaryimage\"},\"image\":{\"@id\":\"https:\/\/kinaikaleidoszkop.hu\/index.php\/2025\/01\/09\/meghatarozta-idei-feladatait-a-kkp-kozponti-bizottsaganak-fegyelmi-ellenorzo-bizottsaga\/#primaryimage\"},\"thumbnailUrl\":\"https:\/\/kinaikaleidoszkop.hu\/wp-content\/uploads\/2025\/01\/0109CMGMeghatarozta-idei-feladatait-a-KKP-Kozponti-Bizottsaganak-Fegyelmi-Ellenorzo-Bizottsaga-1.jpg\",\"datePublished\":\"2025-01-09T11:19:20+00:00\",\"dateModified\":\"2025-01-10T13:43:00+00:00\",\"author\":{\"@id\":\"https:\/\/kinaikaleidoszkop.hu\/#\/schema\/person\/fd215d3a8bab54daeb796ae166f99ea5\"},\"breadcrumb\":{\"@id\":\"https:\/\/kinaikaleidoszkop.hu\/index.php\/2025\/01\/09\/meghatarozta-idei-feladatait-a-kkp-kozponti-bizottsaganak-fegyelmi-ellenorzo-bizottsaga\/#breadcrumb\"},\"inLanguage\":\"hu\",\"potentialAction\":[{\"@type\":\"ReadAction\",\"target\":[\"https:\/\/kinaikaleidoszkop.hu\/index.php\/2025\/01\/09\/meghatarozta-idei-feladatait-a-kkp-kozponti-bizottsaganak-fegyelmi-ellenorzo-bizottsaga\/\"]}]},{\"@type\":\"ImageObject\",\"inLanguage\":\"hu\",\"@id\":\"https:\/\/kinaikaleidoszkop.hu\/index.php\/2025\/01\/09\/meghatarozta-idei-feladatait-a-kkp-kozponti-bizottsaganak-fegyelmi-ellenorzo-bizottsaga\/#primaryimage\",\"url\":\"https:\/\/kinaikaleidoszkop.hu\/wp-content\/uploads\/2025\/01\/0109CMGMeghatarozta-idei-feladatait-a-KKP-Kozponti-Bizottsaganak-Fegyelmi-Ellenorzo-Bizottsaga-1.jpg\",\"contentUrl\":\"https:\/\/kinaikaleidoszkop.hu\/wp-content\/uploads\/2025\/01\/0109CMGMeghatarozta-idei-feladatait-a-KKP-Kozponti-Bizottsaganak-Fegyelmi-Ellenorzo-Bizottsaga-1.jpg\",\"width\":900,\"height\":624},{\"@type\":\"BreadcrumbList\",\"@id\":\"https:\/\/kinaikaleidoszkop.hu\/index.php\/2025\/01\/09\/meghatarozta-idei-feladatait-a-kkp-kozponti-bizottsaganak-fegyelmi-ellenorzo-bizottsaga\/#breadcrumb\",\"itemListElement\":[{\"@type\":\"ListItem\",\"position\":1,\"name\":\"Kezd\u0151lap\",\"item\":\"https:\/\/kinaikaleidoszkop.hu\/\"},{\"@type\":\"ListItem\",\"position\":2,\"name\":\"Meghat\u00e1rozta idei feladatait a KKP K\u00f6zponti Bizotts\u00e1g\u00e1nak Fegyelmi Ellen\u0151rz\u0151 Bizotts\u00e1ga\"}]},{\"@type\":\"WebSite\",\"@id\":\"https:\/\/kinaikaleidoszkop.hu\/#website\",\"url\":\"https:\/\/kinaikaleidoszkop.hu\/\",\"name\":\"kinaikaleidoszkop.hu\",\"description\":\"\",\"potentialAction\":[{\"@type\":\"SearchAction\",\"target\":{\"@type\":\"EntryPoint\",\"urlTemplate\":\"https:\/\/kinaikaleidoszkop.hu\/?s={search_term_string}\"},\"query-input\":{\"@type\":\"PropertyValueSpecification\",\"valueRequired\":true,\"valueName\":\"search_term_string\"}}],\"inLanguage\":\"hu\"},{\"@type\":\"Person\",\"@id\":\"https:\/\/kinaikaleidoszkop.hu\/#\/schema\/person\/fd215d3a8bab54daeb796ae166f99ea5\",\"name\":\"admin-sebi\",\"image\":{\"@type\":\"ImageObject\",\"inLanguage\":\"hu\",\"@id\":\"https:\/\/kinaikaleidoszkop.hu\/#\/schema\/person\/image\/\",\"url\":\"https:\/\/secure.gravatar.com\/avatar\/b1498042bc4969020b4951f204f963e97c3d7d199f3790c1071adf67c61d0aa5?s=96&d=mm&r=g\",\"contentUrl\":\"https:\/\/secure.gravatar.com\/avatar\/b1498042bc4969020b4951f204f963e97c3d7d199f3790c1071adf67c61d0aa5?s=96&d=mm&r=g\",\"caption\":\"admin-sebi\"},\"url\":\"https:\/\/kinaikaleidoszkop.hu\/index.php\/author\/admin-sebi\/\"}]}<\/script>\n<!-- \/ Yoast SEO plugin. -->","yoast_head_json":{"title":"Meghat\u00e1rozta idei feladatait a KKP K\u00f6zponti Bizotts\u00e1g\u00e1nak Fegyelmi Ellen\u0151rz\u0151 Bizotts\u00e1ga - kinaikaleidoszkop.hu","robots":{"index":"index","follow":"follow","max-snippet":"max-snippet:-1","max-image-preview":"max-image-preview:large","max-video-preview":"max-video-preview:-1"},"canonical":"https:\/\/kinaikaleidoszkop.hu\/index.php\/2025\/01\/09\/meghatarozta-idei-feladatait-a-kkp-kozponti-bizottsaganak-fegyelmi-ellenorzo-bizottsaga\/","og_locale":"hu_HU","og_type":"article","og_title":"Meghat\u00e1rozta idei feladatait a KKP K\u00f6zponti Bizotts\u00e1g\u00e1nak Fegyelmi Ellen\u0151rz\u0151 Bizotts\u00e1ga - kinaikaleidoszkop.hu","og_description":"Janu\u00e1r 6-8. k\u00f6z\u00f6tt Pekingben tartott\u00e1k a K\u00ednai Kommunista P\u00e1rt K\u00f6zponti Bizotts\u00e1ga Fegyelmi Ellen\u0151rz\u0151 Bizotts\u00e1g\u00e1nak 4. plen\u00e1ris \u00fcl\u00e9s\u00e9t, amelyen r\u00e9szt vett Hszi Csin-ping k\u00ednai \u00e1llameln\u00f6k, p\u00e1rtf\u0151titk\u00e1r. Az \u00fcl\u00e9sen \u00f6sszefoglalt\u00e1k a 2024-es \u00e9v ellen\u0151rz\u00e9si \u00e9s fel\u00fcgyeleti munk\u00e1it \u00e9s feladatokat hat\u00e1roztak meg 2025-re. Az idei \u00e9v a 14. \u201e\u00f6t\u00e9ves terv\u201d utols\u00f3 \u00e9ve, amelyben k\u00f6zlem\u00e9ny\u00fck szerint a k\u00f6vetkez\u0151 feladatok [&hellip;]","og_url":"https:\/\/kinaikaleidoszkop.hu\/index.php\/2025\/01\/09\/meghatarozta-idei-feladatait-a-kkp-kozponti-bizottsaganak-fegyelmi-ellenorzo-bizottsaga\/","og_site_name":"kinaikaleidoszkop.hu","article_published_time":"2025-01-09T11:19:20+00:00","article_modified_time":"2025-01-10T13:43:00+00:00","og_image":[{"width":900,"height":624,"url":"https:\/\/kinaikaleidoszkop.hu\/wp-content\/uploads\/2025\/01\/0109CMGMeghatarozta-idei-feladatait-a-KKP-Kozponti-Bizottsaganak-Fegyelmi-Ellenorzo-Bizottsaga-1.jpg","type":"image\/jpeg"}],"author":"admin-sebi","twitter_card":"summary_large_image","twitter_misc":{"Szerz\u0151:":"admin-sebi","Becs\u00fclt olvas\u00e1si id\u0151":"2 perc"},"schema":{"@context":"https:\/\/schema.org","@graph":[{"@type":"WebPage","@id":"https:\/\/kinaikaleidoszkop.hu\/index.php\/2025\/01\/09\/meghatarozta-idei-feladatait-a-kkp-kozponti-bizottsaganak-fegyelmi-ellenorzo-bizottsaga\/","url":"https:\/\/kinaikaleidoszkop.hu\/index.php\/2025\/01\/09\/meghatarozta-idei-feladatait-a-kkp-kozponti-bizottsaganak-fegyelmi-ellenorzo-bizottsaga\/","name":"Meghat\u00e1rozta idei feladatait a KKP K\u00f6zponti Bizotts\u00e1g\u00e1nak Fegyelmi Ellen\u0151rz\u0151 Bizotts\u00e1ga - kinaikaleidoszkop.hu","isPartOf":{"@id":"https:\/\/kinaikaleidoszkop.hu\/#website"},"primaryImageOfPage":{"@id":"https:\/\/kinaikaleidoszkop.hu\/index.php\/2025\/01\/09\/meghatarozta-idei-feladatait-a-kkp-kozponti-bizottsaganak-fegyelmi-ellenorzo-bizottsaga\/#primaryimage"},"image":{"@id":"https:\/\/kinaikaleidoszkop.hu\/index.php\/2025\/01\/09\/meghatarozta-idei-feladatait-a-kkp-kozponti-bizottsaganak-fegyelmi-ellenorzo-bizottsaga\/#primaryimage"},"thumbnailUrl":"https:\/\/kinaikaleidoszkop.hu\/wp-content\/uploads\/2025\/01\/0109CMGMeghatarozta-idei-feladatait-a-KKP-Kozponti-Bizottsaganak-Fegyelmi-Ellenorzo-Bizottsaga-1.jpg","datePublished":"2025-01-09T11:19:20+00:00","dateModified":"2025-01-10T13:43:00+00:00","author":{"@id":"https:\/\/kinaikaleidoszkop.hu\/#\/schema\/person\/fd215d3a8bab54daeb796ae166f99ea5"},"breadcrumb":{"@id":"https:\/\/kinaikaleidoszkop.hu\/index.php\/2025\/01\/09\/meghatarozta-idei-feladatait-a-kkp-kozponti-bizottsaganak-fegyelmi-ellenorzo-bizottsaga\/#breadcrumb"},"inLanguage":"hu","potentialAction":[{"@type":"ReadAction","target":["https:\/\/kinaikaleidoszkop.hu\/index.php\/2025\/01\/09\/meghatarozta-idei-feladatait-a-kkp-kozponti-bizottsaganak-fegyelmi-ellenorzo-bizottsaga\/"]}]},{"@type":"ImageObject","inLanguage":"hu","@id":"https:\/\/kinaikaleidoszkop.hu\/index.php\/2025\/01\/09\/meghatarozta-idei-feladatait-a-kkp-kozponti-bizottsaganak-fegyelmi-ellenorzo-bizottsaga\/#primaryimage","url":"https:\/\/kinaikaleidoszkop.hu\/wp-content\/uploads\/2025\/01\/0109CMGMeghatarozta-idei-feladatait-a-KKP-Kozponti-Bizottsaganak-Fegyelmi-Ellenorzo-Bizottsaga-1.jpg","contentUrl":"https:\/\/kinaikaleidoszkop.hu\/wp-content\/uploads\/2025\/01\/0109CMGMeghatarozta-idei-feladatait-a-KKP-Kozponti-Bizottsaganak-Fegyelmi-Ellenorzo-Bizottsaga-1.jpg","width":900,"height":624},{"@type":"BreadcrumbList","@id":"https:\/\/kinaikaleidoszkop.hu\/index.php\/2025\/01\/09\/meghatarozta-idei-feladatait-a-kkp-kozponti-bizottsaganak-fegyelmi-ellenorzo-bizottsaga\/#breadcrumb","itemListElement":[{"@type":"ListItem","position":1,"name":"Kezd\u0151lap","item":"https:\/\/kinaikaleidoszkop.hu\/"},{"@type":"ListItem","position":2,"name":"Meghat\u00e1rozta idei feladatait a KKP K\u00f6zponti Bizotts\u00e1g\u00e1nak Fegyelmi Ellen\u0151rz\u0151 Bizotts\u00e1ga"}]},{"@type":"WebSite","@id":"https:\/\/kinaikaleidoszkop.hu\/#website","url":"https:\/\/kinaikaleidoszkop.hu\/","name":"kinaikaleidoszkop.hu","description":"","potentialAction":[{"@type":"SearchAction","target":{"@type":"EntryPoint","urlTemplate":"https:\/\/kinaikaleidoszkop.hu\/?s={search_term_string}"},"query-input":{"@type":"PropertyValueSpecification","valueRequired":true,"valueName":"search_term_string"}}],"inLanguage":"hu"},{"@type":"Person","@id":"https:\/\/kinaikaleidoszkop.hu\/#\/schema\/person\/fd215d3a8bab54daeb796ae166f99ea5","name":"admin-sebi","image":{"@type":"ImageObject","inLanguage":"hu","@id":"https:\/\/kinaikaleidoszkop.hu\/#\/schema\/person\/image\/","url":"https:\/\/secure.gravatar.com\/avatar\/b1498042bc4969020b4951f204f963e97c3d7d199f3790c1071adf67c61d0aa5?s=96&d=mm&r=g","contentUrl":"https:\/\/secure.gravatar.com\/avatar\/b1498042bc4969020b4951f204f963e97c3d7d199f3790c1071adf67c61d0aa5?s=96&d=mm&r=g","caption":"admin-sebi"},"url":"https:\/\/kinaikaleidoszkop.hu\/index.php\/author\/admin-sebi\/"}]}},"views":233,"distributor_meta":false,"distributor_terms":false,"distributor_media":false,"distributor_original_site_name":"kinaikaleidoszkop.hu","distributor_original_site_url":"https:\/\/kinaikaleidoszkop.hu","push-errors":false,"_links":{"self":[{"href":"https:\/\/kinaikaleidoszkop.hu\/index.php\/wp-json\/wp\/v2\/posts\/24498","targetHints":{"allow":["GET"]}}],"collection":[{"href":"https:\/\/kinaikaleidoszkop.hu\/index.php\/wp-json\/wp\/v2\/posts"}],"about":[{"href":"https:\/\/kinaikaleidoszkop.hu\/index.php\/wp-json\/wp\/v2\/types\/post"}],"author":[{"embeddable":true,"href":"https:\/\/kinaikaleidoszkop.hu\/index.php\/wp-json\/wp\/v2\/users\/6"}],"replies":[{"embeddable":true,"href":"https:\/\/kinaikaleidoszkop.hu\/index.php\/wp-json\/wp\/v2\/comments?post=24498"}],"version-history":[{"count":2,"href":"https:\/\/kinaikaleidoszkop.hu\/index.php\/wp-json\/wp\/v2\/posts\/24498\/revisions"}],"predecessor-version":[{"id":24514,"href":"https:\/\/kinaikaleidoszkop.hu\/index.php\/wp-json\/wp\/v2\/posts\/24498\/revisions\/24514"}],"wp:featuredmedia":[{"embeddable":true,"href":"https:\/\/kinaikaleidoszkop.hu\/index.php\/wp-json\/wp\/v2\/media\/24500"}],"wp:attachment":[{"href":"https:\/\/kinaikaleidoszkop.hu\/index.php\/wp-json\/wp\/v2\/media?parent=24498"}],"wp:term":[{"taxonomy":"category","embeddable":true,"href":"https:\/\/kinaikaleidoszkop.hu\/index.php\/wp-json\/wp\/v2\/categories?post=24498"},{"taxonomy":"post_tag","embeddable":true,"href":"https:\/\/kinaikaleidoszkop.hu\/index.php\/wp-json\/wp\/v2\/tags?post=24498"}],"curies":[{"name":"wp","href":"https:\/\/api.w.org\/{rel}","templated":true}]}}