{"id":25421,"date":"2025-04-12T20:51:30","date_gmt":"2025-04-12T18:51:30","guid":{"rendered":"https:\/\/kinaikaleidoszkop.hu\/index.php\/2025\/04\/12\/kina-es-spanyolorszag-fejleszti-a-filmmuveszeti-egyuttmukodest\/"},"modified":"2025-04-14T13:17:56","modified_gmt":"2025-04-14T11:17:56","slug":"kina-es-spanyolorszag-fejleszti-a-filmmuveszeti-egyuttmukodest","status":"publish","type":"post","link":"https:\/\/kinaikaleidoszkop.hu\/index.php\/2025\/04\/12\/kina-es-spanyolorszag-fejleszti-a-filmmuveszeti-egyuttmukodest\/","title":{"rendered":"K\u00edna \u00e9s Spanyolorsz\u00e1g fejleszti a filmm\u0171v\u00e9szeti egy\u00fcttm\u0171k\u00f6d\u00e9st"},"content":{"rendered":"\n<p class=\"wp-block-paragraph\"><strong>\u00c1prilis 11-\u00e9n K\u00edn\u00e1ba l\u00e1togatott Pedro S\u00e1nchez spanyol minisztereln\u00f6k. L\u00e1togat\u00e1sa sor\u00e1n K\u00edna \u00e9s Spanyolorsz\u00e1g al\u00e1\u00edrta a <em>K\u00ednai N\u00e9pk\u00f6zt\u00e1rsas\u00e1g \u00c1llami Film\u00fcgyi Hivatala \u00e9s a Spanyol Kir\u00e1lys\u00e1g Film- \u00e9s Audiovizu\u00e1lis M\u0171v\u00e9szeti Hivatala k\u00f6z\u00f6tti filmm\u0171v\u00e9szeti egy\u00fcttm\u0171k\u00f6d\u00e9sr\u0151l sz\u00f3l\u00f3 egyet\u00e9rt\u00e9si nyilatkozatot<\/em> is. A dokumentum szerint K\u00edna \u00e9s Spanyolorsz\u00e1g tov\u00e1bb m\u00e9ly\u00edti filmes cserekapcsolatait \u00e9s egy\u00fcttm\u0171k\u00f6d\u00e9s\u00e9t, s kiterjeszti azt a fesztiv\u00e1lokon \u00e9s ki\u00e1ll\u00edt\u00e1sokon val\u00f3 r\u00e9szv\u00e9telekre, a filmek k\u00f6lcs\u00f6n\u00f6s bemutat\u00e1s\u00e1ra, a filmez\u00e9sben val\u00f3 egy\u00fcttm\u0171k\u00f6d\u00e9sre.<\/strong><\/p>\n\n\n<div class=\"wp-block-image\">\n<figure class=\"aligncenter size-full\"><img decoding=\"async\" src=\"https:\/\/pestcentrum.hu\/wp-content\/uploads\/2025\/04\/0412Lea3.jpg\" alt=\"\" class=\"wp-image-29561\"\/><\/figure>\n<\/div>\n\n\n<p class=\"wp-block-paragraph\">K\u00edna a vil\u00e1g m\u00e1sodik legnagyobb filmpiaca, ez\u00e9rt a befektet\u0151k \u00e9s producerek vil\u00e1gszerte k\u00e9szek a k\u00ednai piacra t\u00f6rt\u00e9n\u0151 bejut\u00e1sra. A napokban ugyanakkor a k\u00ednai \u00c1llami Film\u00fcgyi Hivatal k\u00f6z\u00f6lte, hogy \u201em\u00e9rs\u00e9kelten cs\u00f6kkenti az Egyes\u00fclt \u00c1llamokb\u00f3l import\u00e1lt filmek sz\u00e1m\u00e1t\u201d az USA \u00e1ltal kivetett v\u00e1mok miatt.<\/p>\n\n\n\n<p class=\"wp-block-paragraph\">A film a szolg\u00e1ltat\u00e1sok kereskedelm\u00e9nek egyik form\u00e1ja, s K\u00edna szolg\u00e1ltat\u00e1skereskedelmi deficitj\u00e9nek legnagyobb forr\u00e1sa az USA. Az amerikai kereskedelmi miniszt\u00e9rium adatai szerint 2001 \u00e9s 2023 k\u00f6z\u00f6tt a K\u00edn\u00e1ba ir\u00e1nyul\u00f3 amerikai szolg\u00e1ltat\u00e1sexport 5,63 milli\u00e1rd doll\u00e1rr\u00f3l 46,71 milli\u00e1rd doll\u00e1rra, vagyis 7,3 szeres\u00e9re b\u0151v\u00fclt, az \u00e9ves szolg\u00e1ltat\u00e1skereskedelmi t\u00f6bblet pedig a 1,5-szeres\u00e9re n\u0151tt.<\/p>\n\n\n\n<p class=\"wp-block-paragraph\">A K\u00edna \u00e9s Spanyolorsz\u00e1g k\u00f6z\u00f6tti filmm\u0171v\u00e9szeti egy\u00fcttm\u0171k\u00f6d\u00e9s azt mutatja, hogy K\u00edna tov\u00e1bbra is nyitva tartja kapuit, egy\u00fcttm\u0171k\u00f6dik a multilateralizmust, a szabadkereskedelmet \u00e9s a kereskedelmi globaliz\u00e1ci\u00f3t t\u00e1mogat\u00f3 partnerekkel, hogy egyre t\u00f6bb \u00e9s jobb szolg\u00e1ltat\u00e1s \u00e9s term\u00e9k jusson minden f\u00e9l piac\u00e1ra.<\/p>\n\n\n\n<p class=\"wp-block-paragraph\"><strong><em>2025. 04. 12.<\/em><\/strong><\/p>\n\n\n\n<p class=\"wp-block-paragraph\"><strong>(China Media Group)<\/strong><\/p>\n\n\n\n<p class=\"wp-block-paragraph\"><strong><em>(x)<\/em><\/strong><\/p>\n","protected":false},"excerpt":{"rendered":"<p>\u00c1prilis 11-\u00e9n K\u00edn\u00e1ba l\u00e1togatott Pedro S\u00e1nchez spanyol minisztereln\u00f6k. L\u00e1togat\u00e1sa sor\u00e1n K\u00edna \u00e9s Spanyolorsz\u00e1g al\u00e1\u00edrta a K\u00ednai N\u00e9pk\u00f6zt\u00e1rsas\u00e1g \u00c1llami Film\u00fcgyi Hivatala \u00e9s a Spanyol Kir\u00e1lys\u00e1g Film- \u00e9s Audiovizu\u00e1lis M\u0171v\u00e9szeti Hivatala k\u00f6z\u00f6tti filmm\u0171v\u00e9szeti egy\u00fcttm\u0171k\u00f6d\u00e9sr\u0151l sz\u00f3l\u00f3 egyet\u00e9rt\u00e9si nyilatkozatot is. A dokumentum szerint K\u00edna \u00e9s Spanyolorsz\u00e1g tov\u00e1bb m\u00e9ly\u00edti filmes cserekapcsolatait \u00e9s egy\u00fcttm\u0171k\u00f6d\u00e9s\u00e9t, s kiterjeszti azt a fesztiv\u00e1lokon \u00e9s ki\u00e1ll\u00edt\u00e1sokon [&hellip;]<\/p>\n","protected":false},"author":7,"featured_media":25447,"comment_status":"closed","ping_status":"","sticky":false,"template":"","format":"standard","meta":{"footnotes":""},"categories":[4797],"tags":[2070,5042,3696,2243],"class_list":["post-25421","post","type-post","status-publish","format-standard","has-post-thumbnail","hentry","category-egyeb-hirek","tag-film","tag-filmmuveszeti-egyuttmukodes","tag-kina","tag-spanyolorszag"],"yoast_head":"<!-- This site is optimized with the Yoast SEO plugin v23.7 - https:\/\/yoast.com\/wordpress\/plugins\/seo\/ -->\n<title>K\u00edna \u00e9s Spanyolorsz\u00e1g fejleszti a filmm\u0171v\u00e9szeti egy\u00fcttm\u0171k\u00f6d\u00e9st - kinaikaleidoszkop.hu<\/title>\n<meta name=\"robots\" content=\"index, follow, max-snippet:-1, max-image-preview:large, max-video-preview:-1\" \/>\n<link rel=\"canonical\" href=\"https:\/\/pestcentrum.hu\/2025\/04\/12\/kina-es-spanyolorszag-fejleszti-a-filmmuveszeti-egyuttmukodest\/\" \/>\n<meta property=\"og:locale\" content=\"hu_HU\" \/>\n<meta property=\"og:type\" content=\"article\" \/>\n<meta property=\"og:title\" content=\"K\u00edna \u00e9s Spanyolorsz\u00e1g fejleszti a filmm\u0171v\u00e9szeti egy\u00fcttm\u0171k\u00f6d\u00e9st - kinaikaleidoszkop.hu\" \/>\n<meta property=\"og:description\" content=\"\u00c1prilis 11-\u00e9n K\u00edn\u00e1ba l\u00e1togatott Pedro S\u00e1nchez spanyol minisztereln\u00f6k. L\u00e1togat\u00e1sa sor\u00e1n K\u00edna \u00e9s Spanyolorsz\u00e1g al\u00e1\u00edrta a K\u00ednai N\u00e9pk\u00f6zt\u00e1rsas\u00e1g \u00c1llami Film\u00fcgyi Hivatala \u00e9s a Spanyol Kir\u00e1lys\u00e1g Film- \u00e9s Audiovizu\u00e1lis M\u0171v\u00e9szeti Hivatala k\u00f6z\u00f6tti filmm\u0171v\u00e9szeti egy\u00fcttm\u0171k\u00f6d\u00e9sr\u0151l sz\u00f3l\u00f3 egyet\u00e9rt\u00e9si nyilatkozatot is. A dokumentum szerint K\u00edna \u00e9s Spanyolorsz\u00e1g tov\u00e1bb m\u00e9ly\u00edti filmes cserekapcsolatait \u00e9s egy\u00fcttm\u0171k\u00f6d\u00e9s\u00e9t, s kiterjeszti azt a fesztiv\u00e1lokon \u00e9s ki\u00e1ll\u00edt\u00e1sokon [&hellip;]\" \/>\n<meta property=\"og:url\" content=\"https:\/\/kinaikaleidoszkop.hu\/index.php\/2025\/04\/12\/kina-es-spanyolorszag-fejleszti-a-filmmuveszeti-egyuttmukodest\/\" \/>\n<meta property=\"og:site_name\" content=\"kinaikaleidoszkop.hu\" \/>\n<meta property=\"article:published_time\" content=\"2025-04-12T18:51:30+00:00\" \/>\n<meta property=\"article:modified_time\" content=\"2025-04-14T11:17:56+00:00\" \/>\n<meta property=\"og:image\" content=\"https:\/\/kinaikaleidoszkop.hu\/wp-content\/uploads\/2025\/04\/0412Lea3.jpg\" \/>\n\t<meta property=\"og:image:width\" content=\"1080\" \/>\n\t<meta property=\"og:image:height\" content=\"613\" \/>\n\t<meta property=\"og:image:type\" content=\"image\/jpeg\" \/>\n<meta name=\"author\" content=\"Szerk_Erik\" \/>\n<meta name=\"twitter:card\" content=\"summary_large_image\" \/>\n<meta name=\"twitter:label1\" content=\"Szerz\u0151:\" \/>\n\t<meta name=\"twitter:data1\" content=\"PestCentrum\" \/>\n\t<meta name=\"twitter:label2\" content=\"Becs\u00fclt olvas\u00e1si id\u0151\" \/>\n\t<meta name=\"twitter:data2\" content=\"2 perc\" \/>\n<script type=\"application\/ld+json\" class=\"yoast-schema-graph\">{\"@context\":\"https:\/\/schema.org\",\"@graph\":[{\"@type\":\"WebPage\",\"@id\":\"https:\/\/kinaikaleidoszkop.hu\/index.php\/2025\/04\/12\/kina-es-spanyolorszag-fejleszti-a-filmmuveszeti-egyuttmukodest\/\",\"url\":\"https:\/\/kinaikaleidoszkop.hu\/index.php\/2025\/04\/12\/kina-es-spanyolorszag-fejleszti-a-filmmuveszeti-egyuttmukodest\/\",\"name\":\"K\u00edna \u00e9s Spanyolorsz\u00e1g fejleszti a filmm\u0171v\u00e9szeti egy\u00fcttm\u0171k\u00f6d\u00e9st - kinaikaleidoszkop.hu\",\"isPartOf\":{\"@id\":\"https:\/\/kinaikaleidoszkop.hu\/#website\"},\"primaryImageOfPage\":{\"@id\":\"https:\/\/kinaikaleidoszkop.hu\/index.php\/2025\/04\/12\/kina-es-spanyolorszag-fejleszti-a-filmmuveszeti-egyuttmukodest\/#primaryimage\"},\"image\":{\"@id\":\"https:\/\/kinaikaleidoszkop.hu\/index.php\/2025\/04\/12\/kina-es-spanyolorszag-fejleszti-a-filmmuveszeti-egyuttmukodest\/#primaryimage\"},\"thumbnailUrl\":\"https:\/\/kinaikaleidoszkop.hu\/wp-content\/uploads\/2025\/04\/0412Lea3.jpg\",\"datePublished\":\"2025-04-12T18:51:30+00:00\",\"dateModified\":\"2025-04-14T11:17:56+00:00\",\"author\":{\"@id\":\"https:\/\/kinaikaleidoszkop.hu\/#\/schema\/person\/4d69b71e7e70322713b9d9287b610556\"},\"breadcrumb\":{\"@id\":\"https:\/\/kinaikaleidoszkop.hu\/index.php\/2025\/04\/12\/kina-es-spanyolorszag-fejleszti-a-filmmuveszeti-egyuttmukodest\/#breadcrumb\"},\"inLanguage\":\"hu\",\"potentialAction\":[{\"@type\":\"ReadAction\",\"target\":[\"https:\/\/kinaikaleidoszkop.hu\/index.php\/2025\/04\/12\/kina-es-spanyolorszag-fejleszti-a-filmmuveszeti-egyuttmukodest\/\"]}]},{\"@type\":\"ImageObject\",\"inLanguage\":\"hu\",\"@id\":\"https:\/\/kinaikaleidoszkop.hu\/index.php\/2025\/04\/12\/kina-es-spanyolorszag-fejleszti-a-filmmuveszeti-egyuttmukodest\/#primaryimage\",\"url\":\"https:\/\/kinaikaleidoszkop.hu\/wp-content\/uploads\/2025\/04\/0412Lea3.jpg\",\"contentUrl\":\"https:\/\/kinaikaleidoszkop.hu\/wp-content\/uploads\/2025\/04\/0412Lea3.jpg\",\"width\":1080,\"height\":613},{\"@type\":\"BreadcrumbList\",\"@id\":\"https:\/\/kinaikaleidoszkop.hu\/index.php\/2025\/04\/12\/kina-es-spanyolorszag-fejleszti-a-filmmuveszeti-egyuttmukodest\/#breadcrumb\",\"itemListElement\":[{\"@type\":\"ListItem\",\"position\":1,\"name\":\"Kezd\u0151lap\",\"item\":\"https:\/\/kinaikaleidoszkop.hu\/\"},{\"@type\":\"ListItem\",\"position\":2,\"name\":\"K\u00edna \u00e9s Spanyolorsz\u00e1g fejleszti a filmm\u0171v\u00e9szeti egy\u00fcttm\u0171k\u00f6d\u00e9st\"}]},{\"@type\":\"WebSite\",\"@id\":\"https:\/\/kinaikaleidoszkop.hu\/#website\",\"url\":\"https:\/\/kinaikaleidoszkop.hu\/\",\"name\":\"kinaikaleidoszkop.hu\",\"description\":\"\",\"potentialAction\":[{\"@type\":\"SearchAction\",\"target\":{\"@type\":\"EntryPoint\",\"urlTemplate\":\"https:\/\/kinaikaleidoszkop.hu\/?s={search_term_string}\"},\"query-input\":{\"@type\":\"PropertyValueSpecification\",\"valueRequired\":true,\"valueName\":\"search_term_string\"}}],\"inLanguage\":\"hu\"},{\"@type\":\"Person\",\"@id\":\"https:\/\/kinaikaleidoszkop.hu\/#\/schema\/person\/4d69b71e7e70322713b9d9287b610556\",\"name\":\"Szerk_Erik\",\"image\":{\"@type\":\"ImageObject\",\"inLanguage\":\"hu\",\"@id\":\"https:\/\/kinaikaleidoszkop.hu\/#\/schema\/person\/image\/\",\"url\":\"https:\/\/secure.gravatar.com\/avatar\/3c1e909a14c0c91d2eaef877aaacb584c667f8e7137de69653aa9561fd0e8062?s=96&d=mm&r=g\",\"contentUrl\":\"https:\/\/secure.gravatar.com\/avatar\/3c1e909a14c0c91d2eaef877aaacb584c667f8e7137de69653aa9561fd0e8062?s=96&d=mm&r=g\",\"caption\":\"Szerk_Erik\"},\"url\":\"https:\/\/pestcentrum.hu\"}]}<\/script>\n<!-- \/ Yoast SEO plugin. -->","yoast_head_json":{"title":"K\u00edna \u00e9s Spanyolorsz\u00e1g fejleszti a filmm\u0171v\u00e9szeti egy\u00fcttm\u0171k\u00f6d\u00e9st - kinaikaleidoszkop.hu","robots":{"index":"index","follow":"follow","max-snippet":"max-snippet:-1","max-image-preview":"max-image-preview:large","max-video-preview":"max-video-preview:-1"},"canonical":"https:\/\/pestcentrum.hu\/2025\/04\/12\/kina-es-spanyolorszag-fejleszti-a-filmmuveszeti-egyuttmukodest\/","og_locale":"hu_HU","og_type":"article","og_title":"K\u00edna \u00e9s Spanyolorsz\u00e1g fejleszti a filmm\u0171v\u00e9szeti egy\u00fcttm\u0171k\u00f6d\u00e9st - kinaikaleidoszkop.hu","og_description":"\u00c1prilis 11-\u00e9n K\u00edn\u00e1ba l\u00e1togatott Pedro S\u00e1nchez spanyol minisztereln\u00f6k. L\u00e1togat\u00e1sa sor\u00e1n K\u00edna \u00e9s Spanyolorsz\u00e1g al\u00e1\u00edrta a K\u00ednai N\u00e9pk\u00f6zt\u00e1rsas\u00e1g \u00c1llami Film\u00fcgyi Hivatala \u00e9s a Spanyol Kir\u00e1lys\u00e1g Film- \u00e9s Audiovizu\u00e1lis M\u0171v\u00e9szeti Hivatala k\u00f6z\u00f6tti filmm\u0171v\u00e9szeti egy\u00fcttm\u0171k\u00f6d\u00e9sr\u0151l sz\u00f3l\u00f3 egyet\u00e9rt\u00e9si nyilatkozatot is. A dokumentum szerint K\u00edna \u00e9s Spanyolorsz\u00e1g tov\u00e1bb m\u00e9ly\u00edti filmes cserekapcsolatait \u00e9s egy\u00fcttm\u0171k\u00f6d\u00e9s\u00e9t, s kiterjeszti azt a fesztiv\u00e1lokon \u00e9s ki\u00e1ll\u00edt\u00e1sokon [&hellip;]","og_url":"https:\/\/kinaikaleidoszkop.hu\/index.php\/2025\/04\/12\/kina-es-spanyolorszag-fejleszti-a-filmmuveszeti-egyuttmukodest\/","og_site_name":"kinaikaleidoszkop.hu","article_published_time":"2025-04-12T18:51:30+00:00","article_modified_time":"2025-04-14T11:17:56+00:00","og_image":[{"width":1080,"height":613,"url":"https:\/\/kinaikaleidoszkop.hu\/wp-content\/uploads\/2025\/04\/0412Lea3.jpg","type":"image\/jpeg"}],"author":"Szerk_Erik","twitter_card":"summary_large_image","twitter_misc":{"Szerz\u0151:":"PestCentrum","Becs\u00fclt olvas\u00e1si id\u0151":"2 perc"},"schema":{"@context":"https:\/\/schema.org","@graph":[{"@type":"WebPage","@id":"https:\/\/kinaikaleidoszkop.hu\/index.php\/2025\/04\/12\/kina-es-spanyolorszag-fejleszti-a-filmmuveszeti-egyuttmukodest\/","url":"https:\/\/kinaikaleidoszkop.hu\/index.php\/2025\/04\/12\/kina-es-spanyolorszag-fejleszti-a-filmmuveszeti-egyuttmukodest\/","name":"K\u00edna \u00e9s Spanyolorsz\u00e1g fejleszti a filmm\u0171v\u00e9szeti egy\u00fcttm\u0171k\u00f6d\u00e9st - kinaikaleidoszkop.hu","isPartOf":{"@id":"https:\/\/kinaikaleidoszkop.hu\/#website"},"primaryImageOfPage":{"@id":"https:\/\/kinaikaleidoszkop.hu\/index.php\/2025\/04\/12\/kina-es-spanyolorszag-fejleszti-a-filmmuveszeti-egyuttmukodest\/#primaryimage"},"image":{"@id":"https:\/\/kinaikaleidoszkop.hu\/index.php\/2025\/04\/12\/kina-es-spanyolorszag-fejleszti-a-filmmuveszeti-egyuttmukodest\/#primaryimage"},"thumbnailUrl":"https:\/\/kinaikaleidoszkop.hu\/wp-content\/uploads\/2025\/04\/0412Lea3.jpg","datePublished":"2025-04-12T18:51:30+00:00","dateModified":"2025-04-14T11:17:56+00:00","author":{"@id":"https:\/\/kinaikaleidoszkop.hu\/#\/schema\/person\/4d69b71e7e70322713b9d9287b610556"},"breadcrumb":{"@id":"https:\/\/kinaikaleidoszkop.hu\/index.php\/2025\/04\/12\/kina-es-spanyolorszag-fejleszti-a-filmmuveszeti-egyuttmukodest\/#breadcrumb"},"inLanguage":"hu","potentialAction":[{"@type":"ReadAction","target":["https:\/\/kinaikaleidoszkop.hu\/index.php\/2025\/04\/12\/kina-es-spanyolorszag-fejleszti-a-filmmuveszeti-egyuttmukodest\/"]}]},{"@type":"ImageObject","inLanguage":"hu","@id":"https:\/\/kinaikaleidoszkop.hu\/index.php\/2025\/04\/12\/kina-es-spanyolorszag-fejleszti-a-filmmuveszeti-egyuttmukodest\/#primaryimage","url":"https:\/\/kinaikaleidoszkop.hu\/wp-content\/uploads\/2025\/04\/0412Lea3.jpg","contentUrl":"https:\/\/kinaikaleidoszkop.hu\/wp-content\/uploads\/2025\/04\/0412Lea3.jpg","width":1080,"height":613},{"@type":"BreadcrumbList","@id":"https:\/\/kinaikaleidoszkop.hu\/index.php\/2025\/04\/12\/kina-es-spanyolorszag-fejleszti-a-filmmuveszeti-egyuttmukodest\/#breadcrumb","itemListElement":[{"@type":"ListItem","position":1,"name":"Kezd\u0151lap","item":"https:\/\/kinaikaleidoszkop.hu\/"},{"@type":"ListItem","position":2,"name":"K\u00edna \u00e9s Spanyolorsz\u00e1g fejleszti a filmm\u0171v\u00e9szeti egy\u00fcttm\u0171k\u00f6d\u00e9st"}]},{"@type":"WebSite","@id":"https:\/\/kinaikaleidoszkop.hu\/#website","url":"https:\/\/kinaikaleidoszkop.hu\/","name":"kinaikaleidoszkop.hu","description":"","potentialAction":[{"@type":"SearchAction","target":{"@type":"EntryPoint","urlTemplate":"https:\/\/kinaikaleidoszkop.hu\/?s={search_term_string}"},"query-input":{"@type":"PropertyValueSpecification","valueRequired":true,"valueName":"search_term_string"}}],"inLanguage":"hu"},{"@type":"Person","@id":"https:\/\/kinaikaleidoszkop.hu\/#\/schema\/person\/4d69b71e7e70322713b9d9287b610556","name":"Szerk_Erik","image":{"@type":"ImageObject","inLanguage":"hu","@id":"https:\/\/kinaikaleidoszkop.hu\/#\/schema\/person\/image\/","url":"https:\/\/secure.gravatar.com\/avatar\/3c1e909a14c0c91d2eaef877aaacb584c667f8e7137de69653aa9561fd0e8062?s=96&d=mm&r=g","contentUrl":"https:\/\/secure.gravatar.com\/avatar\/3c1e909a14c0c91d2eaef877aaacb584c667f8e7137de69653aa9561fd0e8062?s=96&d=mm&r=g","caption":"Szerk_Erik"},"url":"https:\/\/pestcentrum.hu"}]}},"views":205,"distributor_meta":false,"distributor_terms":false,"distributor_media":false,"distributor_original_site_name":"PestCentrum","distributor_original_site_url":"https:\/\/pestcentrum.hu","push-errors":false,"_links":{"self":[{"href":"https:\/\/kinaikaleidoszkop.hu\/index.php\/wp-json\/wp\/v2\/posts\/25421","targetHints":{"allow":["GET"]}}],"collection":[{"href":"https:\/\/kinaikaleidoszkop.hu\/index.php\/wp-json\/wp\/v2\/posts"}],"about":[{"href":"https:\/\/kinaikaleidoszkop.hu\/index.php\/wp-json\/wp\/v2\/types\/post"}],"author":[{"embeddable":true,"href":"https:\/\/kinaikaleidoszkop.hu\/index.php\/wp-json\/wp\/v2\/users\/7"}],"replies":[{"embeddable":true,"href":"https:\/\/kinaikaleidoszkop.hu\/index.php\/wp-json\/wp\/v2\/comments?post=25421"}],"version-history":[{"count":1,"href":"https:\/\/kinaikaleidoszkop.hu\/index.php\/wp-json\/wp\/v2\/posts\/25421\/revisions"}],"predecessor-version":[{"id":25445,"href":"https:\/\/kinaikaleidoszkop.hu\/index.php\/wp-json\/wp\/v2\/posts\/25421\/revisions\/25445"}],"wp:featuredmedia":[{"embeddable":true,"href":"https:\/\/kinaikaleidoszkop.hu\/index.php\/wp-json\/wp\/v2\/media\/25447"}],"wp:attachment":[{"href":"https:\/\/kinaikaleidoszkop.hu\/index.php\/wp-json\/wp\/v2\/media?parent=25421"}],"wp:term":[{"taxonomy":"category","embeddable":true,"href":"https:\/\/kinaikaleidoszkop.hu\/index.php\/wp-json\/wp\/v2\/categories?post=25421"},{"taxonomy":"post_tag","embeddable":true,"href":"https:\/\/kinaikaleidoszkop.hu\/index.php\/wp-json\/wp\/v2\/tags?post=25421"}],"curies":[{"name":"wp","href":"https:\/\/api.w.org\/{rel}","templated":true}]}}