{"id":25734,"date":"2025-05-10T15:28:18","date_gmt":"2025-05-10T13:28:18","guid":{"rendered":"https:\/\/kinaikaleidoszkop.hu\/index.php\/2025\/05\/10\/cmg-kommentar-kina-es-oroszorszag-kulonleges-felelosseget-vallal-a-vilag-fele\/"},"modified":"2025-05-10T15:28:18","modified_gmt":"2025-05-10T13:28:18","slug":"cmg-kommentar-kina-es-oroszorszag-kulonleges-felelosseget-vallal-a-vilag-fele","status":"publish","type":"post","link":"https:\/\/kinaikaleidoszkop.hu\/index.php\/2025\/05\/10\/cmg-kommentar-kina-es-oroszorszag-kulonleges-felelosseget-vallal-a-vilag-fele\/","title":{"rendered":"CMG-komment\u00e1r: K\u00edna \u00e9s Oroszorsz\u00e1g \u201ek\u00fcl\u00f6nleges felel\u0151ss\u00e9get\u201d v\u00e1llal a vil\u00e1g fel\u00e9"},"content":{"rendered":"\n<p><strong>A nemzetk\u00f6zi m\u00e9dia kiemelt figyelmet szentelt Hszi Csin-ping k\u00ednai \u00e1llameln\u00f6k m\u00e1jus 7. \u00e9s 10. k\u00f6z\u00f6tt Oroszorsz\u00e1gban tett \u00e1llami l\u00e1togat\u00e1s\u00e1nak, valamint a Szovjetuni\u00f3 Nagy Honv\u00e9d\u0151 H\u00e1bor\u00faja gy\u0151zelm\u00e9nek 80. \u00e9vfordul\u00f3ja alkalm\u00e1b\u00f3l rendezett \u00fcnneps\u00e9gen val\u00f3 r\u00e9szv\u00e9tel\u00e9nek. K. V. Babajev, az Orosz Tudom\u00e1nyos Akad\u00e9mia K\u00edna \u00e9s Modern-\u00c1zsia Int\u00e9zet\u00e9nek igazgat\u00f3ja a CMG-komment\u00e1rnak r\u00e1mutatott, Oroszorsz\u00e1g \u00e9s K\u00edna egy\u00e9rtelm\u0171v\u00e9 tette, hogy bar\u00e1ts\u00e1guk \u00e9s strat\u00e9giai egy\u00fcttm\u0171k\u00f6d\u00e9si partners\u00e9g\u00fck er\u0151sebb, mint valaha, \u00e9s fontos er\u0151v\u00e9 v\u00e1lt a nemzetk\u00f6zi helyzet stabiliz\u00e1l\u00e1s\u00e1ban.<\/strong><\/p>\n\n\n<div class=\"wp-block-image\">\n<figure class=\"aligncenter size-full\"><img decoding=\"async\" src=\"https:\/\/pestcentrum.hu\/wp-content\/uploads\/2025\/05\/0510-1.jpeg\" alt=\"\" class=\"wp-image-30898\"\/><\/figure>\n<\/div>\n\n\n<p>Zhang Hong, a K\u00ednai T\u00e1rsadalomtudom\u00e1nyi Akad\u00e9mia Orosz, Kelet-Eur\u00f3pai \u00e9s K\u00f6z\u00e9p-\u00c1zsiai Tanulm\u00e1nyok Kutat\u00f3int\u00e9zet\u00e9nek kutat\u00f3ja szerint K\u00edna \u00e9s Oroszorsz\u00e1g nagyra \u00e9rt\u00e9keli a k\u00e9toldal\u00fa kapcsolatok jelenlegi szintj\u00e9t, ami azt mutatja, hogy nemcsak magas szint\u0171 k\u00f6lcs\u00f6n\u00f6s strat\u00e9giai \u00e9s biztons\u00e1gi bizalommal rendelkeznek, hanem nagyon kiterjedt \u00e9s m\u00e9lyrehat\u00f3 egy\u00fcttm\u0171k\u00f6d\u00e9st is folytatnak sz\u00e1mos ter\u00fcleten.<\/p>\n\n\n\n<p>Hszi Csin-ping l\u00e1togat\u00e1sa sor\u00e1n a k\u00ednai \u00e9s az orosz \u00e1llamf\u0151 megbesz\u00e9l\u00e9st folytatott, \u00e9s meg\u00e1llapodott a strat\u00e9giai egy\u00fcttm\u0171k\u00f6d\u00e9s rend\u00edthetetlen elm\u00e9ly\u00edt\u00e9s\u00e9ben, a k\u00ednai\u2013orosz kapcsolatok stabil, eg\u00e9szs\u00e9ges \u00e9s magas szint\u0171 fejl\u0151d\u00e9s\u00e9nek el\u0151seg\u00edt\u00e9s\u00e9ben, a m\u00e1sodik vil\u00e1gh\u00e1bor\u00fa t\u00f6rt\u00e9nete helyes felfog\u00e1s\u00e1nak terjeszt\u00e9s\u00e9ben, az ENSZ tekint\u00e9ly\u00e9nek \u00e9s st\u00e1tusz\u00e1nak megv\u00e9d\u00e9s\u00e9ben, valamint a nemzetk\u00f6zi m\u00e9lt\u00e1nyoss\u00e1g \u00e9s igazs\u00e1goss\u00e1g \u00f3v\u00e1s\u00e1ban. A k\u00e9t f\u00e9l t\u00f6bb k\u00f6z\u00f6s nyilatkozatot \u00edrt al\u00e1 \u00e9s adott ki, amelyekben elismert\u00e9k, hogy a jelenlegi k\u00ednai\u2013orosz kapcsolatok t\u00f6rt\u00e9nelmileg a legmagasabb szintre jutottak, \u00e9s p\u00e9ld\u00e1t mutatnak az \u00faj t\u00edpus\u00fa nemzetk\u00f6zi kapcsolatok ki\u00e9p\u00edt\u00e9s\u00e9re. A k\u00e9t f\u00e9l kifejezte tov\u00e1bb\u00e1 elk\u00f6telezetts\u00e9g\u00e9t a glob\u00e1lis strat\u00e9giai stabilit\u00e1s k\u00f6z\u00f6s fenntart\u00e1sa \u00e9s a nemzetk\u00f6zi jog tekint\u00e9ly\u00e9nek meg\u0151rz\u00e9se mellett.<\/p>\n\n\n\n<p>A 80 \u00e9vvel ezel\u0151tti m\u00e1sodik vil\u00e1gh\u00e1bor\u00fa t\u00f6rt\u00e9nelmi eml\u00e9kezet\u00e9t egyes orsz\u00e1gok ma eltorz\u00edtj\u00e1k \u00e9s megzavarj\u00e1k. Eltorz\u00edtott t\u00f6rt\u00e9nelmi n\u00e9zeteket terjesztettek el\u0151, ilyen p\u00e9ld\u00e1ul az \u00fagynevezett \u201eNyugat-k\u00f6zpont\u00fas\u00e1g&#8221; \u00e9s \u201eK\u00edna figyelmen k\u00edv\u00fcl hagy\u00e1sa&#8221;, megpr\u00f3b\u00e1lnak a geopolitik\u00e1t szolg\u00e1l\u00f3 hamis t\u00f6rt\u00e9nelmi narrat\u00edv\u00e1t fel\u00e9p\u00edteni, hogy gyeng\u00edts\u00e9k K\u00edna \u00e9s Oroszorsz\u00e1g nemzetk\u00f6zi diskurzus\u00e1nak erej\u00e9t, \u00e9s megv\u00e9dj\u00e9k saj\u00e1t hegem\u00f3n \u00e9rdekeiket. V\u00e1laszul K\u00edna \u00e9s Oroszorsz\u00e1g hat\u00e1rozott harcot ind\u00edtott. A k\u00f6z\u00f6s nyilatkozat kifejezte azt az elhat\u00e1roz\u00e1st, hogy hat\u00e1rozottan megv\u00e9di a m\u00e1sodik vil\u00e1gh\u00e1bor\u00fa gy\u0151zelm\u00e9nek eredm\u00e9nyeit, hogy megakad\u00e1lyozza az emberellenes n\u00e1cizmus \u00e9s a faji fels\u0151bbrend\u0171s\u00e9g eszm\u00e9inek \u00fajj\u00e1\u00e9led\u00e9s\u00e9t, \u00e9s felsz\u00f3l\u00edtja a nemzetk\u00f6zi k\u00f6z\u00f6ss\u00e9get a N\u00fcrnbergi Nemzetk\u00f6zi Katonai T\u00f6rv\u00e9nysz\u00e9k \u00e9s a T\u00e1vol-Keleti Nemzetk\u00f6zi Katonai T\u00f6rv\u00e9nysz\u00e9k \u00e1ltal meg\u00e1llap\u00edtott alapelvek tiszteletben tart\u00e1s\u00e1ra \u00e9s v\u00e9delm\u00e9re.<\/p>\n\n\n\n<p>Napjainkban a protekcionizmus er\u0151s\u00f6dik, a glob\u00e1lis fejl\u0151d\u00e9s pedig kiegyens\u00falyozatlan. K\u00edna \u00e9s Oroszorsz\u00e1g elk\u00f6telezett amellett, hogy \u201et\u00e1rsak legyenek a fejl\u0151d\u00e9sben \u00e9s a revitaliz\u00e1ci\u00f3ban\u201d, \u00e9s lend\u00fcletet adjanak a vil\u00e1ggazdas\u00e1g fellend\u00fcl\u00e9s\u00e9nek. Hszi Csin-ping l\u00e1togat\u00e1sa sor\u00e1n a k\u00e9t f\u00e9l t\u00f6bb mint 20 k\u00e9toldal\u00fa egy\u00fcttm\u0171k\u00f6d\u00e9si dokumentumot cser\u00e9lt ki, amelyek sz\u00e1mos ter\u00fcletet \u00e9rintenek, bele\u00e9rtve a befektet\u00e9sv\u00e9delmet, a digit\u00e1lis gazdas\u00e1got, a karant\u00e9nt \u00e9s a filmes egy\u00fcttm\u0171k\u00f6d\u00e9seket. A k\u00e9t f\u00e9l kifejezte k\u00e9szs\u00e9g\u00e9t arra, hogy tov\u00e1bbra is egy\u00fcttm\u0171k\u00f6djenek a vil\u00e1ggazdas\u00e1gra nehezed\u0151 &#8211; lefel\u00e9 ir\u00e1nyul\u00f3 &#8211; nyom\u00e1s kezel\u00e9se \u00e9rdek\u00e9ben, \u00e9s a Glob\u00e1lis D\u00e9l t\u00f6bb orsz\u00e1g\u00e1t \u00f6szt\u00f6n\u00f6zz\u00e9k a nemzetk\u00f6zi \u00e9s region\u00e1lis kereskedelemben val\u00f3 r\u00e9szv\u00e9telre.<\/p>\n\n\n\n<p>A megbesz\u00e9l\u00e9sek sor\u00e1n a k\u00ednai \u00e9s az orosz \u00e1llamf\u0151 hangs\u00falyozta a szoros koordin\u00e1ci\u00f3 \u00e9s egy\u00fcttm\u0171k\u00f6d\u00e9s sz\u00fcks\u00e9gess\u00e9g\u00e9t olyan t\u00f6bboldal\u00fa platformokon, mint az ENSZ, a Sanghaji Egy\u00fcttm\u0171k\u00f6d\u00e9si Szervezet \u00e9s a BRICS. K\u00edna kifejezte k\u00e9szs\u00e9g\u00e9t arra, hogy Oroszorsz\u00e1ggal egy\u00fcttm\u0171k\u00f6dve fenntartsa a glob\u00e1lis multilater\u00e1lis kereskedelmi rendszer, valamint az ipari- \u00e9s ell\u00e1t\u00e1si l\u00e1nc stabilit\u00e1s\u00e1t \u00e9s zavartalan m\u0171k\u00f6d\u00e9s\u00e9t. Az orosz f\u00e9l r\u00e1mutatott, hogy a magas v\u00e1mok kivet\u00e9se ellent\u00e9tes a j\u00f3zan \u00e9sszel, t\u00f6rv\u00e9nytelen, \u00e9s csak \u00f6nmag\u00e1ra \u00fct vissza.<\/p>\n\n\n\n<p>A t\u00f6rt\u00e9nelem t\u00fck\u00f6r. 80 \u00e9vvel ezel\u0151tt K\u00edna \u00e9s Oroszorsz\u00e1g egym\u00e1s mellett k\u00fczd\u00f6tt a fasizmus legy\u0151z\u00e9s\u00e9\u00e9rt, megalapozta a k\u00e9toldal\u00fa kapcsolatok magas szint\u0171 fejl\u0151d\u00e9s\u00e9t, \u00e9s b\u00e9k\u00e9t hozott a vil\u00e1gnak. Ma, 80 \u00e9vvel k\u00e9s\u0151bb, a vil\u00e1gban z\u0171rzavar van, \u00e9s az emberis\u00e9g sz\u00e1mos kih\u00edv\u00e1ssal n\u00e9z szembe. Mindaddig, am\u00edg K\u00edna \u00e9s Oroszorsz\u00e1g v\u00e1llvetve v\u00e1llalja a felel\u0151ss\u00e9g\u00e9t, a hegemonizmus nem fog gy\u0151zni, \u00e9s a nemzetk\u00f6zi rend nem fog felborulni.<\/p>\n\n\n\n<p><strong><em>(Qin Liang \u2013 China Media Group)<\/em><\/strong><\/p>\n\n\n\n<p><strong>2025. m\u00e1jus 10.<\/strong><\/p>\n\n\n\n<p><strong><em>(x)<\/em><\/strong><\/p>\n","protected":false},"excerpt":{"rendered":"<p>A nemzetk\u00f6zi m\u00e9dia kiemelt figyelmet szentelt Hszi Csin-ping k\u00ednai \u00e1llameln\u00f6k m\u00e1jus 7. \u00e9s 10. k\u00f6z\u00f6tt Oroszorsz\u00e1gban tett \u00e1llami l\u00e1togat\u00e1s\u00e1nak, valamint a Szovjetuni\u00f3 Nagy Honv\u00e9d\u0151 H\u00e1bor\u00faja gy\u0151zelm\u00e9nek 80. \u00e9vfordul\u00f3ja alkalm\u00e1b\u00f3l rendezett \u00fcnneps\u00e9gen val\u00f3 r\u00e9szv\u00e9tel\u00e9nek. K. V. Babajev, az Orosz Tudom\u00e1nyos Akad\u00e9mia K\u00edna \u00e9s Modern-\u00c1zsia Int\u00e9zet\u00e9nek igazgat\u00f3ja a CMG-komment\u00e1rnak r\u00e1mutatott, Oroszorsz\u00e1g \u00e9s K\u00edna egy\u00e9rtelm\u0171v\u00e9 tette, hogy bar\u00e1ts\u00e1guk [&hellip;]<\/p>\n","protected":false},"author":7,"featured_media":25735,"comment_status":"","ping_status":"","sticky":false,"template":"","format":"standard","meta":{"footnotes":""},"categories":[4797],"tags":[2520,273,414,1024,305,751,3696,326,476],"class_list":["post-25734","post","type-post","status-publish","format-standard","has-post-thumbnail","hentry","category-egyeb-hirek","tag-cmg-kommentar","tag-egyuttmukodes","tag-fejlodes","tag-felelosseg","tag-hszi-csin-ping","tag-ketoldalu-kapcsolatok","tag-kina","tag-kinai-allamelnok","tag-oroszorszag"],"yoast_head":"<!-- This site is optimized with the Yoast SEO plugin v23.7 - https:\/\/yoast.com\/wordpress\/plugins\/seo\/ -->\n<title>CMG-komment\u00e1r: K\u00edna \u00e9s Oroszorsz\u00e1g \u201ek\u00fcl\u00f6nleges felel\u0151ss\u00e9get\u201d v\u00e1llal a vil\u00e1g fel\u00e9 - kinaikaleidoszkop.hu<\/title>\n<meta name=\"robots\" content=\"index, follow, max-snippet:-1, max-image-preview:large, max-video-preview:-1\" \/>\n<link rel=\"canonical\" href=\"https:\/\/pestcentrum.hu\/2025\/05\/10\/cmg-kommentar-kina-es-oroszorszag-kulonleges-felelosseget-vallal-a-vilag-fele\/\" \/>\n<meta property=\"og:locale\" content=\"hu_HU\" \/>\n<meta property=\"og:type\" content=\"article\" \/>\n<meta property=\"og:title\" content=\"CMG-komment\u00e1r: K\u00edna \u00e9s Oroszorsz\u00e1g \u201ek\u00fcl\u00f6nleges felel\u0151ss\u00e9get\u201d v\u00e1llal a vil\u00e1g fel\u00e9 - kinaikaleidoszkop.hu\" \/>\n<meta property=\"og:description\" content=\"A nemzetk\u00f6zi m\u00e9dia kiemelt figyelmet szentelt Hszi Csin-ping k\u00ednai \u00e1llameln\u00f6k m\u00e1jus 7. \u00e9s 10. k\u00f6z\u00f6tt Oroszorsz\u00e1gban tett \u00e1llami l\u00e1togat\u00e1s\u00e1nak, valamint a Szovjetuni\u00f3 Nagy Honv\u00e9d\u0151 H\u00e1bor\u00faja gy\u0151zelm\u00e9nek 80. \u00e9vfordul\u00f3ja alkalm\u00e1b\u00f3l rendezett \u00fcnneps\u00e9gen val\u00f3 r\u00e9szv\u00e9tel\u00e9nek. K. V. Babajev, az Orosz Tudom\u00e1nyos Akad\u00e9mia K\u00edna \u00e9s Modern-\u00c1zsia Int\u00e9zet\u00e9nek igazgat\u00f3ja a CMG-komment\u00e1rnak r\u00e1mutatott, Oroszorsz\u00e1g \u00e9s K\u00edna egy\u00e9rtelm\u0171v\u00e9 tette, hogy bar\u00e1ts\u00e1guk [&hellip;]\" \/>\n<meta property=\"og:url\" content=\"https:\/\/kinaikaleidoszkop.hu\/index.php\/2025\/05\/10\/cmg-kommentar-kina-es-oroszorszag-kulonleges-felelosseget-vallal-a-vilag-fele\/\" \/>\n<meta property=\"og:site_name\" content=\"kinaikaleidoszkop.hu\" \/>\n<meta property=\"article:published_time\" content=\"2025-05-10T13:28:18+00:00\" \/>\n<meta property=\"og:image\" content=\"https:\/\/kinaikaleidoszkop.hu\/wp-content\/uploads\/2025\/05\/0510-1.jpeg\" \/>\n\t<meta property=\"og:image:width\" content=\"2000\" \/>\n\t<meta property=\"og:image:height\" content=\"1299\" \/>\n\t<meta property=\"og:image:type\" content=\"image\/jpeg\" \/>\n<meta name=\"author\" content=\"Szerk_Erik\" \/>\n<meta name=\"twitter:card\" content=\"summary_large_image\" \/>\n<meta name=\"twitter:label1\" content=\"Szerz\u0151:\" \/>\n\t<meta name=\"twitter:data1\" content=\"PestCentrum\" \/>\n\t<meta name=\"twitter:label2\" content=\"Becs\u00fclt olvas\u00e1si id\u0151\" \/>\n\t<meta name=\"twitter:data2\" content=\"4 perc\" \/>\n<script type=\"application\/ld+json\" class=\"yoast-schema-graph\">{\"@context\":\"https:\/\/schema.org\",\"@graph\":[{\"@type\":\"WebPage\",\"@id\":\"https:\/\/kinaikaleidoszkop.hu\/index.php\/2025\/05\/10\/cmg-kommentar-kina-es-oroszorszag-kulonleges-felelosseget-vallal-a-vilag-fele\/\",\"url\":\"https:\/\/kinaikaleidoszkop.hu\/index.php\/2025\/05\/10\/cmg-kommentar-kina-es-oroszorszag-kulonleges-felelosseget-vallal-a-vilag-fele\/\",\"name\":\"CMG-komment\u00e1r: K\u00edna \u00e9s Oroszorsz\u00e1g \u201ek\u00fcl\u00f6nleges felel\u0151ss\u00e9get\u201d v\u00e1llal a vil\u00e1g fel\u00e9 - kinaikaleidoszkop.hu\",\"isPartOf\":{\"@id\":\"https:\/\/kinaikaleidoszkop.hu\/#website\"},\"primaryImageOfPage\":{\"@id\":\"https:\/\/kinaikaleidoszkop.hu\/index.php\/2025\/05\/10\/cmg-kommentar-kina-es-oroszorszag-kulonleges-felelosseget-vallal-a-vilag-fele\/#primaryimage\"},\"image\":{\"@id\":\"https:\/\/kinaikaleidoszkop.hu\/index.php\/2025\/05\/10\/cmg-kommentar-kina-es-oroszorszag-kulonleges-felelosseget-vallal-a-vilag-fele\/#primaryimage\"},\"thumbnailUrl\":\"https:\/\/kinaikaleidoszkop.hu\/wp-content\/uploads\/2025\/05\/0510-1.jpeg\",\"datePublished\":\"2025-05-10T13:28:18+00:00\",\"dateModified\":\"2025-05-10T13:28:18+00:00\",\"author\":{\"@id\":\"https:\/\/kinaikaleidoszkop.hu\/#\/schema\/person\/4d69b71e7e70322713b9d9287b610556\"},\"breadcrumb\":{\"@id\":\"https:\/\/kinaikaleidoszkop.hu\/index.php\/2025\/05\/10\/cmg-kommentar-kina-es-oroszorszag-kulonleges-felelosseget-vallal-a-vilag-fele\/#breadcrumb\"},\"inLanguage\":\"hu\",\"potentialAction\":[{\"@type\":\"ReadAction\",\"target\":[\"https:\/\/kinaikaleidoszkop.hu\/index.php\/2025\/05\/10\/cmg-kommentar-kina-es-oroszorszag-kulonleges-felelosseget-vallal-a-vilag-fele\/\"]}]},{\"@type\":\"ImageObject\",\"inLanguage\":\"hu\",\"@id\":\"https:\/\/kinaikaleidoszkop.hu\/index.php\/2025\/05\/10\/cmg-kommentar-kina-es-oroszorszag-kulonleges-felelosseget-vallal-a-vilag-fele\/#primaryimage\",\"url\":\"https:\/\/kinaikaleidoszkop.hu\/wp-content\/uploads\/2025\/05\/0510-1.jpeg\",\"contentUrl\":\"https:\/\/kinaikaleidoszkop.hu\/wp-content\/uploads\/2025\/05\/0510-1.jpeg\",\"width\":2000,\"height\":1299},{\"@type\":\"BreadcrumbList\",\"@id\":\"https:\/\/kinaikaleidoszkop.hu\/index.php\/2025\/05\/10\/cmg-kommentar-kina-es-oroszorszag-kulonleges-felelosseget-vallal-a-vilag-fele\/#breadcrumb\",\"itemListElement\":[{\"@type\":\"ListItem\",\"position\":1,\"name\":\"Kezd\u0151lap\",\"item\":\"https:\/\/kinaikaleidoszkop.hu\/\"},{\"@type\":\"ListItem\",\"position\":2,\"name\":\"CMG-komment\u00e1r: K\u00edna \u00e9s Oroszorsz\u00e1g \u201ek\u00fcl\u00f6nleges felel\u0151ss\u00e9get\u201d v\u00e1llal a vil\u00e1g fel\u00e9\"}]},{\"@type\":\"WebSite\",\"@id\":\"https:\/\/kinaikaleidoszkop.hu\/#website\",\"url\":\"https:\/\/kinaikaleidoszkop.hu\/\",\"name\":\"kinaikaleidoszkop.hu\",\"description\":\"\",\"potentialAction\":[{\"@type\":\"SearchAction\",\"target\":{\"@type\":\"EntryPoint\",\"urlTemplate\":\"https:\/\/kinaikaleidoszkop.hu\/?s={search_term_string}\"},\"query-input\":{\"@type\":\"PropertyValueSpecification\",\"valueRequired\":true,\"valueName\":\"search_term_string\"}}],\"inLanguage\":\"hu\"},{\"@type\":\"Person\",\"@id\":\"https:\/\/kinaikaleidoszkop.hu\/#\/schema\/person\/4d69b71e7e70322713b9d9287b610556\",\"name\":\"Szerk_Erik\",\"image\":{\"@type\":\"ImageObject\",\"inLanguage\":\"hu\",\"@id\":\"https:\/\/kinaikaleidoszkop.hu\/#\/schema\/person\/image\/\",\"url\":\"https:\/\/secure.gravatar.com\/avatar\/3c1e909a14c0c91d2eaef877aaacb584c667f8e7137de69653aa9561fd0e8062?s=96&d=mm&r=g\",\"contentUrl\":\"https:\/\/secure.gravatar.com\/avatar\/3c1e909a14c0c91d2eaef877aaacb584c667f8e7137de69653aa9561fd0e8062?s=96&d=mm&r=g\",\"caption\":\"Szerk_Erik\"},\"url\":\"https:\/\/pestcentrum.hu\"}]}<\/script>\n<!-- \/ Yoast SEO plugin. -->","yoast_head_json":{"title":"CMG-komment\u00e1r: K\u00edna \u00e9s Oroszorsz\u00e1g \u201ek\u00fcl\u00f6nleges felel\u0151ss\u00e9get\u201d v\u00e1llal a vil\u00e1g fel\u00e9 - kinaikaleidoszkop.hu","robots":{"index":"index","follow":"follow","max-snippet":"max-snippet:-1","max-image-preview":"max-image-preview:large","max-video-preview":"max-video-preview:-1"},"canonical":"https:\/\/pestcentrum.hu\/2025\/05\/10\/cmg-kommentar-kina-es-oroszorszag-kulonleges-felelosseget-vallal-a-vilag-fele\/","og_locale":"hu_HU","og_type":"article","og_title":"CMG-komment\u00e1r: K\u00edna \u00e9s Oroszorsz\u00e1g \u201ek\u00fcl\u00f6nleges felel\u0151ss\u00e9get\u201d v\u00e1llal a vil\u00e1g fel\u00e9 - kinaikaleidoszkop.hu","og_description":"A nemzetk\u00f6zi m\u00e9dia kiemelt figyelmet szentelt Hszi Csin-ping k\u00ednai \u00e1llameln\u00f6k m\u00e1jus 7. \u00e9s 10. k\u00f6z\u00f6tt Oroszorsz\u00e1gban tett \u00e1llami l\u00e1togat\u00e1s\u00e1nak, valamint a Szovjetuni\u00f3 Nagy Honv\u00e9d\u0151 H\u00e1bor\u00faja gy\u0151zelm\u00e9nek 80. \u00e9vfordul\u00f3ja alkalm\u00e1b\u00f3l rendezett \u00fcnneps\u00e9gen val\u00f3 r\u00e9szv\u00e9tel\u00e9nek. K. V. Babajev, az Orosz Tudom\u00e1nyos Akad\u00e9mia K\u00edna \u00e9s Modern-\u00c1zsia Int\u00e9zet\u00e9nek igazgat\u00f3ja a CMG-komment\u00e1rnak r\u00e1mutatott, Oroszorsz\u00e1g \u00e9s K\u00edna egy\u00e9rtelm\u0171v\u00e9 tette, hogy bar\u00e1ts\u00e1guk [&hellip;]","og_url":"https:\/\/kinaikaleidoszkop.hu\/index.php\/2025\/05\/10\/cmg-kommentar-kina-es-oroszorszag-kulonleges-felelosseget-vallal-a-vilag-fele\/","og_site_name":"kinaikaleidoszkop.hu","article_published_time":"2025-05-10T13:28:18+00:00","og_image":[{"width":2000,"height":1299,"url":"https:\/\/kinaikaleidoszkop.hu\/wp-content\/uploads\/2025\/05\/0510-1.jpeg","type":"image\/jpeg"}],"author":"Szerk_Erik","twitter_card":"summary_large_image","twitter_misc":{"Szerz\u0151:":"PestCentrum","Becs\u00fclt olvas\u00e1si id\u0151":"4 perc"},"schema":{"@context":"https:\/\/schema.org","@graph":[{"@type":"WebPage","@id":"https:\/\/kinaikaleidoszkop.hu\/index.php\/2025\/05\/10\/cmg-kommentar-kina-es-oroszorszag-kulonleges-felelosseget-vallal-a-vilag-fele\/","url":"https:\/\/kinaikaleidoszkop.hu\/index.php\/2025\/05\/10\/cmg-kommentar-kina-es-oroszorszag-kulonleges-felelosseget-vallal-a-vilag-fele\/","name":"CMG-komment\u00e1r: K\u00edna \u00e9s Oroszorsz\u00e1g \u201ek\u00fcl\u00f6nleges felel\u0151ss\u00e9get\u201d v\u00e1llal a vil\u00e1g fel\u00e9 - kinaikaleidoszkop.hu","isPartOf":{"@id":"https:\/\/kinaikaleidoszkop.hu\/#website"},"primaryImageOfPage":{"@id":"https:\/\/kinaikaleidoszkop.hu\/index.php\/2025\/05\/10\/cmg-kommentar-kina-es-oroszorszag-kulonleges-felelosseget-vallal-a-vilag-fele\/#primaryimage"},"image":{"@id":"https:\/\/kinaikaleidoszkop.hu\/index.php\/2025\/05\/10\/cmg-kommentar-kina-es-oroszorszag-kulonleges-felelosseget-vallal-a-vilag-fele\/#primaryimage"},"thumbnailUrl":"https:\/\/kinaikaleidoszkop.hu\/wp-content\/uploads\/2025\/05\/0510-1.jpeg","datePublished":"2025-05-10T13:28:18+00:00","dateModified":"2025-05-10T13:28:18+00:00","author":{"@id":"https:\/\/kinaikaleidoszkop.hu\/#\/schema\/person\/4d69b71e7e70322713b9d9287b610556"},"breadcrumb":{"@id":"https:\/\/kinaikaleidoszkop.hu\/index.php\/2025\/05\/10\/cmg-kommentar-kina-es-oroszorszag-kulonleges-felelosseget-vallal-a-vilag-fele\/#breadcrumb"},"inLanguage":"hu","potentialAction":[{"@type":"ReadAction","target":["https:\/\/kinaikaleidoszkop.hu\/index.php\/2025\/05\/10\/cmg-kommentar-kina-es-oroszorszag-kulonleges-felelosseget-vallal-a-vilag-fele\/"]}]},{"@type":"ImageObject","inLanguage":"hu","@id":"https:\/\/kinaikaleidoszkop.hu\/index.php\/2025\/05\/10\/cmg-kommentar-kina-es-oroszorszag-kulonleges-felelosseget-vallal-a-vilag-fele\/#primaryimage","url":"https:\/\/kinaikaleidoszkop.hu\/wp-content\/uploads\/2025\/05\/0510-1.jpeg","contentUrl":"https:\/\/kinaikaleidoszkop.hu\/wp-content\/uploads\/2025\/05\/0510-1.jpeg","width":2000,"height":1299},{"@type":"BreadcrumbList","@id":"https:\/\/kinaikaleidoszkop.hu\/index.php\/2025\/05\/10\/cmg-kommentar-kina-es-oroszorszag-kulonleges-felelosseget-vallal-a-vilag-fele\/#breadcrumb","itemListElement":[{"@type":"ListItem","position":1,"name":"Kezd\u0151lap","item":"https:\/\/kinaikaleidoszkop.hu\/"},{"@type":"ListItem","position":2,"name":"CMG-komment\u00e1r: K\u00edna \u00e9s Oroszorsz\u00e1g \u201ek\u00fcl\u00f6nleges felel\u0151ss\u00e9get\u201d v\u00e1llal a vil\u00e1g fel\u00e9"}]},{"@type":"WebSite","@id":"https:\/\/kinaikaleidoszkop.hu\/#website","url":"https:\/\/kinaikaleidoszkop.hu\/","name":"kinaikaleidoszkop.hu","description":"","potentialAction":[{"@type":"SearchAction","target":{"@type":"EntryPoint","urlTemplate":"https:\/\/kinaikaleidoszkop.hu\/?s={search_term_string}"},"query-input":{"@type":"PropertyValueSpecification","valueRequired":true,"valueName":"search_term_string"}}],"inLanguage":"hu"},{"@type":"Person","@id":"https:\/\/kinaikaleidoszkop.hu\/#\/schema\/person\/4d69b71e7e70322713b9d9287b610556","name":"Szerk_Erik","image":{"@type":"ImageObject","inLanguage":"hu","@id":"https:\/\/kinaikaleidoszkop.hu\/#\/schema\/person\/image\/","url":"https:\/\/secure.gravatar.com\/avatar\/3c1e909a14c0c91d2eaef877aaacb584c667f8e7137de69653aa9561fd0e8062?s=96&d=mm&r=g","contentUrl":"https:\/\/secure.gravatar.com\/avatar\/3c1e909a14c0c91d2eaef877aaacb584c667f8e7137de69653aa9561fd0e8062?s=96&d=mm&r=g","caption":"Szerk_Erik"},"url":"https:\/\/pestcentrum.hu"}]}},"views":161,"distributor_meta":false,"distributor_terms":false,"distributor_media":false,"distributor_original_site_name":"PestCentrum","distributor_original_site_url":"https:\/\/pestcentrum.hu","push-errors":false,"_links":{"self":[{"href":"https:\/\/kinaikaleidoszkop.hu\/index.php\/wp-json\/wp\/v2\/posts\/25734","targetHints":{"allow":["GET"]}}],"collection":[{"href":"https:\/\/kinaikaleidoszkop.hu\/index.php\/wp-json\/wp\/v2\/posts"}],"about":[{"href":"https:\/\/kinaikaleidoszkop.hu\/index.php\/wp-json\/wp\/v2\/types\/post"}],"author":[{"embeddable":true,"href":"https:\/\/kinaikaleidoszkop.hu\/index.php\/wp-json\/wp\/v2\/users\/7"}],"replies":[{"embeddable":true,"href":"https:\/\/kinaikaleidoszkop.hu\/index.php\/wp-json\/wp\/v2\/comments?post=25734"}],"version-history":[{"count":0,"href":"https:\/\/kinaikaleidoszkop.hu\/index.php\/wp-json\/wp\/v2\/posts\/25734\/revisions"}],"wp:featuredmedia":[{"embeddable":true,"href":"https:\/\/kinaikaleidoszkop.hu\/index.php\/wp-json\/wp\/v2\/media\/25735"}],"wp:attachment":[{"href":"https:\/\/kinaikaleidoszkop.hu\/index.php\/wp-json\/wp\/v2\/media?parent=25734"}],"wp:term":[{"taxonomy":"category","embeddable":true,"href":"https:\/\/kinaikaleidoszkop.hu\/index.php\/wp-json\/wp\/v2\/categories?post=25734"},{"taxonomy":"post_tag","embeddable":true,"href":"https:\/\/kinaikaleidoszkop.hu\/index.php\/wp-json\/wp\/v2\/tags?post=25734"}],"curies":[{"name":"wp","href":"https:\/\/api.w.org\/{rel}","templated":true}]}}