{"id":25878,"date":"2025-05-22T14:26:31","date_gmt":"2025-05-22T12:26:31","guid":{"rendered":"https:\/\/kinaikaleidoszkop.hu\/index.php\/2025\/05\/22\/hszi-csin-ping-telefonon-beszelt-emmanuel-macronnal-2\/"},"modified":"2025-05-22T14:26:31","modified_gmt":"2025-05-22T12:26:31","slug":"hszi-csin-ping-telefonon-beszelt-emmanuel-macronnal-2","status":"publish","type":"post","link":"https:\/\/kinaikaleidoszkop.hu\/index.php\/2025\/05\/22\/hszi-csin-ping-telefonon-beszelt-emmanuel-macronnal-2\/","title":{"rendered":"Hszi Csin-ping telefonon besz\u00e9lt Emmanuel Macronnal"},"content":{"rendered":"\n<p><strong>M\u00e1jus 22-\u00e9n d\u00e9lut\u00e1n Hszi Csin-ping k\u00ednai \u00e1llameln\u00f6k telefonbesz\u00e9lget\u00e9st folytatott Emmanuel Macron francia eln\u00f6kkel.<\/strong><\/p>\n\n\n<div class=\"wp-block-image\">\n<figure class=\"aligncenter size-full\"><img decoding=\"async\" src=\"https:\/\/pestcentrum.hu\/wp-content\/uploads\/2025\/05\/Hszi-Csin-ping-telefonon-beszelt-Emmanuel-Macronnal.jpg\" alt=\"\" class=\"wp-image-31482\"\/><\/figure>\n<\/div>\n\n\n<p>Hszi utalt r\u00e1, hogy tavaly m\u00e1jusi franciaorsz\u00e1gi l\u00e1togat\u00e1sa \u00f3ta a k\u00ednai-francia egy\u00fcttm\u0171k\u00f6d\u00e9sben sz\u00e1mos ter\u00fcleten el\u0151rel\u00e9p\u00e9s t\u00f6rt\u00e9nt. Mint mondta, mindk\u00e9t f\u00e9lnek meg kell er\u0151s\u00edtenie a strat\u00e9giai kommunik\u00e1ci\u00f3t \u00e9s konszenzust kell kialak\u00edtania. \u00dagy v\u00e9lte, \u00e9lni\u00fck kell a lehet\u0151s\u00e9ggel, hogy elm\u00e9ly\u00edts\u00e9k az egy\u00fcttm\u0171k\u00f6d\u00e9st olyan hagyom\u00e1nyos ter\u00fcleteken, mint a beruh\u00e1z\u00e1sok, a rep\u00fcl\u00e9s, az \u0171rkutat\u00e1s \u00e9s az atomenergia, \u00e9s az olyan felt\u00f6rekv\u0151 ter\u00fcleteken, mint a digit\u00e1lis-, a z\u00f6ld gazdas\u00e1g, az orvosbiol\u00f3gia \u00e9s az \u201eez\u00fcst gazdas\u00e1g\u201d. Ezek mellett fokozni sz\u00fcks\u00e9ges a hum\u00e1n csereprogramokat \u00e9s az emberek k\u00f6z\u00f6tti bar\u00e1ts\u00e1g el\u0151mozd\u00edt\u00e1s\u00e1t \u2013 jegyezte meg Hszi Csin-ping.<\/p>\n\n\n\n<p>\u201eId\u00e9n \u00fcnnepelj\u00fck a fasizmus elleni vil\u00e1gh\u00e1bor\u00faban aratott gy\u0151zelem \u00e9s az ENSZ megalap\u00edt\u00e1s\u00e1nak 80. \u00e9vfordul\u00f3j\u00e1t. Az ENSZ Biztons\u00e1gi Tan\u00e1cs\u00e1nak \u00e1lland\u00f3 tagjaik\u00e9nt \u00e9s f\u00fcggetlen nagyhatalmakk\u00e9nt K\u00edna \u00e9s Franciaorsz\u00e1g a h\u00e1bor\u00fa ut\u00e1ni nemzetk\u00f6zi rend alap\u00edt\u00f3i \u00e9s \u00e9p\u00edt\u0151i\u201d \u2013 \u00e1llap\u00edtotta meg Hszi. Hozz\u00e1tette, meg kell er\u0151s\u00edteni a k\u00e9t orsz\u00e1g k\u00f6z\u00f6tti szolidarit\u00e1st \u00e9s az egy\u00fcttm\u0171k\u00f6d\u00e9st, egy\u00fctt kell m\u0171k\u00f6dni\u00fck az ENSZ tekint\u00e9ly\u00e9nek \u00e9s st\u00e1tusz\u00e1nak meg\u0151rz\u00e9se, a nemzetk\u00f6zi kereskedelem \u00e9s a vil\u00e1ggazdas\u00e1gi rend szab\u00e1lyainak fenntart\u00e1sa, valamint a val\u00f3di multilateralizmus gyakorl\u00e1sa \u00e9rdek\u00e9ben.<\/p>\n\n\n\n<p>\u201eA francia-k\u00ednai \u00e9s az eur\u00f3pai-k\u00ednai kapcsolatok l\u00e9tfontoss\u00e1g\u00faak \u00e9s vil\u00e1gm\u00e9ret\u0171 jelent\u0151s\u00e9ggel b\u00edrnak\u201d \u2013 jegyezte meg Emmanuel Macron. A francia eln\u00f6k kifejezte, \u201eFranciaorsz\u00e1g k\u00e9sz meger\u0151s\u00edteni a gazdas\u00e1gi \u00e9s kereskedelmi beruh\u00e1z\u00e1sokat \u00e9s a gyakorlati egy\u00fcttm\u0171k\u00f6d\u00e9st K\u00edn\u00e1val k\u00fcl\u00f6nb\u00f6z\u0151 ter\u00fcleteken, fenntartani a k\u00e9toldal\u00fa kapcsolatok fejl\u0151d\u00e9s\u00e9nek lend\u00fclet\u00e9t, \u00e9s el\u0151mozd\u00edtani a francia-k\u00ednai kapcsolatok nagyobb m\u00e9rt\u00e9k\u0171 fejl\u0151d\u00e9s\u00e9t\u201d.<\/p>\n\n\n\n<p>A k\u00e9t \u00e1llamf\u0151 m\u00e9lyrehat\u00f3 eszmecser\u00e9t folytatott az ukrajnai v\u00e1ls\u00e1gr\u00f3l, a palesztin-izraeli konfliktusr\u00f3l, az ir\u00e1ni nukle\u00e1ris k\u00e9rd\u00e9sr\u0151l \u00e9s m\u00e1s, k\u00f6z\u00f6s \u00e9rdekl\u0151d\u00e9sre sz\u00e1mot tart\u00f3 nemzetk\u00f6zi \u00e9s region\u00e1lis t\u00e9m\u00e1r\u00f3l is.<\/p>\n\n\n\n<p><strong>2025. m\u00e1jus 22.<\/strong><\/p>\n\n\n\n<p><strong><em>(China Media Group)<\/em><\/strong><\/p>\n\n\n\n<p><strong>(x)<\/strong><\/p>\n","protected":false},"excerpt":{"rendered":"<p>M\u00e1jus 22-\u00e9n d\u00e9lut\u00e1n Hszi Csin-ping k\u00ednai \u00e1llameln\u00f6k telefonbesz\u00e9lget\u00e9st folytatott Emmanuel Macron francia eln\u00f6kkel. Hszi utalt r\u00e1, hogy tavaly m\u00e1jusi franciaorsz\u00e1gi l\u00e1togat\u00e1sa \u00f3ta a k\u00ednai-francia egy\u00fcttm\u0171k\u00f6d\u00e9sben sz\u00e1mos ter\u00fcleten el\u0151rel\u00e9p\u00e9s t\u00f6rt\u00e9nt. Mint mondta, mindk\u00e9t f\u00e9lnek meg kell er\u0151s\u00edtenie a strat\u00e9giai kommunik\u00e1ci\u00f3t \u00e9s konszenzust kell kialak\u00edtania. \u00dagy v\u00e9lte, \u00e9lni\u00fck kell a lehet\u0151s\u00e9ggel, hogy elm\u00e9ly\u00edts\u00e9k az egy\u00fcttm\u0171k\u00f6d\u00e9st olyan hagyom\u00e1nyos [&hellip;]<\/p>\n","protected":false},"author":7,"featured_media":25879,"comment_status":"","ping_status":"","sticky":false,"template":"","format":"standard","meta":{"footnotes":""},"categories":[4797],"tags":[273,679,1714,1134,305,3696,326,1719,590],"class_list":["post-25878","post","type-post","status-publish","format-standard","has-post-thumbnail","hentry","category-egyeb-hirek","tag-egyuttmukodes","tag-emmanuel-macron","tag-francia-elnok","tag-franciaorszag","tag-hszi-csin-ping","tag-kina","tag-kinai-allamelnok","tag-konszenzus","tag-telefonbeszelgetes"],"yoast_head":"<!-- This site is optimized with the Yoast SEO plugin v23.7 - https:\/\/yoast.com\/wordpress\/plugins\/seo\/ -->\n<title>Hszi Csin-ping telefonon besz\u00e9lt Emmanuel Macronnal - kinaikaleidoszkop.hu<\/title>\n<meta name=\"robots\" content=\"index, follow, max-snippet:-1, max-image-preview:large, max-video-preview:-1\" \/>\n<link rel=\"canonical\" href=\"https:\/\/pestcentrum.hu\/2025\/05\/22\/hszi-csin-ping-telefonon-beszelt-emmanuel-macronnal-2\/\" \/>\n<meta property=\"og:locale\" content=\"hu_HU\" \/>\n<meta property=\"og:type\" content=\"article\" \/>\n<meta property=\"og:title\" content=\"Hszi Csin-ping telefonon besz\u00e9lt Emmanuel Macronnal - kinaikaleidoszkop.hu\" \/>\n<meta property=\"og:description\" content=\"M\u00e1jus 22-\u00e9n d\u00e9lut\u00e1n Hszi Csin-ping k\u00ednai \u00e1llameln\u00f6k telefonbesz\u00e9lget\u00e9st folytatott Emmanuel Macron francia eln\u00f6kkel. Hszi utalt r\u00e1, hogy tavaly m\u00e1jusi franciaorsz\u00e1gi l\u00e1togat\u00e1sa \u00f3ta a k\u00ednai-francia egy\u00fcttm\u0171k\u00f6d\u00e9sben sz\u00e1mos ter\u00fcleten el\u0151rel\u00e9p\u00e9s t\u00f6rt\u00e9nt. Mint mondta, mindk\u00e9t f\u00e9lnek meg kell er\u0151s\u00edtenie a strat\u00e9giai kommunik\u00e1ci\u00f3t \u00e9s konszenzust kell kialak\u00edtania. \u00dagy v\u00e9lte, \u00e9lni\u00fck kell a lehet\u0151s\u00e9ggel, hogy elm\u00e9ly\u00edts\u00e9k az egy\u00fcttm\u0171k\u00f6d\u00e9st olyan hagyom\u00e1nyos [&hellip;]\" \/>\n<meta property=\"og:url\" content=\"https:\/\/kinaikaleidoszkop.hu\/index.php\/2025\/05\/22\/hszi-csin-ping-telefonon-beszelt-emmanuel-macronnal-2\/\" \/>\n<meta property=\"og:site_name\" content=\"kinaikaleidoszkop.hu\" \/>\n<meta property=\"article:published_time\" content=\"2025-05-22T12:26:31+00:00\" \/>\n<meta property=\"og:image\" content=\"https:\/\/kinaikaleidoszkop.hu\/wp-content\/uploads\/2025\/05\/Hszi-Csin-ping-telefonon-beszelt-Emmanuel-Macronnal.jpg\" \/>\n\t<meta property=\"og:image:width\" content=\"600\" \/>\n\t<meta property=\"og:image:height\" content=\"484\" \/>\n\t<meta property=\"og:image:type\" content=\"image\/jpeg\" \/>\n<meta name=\"author\" content=\"Szerk_Erik\" \/>\n<meta name=\"twitter:card\" content=\"summary_large_image\" \/>\n<meta name=\"twitter:label1\" content=\"Szerz\u0151:\" \/>\n\t<meta name=\"twitter:data1\" content=\"PestCentrum\" \/>\n\t<meta name=\"twitter:label2\" content=\"Becs\u00fclt olvas\u00e1si id\u0151\" \/>\n\t<meta name=\"twitter:data2\" content=\"2 perc\" \/>\n<script type=\"application\/ld+json\" class=\"yoast-schema-graph\">{\"@context\":\"https:\/\/schema.org\",\"@graph\":[{\"@type\":\"WebPage\",\"@id\":\"https:\/\/kinaikaleidoszkop.hu\/index.php\/2025\/05\/22\/hszi-csin-ping-telefonon-beszelt-emmanuel-macronnal-2\/\",\"url\":\"https:\/\/kinaikaleidoszkop.hu\/index.php\/2025\/05\/22\/hszi-csin-ping-telefonon-beszelt-emmanuel-macronnal-2\/\",\"name\":\"Hszi Csin-ping telefonon besz\u00e9lt Emmanuel Macronnal - kinaikaleidoszkop.hu\",\"isPartOf\":{\"@id\":\"https:\/\/kinaikaleidoszkop.hu\/#website\"},\"primaryImageOfPage\":{\"@id\":\"https:\/\/kinaikaleidoszkop.hu\/index.php\/2025\/05\/22\/hszi-csin-ping-telefonon-beszelt-emmanuel-macronnal-2\/#primaryimage\"},\"image\":{\"@id\":\"https:\/\/kinaikaleidoszkop.hu\/index.php\/2025\/05\/22\/hszi-csin-ping-telefonon-beszelt-emmanuel-macronnal-2\/#primaryimage\"},\"thumbnailUrl\":\"https:\/\/kinaikaleidoszkop.hu\/wp-content\/uploads\/2025\/05\/Hszi-Csin-ping-telefonon-beszelt-Emmanuel-Macronnal.jpg\",\"datePublished\":\"2025-05-22T12:26:31+00:00\",\"dateModified\":\"2025-05-22T12:26:31+00:00\",\"author\":{\"@id\":\"https:\/\/kinaikaleidoszkop.hu\/#\/schema\/person\/4d69b71e7e70322713b9d9287b610556\"},\"breadcrumb\":{\"@id\":\"https:\/\/kinaikaleidoszkop.hu\/index.php\/2025\/05\/22\/hszi-csin-ping-telefonon-beszelt-emmanuel-macronnal-2\/#breadcrumb\"},\"inLanguage\":\"hu\",\"potentialAction\":[{\"@type\":\"ReadAction\",\"target\":[\"https:\/\/kinaikaleidoszkop.hu\/index.php\/2025\/05\/22\/hszi-csin-ping-telefonon-beszelt-emmanuel-macronnal-2\/\"]}]},{\"@type\":\"ImageObject\",\"inLanguage\":\"hu\",\"@id\":\"https:\/\/kinaikaleidoszkop.hu\/index.php\/2025\/05\/22\/hszi-csin-ping-telefonon-beszelt-emmanuel-macronnal-2\/#primaryimage\",\"url\":\"https:\/\/kinaikaleidoszkop.hu\/wp-content\/uploads\/2025\/05\/Hszi-Csin-ping-telefonon-beszelt-Emmanuel-Macronnal.jpg\",\"contentUrl\":\"https:\/\/kinaikaleidoszkop.hu\/wp-content\/uploads\/2025\/05\/Hszi-Csin-ping-telefonon-beszelt-Emmanuel-Macronnal.jpg\",\"width\":600,\"height\":484},{\"@type\":\"BreadcrumbList\",\"@id\":\"https:\/\/kinaikaleidoszkop.hu\/index.php\/2025\/05\/22\/hszi-csin-ping-telefonon-beszelt-emmanuel-macronnal-2\/#breadcrumb\",\"itemListElement\":[{\"@type\":\"ListItem\",\"position\":1,\"name\":\"Kezd\u0151lap\",\"item\":\"https:\/\/kinaikaleidoszkop.hu\/\"},{\"@type\":\"ListItem\",\"position\":2,\"name\":\"Hszi Csin-ping telefonon besz\u00e9lt Emmanuel Macronnal\"}]},{\"@type\":\"WebSite\",\"@id\":\"https:\/\/kinaikaleidoszkop.hu\/#website\",\"url\":\"https:\/\/kinaikaleidoszkop.hu\/\",\"name\":\"kinaikaleidoszkop.hu\",\"description\":\"\",\"potentialAction\":[{\"@type\":\"SearchAction\",\"target\":{\"@type\":\"EntryPoint\",\"urlTemplate\":\"https:\/\/kinaikaleidoszkop.hu\/?s={search_term_string}\"},\"query-input\":{\"@type\":\"PropertyValueSpecification\",\"valueRequired\":true,\"valueName\":\"search_term_string\"}}],\"inLanguage\":\"hu\"},{\"@type\":\"Person\",\"@id\":\"https:\/\/kinaikaleidoszkop.hu\/#\/schema\/person\/4d69b71e7e70322713b9d9287b610556\",\"name\":\"Szerk_Erik\",\"image\":{\"@type\":\"ImageObject\",\"inLanguage\":\"hu\",\"@id\":\"https:\/\/kinaikaleidoszkop.hu\/#\/schema\/person\/image\/\",\"url\":\"https:\/\/secure.gravatar.com\/avatar\/3c1e909a14c0c91d2eaef877aaacb584c667f8e7137de69653aa9561fd0e8062?s=96&d=mm&r=g\",\"contentUrl\":\"https:\/\/secure.gravatar.com\/avatar\/3c1e909a14c0c91d2eaef877aaacb584c667f8e7137de69653aa9561fd0e8062?s=96&d=mm&r=g\",\"caption\":\"Szerk_Erik\"},\"url\":\"https:\/\/pestcentrum.hu\"}]}<\/script>\n<!-- \/ Yoast SEO plugin. -->","yoast_head_json":{"title":"Hszi Csin-ping telefonon besz\u00e9lt Emmanuel Macronnal - kinaikaleidoszkop.hu","robots":{"index":"index","follow":"follow","max-snippet":"max-snippet:-1","max-image-preview":"max-image-preview:large","max-video-preview":"max-video-preview:-1"},"canonical":"https:\/\/pestcentrum.hu\/2025\/05\/22\/hszi-csin-ping-telefonon-beszelt-emmanuel-macronnal-2\/","og_locale":"hu_HU","og_type":"article","og_title":"Hszi Csin-ping telefonon besz\u00e9lt Emmanuel Macronnal - kinaikaleidoszkop.hu","og_description":"M\u00e1jus 22-\u00e9n d\u00e9lut\u00e1n Hszi Csin-ping k\u00ednai \u00e1llameln\u00f6k telefonbesz\u00e9lget\u00e9st folytatott Emmanuel Macron francia eln\u00f6kkel. Hszi utalt r\u00e1, hogy tavaly m\u00e1jusi franciaorsz\u00e1gi l\u00e1togat\u00e1sa \u00f3ta a k\u00ednai-francia egy\u00fcttm\u0171k\u00f6d\u00e9sben sz\u00e1mos ter\u00fcleten el\u0151rel\u00e9p\u00e9s t\u00f6rt\u00e9nt. Mint mondta, mindk\u00e9t f\u00e9lnek meg kell er\u0151s\u00edtenie a strat\u00e9giai kommunik\u00e1ci\u00f3t \u00e9s konszenzust kell kialak\u00edtania. \u00dagy v\u00e9lte, \u00e9lni\u00fck kell a lehet\u0151s\u00e9ggel, hogy elm\u00e9ly\u00edts\u00e9k az egy\u00fcttm\u0171k\u00f6d\u00e9st olyan hagyom\u00e1nyos [&hellip;]","og_url":"https:\/\/kinaikaleidoszkop.hu\/index.php\/2025\/05\/22\/hszi-csin-ping-telefonon-beszelt-emmanuel-macronnal-2\/","og_site_name":"kinaikaleidoszkop.hu","article_published_time":"2025-05-22T12:26:31+00:00","og_image":[{"width":600,"height":484,"url":"https:\/\/kinaikaleidoszkop.hu\/wp-content\/uploads\/2025\/05\/Hszi-Csin-ping-telefonon-beszelt-Emmanuel-Macronnal.jpg","type":"image\/jpeg"}],"author":"Szerk_Erik","twitter_card":"summary_large_image","twitter_misc":{"Szerz\u0151:":"PestCentrum","Becs\u00fclt olvas\u00e1si id\u0151":"2 perc"},"schema":{"@context":"https:\/\/schema.org","@graph":[{"@type":"WebPage","@id":"https:\/\/kinaikaleidoszkop.hu\/index.php\/2025\/05\/22\/hszi-csin-ping-telefonon-beszelt-emmanuel-macronnal-2\/","url":"https:\/\/kinaikaleidoszkop.hu\/index.php\/2025\/05\/22\/hszi-csin-ping-telefonon-beszelt-emmanuel-macronnal-2\/","name":"Hszi Csin-ping telefonon besz\u00e9lt Emmanuel Macronnal - kinaikaleidoszkop.hu","isPartOf":{"@id":"https:\/\/kinaikaleidoszkop.hu\/#website"},"primaryImageOfPage":{"@id":"https:\/\/kinaikaleidoszkop.hu\/index.php\/2025\/05\/22\/hszi-csin-ping-telefonon-beszelt-emmanuel-macronnal-2\/#primaryimage"},"image":{"@id":"https:\/\/kinaikaleidoszkop.hu\/index.php\/2025\/05\/22\/hszi-csin-ping-telefonon-beszelt-emmanuel-macronnal-2\/#primaryimage"},"thumbnailUrl":"https:\/\/kinaikaleidoszkop.hu\/wp-content\/uploads\/2025\/05\/Hszi-Csin-ping-telefonon-beszelt-Emmanuel-Macronnal.jpg","datePublished":"2025-05-22T12:26:31+00:00","dateModified":"2025-05-22T12:26:31+00:00","author":{"@id":"https:\/\/kinaikaleidoszkop.hu\/#\/schema\/person\/4d69b71e7e70322713b9d9287b610556"},"breadcrumb":{"@id":"https:\/\/kinaikaleidoszkop.hu\/index.php\/2025\/05\/22\/hszi-csin-ping-telefonon-beszelt-emmanuel-macronnal-2\/#breadcrumb"},"inLanguage":"hu","potentialAction":[{"@type":"ReadAction","target":["https:\/\/kinaikaleidoszkop.hu\/index.php\/2025\/05\/22\/hszi-csin-ping-telefonon-beszelt-emmanuel-macronnal-2\/"]}]},{"@type":"ImageObject","inLanguage":"hu","@id":"https:\/\/kinaikaleidoszkop.hu\/index.php\/2025\/05\/22\/hszi-csin-ping-telefonon-beszelt-emmanuel-macronnal-2\/#primaryimage","url":"https:\/\/kinaikaleidoszkop.hu\/wp-content\/uploads\/2025\/05\/Hszi-Csin-ping-telefonon-beszelt-Emmanuel-Macronnal.jpg","contentUrl":"https:\/\/kinaikaleidoszkop.hu\/wp-content\/uploads\/2025\/05\/Hszi-Csin-ping-telefonon-beszelt-Emmanuel-Macronnal.jpg","width":600,"height":484},{"@type":"BreadcrumbList","@id":"https:\/\/kinaikaleidoszkop.hu\/index.php\/2025\/05\/22\/hszi-csin-ping-telefonon-beszelt-emmanuel-macronnal-2\/#breadcrumb","itemListElement":[{"@type":"ListItem","position":1,"name":"Kezd\u0151lap","item":"https:\/\/kinaikaleidoszkop.hu\/"},{"@type":"ListItem","position":2,"name":"Hszi Csin-ping telefonon besz\u00e9lt Emmanuel Macronnal"}]},{"@type":"WebSite","@id":"https:\/\/kinaikaleidoszkop.hu\/#website","url":"https:\/\/kinaikaleidoszkop.hu\/","name":"kinaikaleidoszkop.hu","description":"","potentialAction":[{"@type":"SearchAction","target":{"@type":"EntryPoint","urlTemplate":"https:\/\/kinaikaleidoszkop.hu\/?s={search_term_string}"},"query-input":{"@type":"PropertyValueSpecification","valueRequired":true,"valueName":"search_term_string"}}],"inLanguage":"hu"},{"@type":"Person","@id":"https:\/\/kinaikaleidoszkop.hu\/#\/schema\/person\/4d69b71e7e70322713b9d9287b610556","name":"Szerk_Erik","image":{"@type":"ImageObject","inLanguage":"hu","@id":"https:\/\/kinaikaleidoszkop.hu\/#\/schema\/person\/image\/","url":"https:\/\/secure.gravatar.com\/avatar\/3c1e909a14c0c91d2eaef877aaacb584c667f8e7137de69653aa9561fd0e8062?s=96&d=mm&r=g","contentUrl":"https:\/\/secure.gravatar.com\/avatar\/3c1e909a14c0c91d2eaef877aaacb584c667f8e7137de69653aa9561fd0e8062?s=96&d=mm&r=g","caption":"Szerk_Erik"},"url":"https:\/\/pestcentrum.hu"}]}},"views":135,"distributor_meta":false,"distributor_terms":false,"distributor_media":false,"distributor_original_site_name":"PestCentrum","distributor_original_site_url":"https:\/\/pestcentrum.hu","push-errors":false,"_links":{"self":[{"href":"https:\/\/kinaikaleidoszkop.hu\/index.php\/wp-json\/wp\/v2\/posts\/25878","targetHints":{"allow":["GET"]}}],"collection":[{"href":"https:\/\/kinaikaleidoszkop.hu\/index.php\/wp-json\/wp\/v2\/posts"}],"about":[{"href":"https:\/\/kinaikaleidoszkop.hu\/index.php\/wp-json\/wp\/v2\/types\/post"}],"author":[{"embeddable":true,"href":"https:\/\/kinaikaleidoszkop.hu\/index.php\/wp-json\/wp\/v2\/users\/7"}],"replies":[{"embeddable":true,"href":"https:\/\/kinaikaleidoszkop.hu\/index.php\/wp-json\/wp\/v2\/comments?post=25878"}],"version-history":[{"count":0,"href":"https:\/\/kinaikaleidoszkop.hu\/index.php\/wp-json\/wp\/v2\/posts\/25878\/revisions"}],"wp:featuredmedia":[{"embeddable":true,"href":"https:\/\/kinaikaleidoszkop.hu\/index.php\/wp-json\/wp\/v2\/media\/25879"}],"wp:attachment":[{"href":"https:\/\/kinaikaleidoszkop.hu\/index.php\/wp-json\/wp\/v2\/media?parent=25878"}],"wp:term":[{"taxonomy":"category","embeddable":true,"href":"https:\/\/kinaikaleidoszkop.hu\/index.php\/wp-json\/wp\/v2\/categories?post=25878"},{"taxonomy":"post_tag","embeddable":true,"href":"https:\/\/kinaikaleidoszkop.hu\/index.php\/wp-json\/wp\/v2\/tags?post=25878"}],"curies":[{"name":"wp","href":"https:\/\/api.w.org\/{rel}","templated":true}]}}