{"id":25964,"date":"2025-06-01T09:25:11","date_gmt":"2025-06-01T07:25:11","guid":{"rendered":"https:\/\/kinaikaleidoszkop.hu\/index.php\/2025\/06\/01\/a-rejtett-bajnokok-foruma-kozelebb-hozza-egymashoz-a-kinai-es-nemet-vallalkozokat\/"},"modified":"2025-06-02T14:08:52","modified_gmt":"2025-06-02T12:08:52","slug":"a-rejtett-bajnokok-foruma-kozelebb-hozza-egymashoz-a-kinai-es-nemet-vallalkozokat","status":"publish","type":"post","link":"https:\/\/kinaikaleidoszkop.hu\/index.php\/2025\/06\/01\/a-rejtett-bajnokok-foruma-kozelebb-hozza-egymashoz-a-kinai-es-nemet-vallalkozokat\/","title":{"rendered":"A Rejtett Bajnokok F\u00f3ruma k\u00f6zelebb hozza egym\u00e1shoz a k\u00ednai \u00e9s n\u00e9met v\u00e1llalkoz\u00f3kat"},"content":{"rendered":"\n<p class=\"wp-block-paragraph\"><strong>Ezen a h\u00e9ten Peking Shunyi ker\u00fclet\u00e9ben megrendezt\u00e9k a \u201eK\u00edna-N\u00e9metorsz\u00e1g (K\u00edna-Eur\u00f3pa) Rejtett Bajnokok F\u00f3rum\u00e1t\u201d. Az idei rendezv\u00e9ny nemcsak a k\u00e9t orsz\u00e1g k\u00f6z\u00f6tti gazdas\u00e1gi kapcsolatokat er\u0151s\u00edtette, hanem lehet\u0151s\u00e9get adott arra is, hogy a k\u00e9t f\u00e9l v\u00e1llalkoz\u00f3i jobban meg\u00e9rts\u00e9k egym\u00e1st.<\/strong><\/p>\n\n\n<div class=\"wp-block-image\">\n<figure class=\"aligncenter size-large\"><img decoding=\"async\" src=\"https:\/\/pestcentrum.hu\/wp-content\/uploads\/2025\/06\/\u9690\u5f62\u51a0\u519b-1024x683.jpg\" alt=\"\" class=\"wp-image-31931\"\/><\/figure>\n<\/div>\n\n\n<p class=\"wp-block-paragraph\">A \u201erejtett bajnokok\u201d olyan rendk\u00edv\u00fcl sikeres, de kev\u00e9sb\u00e9 ismert kis- \u00e9s k\u00f6z\u00e9pv\u00e1llalkoz\u00e1sok, amelyek piaci r\u00e9szesed\u00e9s\u00fcket tekintve glob\u00e1lis vezet\u0151k a saj\u00e1t szegmens\u00fckben.<\/p>\n\n\n\n<p class=\"wp-block-paragraph\">A f\u00f3rumon k\u00f6zz\u00e9tett k\u00f6z\u00f6s jelent\u00e9s szerint a megk\u00e9rdezett n\u00e9met v\u00e1llalatoknak t\u00f6bb mint a fele tervezi befektet\u00e9seinek n\u00f6vel\u00e9s\u00e9t K\u00edn\u00e1ban a k\u00f6vetkez\u0151 k\u00e9t \u00e9vben.<\/p>\n\n\n\n<p class=\"wp-block-paragraph\">A dokumentumb\u00f3l az is kider\u00fcl, hogy a n\u00e9met \u00e9s eur\u00f3pai \u201erejtett bajnokok\u201d m\u00e9g mindig hatalmas n\u00f6veked\u00e9si potenci\u00e1llal rendelkeznek a k\u00ednai piacon.<\/p>\n\n\n\n<p class=\"wp-block-paragraph\">A K\u00edn\u00e1ban m\u0171k\u00f6d\u0151 n\u00e9met v\u00e1llalkoz\u00e1sok sz\u00e1ma meghaladja a 10 ezret, amelyek 80 sz\u00e1zal\u00e9ka a kis- \u00e9s k\u00f6zepes v\u00e1llalkoz\u00e1s. A n\u00e9met kkv-k k\u00f6r\u00e9ben egyre elterjedtebb a \u201eK\u00edn\u00e1ban, K\u00edn\u00e1\u00e9rt\u201d trend, mik\u00f6zben a k\u00ednai r\u00e9szv\u00e9nybefektet\u00e9sek a n\u00e9met \u201erejtett bajnokokba\u201d ugyancsak akt\u00edvak \u2013 \u00e1ll a jelent\u00e9sben.<\/p>\n\n\n\n<p class=\"wp-block-paragraph\"><strong><em>2025. 06. 01.<\/em><\/strong><\/p>\n\n\n\n<p class=\"wp-block-paragraph\"><strong>(Zhou Huiwen &#8211; China Media Group)<\/strong><\/p>\n\n\n\n<p class=\"wp-block-paragraph\"><strong><em>(x)<\/em><\/strong><\/p>\n","protected":false},"excerpt":{"rendered":"<p>Ezen a h\u00e9ten Peking Shunyi ker\u00fclet\u00e9ben megrendezt\u00e9k a \u201eK\u00edna-N\u00e9metorsz\u00e1g (K\u00edna-Eur\u00f3pa) Rejtett Bajnokok F\u00f3rum\u00e1t\u201d. Az idei rendezv\u00e9ny nemcsak a k\u00e9t orsz\u00e1g k\u00f6z\u00f6tti gazdas\u00e1gi kapcsolatokat er\u0151s\u00edtette, hanem lehet\u0151s\u00e9get adott arra is, hogy a k\u00e9t f\u00e9l v\u00e1llalkoz\u00f3i jobban meg\u00e9rts\u00e9k egym\u00e1st. A \u201erejtett bajnokok\u201d olyan rendk\u00edv\u00fcl sikeres, de kev\u00e9sb\u00e9 ismert kis- \u00e9s k\u00f6z\u00e9pv\u00e1llalkoz\u00e1sok, amelyek piaci r\u00e9szesed\u00e9s\u00fcket tekintve glob\u00e1lis vezet\u0151k [&hellip;]<\/p>\n","protected":false},"author":7,"featured_media":25982,"comment_status":"closed","ping_status":"","sticky":false,"template":"","format":"standard","meta":{"footnotes":""},"categories":[4797],"tags":[66,3696,858,141,1074],"class_list":["post-25964","post","type-post","status-publish","format-standard","has-post-thumbnail","hentry","category-egyeb-hirek","tag-gazdasag","tag-kina","tag-nemetorszag","tag-peking","tag-vallalkozo"],"yoast_head":"<!-- This site is optimized with the Yoast SEO plugin v23.7 - https:\/\/yoast.com\/wordpress\/plugins\/seo\/ -->\n<title>A Rejtett Bajnokok F\u00f3ruma k\u00f6zelebb hozza egym\u00e1shoz a k\u00ednai \u00e9s n\u00e9met v\u00e1llalkoz\u00f3kat - kinaikaleidoszkop.hu<\/title>\n<meta name=\"robots\" content=\"index, follow, max-snippet:-1, max-image-preview:large, max-video-preview:-1\" \/>\n<link rel=\"canonical\" href=\"https:\/\/pestcentrum.hu\/2025\/06\/01\/a-rejtett-bajnokok-foruma-kozelebb-hozza-egymashoz-a-kinai-es-nemet-vallalkozokat\/\" \/>\n<meta property=\"og:locale\" content=\"hu_HU\" \/>\n<meta property=\"og:type\" content=\"article\" \/>\n<meta property=\"og:title\" content=\"A Rejtett Bajnokok F\u00f3ruma k\u00f6zelebb hozza egym\u00e1shoz a k\u00ednai \u00e9s n\u00e9met v\u00e1llalkoz\u00f3kat - kinaikaleidoszkop.hu\" \/>\n<meta property=\"og:description\" content=\"Ezen a h\u00e9ten Peking Shunyi ker\u00fclet\u00e9ben megrendezt\u00e9k a \u201eK\u00edna-N\u00e9metorsz\u00e1g (K\u00edna-Eur\u00f3pa) Rejtett Bajnokok F\u00f3rum\u00e1t\u201d. Az idei rendezv\u00e9ny nemcsak a k\u00e9t orsz\u00e1g k\u00f6z\u00f6tti gazdas\u00e1gi kapcsolatokat er\u0151s\u00edtette, hanem lehet\u0151s\u00e9get adott arra is, hogy a k\u00e9t f\u00e9l v\u00e1llalkoz\u00f3i jobban meg\u00e9rts\u00e9k egym\u00e1st. A \u201erejtett bajnokok\u201d olyan rendk\u00edv\u00fcl sikeres, de kev\u00e9sb\u00e9 ismert kis- \u00e9s k\u00f6z\u00e9pv\u00e1llalkoz\u00e1sok, amelyek piaci r\u00e9szesed\u00e9s\u00fcket tekintve glob\u00e1lis vezet\u0151k [&hellip;]\" \/>\n<meta property=\"og:url\" content=\"https:\/\/kinaikaleidoszkop.hu\/index.php\/2025\/06\/01\/a-rejtett-bajnokok-foruma-kozelebb-hozza-egymashoz-a-kinai-es-nemet-vallalkozokat\/\" \/>\n<meta property=\"og:site_name\" content=\"kinaikaleidoszkop.hu\" \/>\n<meta property=\"article:published_time\" content=\"2025-06-01T07:25:11+00:00\" \/>\n<meta property=\"article:modified_time\" content=\"2025-06-02T12:08:52+00:00\" \/>\n<meta property=\"og:image\" content=\"https:\/\/kinaikaleidoszkop.hu\/wp-content\/uploads\/2025\/06\/unnamed-file.jpg\" \/>\n\t<meta property=\"og:image:width\" content=\"1199\" \/>\n\t<meta property=\"og:image:height\" content=\"800\" \/>\n\t<meta property=\"og:image:type\" content=\"image\/jpeg\" \/>\n<meta name=\"author\" content=\"Szerk_Erik\" \/>\n<meta name=\"twitter:card\" content=\"summary_large_image\" \/>\n<meta name=\"twitter:label1\" content=\"Szerz\u0151:\" \/>\n\t<meta name=\"twitter:data1\" content=\"PestCentrum\" \/>\n\t<meta name=\"twitter:label2\" content=\"Becs\u00fclt olvas\u00e1si id\u0151\" \/>\n\t<meta name=\"twitter:data2\" content=\"2 perc\" \/>\n<script type=\"application\/ld+json\" class=\"yoast-schema-graph\">{\"@context\":\"https:\/\/schema.org\",\"@graph\":[{\"@type\":\"WebPage\",\"@id\":\"https:\/\/kinaikaleidoszkop.hu\/index.php\/2025\/06\/01\/a-rejtett-bajnokok-foruma-kozelebb-hozza-egymashoz-a-kinai-es-nemet-vallalkozokat\/\",\"url\":\"https:\/\/kinaikaleidoszkop.hu\/index.php\/2025\/06\/01\/a-rejtett-bajnokok-foruma-kozelebb-hozza-egymashoz-a-kinai-es-nemet-vallalkozokat\/\",\"name\":\"A Rejtett Bajnokok F\u00f3ruma k\u00f6zelebb hozza egym\u00e1shoz a k\u00ednai \u00e9s n\u00e9met v\u00e1llalkoz\u00f3kat - kinaikaleidoszkop.hu\",\"isPartOf\":{\"@id\":\"https:\/\/kinaikaleidoszkop.hu\/#website\"},\"primaryImageOfPage\":{\"@id\":\"https:\/\/kinaikaleidoszkop.hu\/index.php\/2025\/06\/01\/a-rejtett-bajnokok-foruma-kozelebb-hozza-egymashoz-a-kinai-es-nemet-vallalkozokat\/#primaryimage\"},\"image\":{\"@id\":\"https:\/\/kinaikaleidoszkop.hu\/index.php\/2025\/06\/01\/a-rejtett-bajnokok-foruma-kozelebb-hozza-egymashoz-a-kinai-es-nemet-vallalkozokat\/#primaryimage\"},\"thumbnailUrl\":\"https:\/\/kinaikaleidoszkop.hu\/wp-content\/uploads\/2025\/06\/unnamed-file.jpg\",\"datePublished\":\"2025-06-01T07:25:11+00:00\",\"dateModified\":\"2025-06-02T12:08:52+00:00\",\"author\":{\"@id\":\"https:\/\/kinaikaleidoszkop.hu\/#\/schema\/person\/4d69b71e7e70322713b9d9287b610556\"},\"breadcrumb\":{\"@id\":\"https:\/\/kinaikaleidoszkop.hu\/index.php\/2025\/06\/01\/a-rejtett-bajnokok-foruma-kozelebb-hozza-egymashoz-a-kinai-es-nemet-vallalkozokat\/#breadcrumb\"},\"inLanguage\":\"hu\",\"potentialAction\":[{\"@type\":\"ReadAction\",\"target\":[\"https:\/\/kinaikaleidoszkop.hu\/index.php\/2025\/06\/01\/a-rejtett-bajnokok-foruma-kozelebb-hozza-egymashoz-a-kinai-es-nemet-vallalkozokat\/\"]}]},{\"@type\":\"ImageObject\",\"inLanguage\":\"hu\",\"@id\":\"https:\/\/kinaikaleidoszkop.hu\/index.php\/2025\/06\/01\/a-rejtett-bajnokok-foruma-kozelebb-hozza-egymashoz-a-kinai-es-nemet-vallalkozokat\/#primaryimage\",\"url\":\"https:\/\/kinaikaleidoszkop.hu\/wp-content\/uploads\/2025\/06\/unnamed-file.jpg\",\"contentUrl\":\"https:\/\/kinaikaleidoszkop.hu\/wp-content\/uploads\/2025\/06\/unnamed-file.jpg\",\"width\":1199,\"height\":800},{\"@type\":\"BreadcrumbList\",\"@id\":\"https:\/\/kinaikaleidoszkop.hu\/index.php\/2025\/06\/01\/a-rejtett-bajnokok-foruma-kozelebb-hozza-egymashoz-a-kinai-es-nemet-vallalkozokat\/#breadcrumb\",\"itemListElement\":[{\"@type\":\"ListItem\",\"position\":1,\"name\":\"Kezd\u0151lap\",\"item\":\"https:\/\/kinaikaleidoszkop.hu\/\"},{\"@type\":\"ListItem\",\"position\":2,\"name\":\"A Rejtett Bajnokok F\u00f3ruma k\u00f6zelebb hozza egym\u00e1shoz a k\u00ednai \u00e9s n\u00e9met v\u00e1llalkoz\u00f3kat\"}]},{\"@type\":\"WebSite\",\"@id\":\"https:\/\/kinaikaleidoszkop.hu\/#website\",\"url\":\"https:\/\/kinaikaleidoszkop.hu\/\",\"name\":\"kinaikaleidoszkop.hu\",\"description\":\"\",\"potentialAction\":[{\"@type\":\"SearchAction\",\"target\":{\"@type\":\"EntryPoint\",\"urlTemplate\":\"https:\/\/kinaikaleidoszkop.hu\/?s={search_term_string}\"},\"query-input\":{\"@type\":\"PropertyValueSpecification\",\"valueRequired\":true,\"valueName\":\"search_term_string\"}}],\"inLanguage\":\"hu\"},{\"@type\":\"Person\",\"@id\":\"https:\/\/kinaikaleidoszkop.hu\/#\/schema\/person\/4d69b71e7e70322713b9d9287b610556\",\"name\":\"Szerk_Erik\",\"image\":{\"@type\":\"ImageObject\",\"inLanguage\":\"hu\",\"@id\":\"https:\/\/kinaikaleidoszkop.hu\/#\/schema\/person\/image\/\",\"url\":\"https:\/\/secure.gravatar.com\/avatar\/3c1e909a14c0c91d2eaef877aaacb584c667f8e7137de69653aa9561fd0e8062?s=96&d=mm&r=g\",\"contentUrl\":\"https:\/\/secure.gravatar.com\/avatar\/3c1e909a14c0c91d2eaef877aaacb584c667f8e7137de69653aa9561fd0e8062?s=96&d=mm&r=g\",\"caption\":\"Szerk_Erik\"},\"url\":\"https:\/\/pestcentrum.hu\"}]}<\/script>\n<!-- \/ Yoast SEO plugin. -->","yoast_head_json":{"title":"A Rejtett Bajnokok F\u00f3ruma k\u00f6zelebb hozza egym\u00e1shoz a k\u00ednai \u00e9s n\u00e9met v\u00e1llalkoz\u00f3kat - kinaikaleidoszkop.hu","robots":{"index":"index","follow":"follow","max-snippet":"max-snippet:-1","max-image-preview":"max-image-preview:large","max-video-preview":"max-video-preview:-1"},"canonical":"https:\/\/pestcentrum.hu\/2025\/06\/01\/a-rejtett-bajnokok-foruma-kozelebb-hozza-egymashoz-a-kinai-es-nemet-vallalkozokat\/","og_locale":"hu_HU","og_type":"article","og_title":"A Rejtett Bajnokok F\u00f3ruma k\u00f6zelebb hozza egym\u00e1shoz a k\u00ednai \u00e9s n\u00e9met v\u00e1llalkoz\u00f3kat - kinaikaleidoszkop.hu","og_description":"Ezen a h\u00e9ten Peking Shunyi ker\u00fclet\u00e9ben megrendezt\u00e9k a \u201eK\u00edna-N\u00e9metorsz\u00e1g (K\u00edna-Eur\u00f3pa) Rejtett Bajnokok F\u00f3rum\u00e1t\u201d. Az idei rendezv\u00e9ny nemcsak a k\u00e9t orsz\u00e1g k\u00f6z\u00f6tti gazdas\u00e1gi kapcsolatokat er\u0151s\u00edtette, hanem lehet\u0151s\u00e9get adott arra is, hogy a k\u00e9t f\u00e9l v\u00e1llalkoz\u00f3i jobban meg\u00e9rts\u00e9k egym\u00e1st. A \u201erejtett bajnokok\u201d olyan rendk\u00edv\u00fcl sikeres, de kev\u00e9sb\u00e9 ismert kis- \u00e9s k\u00f6z\u00e9pv\u00e1llalkoz\u00e1sok, amelyek piaci r\u00e9szesed\u00e9s\u00fcket tekintve glob\u00e1lis vezet\u0151k [&hellip;]","og_url":"https:\/\/kinaikaleidoszkop.hu\/index.php\/2025\/06\/01\/a-rejtett-bajnokok-foruma-kozelebb-hozza-egymashoz-a-kinai-es-nemet-vallalkozokat\/","og_site_name":"kinaikaleidoszkop.hu","article_published_time":"2025-06-01T07:25:11+00:00","article_modified_time":"2025-06-02T12:08:52+00:00","og_image":[{"width":1199,"height":800,"url":"https:\/\/kinaikaleidoszkop.hu\/wp-content\/uploads\/2025\/06\/unnamed-file.jpg","type":"image\/jpeg"}],"author":"Szerk_Erik","twitter_card":"summary_large_image","twitter_misc":{"Szerz\u0151:":"PestCentrum","Becs\u00fclt olvas\u00e1si id\u0151":"2 perc"},"schema":{"@context":"https:\/\/schema.org","@graph":[{"@type":"WebPage","@id":"https:\/\/kinaikaleidoszkop.hu\/index.php\/2025\/06\/01\/a-rejtett-bajnokok-foruma-kozelebb-hozza-egymashoz-a-kinai-es-nemet-vallalkozokat\/","url":"https:\/\/kinaikaleidoszkop.hu\/index.php\/2025\/06\/01\/a-rejtett-bajnokok-foruma-kozelebb-hozza-egymashoz-a-kinai-es-nemet-vallalkozokat\/","name":"A Rejtett Bajnokok F\u00f3ruma k\u00f6zelebb hozza egym\u00e1shoz a k\u00ednai \u00e9s n\u00e9met v\u00e1llalkoz\u00f3kat - kinaikaleidoszkop.hu","isPartOf":{"@id":"https:\/\/kinaikaleidoszkop.hu\/#website"},"primaryImageOfPage":{"@id":"https:\/\/kinaikaleidoszkop.hu\/index.php\/2025\/06\/01\/a-rejtett-bajnokok-foruma-kozelebb-hozza-egymashoz-a-kinai-es-nemet-vallalkozokat\/#primaryimage"},"image":{"@id":"https:\/\/kinaikaleidoszkop.hu\/index.php\/2025\/06\/01\/a-rejtett-bajnokok-foruma-kozelebb-hozza-egymashoz-a-kinai-es-nemet-vallalkozokat\/#primaryimage"},"thumbnailUrl":"https:\/\/kinaikaleidoszkop.hu\/wp-content\/uploads\/2025\/06\/unnamed-file.jpg","datePublished":"2025-06-01T07:25:11+00:00","dateModified":"2025-06-02T12:08:52+00:00","author":{"@id":"https:\/\/kinaikaleidoszkop.hu\/#\/schema\/person\/4d69b71e7e70322713b9d9287b610556"},"breadcrumb":{"@id":"https:\/\/kinaikaleidoszkop.hu\/index.php\/2025\/06\/01\/a-rejtett-bajnokok-foruma-kozelebb-hozza-egymashoz-a-kinai-es-nemet-vallalkozokat\/#breadcrumb"},"inLanguage":"hu","potentialAction":[{"@type":"ReadAction","target":["https:\/\/kinaikaleidoszkop.hu\/index.php\/2025\/06\/01\/a-rejtett-bajnokok-foruma-kozelebb-hozza-egymashoz-a-kinai-es-nemet-vallalkozokat\/"]}]},{"@type":"ImageObject","inLanguage":"hu","@id":"https:\/\/kinaikaleidoszkop.hu\/index.php\/2025\/06\/01\/a-rejtett-bajnokok-foruma-kozelebb-hozza-egymashoz-a-kinai-es-nemet-vallalkozokat\/#primaryimage","url":"https:\/\/kinaikaleidoszkop.hu\/wp-content\/uploads\/2025\/06\/unnamed-file.jpg","contentUrl":"https:\/\/kinaikaleidoszkop.hu\/wp-content\/uploads\/2025\/06\/unnamed-file.jpg","width":1199,"height":800},{"@type":"BreadcrumbList","@id":"https:\/\/kinaikaleidoszkop.hu\/index.php\/2025\/06\/01\/a-rejtett-bajnokok-foruma-kozelebb-hozza-egymashoz-a-kinai-es-nemet-vallalkozokat\/#breadcrumb","itemListElement":[{"@type":"ListItem","position":1,"name":"Kezd\u0151lap","item":"https:\/\/kinaikaleidoszkop.hu\/"},{"@type":"ListItem","position":2,"name":"A Rejtett Bajnokok F\u00f3ruma k\u00f6zelebb hozza egym\u00e1shoz a k\u00ednai \u00e9s n\u00e9met v\u00e1llalkoz\u00f3kat"}]},{"@type":"WebSite","@id":"https:\/\/kinaikaleidoszkop.hu\/#website","url":"https:\/\/kinaikaleidoszkop.hu\/","name":"kinaikaleidoszkop.hu","description":"","potentialAction":[{"@type":"SearchAction","target":{"@type":"EntryPoint","urlTemplate":"https:\/\/kinaikaleidoszkop.hu\/?s={search_term_string}"},"query-input":{"@type":"PropertyValueSpecification","valueRequired":true,"valueName":"search_term_string"}}],"inLanguage":"hu"},{"@type":"Person","@id":"https:\/\/kinaikaleidoszkop.hu\/#\/schema\/person\/4d69b71e7e70322713b9d9287b610556","name":"Szerk_Erik","image":{"@type":"ImageObject","inLanguage":"hu","@id":"https:\/\/kinaikaleidoszkop.hu\/#\/schema\/person\/image\/","url":"https:\/\/secure.gravatar.com\/avatar\/3c1e909a14c0c91d2eaef877aaacb584c667f8e7137de69653aa9561fd0e8062?s=96&d=mm&r=g","contentUrl":"https:\/\/secure.gravatar.com\/avatar\/3c1e909a14c0c91d2eaef877aaacb584c667f8e7137de69653aa9561fd0e8062?s=96&d=mm&r=g","caption":"Szerk_Erik"},"url":"https:\/\/pestcentrum.hu"}]}},"views":141,"distributor_meta":false,"distributor_terms":false,"distributor_media":false,"distributor_original_site_name":"PestCentrum","distributor_original_site_url":"https:\/\/pestcentrum.hu","push-errors":false,"_links":{"self":[{"href":"https:\/\/kinaikaleidoszkop.hu\/index.php\/wp-json\/wp\/v2\/posts\/25964","targetHints":{"allow":["GET"]}}],"collection":[{"href":"https:\/\/kinaikaleidoszkop.hu\/index.php\/wp-json\/wp\/v2\/posts"}],"about":[{"href":"https:\/\/kinaikaleidoszkop.hu\/index.php\/wp-json\/wp\/v2\/types\/post"}],"author":[{"embeddable":true,"href":"https:\/\/kinaikaleidoszkop.hu\/index.php\/wp-json\/wp\/v2\/users\/7"}],"replies":[{"embeddable":true,"href":"https:\/\/kinaikaleidoszkop.hu\/index.php\/wp-json\/wp\/v2\/comments?post=25964"}],"version-history":[{"count":2,"href":"https:\/\/kinaikaleidoszkop.hu\/index.php\/wp-json\/wp\/v2\/posts\/25964\/revisions"}],"predecessor-version":[{"id":25980,"href":"https:\/\/kinaikaleidoszkop.hu\/index.php\/wp-json\/wp\/v2\/posts\/25964\/revisions\/25980"}],"wp:featuredmedia":[{"embeddable":true,"href":"https:\/\/kinaikaleidoszkop.hu\/index.php\/wp-json\/wp\/v2\/media\/25982"}],"wp:attachment":[{"href":"https:\/\/kinaikaleidoszkop.hu\/index.php\/wp-json\/wp\/v2\/media?parent=25964"}],"wp:term":[{"taxonomy":"category","embeddable":true,"href":"https:\/\/kinaikaleidoszkop.hu\/index.php\/wp-json\/wp\/v2\/categories?post=25964"},{"taxonomy":"post_tag","embeddable":true,"href":"https:\/\/kinaikaleidoszkop.hu\/index.php\/wp-json\/wp\/v2\/tags?post=25964"}],"curies":[{"name":"wp","href":"https:\/\/api.w.org\/{rel}","templated":true}]}}