{"id":25983,"date":"2025-06-02T14:24:08","date_gmt":"2025-06-02T12:24:08","guid":{"rendered":"https:\/\/kinaikaleidoszkop.hu\/index.php\/2025\/06\/02\/egy-delnyugat-kinai-varos-sarkanyhajo-fesztivalja\/"},"modified":"2025-06-02T14:24:08","modified_gmt":"2025-06-02T12:24:08","slug":"egy-delnyugat-kinai-varos-sarkanyhajo-fesztivalja","status":"publish","type":"post","link":"https:\/\/kinaikaleidoszkop.hu\/index.php\/2025\/06\/02\/egy-delnyugat-kinai-varos-sarkanyhajo-fesztivalja\/","title":{"rendered":"Egy d\u00e9lnyugat-k\u00ednai v\u00e1ros s\u00e1rk\u00e1nyhaj\u00f3-fesztiv\u00e1lja"},"content":{"rendered":"\n<p><strong>A d\u00e9lnyugat-k\u00ednai Szecsu\u00e1n tartom\u00e1nyban fekv\u0151 Neijiang v\u00e1rosa este \u00fcnnepelte a s\u00e1rk\u00e1nyhaj\u00f3-fesztiv\u00e1lt.<\/strong><\/p>\n\n\n<div class=\"wp-block-image\">\n<figure class=\"aligncenter size-full\"><img decoding=\"async\" src=\"https:\/\/pestcentrum.hu\/wp-content\/uploads\/2025\/06\/\u7aef\u534822.jpg\" alt=\"\" class=\"wp-image-31981\"\/><\/figure>\n<\/div>\n\n\n<p>Egy helyi tavon egy 130 m\u00e9ter hossz\u00fa \u201earanys\u00e1rk\u00e1ny\u201d \u00faszott. Az aranys\u00e1rk\u00e1ny 18 bambusztutajb\u00f3l \u00e1llt, mindegyiken egy cs\u00f3nakossal.<\/p>\n\n\n<div class=\"wp-block-image\">\n<figure class=\"aligncenter size-full\"><img decoding=\"async\" src=\"https:\/\/pestcentrum.hu\/wp-content\/uploads\/2025\/06\/\u7aef\u534844.jpg\" alt=\"\" class=\"wp-image-31980\"\/><\/figure>\n<\/div>\n\n\n<p>Emellett 2000 dr\u00f3n j\u00f3k\u00edv\u00e1ns\u00e1gokkal teli alakzatokat alak\u00edtott ki az \u00e9gen, p\u00e9ld\u00e1ul \u201eA s\u00e1rk\u00e1ny \u00e9s a f\u0151nix \u00e1ltal hozott j\u00f3l\u00e9t, Boldog s\u00e1rk\u00e1nyhaj\u00f3-fesztiv\u00e1lt\u201d feliratot megjelen\u00edtve.<\/p>\n\n\n\n<p><strong><em>(Zhou Huiwen \u2013 China Media Group)<\/em><\/strong><\/p>\n\n\n\n<p><strong>2025. j\u00fanius 2.<\/strong><\/p>\n\n\n\n<p><strong><em>(x)<\/em><\/strong><\/p>\n","protected":false},"excerpt":{"rendered":"<p>A d\u00e9lnyugat-k\u00ednai Szecsu\u00e1n tartom\u00e1nyban fekv\u0151 Neijiang v\u00e1rosa este \u00fcnnepelte a s\u00e1rk\u00e1nyhaj\u00f3-fesztiv\u00e1lt. Egy helyi tavon egy 130 m\u00e9ter hossz\u00fa \u201earanys\u00e1rk\u00e1ny\u201d \u00faszott. Az aranys\u00e1rk\u00e1ny 18 bambusztutajb\u00f3l \u00e1llt, mindegyiken egy cs\u00f3nakossal. Emellett 2000 dr\u00f3n j\u00f3k\u00edv\u00e1ns\u00e1gokkal teli alakzatokat alak\u00edtott ki az \u00e9gen, p\u00e9ld\u00e1ul \u201eA s\u00e1rk\u00e1ny \u00e9s a f\u0151nix \u00e1ltal hozott j\u00f3l\u00e9t, Boldog s\u00e1rk\u00e1nyhaj\u00f3-fesztiv\u00e1lt\u201d feliratot megjelen\u00edtve. (Zhou Huiwen \u2013 China [&hellip;]<\/p>\n","protected":false},"author":7,"featured_media":25984,"comment_status":"","ping_status":"","sticky":false,"template":"","format":"standard","meta":{"footnotes":""},"categories":[4797],"tags":[5191,5192,1221,5193,3696,5194,5185,5195,4154],"class_list":["post-25983","post","type-post","status-publish","format-standard","has-post-thumbnail","hentry","category-egyeb-hirek","tag-aranysarkany","tag-bambusztutaj","tag-dron","tag-jokivansag","tag-kina","tag-neijiang","tag-sarkanyhajo-fesztival-2","tag-szecsuan-tartomany","tag-unneples"],"yoast_head":"<!-- This site is optimized with the Yoast SEO plugin v23.7 - https:\/\/yoast.com\/wordpress\/plugins\/seo\/ -->\n<title>Egy d\u00e9lnyugat-k\u00ednai v\u00e1ros s\u00e1rk\u00e1nyhaj\u00f3-fesztiv\u00e1lja - kinaikaleidoszkop.hu<\/title>\n<meta name=\"robots\" content=\"index, follow, max-snippet:-1, max-image-preview:large, max-video-preview:-1\" \/>\n<link rel=\"canonical\" href=\"https:\/\/pestcentrum.hu\/2025\/06\/02\/egy-delnyugat-kinai-varos-sarkanyhajo-fesztivalja\/\" \/>\n<meta property=\"og:locale\" content=\"hu_HU\" \/>\n<meta property=\"og:type\" content=\"article\" \/>\n<meta property=\"og:title\" content=\"Egy d\u00e9lnyugat-k\u00ednai v\u00e1ros s\u00e1rk\u00e1nyhaj\u00f3-fesztiv\u00e1lja - kinaikaleidoszkop.hu\" \/>\n<meta property=\"og:description\" content=\"A d\u00e9lnyugat-k\u00ednai Szecsu\u00e1n tartom\u00e1nyban fekv\u0151 Neijiang v\u00e1rosa este \u00fcnnepelte a s\u00e1rk\u00e1nyhaj\u00f3-fesztiv\u00e1lt. Egy helyi tavon egy 130 m\u00e9ter hossz\u00fa \u201earanys\u00e1rk\u00e1ny\u201d \u00faszott. Az aranys\u00e1rk\u00e1ny 18 bambusztutajb\u00f3l \u00e1llt, mindegyiken egy cs\u00f3nakossal. Emellett 2000 dr\u00f3n j\u00f3k\u00edv\u00e1ns\u00e1gokkal teli alakzatokat alak\u00edtott ki az \u00e9gen, p\u00e9ld\u00e1ul \u201eA s\u00e1rk\u00e1ny \u00e9s a f\u0151nix \u00e1ltal hozott j\u00f3l\u00e9t, Boldog s\u00e1rk\u00e1nyhaj\u00f3-fesztiv\u00e1lt\u201d feliratot megjelen\u00edtve. (Zhou Huiwen \u2013 China [&hellip;]\" \/>\n<meta property=\"og:url\" content=\"https:\/\/kinaikaleidoszkop.hu\/index.php\/2025\/06\/02\/egy-delnyugat-kinai-varos-sarkanyhajo-fesztivalja\/\" \/>\n<meta property=\"og:site_name\" content=\"kinaikaleidoszkop.hu\" \/>\n<meta property=\"article:published_time\" content=\"2025-06-02T12:24:08+00:00\" \/>\n<meta property=\"og:image\" content=\"https:\/\/kinaikaleidoszkop.hu\/wp-content\/uploads\/2025\/06\/22.jpg\" \/>\n\t<meta property=\"og:image:width\" content=\"600\" \/>\n\t<meta property=\"og:image:height\" content=\"402\" \/>\n\t<meta property=\"og:image:type\" content=\"image\/jpeg\" \/>\n<meta name=\"author\" content=\"Szerk_Erik\" \/>\n<meta name=\"twitter:card\" content=\"summary_large_image\" \/>\n<meta name=\"twitter:label1\" content=\"Szerz\u0151:\" \/>\n\t<meta name=\"twitter:data1\" content=\"PestCentrum\" \/>\n\t<meta name=\"twitter:label2\" content=\"Becs\u00fclt olvas\u00e1si id\u0151\" \/>\n\t<meta name=\"twitter:data2\" content=\"1 perc\" \/>\n<script type=\"application\/ld+json\" class=\"yoast-schema-graph\">{\"@context\":\"https:\/\/schema.org\",\"@graph\":[{\"@type\":\"WebPage\",\"@id\":\"https:\/\/kinaikaleidoszkop.hu\/index.php\/2025\/06\/02\/egy-delnyugat-kinai-varos-sarkanyhajo-fesztivalja\/\",\"url\":\"https:\/\/kinaikaleidoszkop.hu\/index.php\/2025\/06\/02\/egy-delnyugat-kinai-varos-sarkanyhajo-fesztivalja\/\",\"name\":\"Egy d\u00e9lnyugat-k\u00ednai v\u00e1ros s\u00e1rk\u00e1nyhaj\u00f3-fesztiv\u00e1lja - kinaikaleidoszkop.hu\",\"isPartOf\":{\"@id\":\"https:\/\/kinaikaleidoszkop.hu\/#website\"},\"primaryImageOfPage\":{\"@id\":\"https:\/\/kinaikaleidoszkop.hu\/index.php\/2025\/06\/02\/egy-delnyugat-kinai-varos-sarkanyhajo-fesztivalja\/#primaryimage\"},\"image\":{\"@id\":\"https:\/\/kinaikaleidoszkop.hu\/index.php\/2025\/06\/02\/egy-delnyugat-kinai-varos-sarkanyhajo-fesztivalja\/#primaryimage\"},\"thumbnailUrl\":\"https:\/\/kinaikaleidoszkop.hu\/wp-content\/uploads\/2025\/06\/22.jpg\",\"datePublished\":\"2025-06-02T12:24:08+00:00\",\"dateModified\":\"2025-06-02T12:24:08+00:00\",\"author\":{\"@id\":\"https:\/\/kinaikaleidoszkop.hu\/#\/schema\/person\/4d69b71e7e70322713b9d9287b610556\"},\"breadcrumb\":{\"@id\":\"https:\/\/kinaikaleidoszkop.hu\/index.php\/2025\/06\/02\/egy-delnyugat-kinai-varos-sarkanyhajo-fesztivalja\/#breadcrumb\"},\"inLanguage\":\"hu\",\"potentialAction\":[{\"@type\":\"ReadAction\",\"target\":[\"https:\/\/kinaikaleidoszkop.hu\/index.php\/2025\/06\/02\/egy-delnyugat-kinai-varos-sarkanyhajo-fesztivalja\/\"]}]},{\"@type\":\"ImageObject\",\"inLanguage\":\"hu\",\"@id\":\"https:\/\/kinaikaleidoszkop.hu\/index.php\/2025\/06\/02\/egy-delnyugat-kinai-varos-sarkanyhajo-fesztivalja\/#primaryimage\",\"url\":\"https:\/\/kinaikaleidoszkop.hu\/wp-content\/uploads\/2025\/06\/22.jpg\",\"contentUrl\":\"https:\/\/kinaikaleidoszkop.hu\/wp-content\/uploads\/2025\/06\/22.jpg\",\"width\":600,\"height\":402},{\"@type\":\"BreadcrumbList\",\"@id\":\"https:\/\/kinaikaleidoszkop.hu\/index.php\/2025\/06\/02\/egy-delnyugat-kinai-varos-sarkanyhajo-fesztivalja\/#breadcrumb\",\"itemListElement\":[{\"@type\":\"ListItem\",\"position\":1,\"name\":\"Kezd\u0151lap\",\"item\":\"https:\/\/kinaikaleidoszkop.hu\/\"},{\"@type\":\"ListItem\",\"position\":2,\"name\":\"Egy d\u00e9lnyugat-k\u00ednai v\u00e1ros s\u00e1rk\u00e1nyhaj\u00f3-fesztiv\u00e1lja\"}]},{\"@type\":\"WebSite\",\"@id\":\"https:\/\/kinaikaleidoszkop.hu\/#website\",\"url\":\"https:\/\/kinaikaleidoszkop.hu\/\",\"name\":\"kinaikaleidoszkop.hu\",\"description\":\"\",\"potentialAction\":[{\"@type\":\"SearchAction\",\"target\":{\"@type\":\"EntryPoint\",\"urlTemplate\":\"https:\/\/kinaikaleidoszkop.hu\/?s={search_term_string}\"},\"query-input\":{\"@type\":\"PropertyValueSpecification\",\"valueRequired\":true,\"valueName\":\"search_term_string\"}}],\"inLanguage\":\"hu\"},{\"@type\":\"Person\",\"@id\":\"https:\/\/kinaikaleidoszkop.hu\/#\/schema\/person\/4d69b71e7e70322713b9d9287b610556\",\"name\":\"Szerk_Erik\",\"image\":{\"@type\":\"ImageObject\",\"inLanguage\":\"hu\",\"@id\":\"https:\/\/kinaikaleidoszkop.hu\/#\/schema\/person\/image\/\",\"url\":\"https:\/\/secure.gravatar.com\/avatar\/3c1e909a14c0c91d2eaef877aaacb584c667f8e7137de69653aa9561fd0e8062?s=96&d=mm&r=g\",\"contentUrl\":\"https:\/\/secure.gravatar.com\/avatar\/3c1e909a14c0c91d2eaef877aaacb584c667f8e7137de69653aa9561fd0e8062?s=96&d=mm&r=g\",\"caption\":\"Szerk_Erik\"},\"url\":\"https:\/\/pestcentrum.hu\"}]}<\/script>\n<!-- \/ Yoast SEO plugin. -->","yoast_head_json":{"title":"Egy d\u00e9lnyugat-k\u00ednai v\u00e1ros s\u00e1rk\u00e1nyhaj\u00f3-fesztiv\u00e1lja - kinaikaleidoszkop.hu","robots":{"index":"index","follow":"follow","max-snippet":"max-snippet:-1","max-image-preview":"max-image-preview:large","max-video-preview":"max-video-preview:-1"},"canonical":"https:\/\/pestcentrum.hu\/2025\/06\/02\/egy-delnyugat-kinai-varos-sarkanyhajo-fesztivalja\/","og_locale":"hu_HU","og_type":"article","og_title":"Egy d\u00e9lnyugat-k\u00ednai v\u00e1ros s\u00e1rk\u00e1nyhaj\u00f3-fesztiv\u00e1lja - kinaikaleidoszkop.hu","og_description":"A d\u00e9lnyugat-k\u00ednai Szecsu\u00e1n tartom\u00e1nyban fekv\u0151 Neijiang v\u00e1rosa este \u00fcnnepelte a s\u00e1rk\u00e1nyhaj\u00f3-fesztiv\u00e1lt. Egy helyi tavon egy 130 m\u00e9ter hossz\u00fa \u201earanys\u00e1rk\u00e1ny\u201d \u00faszott. Az aranys\u00e1rk\u00e1ny 18 bambusztutajb\u00f3l \u00e1llt, mindegyiken egy cs\u00f3nakossal. Emellett 2000 dr\u00f3n j\u00f3k\u00edv\u00e1ns\u00e1gokkal teli alakzatokat alak\u00edtott ki az \u00e9gen, p\u00e9ld\u00e1ul \u201eA s\u00e1rk\u00e1ny \u00e9s a f\u0151nix \u00e1ltal hozott j\u00f3l\u00e9t, Boldog s\u00e1rk\u00e1nyhaj\u00f3-fesztiv\u00e1lt\u201d feliratot megjelen\u00edtve. (Zhou Huiwen \u2013 China [&hellip;]","og_url":"https:\/\/kinaikaleidoszkop.hu\/index.php\/2025\/06\/02\/egy-delnyugat-kinai-varos-sarkanyhajo-fesztivalja\/","og_site_name":"kinaikaleidoszkop.hu","article_published_time":"2025-06-02T12:24:08+00:00","og_image":[{"width":600,"height":402,"url":"https:\/\/kinaikaleidoszkop.hu\/wp-content\/uploads\/2025\/06\/22.jpg","type":"image\/jpeg"}],"author":"Szerk_Erik","twitter_card":"summary_large_image","twitter_misc":{"Szerz\u0151:":"PestCentrum","Becs\u00fclt olvas\u00e1si id\u0151":"1 perc"},"schema":{"@context":"https:\/\/schema.org","@graph":[{"@type":"WebPage","@id":"https:\/\/kinaikaleidoszkop.hu\/index.php\/2025\/06\/02\/egy-delnyugat-kinai-varos-sarkanyhajo-fesztivalja\/","url":"https:\/\/kinaikaleidoszkop.hu\/index.php\/2025\/06\/02\/egy-delnyugat-kinai-varos-sarkanyhajo-fesztivalja\/","name":"Egy d\u00e9lnyugat-k\u00ednai v\u00e1ros s\u00e1rk\u00e1nyhaj\u00f3-fesztiv\u00e1lja - kinaikaleidoszkop.hu","isPartOf":{"@id":"https:\/\/kinaikaleidoszkop.hu\/#website"},"primaryImageOfPage":{"@id":"https:\/\/kinaikaleidoszkop.hu\/index.php\/2025\/06\/02\/egy-delnyugat-kinai-varos-sarkanyhajo-fesztivalja\/#primaryimage"},"image":{"@id":"https:\/\/kinaikaleidoszkop.hu\/index.php\/2025\/06\/02\/egy-delnyugat-kinai-varos-sarkanyhajo-fesztivalja\/#primaryimage"},"thumbnailUrl":"https:\/\/kinaikaleidoszkop.hu\/wp-content\/uploads\/2025\/06\/22.jpg","datePublished":"2025-06-02T12:24:08+00:00","dateModified":"2025-06-02T12:24:08+00:00","author":{"@id":"https:\/\/kinaikaleidoszkop.hu\/#\/schema\/person\/4d69b71e7e70322713b9d9287b610556"},"breadcrumb":{"@id":"https:\/\/kinaikaleidoszkop.hu\/index.php\/2025\/06\/02\/egy-delnyugat-kinai-varos-sarkanyhajo-fesztivalja\/#breadcrumb"},"inLanguage":"hu","potentialAction":[{"@type":"ReadAction","target":["https:\/\/kinaikaleidoszkop.hu\/index.php\/2025\/06\/02\/egy-delnyugat-kinai-varos-sarkanyhajo-fesztivalja\/"]}]},{"@type":"ImageObject","inLanguage":"hu","@id":"https:\/\/kinaikaleidoszkop.hu\/index.php\/2025\/06\/02\/egy-delnyugat-kinai-varos-sarkanyhajo-fesztivalja\/#primaryimage","url":"https:\/\/kinaikaleidoszkop.hu\/wp-content\/uploads\/2025\/06\/22.jpg","contentUrl":"https:\/\/kinaikaleidoszkop.hu\/wp-content\/uploads\/2025\/06\/22.jpg","width":600,"height":402},{"@type":"BreadcrumbList","@id":"https:\/\/kinaikaleidoszkop.hu\/index.php\/2025\/06\/02\/egy-delnyugat-kinai-varos-sarkanyhajo-fesztivalja\/#breadcrumb","itemListElement":[{"@type":"ListItem","position":1,"name":"Kezd\u0151lap","item":"https:\/\/kinaikaleidoszkop.hu\/"},{"@type":"ListItem","position":2,"name":"Egy d\u00e9lnyugat-k\u00ednai v\u00e1ros s\u00e1rk\u00e1nyhaj\u00f3-fesztiv\u00e1lja"}]},{"@type":"WebSite","@id":"https:\/\/kinaikaleidoszkop.hu\/#website","url":"https:\/\/kinaikaleidoszkop.hu\/","name":"kinaikaleidoszkop.hu","description":"","potentialAction":[{"@type":"SearchAction","target":{"@type":"EntryPoint","urlTemplate":"https:\/\/kinaikaleidoszkop.hu\/?s={search_term_string}"},"query-input":{"@type":"PropertyValueSpecification","valueRequired":true,"valueName":"search_term_string"}}],"inLanguage":"hu"},{"@type":"Person","@id":"https:\/\/kinaikaleidoszkop.hu\/#\/schema\/person\/4d69b71e7e70322713b9d9287b610556","name":"Szerk_Erik","image":{"@type":"ImageObject","inLanguage":"hu","@id":"https:\/\/kinaikaleidoszkop.hu\/#\/schema\/person\/image\/","url":"https:\/\/secure.gravatar.com\/avatar\/3c1e909a14c0c91d2eaef877aaacb584c667f8e7137de69653aa9561fd0e8062?s=96&d=mm&r=g","contentUrl":"https:\/\/secure.gravatar.com\/avatar\/3c1e909a14c0c91d2eaef877aaacb584c667f8e7137de69653aa9561fd0e8062?s=96&d=mm&r=g","caption":"Szerk_Erik"},"url":"https:\/\/pestcentrum.hu"}]}},"views":162,"distributor_meta":false,"distributor_terms":false,"distributor_media":false,"distributor_original_site_name":"PestCentrum","distributor_original_site_url":"https:\/\/pestcentrum.hu","push-errors":false,"_links":{"self":[{"href":"https:\/\/kinaikaleidoszkop.hu\/index.php\/wp-json\/wp\/v2\/posts\/25983","targetHints":{"allow":["GET"]}}],"collection":[{"href":"https:\/\/kinaikaleidoszkop.hu\/index.php\/wp-json\/wp\/v2\/posts"}],"about":[{"href":"https:\/\/kinaikaleidoszkop.hu\/index.php\/wp-json\/wp\/v2\/types\/post"}],"author":[{"embeddable":true,"href":"https:\/\/kinaikaleidoszkop.hu\/index.php\/wp-json\/wp\/v2\/users\/7"}],"replies":[{"embeddable":true,"href":"https:\/\/kinaikaleidoszkop.hu\/index.php\/wp-json\/wp\/v2\/comments?post=25983"}],"version-history":[{"count":0,"href":"https:\/\/kinaikaleidoszkop.hu\/index.php\/wp-json\/wp\/v2\/posts\/25983\/revisions"}],"wp:featuredmedia":[{"embeddable":true,"href":"https:\/\/kinaikaleidoszkop.hu\/index.php\/wp-json\/wp\/v2\/media\/25984"}],"wp:attachment":[{"href":"https:\/\/kinaikaleidoszkop.hu\/index.php\/wp-json\/wp\/v2\/media?parent=25983"}],"wp:term":[{"taxonomy":"category","embeddable":true,"href":"https:\/\/kinaikaleidoszkop.hu\/index.php\/wp-json\/wp\/v2\/categories?post=25983"},{"taxonomy":"post_tag","embeddable":true,"href":"https:\/\/kinaikaleidoszkop.hu\/index.php\/wp-json\/wp\/v2\/tags?post=25983"}],"curies":[{"name":"wp","href":"https:\/\/api.w.org\/{rel}","templated":true}]}}