{"id":25996,"date":"2025-06-05T12:00:40","date_gmt":"2025-06-05T10:00:40","guid":{"rendered":"https:\/\/kinaikaleidoszkop.hu\/index.php\/2025\/06\/05\/kina-ellenzi-az-eu-es-a-fulop-szigetek-kinaval-kapcsolatos-hibas-kijelenteseit\/"},"modified":"2025-06-05T12:00:40","modified_gmt":"2025-06-05T10:00:40","slug":"kina-ellenzi-az-eu-es-a-fulop-szigetek-kinaval-kapcsolatos-hibas-kijelenteseit","status":"publish","type":"post","link":"https:\/\/kinaikaleidoszkop.hu\/index.php\/2025\/06\/05\/kina-ellenzi-az-eu-es-a-fulop-szigetek-kinaval-kapcsolatos-hibas-kijelenteseit\/","title":{"rendered":"K\u00edna ellenzi az EU \u00e9s a F\u00fcl\u00f6p-szigetek K\u00edn\u00e1val kapcsolatos hib\u00e1s kijelent\u00e9seit"},"content":{"rendered":"\n<p class=\"wp-block-paragraph\"><strong>K\u00edna F\u00fcl\u00f6p-szigeteki nagyk\u00f6vets\u00e9ge j\u00fanius 5-i sajt\u00f3t\u00e1j\u00e9koztat\u00f3j\u00e1n egy riporter \u00edgy vezette fel k\u00e9rd\u00e9s\u00e9t: \u201eM\u00e9dia\u00e9rtes\u00fcl\u00e9sek szerint Kaja Kallas, az EU k\u00fcl\u00fcgyi \u00e9s biztons\u00e1gpolitikai f\u0151k\u00e9pvisel\u0151je, egyben az Eur\u00f3pai Bizotts\u00e1g aleln\u00f6ke legut\u00f3bbi F\u00fcl\u00f6p-szigeteken tett l\u00e1togat\u00e1sa sor\u00e1n mind az EU, mind a F\u00fcl\u00f6p-szigetek aggodalm\u00e1t fejezte ki K\u00edn\u00e1nak a D\u00e9l-k\u00ednai-tengeren tett \u00bbilleg\u00e1lis, k\u00e9nyszer\u00edt\u0151, agressz\u00edv \u00e9s megt\u00e9veszt\u0151 int\u00e9zked\u00e9sei\u00ab miatt, \u00e9s megism\u00e9telt\u00e9k elk\u00f6telezetts\u00e9g\u00fcket a D\u00e9l-k\u00ednai-tengeren a haj\u00f3z\u00e1s \u00e9s az \u00e1trep\u00fcl\u00e9s szabads\u00e1g\u00e1nak tiszteletben tart\u00e1sa mellett, valamint az ENSZ tengerjogi egyezm\u00e9ny\u00e9nek \u00e9s a 2016-os \u00bbD\u00e9l-k\u00ednai-tengeri v\u00e1lasztottb\u00edr\u00f3s\u00e1g \u00edt\u00e9let\u00e9nek\u00ab betart\u00e1sa mellett. Mit sz\u00f3l ehhez a k\u00ednai nagyk\u00f6vets\u00e9g?\u201d <\/strong><\/p>\n\n\n\n<p class=\"wp-block-paragraph\">K\u00edna F\u00fcl\u00f6p-szigeteki nagyk\u00f6vets\u00e9g\u00e9nek sz\u00f3viv\u0151je elmondta: \u201eA D\u00e9l-k\u00ednai-tengeren K\u00edna szuverenit\u00e1sa, jogai \u00e9s \u00e9rdekei hossz\u00fa t\u00e1v\u00fa t\u00f6rt\u00e9nelmi gyakorlatban alakultak ki, amelyek t\u00f6rt\u00e9nelmi \u00e9s jogi alappal rendelkeznek, \u00e9s \u00f6sszhangban vannak a nemzetk\u00f6zi joggal, bele\u00e9rtve az ENSZ Alapokm\u00e1ny\u00e1t is. A K\u00edna \u00e9s a F\u00fcl\u00f6p-szigetek k\u00f6z\u00f6tti d\u00e9l-k\u00ednai-tengeri vita l\u00e9nyege a ter\u00fcleti szuverenit\u00e1si k\u00e9rd\u00e9s, amely t\u00falmutat az ENSZ Tengerjogi Egyezm\u00e9ny\u00e9nek hat\u00e1ly\u00e1n. A d\u00e9l-k\u00ednai-tengeri v\u00e1lasztottb\u00edr\u00f3s\u00e1g megs\u00e9rtette az \u00bb\u00e1llami beleegyez\u00e9s\u00ab elv\u00e9t, \u00e9s az \u00e1ltala hozott \u00edt\u00e9let jogellenes, \u00e9rv\u00e9nytelen \u00e9s nem k\u00f6telez\u0151 erej\u0171. K\u00edna nem fogadja el \u00e9s nem ismeri el az \u00edt\u00e9letet, tov\u00e1bb\u00e1 nem fogad el semmilyen az \u00edt\u00e9leten alapul\u00f3 k\u00f6vetel\u00e9st vagy int\u00e9zked\u00e9st.\u201d<\/p>\n\n\n<div class=\"wp-block-image\">\n<figure class=\"aligncenter size-full\"><img decoding=\"async\" src=\"https:\/\/pestcentrum.hu\/wp-content\/uploads\/2025\/06\/0605-3.jpg\" alt=\"\" class=\"wp-image-32087\"\/><\/figure>\n<\/div>\n\n\n<p class=\"wp-block-paragraph\">A sz\u00f3viv\u0151 kifejtette, hogy a D\u00e9l-k\u00ednai-tengeren most \u00e1ltal\u00e1noss\u00e1gban stabil a helyzet, ahol soha nem okozott gondot a haj\u00f3z\u00e1s \u00e9s az \u00e1trep\u00fcl\u00e9s szabads\u00e1ga. Hangs\u00falyozta, hogy a D\u00e9l-k\u00ednai-tenger egyes ter\u00fcletein kialakult fesz\u00fclts\u00e9get nem K\u00edna okozta, \u00e9s K\u00edna hat\u00e1rozottan ellenez minden egyoldal\u00fa jogs\u00e9rt\u00e9st \u00e9s provok\u00e1ci\u00f3t, \u00e9s a t\u00f6rv\u00e9nyekkel \u00e9s rendeletekkel \u00f6sszhangban v\u00e9di ter\u00fcleti szuverenit\u00e1s\u00e1t, valamint tengeri jogait \u00e9s \u00e9rdekeit. Az EU nem r\u00e9szes fele a d\u00e9l-k\u00ednai-tengeri vit\u00e1nak, \u00e9s nincs joga beavatkozni a K\u00edna \u00e9s a F\u00fcl\u00f6p-szigetek k\u00f6z\u00f6tti d\u00e9l-k\u00ednai-tengeri konfliktusba. Nem besz\u00e9lve arr\u00f3l, hogy az EU b\u00edr\u00e1lta K\u00edna tengeri jogv\u00e9delmi int\u00e9zked\u00e9seit, tette hozz\u00e1 a sz\u00f3viv\u0151, \u00e9s meger\u0151s\u00edtette, hogy K\u00edna s\u00fcrgeti az eur\u00f3pai felet, hogy tartsa tiszteletben K\u00edna ter\u00fcleti szuverenit\u00e1s\u00e1t, tengeri jogait \u00e9s \u00e9rdekeit a D\u00e9l-k\u00ednai-tengeren, \u00e9s hagyja abba a bajkelt\u00e9st.<\/p>\n\n\n\n<p class=\"wp-block-paragraph\"><strong><em>(Qin Liang \u2013 China Media Group)<\/em><\/strong><\/p>\n\n\n\n<p class=\"wp-block-paragraph\"><strong>2025. j\u00fanius 5.<\/strong><\/p>\n\n\n\n<p class=\"wp-block-paragraph\"><strong><em>(x)<\/em><\/strong><\/p>\n","protected":false},"excerpt":{"rendered":"<p>K\u00edna F\u00fcl\u00f6p-szigeteki nagyk\u00f6vets\u00e9ge j\u00fanius 5-i sajt\u00f3t\u00e1j\u00e9koztat\u00f3j\u00e1n egy riporter \u00edgy vezette fel k\u00e9rd\u00e9s\u00e9t: \u201eM\u00e9dia\u00e9rtes\u00fcl\u00e9sek szerint Kaja Kallas, az EU k\u00fcl\u00fcgyi \u00e9s biztons\u00e1gpolitikai f\u0151k\u00e9pvisel\u0151je, egyben az Eur\u00f3pai Bizotts\u00e1g aleln\u00f6ke legut\u00f3bbi F\u00fcl\u00f6p-szigeteken tett l\u00e1togat\u00e1sa sor\u00e1n mind az EU, mind a F\u00fcl\u00f6p-szigetek aggodalm\u00e1t fejezte ki K\u00edn\u00e1nak a D\u00e9l-k\u00ednai-tengeren tett \u00bbilleg\u00e1lis, k\u00e9nyszer\u00edt\u0151, agressz\u00edv \u00e9s megt\u00e9veszt\u0151 int\u00e9zked\u00e9sei\u00ab miatt, \u00e9s megism\u00e9telt\u00e9k elk\u00f6telezetts\u00e9g\u00fcket [&hellip;]<\/p>\n","protected":false},"author":7,"featured_media":25997,"comment_status":"","ping_status":"","sticky":false,"template":"","format":"standard","meta":{"footnotes":""},"categories":[4797],"tags":[3051,5207,740,3706,5208,5209,3696,691,578],"class_list":["post-25996","post","type-post","status-publish","format-standard","has-post-thumbnail","hentry","category-egyeb-hirek","tag-del-kinai-tenger","tag-del-kinai-tengeri-vita","tag-europai-unio","tag-feszultseg","tag-fulop-szigetek","tag-hajozas","tag-kina","tag-sajtotajekoztato","tag-szuverenitas"],"yoast_head":"<!-- This site is optimized with the Yoast SEO plugin v23.7 - https:\/\/yoast.com\/wordpress\/plugins\/seo\/ -->\n<title>K\u00edna ellenzi az EU \u00e9s a F\u00fcl\u00f6p-szigetek K\u00edn\u00e1val kapcsolatos hib\u00e1s kijelent\u00e9seit - kinaikaleidoszkop.hu<\/title>\n<meta name=\"robots\" content=\"index, follow, max-snippet:-1, max-image-preview:large, max-video-preview:-1\" \/>\n<link rel=\"canonical\" href=\"https:\/\/pestcentrum.hu\/2025\/06\/05\/kina-ellenzi-az-eu-es-a-fulop-szigetek-kinaval-kapcsolatos-hibas-kijelenteseit\/\" \/>\n<meta property=\"og:locale\" content=\"hu_HU\" \/>\n<meta property=\"og:type\" content=\"article\" \/>\n<meta property=\"og:title\" content=\"K\u00edna ellenzi az EU \u00e9s a F\u00fcl\u00f6p-szigetek K\u00edn\u00e1val kapcsolatos hib\u00e1s kijelent\u00e9seit - kinaikaleidoszkop.hu\" \/>\n<meta property=\"og:description\" content=\"K\u00edna F\u00fcl\u00f6p-szigeteki nagyk\u00f6vets\u00e9ge j\u00fanius 5-i sajt\u00f3t\u00e1j\u00e9koztat\u00f3j\u00e1n egy riporter \u00edgy vezette fel k\u00e9rd\u00e9s\u00e9t: \u201eM\u00e9dia\u00e9rtes\u00fcl\u00e9sek szerint Kaja Kallas, az EU k\u00fcl\u00fcgyi \u00e9s biztons\u00e1gpolitikai f\u0151k\u00e9pvisel\u0151je, egyben az Eur\u00f3pai Bizotts\u00e1g aleln\u00f6ke legut\u00f3bbi F\u00fcl\u00f6p-szigeteken tett l\u00e1togat\u00e1sa sor\u00e1n mind az EU, mind a F\u00fcl\u00f6p-szigetek aggodalm\u00e1t fejezte ki K\u00edn\u00e1nak a D\u00e9l-k\u00ednai-tengeren tett \u00bbilleg\u00e1lis, k\u00e9nyszer\u00edt\u0151, agressz\u00edv \u00e9s megt\u00e9veszt\u0151 int\u00e9zked\u00e9sei\u00ab miatt, \u00e9s megism\u00e9telt\u00e9k elk\u00f6telezetts\u00e9g\u00fcket [&hellip;]\" \/>\n<meta property=\"og:url\" content=\"https:\/\/kinaikaleidoszkop.hu\/index.php\/2025\/06\/05\/kina-ellenzi-az-eu-es-a-fulop-szigetek-kinaval-kapcsolatos-hibas-kijelenteseit\/\" \/>\n<meta property=\"og:site_name\" content=\"kinaikaleidoszkop.hu\" \/>\n<meta property=\"article:published_time\" content=\"2025-06-05T10:00:40+00:00\" \/>\n<meta property=\"og:image\" content=\"https:\/\/kinaikaleidoszkop.hu\/wp-content\/uploads\/2025\/06\/0605-3.jpg\" \/>\n\t<meta property=\"og:image:width\" content=\"2048\" \/>\n\t<meta property=\"og:image:height\" content=\"1152\" \/>\n\t<meta property=\"og:image:type\" content=\"image\/jpeg\" \/>\n<meta name=\"author\" content=\"Szerk_Erik\" \/>\n<meta name=\"twitter:card\" content=\"summary_large_image\" \/>\n<meta name=\"twitter:label1\" content=\"Szerz\u0151:\" \/>\n\t<meta name=\"twitter:data1\" content=\"PestCentrum\" \/>\n\t<meta name=\"twitter:label2\" content=\"Becs\u00fclt olvas\u00e1si id\u0151\" \/>\n\t<meta name=\"twitter:data2\" content=\"3 perc\" \/>\n<script type=\"application\/ld+json\" class=\"yoast-schema-graph\">{\"@context\":\"https:\/\/schema.org\",\"@graph\":[{\"@type\":\"WebPage\",\"@id\":\"https:\/\/kinaikaleidoszkop.hu\/index.php\/2025\/06\/05\/kina-ellenzi-az-eu-es-a-fulop-szigetek-kinaval-kapcsolatos-hibas-kijelenteseit\/\",\"url\":\"https:\/\/kinaikaleidoszkop.hu\/index.php\/2025\/06\/05\/kina-ellenzi-az-eu-es-a-fulop-szigetek-kinaval-kapcsolatos-hibas-kijelenteseit\/\",\"name\":\"K\u00edna ellenzi az EU \u00e9s a F\u00fcl\u00f6p-szigetek K\u00edn\u00e1val kapcsolatos hib\u00e1s kijelent\u00e9seit - kinaikaleidoszkop.hu\",\"isPartOf\":{\"@id\":\"https:\/\/kinaikaleidoszkop.hu\/#website\"},\"primaryImageOfPage\":{\"@id\":\"https:\/\/kinaikaleidoszkop.hu\/index.php\/2025\/06\/05\/kina-ellenzi-az-eu-es-a-fulop-szigetek-kinaval-kapcsolatos-hibas-kijelenteseit\/#primaryimage\"},\"image\":{\"@id\":\"https:\/\/kinaikaleidoszkop.hu\/index.php\/2025\/06\/05\/kina-ellenzi-az-eu-es-a-fulop-szigetek-kinaval-kapcsolatos-hibas-kijelenteseit\/#primaryimage\"},\"thumbnailUrl\":\"https:\/\/kinaikaleidoszkop.hu\/wp-content\/uploads\/2025\/06\/0605-3.jpg\",\"datePublished\":\"2025-06-05T10:00:40+00:00\",\"dateModified\":\"2025-06-05T10:00:40+00:00\",\"author\":{\"@id\":\"https:\/\/kinaikaleidoszkop.hu\/#\/schema\/person\/4d69b71e7e70322713b9d9287b610556\"},\"breadcrumb\":{\"@id\":\"https:\/\/kinaikaleidoszkop.hu\/index.php\/2025\/06\/05\/kina-ellenzi-az-eu-es-a-fulop-szigetek-kinaval-kapcsolatos-hibas-kijelenteseit\/#breadcrumb\"},\"inLanguage\":\"hu\",\"potentialAction\":[{\"@type\":\"ReadAction\",\"target\":[\"https:\/\/kinaikaleidoszkop.hu\/index.php\/2025\/06\/05\/kina-ellenzi-az-eu-es-a-fulop-szigetek-kinaval-kapcsolatos-hibas-kijelenteseit\/\"]}]},{\"@type\":\"ImageObject\",\"inLanguage\":\"hu\",\"@id\":\"https:\/\/kinaikaleidoszkop.hu\/index.php\/2025\/06\/05\/kina-ellenzi-az-eu-es-a-fulop-szigetek-kinaval-kapcsolatos-hibas-kijelenteseit\/#primaryimage\",\"url\":\"https:\/\/kinaikaleidoszkop.hu\/wp-content\/uploads\/2025\/06\/0605-3.jpg\",\"contentUrl\":\"https:\/\/kinaikaleidoszkop.hu\/wp-content\/uploads\/2025\/06\/0605-3.jpg\",\"width\":2048,\"height\":1152},{\"@type\":\"BreadcrumbList\",\"@id\":\"https:\/\/kinaikaleidoszkop.hu\/index.php\/2025\/06\/05\/kina-ellenzi-az-eu-es-a-fulop-szigetek-kinaval-kapcsolatos-hibas-kijelenteseit\/#breadcrumb\",\"itemListElement\":[{\"@type\":\"ListItem\",\"position\":1,\"name\":\"Kezd\u0151lap\",\"item\":\"https:\/\/kinaikaleidoszkop.hu\/\"},{\"@type\":\"ListItem\",\"position\":2,\"name\":\"K\u00edna ellenzi az EU \u00e9s a F\u00fcl\u00f6p-szigetek K\u00edn\u00e1val kapcsolatos hib\u00e1s kijelent\u00e9seit\"}]},{\"@type\":\"WebSite\",\"@id\":\"https:\/\/kinaikaleidoszkop.hu\/#website\",\"url\":\"https:\/\/kinaikaleidoszkop.hu\/\",\"name\":\"kinaikaleidoszkop.hu\",\"description\":\"\",\"potentialAction\":[{\"@type\":\"SearchAction\",\"target\":{\"@type\":\"EntryPoint\",\"urlTemplate\":\"https:\/\/kinaikaleidoszkop.hu\/?s={search_term_string}\"},\"query-input\":{\"@type\":\"PropertyValueSpecification\",\"valueRequired\":true,\"valueName\":\"search_term_string\"}}],\"inLanguage\":\"hu\"},{\"@type\":\"Person\",\"@id\":\"https:\/\/kinaikaleidoszkop.hu\/#\/schema\/person\/4d69b71e7e70322713b9d9287b610556\",\"name\":\"Szerk_Erik\",\"image\":{\"@type\":\"ImageObject\",\"inLanguage\":\"hu\",\"@id\":\"https:\/\/kinaikaleidoszkop.hu\/#\/schema\/person\/image\/\",\"url\":\"https:\/\/secure.gravatar.com\/avatar\/3c1e909a14c0c91d2eaef877aaacb584c667f8e7137de69653aa9561fd0e8062?s=96&d=mm&r=g\",\"contentUrl\":\"https:\/\/secure.gravatar.com\/avatar\/3c1e909a14c0c91d2eaef877aaacb584c667f8e7137de69653aa9561fd0e8062?s=96&d=mm&r=g\",\"caption\":\"Szerk_Erik\"},\"url\":\"https:\/\/pestcentrum.hu\"}]}<\/script>\n<!-- \/ Yoast SEO plugin. -->","yoast_head_json":{"title":"K\u00edna ellenzi az EU \u00e9s a F\u00fcl\u00f6p-szigetek K\u00edn\u00e1val kapcsolatos hib\u00e1s kijelent\u00e9seit - kinaikaleidoszkop.hu","robots":{"index":"index","follow":"follow","max-snippet":"max-snippet:-1","max-image-preview":"max-image-preview:large","max-video-preview":"max-video-preview:-1"},"canonical":"https:\/\/pestcentrum.hu\/2025\/06\/05\/kina-ellenzi-az-eu-es-a-fulop-szigetek-kinaval-kapcsolatos-hibas-kijelenteseit\/","og_locale":"hu_HU","og_type":"article","og_title":"K\u00edna ellenzi az EU \u00e9s a F\u00fcl\u00f6p-szigetek K\u00edn\u00e1val kapcsolatos hib\u00e1s kijelent\u00e9seit - kinaikaleidoszkop.hu","og_description":"K\u00edna F\u00fcl\u00f6p-szigeteki nagyk\u00f6vets\u00e9ge j\u00fanius 5-i sajt\u00f3t\u00e1j\u00e9koztat\u00f3j\u00e1n egy riporter \u00edgy vezette fel k\u00e9rd\u00e9s\u00e9t: \u201eM\u00e9dia\u00e9rtes\u00fcl\u00e9sek szerint Kaja Kallas, az EU k\u00fcl\u00fcgyi \u00e9s biztons\u00e1gpolitikai f\u0151k\u00e9pvisel\u0151je, egyben az Eur\u00f3pai Bizotts\u00e1g aleln\u00f6ke legut\u00f3bbi F\u00fcl\u00f6p-szigeteken tett l\u00e1togat\u00e1sa sor\u00e1n mind az EU, mind a F\u00fcl\u00f6p-szigetek aggodalm\u00e1t fejezte ki K\u00edn\u00e1nak a D\u00e9l-k\u00ednai-tengeren tett \u00bbilleg\u00e1lis, k\u00e9nyszer\u00edt\u0151, agressz\u00edv \u00e9s megt\u00e9veszt\u0151 int\u00e9zked\u00e9sei\u00ab miatt, \u00e9s megism\u00e9telt\u00e9k elk\u00f6telezetts\u00e9g\u00fcket [&hellip;]","og_url":"https:\/\/kinaikaleidoszkop.hu\/index.php\/2025\/06\/05\/kina-ellenzi-az-eu-es-a-fulop-szigetek-kinaval-kapcsolatos-hibas-kijelenteseit\/","og_site_name":"kinaikaleidoszkop.hu","article_published_time":"2025-06-05T10:00:40+00:00","og_image":[{"width":2048,"height":1152,"url":"https:\/\/kinaikaleidoszkop.hu\/wp-content\/uploads\/2025\/06\/0605-3.jpg","type":"image\/jpeg"}],"author":"Szerk_Erik","twitter_card":"summary_large_image","twitter_misc":{"Szerz\u0151:":"PestCentrum","Becs\u00fclt olvas\u00e1si id\u0151":"3 perc"},"schema":{"@context":"https:\/\/schema.org","@graph":[{"@type":"WebPage","@id":"https:\/\/kinaikaleidoszkop.hu\/index.php\/2025\/06\/05\/kina-ellenzi-az-eu-es-a-fulop-szigetek-kinaval-kapcsolatos-hibas-kijelenteseit\/","url":"https:\/\/kinaikaleidoszkop.hu\/index.php\/2025\/06\/05\/kina-ellenzi-az-eu-es-a-fulop-szigetek-kinaval-kapcsolatos-hibas-kijelenteseit\/","name":"K\u00edna ellenzi az EU \u00e9s a F\u00fcl\u00f6p-szigetek K\u00edn\u00e1val kapcsolatos hib\u00e1s kijelent\u00e9seit - kinaikaleidoszkop.hu","isPartOf":{"@id":"https:\/\/kinaikaleidoszkop.hu\/#website"},"primaryImageOfPage":{"@id":"https:\/\/kinaikaleidoszkop.hu\/index.php\/2025\/06\/05\/kina-ellenzi-az-eu-es-a-fulop-szigetek-kinaval-kapcsolatos-hibas-kijelenteseit\/#primaryimage"},"image":{"@id":"https:\/\/kinaikaleidoszkop.hu\/index.php\/2025\/06\/05\/kina-ellenzi-az-eu-es-a-fulop-szigetek-kinaval-kapcsolatos-hibas-kijelenteseit\/#primaryimage"},"thumbnailUrl":"https:\/\/kinaikaleidoszkop.hu\/wp-content\/uploads\/2025\/06\/0605-3.jpg","datePublished":"2025-06-05T10:00:40+00:00","dateModified":"2025-06-05T10:00:40+00:00","author":{"@id":"https:\/\/kinaikaleidoszkop.hu\/#\/schema\/person\/4d69b71e7e70322713b9d9287b610556"},"breadcrumb":{"@id":"https:\/\/kinaikaleidoszkop.hu\/index.php\/2025\/06\/05\/kina-ellenzi-az-eu-es-a-fulop-szigetek-kinaval-kapcsolatos-hibas-kijelenteseit\/#breadcrumb"},"inLanguage":"hu","potentialAction":[{"@type":"ReadAction","target":["https:\/\/kinaikaleidoszkop.hu\/index.php\/2025\/06\/05\/kina-ellenzi-az-eu-es-a-fulop-szigetek-kinaval-kapcsolatos-hibas-kijelenteseit\/"]}]},{"@type":"ImageObject","inLanguage":"hu","@id":"https:\/\/kinaikaleidoszkop.hu\/index.php\/2025\/06\/05\/kina-ellenzi-az-eu-es-a-fulop-szigetek-kinaval-kapcsolatos-hibas-kijelenteseit\/#primaryimage","url":"https:\/\/kinaikaleidoszkop.hu\/wp-content\/uploads\/2025\/06\/0605-3.jpg","contentUrl":"https:\/\/kinaikaleidoszkop.hu\/wp-content\/uploads\/2025\/06\/0605-3.jpg","width":2048,"height":1152},{"@type":"BreadcrumbList","@id":"https:\/\/kinaikaleidoszkop.hu\/index.php\/2025\/06\/05\/kina-ellenzi-az-eu-es-a-fulop-szigetek-kinaval-kapcsolatos-hibas-kijelenteseit\/#breadcrumb","itemListElement":[{"@type":"ListItem","position":1,"name":"Kezd\u0151lap","item":"https:\/\/kinaikaleidoszkop.hu\/"},{"@type":"ListItem","position":2,"name":"K\u00edna ellenzi az EU \u00e9s a F\u00fcl\u00f6p-szigetek K\u00edn\u00e1val kapcsolatos hib\u00e1s kijelent\u00e9seit"}]},{"@type":"WebSite","@id":"https:\/\/kinaikaleidoszkop.hu\/#website","url":"https:\/\/kinaikaleidoszkop.hu\/","name":"kinaikaleidoszkop.hu","description":"","potentialAction":[{"@type":"SearchAction","target":{"@type":"EntryPoint","urlTemplate":"https:\/\/kinaikaleidoszkop.hu\/?s={search_term_string}"},"query-input":{"@type":"PropertyValueSpecification","valueRequired":true,"valueName":"search_term_string"}}],"inLanguage":"hu"},{"@type":"Person","@id":"https:\/\/kinaikaleidoszkop.hu\/#\/schema\/person\/4d69b71e7e70322713b9d9287b610556","name":"Szerk_Erik","image":{"@type":"ImageObject","inLanguage":"hu","@id":"https:\/\/kinaikaleidoszkop.hu\/#\/schema\/person\/image\/","url":"https:\/\/secure.gravatar.com\/avatar\/3c1e909a14c0c91d2eaef877aaacb584c667f8e7137de69653aa9561fd0e8062?s=96&d=mm&r=g","contentUrl":"https:\/\/secure.gravatar.com\/avatar\/3c1e909a14c0c91d2eaef877aaacb584c667f8e7137de69653aa9561fd0e8062?s=96&d=mm&r=g","caption":"Szerk_Erik"},"url":"https:\/\/pestcentrum.hu"}]}},"views":160,"distributor_meta":false,"distributor_terms":false,"distributor_media":false,"distributor_original_site_name":"PestCentrum","distributor_original_site_url":"https:\/\/pestcentrum.hu","push-errors":false,"_links":{"self":[{"href":"https:\/\/kinaikaleidoszkop.hu\/index.php\/wp-json\/wp\/v2\/posts\/25996","targetHints":{"allow":["GET"]}}],"collection":[{"href":"https:\/\/kinaikaleidoszkop.hu\/index.php\/wp-json\/wp\/v2\/posts"}],"about":[{"href":"https:\/\/kinaikaleidoszkop.hu\/index.php\/wp-json\/wp\/v2\/types\/post"}],"author":[{"embeddable":true,"href":"https:\/\/kinaikaleidoszkop.hu\/index.php\/wp-json\/wp\/v2\/users\/7"}],"replies":[{"embeddable":true,"href":"https:\/\/kinaikaleidoszkop.hu\/index.php\/wp-json\/wp\/v2\/comments?post=25996"}],"version-history":[{"count":0,"href":"https:\/\/kinaikaleidoszkop.hu\/index.php\/wp-json\/wp\/v2\/posts\/25996\/revisions"}],"wp:featuredmedia":[{"embeddable":true,"href":"https:\/\/kinaikaleidoszkop.hu\/index.php\/wp-json\/wp\/v2\/media\/25997"}],"wp:attachment":[{"href":"https:\/\/kinaikaleidoszkop.hu\/index.php\/wp-json\/wp\/v2\/media?parent=25996"}],"wp:term":[{"taxonomy":"category","embeddable":true,"href":"https:\/\/kinaikaleidoszkop.hu\/index.php\/wp-json\/wp\/v2\/categories?post=25996"},{"taxonomy":"post_tag","embeddable":true,"href":"https:\/\/kinaikaleidoszkop.hu\/index.php\/wp-json\/wp\/v2\/tags?post=25996"}],"curies":[{"name":"wp","href":"https:\/\/api.w.org\/{rel}","templated":true}]}}