{"id":26035,"date":"2025-06-10T13:09:07","date_gmt":"2025-06-10T11:09:07","guid":{"rendered":"https:\/\/kinaikaleidoszkop.hu\/index.php\/2025\/06\/10\/a-kinai-kulugyminiszterium-kina-fontos-hozzajarulasat-hangsulyozta-a-civilizaciok-kozotti-parbeszedhez\/"},"modified":"2025-06-12T13:05:25","modified_gmt":"2025-06-12T11:05:25","slug":"a-kinai-kulugyminiszterium-kina-fontos-hozzajarulasat-hangsulyozta-a-civilizaciok-kozotti-parbeszedhez","status":"publish","type":"post","link":"https:\/\/kinaikaleidoszkop.hu\/index.php\/2025\/06\/10\/a-kinai-kulugyminiszterium-kina-fontos-hozzajarulasat-hangsulyozta-a-civilizaciok-kozotti-parbeszedhez\/","title":{"rendered":"A k\u00ednai k\u00fcl\u00fcgyminiszt\u00e9rium K\u00edna fontos hozz\u00e1j\u00e1rul\u00e1s\u00e1t hangs\u00falyozta a civiliz\u00e1ci\u00f3k k\u00f6z\u00f6tti p\u00e1rbesz\u00e9dhez"},"content":{"rendered":"\n<p><strong>Tavaly az ENSZ K\u00f6zgy\u0171l\u00e9s\u00e9nek 78. \u00fcl\u00e9sszak\u00e1n hat\u00e1rozatot fogadtak el arr\u00f3l, hogy j\u00fanius 10-\u00e9t a Civiliz\u00e1ci\u00f3k k\u00f6z\u00f6tti p\u00e1rbesz\u00e9d nemzetk\u00f6zi napj\u00e1v\u00e1 nyilv\u00e1n\u00edtj\u00e1k. Az idei j\u00fanius 10-e az els\u0151 ilyen nemzetk\u00f6zi nap. Az ENSZ sz\u00e9khely\u00e9n \u00e9s sz\u00e1mos ENSZ-\u00fcgyn\u00f6ks\u00e9g helysz\u00edn\u00e9n tartottak \u00e9s tartanak rendezv\u00e9nyeket, \u00e9s az ENSZ f\u0151titk\u00e1ra, az ENSZ K\u00f6zgy\u0171l\u00e9s\u00e9nek eln\u00f6ke, valamint t\u00f6bb ENSZ-\u00fcgyn\u00f6ks\u00e9g vezet\u0151je is \u00fcdv\u00f6z\u00f6lte az esem\u00e9nyt.<\/strong><\/p>\n\n\n<div class=\"wp-block-image\">\n<figure class=\"aligncenter size-full\"><img decoding=\"async\" src=\"https:\/\/pestcentrum.hu\/wp-content\/uploads\/2025\/06\/0610Lea4.jpg\" alt=\"\" class=\"wp-image-32315\"\/><\/figure>\n<\/div>\n\n\n<p>Lin Jian k\u00ednai k\u00fcl\u00fcgyi sz\u00f3viv\u0151 j\u00fanius 10-i sajt\u00f3t\u00e1j\u00e9koztat\u00f3j\u00e1n kiemelte K\u00edna fontos hozz\u00e1j\u00e1rul\u00e1s\u00e1t a civiliz\u00e1ci\u00f3k k\u00f6z\u00f6tti egyenl\u0151 cser\u00e9khez \u00e9s p\u00e1rbesz\u00e9dhez, valamint a vil\u00e1gb\u00e9ke \u00e9s a vil\u00e1g fejl\u0151d\u00e9s\u00e9nek el\u0151mozd\u00edt\u00e1s\u00e1hoz. Mint mondta, K\u00edna az ENSZ-szel \u00e9s m\u00e1s nemzetk\u00f6zi szervezetekkel, valamint k\u00fcl\u00f6nb\u00f6z\u0151 orsz\u00e1gokkal egy\u00fctt t\u00f6bb tematikus rendezv\u00e9nyt is tartott az ENSZ New York-i \u00e9s genfi sz\u00e9khely\u00e9n, amit \u00e9l\u0151ben k\u00f6zvet\u00edtett az ENSZ hivatalos honlapja. Antonio Guterres ENSZ-f\u0151titk\u00e1r \u00e9s m\u00e1s magas rang\u00fa ENSZ-tisztvisel\u0151k elismer\u0151en sz\u00f3ltak K\u00edna glob\u00e1lis civiliz\u00e1ci\u00f3s kezdem\u00e9nyez\u00e9s\u00e9nek jelent\u0151s\u00e9g\u00e9r\u0151l, felsz\u00f3l\u00edtva a nemzetk\u00f6zi k\u00f6z\u00f6ss\u00e9get a szolidarit\u00e1s meger\u0151s\u00edt\u00e9s\u00e9re, a civiliz\u00e1ci\u00f3k k\u00f6z\u00f6tti p\u00e1rbesz\u00e9d el\u0151mozd\u00edt\u00e1s\u00e1ra, valamint a b\u00e9ke \u00e9s a fejl\u0151d\u00e9s v\u00e9delm\u00e9re.<\/p>\n\n\n\n<p>\u201eA civiliz\u00e1ci\u00f3k k\u00f6z\u00f6tti p\u00e1rbesz\u00e9d nemzetk\u00f6zi napj\u00e1nak l\u00e9trehoz\u00e1sa megfelel minden n\u00e9p k\u00edv\u00e1ns\u00e1g\u00e1nak a civiliz\u00e1ci\u00f3k k\u00f6z\u00f6tti p\u00e1rbesz\u00e9dre \u00e9s az emberis\u00e9g fejl\u0151d\u00e9s\u00e9re, el\u0151mozd\u00edtja a val\u00f3di multilateralizmust \u00e9s el\u0151seg\u00edti az emberis\u00e9g k\u00f6z\u00f6s \u00e9rt\u00e9keinek megbecs\u00fcl\u00e9s\u00e9t\u201d \u2013 hangoztatta a sz\u00f3viv\u0151.<\/p>\n\n\n\n<p><strong><em>2025. 06. 10.<\/em><\/strong><\/p>\n\n\n\n<p><strong>(China Media Group)<\/strong><\/p>\n\n\n\n<p><strong><em>(x)<\/em><\/strong><\/p>\n","protected":false},"excerpt":{"rendered":"<p>Tavaly az ENSZ K\u00f6zgy\u0171l\u00e9s\u00e9nek 78. \u00fcl\u00e9sszak\u00e1n hat\u00e1rozatot fogadtak el arr\u00f3l, hogy j\u00fanius 10-\u00e9t a Civiliz\u00e1ci\u00f3k k\u00f6z\u00f6tti p\u00e1rbesz\u00e9d nemzetk\u00f6zi napj\u00e1v\u00e1 nyilv\u00e1n\u00edtj\u00e1k. Az idei j\u00fanius 10-e az els\u0151 ilyen nemzetk\u00f6zi nap. Az ENSZ sz\u00e9khely\u00e9n \u00e9s sz\u00e1mos ENSZ-\u00fcgyn\u00f6ks\u00e9g helysz\u00edn\u00e9n tartottak \u00e9s tartanak rendezv\u00e9nyeket, \u00e9s az ENSZ f\u0151titk\u00e1ra, az ENSZ K\u00f6zgy\u0171l\u00e9s\u00e9nek eln\u00f6ke, valamint t\u00f6bb ENSZ-\u00fcgyn\u00f6ks\u00e9g vezet\u0151je is \u00fcdv\u00f6z\u00f6lte az [&hellip;]<\/p>\n","protected":false},"author":7,"featured_media":26068,"comment_status":"closed","ping_status":"","sticky":false,"template":"","format":"standard","meta":{"footnotes":""},"categories":[4797],"tags":[949,325,394,3696,1030],"class_list":["post-26035","post","type-post","status-publish","format-standard","has-post-thumbnail","hentry","category-egyeb-hirek","tag-civilizacio","tag-ensz","tag-hatarozat","tag-kina","tag-parbeszed"],"yoast_head":"<!-- This site is optimized with the Yoast SEO plugin v23.7 - https:\/\/yoast.com\/wordpress\/plugins\/seo\/ -->\n<title>A k\u00ednai k\u00fcl\u00fcgyminiszt\u00e9rium K\u00edna fontos hozz\u00e1j\u00e1rul\u00e1s\u00e1t hangs\u00falyozta a civiliz\u00e1ci\u00f3k k\u00f6z\u00f6tti p\u00e1rbesz\u00e9dhez - kinaikaleidoszkop.hu<\/title>\n<meta name=\"robots\" content=\"index, follow, max-snippet:-1, max-image-preview:large, max-video-preview:-1\" \/>\n<link rel=\"canonical\" href=\"https:\/\/pestcentrum.hu\/2025\/06\/10\/a-kinai-kulugyminiszterium-kina-fontos-hozzajarulasat-hangsulyozta-a-civilizaciok-kozotti-parbeszedhez\/\" \/>\n<meta property=\"og:locale\" content=\"hu_HU\" \/>\n<meta property=\"og:type\" content=\"article\" \/>\n<meta property=\"og:title\" content=\"A k\u00ednai k\u00fcl\u00fcgyminiszt\u00e9rium K\u00edna fontos hozz\u00e1j\u00e1rul\u00e1s\u00e1t hangs\u00falyozta a civiliz\u00e1ci\u00f3k k\u00f6z\u00f6tti p\u00e1rbesz\u00e9dhez - kinaikaleidoszkop.hu\" \/>\n<meta property=\"og:description\" content=\"Tavaly az ENSZ K\u00f6zgy\u0171l\u00e9s\u00e9nek 78. \u00fcl\u00e9sszak\u00e1n hat\u00e1rozatot fogadtak el arr\u00f3l, hogy j\u00fanius 10-\u00e9t a Civiliz\u00e1ci\u00f3k k\u00f6z\u00f6tti p\u00e1rbesz\u00e9d nemzetk\u00f6zi napj\u00e1v\u00e1 nyilv\u00e1n\u00edtj\u00e1k. Az idei j\u00fanius 10-e az els\u0151 ilyen nemzetk\u00f6zi nap. Az ENSZ sz\u00e9khely\u00e9n \u00e9s sz\u00e1mos ENSZ-\u00fcgyn\u00f6ks\u00e9g helysz\u00edn\u00e9n tartottak \u00e9s tartanak rendezv\u00e9nyeket, \u00e9s az ENSZ f\u0151titk\u00e1ra, az ENSZ K\u00f6zgy\u0171l\u00e9s\u00e9nek eln\u00f6ke, valamint t\u00f6bb ENSZ-\u00fcgyn\u00f6ks\u00e9g vezet\u0151je is \u00fcdv\u00f6z\u00f6lte az [&hellip;]\" \/>\n<meta property=\"og:url\" content=\"https:\/\/kinaikaleidoszkop.hu\/index.php\/2025\/06\/10\/a-kinai-kulugyminiszterium-kina-fontos-hozzajarulasat-hangsulyozta-a-civilizaciok-kozotti-parbeszedhez\/\" \/>\n<meta property=\"og:site_name\" content=\"kinaikaleidoszkop.hu\" \/>\n<meta property=\"article:published_time\" content=\"2025-06-10T11:09:07+00:00\" \/>\n<meta property=\"article:modified_time\" content=\"2025-06-12T11:05:25+00:00\" \/>\n<meta property=\"og:image\" content=\"https:\/\/kinaikaleidoszkop.hu\/wp-content\/uploads\/2025\/06\/0610Lea4.jpg\" \/>\n\t<meta property=\"og:image:width\" content=\"800\" \/>\n\t<meta property=\"og:image:height\" content=\"533\" \/>\n\t<meta property=\"og:image:type\" content=\"image\/jpeg\" \/>\n<meta name=\"author\" content=\"Szerk_Erik\" \/>\n<meta name=\"twitter:card\" content=\"summary_large_image\" \/>\n<meta name=\"twitter:label1\" content=\"Szerz\u0151:\" \/>\n\t<meta name=\"twitter:data1\" content=\"PestCentrum\" \/>\n\t<meta name=\"twitter:label2\" content=\"Becs\u00fclt olvas\u00e1si id\u0151\" \/>\n\t<meta name=\"twitter:data2\" content=\"2 perc\" \/>\n<script type=\"application\/ld+json\" class=\"yoast-schema-graph\">{\"@context\":\"https:\/\/schema.org\",\"@graph\":[{\"@type\":\"WebPage\",\"@id\":\"https:\/\/kinaikaleidoszkop.hu\/index.php\/2025\/06\/10\/a-kinai-kulugyminiszterium-kina-fontos-hozzajarulasat-hangsulyozta-a-civilizaciok-kozotti-parbeszedhez\/\",\"url\":\"https:\/\/kinaikaleidoszkop.hu\/index.php\/2025\/06\/10\/a-kinai-kulugyminiszterium-kina-fontos-hozzajarulasat-hangsulyozta-a-civilizaciok-kozotti-parbeszedhez\/\",\"name\":\"A k\u00ednai k\u00fcl\u00fcgyminiszt\u00e9rium K\u00edna fontos hozz\u00e1j\u00e1rul\u00e1s\u00e1t hangs\u00falyozta a civiliz\u00e1ci\u00f3k k\u00f6z\u00f6tti p\u00e1rbesz\u00e9dhez - kinaikaleidoszkop.hu\",\"isPartOf\":{\"@id\":\"https:\/\/kinaikaleidoszkop.hu\/#website\"},\"primaryImageOfPage\":{\"@id\":\"https:\/\/kinaikaleidoszkop.hu\/index.php\/2025\/06\/10\/a-kinai-kulugyminiszterium-kina-fontos-hozzajarulasat-hangsulyozta-a-civilizaciok-kozotti-parbeszedhez\/#primaryimage\"},\"image\":{\"@id\":\"https:\/\/kinaikaleidoszkop.hu\/index.php\/2025\/06\/10\/a-kinai-kulugyminiszterium-kina-fontos-hozzajarulasat-hangsulyozta-a-civilizaciok-kozotti-parbeszedhez\/#primaryimage\"},\"thumbnailUrl\":\"https:\/\/kinaikaleidoszkop.hu\/wp-content\/uploads\/2025\/06\/0610Lea4.jpg\",\"datePublished\":\"2025-06-10T11:09:07+00:00\",\"dateModified\":\"2025-06-12T11:05:25+00:00\",\"author\":{\"@id\":\"https:\/\/kinaikaleidoszkop.hu\/#\/schema\/person\/4d69b71e7e70322713b9d9287b610556\"},\"breadcrumb\":{\"@id\":\"https:\/\/kinaikaleidoszkop.hu\/index.php\/2025\/06\/10\/a-kinai-kulugyminiszterium-kina-fontos-hozzajarulasat-hangsulyozta-a-civilizaciok-kozotti-parbeszedhez\/#breadcrumb\"},\"inLanguage\":\"hu\",\"potentialAction\":[{\"@type\":\"ReadAction\",\"target\":[\"https:\/\/kinaikaleidoszkop.hu\/index.php\/2025\/06\/10\/a-kinai-kulugyminiszterium-kina-fontos-hozzajarulasat-hangsulyozta-a-civilizaciok-kozotti-parbeszedhez\/\"]}]},{\"@type\":\"ImageObject\",\"inLanguage\":\"hu\",\"@id\":\"https:\/\/kinaikaleidoszkop.hu\/index.php\/2025\/06\/10\/a-kinai-kulugyminiszterium-kina-fontos-hozzajarulasat-hangsulyozta-a-civilizaciok-kozotti-parbeszedhez\/#primaryimage\",\"url\":\"https:\/\/kinaikaleidoszkop.hu\/wp-content\/uploads\/2025\/06\/0610Lea4.jpg\",\"contentUrl\":\"https:\/\/kinaikaleidoszkop.hu\/wp-content\/uploads\/2025\/06\/0610Lea4.jpg\",\"width\":800,\"height\":533},{\"@type\":\"BreadcrumbList\",\"@id\":\"https:\/\/kinaikaleidoszkop.hu\/index.php\/2025\/06\/10\/a-kinai-kulugyminiszterium-kina-fontos-hozzajarulasat-hangsulyozta-a-civilizaciok-kozotti-parbeszedhez\/#breadcrumb\",\"itemListElement\":[{\"@type\":\"ListItem\",\"position\":1,\"name\":\"Kezd\u0151lap\",\"item\":\"https:\/\/kinaikaleidoszkop.hu\/\"},{\"@type\":\"ListItem\",\"position\":2,\"name\":\"A k\u00ednai k\u00fcl\u00fcgyminiszt\u00e9rium K\u00edna fontos hozz\u00e1j\u00e1rul\u00e1s\u00e1t hangs\u00falyozta a civiliz\u00e1ci\u00f3k k\u00f6z\u00f6tti p\u00e1rbesz\u00e9dhez\"}]},{\"@type\":\"WebSite\",\"@id\":\"https:\/\/kinaikaleidoszkop.hu\/#website\",\"url\":\"https:\/\/kinaikaleidoszkop.hu\/\",\"name\":\"kinaikaleidoszkop.hu\",\"description\":\"\",\"potentialAction\":[{\"@type\":\"SearchAction\",\"target\":{\"@type\":\"EntryPoint\",\"urlTemplate\":\"https:\/\/kinaikaleidoszkop.hu\/?s={search_term_string}\"},\"query-input\":{\"@type\":\"PropertyValueSpecification\",\"valueRequired\":true,\"valueName\":\"search_term_string\"}}],\"inLanguage\":\"hu\"},{\"@type\":\"Person\",\"@id\":\"https:\/\/kinaikaleidoszkop.hu\/#\/schema\/person\/4d69b71e7e70322713b9d9287b610556\",\"name\":\"Szerk_Erik\",\"image\":{\"@type\":\"ImageObject\",\"inLanguage\":\"hu\",\"@id\":\"https:\/\/kinaikaleidoszkop.hu\/#\/schema\/person\/image\/\",\"url\":\"https:\/\/secure.gravatar.com\/avatar\/3c1e909a14c0c91d2eaef877aaacb584c667f8e7137de69653aa9561fd0e8062?s=96&d=mm&r=g\",\"contentUrl\":\"https:\/\/secure.gravatar.com\/avatar\/3c1e909a14c0c91d2eaef877aaacb584c667f8e7137de69653aa9561fd0e8062?s=96&d=mm&r=g\",\"caption\":\"Szerk_Erik\"},\"url\":\"https:\/\/pestcentrum.hu\"}]}<\/script>\n<!-- \/ Yoast SEO plugin. -->","yoast_head_json":{"title":"A k\u00ednai k\u00fcl\u00fcgyminiszt\u00e9rium K\u00edna fontos hozz\u00e1j\u00e1rul\u00e1s\u00e1t hangs\u00falyozta a civiliz\u00e1ci\u00f3k k\u00f6z\u00f6tti p\u00e1rbesz\u00e9dhez - kinaikaleidoszkop.hu","robots":{"index":"index","follow":"follow","max-snippet":"max-snippet:-1","max-image-preview":"max-image-preview:large","max-video-preview":"max-video-preview:-1"},"canonical":"https:\/\/pestcentrum.hu\/2025\/06\/10\/a-kinai-kulugyminiszterium-kina-fontos-hozzajarulasat-hangsulyozta-a-civilizaciok-kozotti-parbeszedhez\/","og_locale":"hu_HU","og_type":"article","og_title":"A k\u00ednai k\u00fcl\u00fcgyminiszt\u00e9rium K\u00edna fontos hozz\u00e1j\u00e1rul\u00e1s\u00e1t hangs\u00falyozta a civiliz\u00e1ci\u00f3k k\u00f6z\u00f6tti p\u00e1rbesz\u00e9dhez - kinaikaleidoszkop.hu","og_description":"Tavaly az ENSZ K\u00f6zgy\u0171l\u00e9s\u00e9nek 78. \u00fcl\u00e9sszak\u00e1n hat\u00e1rozatot fogadtak el arr\u00f3l, hogy j\u00fanius 10-\u00e9t a Civiliz\u00e1ci\u00f3k k\u00f6z\u00f6tti p\u00e1rbesz\u00e9d nemzetk\u00f6zi napj\u00e1v\u00e1 nyilv\u00e1n\u00edtj\u00e1k. Az idei j\u00fanius 10-e az els\u0151 ilyen nemzetk\u00f6zi nap. Az ENSZ sz\u00e9khely\u00e9n \u00e9s sz\u00e1mos ENSZ-\u00fcgyn\u00f6ks\u00e9g helysz\u00edn\u00e9n tartottak \u00e9s tartanak rendezv\u00e9nyeket, \u00e9s az ENSZ f\u0151titk\u00e1ra, az ENSZ K\u00f6zgy\u0171l\u00e9s\u00e9nek eln\u00f6ke, valamint t\u00f6bb ENSZ-\u00fcgyn\u00f6ks\u00e9g vezet\u0151je is \u00fcdv\u00f6z\u00f6lte az [&hellip;]","og_url":"https:\/\/kinaikaleidoszkop.hu\/index.php\/2025\/06\/10\/a-kinai-kulugyminiszterium-kina-fontos-hozzajarulasat-hangsulyozta-a-civilizaciok-kozotti-parbeszedhez\/","og_site_name":"kinaikaleidoszkop.hu","article_published_time":"2025-06-10T11:09:07+00:00","article_modified_time":"2025-06-12T11:05:25+00:00","og_image":[{"width":800,"height":533,"url":"https:\/\/kinaikaleidoszkop.hu\/wp-content\/uploads\/2025\/06\/0610Lea4.jpg","type":"image\/jpeg"}],"author":"Szerk_Erik","twitter_card":"summary_large_image","twitter_misc":{"Szerz\u0151:":"PestCentrum","Becs\u00fclt olvas\u00e1si id\u0151":"2 perc"},"schema":{"@context":"https:\/\/schema.org","@graph":[{"@type":"WebPage","@id":"https:\/\/kinaikaleidoszkop.hu\/index.php\/2025\/06\/10\/a-kinai-kulugyminiszterium-kina-fontos-hozzajarulasat-hangsulyozta-a-civilizaciok-kozotti-parbeszedhez\/","url":"https:\/\/kinaikaleidoszkop.hu\/index.php\/2025\/06\/10\/a-kinai-kulugyminiszterium-kina-fontos-hozzajarulasat-hangsulyozta-a-civilizaciok-kozotti-parbeszedhez\/","name":"A k\u00ednai k\u00fcl\u00fcgyminiszt\u00e9rium K\u00edna fontos hozz\u00e1j\u00e1rul\u00e1s\u00e1t hangs\u00falyozta a civiliz\u00e1ci\u00f3k k\u00f6z\u00f6tti p\u00e1rbesz\u00e9dhez - kinaikaleidoszkop.hu","isPartOf":{"@id":"https:\/\/kinaikaleidoszkop.hu\/#website"},"primaryImageOfPage":{"@id":"https:\/\/kinaikaleidoszkop.hu\/index.php\/2025\/06\/10\/a-kinai-kulugyminiszterium-kina-fontos-hozzajarulasat-hangsulyozta-a-civilizaciok-kozotti-parbeszedhez\/#primaryimage"},"image":{"@id":"https:\/\/kinaikaleidoszkop.hu\/index.php\/2025\/06\/10\/a-kinai-kulugyminiszterium-kina-fontos-hozzajarulasat-hangsulyozta-a-civilizaciok-kozotti-parbeszedhez\/#primaryimage"},"thumbnailUrl":"https:\/\/kinaikaleidoszkop.hu\/wp-content\/uploads\/2025\/06\/0610Lea4.jpg","datePublished":"2025-06-10T11:09:07+00:00","dateModified":"2025-06-12T11:05:25+00:00","author":{"@id":"https:\/\/kinaikaleidoszkop.hu\/#\/schema\/person\/4d69b71e7e70322713b9d9287b610556"},"breadcrumb":{"@id":"https:\/\/kinaikaleidoszkop.hu\/index.php\/2025\/06\/10\/a-kinai-kulugyminiszterium-kina-fontos-hozzajarulasat-hangsulyozta-a-civilizaciok-kozotti-parbeszedhez\/#breadcrumb"},"inLanguage":"hu","potentialAction":[{"@type":"ReadAction","target":["https:\/\/kinaikaleidoszkop.hu\/index.php\/2025\/06\/10\/a-kinai-kulugyminiszterium-kina-fontos-hozzajarulasat-hangsulyozta-a-civilizaciok-kozotti-parbeszedhez\/"]}]},{"@type":"ImageObject","inLanguage":"hu","@id":"https:\/\/kinaikaleidoszkop.hu\/index.php\/2025\/06\/10\/a-kinai-kulugyminiszterium-kina-fontos-hozzajarulasat-hangsulyozta-a-civilizaciok-kozotti-parbeszedhez\/#primaryimage","url":"https:\/\/kinaikaleidoszkop.hu\/wp-content\/uploads\/2025\/06\/0610Lea4.jpg","contentUrl":"https:\/\/kinaikaleidoszkop.hu\/wp-content\/uploads\/2025\/06\/0610Lea4.jpg","width":800,"height":533},{"@type":"BreadcrumbList","@id":"https:\/\/kinaikaleidoszkop.hu\/index.php\/2025\/06\/10\/a-kinai-kulugyminiszterium-kina-fontos-hozzajarulasat-hangsulyozta-a-civilizaciok-kozotti-parbeszedhez\/#breadcrumb","itemListElement":[{"@type":"ListItem","position":1,"name":"Kezd\u0151lap","item":"https:\/\/kinaikaleidoszkop.hu\/"},{"@type":"ListItem","position":2,"name":"A k\u00ednai k\u00fcl\u00fcgyminiszt\u00e9rium K\u00edna fontos hozz\u00e1j\u00e1rul\u00e1s\u00e1t hangs\u00falyozta a civiliz\u00e1ci\u00f3k k\u00f6z\u00f6tti p\u00e1rbesz\u00e9dhez"}]},{"@type":"WebSite","@id":"https:\/\/kinaikaleidoszkop.hu\/#website","url":"https:\/\/kinaikaleidoszkop.hu\/","name":"kinaikaleidoszkop.hu","description":"","potentialAction":[{"@type":"SearchAction","target":{"@type":"EntryPoint","urlTemplate":"https:\/\/kinaikaleidoszkop.hu\/?s={search_term_string}"},"query-input":{"@type":"PropertyValueSpecification","valueRequired":true,"valueName":"search_term_string"}}],"inLanguage":"hu"},{"@type":"Person","@id":"https:\/\/kinaikaleidoszkop.hu\/#\/schema\/person\/4d69b71e7e70322713b9d9287b610556","name":"Szerk_Erik","image":{"@type":"ImageObject","inLanguage":"hu","@id":"https:\/\/kinaikaleidoszkop.hu\/#\/schema\/person\/image\/","url":"https:\/\/secure.gravatar.com\/avatar\/3c1e909a14c0c91d2eaef877aaacb584c667f8e7137de69653aa9561fd0e8062?s=96&d=mm&r=g","contentUrl":"https:\/\/secure.gravatar.com\/avatar\/3c1e909a14c0c91d2eaef877aaacb584c667f8e7137de69653aa9561fd0e8062?s=96&d=mm&r=g","caption":"Szerk_Erik"},"url":"https:\/\/pestcentrum.hu"}]}},"views":132,"distributor_meta":false,"distributor_terms":false,"distributor_media":false,"distributor_original_site_name":"PestCentrum","distributor_original_site_url":"https:\/\/pestcentrum.hu","push-errors":false,"_links":{"self":[{"href":"https:\/\/kinaikaleidoszkop.hu\/index.php\/wp-json\/wp\/v2\/posts\/26035","targetHints":{"allow":["GET"]}}],"collection":[{"href":"https:\/\/kinaikaleidoszkop.hu\/index.php\/wp-json\/wp\/v2\/posts"}],"about":[{"href":"https:\/\/kinaikaleidoszkop.hu\/index.php\/wp-json\/wp\/v2\/types\/post"}],"author":[{"embeddable":true,"href":"https:\/\/kinaikaleidoszkop.hu\/index.php\/wp-json\/wp\/v2\/users\/7"}],"replies":[{"embeddable":true,"href":"https:\/\/kinaikaleidoszkop.hu\/index.php\/wp-json\/wp\/v2\/comments?post=26035"}],"version-history":[{"count":1,"href":"https:\/\/kinaikaleidoszkop.hu\/index.php\/wp-json\/wp\/v2\/posts\/26035\/revisions"}],"predecessor-version":[{"id":26066,"href":"https:\/\/kinaikaleidoszkop.hu\/index.php\/wp-json\/wp\/v2\/posts\/26035\/revisions\/26066"}],"wp:featuredmedia":[{"embeddable":true,"href":"https:\/\/kinaikaleidoszkop.hu\/index.php\/wp-json\/wp\/v2\/media\/26068"}],"wp:attachment":[{"href":"https:\/\/kinaikaleidoszkop.hu\/index.php\/wp-json\/wp\/v2\/media?parent=26035"}],"wp:term":[{"taxonomy":"category","embeddable":true,"href":"https:\/\/kinaikaleidoszkop.hu\/index.php\/wp-json\/wp\/v2\/categories?post=26035"},{"taxonomy":"post_tag","embeddable":true,"href":"https:\/\/kinaikaleidoszkop.hu\/index.php\/wp-json\/wp\/v2\/tags?post=26035"}],"curies":[{"name":"wp","href":"https:\/\/api.w.org\/{rel}","templated":true}]}}