{"id":26128,"date":"2025-06-17T13:53:03","date_gmt":"2025-06-17T11:53:03","guid":{"rendered":"https:\/\/kinaikaleidoszkop.hu\/?p=26128"},"modified":"2025-06-17T14:49:12","modified_gmt":"2025-06-17T12:49:12","slug":"magyar-kinai-innovacios-forum-budapesten-sajtokozlemeny","status":"publish","type":"post","link":"https:\/\/kinaikaleidoszkop.hu\/index.php\/2025\/06\/17\/magyar-kinai-innovacios-forum-budapesten-sajtokozlemeny\/","title":{"rendered":"Magyar-k\u00ednai innov\u00e1ci\u00f3s f\u00f3rum Budapesten &#8211; sajt\u00f3k\u00f6zlem\u00e9ny"},"content":{"rendered":"\n<p><strong>Nagy sikerrel rendezt\u00e9k meg j\u00fanius 16-\u00e1n a budapesti Eur\u00e1zsia K\u00f6zpontban a Magyarorsz\u00e1g\u2013Zhejiang Innov\u00e1ci\u00f3s F\u00f3rumot, a Science Caf\u00e9 esem\u00e9nysorozat magyarorsz\u00e1gi \u00e1llom\u00e1s\u00e1t, amely Zhejiang Tartom\u00e1ny Tudom\u00e1nyos \u00e9s Technol\u00f3giai Sz\u00f6vets\u00e9ge (ZAST), a Magyar-K\u00ednai Fiatalok Bar\u00e1ti Egyes\u00fclete, valamint az Eur\u00e1zsia K\u00f6zpont szervez\u00e9s\u00e9ben val\u00f3sult meg.<\/strong><\/p>\n\n\n\n<figure class=\"wp-block-image size-full\"><img loading=\"lazy\" decoding=\"async\" width=\"2560\" height=\"1707\" src=\"https:\/\/kinaikaleidoszkop.hu\/wp-content\/uploads\/2025\/06\/Family-photo-scaled.jpg\" alt=\"\" class=\"wp-image-26130\" srcset=\"https:\/\/kinaikaleidoszkop.hu\/wp-content\/uploads\/2025\/06\/Family-photo-scaled.jpg 2560w, https:\/\/kinaikaleidoszkop.hu\/wp-content\/uploads\/2025\/06\/Family-photo-300x200.jpg 300w, https:\/\/kinaikaleidoszkop.hu\/wp-content\/uploads\/2025\/06\/Family-photo-1024x683.jpg 1024w, https:\/\/kinaikaleidoszkop.hu\/wp-content\/uploads\/2025\/06\/Family-photo-768x512.jpg 768w, https:\/\/kinaikaleidoszkop.hu\/wp-content\/uploads\/2025\/06\/Family-photo-1536x1024.jpg 1536w, https:\/\/kinaikaleidoszkop.hu\/wp-content\/uploads\/2025\/06\/Family-photo-2048x1366.jpg 2048w, https:\/\/kinaikaleidoszkop.hu\/wp-content\/uploads\/2025\/06\/Family-photo-414x276.jpg 414w, https:\/\/kinaikaleidoszkop.hu\/wp-content\/uploads\/2025\/06\/Family-photo-470x313.jpg 470w, https:\/\/kinaikaleidoszkop.hu\/wp-content\/uploads\/2025\/06\/Family-photo-640x426.jpg 640w, https:\/\/kinaikaleidoszkop.hu\/wp-content\/uploads\/2025\/06\/Family-photo-130x86.jpg 130w, https:\/\/kinaikaleidoszkop.hu\/wp-content\/uploads\/2025\/06\/Family-photo-187x124.jpg 187w, https:\/\/kinaikaleidoszkop.hu\/wp-content\/uploads\/2025\/06\/Family-photo-990x660.jpg 990w, https:\/\/kinaikaleidoszkop.hu\/wp-content\/uploads\/2025\/06\/Family-photo-1320x880.jpg 1320w\" sizes=\"auto, (max-width: 2560px) 100vw, 2560px\" \/><\/figure>\n\n\n\n<p>Megnyit\u00f3 besz\u00e9d\u00e9ben Horv\u00e1th Levente, az Eur\u00e1zsia K\u00f6zpont igazgat\u00f3ja felh\u00edvta a figyelmet, hogy a jelenleg is zajl\u00f3 vil\u00e1grendi \u00e1talakul\u00e1s \u00e9s az ipari forradalom 4.0 idej\u00e9n k\u00fcl\u00f6n\u00f6sen fontoss\u00e1 v\u00e1lik a magyar-k\u00ednai innov\u00e1ci\u00f3s egy\u00fcttm\u0171k\u00f6d\u00e9s is.<\/p>\n\n\n\n<p>Kucsera Tam\u00e1s Gergely, a Budapesti Metropolitan Egyetem rektora felh\u00edvta a figyelmet, hogy az egyetemeknek egyszerre feladata a trad\u00edci\u00f3 \u00e9s az innov\u00e1ci\u00f3 k\u00e9pviselete \u00e9s \u00e1tad\u00e1sa a hallgat\u00f3knak.<\/p>\n\n\n\n<figure class=\"wp-block-image size-full\"><img loading=\"lazy\" decoding=\"async\" width=\"2560\" height=\"1707\" src=\"https:\/\/kinaikaleidoszkop.hu\/wp-content\/uploads\/2025\/06\/Kucsera-Tamas-Gergely-scaled.jpg\" alt=\"\" class=\"wp-image-26131\" srcset=\"https:\/\/kinaikaleidoszkop.hu\/wp-content\/uploads\/2025\/06\/Kucsera-Tamas-Gergely-scaled.jpg 2560w, https:\/\/kinaikaleidoszkop.hu\/wp-content\/uploads\/2025\/06\/Kucsera-Tamas-Gergely-300x200.jpg 300w, https:\/\/kinaikaleidoszkop.hu\/wp-content\/uploads\/2025\/06\/Kucsera-Tamas-Gergely-1024x683.jpg 1024w, https:\/\/kinaikaleidoszkop.hu\/wp-content\/uploads\/2025\/06\/Kucsera-Tamas-Gergely-768x512.jpg 768w, https:\/\/kinaikaleidoszkop.hu\/wp-content\/uploads\/2025\/06\/Kucsera-Tamas-Gergely-1536x1024.jpg 1536w, https:\/\/kinaikaleidoszkop.hu\/wp-content\/uploads\/2025\/06\/Kucsera-Tamas-Gergely-2048x1366.jpg 2048w, https:\/\/kinaikaleidoszkop.hu\/wp-content\/uploads\/2025\/06\/Kucsera-Tamas-Gergely-414x276.jpg 414w, https:\/\/kinaikaleidoszkop.hu\/wp-content\/uploads\/2025\/06\/Kucsera-Tamas-Gergely-470x313.jpg 470w, https:\/\/kinaikaleidoszkop.hu\/wp-content\/uploads\/2025\/06\/Kucsera-Tamas-Gergely-640x426.jpg 640w, https:\/\/kinaikaleidoszkop.hu\/wp-content\/uploads\/2025\/06\/Kucsera-Tamas-Gergely-130x86.jpg 130w, https:\/\/kinaikaleidoszkop.hu\/wp-content\/uploads\/2025\/06\/Kucsera-Tamas-Gergely-187x124.jpg 187w, https:\/\/kinaikaleidoszkop.hu\/wp-content\/uploads\/2025\/06\/Kucsera-Tamas-Gergely-990x660.jpg 990w, https:\/\/kinaikaleidoszkop.hu\/wp-content\/uploads\/2025\/06\/Kucsera-Tamas-Gergely-1320x880.jpg 1320w\" sizes=\"auto, (max-width: 2560px) 100vw, 2560px\" \/><\/figure>\n\n\n\n<p>Sun Weiwei, a ZAST aleln\u00f6ke kiemelte, hogy a K\u00edna \u00e9s Magyarorsz\u00e1g k\u00f6z\u00f6tti eg\u00e9szs\u00e9gipari egy\u00fcttm\u0171k\u00f6d\u00e9s elm\u00e9ly\u00edt\u00e9se nemcsak a k\u00e9t orsz\u00e1g gazdas\u00e1gi fejl\u0151d\u00e9s\u00e9t szolg\u00e1lja, hanem hozz\u00e1j\u00e1rul a lakoss\u00e1g eg\u00e9szs\u00e9gi \u00e1llapot\u00e1nak jav\u00edt\u00e1s\u00e1hoz is.<\/p>\n\n\n\n<figure class=\"wp-block-image size-full\"><img loading=\"lazy\" decoding=\"async\" width=\"2560\" height=\"1706\" src=\"https:\/\/kinaikaleidoszkop.hu\/wp-content\/uploads\/2025\/06\/Sun-Weiwei-scaled.jpg\" alt=\"\" class=\"wp-image-26132\" srcset=\"https:\/\/kinaikaleidoszkop.hu\/wp-content\/uploads\/2025\/06\/Sun-Weiwei-scaled.jpg 2560w, https:\/\/kinaikaleidoszkop.hu\/wp-content\/uploads\/2025\/06\/Sun-Weiwei-300x200.jpg 300w, https:\/\/kinaikaleidoszkop.hu\/wp-content\/uploads\/2025\/06\/Sun-Weiwei-1024x683.jpg 1024w, https:\/\/kinaikaleidoszkop.hu\/wp-content\/uploads\/2025\/06\/Sun-Weiwei-768x512.jpg 768w, https:\/\/kinaikaleidoszkop.hu\/wp-content\/uploads\/2025\/06\/Sun-Weiwei-1536x1024.jpg 1536w, https:\/\/kinaikaleidoszkop.hu\/wp-content\/uploads\/2025\/06\/Sun-Weiwei-2048x1365.jpg 2048w, https:\/\/kinaikaleidoszkop.hu\/wp-content\/uploads\/2025\/06\/Sun-Weiwei-414x276.jpg 414w, https:\/\/kinaikaleidoszkop.hu\/wp-content\/uploads\/2025\/06\/Sun-Weiwei-470x313.jpg 470w, https:\/\/kinaikaleidoszkop.hu\/wp-content\/uploads\/2025\/06\/Sun-Weiwei-640x426.jpg 640w, https:\/\/kinaikaleidoszkop.hu\/wp-content\/uploads\/2025\/06\/Sun-Weiwei-130x86.jpg 130w, https:\/\/kinaikaleidoszkop.hu\/wp-content\/uploads\/2025\/06\/Sun-Weiwei-187x124.jpg 187w, https:\/\/kinaikaleidoszkop.hu\/wp-content\/uploads\/2025\/06\/Sun-Weiwei-990x660.jpg 990w, https:\/\/kinaikaleidoszkop.hu\/wp-content\/uploads\/2025\/06\/Sun-Weiwei-1320x880.jpg 1320w\" sizes=\"auto, (max-width: 2560px) 100vw, 2560px\" \/><\/figure>\n\n\n\n<p>Szab\u00f3 L\u00e1szl\u00f3, a Hungarian Innovation Hub (HIH) vezet\u0151je, kor\u00e1bbi k\u00fcl\u00fcgyminiszter-helyettes prezent\u00e1ci\u00f3j\u00e1ban arr\u00f3l besz\u00e9lt, hogy a HIH el\u0151seg\u00edti a gyakorlatorient\u00e1lt, egyetemek k\u00f6z\u00f6tti v\u00e1llalkoz\u00f3i k\u00e9pz\u00e9st, t\u00e1mogatja a hallgat\u00f3i \u00e9s oktat\u00f3i innov\u00e1ci\u00f3s projekteket, er\u0151s\u00edti az egyetem \u00e9s ipar k\u00f6z\u00f6tti egy\u00fcttm\u0171k\u00f6d\u00e9st, valamint h\u00eddk\u00e9nt szolg\u00e1l a nemzetk\u00f6zi partners\u00e9gek \u00e9s technol\u00f3giatranszfer ter\u00e9n.<\/p>\n\n\n\n<figure class=\"wp-block-image size-full\"><img loading=\"lazy\" decoding=\"async\" width=\"2560\" height=\"1706\" src=\"https:\/\/kinaikaleidoszkop.hu\/wp-content\/uploads\/2025\/06\/Szabo-Laszlo-scaled.jpg\" alt=\"\" class=\"wp-image-26133\" srcset=\"https:\/\/kinaikaleidoszkop.hu\/wp-content\/uploads\/2025\/06\/Szabo-Laszlo-scaled.jpg 2560w, https:\/\/kinaikaleidoszkop.hu\/wp-content\/uploads\/2025\/06\/Szabo-Laszlo-300x200.jpg 300w, https:\/\/kinaikaleidoszkop.hu\/wp-content\/uploads\/2025\/06\/Szabo-Laszlo-1024x683.jpg 1024w, https:\/\/kinaikaleidoszkop.hu\/wp-content\/uploads\/2025\/06\/Szabo-Laszlo-768x512.jpg 768w, https:\/\/kinaikaleidoszkop.hu\/wp-content\/uploads\/2025\/06\/Szabo-Laszlo-1536x1024.jpg 1536w, https:\/\/kinaikaleidoszkop.hu\/wp-content\/uploads\/2025\/06\/Szabo-Laszlo-2048x1365.jpg 2048w, https:\/\/kinaikaleidoszkop.hu\/wp-content\/uploads\/2025\/06\/Szabo-Laszlo-414x276.jpg 414w, https:\/\/kinaikaleidoszkop.hu\/wp-content\/uploads\/2025\/06\/Szabo-Laszlo-470x313.jpg 470w, https:\/\/kinaikaleidoszkop.hu\/wp-content\/uploads\/2025\/06\/Szabo-Laszlo-640x426.jpg 640w, https:\/\/kinaikaleidoszkop.hu\/wp-content\/uploads\/2025\/06\/Szabo-Laszlo-130x86.jpg 130w, https:\/\/kinaikaleidoszkop.hu\/wp-content\/uploads\/2025\/06\/Szabo-Laszlo-187x124.jpg 187w, https:\/\/kinaikaleidoszkop.hu\/wp-content\/uploads\/2025\/06\/Szabo-Laszlo-990x660.jpg 990w, https:\/\/kinaikaleidoszkop.hu\/wp-content\/uploads\/2025\/06\/Szabo-Laszlo-1320x880.jpg 1320w\" sizes=\"auto, (max-width: 2560px) 100vw, 2560px\" \/><\/figure>\n\n\n\n<p>A f\u00f3rumon el\u0151ad\u00e1st tartott az \u00e1ltala k\u00e9pviselt int\u00e9zm\u00e9ny tev\u00e9kenys\u00e9g\u00e9r\u0151l:<\/p>\n\n\n\n<ul class=\"wp-block-list\">\n<li>Szab\u00f3 L\u00f3r\u00e1nt, a Neumann J\u00e1nos Egyetem Mesters\u00e9ges Intelligencia Tud\u00e1sk\u00f6zpontj\u00e1nak igazgat\u00f3ja;<\/li>\n\n\n\n<li>P\u00e9ntekn\u00e9 Gecs\u00e9nyi Krisztina, a HUN-REN K\u00f6zpont nemzetk\u00f6zi kabinetvezet\u0151-helyettese;<\/li>\n\n\n\n<li>Shu Zhiqi, a Zhejiangi Tudom\u00e1nyos \u00e9s Technol\u00f3giai Sz\u00f6vets\u00e9g (Zhejiang Association for Science and Technology) Tudom\u00e1nyos Tags\u00e1gi Oszt\u00e1ly\u00e1nak igazgat\u00f3helyettese;<\/li>\n\n\n\n<li>Yu Jiye, a Quzhou-i Tudom\u00e1nyos \u00e9s Technol\u00f3giai Sz\u00f6vets\u00e9g (Quzhou Association for Science and Technology) eln\u00f6ke;<\/li>\n\n\n\n<li>Tao Kai, a Zhejiangi Egyetem\u2013Hangzhou Glob\u00e1lis Tudom\u00e1nyos \u00e9s Technol\u00f3giai Innov\u00e1ci\u00f3s K\u00f6zpont (Zhejiang University\u2013Hangzhou Global Scientific and Technological Innovation Center) igazgat\u00f3helyettese, valamint<\/li>\n\n\n\n<li>Tasn\u00e1dy El\u0151d, a napokban megny\u00edlt Magyar\u2013K\u00ednai \u00dczletfejleszt\u00e9si \u00e9s Inkub\u00e1ci\u00f3s K\u00f6zpont eln\u00f6ke.<\/li>\n<\/ul>\n\n\n\n<p><strong>2025. j\u00fanius 17.<\/strong><\/p>\n\n\n\n<p><strong><em>(Eur\u00e1zsia Press)<\/em><\/strong><\/p>\n","protected":false},"excerpt":{"rendered":"<p>Nagy sikerrel rendezt\u00e9k meg j\u00fanius 16-\u00e1n a budapesti Eur\u00e1zsia K\u00f6zpontban a Magyarorsz\u00e1g\u2013Zhejiang Innov\u00e1ci\u00f3s F\u00f3rumot, a Science Caf\u00e9 esem\u00e9nysorozat magyarorsz\u00e1gi \u00e1llom\u00e1s\u00e1t, amely Zhejiang Tartom\u00e1ny Tudom\u00e1nyos \u00e9s Technol\u00f3giai Sz\u00f6vets\u00e9ge (ZAST), a Magyar-K\u00ednai Fiatalok Bar\u00e1ti Egyes\u00fclete, valamint az Eur\u00e1zsia K\u00f6zpont szervez\u00e9s\u00e9ben val\u00f3sult meg. Megnyit\u00f3 besz\u00e9d\u00e9ben Horv\u00e1th Levente, az Eur\u00e1zsia K\u00f6zpont igazgat\u00f3ja felh\u00edvta a figyelmet, hogy a jelenleg is [&hellip;]<\/p>\n","protected":false},"author":7,"featured_media":26130,"comment_status":"closed","ping_status":"closed","sticky":false,"template":"","format":"standard","meta":{"footnotes":""},"categories":[7,4795],"tags":[1796,5147,559,398,3696],"class_list":["post-26128","post","type-post","status-publish","format-standard","has-post-thumbnail","hentry","category-mind","category-szines-erdekes","tag-baratsag","tag-esemenysorozat","tag-innovacio","tag-kapcsolat","tag-kina"],"yoast_head":"<!-- This site is optimized with the Yoast SEO plugin v23.7 - https:\/\/yoast.com\/wordpress\/plugins\/seo\/ -->\n<title>Magyar-k\u00ednai innov\u00e1ci\u00f3s f\u00f3rum Budapesten - sajt\u00f3k\u00f6zlem\u00e9ny - kinaikaleidoszkop.hu<\/title>\n<meta name=\"robots\" content=\"index, follow, max-snippet:-1, max-image-preview:large, max-video-preview:-1\" \/>\n<link rel=\"canonical\" href=\"https:\/\/kinaikaleidoszkop.hu\/index.php\/2025\/06\/17\/magyar-kinai-innovacios-forum-budapesten-sajtokozlemeny\/\" \/>\n<meta property=\"og:locale\" content=\"hu_HU\" \/>\n<meta property=\"og:type\" content=\"article\" \/>\n<meta property=\"og:title\" content=\"Magyar-k\u00ednai innov\u00e1ci\u00f3s f\u00f3rum Budapesten - sajt\u00f3k\u00f6zlem\u00e9ny - kinaikaleidoszkop.hu\" \/>\n<meta property=\"og:description\" content=\"Nagy sikerrel rendezt\u00e9k meg j\u00fanius 16-\u00e1n a budapesti Eur\u00e1zsia K\u00f6zpontban a Magyarorsz\u00e1g\u2013Zhejiang Innov\u00e1ci\u00f3s F\u00f3rumot, a Science Caf\u00e9 esem\u00e9nysorozat magyarorsz\u00e1gi \u00e1llom\u00e1s\u00e1t, amely Zhejiang Tartom\u00e1ny Tudom\u00e1nyos \u00e9s Technol\u00f3giai Sz\u00f6vets\u00e9ge (ZAST), a Magyar-K\u00ednai Fiatalok Bar\u00e1ti Egyes\u00fclete, valamint az Eur\u00e1zsia K\u00f6zpont szervez\u00e9s\u00e9ben val\u00f3sult meg. Megnyit\u00f3 besz\u00e9d\u00e9ben Horv\u00e1th Levente, az Eur\u00e1zsia K\u00f6zpont igazgat\u00f3ja felh\u00edvta a figyelmet, hogy a jelenleg is [&hellip;]\" \/>\n<meta property=\"og:url\" content=\"https:\/\/kinaikaleidoszkop.hu\/index.php\/2025\/06\/17\/magyar-kinai-innovacios-forum-budapesten-sajtokozlemeny\/\" \/>\n<meta property=\"og:site_name\" content=\"kinaikaleidoszkop.hu\" \/>\n<meta property=\"article:published_time\" content=\"2025-06-17T11:53:03+00:00\" \/>\n<meta property=\"article:modified_time\" content=\"2025-06-17T12:49:12+00:00\" \/>\n<meta property=\"og:image\" content=\"https:\/\/kinaikaleidoszkop.hu\/wp-content\/uploads\/2025\/06\/Family-photo-scaled.jpg\" \/>\n\t<meta property=\"og:image:width\" content=\"2560\" \/>\n\t<meta property=\"og:image:height\" content=\"1707\" \/>\n\t<meta property=\"og:image:type\" content=\"image\/jpeg\" \/>\n<meta name=\"author\" content=\"Szerk_Erik\" \/>\n<meta name=\"twitter:card\" content=\"summary_large_image\" \/>\n<meta name=\"twitter:label1\" content=\"Szerz\u0151:\" \/>\n\t<meta name=\"twitter:data1\" content=\"Szerk_Erik\" \/>\n\t<meta name=\"twitter:label2\" content=\"Becs\u00fclt olvas\u00e1si id\u0151\" \/>\n\t<meta name=\"twitter:data2\" content=\"3 perc\" \/>\n<script type=\"application\/ld+json\" class=\"yoast-schema-graph\">{\"@context\":\"https:\/\/schema.org\",\"@graph\":[{\"@type\":\"WebPage\",\"@id\":\"https:\/\/kinaikaleidoszkop.hu\/index.php\/2025\/06\/17\/magyar-kinai-innovacios-forum-budapesten-sajtokozlemeny\/\",\"url\":\"https:\/\/kinaikaleidoszkop.hu\/index.php\/2025\/06\/17\/magyar-kinai-innovacios-forum-budapesten-sajtokozlemeny\/\",\"name\":\"Magyar-k\u00ednai innov\u00e1ci\u00f3s f\u00f3rum Budapesten - sajt\u00f3k\u00f6zlem\u00e9ny - kinaikaleidoszkop.hu\",\"isPartOf\":{\"@id\":\"https:\/\/kinaikaleidoszkop.hu\/#website\"},\"primaryImageOfPage\":{\"@id\":\"https:\/\/kinaikaleidoszkop.hu\/index.php\/2025\/06\/17\/magyar-kinai-innovacios-forum-budapesten-sajtokozlemeny\/#primaryimage\"},\"image\":{\"@id\":\"https:\/\/kinaikaleidoszkop.hu\/index.php\/2025\/06\/17\/magyar-kinai-innovacios-forum-budapesten-sajtokozlemeny\/#primaryimage\"},\"thumbnailUrl\":\"https:\/\/kinaikaleidoszkop.hu\/wp-content\/uploads\/2025\/06\/Family-photo-scaled.jpg\",\"datePublished\":\"2025-06-17T11:53:03+00:00\",\"dateModified\":\"2025-06-17T12:49:12+00:00\",\"author\":{\"@id\":\"https:\/\/kinaikaleidoszkop.hu\/#\/schema\/person\/4d69b71e7e70322713b9d9287b610556\"},\"breadcrumb\":{\"@id\":\"https:\/\/kinaikaleidoszkop.hu\/index.php\/2025\/06\/17\/magyar-kinai-innovacios-forum-budapesten-sajtokozlemeny\/#breadcrumb\"},\"inLanguage\":\"hu\",\"potentialAction\":[{\"@type\":\"ReadAction\",\"target\":[\"https:\/\/kinaikaleidoszkop.hu\/index.php\/2025\/06\/17\/magyar-kinai-innovacios-forum-budapesten-sajtokozlemeny\/\"]}]},{\"@type\":\"ImageObject\",\"inLanguage\":\"hu\",\"@id\":\"https:\/\/kinaikaleidoszkop.hu\/index.php\/2025\/06\/17\/magyar-kinai-innovacios-forum-budapesten-sajtokozlemeny\/#primaryimage\",\"url\":\"https:\/\/kinaikaleidoszkop.hu\/wp-content\/uploads\/2025\/06\/Family-photo-scaled.jpg\",\"contentUrl\":\"https:\/\/kinaikaleidoszkop.hu\/wp-content\/uploads\/2025\/06\/Family-photo-scaled.jpg\",\"width\":2560,\"height\":1707},{\"@type\":\"BreadcrumbList\",\"@id\":\"https:\/\/kinaikaleidoszkop.hu\/index.php\/2025\/06\/17\/magyar-kinai-innovacios-forum-budapesten-sajtokozlemeny\/#breadcrumb\",\"itemListElement\":[{\"@type\":\"ListItem\",\"position\":1,\"name\":\"Kezd\u0151lap\",\"item\":\"https:\/\/kinaikaleidoszkop.hu\/\"},{\"@type\":\"ListItem\",\"position\":2,\"name\":\"Magyar-k\u00ednai innov\u00e1ci\u00f3s f\u00f3rum Budapesten &#8211; sajt\u00f3k\u00f6zlem\u00e9ny\"}]},{\"@type\":\"WebSite\",\"@id\":\"https:\/\/kinaikaleidoszkop.hu\/#website\",\"url\":\"https:\/\/kinaikaleidoszkop.hu\/\",\"name\":\"kinaikaleidoszkop.hu\",\"description\":\"\",\"potentialAction\":[{\"@type\":\"SearchAction\",\"target\":{\"@type\":\"EntryPoint\",\"urlTemplate\":\"https:\/\/kinaikaleidoszkop.hu\/?s={search_term_string}\"},\"query-input\":{\"@type\":\"PropertyValueSpecification\",\"valueRequired\":true,\"valueName\":\"search_term_string\"}}],\"inLanguage\":\"hu\"},{\"@type\":\"Person\",\"@id\":\"https:\/\/kinaikaleidoszkop.hu\/#\/schema\/person\/4d69b71e7e70322713b9d9287b610556\",\"name\":\"Szerk_Erik\",\"image\":{\"@type\":\"ImageObject\",\"inLanguage\":\"hu\",\"@id\":\"https:\/\/kinaikaleidoszkop.hu\/#\/schema\/person\/image\/\",\"url\":\"https:\/\/secure.gravatar.com\/avatar\/3c1e909a14c0c91d2eaef877aaacb584c667f8e7137de69653aa9561fd0e8062?s=96&d=mm&r=g\",\"contentUrl\":\"https:\/\/secure.gravatar.com\/avatar\/3c1e909a14c0c91d2eaef877aaacb584c667f8e7137de69653aa9561fd0e8062?s=96&d=mm&r=g\",\"caption\":\"Szerk_Erik\"},\"url\":\"https:\/\/kinaikaleidoszkop.hu\/index.php\/author\/szerk_erik\/\"}]}<\/script>\n<!-- \/ Yoast SEO plugin. -->","yoast_head_json":{"title":"Magyar-k\u00ednai innov\u00e1ci\u00f3s f\u00f3rum Budapesten - sajt\u00f3k\u00f6zlem\u00e9ny - kinaikaleidoszkop.hu","robots":{"index":"index","follow":"follow","max-snippet":"max-snippet:-1","max-image-preview":"max-image-preview:large","max-video-preview":"max-video-preview:-1"},"canonical":"https:\/\/kinaikaleidoszkop.hu\/index.php\/2025\/06\/17\/magyar-kinai-innovacios-forum-budapesten-sajtokozlemeny\/","og_locale":"hu_HU","og_type":"article","og_title":"Magyar-k\u00ednai innov\u00e1ci\u00f3s f\u00f3rum Budapesten - sajt\u00f3k\u00f6zlem\u00e9ny - kinaikaleidoszkop.hu","og_description":"Nagy sikerrel rendezt\u00e9k meg j\u00fanius 16-\u00e1n a budapesti Eur\u00e1zsia K\u00f6zpontban a Magyarorsz\u00e1g\u2013Zhejiang Innov\u00e1ci\u00f3s F\u00f3rumot, a Science Caf\u00e9 esem\u00e9nysorozat magyarorsz\u00e1gi \u00e1llom\u00e1s\u00e1t, amely Zhejiang Tartom\u00e1ny Tudom\u00e1nyos \u00e9s Technol\u00f3giai Sz\u00f6vets\u00e9ge (ZAST), a Magyar-K\u00ednai Fiatalok Bar\u00e1ti Egyes\u00fclete, valamint az Eur\u00e1zsia K\u00f6zpont szervez\u00e9s\u00e9ben val\u00f3sult meg. Megnyit\u00f3 besz\u00e9d\u00e9ben Horv\u00e1th Levente, az Eur\u00e1zsia K\u00f6zpont igazgat\u00f3ja felh\u00edvta a figyelmet, hogy a jelenleg is [&hellip;]","og_url":"https:\/\/kinaikaleidoszkop.hu\/index.php\/2025\/06\/17\/magyar-kinai-innovacios-forum-budapesten-sajtokozlemeny\/","og_site_name":"kinaikaleidoszkop.hu","article_published_time":"2025-06-17T11:53:03+00:00","article_modified_time":"2025-06-17T12:49:12+00:00","og_image":[{"width":2560,"height":1707,"url":"https:\/\/kinaikaleidoszkop.hu\/wp-content\/uploads\/2025\/06\/Family-photo-scaled.jpg","type":"image\/jpeg"}],"author":"Szerk_Erik","twitter_card":"summary_large_image","twitter_misc":{"Szerz\u0151:":"Szerk_Erik","Becs\u00fclt olvas\u00e1si id\u0151":"3 perc"},"schema":{"@context":"https:\/\/schema.org","@graph":[{"@type":"WebPage","@id":"https:\/\/kinaikaleidoszkop.hu\/index.php\/2025\/06\/17\/magyar-kinai-innovacios-forum-budapesten-sajtokozlemeny\/","url":"https:\/\/kinaikaleidoszkop.hu\/index.php\/2025\/06\/17\/magyar-kinai-innovacios-forum-budapesten-sajtokozlemeny\/","name":"Magyar-k\u00ednai innov\u00e1ci\u00f3s f\u00f3rum Budapesten - sajt\u00f3k\u00f6zlem\u00e9ny - kinaikaleidoszkop.hu","isPartOf":{"@id":"https:\/\/kinaikaleidoszkop.hu\/#website"},"primaryImageOfPage":{"@id":"https:\/\/kinaikaleidoszkop.hu\/index.php\/2025\/06\/17\/magyar-kinai-innovacios-forum-budapesten-sajtokozlemeny\/#primaryimage"},"image":{"@id":"https:\/\/kinaikaleidoszkop.hu\/index.php\/2025\/06\/17\/magyar-kinai-innovacios-forum-budapesten-sajtokozlemeny\/#primaryimage"},"thumbnailUrl":"https:\/\/kinaikaleidoszkop.hu\/wp-content\/uploads\/2025\/06\/Family-photo-scaled.jpg","datePublished":"2025-06-17T11:53:03+00:00","dateModified":"2025-06-17T12:49:12+00:00","author":{"@id":"https:\/\/kinaikaleidoszkop.hu\/#\/schema\/person\/4d69b71e7e70322713b9d9287b610556"},"breadcrumb":{"@id":"https:\/\/kinaikaleidoszkop.hu\/index.php\/2025\/06\/17\/magyar-kinai-innovacios-forum-budapesten-sajtokozlemeny\/#breadcrumb"},"inLanguage":"hu","potentialAction":[{"@type":"ReadAction","target":["https:\/\/kinaikaleidoszkop.hu\/index.php\/2025\/06\/17\/magyar-kinai-innovacios-forum-budapesten-sajtokozlemeny\/"]}]},{"@type":"ImageObject","inLanguage":"hu","@id":"https:\/\/kinaikaleidoszkop.hu\/index.php\/2025\/06\/17\/magyar-kinai-innovacios-forum-budapesten-sajtokozlemeny\/#primaryimage","url":"https:\/\/kinaikaleidoszkop.hu\/wp-content\/uploads\/2025\/06\/Family-photo-scaled.jpg","contentUrl":"https:\/\/kinaikaleidoszkop.hu\/wp-content\/uploads\/2025\/06\/Family-photo-scaled.jpg","width":2560,"height":1707},{"@type":"BreadcrumbList","@id":"https:\/\/kinaikaleidoszkop.hu\/index.php\/2025\/06\/17\/magyar-kinai-innovacios-forum-budapesten-sajtokozlemeny\/#breadcrumb","itemListElement":[{"@type":"ListItem","position":1,"name":"Kezd\u0151lap","item":"https:\/\/kinaikaleidoszkop.hu\/"},{"@type":"ListItem","position":2,"name":"Magyar-k\u00ednai innov\u00e1ci\u00f3s f\u00f3rum Budapesten &#8211; sajt\u00f3k\u00f6zlem\u00e9ny"}]},{"@type":"WebSite","@id":"https:\/\/kinaikaleidoszkop.hu\/#website","url":"https:\/\/kinaikaleidoszkop.hu\/","name":"kinaikaleidoszkop.hu","description":"","potentialAction":[{"@type":"SearchAction","target":{"@type":"EntryPoint","urlTemplate":"https:\/\/kinaikaleidoszkop.hu\/?s={search_term_string}"},"query-input":{"@type":"PropertyValueSpecification","valueRequired":true,"valueName":"search_term_string"}}],"inLanguage":"hu"},{"@type":"Person","@id":"https:\/\/kinaikaleidoszkop.hu\/#\/schema\/person\/4d69b71e7e70322713b9d9287b610556","name":"Szerk_Erik","image":{"@type":"ImageObject","inLanguage":"hu","@id":"https:\/\/kinaikaleidoszkop.hu\/#\/schema\/person\/image\/","url":"https:\/\/secure.gravatar.com\/avatar\/3c1e909a14c0c91d2eaef877aaacb584c667f8e7137de69653aa9561fd0e8062?s=96&d=mm&r=g","contentUrl":"https:\/\/secure.gravatar.com\/avatar\/3c1e909a14c0c91d2eaef877aaacb584c667f8e7137de69653aa9561fd0e8062?s=96&d=mm&r=g","caption":"Szerk_Erik"},"url":"https:\/\/kinaikaleidoszkop.hu\/index.php\/author\/szerk_erik\/"}]}},"views":160,"distributor_meta":false,"distributor_terms":false,"distributor_media":false,"distributor_original_site_name":"kinaikaleidoszkop.hu","distributor_original_site_url":"https:\/\/kinaikaleidoszkop.hu","push-errors":false,"_links":{"self":[{"href":"https:\/\/kinaikaleidoszkop.hu\/index.php\/wp-json\/wp\/v2\/posts\/26128","targetHints":{"allow":["GET"]}}],"collection":[{"href":"https:\/\/kinaikaleidoszkop.hu\/index.php\/wp-json\/wp\/v2\/posts"}],"about":[{"href":"https:\/\/kinaikaleidoszkop.hu\/index.php\/wp-json\/wp\/v2\/types\/post"}],"author":[{"embeddable":true,"href":"https:\/\/kinaikaleidoszkop.hu\/index.php\/wp-json\/wp\/v2\/users\/7"}],"replies":[{"embeddable":true,"href":"https:\/\/kinaikaleidoszkop.hu\/index.php\/wp-json\/wp\/v2\/comments?post=26128"}],"version-history":[{"count":2,"href":"https:\/\/kinaikaleidoszkop.hu\/index.php\/wp-json\/wp\/v2\/posts\/26128\/revisions"}],"predecessor-version":[{"id":26135,"href":"https:\/\/kinaikaleidoszkop.hu\/index.php\/wp-json\/wp\/v2\/posts\/26128\/revisions\/26135"}],"wp:featuredmedia":[{"embeddable":true,"href":"https:\/\/kinaikaleidoszkop.hu\/index.php\/wp-json\/wp\/v2\/media\/26130"}],"wp:attachment":[{"href":"https:\/\/kinaikaleidoszkop.hu\/index.php\/wp-json\/wp\/v2\/media?parent=26128"}],"wp:term":[{"taxonomy":"category","embeddable":true,"href":"https:\/\/kinaikaleidoszkop.hu\/index.php\/wp-json\/wp\/v2\/categories?post=26128"},{"taxonomy":"post_tag","embeddable":true,"href":"https:\/\/kinaikaleidoszkop.hu\/index.php\/wp-json\/wp\/v2\/tags?post=26128"}],"curies":[{"name":"wp","href":"https:\/\/api.w.org\/{rel}","templated":true}]}}