{"id":26222,"date":"2025-07-01T12:24:00","date_gmt":"2025-07-01T10:24:00","guid":{"rendered":"https:\/\/kinaikaleidoszkop.hu\/index.php\/2025\/07\/01\/nemzetkozi-tarsasagot-alapit-kina-a-melyur-kutatasara\/"},"modified":"2025-07-01T12:24:53","modified_gmt":"2025-07-01T10:24:53","slug":"nemzetkozi-tarsasagot-alapit-kina-a-melyur-kutatasara","status":"publish","type":"post","link":"https:\/\/kinaikaleidoszkop.hu\/index.php\/2025\/07\/01\/nemzetkozi-tarsasagot-alapit-kina-a-melyur-kutatasara\/","title":{"rendered":"Nemzetk\u00f6zi t\u00e1rsas\u00e1got alap\u00edt K\u00edna a m\u00e9ly\u0171r kutat\u00e1s\u00e1ra"},"content":{"rendered":"\n<p><strong>K\u00edna bejelentette, hogy j\u00f6v\u0151 h\u00e9tf\u0151n megalap\u00edtja az International Deep Space Exploration Association (IDSEA) nev\u0171 nemzetk\u00f6zi t\u00e1rsas\u00e1got \u2013 jelentette be kedden a k\u00ednai \u00e1llami m\u00e9dia. A szervezet c\u00e9lja, hogy el\u0151seg\u00edtse a m\u00e9ly\u0171r kutat\u00e1s\u00e1ra ir\u00e1nyul\u00f3 nemzetk\u00f6zi tudom\u00e1nyos egy\u00fcttm\u0171k\u00f6d\u00e9st.<\/strong><\/p>\n\n\n\n<figure class=\"wp-block-image size-full\"><img decoding=\"async\" src=\"https:\/\/pestcentrum.hu\/wp-content\/uploads\/2025\/07\/pexels-pixabay-73873.jpg\" alt=\"\" class=\"wp-image-33335\"\/><\/figure>\n\n\n\n<p>A t\u00e1rsas\u00e1g sz\u00e9khelye a kelet-k\u00ednai Anhuj tartom\u00e1nyban, Hofejben lesz. Ez K\u00edna els\u0151 nemzetk\u00f6zi tudom\u00e1nyos t\u00e1rsas\u00e1ga az \u0171rkutat\u00e1s ter\u00fclet\u00e9n, amely a k\u00ednai Hold- \u00e9s Mars-k\u00fcldet\u00e9sek ir\u00e1nti glob\u00e1lis \u00e9rdekl\u0151d\u00e9sre alapozva j\u00f6n l\u00e9tre.<\/p>\n\n\n\n<p>Az \u0171rkutat\u00e1s ma m\u00e9g n\u00e9h\u00e1ny technol\u00f3giai nagyhatalom privil\u00e9giuma, mert t\u0151ke-, technol\u00f3gia- \u00e9s munkaer\u0151ig\u00e9nye rendk\u00edv\u00fcl magas. A legt\u00f6bb orsz\u00e1g sz\u00e1m\u00e1ra ez technol\u00f3giai monop\u00f3liumot jelent. Ezt a sz\u0171k k\u00f6rt meg kell t\u00f6rni, hogy a fejl\u0151d\u00e9s az eg\u00e9sz emberis\u00e9g jav\u00e1t szolg\u00e1lja \u2013 fogalmazott Vang Csung-min, az IDSEA igazgat\u00f3ja.<\/p>\n\n\n\n<p>Vang kiemelte, hogy a t\u00e1rsas\u00e1g k\u00fcl\u00f6n\u00f6sen a fejl\u0151d\u0151 orsz\u00e1gok bevon\u00e1s\u00e1ra helyez hangs\u00falyt. Hozz\u00e1tette: kisebb l\u00e9pt\u00e9k\u0171, de jelent\u0151s programokon kereszt\u00fcl \u2013 p\u00e9ld\u00e1ul CubeSat m\u0171holdak fejleszt\u00e9s\u00e9vel \u00e9s kutat\u00f3k k\u00e9pz\u00e9s\u00e9vel \u2013 seg\u00edtik majd azokat az orsz\u00e1gokat, amelyek sz\u00e1m\u00e1ra eddig el\u00e9rhetetlenek voltak az \u0171rkutat\u00e1si technol\u00f3gi\u00e1k.<\/p>\n\n\n\n<p>Az IDSEA a m\u00e9ly\u0171r felt\u00e9rk\u00e9pez\u00e9s\u00e9re f\u00f3kusz\u00e1l, bele\u00e9rtve a Hold, m\u00e1s bolyg\u00f3k \u00e9s aszteroid\u00e1k vizsg\u00e1lat\u00e1t. A szervezet c\u00e9lja, hogy el\u0151mozd\u00edtsa az \u0171rkutat\u00e1si technol\u00f3gi\u00e1k megoszt\u00e1s\u00e1t \u00e9s a tudom\u00e1nyos egy\u00fcttm\u0171k\u00f6d\u00e9st a tagorsz\u00e1gok k\u00f6z\u00f6tt.<\/p>\n\n\n\n<p>K\u00edna az elm\u00falt \u00e9vtizedekben eur\u00f3milli\u00e1rdokat fektetett \u0171rprogramj\u00e1ba, amely az ut\u00f3bbi \u00e9vekben l\u00e1tv\u00e1nyosan felgyorsult. \u00c1prilisban a k\u00ednai hat\u00f3s\u00e1gok enged\u00e9lyezt\u00e9k, hogy hat orsz\u00e1g \u2013 k\u00f6zt\u00fck Franciaorsz\u00e1g, N\u00e9metorsz\u00e1g \u00e9s az Egyes\u00fclt \u00c1llamok \u2013 h\u00e9t tudom\u00e1nyos int\u00e9zm\u00e9nye hozz\u00e1f\u00e9rjen a Csang-o\u20135 szonda \u00e1ltal a Holdr\u00f3l hozott mint\u00e1khoz.<\/p>\n\n\n\n<p>M\u00e1jusban sikeresen elind\u00edtott\u00e1k a Tianven\u20132 automata \u0171rszond\u00e1t, amely mintav\u00e9teli k\u00fcldet\u00e9sre indult a 2016 HO3 jel\u0171 f\u00f6ldk\u00f6zeli kisbolyg\u00f3hoz. K\u00edna ezzel szeretne felz\u00e1rk\u00f3zni az Egyes\u00fclt \u00c1llamok \u00e9s Jap\u00e1n m\u00f6g\u00e9 a m\u00e9ly\u0171rkutat\u00e1s ter\u00fclet\u00e9n. A k\u00f6vetkez\u0151 nagy l\u00e9p\u00e9s a Tianven\u20133 \u0171rszonda elind\u00edt\u00e1sa lesz, amely v\u00e1rhat\u00f3an 2028 k\u00f6r\u00fcl indul a Marsra mintav\u00e9telre. A c\u00e9l marsi k\u0151zetmint\u00e1k visszahozatala, els\u0151sorban az \u00e9let nyomainak keres\u00e9se. A Marsr\u00f3l t\u00f6rt\u00e9n\u0151 mintav\u00e9tel \u2013 amelyre eddig m\u00e9g nem volt p\u00e9lda az emberis\u00e9g t\u00f6rt\u00e9net\u00e9ben \u2013 az Apollo-program \u00f3ta az egyik leg\u00f6sszetettebb \u0171rkutat\u00e1si v\u00e1llalkoz\u00e1snak sz\u00e1m\u00edt.<\/p>\n\n\n\n<p><strong>2025. j\u00falius 1.<\/strong><\/p>\n\n\n\n<p><strong><em>(MTI)<\/em><\/strong><\/p>\n","protected":false},"excerpt":{"rendered":"<p>K\u00edna bejelentette, hogy j\u00f6v\u0151 h\u00e9tf\u0151n megalap\u00edtja az International Deep Space Exploration Association (IDSEA) nev\u0171 nemzetk\u00f6zi t\u00e1rsas\u00e1got \u2013 jelentette be kedden a k\u00ednai \u00e1llami m\u00e9dia. A szervezet c\u00e9lja, hogy el\u0151seg\u00edtse a m\u00e9ly\u0171r kutat\u00e1s\u00e1ra ir\u00e1nyul\u00f3 nemzetk\u00f6zi tudom\u00e1nyos egy\u00fcttm\u0171k\u00f6d\u00e9st. A t\u00e1rsas\u00e1g sz\u00e9khelye a kelet-k\u00ednai Anhuj tartom\u00e1nyban, Hofejben lesz. Ez K\u00edna els\u0151 nemzetk\u00f6zi tudom\u00e1nyos t\u00e1rsas\u00e1ga az \u0171rkutat\u00e1s ter\u00fclet\u00e9n, amely [&hellip;]<\/p>\n","protected":false},"author":7,"featured_media":26223,"comment_status":"closed","ping_status":"closed","sticky":false,"template":"","format":"standard","meta":{"footnotes":""},"categories":[7,4795],"tags":[398,3696,2073,5315,318,794],"class_list":["post-26222","post","type-post","status-publish","format-standard","has-post-thumbnail","hentry","category-mind","category-szines-erdekes","tag-kapcsolat","tag-kina","tag-nemzetkozi","tag-szervezet","tag-tudomany","tag-urkutatas"],"yoast_head":"<!-- This site is optimized with the Yoast SEO plugin v23.7 - https:\/\/yoast.com\/wordpress\/plugins\/seo\/ -->\n<title>Nemzetk\u00f6zi t\u00e1rsas\u00e1got alap\u00edt K\u00edna a m\u00e9ly\u0171r kutat\u00e1s\u00e1ra - kinaikaleidoszkop.hu<\/title>\n<meta name=\"robots\" content=\"index, follow, max-snippet:-1, max-image-preview:large, max-video-preview:-1\" \/>\n<link rel=\"canonical\" href=\"https:\/\/kinaikaleidoszkop.hu\/index.php\/2025\/07\/01\/nemzetkozi-tarsasagot-alapit-kina-a-melyur-kutatasara\/\" \/>\n<meta property=\"og:locale\" content=\"hu_HU\" \/>\n<meta property=\"og:type\" content=\"article\" \/>\n<meta property=\"og:title\" content=\"Nemzetk\u00f6zi t\u00e1rsas\u00e1got alap\u00edt K\u00edna a m\u00e9ly\u0171r kutat\u00e1s\u00e1ra - kinaikaleidoszkop.hu\" \/>\n<meta property=\"og:description\" content=\"K\u00edna bejelentette, hogy j\u00f6v\u0151 h\u00e9tf\u0151n megalap\u00edtja az International Deep Space Exploration Association (IDSEA) nev\u0171 nemzetk\u00f6zi t\u00e1rsas\u00e1got \u2013 jelentette be kedden a k\u00ednai \u00e1llami m\u00e9dia. A szervezet c\u00e9lja, hogy el\u0151seg\u00edtse a m\u00e9ly\u0171r kutat\u00e1s\u00e1ra ir\u00e1nyul\u00f3 nemzetk\u00f6zi tudom\u00e1nyos egy\u00fcttm\u0171k\u00f6d\u00e9st. A t\u00e1rsas\u00e1g sz\u00e9khelye a kelet-k\u00ednai Anhuj tartom\u00e1nyban, Hofejben lesz. Ez K\u00edna els\u0151 nemzetk\u00f6zi tudom\u00e1nyos t\u00e1rsas\u00e1ga az \u0171rkutat\u00e1s ter\u00fclet\u00e9n, amely [&hellip;]\" \/>\n<meta property=\"og:url\" content=\"https:\/\/kinaikaleidoszkop.hu\/index.php\/2025\/07\/01\/nemzetkozi-tarsasagot-alapit-kina-a-melyur-kutatasara\/\" \/>\n<meta property=\"og:site_name\" content=\"kinaikaleidoszkop.hu\" \/>\n<meta property=\"article:published_time\" content=\"2025-07-01T10:24:00+00:00\" \/>\n<meta property=\"article:modified_time\" content=\"2025-07-01T10:24:53+00:00\" \/>\n<meta property=\"og:image\" content=\"https:\/\/kinaikaleidoszkop.hu\/wp-content\/uploads\/2025\/07\/pexels-pixabay-73873.jpg\" \/>\n\t<meta property=\"og:image:width\" content=\"1280\" \/>\n\t<meta property=\"og:image:height\" content=\"897\" \/>\n\t<meta property=\"og:image:type\" content=\"image\/jpeg\" \/>\n<meta name=\"author\" content=\"Szerk_Erik\" \/>\n<meta name=\"twitter:card\" content=\"summary_large_image\" \/>\n<meta name=\"twitter:label1\" content=\"Szerz\u0151:\" \/>\n\t<meta name=\"twitter:data1\" content=\"Szerk_Erik\" \/>\n\t<meta name=\"twitter:label2\" content=\"Becs\u00fclt olvas\u00e1si id\u0151\" \/>\n\t<meta name=\"twitter:data2\" content=\"3 perc\" \/>\n<script type=\"application\/ld+json\" class=\"yoast-schema-graph\">{\"@context\":\"https:\/\/schema.org\",\"@graph\":[{\"@type\":\"WebPage\",\"@id\":\"https:\/\/kinaikaleidoszkop.hu\/index.php\/2025\/07\/01\/nemzetkozi-tarsasagot-alapit-kina-a-melyur-kutatasara\/\",\"url\":\"https:\/\/kinaikaleidoszkop.hu\/index.php\/2025\/07\/01\/nemzetkozi-tarsasagot-alapit-kina-a-melyur-kutatasara\/\",\"name\":\"Nemzetk\u00f6zi t\u00e1rsas\u00e1got alap\u00edt K\u00edna a m\u00e9ly\u0171r kutat\u00e1s\u00e1ra - kinaikaleidoszkop.hu\",\"isPartOf\":{\"@id\":\"https:\/\/kinaikaleidoszkop.hu\/#website\"},\"primaryImageOfPage\":{\"@id\":\"https:\/\/kinaikaleidoszkop.hu\/index.php\/2025\/07\/01\/nemzetkozi-tarsasagot-alapit-kina-a-melyur-kutatasara\/#primaryimage\"},\"image\":{\"@id\":\"https:\/\/kinaikaleidoszkop.hu\/index.php\/2025\/07\/01\/nemzetkozi-tarsasagot-alapit-kina-a-melyur-kutatasara\/#primaryimage\"},\"thumbnailUrl\":\"https:\/\/kinaikaleidoszkop.hu\/wp-content\/uploads\/2025\/07\/pexels-pixabay-73873.jpg\",\"datePublished\":\"2025-07-01T10:24:00+00:00\",\"dateModified\":\"2025-07-01T10:24:53+00:00\",\"author\":{\"@id\":\"https:\/\/kinaikaleidoszkop.hu\/#\/schema\/person\/4d69b71e7e70322713b9d9287b610556\"},\"breadcrumb\":{\"@id\":\"https:\/\/kinaikaleidoszkop.hu\/index.php\/2025\/07\/01\/nemzetkozi-tarsasagot-alapit-kina-a-melyur-kutatasara\/#breadcrumb\"},\"inLanguage\":\"hu\",\"potentialAction\":[{\"@type\":\"ReadAction\",\"target\":[\"https:\/\/kinaikaleidoszkop.hu\/index.php\/2025\/07\/01\/nemzetkozi-tarsasagot-alapit-kina-a-melyur-kutatasara\/\"]}]},{\"@type\":\"ImageObject\",\"inLanguage\":\"hu\",\"@id\":\"https:\/\/kinaikaleidoszkop.hu\/index.php\/2025\/07\/01\/nemzetkozi-tarsasagot-alapit-kina-a-melyur-kutatasara\/#primaryimage\",\"url\":\"https:\/\/kinaikaleidoszkop.hu\/wp-content\/uploads\/2025\/07\/pexels-pixabay-73873.jpg\",\"contentUrl\":\"https:\/\/kinaikaleidoszkop.hu\/wp-content\/uploads\/2025\/07\/pexels-pixabay-73873.jpg\",\"width\":1280,\"height\":897},{\"@type\":\"BreadcrumbList\",\"@id\":\"https:\/\/kinaikaleidoszkop.hu\/index.php\/2025\/07\/01\/nemzetkozi-tarsasagot-alapit-kina-a-melyur-kutatasara\/#breadcrumb\",\"itemListElement\":[{\"@type\":\"ListItem\",\"position\":1,\"name\":\"Kezd\u0151lap\",\"item\":\"https:\/\/kinaikaleidoszkop.hu\/\"},{\"@type\":\"ListItem\",\"position\":2,\"name\":\"Nemzetk\u00f6zi t\u00e1rsas\u00e1got alap\u00edt K\u00edna a m\u00e9ly\u0171r kutat\u00e1s\u00e1ra\"}]},{\"@type\":\"WebSite\",\"@id\":\"https:\/\/kinaikaleidoszkop.hu\/#website\",\"url\":\"https:\/\/kinaikaleidoszkop.hu\/\",\"name\":\"kinaikaleidoszkop.hu\",\"description\":\"\",\"potentialAction\":[{\"@type\":\"SearchAction\",\"target\":{\"@type\":\"EntryPoint\",\"urlTemplate\":\"https:\/\/kinaikaleidoszkop.hu\/?s={search_term_string}\"},\"query-input\":{\"@type\":\"PropertyValueSpecification\",\"valueRequired\":true,\"valueName\":\"search_term_string\"}}],\"inLanguage\":\"hu\"},{\"@type\":\"Person\",\"@id\":\"https:\/\/kinaikaleidoszkop.hu\/#\/schema\/person\/4d69b71e7e70322713b9d9287b610556\",\"name\":\"Szerk_Erik\",\"image\":{\"@type\":\"ImageObject\",\"inLanguage\":\"hu\",\"@id\":\"https:\/\/kinaikaleidoszkop.hu\/#\/schema\/person\/image\/\",\"url\":\"https:\/\/secure.gravatar.com\/avatar\/3c1e909a14c0c91d2eaef877aaacb584c667f8e7137de69653aa9561fd0e8062?s=96&d=mm&r=g\",\"contentUrl\":\"https:\/\/secure.gravatar.com\/avatar\/3c1e909a14c0c91d2eaef877aaacb584c667f8e7137de69653aa9561fd0e8062?s=96&d=mm&r=g\",\"caption\":\"Szerk_Erik\"},\"url\":\"https:\/\/kinaikaleidoszkop.hu\/index.php\/author\/szerk_erik\/\"}]}<\/script>\n<!-- \/ Yoast SEO plugin. -->","yoast_head_json":{"title":"Nemzetk\u00f6zi t\u00e1rsas\u00e1got alap\u00edt K\u00edna a m\u00e9ly\u0171r kutat\u00e1s\u00e1ra - kinaikaleidoszkop.hu","robots":{"index":"index","follow":"follow","max-snippet":"max-snippet:-1","max-image-preview":"max-image-preview:large","max-video-preview":"max-video-preview:-1"},"canonical":"https:\/\/kinaikaleidoszkop.hu\/index.php\/2025\/07\/01\/nemzetkozi-tarsasagot-alapit-kina-a-melyur-kutatasara\/","og_locale":"hu_HU","og_type":"article","og_title":"Nemzetk\u00f6zi t\u00e1rsas\u00e1got alap\u00edt K\u00edna a m\u00e9ly\u0171r kutat\u00e1s\u00e1ra - kinaikaleidoszkop.hu","og_description":"K\u00edna bejelentette, hogy j\u00f6v\u0151 h\u00e9tf\u0151n megalap\u00edtja az International Deep Space Exploration Association (IDSEA) nev\u0171 nemzetk\u00f6zi t\u00e1rsas\u00e1got \u2013 jelentette be kedden a k\u00ednai \u00e1llami m\u00e9dia. A szervezet c\u00e9lja, hogy el\u0151seg\u00edtse a m\u00e9ly\u0171r kutat\u00e1s\u00e1ra ir\u00e1nyul\u00f3 nemzetk\u00f6zi tudom\u00e1nyos egy\u00fcttm\u0171k\u00f6d\u00e9st. A t\u00e1rsas\u00e1g sz\u00e9khelye a kelet-k\u00ednai Anhuj tartom\u00e1nyban, Hofejben lesz. Ez K\u00edna els\u0151 nemzetk\u00f6zi tudom\u00e1nyos t\u00e1rsas\u00e1ga az \u0171rkutat\u00e1s ter\u00fclet\u00e9n, amely [&hellip;]","og_url":"https:\/\/kinaikaleidoszkop.hu\/index.php\/2025\/07\/01\/nemzetkozi-tarsasagot-alapit-kina-a-melyur-kutatasara\/","og_site_name":"kinaikaleidoszkop.hu","article_published_time":"2025-07-01T10:24:00+00:00","article_modified_time":"2025-07-01T10:24:53+00:00","og_image":[{"width":1280,"height":897,"url":"https:\/\/kinaikaleidoszkop.hu\/wp-content\/uploads\/2025\/07\/pexels-pixabay-73873.jpg","type":"image\/jpeg"}],"author":"Szerk_Erik","twitter_card":"summary_large_image","twitter_misc":{"Szerz\u0151:":"Szerk_Erik","Becs\u00fclt olvas\u00e1si id\u0151":"3 perc"},"schema":{"@context":"https:\/\/schema.org","@graph":[{"@type":"WebPage","@id":"https:\/\/kinaikaleidoszkop.hu\/index.php\/2025\/07\/01\/nemzetkozi-tarsasagot-alapit-kina-a-melyur-kutatasara\/","url":"https:\/\/kinaikaleidoszkop.hu\/index.php\/2025\/07\/01\/nemzetkozi-tarsasagot-alapit-kina-a-melyur-kutatasara\/","name":"Nemzetk\u00f6zi t\u00e1rsas\u00e1got alap\u00edt K\u00edna a m\u00e9ly\u0171r kutat\u00e1s\u00e1ra - kinaikaleidoszkop.hu","isPartOf":{"@id":"https:\/\/kinaikaleidoszkop.hu\/#website"},"primaryImageOfPage":{"@id":"https:\/\/kinaikaleidoszkop.hu\/index.php\/2025\/07\/01\/nemzetkozi-tarsasagot-alapit-kina-a-melyur-kutatasara\/#primaryimage"},"image":{"@id":"https:\/\/kinaikaleidoszkop.hu\/index.php\/2025\/07\/01\/nemzetkozi-tarsasagot-alapit-kina-a-melyur-kutatasara\/#primaryimage"},"thumbnailUrl":"https:\/\/kinaikaleidoszkop.hu\/wp-content\/uploads\/2025\/07\/pexels-pixabay-73873.jpg","datePublished":"2025-07-01T10:24:00+00:00","dateModified":"2025-07-01T10:24:53+00:00","author":{"@id":"https:\/\/kinaikaleidoszkop.hu\/#\/schema\/person\/4d69b71e7e70322713b9d9287b610556"},"breadcrumb":{"@id":"https:\/\/kinaikaleidoszkop.hu\/index.php\/2025\/07\/01\/nemzetkozi-tarsasagot-alapit-kina-a-melyur-kutatasara\/#breadcrumb"},"inLanguage":"hu","potentialAction":[{"@type":"ReadAction","target":["https:\/\/kinaikaleidoszkop.hu\/index.php\/2025\/07\/01\/nemzetkozi-tarsasagot-alapit-kina-a-melyur-kutatasara\/"]}]},{"@type":"ImageObject","inLanguage":"hu","@id":"https:\/\/kinaikaleidoszkop.hu\/index.php\/2025\/07\/01\/nemzetkozi-tarsasagot-alapit-kina-a-melyur-kutatasara\/#primaryimage","url":"https:\/\/kinaikaleidoszkop.hu\/wp-content\/uploads\/2025\/07\/pexels-pixabay-73873.jpg","contentUrl":"https:\/\/kinaikaleidoszkop.hu\/wp-content\/uploads\/2025\/07\/pexels-pixabay-73873.jpg","width":1280,"height":897},{"@type":"BreadcrumbList","@id":"https:\/\/kinaikaleidoszkop.hu\/index.php\/2025\/07\/01\/nemzetkozi-tarsasagot-alapit-kina-a-melyur-kutatasara\/#breadcrumb","itemListElement":[{"@type":"ListItem","position":1,"name":"Kezd\u0151lap","item":"https:\/\/kinaikaleidoszkop.hu\/"},{"@type":"ListItem","position":2,"name":"Nemzetk\u00f6zi t\u00e1rsas\u00e1got alap\u00edt K\u00edna a m\u00e9ly\u0171r kutat\u00e1s\u00e1ra"}]},{"@type":"WebSite","@id":"https:\/\/kinaikaleidoszkop.hu\/#website","url":"https:\/\/kinaikaleidoszkop.hu\/","name":"kinaikaleidoszkop.hu","description":"","potentialAction":[{"@type":"SearchAction","target":{"@type":"EntryPoint","urlTemplate":"https:\/\/kinaikaleidoszkop.hu\/?s={search_term_string}"},"query-input":{"@type":"PropertyValueSpecification","valueRequired":true,"valueName":"search_term_string"}}],"inLanguage":"hu"},{"@type":"Person","@id":"https:\/\/kinaikaleidoszkop.hu\/#\/schema\/person\/4d69b71e7e70322713b9d9287b610556","name":"Szerk_Erik","image":{"@type":"ImageObject","inLanguage":"hu","@id":"https:\/\/kinaikaleidoszkop.hu\/#\/schema\/person\/image\/","url":"https:\/\/secure.gravatar.com\/avatar\/3c1e909a14c0c91d2eaef877aaacb584c667f8e7137de69653aa9561fd0e8062?s=96&d=mm&r=g","contentUrl":"https:\/\/secure.gravatar.com\/avatar\/3c1e909a14c0c91d2eaef877aaacb584c667f8e7137de69653aa9561fd0e8062?s=96&d=mm&r=g","caption":"Szerk_Erik"},"url":"https:\/\/kinaikaleidoszkop.hu\/index.php\/author\/szerk_erik\/"}]}},"views":342,"distributor_meta":false,"distributor_terms":false,"distributor_media":false,"distributor_original_site_name":"PestCentrum","distributor_original_site_url":"https:\/\/pestcentrum.hu","push-errors":false,"_links":{"self":[{"href":"https:\/\/kinaikaleidoszkop.hu\/index.php\/wp-json\/wp\/v2\/posts\/26222","targetHints":{"allow":["GET"]}}],"collection":[{"href":"https:\/\/kinaikaleidoszkop.hu\/index.php\/wp-json\/wp\/v2\/posts"}],"about":[{"href":"https:\/\/kinaikaleidoszkop.hu\/index.php\/wp-json\/wp\/v2\/types\/post"}],"author":[{"embeddable":true,"href":"https:\/\/kinaikaleidoszkop.hu\/index.php\/wp-json\/wp\/v2\/users\/7"}],"replies":[{"embeddable":true,"href":"https:\/\/kinaikaleidoszkop.hu\/index.php\/wp-json\/wp\/v2\/comments?post=26222"}],"version-history":[{"count":1,"href":"https:\/\/kinaikaleidoszkop.hu\/index.php\/wp-json\/wp\/v2\/posts\/26222\/revisions"}],"predecessor-version":[{"id":26224,"href":"https:\/\/kinaikaleidoszkop.hu\/index.php\/wp-json\/wp\/v2\/posts\/26222\/revisions\/26224"}],"wp:featuredmedia":[{"embeddable":true,"href":"https:\/\/kinaikaleidoszkop.hu\/index.php\/wp-json\/wp\/v2\/media\/26223"}],"wp:attachment":[{"href":"https:\/\/kinaikaleidoszkop.hu\/index.php\/wp-json\/wp\/v2\/media?parent=26222"}],"wp:term":[{"taxonomy":"category","embeddable":true,"href":"https:\/\/kinaikaleidoszkop.hu\/index.php\/wp-json\/wp\/v2\/categories?post=26222"},{"taxonomy":"post_tag","embeddable":true,"href":"https:\/\/kinaikaleidoszkop.hu\/index.php\/wp-json\/wp\/v2\/tags?post=26222"}],"curies":[{"name":"wp","href":"https:\/\/api.w.org\/{rel}","templated":true}]}}