{"id":26325,"date":"2025-07-12T22:37:22","date_gmt":"2025-07-12T20:37:22","guid":{"rendered":"https:\/\/kinaikaleidoszkop.hu\/index.php\/2025\/07\/12\/a-kinai-pavilon-napja-az-oszakai-vilagkiallitason\/"},"modified":"2025-07-12T22:37:22","modified_gmt":"2025-07-12T20:37:22","slug":"a-kinai-pavilon-napja-az-oszakai-vilagkiallitason","status":"publish","type":"post","link":"https:\/\/kinaikaleidoszkop.hu\/index.php\/2025\/07\/12\/a-kinai-pavilon-napja-az-oszakai-vilagkiallitason\/","title":{"rendered":"A k\u00ednai pavilon napja az oszakai vil\u00e1gki\u00e1ll\u00edt\u00e1son"},"content":{"rendered":"\n<p class=\"wp-block-paragraph\"><strong>J\u00falius 11-\u00e9n \u00fcnneplik a k\u00ednai pavilon napj\u00e1t az oszakai vil\u00e1gki\u00e1ll\u00edt\u00e1son, Jap\u00e1nban.<\/strong><\/p>\n\n\n\n<figure class=\"wp-block-image size-large\"><img decoding=\"async\" src=\"https:\/\/pestcentrum.hu\/wp-content\/uploads\/2025\/07\/0711Lea2-1-1-1024x576.jpg\" alt=\"\" class=\"wp-image-33908\"\/><\/figure>\n\n\n\n<p class=\"wp-block-paragraph\">Ezen a napon az Expo Parkban nagyszab\u00e1s\u00fa kultur\u00e1lis el\u0151ad\u00e1st rendeznek \u201eSz\u00ednes K\u00edna &#8211; egy\u00fctt festj\u00fck a j\u00f6v\u0151t\u201d t\u00e9m\u00e1val. Az el\u0151ad\u00e1sok a k\u00ednai kult\u00fara eszt\u00e9tikai \u00e9s m\u0171v\u00e9szi kifejez\u00e9s\u00e9t haszn\u00e1lj\u00e1k fel a m\u0171v\u00e9szi alkot\u00e1sok alapjak\u00e9nt, \u00e9s zen\u00e9vel, t\u00e1nccal, k\u00ednai oper\u00e1val, kalligr\u00e1fi\u00e1val, harcm\u0171v\u00e9szettel, akrobatik\u00e1val \u00e9s szellemi kultur\u00e1lis \u00f6r\u00f6ks\u00e9gekkel mutatj\u00e1k be K\u00edna hossz\u00fa t\u00f6rt\u00e9nelm\u00e9t \u00e9s gazdag kult\u00far\u00e1j\u00e1t az oszakai vil\u00e1gki\u00e1ll\u00edt\u00e1s sz\u00ednpad\u00e1n.<\/p>\n\n\n\n<figure class=\"wp-block-image size-large\"><img decoding=\"async\" src=\"https:\/\/pestcentrum.hu\/wp-content\/uploads\/2025\/07\/0711Lea2-2-1-1024x576.jpg\" alt=\"\" class=\"wp-image-33909\"\/><\/figure>\n\n\n\n<p class=\"wp-block-paragraph\">A K\u00ednai Nemzetk\u00f6zi Kereskedelmi T\u00e1mogat\u00e1si Tan\u00e1cs (CCPIT) adatai szerint az oszakai vil\u00e1gki\u00e1ll\u00edt\u00e1s \u00e1prilis 13-i megnyit\u00e1sa \u00f3ta a k\u00ednai pavilon t\u00f6bb mint 760 ezer l\u00e1togat\u00f3t fogadott a vil\u00e1g minden t\u00e1j\u00e1r\u00f3l, naponta \u00e1tlagosan k\u00f6zel t\u00edzezer \u00e9rdekl\u0151d\u0151 kereste fel a pavilont.<\/p>\n\n\n\n<p class=\"wp-block-paragraph\"><strong>2025. 07. 12.<\/strong><\/p>\n\n\n\n<p class=\"wp-block-paragraph\"><strong>(China Media Group)<\/strong><\/p>\n\n\n\n<p class=\"wp-block-paragraph\"><strong>(x)<\/strong><\/p>\n","protected":false},"excerpt":{"rendered":"<p>J\u00falius 11-\u00e9n \u00fcnneplik a k\u00ednai pavilon napj\u00e1t az oszakai vil\u00e1gki\u00e1ll\u00edt\u00e1son, Jap\u00e1nban. Ezen a napon az Expo Parkban nagyszab\u00e1s\u00fa kultur\u00e1lis el\u0151ad\u00e1st rendeznek \u201eSz\u00ednes K\u00edna &#8211; egy\u00fctt festj\u00fck a j\u00f6v\u0151t\u201d t\u00e9m\u00e1val. Az el\u0151ad\u00e1sok a k\u00ednai kult\u00fara eszt\u00e9tikai \u00e9s m\u0171v\u00e9szi kifejez\u00e9s\u00e9t haszn\u00e1lj\u00e1k fel a m\u0171v\u00e9szi alkot\u00e1sok alapjak\u00e9nt, \u00e9s zen\u00e9vel, t\u00e1nccal, k\u00ednai oper\u00e1val, kalligr\u00e1fi\u00e1val, harcm\u0171v\u00e9szettel, akrobatik\u00e1val \u00e9s szellemi kultur\u00e1lis [&hellip;]<\/p>\n","protected":false},"author":7,"featured_media":26326,"comment_status":"","ping_status":"","sticky":false,"template":"","format":"standard","meta":{"footnotes":""},"categories":[4797],"tags":[1318,3696,5337,5187,5188],"class_list":["post-26325","post","type-post","status-publish","format-standard","has-post-thumbnail","hentry","category-egyeb-hirek","tag-japan","tag-kina","tag-kinai-pavilon","tag-oszaka","tag-oszakai-vilagkiallitas"],"yoast_head":"<!-- This site is optimized with the Yoast SEO plugin v23.7 - https:\/\/yoast.com\/wordpress\/plugins\/seo\/ -->\n<title>A k\u00ednai pavilon napja az oszakai vil\u00e1gki\u00e1ll\u00edt\u00e1son - kinaikaleidoszkop.hu<\/title>\n<meta name=\"robots\" content=\"index, follow, max-snippet:-1, max-image-preview:large, max-video-preview:-1\" \/>\n<link rel=\"canonical\" href=\"https:\/\/pestcentrum.hu\/2025\/07\/12\/a-kinai-pavilon-napja-az-oszakai-vilagkiallitason\/\" \/>\n<meta property=\"og:locale\" content=\"hu_HU\" \/>\n<meta property=\"og:type\" content=\"article\" \/>\n<meta property=\"og:title\" content=\"A k\u00ednai pavilon napja az oszakai vil\u00e1gki\u00e1ll\u00edt\u00e1son - kinaikaleidoszkop.hu\" \/>\n<meta property=\"og:description\" content=\"J\u00falius 11-\u00e9n \u00fcnneplik a k\u00ednai pavilon napj\u00e1t az oszakai vil\u00e1gki\u00e1ll\u00edt\u00e1son, Jap\u00e1nban. Ezen a napon az Expo Parkban nagyszab\u00e1s\u00fa kultur\u00e1lis el\u0151ad\u00e1st rendeznek \u201eSz\u00ednes K\u00edna &#8211; egy\u00fctt festj\u00fck a j\u00f6v\u0151t\u201d t\u00e9m\u00e1val. Az el\u0151ad\u00e1sok a k\u00ednai kult\u00fara eszt\u00e9tikai \u00e9s m\u0171v\u00e9szi kifejez\u00e9s\u00e9t haszn\u00e1lj\u00e1k fel a m\u0171v\u00e9szi alkot\u00e1sok alapjak\u00e9nt, \u00e9s zen\u00e9vel, t\u00e1nccal, k\u00ednai oper\u00e1val, kalligr\u00e1fi\u00e1val, harcm\u0171v\u00e9szettel, akrobatik\u00e1val \u00e9s szellemi kultur\u00e1lis [&hellip;]\" \/>\n<meta property=\"og:url\" content=\"https:\/\/kinaikaleidoszkop.hu\/index.php\/2025\/07\/12\/a-kinai-pavilon-napja-az-oszakai-vilagkiallitason\/\" \/>\n<meta property=\"og:site_name\" content=\"kinaikaleidoszkop.hu\" \/>\n<meta property=\"article:published_time\" content=\"2025-07-12T20:37:22+00:00\" \/>\n<meta property=\"og:image\" content=\"https:\/\/kinaikaleidoszkop.hu\/wp-content\/uploads\/2025\/07\/0711Lea2-1-1.jpg\" \/>\n\t<meta property=\"og:image:width\" content=\"1920\" \/>\n\t<meta property=\"og:image:height\" content=\"1080\" \/>\n\t<meta property=\"og:image:type\" content=\"image\/jpeg\" \/>\n<meta name=\"author\" content=\"Szerk_Erik\" \/>\n<meta name=\"twitter:card\" content=\"summary_large_image\" \/>\n<meta name=\"twitter:label1\" content=\"Szerz\u0151:\" \/>\n\t<meta name=\"twitter:data1\" content=\"PestCentrum\" \/>\n\t<meta name=\"twitter:label2\" content=\"Becs\u00fclt olvas\u00e1si id\u0151\" \/>\n\t<meta name=\"twitter:data2\" content=\"2 perc\" \/>\n<script type=\"application\/ld+json\" class=\"yoast-schema-graph\">{\"@context\":\"https:\/\/schema.org\",\"@graph\":[{\"@type\":\"WebPage\",\"@id\":\"https:\/\/kinaikaleidoszkop.hu\/index.php\/2025\/07\/12\/a-kinai-pavilon-napja-az-oszakai-vilagkiallitason\/\",\"url\":\"https:\/\/kinaikaleidoszkop.hu\/index.php\/2025\/07\/12\/a-kinai-pavilon-napja-az-oszakai-vilagkiallitason\/\",\"name\":\"A k\u00ednai pavilon napja az oszakai vil\u00e1gki\u00e1ll\u00edt\u00e1son - kinaikaleidoszkop.hu\",\"isPartOf\":{\"@id\":\"https:\/\/kinaikaleidoszkop.hu\/#website\"},\"primaryImageOfPage\":{\"@id\":\"https:\/\/kinaikaleidoszkop.hu\/index.php\/2025\/07\/12\/a-kinai-pavilon-napja-az-oszakai-vilagkiallitason\/#primaryimage\"},\"image\":{\"@id\":\"https:\/\/kinaikaleidoszkop.hu\/index.php\/2025\/07\/12\/a-kinai-pavilon-napja-az-oszakai-vilagkiallitason\/#primaryimage\"},\"thumbnailUrl\":\"https:\/\/kinaikaleidoszkop.hu\/wp-content\/uploads\/2025\/07\/0711Lea2-1-1.jpg\",\"datePublished\":\"2025-07-12T20:37:22+00:00\",\"dateModified\":\"2025-07-12T20:37:22+00:00\",\"author\":{\"@id\":\"https:\/\/kinaikaleidoszkop.hu\/#\/schema\/person\/4d69b71e7e70322713b9d9287b610556\"},\"breadcrumb\":{\"@id\":\"https:\/\/kinaikaleidoszkop.hu\/index.php\/2025\/07\/12\/a-kinai-pavilon-napja-az-oszakai-vilagkiallitason\/#breadcrumb\"},\"inLanguage\":\"hu\",\"potentialAction\":[{\"@type\":\"ReadAction\",\"target\":[\"https:\/\/kinaikaleidoszkop.hu\/index.php\/2025\/07\/12\/a-kinai-pavilon-napja-az-oszakai-vilagkiallitason\/\"]}]},{\"@type\":\"ImageObject\",\"inLanguage\":\"hu\",\"@id\":\"https:\/\/kinaikaleidoszkop.hu\/index.php\/2025\/07\/12\/a-kinai-pavilon-napja-az-oszakai-vilagkiallitason\/#primaryimage\",\"url\":\"https:\/\/kinaikaleidoszkop.hu\/wp-content\/uploads\/2025\/07\/0711Lea2-1-1.jpg\",\"contentUrl\":\"https:\/\/kinaikaleidoszkop.hu\/wp-content\/uploads\/2025\/07\/0711Lea2-1-1.jpg\",\"width\":1920,\"height\":1080},{\"@type\":\"BreadcrumbList\",\"@id\":\"https:\/\/kinaikaleidoszkop.hu\/index.php\/2025\/07\/12\/a-kinai-pavilon-napja-az-oszakai-vilagkiallitason\/#breadcrumb\",\"itemListElement\":[{\"@type\":\"ListItem\",\"position\":1,\"name\":\"Kezd\u0151lap\",\"item\":\"https:\/\/kinaikaleidoszkop.hu\/\"},{\"@type\":\"ListItem\",\"position\":2,\"name\":\"A k\u00ednai pavilon napja az oszakai vil\u00e1gki\u00e1ll\u00edt\u00e1son\"}]},{\"@type\":\"WebSite\",\"@id\":\"https:\/\/kinaikaleidoszkop.hu\/#website\",\"url\":\"https:\/\/kinaikaleidoszkop.hu\/\",\"name\":\"kinaikaleidoszkop.hu\",\"description\":\"\",\"potentialAction\":[{\"@type\":\"SearchAction\",\"target\":{\"@type\":\"EntryPoint\",\"urlTemplate\":\"https:\/\/kinaikaleidoszkop.hu\/?s={search_term_string}\"},\"query-input\":{\"@type\":\"PropertyValueSpecification\",\"valueRequired\":true,\"valueName\":\"search_term_string\"}}],\"inLanguage\":\"hu\"},{\"@type\":\"Person\",\"@id\":\"https:\/\/kinaikaleidoszkop.hu\/#\/schema\/person\/4d69b71e7e70322713b9d9287b610556\",\"name\":\"Szerk_Erik\",\"image\":{\"@type\":\"ImageObject\",\"inLanguage\":\"hu\",\"@id\":\"https:\/\/kinaikaleidoszkop.hu\/#\/schema\/person\/image\/\",\"url\":\"https:\/\/secure.gravatar.com\/avatar\/3c1e909a14c0c91d2eaef877aaacb584c667f8e7137de69653aa9561fd0e8062?s=96&d=mm&r=g\",\"contentUrl\":\"https:\/\/secure.gravatar.com\/avatar\/3c1e909a14c0c91d2eaef877aaacb584c667f8e7137de69653aa9561fd0e8062?s=96&d=mm&r=g\",\"caption\":\"Szerk_Erik\"},\"url\":\"https:\/\/pestcentrum.hu\"}]}<\/script>\n<!-- \/ Yoast SEO plugin. -->","yoast_head_json":{"title":"A k\u00ednai pavilon napja az oszakai vil\u00e1gki\u00e1ll\u00edt\u00e1son - kinaikaleidoszkop.hu","robots":{"index":"index","follow":"follow","max-snippet":"max-snippet:-1","max-image-preview":"max-image-preview:large","max-video-preview":"max-video-preview:-1"},"canonical":"https:\/\/pestcentrum.hu\/2025\/07\/12\/a-kinai-pavilon-napja-az-oszakai-vilagkiallitason\/","og_locale":"hu_HU","og_type":"article","og_title":"A k\u00ednai pavilon napja az oszakai vil\u00e1gki\u00e1ll\u00edt\u00e1son - kinaikaleidoszkop.hu","og_description":"J\u00falius 11-\u00e9n \u00fcnneplik a k\u00ednai pavilon napj\u00e1t az oszakai vil\u00e1gki\u00e1ll\u00edt\u00e1son, Jap\u00e1nban. Ezen a napon az Expo Parkban nagyszab\u00e1s\u00fa kultur\u00e1lis el\u0151ad\u00e1st rendeznek \u201eSz\u00ednes K\u00edna &#8211; egy\u00fctt festj\u00fck a j\u00f6v\u0151t\u201d t\u00e9m\u00e1val. Az el\u0151ad\u00e1sok a k\u00ednai kult\u00fara eszt\u00e9tikai \u00e9s m\u0171v\u00e9szi kifejez\u00e9s\u00e9t haszn\u00e1lj\u00e1k fel a m\u0171v\u00e9szi alkot\u00e1sok alapjak\u00e9nt, \u00e9s zen\u00e9vel, t\u00e1nccal, k\u00ednai oper\u00e1val, kalligr\u00e1fi\u00e1val, harcm\u0171v\u00e9szettel, akrobatik\u00e1val \u00e9s szellemi kultur\u00e1lis [&hellip;]","og_url":"https:\/\/kinaikaleidoszkop.hu\/index.php\/2025\/07\/12\/a-kinai-pavilon-napja-az-oszakai-vilagkiallitason\/","og_site_name":"kinaikaleidoszkop.hu","article_published_time":"2025-07-12T20:37:22+00:00","og_image":[{"width":1920,"height":1080,"url":"https:\/\/kinaikaleidoszkop.hu\/wp-content\/uploads\/2025\/07\/0711Lea2-1-1.jpg","type":"image\/jpeg"}],"author":"Szerk_Erik","twitter_card":"summary_large_image","twitter_misc":{"Szerz\u0151:":"PestCentrum","Becs\u00fclt olvas\u00e1si id\u0151":"2 perc"},"schema":{"@context":"https:\/\/schema.org","@graph":[{"@type":"WebPage","@id":"https:\/\/kinaikaleidoszkop.hu\/index.php\/2025\/07\/12\/a-kinai-pavilon-napja-az-oszakai-vilagkiallitason\/","url":"https:\/\/kinaikaleidoszkop.hu\/index.php\/2025\/07\/12\/a-kinai-pavilon-napja-az-oszakai-vilagkiallitason\/","name":"A k\u00ednai pavilon napja az oszakai vil\u00e1gki\u00e1ll\u00edt\u00e1son - kinaikaleidoszkop.hu","isPartOf":{"@id":"https:\/\/kinaikaleidoszkop.hu\/#website"},"primaryImageOfPage":{"@id":"https:\/\/kinaikaleidoszkop.hu\/index.php\/2025\/07\/12\/a-kinai-pavilon-napja-az-oszakai-vilagkiallitason\/#primaryimage"},"image":{"@id":"https:\/\/kinaikaleidoszkop.hu\/index.php\/2025\/07\/12\/a-kinai-pavilon-napja-az-oszakai-vilagkiallitason\/#primaryimage"},"thumbnailUrl":"https:\/\/kinaikaleidoszkop.hu\/wp-content\/uploads\/2025\/07\/0711Lea2-1-1.jpg","datePublished":"2025-07-12T20:37:22+00:00","dateModified":"2025-07-12T20:37:22+00:00","author":{"@id":"https:\/\/kinaikaleidoszkop.hu\/#\/schema\/person\/4d69b71e7e70322713b9d9287b610556"},"breadcrumb":{"@id":"https:\/\/kinaikaleidoszkop.hu\/index.php\/2025\/07\/12\/a-kinai-pavilon-napja-az-oszakai-vilagkiallitason\/#breadcrumb"},"inLanguage":"hu","potentialAction":[{"@type":"ReadAction","target":["https:\/\/kinaikaleidoszkop.hu\/index.php\/2025\/07\/12\/a-kinai-pavilon-napja-az-oszakai-vilagkiallitason\/"]}]},{"@type":"ImageObject","inLanguage":"hu","@id":"https:\/\/kinaikaleidoszkop.hu\/index.php\/2025\/07\/12\/a-kinai-pavilon-napja-az-oszakai-vilagkiallitason\/#primaryimage","url":"https:\/\/kinaikaleidoszkop.hu\/wp-content\/uploads\/2025\/07\/0711Lea2-1-1.jpg","contentUrl":"https:\/\/kinaikaleidoszkop.hu\/wp-content\/uploads\/2025\/07\/0711Lea2-1-1.jpg","width":1920,"height":1080},{"@type":"BreadcrumbList","@id":"https:\/\/kinaikaleidoszkop.hu\/index.php\/2025\/07\/12\/a-kinai-pavilon-napja-az-oszakai-vilagkiallitason\/#breadcrumb","itemListElement":[{"@type":"ListItem","position":1,"name":"Kezd\u0151lap","item":"https:\/\/kinaikaleidoszkop.hu\/"},{"@type":"ListItem","position":2,"name":"A k\u00ednai pavilon napja az oszakai vil\u00e1gki\u00e1ll\u00edt\u00e1son"}]},{"@type":"WebSite","@id":"https:\/\/kinaikaleidoszkop.hu\/#website","url":"https:\/\/kinaikaleidoszkop.hu\/","name":"kinaikaleidoszkop.hu","description":"","potentialAction":[{"@type":"SearchAction","target":{"@type":"EntryPoint","urlTemplate":"https:\/\/kinaikaleidoszkop.hu\/?s={search_term_string}"},"query-input":{"@type":"PropertyValueSpecification","valueRequired":true,"valueName":"search_term_string"}}],"inLanguage":"hu"},{"@type":"Person","@id":"https:\/\/kinaikaleidoszkop.hu\/#\/schema\/person\/4d69b71e7e70322713b9d9287b610556","name":"Szerk_Erik","image":{"@type":"ImageObject","inLanguage":"hu","@id":"https:\/\/kinaikaleidoszkop.hu\/#\/schema\/person\/image\/","url":"https:\/\/secure.gravatar.com\/avatar\/3c1e909a14c0c91d2eaef877aaacb584c667f8e7137de69653aa9561fd0e8062?s=96&d=mm&r=g","contentUrl":"https:\/\/secure.gravatar.com\/avatar\/3c1e909a14c0c91d2eaef877aaacb584c667f8e7137de69653aa9561fd0e8062?s=96&d=mm&r=g","caption":"Szerk_Erik"},"url":"https:\/\/pestcentrum.hu"}]}},"views":140,"distributor_meta":false,"distributor_terms":false,"distributor_media":false,"distributor_original_site_name":"PestCentrum","distributor_original_site_url":"https:\/\/pestcentrum.hu","push-errors":false,"_links":{"self":[{"href":"https:\/\/kinaikaleidoszkop.hu\/index.php\/wp-json\/wp\/v2\/posts\/26325","targetHints":{"allow":["GET"]}}],"collection":[{"href":"https:\/\/kinaikaleidoszkop.hu\/index.php\/wp-json\/wp\/v2\/posts"}],"about":[{"href":"https:\/\/kinaikaleidoszkop.hu\/index.php\/wp-json\/wp\/v2\/types\/post"}],"author":[{"embeddable":true,"href":"https:\/\/kinaikaleidoszkop.hu\/index.php\/wp-json\/wp\/v2\/users\/7"}],"replies":[{"embeddable":true,"href":"https:\/\/kinaikaleidoszkop.hu\/index.php\/wp-json\/wp\/v2\/comments?post=26325"}],"version-history":[{"count":0,"href":"https:\/\/kinaikaleidoszkop.hu\/index.php\/wp-json\/wp\/v2\/posts\/26325\/revisions"}],"wp:featuredmedia":[{"embeddable":true,"href":"https:\/\/kinaikaleidoszkop.hu\/index.php\/wp-json\/wp\/v2\/media\/26326"}],"wp:attachment":[{"href":"https:\/\/kinaikaleidoszkop.hu\/index.php\/wp-json\/wp\/v2\/media?parent=26325"}],"wp:term":[{"taxonomy":"category","embeddable":true,"href":"https:\/\/kinaikaleidoszkop.hu\/index.php\/wp-json\/wp\/v2\/categories?post=26325"},{"taxonomy":"post_tag","embeddable":true,"href":"https:\/\/kinaikaleidoszkop.hu\/index.php\/wp-json\/wp\/v2\/tags?post=26325"}],"curies":[{"name":"wp","href":"https:\/\/api.w.org\/{rel}","templated":true}]}}