{"id":26767,"date":"2025-09-05T12:12:26","date_gmt":"2025-09-05T10:12:26","guid":{"rendered":"https:\/\/kinaikaleidoszkop.hu\/index.php\/2025\/09\/05\/cmg-kommentar-kina-mindig-a-beke-a-stabilitas-es-a-haladas-ereje-lesz-a-vilagban\/"},"modified":"2025-09-05T12:12:26","modified_gmt":"2025-09-05T10:12:26","slug":"cmg-kommentar-kina-mindig-a-beke-a-stabilitas-es-a-haladas-ereje-lesz-a-vilagban","status":"publish","type":"post","link":"https:\/\/kinaikaleidoszkop.hu\/index.php\/2025\/09\/05\/cmg-kommentar-kina-mindig-a-beke-a-stabilitas-es-a-haladas-ereje-lesz-a-vilagban\/","title":{"rendered":"CMG-komment\u00e1r: K\u00edna mindig a b\u00e9ke, a stabilit\u00e1s \u00e9s a halad\u00e1s ereje lesz a vil\u00e1gban"},"content":{"rendered":"\n<p><strong>\u201eEz a katonai par\u00e1d\u00e9 nemcsak tisztelettel ad\u00f3zik a t\u00f6rt\u00e9nelemnek, hanem a vil\u00e1gnak is kinyilv\u00e1n\u00edtja K\u00edna rend\u00edthetetlen elk\u00f6telezetts\u00e9g\u00e9t a b\u00e9k\u00e9s fejl\u0151d\u00e9s ir\u00e1nt, valamint hatalmas potenci\u00e1lj\u00e1t a glob\u00e1lis b\u00e9ke meg\u0151rz\u00e9s\u00e9ben.\u201d \u201eA katonai par\u00e1d\u00e9 c\u00e9lja annak demonstr\u00e1l\u00e1sa, hogy K\u00edna a glob\u00e1lis b\u00e9ke \u00e9s stabilit\u00e1s \u0151re.\u201d\u00a0\u00a0A k\u00fclf\u00f6ldi m\u00e9dia nagy figyelmet szentelt a jap\u00e1n agresszi\u00f3 elleni k\u00ednai n\u00e9pi ellen\u00e1ll\u00e1si h\u00e1bor\u00faban aratott gy\u0151zelem \u00e9s az antifasiszta vil\u00e1gh\u00e1bor\u00fa befejez\u00e9s\u00e9nek 80. \u00e9vfordul\u00f3ja alkalm\u00e1b\u00f3l megeml\u00e9kez\u0151 \u00fcnneps\u00e9g\u00e9nek, amelyre szeptember 3-\u00e1n ker\u00fclt sor. A nemzetk\u00f6zi m\u00e9dia tud\u00f3s\u00edt\u00e1sai k\u00f6z\u00f6tt a \u201eb\u00e9ke\u201d visszat\u00e9r\u0151 t\u00e9mak\u00e9nt jelent meg a megeml\u00e9kez\u0151 \u00fcnneps\u00e9g \u00e9rt\u00e9kel\u00e9s\u00e9ben.\u00a0<\/strong><\/p>\n\n\n\n<figure class=\"wp-block-image size-full\"><img decoding=\"async\" src=\"https:\/\/pestcentrum.hu\/wp-content\/uploads\/2025\/09\/CMG-kommentar-Kina-mindig-a-beke-a-stabilitas-es-a-haladas-ereje-lesz-a-vilagban.jpg\" alt=\"\" class=\"wp-image-36312\"\/><\/figure>\n\n\n\n<p>A nemzetk\u00f6zi k\u00f6z\u00f6ss\u00e9g megjegyezte, hogy Hszi Csin-ping k\u00ednai \u00e1llameln\u00f6k aznap a megeml\u00e9kez\u0151 \u00fcnneps\u00e9gen tartott besz\u00e9d\u00e9ben t\u00f6bbsz\u00f6r is hangs\u00falyozta a \u201eb\u00e9k\u00e9t\u201d. Ezek a hat\u00e1rozott szavak a vil\u00e1gnak is megmutatt\u00e1k a k\u00ednai n\u00e9p elt\u00f6k\u00e9lt sz\u00e1nd\u00e9k\u00e1t, hogy \u00e1polja, meg\u0151rizze \u00e9s fenntartsa a b\u00e9k\u00e9t.<\/p>\n\n\n\n<p>Jelenleg K\u00edna a k\u00ednai modell\u0171 moderniz\u00e1ci\u00f3 fejleszt\u00e9s\u00e9t mozd\u00edtja el\u0151. Ez b\u00e9k\u00e9s fejl\u0151d\u00e9sen kereszt\u00fcl megval\u00f3sul\u00f3 moderniz\u00e1ci\u00f3t jelent. Fejl\u0151d\u00e9s\u00e9nek szakasz\u00e1t\u00f3l f\u00fcggetlen\u00fcl K\u00edna soha nem t\u00f6rekszik hegem\u00f3ni\u00e1ra, soha nem t\u00f6rekszik terjeszked\u00e9sre, \u00e9s soha nem k\u00e9nyszer\u00edti m\u00e1s nemzetekre azokat a tragikus tapasztalatokat, amelyeket maga is \u00e1t\u00e9lt. Ez K\u00edna \u00fcnnep\u00e9lyes k\u00f6telezetts\u00e9gv\u00e1llal\u00e1sa.<\/p>\n\n\n\n<p>A b\u00e9k\u00e9s fejl\u0151d\u00e9s mellett elk\u00f6telezett K\u00edna \u00f6r\u00f6kre a vil\u00e1gb\u00e9ke \u00e9s a fejl\u0151d\u00e9s meg\u0151rz\u00e9s\u00e9nek egyik alappill\u00e9re marad.<\/p>\n\n\n\n<p><strong><em>(China Media Group)<\/em><\/strong><\/p>\n\n\n\n<p><strong>2025. szeptember 5.<\/strong><\/p>\n\n\n\n<p><strong><em>(x)<\/em><\/strong><\/p>\n","protected":false},"excerpt":{"rendered":"<p>\u201eEz a katonai par\u00e1d\u00e9 nemcsak tisztelettel ad\u00f3zik a t\u00f6rt\u00e9nelemnek, hanem a vil\u00e1gnak is kinyilv\u00e1n\u00edtja K\u00edna rend\u00edthetetlen elk\u00f6telezetts\u00e9g\u00e9t a b\u00e9k\u00e9s fejl\u0151d\u00e9s ir\u00e1nt, valamint hatalmas potenci\u00e1lj\u00e1t a glob\u00e1lis b\u00e9ke meg\u0151rz\u00e9s\u00e9ben.\u201d \u201eA katonai par\u00e1d\u00e9 c\u00e9lja annak demonstr\u00e1l\u00e1sa, hogy K\u00edna a glob\u00e1lis b\u00e9ke \u00e9s stabilit\u00e1s \u0151re.\u201d\u00a0\u00a0A k\u00fclf\u00f6ldi m\u00e9dia nagy figyelmet szentelt a jap\u00e1n agresszi\u00f3 elleni k\u00ednai n\u00e9pi ellen\u00e1ll\u00e1si h\u00e1bor\u00faban [&hellip;]<\/p>\n","protected":false},"author":7,"featured_media":26768,"comment_status":"","ping_status":"","sticky":false,"template":"","format":"standard","meta":{"footnotes":""},"categories":[4797],"tags":[305,3696,2681,1722,989],"class_list":["post-26767","post","type-post","status-publish","format-standard","has-post-thumbnail","hentry","category-egyeb-hirek","tag-hszi-csin-ping","tag-kina","tag-megemlekezes","tag-tudositas","tag-visszhang"],"yoast_head":"<!-- This site is optimized with the Yoast SEO plugin v23.7 - https:\/\/yoast.com\/wordpress\/plugins\/seo\/ -->\n<title>CMG-komment\u00e1r: K\u00edna mindig a b\u00e9ke, a stabilit\u00e1s \u00e9s a halad\u00e1s ereje lesz a vil\u00e1gban - kinaikaleidoszkop.hu<\/title>\n<meta name=\"robots\" content=\"index, follow, max-snippet:-1, max-image-preview:large, max-video-preview:-1\" \/>\n<link rel=\"canonical\" href=\"https:\/\/pestcentrum.hu\/2025\/09\/05\/cmg-kommentar-kina-mindig-a-beke-a-stabilitas-es-a-haladas-ereje-lesz-a-vilagban\/\" \/>\n<meta property=\"og:locale\" content=\"hu_HU\" \/>\n<meta property=\"og:type\" content=\"article\" \/>\n<meta property=\"og:title\" content=\"CMG-komment\u00e1r: K\u00edna mindig a b\u00e9ke, a stabilit\u00e1s \u00e9s a halad\u00e1s ereje lesz a vil\u00e1gban - kinaikaleidoszkop.hu\" \/>\n<meta property=\"og:description\" content=\"\u201eEz a katonai par\u00e1d\u00e9 nemcsak tisztelettel ad\u00f3zik a t\u00f6rt\u00e9nelemnek, hanem a vil\u00e1gnak is kinyilv\u00e1n\u00edtja K\u00edna rend\u00edthetetlen elk\u00f6telezetts\u00e9g\u00e9t a b\u00e9k\u00e9s fejl\u0151d\u00e9s ir\u00e1nt, valamint hatalmas potenci\u00e1lj\u00e1t a glob\u00e1lis b\u00e9ke meg\u0151rz\u00e9s\u00e9ben.\u201d \u201eA katonai par\u00e1d\u00e9 c\u00e9lja annak demonstr\u00e1l\u00e1sa, hogy K\u00edna a glob\u00e1lis b\u00e9ke \u00e9s stabilit\u00e1s \u0151re.\u201d\u00a0\u00a0A k\u00fclf\u00f6ldi m\u00e9dia nagy figyelmet szentelt a jap\u00e1n agresszi\u00f3 elleni k\u00ednai n\u00e9pi ellen\u00e1ll\u00e1si h\u00e1bor\u00faban [&hellip;]\" \/>\n<meta property=\"og:url\" content=\"https:\/\/kinaikaleidoszkop.hu\/index.php\/2025\/09\/05\/cmg-kommentar-kina-mindig-a-beke-a-stabilitas-es-a-haladas-ereje-lesz-a-vilagban\/\" \/>\n<meta property=\"og:site_name\" content=\"kinaikaleidoszkop.hu\" \/>\n<meta property=\"article:published_time\" content=\"2025-09-05T10:12:26+00:00\" \/>\n<meta property=\"og:image\" content=\"https:\/\/kinaikaleidoszkop.hu\/wp-content\/uploads\/2025\/09\/CMG-kommentar-Kina-mindig-a-beke-a-stabilitas-es-a-haladas-ereje-lesz-a-vilagban.jpg\" \/>\n\t<meta property=\"og:image:width\" content=\"912\" \/>\n\t<meta property=\"og:image:height\" content=\"676\" \/>\n\t<meta property=\"og:image:type\" content=\"image\/jpeg\" \/>\n<meta name=\"author\" content=\"Szerk_Erik\" \/>\n<meta name=\"twitter:card\" content=\"summary_large_image\" \/>\n<meta name=\"twitter:label1\" content=\"Szerz\u0151:\" \/>\n\t<meta name=\"twitter:data1\" content=\"PestCentrum\" \/>\n\t<meta name=\"twitter:label2\" content=\"Becs\u00fclt olvas\u00e1si id\u0151\" \/>\n\t<meta name=\"twitter:data2\" content=\"2 perc\" \/>\n<script type=\"application\/ld+json\" class=\"yoast-schema-graph\">{\"@context\":\"https:\/\/schema.org\",\"@graph\":[{\"@type\":\"WebPage\",\"@id\":\"https:\/\/kinaikaleidoszkop.hu\/index.php\/2025\/09\/05\/cmg-kommentar-kina-mindig-a-beke-a-stabilitas-es-a-haladas-ereje-lesz-a-vilagban\/\",\"url\":\"https:\/\/kinaikaleidoszkop.hu\/index.php\/2025\/09\/05\/cmg-kommentar-kina-mindig-a-beke-a-stabilitas-es-a-haladas-ereje-lesz-a-vilagban\/\",\"name\":\"CMG-komment\u00e1r: K\u00edna mindig a b\u00e9ke, a stabilit\u00e1s \u00e9s a halad\u00e1s ereje lesz a vil\u00e1gban - kinaikaleidoszkop.hu\",\"isPartOf\":{\"@id\":\"https:\/\/kinaikaleidoszkop.hu\/#website\"},\"primaryImageOfPage\":{\"@id\":\"https:\/\/kinaikaleidoszkop.hu\/index.php\/2025\/09\/05\/cmg-kommentar-kina-mindig-a-beke-a-stabilitas-es-a-haladas-ereje-lesz-a-vilagban\/#primaryimage\"},\"image\":{\"@id\":\"https:\/\/kinaikaleidoszkop.hu\/index.php\/2025\/09\/05\/cmg-kommentar-kina-mindig-a-beke-a-stabilitas-es-a-haladas-ereje-lesz-a-vilagban\/#primaryimage\"},\"thumbnailUrl\":\"https:\/\/kinaikaleidoszkop.hu\/wp-content\/uploads\/2025\/09\/CMG-kommentar-Kina-mindig-a-beke-a-stabilitas-es-a-haladas-ereje-lesz-a-vilagban.jpg\",\"datePublished\":\"2025-09-05T10:12:26+00:00\",\"dateModified\":\"2025-09-05T10:12:26+00:00\",\"author\":{\"@id\":\"https:\/\/kinaikaleidoszkop.hu\/#\/schema\/person\/4d69b71e7e70322713b9d9287b610556\"},\"breadcrumb\":{\"@id\":\"https:\/\/kinaikaleidoszkop.hu\/index.php\/2025\/09\/05\/cmg-kommentar-kina-mindig-a-beke-a-stabilitas-es-a-haladas-ereje-lesz-a-vilagban\/#breadcrumb\"},\"inLanguage\":\"hu\",\"potentialAction\":[{\"@type\":\"ReadAction\",\"target\":[\"https:\/\/kinaikaleidoszkop.hu\/index.php\/2025\/09\/05\/cmg-kommentar-kina-mindig-a-beke-a-stabilitas-es-a-haladas-ereje-lesz-a-vilagban\/\"]}]},{\"@type\":\"ImageObject\",\"inLanguage\":\"hu\",\"@id\":\"https:\/\/kinaikaleidoszkop.hu\/index.php\/2025\/09\/05\/cmg-kommentar-kina-mindig-a-beke-a-stabilitas-es-a-haladas-ereje-lesz-a-vilagban\/#primaryimage\",\"url\":\"https:\/\/kinaikaleidoszkop.hu\/wp-content\/uploads\/2025\/09\/CMG-kommentar-Kina-mindig-a-beke-a-stabilitas-es-a-haladas-ereje-lesz-a-vilagban.jpg\",\"contentUrl\":\"https:\/\/kinaikaleidoszkop.hu\/wp-content\/uploads\/2025\/09\/CMG-kommentar-Kina-mindig-a-beke-a-stabilitas-es-a-haladas-ereje-lesz-a-vilagban.jpg\",\"width\":912,\"height\":676},{\"@type\":\"BreadcrumbList\",\"@id\":\"https:\/\/kinaikaleidoszkop.hu\/index.php\/2025\/09\/05\/cmg-kommentar-kina-mindig-a-beke-a-stabilitas-es-a-haladas-ereje-lesz-a-vilagban\/#breadcrumb\",\"itemListElement\":[{\"@type\":\"ListItem\",\"position\":1,\"name\":\"Kezd\u0151lap\",\"item\":\"https:\/\/kinaikaleidoszkop.hu\/\"},{\"@type\":\"ListItem\",\"position\":2,\"name\":\"CMG-komment\u00e1r: K\u00edna mindig a b\u00e9ke, a stabilit\u00e1s \u00e9s a halad\u00e1s ereje lesz a vil\u00e1gban\"}]},{\"@type\":\"WebSite\",\"@id\":\"https:\/\/kinaikaleidoszkop.hu\/#website\",\"url\":\"https:\/\/kinaikaleidoszkop.hu\/\",\"name\":\"kinaikaleidoszkop.hu\",\"description\":\"\",\"potentialAction\":[{\"@type\":\"SearchAction\",\"target\":{\"@type\":\"EntryPoint\",\"urlTemplate\":\"https:\/\/kinaikaleidoszkop.hu\/?s={search_term_string}\"},\"query-input\":{\"@type\":\"PropertyValueSpecification\",\"valueRequired\":true,\"valueName\":\"search_term_string\"}}],\"inLanguage\":\"hu\"},{\"@type\":\"Person\",\"@id\":\"https:\/\/kinaikaleidoszkop.hu\/#\/schema\/person\/4d69b71e7e70322713b9d9287b610556\",\"name\":\"Szerk_Erik\",\"image\":{\"@type\":\"ImageObject\",\"inLanguage\":\"hu\",\"@id\":\"https:\/\/kinaikaleidoszkop.hu\/#\/schema\/person\/image\/\",\"url\":\"https:\/\/secure.gravatar.com\/avatar\/3c1e909a14c0c91d2eaef877aaacb584c667f8e7137de69653aa9561fd0e8062?s=96&d=mm&r=g\",\"contentUrl\":\"https:\/\/secure.gravatar.com\/avatar\/3c1e909a14c0c91d2eaef877aaacb584c667f8e7137de69653aa9561fd0e8062?s=96&d=mm&r=g\",\"caption\":\"Szerk_Erik\"},\"url\":\"https:\/\/pestcentrum.hu\"}]}<\/script>\n<!-- \/ Yoast SEO plugin. -->","yoast_head_json":{"title":"CMG-komment\u00e1r: K\u00edna mindig a b\u00e9ke, a stabilit\u00e1s \u00e9s a halad\u00e1s ereje lesz a vil\u00e1gban - kinaikaleidoszkop.hu","robots":{"index":"index","follow":"follow","max-snippet":"max-snippet:-1","max-image-preview":"max-image-preview:large","max-video-preview":"max-video-preview:-1"},"canonical":"https:\/\/pestcentrum.hu\/2025\/09\/05\/cmg-kommentar-kina-mindig-a-beke-a-stabilitas-es-a-haladas-ereje-lesz-a-vilagban\/","og_locale":"hu_HU","og_type":"article","og_title":"CMG-komment\u00e1r: K\u00edna mindig a b\u00e9ke, a stabilit\u00e1s \u00e9s a halad\u00e1s ereje lesz a vil\u00e1gban - kinaikaleidoszkop.hu","og_description":"\u201eEz a katonai par\u00e1d\u00e9 nemcsak tisztelettel ad\u00f3zik a t\u00f6rt\u00e9nelemnek, hanem a vil\u00e1gnak is kinyilv\u00e1n\u00edtja K\u00edna rend\u00edthetetlen elk\u00f6telezetts\u00e9g\u00e9t a b\u00e9k\u00e9s fejl\u0151d\u00e9s ir\u00e1nt, valamint hatalmas potenci\u00e1lj\u00e1t a glob\u00e1lis b\u00e9ke meg\u0151rz\u00e9s\u00e9ben.\u201d \u201eA katonai par\u00e1d\u00e9 c\u00e9lja annak demonstr\u00e1l\u00e1sa, hogy K\u00edna a glob\u00e1lis b\u00e9ke \u00e9s stabilit\u00e1s \u0151re.\u201d\u00a0\u00a0A k\u00fclf\u00f6ldi m\u00e9dia nagy figyelmet szentelt a jap\u00e1n agresszi\u00f3 elleni k\u00ednai n\u00e9pi ellen\u00e1ll\u00e1si h\u00e1bor\u00faban [&hellip;]","og_url":"https:\/\/kinaikaleidoszkop.hu\/index.php\/2025\/09\/05\/cmg-kommentar-kina-mindig-a-beke-a-stabilitas-es-a-haladas-ereje-lesz-a-vilagban\/","og_site_name":"kinaikaleidoszkop.hu","article_published_time":"2025-09-05T10:12:26+00:00","og_image":[{"width":912,"height":676,"url":"https:\/\/kinaikaleidoszkop.hu\/wp-content\/uploads\/2025\/09\/CMG-kommentar-Kina-mindig-a-beke-a-stabilitas-es-a-haladas-ereje-lesz-a-vilagban.jpg","type":"image\/jpeg"}],"author":"Szerk_Erik","twitter_card":"summary_large_image","twitter_misc":{"Szerz\u0151:":"PestCentrum","Becs\u00fclt olvas\u00e1si id\u0151":"2 perc"},"schema":{"@context":"https:\/\/schema.org","@graph":[{"@type":"WebPage","@id":"https:\/\/kinaikaleidoszkop.hu\/index.php\/2025\/09\/05\/cmg-kommentar-kina-mindig-a-beke-a-stabilitas-es-a-haladas-ereje-lesz-a-vilagban\/","url":"https:\/\/kinaikaleidoszkop.hu\/index.php\/2025\/09\/05\/cmg-kommentar-kina-mindig-a-beke-a-stabilitas-es-a-haladas-ereje-lesz-a-vilagban\/","name":"CMG-komment\u00e1r: K\u00edna mindig a b\u00e9ke, a stabilit\u00e1s \u00e9s a halad\u00e1s ereje lesz a vil\u00e1gban - kinaikaleidoszkop.hu","isPartOf":{"@id":"https:\/\/kinaikaleidoszkop.hu\/#website"},"primaryImageOfPage":{"@id":"https:\/\/kinaikaleidoszkop.hu\/index.php\/2025\/09\/05\/cmg-kommentar-kina-mindig-a-beke-a-stabilitas-es-a-haladas-ereje-lesz-a-vilagban\/#primaryimage"},"image":{"@id":"https:\/\/kinaikaleidoszkop.hu\/index.php\/2025\/09\/05\/cmg-kommentar-kina-mindig-a-beke-a-stabilitas-es-a-haladas-ereje-lesz-a-vilagban\/#primaryimage"},"thumbnailUrl":"https:\/\/kinaikaleidoszkop.hu\/wp-content\/uploads\/2025\/09\/CMG-kommentar-Kina-mindig-a-beke-a-stabilitas-es-a-haladas-ereje-lesz-a-vilagban.jpg","datePublished":"2025-09-05T10:12:26+00:00","dateModified":"2025-09-05T10:12:26+00:00","author":{"@id":"https:\/\/kinaikaleidoszkop.hu\/#\/schema\/person\/4d69b71e7e70322713b9d9287b610556"},"breadcrumb":{"@id":"https:\/\/kinaikaleidoszkop.hu\/index.php\/2025\/09\/05\/cmg-kommentar-kina-mindig-a-beke-a-stabilitas-es-a-haladas-ereje-lesz-a-vilagban\/#breadcrumb"},"inLanguage":"hu","potentialAction":[{"@type":"ReadAction","target":["https:\/\/kinaikaleidoszkop.hu\/index.php\/2025\/09\/05\/cmg-kommentar-kina-mindig-a-beke-a-stabilitas-es-a-haladas-ereje-lesz-a-vilagban\/"]}]},{"@type":"ImageObject","inLanguage":"hu","@id":"https:\/\/kinaikaleidoszkop.hu\/index.php\/2025\/09\/05\/cmg-kommentar-kina-mindig-a-beke-a-stabilitas-es-a-haladas-ereje-lesz-a-vilagban\/#primaryimage","url":"https:\/\/kinaikaleidoszkop.hu\/wp-content\/uploads\/2025\/09\/CMG-kommentar-Kina-mindig-a-beke-a-stabilitas-es-a-haladas-ereje-lesz-a-vilagban.jpg","contentUrl":"https:\/\/kinaikaleidoszkop.hu\/wp-content\/uploads\/2025\/09\/CMG-kommentar-Kina-mindig-a-beke-a-stabilitas-es-a-haladas-ereje-lesz-a-vilagban.jpg","width":912,"height":676},{"@type":"BreadcrumbList","@id":"https:\/\/kinaikaleidoszkop.hu\/index.php\/2025\/09\/05\/cmg-kommentar-kina-mindig-a-beke-a-stabilitas-es-a-haladas-ereje-lesz-a-vilagban\/#breadcrumb","itemListElement":[{"@type":"ListItem","position":1,"name":"Kezd\u0151lap","item":"https:\/\/kinaikaleidoszkop.hu\/"},{"@type":"ListItem","position":2,"name":"CMG-komment\u00e1r: K\u00edna mindig a b\u00e9ke, a stabilit\u00e1s \u00e9s a halad\u00e1s ereje lesz a vil\u00e1gban"}]},{"@type":"WebSite","@id":"https:\/\/kinaikaleidoszkop.hu\/#website","url":"https:\/\/kinaikaleidoszkop.hu\/","name":"kinaikaleidoszkop.hu","description":"","potentialAction":[{"@type":"SearchAction","target":{"@type":"EntryPoint","urlTemplate":"https:\/\/kinaikaleidoszkop.hu\/?s={search_term_string}"},"query-input":{"@type":"PropertyValueSpecification","valueRequired":true,"valueName":"search_term_string"}}],"inLanguage":"hu"},{"@type":"Person","@id":"https:\/\/kinaikaleidoszkop.hu\/#\/schema\/person\/4d69b71e7e70322713b9d9287b610556","name":"Szerk_Erik","image":{"@type":"ImageObject","inLanguage":"hu","@id":"https:\/\/kinaikaleidoszkop.hu\/#\/schema\/person\/image\/","url":"https:\/\/secure.gravatar.com\/avatar\/3c1e909a14c0c91d2eaef877aaacb584c667f8e7137de69653aa9561fd0e8062?s=96&d=mm&r=g","contentUrl":"https:\/\/secure.gravatar.com\/avatar\/3c1e909a14c0c91d2eaef877aaacb584c667f8e7137de69653aa9561fd0e8062?s=96&d=mm&r=g","caption":"Szerk_Erik"},"url":"https:\/\/pestcentrum.hu"}]}},"views":113,"distributor_meta":false,"distributor_terms":false,"distributor_media":false,"distributor_original_site_name":"PestCentrum","distributor_original_site_url":"https:\/\/pestcentrum.hu","push-errors":false,"_links":{"self":[{"href":"https:\/\/kinaikaleidoszkop.hu\/index.php\/wp-json\/wp\/v2\/posts\/26767","targetHints":{"allow":["GET"]}}],"collection":[{"href":"https:\/\/kinaikaleidoszkop.hu\/index.php\/wp-json\/wp\/v2\/posts"}],"about":[{"href":"https:\/\/kinaikaleidoszkop.hu\/index.php\/wp-json\/wp\/v2\/types\/post"}],"author":[{"embeddable":true,"href":"https:\/\/kinaikaleidoszkop.hu\/index.php\/wp-json\/wp\/v2\/users\/7"}],"replies":[{"embeddable":true,"href":"https:\/\/kinaikaleidoszkop.hu\/index.php\/wp-json\/wp\/v2\/comments?post=26767"}],"version-history":[{"count":0,"href":"https:\/\/kinaikaleidoszkop.hu\/index.php\/wp-json\/wp\/v2\/posts\/26767\/revisions"}],"wp:featuredmedia":[{"embeddable":true,"href":"https:\/\/kinaikaleidoszkop.hu\/index.php\/wp-json\/wp\/v2\/media\/26768"}],"wp:attachment":[{"href":"https:\/\/kinaikaleidoszkop.hu\/index.php\/wp-json\/wp\/v2\/media?parent=26767"}],"wp:term":[{"taxonomy":"category","embeddable":true,"href":"https:\/\/kinaikaleidoszkop.hu\/index.php\/wp-json\/wp\/v2\/categories?post=26767"},{"taxonomy":"post_tag","embeddable":true,"href":"https:\/\/kinaikaleidoszkop.hu\/index.php\/wp-json\/wp\/v2\/tags?post=26767"}],"curies":[{"name":"wp","href":"https:\/\/api.w.org\/{rel}","templated":true}]}}