{"id":26937,"date":"2025-09-27T14:09:23","date_gmt":"2025-09-27T12:09:23","guid":{"rendered":"https:\/\/kinaikaleidoszkop.hu\/index.php\/2025\/09\/27\/li-qiang-az-ensz-80-kozgyules-vitajan-szemet-hunyhatunk-e-az-igazsagossagot-es-a-tisztesseget-nyilvanvaloan-serto-atrocitasok-felett\/"},"modified":"2025-10-17T09:23:43","modified_gmt":"2025-10-17T07:23:43","slug":"li-qiang-az-ensz-80-kozgyules-vitajan-szemet-hunyhatunk-e-az-igazsagossagot-es-a-tisztesseget-nyilvanvaloan-serto-atrocitasok-felett","status":"publish","type":"post","link":"https:\/\/kinaikaleidoszkop.hu\/index.php\/2025\/09\/27\/li-qiang-az-ensz-80-kozgyules-vitajan-szemet-hunyhatunk-e-az-igazsagossagot-es-a-tisztesseget-nyilvanvaloan-serto-atrocitasok-felett\/","title":{"rendered":"Li Qiang az ENSZ 80. K\u00f6zgy\u0171l\u00e9s\u00e9nek vit\u00e1j\u00e1n: Szemet hunyhatunk-e az igazs\u00e1goss\u00e1got \u00e9s a tisztess\u00e9get nyilv\u00e1nval\u00f3an s\u00e9rt\u0151 atrocit\u00e1sok felett?"},"content":{"rendered":"\n<p><strong>Helyi id\u0151 szerint szeptember 26-\u00e1n Li Qiang k\u00ednai minisztereln\u00f6k r\u00e9szt vett az ENSZ 80. K\u00f6zgy\u0171l\u00e9s\u00e9nek \u00e1ltal\u00e1nos vit\u00e1j\u00e1n az ENSZ New York-i sz\u00e9kh\u00e1z\u00e1ban, \u00e9s besz\u00e9det mondott.<\/strong><\/p>\n\n\n\n<figure class=\"wp-block-image size-full\"><img decoding=\"async\" src=\"https:\/\/pestcentrum.hu\/wp-content\/uploads\/2025\/09\/0927-1.jpg\" alt=\"\" class=\"wp-image-37531\"\/><\/figure>\n\n\n\n<p>Li Qiang hangs\u00falyozta, hogy az ENSZ alap\u00edt\u00f3 tagjak\u00e9nt K\u00edna akt\u00edvan r\u00e9szt vesz a glob\u00e1lis \u00fcgyekben, \u00e9s az emberi j\u00f3l\u00e9t fokoz\u00e1s\u00e1n dolgozik. Utalt r\u00e1, hogy az elm\u00falt \u00e9vekben Hszi Csin-ping k\u00ednai \u00e1llameln\u00f6k javaslatot tett az emberis\u00e9g sorsk\u00f6z\u00f6ss\u00e9ge ki\u00e9p\u00edt\u00e9s\u00e9nek koncepci\u00f3j\u00e1ra, bejelentette a Glob\u00e1lis Fejleszt\u00e9si Kezdem\u00e9nyez\u00e9st, a Glob\u00e1lis Biztons\u00e1gi Kezdem\u00e9nyez\u00e9st, a Glob\u00e1lis Civiliz\u00e1ci\u00f3i Kezdem\u00e9nyez\u00e9st \u00e9s a Glob\u00e1lis Korm\u00e1nyz\u00e1si Kezdem\u00e9nyez\u00e9st, amelyek mind k\u00ednai b\u00f6lcsess\u00e9ggel \u00e9s megold\u00e1sokkal j\u00e1rulnak hozz\u00e1 a glob\u00e1lis v\u00e1ltoz\u00e1sok kezel\u00e9s\u00e9hez \u00e9s a s\u00fcrget\u0151 kih\u00edv\u00e1sok megold\u00e1s\u00e1hoz. A szeptember h\u00f3nap elej\u00e9n a Sanghaji Egy\u00fcttm\u0171k\u00f6d\u00e9si Szervezet tianjini cs\u00facstal\u00e1lkoz\u00f3j\u00e1n javasolt Glob\u00e1lis Korm\u00e1nyz\u00e1si Kezdem\u00e9nyez\u00e9s hangs\u00falyozza a szuver\u00e9n egyenl\u0151s\u00e9g fenntart\u00e1s\u00e1t, a nemzetk\u00f6zi jog\u00e1llamis\u00e1g betart\u00e1s\u00e1t, a multilateralizmus gyakorl\u00e1s\u00e1t, az emberk\u00f6zpont\u00fa politik\u00e1t \u00e9s a cselekv\u00e9sorient\u00e1lt megk\u00f6zel\u00edt\u00e9st, amely \u00fatmutat\u00e1st \u00e9s fontos utat mutat egy igazs\u00e1gosabb \u00e9s m\u00e9lt\u00e1nyosabb glob\u00e1lis korm\u00e1nyz\u00e1si rendszer ki\u00e9p\u00edt\u00e9s\u00e9hez. Kifejtette, hogy K\u00edna hajland\u00f3 egy\u00fcttm\u0171k\u00f6dni minden f\u00e9llel, hogy \u00f6sszehangolt \u00e9s hat\u00e9kony int\u00e9zked\u00e9seket tegyen a gyakorlatiasabb k\u00e9rd\u00e9sek kezel\u00e9se, valamint a vil\u00e1gb\u00e9ke \u00e9s fejl\u0151d\u00e9s el\u0151mozd\u00edt\u00e1sa \u00e9rdek\u00e9ben.<\/p>\n\n\n\n<p>\u201eA vil\u00e1g j\u00f3zan gondolkod\u00f3 emberei nem tehetnek m\u00e1st, mint hogy megk\u00e9rdezik, a neh\u00e9zs\u00e9gek k\u00f6zepette az emberis\u00e9gnek nem kellene-e jobb lelkiismerettel \u00e9s t\u00f6bb racionalit\u00e1ssal kedvesen b\u00e1nnia egym\u00e1ssal, \u00e9s b\u00e9k\u00e9sen egy\u00fctt \u00e9lnie?\u201d \u2013 fogalmazott felsz\u00f3lal\u00e1s\u00e1ban a k\u00ednai korm\u00e1nyf\u0151. Majd \u00edgy folytatta: \u201eIlyen elviselhetetlen humanit\u00e1rius katasztr\u00f3f\u00e1k k\u00f6zepette szemet hunyhatunk-e az igazs\u00e1goss\u00e1got \u00e9s a tisztess\u00e9get nyilv\u00e1nval\u00f3an s\u00e9rt\u0151 atrocit\u00e1sok felett, \u00e9s hagyhatjuk-e, hogy folytat\u00f3djanak? Csendben kellene maradnunk, \u00e9s a hatalom \u00e1ltal megf\u00e9leml\u00edtve al\u00e1vetn\u00fcnk magunkat a hegem\u00f3nia \u00e9s a zaklat\u00e1s cselekedeteinek, amelyeknek nincs \u00e9rtelme? Hagynunk kellene, hogy el\u0151deink \u00e1ltal az ENSZ l\u00e9trehoz\u00e1sakor kimutatott szenved\u00e9lyt \u00e9s kitart\u00e1st a t\u00f6rt\u00e9nelem szele elsodorja? A k\u00ednai n\u00e9p szerint csak akkor tudunk kitartani, ha sohasem feledj\u00fck el az eredeti sz\u00e1nd\u00e9kunkat. A b\u00e9ke, a halad\u00e1s \u00e9s a fejl\u0151d\u00e9s keres\u00e9se az eredeti sz\u00e1nd\u00e9kunk, \u00e9s ez a k\u00f6z\u00f6s k\u00fczdelm\u00fcnk k\u00fcldet\u00e9se.\u201d<\/p>\n\n\n\n<p>Li Qiang kijelentette, hogy K\u00edna a vil\u00e1g b\u00e9k\u00e9j\u00e9nek \u00e9s biztons\u00e1g\u00e1nak elk\u00f6telezett v\u00e9delmez\u0151je, a glob\u00e1lis k\u00f6z\u00f6s fejl\u0151d\u00e9s fontos el\u0151mozd\u00edt\u00f3ja, a civiliz\u00e1ci\u00f3k k\u00f6z\u00f6tti cser\u00e9k \u00e9s a k\u00f6lcs\u00f6n\u00f6s tanul\u00e1s akt\u00edv gyakorl\u00f3ja, valamint a glob\u00e1lis kih\u00edv\u00e1sok kezel\u00e9s\u00e9nek felel\u0151s r\u00e9sztvev\u0151je. Hangs\u00falyozta, hogy a j\u00f6v\u0151ben is K\u00edna hajland\u00f3 minden f\u00e9llel egy\u00fcttm\u0171k\u00f6dni az ENSZ Alapokm\u00e1ny\u00e1ban szerepl\u0151 c\u00e9lok \u00e9s alapelvek fenntart\u00e1s\u00e1ban, a multilateralizmus szellem\u00e9nek el\u0151mozd\u00edt\u00e1s\u00e1ban, a n\u00e9gy f\u0151 glob\u00e1lis kezdem\u00e9nyez\u00e9s akt\u00edv v\u00e9grehajt\u00e1s\u00e1ban, hogy folyamatosan haladjanak az emberis\u00e9gi sorsk\u00f6z\u00f6ss\u00e9g magasztos c\u00e9lja fel\u00e9.<\/p>\n\n\n\n<p><strong><em>(Qin Liang \u2013 China Media Group)<\/em><\/strong><\/p>\n\n\n\n<p><strong>2025. szeptember 27.<\/strong><\/p>\n\n\n\n<p><strong><em>(x)<\/em><\/strong><\/p>\n","protected":false},"excerpt":{"rendered":"<p>Helyi id\u0151 szerint szeptember 26-\u00e1n Li Qiang k\u00ednai minisztereln\u00f6k r\u00e9szt vett az ENSZ 80. K\u00f6zgy\u0171l\u00e9s\u00e9nek \u00e1ltal\u00e1nos vit\u00e1j\u00e1n az ENSZ New York-i sz\u00e9kh\u00e1z\u00e1ban, \u00e9s besz\u00e9det mondott. Li Qiang hangs\u00falyozta, hogy az ENSZ alap\u00edt\u00f3 tagjak\u00e9nt K\u00edna akt\u00edvan r\u00e9szt vesz a glob\u00e1lis \u00fcgyekben, \u00e9s az emberi j\u00f3l\u00e9t fokoz\u00e1s\u00e1n dolgozik. Utalt r\u00e1, hogy az elm\u00falt \u00e9vekben Hszi Csin-ping k\u00ednai [&hellip;]<\/p>\n","protected":false},"author":7,"featured_media":27081,"comment_status":"closed","ping_status":"","sticky":false,"template":"","format":"standard","meta":{"footnotes":""},"categories":[4797],"tags":[370,325,884,879,2590,436],"class_list":["post-26937","post","type-post","status-publish","format-standard","has-post-thumbnail","hentry","category-egyeb-hirek","tag-beszed","tag-ensz","tag-igazsag","tag-kozgyules","tag-li-qiang","tag-sorskozosseg"],"yoast_head":"<!-- This site is optimized with the Yoast SEO plugin v23.7 - https:\/\/yoast.com\/wordpress\/plugins\/seo\/ -->\n<title>Li Qiang az ENSZ 80. K\u00f6zgy\u0171l\u00e9s\u00e9nek vit\u00e1j\u00e1n: Szemet hunyhatunk-e az igazs\u00e1goss\u00e1got \u00e9s a tisztess\u00e9get nyilv\u00e1nval\u00f3an s\u00e9rt\u0151 atrocit\u00e1sok felett? - kinaikaleidoszkop.hu<\/title>\n<meta name=\"robots\" content=\"index, follow, max-snippet:-1, max-image-preview:large, max-video-preview:-1\" \/>\n<link rel=\"canonical\" href=\"https:\/\/pestcentrum.hu\/2025\/09\/27\/li-qiang-az-ensz-80-kozgyules-vitajan-szemet-hunyhatunk-e-az-igazsagossagot-es-a-tisztesseget-nyilvanvaloan-serto-atrocitasok-felett\/\" \/>\n<meta property=\"og:locale\" content=\"hu_HU\" \/>\n<meta property=\"og:type\" content=\"article\" \/>\n<meta property=\"og:title\" content=\"Li Qiang az ENSZ 80. K\u00f6zgy\u0171l\u00e9s\u00e9nek vit\u00e1j\u00e1n: Szemet hunyhatunk-e az igazs\u00e1goss\u00e1got \u00e9s a tisztess\u00e9get nyilv\u00e1nval\u00f3an s\u00e9rt\u0151 atrocit\u00e1sok felett? - kinaikaleidoszkop.hu\" \/>\n<meta property=\"og:description\" content=\"Helyi id\u0151 szerint szeptember 26-\u00e1n Li Qiang k\u00ednai minisztereln\u00f6k r\u00e9szt vett az ENSZ 80. K\u00f6zgy\u0171l\u00e9s\u00e9nek \u00e1ltal\u00e1nos vit\u00e1j\u00e1n az ENSZ New York-i sz\u00e9kh\u00e1z\u00e1ban, \u00e9s besz\u00e9det mondott. Li Qiang hangs\u00falyozta, hogy az ENSZ alap\u00edt\u00f3 tagjak\u00e9nt K\u00edna akt\u00edvan r\u00e9szt vesz a glob\u00e1lis \u00fcgyekben, \u00e9s az emberi j\u00f3l\u00e9t fokoz\u00e1s\u00e1n dolgozik. Utalt r\u00e1, hogy az elm\u00falt \u00e9vekben Hszi Csin-ping k\u00ednai [&hellip;]\" \/>\n<meta property=\"og:url\" content=\"https:\/\/kinaikaleidoszkop.hu\/index.php\/2025\/09\/27\/li-qiang-az-ensz-80-kozgyules-vitajan-szemet-hunyhatunk-e-az-igazsagossagot-es-a-tisztesseget-nyilvanvaloan-serto-atrocitasok-felett\/\" \/>\n<meta property=\"og:site_name\" content=\"kinaikaleidoszkop.hu\" \/>\n<meta property=\"article:published_time\" content=\"2025-09-27T12:09:23+00:00\" \/>\n<meta property=\"article:modified_time\" content=\"2025-10-17T07:23:43+00:00\" \/>\n<meta property=\"og:image\" content=\"https:\/\/kinaikaleidoszkop.hu\/wp-content\/uploads\/2025\/09\/0927-1.jpg\" \/>\n\t<meta property=\"og:image:width\" content=\"1080\" \/>\n\t<meta property=\"og:image:height\" content=\"864\" \/>\n\t<meta property=\"og:image:type\" content=\"image\/jpeg\" \/>\n<meta name=\"author\" content=\"Szerk_Erik\" \/>\n<meta name=\"twitter:card\" content=\"summary_large_image\" \/>\n<meta name=\"twitter:label1\" content=\"Szerz\u0151:\" \/>\n\t<meta name=\"twitter:data1\" content=\"PestCentrum\" \/>\n\t<meta name=\"twitter:label2\" content=\"Becs\u00fclt olvas\u00e1si id\u0151\" \/>\n\t<meta name=\"twitter:data2\" content=\"3 perc\" \/>\n<script type=\"application\/ld+json\" class=\"yoast-schema-graph\">{\"@context\":\"https:\/\/schema.org\",\"@graph\":[{\"@type\":\"WebPage\",\"@id\":\"https:\/\/kinaikaleidoszkop.hu\/index.php\/2025\/09\/27\/li-qiang-az-ensz-80-kozgyules-vitajan-szemet-hunyhatunk-e-az-igazsagossagot-es-a-tisztesseget-nyilvanvaloan-serto-atrocitasok-felett\/\",\"url\":\"https:\/\/kinaikaleidoszkop.hu\/index.php\/2025\/09\/27\/li-qiang-az-ensz-80-kozgyules-vitajan-szemet-hunyhatunk-e-az-igazsagossagot-es-a-tisztesseget-nyilvanvaloan-serto-atrocitasok-felett\/\",\"name\":\"Li Qiang az ENSZ 80. K\u00f6zgy\u0171l\u00e9s\u00e9nek vit\u00e1j\u00e1n: Szemet hunyhatunk-e az igazs\u00e1goss\u00e1got \u00e9s a tisztess\u00e9get nyilv\u00e1nval\u00f3an s\u00e9rt\u0151 atrocit\u00e1sok felett? - kinaikaleidoszkop.hu\",\"isPartOf\":{\"@id\":\"https:\/\/kinaikaleidoszkop.hu\/#website\"},\"primaryImageOfPage\":{\"@id\":\"https:\/\/kinaikaleidoszkop.hu\/index.php\/2025\/09\/27\/li-qiang-az-ensz-80-kozgyules-vitajan-szemet-hunyhatunk-e-az-igazsagossagot-es-a-tisztesseget-nyilvanvaloan-serto-atrocitasok-felett\/#primaryimage\"},\"image\":{\"@id\":\"https:\/\/kinaikaleidoszkop.hu\/index.php\/2025\/09\/27\/li-qiang-az-ensz-80-kozgyules-vitajan-szemet-hunyhatunk-e-az-igazsagossagot-es-a-tisztesseget-nyilvanvaloan-serto-atrocitasok-felett\/#primaryimage\"},\"thumbnailUrl\":\"https:\/\/kinaikaleidoszkop.hu\/wp-content\/uploads\/2025\/09\/0927-1.jpg\",\"datePublished\":\"2025-09-27T12:09:23+00:00\",\"dateModified\":\"2025-10-17T07:23:43+00:00\",\"author\":{\"@id\":\"https:\/\/kinaikaleidoszkop.hu\/#\/schema\/person\/4d69b71e7e70322713b9d9287b610556\"},\"breadcrumb\":{\"@id\":\"https:\/\/kinaikaleidoszkop.hu\/index.php\/2025\/09\/27\/li-qiang-az-ensz-80-kozgyules-vitajan-szemet-hunyhatunk-e-az-igazsagossagot-es-a-tisztesseget-nyilvanvaloan-serto-atrocitasok-felett\/#breadcrumb\"},\"inLanguage\":\"hu\",\"potentialAction\":[{\"@type\":\"ReadAction\",\"target\":[\"https:\/\/kinaikaleidoszkop.hu\/index.php\/2025\/09\/27\/li-qiang-az-ensz-80-kozgyules-vitajan-szemet-hunyhatunk-e-az-igazsagossagot-es-a-tisztesseget-nyilvanvaloan-serto-atrocitasok-felett\/\"]}]},{\"@type\":\"ImageObject\",\"inLanguage\":\"hu\",\"@id\":\"https:\/\/kinaikaleidoszkop.hu\/index.php\/2025\/09\/27\/li-qiang-az-ensz-80-kozgyules-vitajan-szemet-hunyhatunk-e-az-igazsagossagot-es-a-tisztesseget-nyilvanvaloan-serto-atrocitasok-felett\/#primaryimage\",\"url\":\"https:\/\/kinaikaleidoszkop.hu\/wp-content\/uploads\/2025\/09\/0927-1.jpg\",\"contentUrl\":\"https:\/\/kinaikaleidoszkop.hu\/wp-content\/uploads\/2025\/09\/0927-1.jpg\",\"width\":1080,\"height\":864},{\"@type\":\"BreadcrumbList\",\"@id\":\"https:\/\/kinaikaleidoszkop.hu\/index.php\/2025\/09\/27\/li-qiang-az-ensz-80-kozgyules-vitajan-szemet-hunyhatunk-e-az-igazsagossagot-es-a-tisztesseget-nyilvanvaloan-serto-atrocitasok-felett\/#breadcrumb\",\"itemListElement\":[{\"@type\":\"ListItem\",\"position\":1,\"name\":\"Kezd\u0151lap\",\"item\":\"https:\/\/kinaikaleidoszkop.hu\/\"},{\"@type\":\"ListItem\",\"position\":2,\"name\":\"Li Qiang az ENSZ 80. K\u00f6zgy\u0171l\u00e9s\u00e9nek vit\u00e1j\u00e1n: Szemet hunyhatunk-e az igazs\u00e1goss\u00e1got \u00e9s a tisztess\u00e9get nyilv\u00e1nval\u00f3an s\u00e9rt\u0151 atrocit\u00e1sok felett?\"}]},{\"@type\":\"WebSite\",\"@id\":\"https:\/\/kinaikaleidoszkop.hu\/#website\",\"url\":\"https:\/\/kinaikaleidoszkop.hu\/\",\"name\":\"kinaikaleidoszkop.hu\",\"description\":\"\",\"potentialAction\":[{\"@type\":\"SearchAction\",\"target\":{\"@type\":\"EntryPoint\",\"urlTemplate\":\"https:\/\/kinaikaleidoszkop.hu\/?s={search_term_string}\"},\"query-input\":{\"@type\":\"PropertyValueSpecification\",\"valueRequired\":true,\"valueName\":\"search_term_string\"}}],\"inLanguage\":\"hu\"},{\"@type\":\"Person\",\"@id\":\"https:\/\/kinaikaleidoszkop.hu\/#\/schema\/person\/4d69b71e7e70322713b9d9287b610556\",\"name\":\"Szerk_Erik\",\"image\":{\"@type\":\"ImageObject\",\"inLanguage\":\"hu\",\"@id\":\"https:\/\/kinaikaleidoszkop.hu\/#\/schema\/person\/image\/\",\"url\":\"https:\/\/secure.gravatar.com\/avatar\/3c1e909a14c0c91d2eaef877aaacb584c667f8e7137de69653aa9561fd0e8062?s=96&d=mm&r=g\",\"contentUrl\":\"https:\/\/secure.gravatar.com\/avatar\/3c1e909a14c0c91d2eaef877aaacb584c667f8e7137de69653aa9561fd0e8062?s=96&d=mm&r=g\",\"caption\":\"Szerk_Erik\"},\"url\":\"https:\/\/pestcentrum.hu\"}]}<\/script>\n<!-- \/ Yoast SEO plugin. -->","yoast_head_json":{"title":"Li Qiang az ENSZ 80. K\u00f6zgy\u0171l\u00e9s\u00e9nek vit\u00e1j\u00e1n: Szemet hunyhatunk-e az igazs\u00e1goss\u00e1got \u00e9s a tisztess\u00e9get nyilv\u00e1nval\u00f3an s\u00e9rt\u0151 atrocit\u00e1sok felett? - kinaikaleidoszkop.hu","robots":{"index":"index","follow":"follow","max-snippet":"max-snippet:-1","max-image-preview":"max-image-preview:large","max-video-preview":"max-video-preview:-1"},"canonical":"https:\/\/pestcentrum.hu\/2025\/09\/27\/li-qiang-az-ensz-80-kozgyules-vitajan-szemet-hunyhatunk-e-az-igazsagossagot-es-a-tisztesseget-nyilvanvaloan-serto-atrocitasok-felett\/","og_locale":"hu_HU","og_type":"article","og_title":"Li Qiang az ENSZ 80. K\u00f6zgy\u0171l\u00e9s\u00e9nek vit\u00e1j\u00e1n: Szemet hunyhatunk-e az igazs\u00e1goss\u00e1got \u00e9s a tisztess\u00e9get nyilv\u00e1nval\u00f3an s\u00e9rt\u0151 atrocit\u00e1sok felett? - kinaikaleidoszkop.hu","og_description":"Helyi id\u0151 szerint szeptember 26-\u00e1n Li Qiang k\u00ednai minisztereln\u00f6k r\u00e9szt vett az ENSZ 80. K\u00f6zgy\u0171l\u00e9s\u00e9nek \u00e1ltal\u00e1nos vit\u00e1j\u00e1n az ENSZ New York-i sz\u00e9kh\u00e1z\u00e1ban, \u00e9s besz\u00e9det mondott. Li Qiang hangs\u00falyozta, hogy az ENSZ alap\u00edt\u00f3 tagjak\u00e9nt K\u00edna akt\u00edvan r\u00e9szt vesz a glob\u00e1lis \u00fcgyekben, \u00e9s az emberi j\u00f3l\u00e9t fokoz\u00e1s\u00e1n dolgozik. Utalt r\u00e1, hogy az elm\u00falt \u00e9vekben Hszi Csin-ping k\u00ednai [&hellip;]","og_url":"https:\/\/kinaikaleidoszkop.hu\/index.php\/2025\/09\/27\/li-qiang-az-ensz-80-kozgyules-vitajan-szemet-hunyhatunk-e-az-igazsagossagot-es-a-tisztesseget-nyilvanvaloan-serto-atrocitasok-felett\/","og_site_name":"kinaikaleidoszkop.hu","article_published_time":"2025-09-27T12:09:23+00:00","article_modified_time":"2025-10-17T07:23:43+00:00","og_image":[{"width":1080,"height":864,"url":"https:\/\/kinaikaleidoszkop.hu\/wp-content\/uploads\/2025\/09\/0927-1.jpg","type":"image\/jpeg"}],"author":"Szerk_Erik","twitter_card":"summary_large_image","twitter_misc":{"Szerz\u0151:":"PestCentrum","Becs\u00fclt olvas\u00e1si id\u0151":"3 perc"},"schema":{"@context":"https:\/\/schema.org","@graph":[{"@type":"WebPage","@id":"https:\/\/kinaikaleidoszkop.hu\/index.php\/2025\/09\/27\/li-qiang-az-ensz-80-kozgyules-vitajan-szemet-hunyhatunk-e-az-igazsagossagot-es-a-tisztesseget-nyilvanvaloan-serto-atrocitasok-felett\/","url":"https:\/\/kinaikaleidoszkop.hu\/index.php\/2025\/09\/27\/li-qiang-az-ensz-80-kozgyules-vitajan-szemet-hunyhatunk-e-az-igazsagossagot-es-a-tisztesseget-nyilvanvaloan-serto-atrocitasok-felett\/","name":"Li Qiang az ENSZ 80. K\u00f6zgy\u0171l\u00e9s\u00e9nek vit\u00e1j\u00e1n: Szemet hunyhatunk-e az igazs\u00e1goss\u00e1got \u00e9s a tisztess\u00e9get nyilv\u00e1nval\u00f3an s\u00e9rt\u0151 atrocit\u00e1sok felett? - kinaikaleidoszkop.hu","isPartOf":{"@id":"https:\/\/kinaikaleidoszkop.hu\/#website"},"primaryImageOfPage":{"@id":"https:\/\/kinaikaleidoszkop.hu\/index.php\/2025\/09\/27\/li-qiang-az-ensz-80-kozgyules-vitajan-szemet-hunyhatunk-e-az-igazsagossagot-es-a-tisztesseget-nyilvanvaloan-serto-atrocitasok-felett\/#primaryimage"},"image":{"@id":"https:\/\/kinaikaleidoszkop.hu\/index.php\/2025\/09\/27\/li-qiang-az-ensz-80-kozgyules-vitajan-szemet-hunyhatunk-e-az-igazsagossagot-es-a-tisztesseget-nyilvanvaloan-serto-atrocitasok-felett\/#primaryimage"},"thumbnailUrl":"https:\/\/kinaikaleidoszkop.hu\/wp-content\/uploads\/2025\/09\/0927-1.jpg","datePublished":"2025-09-27T12:09:23+00:00","dateModified":"2025-10-17T07:23:43+00:00","author":{"@id":"https:\/\/kinaikaleidoszkop.hu\/#\/schema\/person\/4d69b71e7e70322713b9d9287b610556"},"breadcrumb":{"@id":"https:\/\/kinaikaleidoszkop.hu\/index.php\/2025\/09\/27\/li-qiang-az-ensz-80-kozgyules-vitajan-szemet-hunyhatunk-e-az-igazsagossagot-es-a-tisztesseget-nyilvanvaloan-serto-atrocitasok-felett\/#breadcrumb"},"inLanguage":"hu","potentialAction":[{"@type":"ReadAction","target":["https:\/\/kinaikaleidoszkop.hu\/index.php\/2025\/09\/27\/li-qiang-az-ensz-80-kozgyules-vitajan-szemet-hunyhatunk-e-az-igazsagossagot-es-a-tisztesseget-nyilvanvaloan-serto-atrocitasok-felett\/"]}]},{"@type":"ImageObject","inLanguage":"hu","@id":"https:\/\/kinaikaleidoszkop.hu\/index.php\/2025\/09\/27\/li-qiang-az-ensz-80-kozgyules-vitajan-szemet-hunyhatunk-e-az-igazsagossagot-es-a-tisztesseget-nyilvanvaloan-serto-atrocitasok-felett\/#primaryimage","url":"https:\/\/kinaikaleidoszkop.hu\/wp-content\/uploads\/2025\/09\/0927-1.jpg","contentUrl":"https:\/\/kinaikaleidoszkop.hu\/wp-content\/uploads\/2025\/09\/0927-1.jpg","width":1080,"height":864},{"@type":"BreadcrumbList","@id":"https:\/\/kinaikaleidoszkop.hu\/index.php\/2025\/09\/27\/li-qiang-az-ensz-80-kozgyules-vitajan-szemet-hunyhatunk-e-az-igazsagossagot-es-a-tisztesseget-nyilvanvaloan-serto-atrocitasok-felett\/#breadcrumb","itemListElement":[{"@type":"ListItem","position":1,"name":"Kezd\u0151lap","item":"https:\/\/kinaikaleidoszkop.hu\/"},{"@type":"ListItem","position":2,"name":"Li Qiang az ENSZ 80. K\u00f6zgy\u0171l\u00e9s\u00e9nek vit\u00e1j\u00e1n: Szemet hunyhatunk-e az igazs\u00e1goss\u00e1got \u00e9s a tisztess\u00e9get nyilv\u00e1nval\u00f3an s\u00e9rt\u0151 atrocit\u00e1sok felett?"}]},{"@type":"WebSite","@id":"https:\/\/kinaikaleidoszkop.hu\/#website","url":"https:\/\/kinaikaleidoszkop.hu\/","name":"kinaikaleidoszkop.hu","description":"","potentialAction":[{"@type":"SearchAction","target":{"@type":"EntryPoint","urlTemplate":"https:\/\/kinaikaleidoszkop.hu\/?s={search_term_string}"},"query-input":{"@type":"PropertyValueSpecification","valueRequired":true,"valueName":"search_term_string"}}],"inLanguage":"hu"},{"@type":"Person","@id":"https:\/\/kinaikaleidoszkop.hu\/#\/schema\/person\/4d69b71e7e70322713b9d9287b610556","name":"Szerk_Erik","image":{"@type":"ImageObject","inLanguage":"hu","@id":"https:\/\/kinaikaleidoszkop.hu\/#\/schema\/person\/image\/","url":"https:\/\/secure.gravatar.com\/avatar\/3c1e909a14c0c91d2eaef877aaacb584c667f8e7137de69653aa9561fd0e8062?s=96&d=mm&r=g","contentUrl":"https:\/\/secure.gravatar.com\/avatar\/3c1e909a14c0c91d2eaef877aaacb584c667f8e7137de69653aa9561fd0e8062?s=96&d=mm&r=g","caption":"Szerk_Erik"},"url":"https:\/\/pestcentrum.hu"}]}},"views":108,"distributor_meta":false,"distributor_terms":false,"distributor_media":false,"distributor_original_site_name":"PestCentrum","distributor_original_site_url":"https:\/\/pestcentrum.hu","push-errors":false,"_links":{"self":[{"href":"https:\/\/kinaikaleidoszkop.hu\/index.php\/wp-json\/wp\/v2\/posts\/26937","targetHints":{"allow":["GET"]}}],"collection":[{"href":"https:\/\/kinaikaleidoszkop.hu\/index.php\/wp-json\/wp\/v2\/posts"}],"about":[{"href":"https:\/\/kinaikaleidoszkop.hu\/index.php\/wp-json\/wp\/v2\/types\/post"}],"author":[{"embeddable":true,"href":"https:\/\/kinaikaleidoszkop.hu\/index.php\/wp-json\/wp\/v2\/users\/7"}],"replies":[{"embeddable":true,"href":"https:\/\/kinaikaleidoszkop.hu\/index.php\/wp-json\/wp\/v2\/comments?post=26937"}],"version-history":[{"count":1,"href":"https:\/\/kinaikaleidoszkop.hu\/index.php\/wp-json\/wp\/v2\/posts\/26937\/revisions"}],"predecessor-version":[{"id":27079,"href":"https:\/\/kinaikaleidoszkop.hu\/index.php\/wp-json\/wp\/v2\/posts\/26937\/revisions\/27079"}],"wp:featuredmedia":[{"embeddable":true,"href":"https:\/\/kinaikaleidoszkop.hu\/index.php\/wp-json\/wp\/v2\/media\/27081"}],"wp:attachment":[{"href":"https:\/\/kinaikaleidoszkop.hu\/index.php\/wp-json\/wp\/v2\/media?parent=26937"}],"wp:term":[{"taxonomy":"category","embeddable":true,"href":"https:\/\/kinaikaleidoszkop.hu\/index.php\/wp-json\/wp\/v2\/categories?post=26937"},{"taxonomy":"post_tag","embeddable":true,"href":"https:\/\/kinaikaleidoszkop.hu\/index.php\/wp-json\/wp\/v2\/tags?post=26937"}],"curies":[{"name":"wp","href":"https:\/\/api.w.org\/{rel}","templated":true}]}}