{"id":27026,"date":"2025-10-11T15:44:55","date_gmt":"2025-10-11T13:44:55","guid":{"rendered":"https:\/\/kinaikaleidoszkop.hu\/index.php\/2025\/10\/11\/kinai-kereskedelmi-miniszterium-kina-ellenlepesei-az-amerikai-kikotoi-dijak-ellen-jogszeru-vedelmi-intezkedesek\/"},"modified":"2025-11-02T14:31:16","modified_gmt":"2025-11-02T13:31:16","slug":"kinai-kereskedelmi-miniszterium-kina-ellenlepesei-az-amerikai-kikotoi-dijak-ellen-jogszeru-vedelmi-intezkedesek","status":"publish","type":"post","link":"https:\/\/kinaikaleidoszkop.hu\/index.php\/2025\/10\/11\/kinai-kereskedelmi-miniszterium-kina-ellenlepesei-az-amerikai-kikotoi-dijak-ellen-jogszeru-vedelmi-intezkedesek\/","title":{"rendered":"K\u00ednai kereskedelmi miniszt\u00e9rium: K\u00edna ellenl\u00e9p\u00e9sei az amerikai kik\u00f6t\u0151i d\u00edjak ellen \u201ejogszer\u0171 v\u00e9delmi\u201d int\u00e9zked\u00e9sek"},"content":{"rendered":"\n<p class=\"wp-block-paragraph\"><strong>A k\u00ednai kereskedelmi miniszt\u00e9rium okt\u00f3ber 10-\u00e9n k\u00f6z\u00f6lte, hogy K\u00edna ellenl\u00e9p\u00e9sei a k\u00ednai haj\u00f3kra kivetett amerikai kik\u00f6t\u0151i d\u00edjak ellen \u201ejogszer\u0171 v\u00e9delmi\u201d int\u00e9zked\u00e9sek, amelyek c\u00e9lja a tisztess\u00e9ges verseny fenntart\u00e1sa a nemzetk\u00f6zi haj\u00f3z\u00e1si \u00e9s haj\u00f3\u00e9p\u00edt\u00e9si piacokon.<\/strong><\/p>\n\n\n<div class=\"wp-block-image\">\n<figure class=\"aligncenter size-full\"><img decoding=\"async\" src=\"https:\/\/pestcentrum.hu\/wp-content\/uploads\/2025\/10\/\u5546\u52a1\u90e8.jpg\" alt=\"\" class=\"wp-image-38198\"\/><\/figure>\n<\/div>\n\n\n<p class=\"wp-block-paragraph\">\u201eAz Egyes\u00fclt \u00c1llamok l\u00e9p\u00e9se tipikus egyoldal\u00fa, l\u00e1that\u00f3an diszkriminat\u00edv term\u00e9szet\u0171 akci\u00f3, amely s\u00falyosan s\u00e9rti a k\u00ednai v\u00e1llalatok \u00e9rdekeit\u201d &#8211; mondta a t\u00e1rca sz\u00f3viv\u0151je egy nyilatkozatban.<\/p>\n\n\n\n<p class=\"wp-block-paragraph\">A sz\u00f3viv\u0151 elmondta, hogy az \u00e9rintett k\u00ednai ipar\u00e1gak \u00e9rdekeinek v\u00e9delm\u00e9re a k\u00ednai hat\u00f3s\u00e1gok k\u00fcl\u00f6n kik\u00f6t\u0151i d\u00edjat vetnek ki az amerikai kapcsolatokkal rendelkez\u0151 haj\u00f3kra, ide\u00e9rtve az amerikai z\u00e1szl\u00f3 alatt k\u00f6zleked\u0151ket, az Egyes\u00fclt \u00c1llamokban \u00e9p\u00edtetteket, vagy amelyeket amerikai v\u00e1llalatok birtokolnak, ir\u00e1ny\u00edtanak vagy \u00fczemeltetnek.&nbsp;<\/p>\n\n\n\n<p class=\"wp-block-paragraph\">Ezek az ellenint\u00e9zked\u00e9sek egyszerre l\u00e9pnek \u00e9letbe a k\u00ednai haj\u00f3kra vonatkoz\u00f3 amerikai tov\u00e1bbi kik\u00f6t\u0151i d\u00edjakkal az okt\u00f3ber 14-i napon \u2013 fogalmazott a sz\u00f3viv\u0151.<\/p>\n\n\n\n<p class=\"wp-block-paragraph\"><strong><em>(Zhou Huiwen &#8211; China Media Group)<\/em><\/strong><\/p>\n\n\n\n<p class=\"wp-block-paragraph\"><strong>2025. okt\u00f3ber 11.<\/strong><\/p>\n\n\n\n<p class=\"wp-block-paragraph\"><strong><em>(x)<\/em><\/strong><\/p>\n","protected":false},"excerpt":{"rendered":"<p>A k\u00ednai kereskedelmi miniszt\u00e9rium okt\u00f3ber 10-\u00e9n k\u00f6z\u00f6lte, hogy K\u00edna ellenl\u00e9p\u00e9sei a k\u00ednai haj\u00f3kra kivetett amerikai kik\u00f6t\u0151i d\u00edjak ellen \u201ejogszer\u0171 v\u00e9delmi\u201d int\u00e9zked\u00e9sek, amelyek c\u00e9lja a tisztess\u00e9ges verseny fenntart\u00e1sa a nemzetk\u00f6zi haj\u00f3z\u00e1si \u00e9s haj\u00f3\u00e9p\u00edt\u00e9si piacokon. \u201eAz Egyes\u00fclt \u00c1llamok l\u00e9p\u00e9se tipikus egyoldal\u00fa, l\u00e1that\u00f3an diszkriminat\u00edv term\u00e9szet\u0171 akci\u00f3, amely s\u00falyosan s\u00e9rti a k\u00ednai v\u00e1llalatok \u00e9rdekeit\u201d &#8211; mondta a t\u00e1rca sz\u00f3viv\u0151je [&hellip;]<\/p>\n","protected":false},"author":7,"featured_media":27312,"comment_status":"closed","ping_status":"","sticky":false,"template":"","format":"standard","meta":{"footnotes":""},"categories":[4797],"tags":[66,4843,1501,3696,742,142],"class_list":["post-27026","post","type-post","status-publish","format-standard","has-post-thumbnail","hentry","category-egyeb-hirek","tag-gazdasag","tag-intezkedesek","tag-kereskedelem","tag-kina","tag-konfliktus","tag-vam"],"yoast_head":"<!-- This site is optimized with the Yoast SEO plugin v23.7 - https:\/\/yoast.com\/wordpress\/plugins\/seo\/ -->\n<title>K\u00ednai kereskedelmi miniszt\u00e9rium: K\u00edna ellenl\u00e9p\u00e9sei az amerikai kik\u00f6t\u0151i d\u00edjak ellen \u201ejogszer\u0171 v\u00e9delmi\u201d int\u00e9zked\u00e9sek - kinaikaleidoszkop.hu<\/title>\n<meta name=\"robots\" content=\"index, follow, max-snippet:-1, max-image-preview:large, max-video-preview:-1\" \/>\n<link rel=\"canonical\" href=\"https:\/\/pestcentrum.hu\/2025\/10\/11\/kinai-kereskedelmi-miniszterium-kina-ellenlepesei-az-amerikai-kikotoi-dijak-ellen-jogszeru-vedelmi-intezkedesek\/\" \/>\n<meta property=\"og:locale\" content=\"hu_HU\" \/>\n<meta property=\"og:type\" content=\"article\" \/>\n<meta property=\"og:title\" content=\"K\u00ednai kereskedelmi miniszt\u00e9rium: K\u00edna ellenl\u00e9p\u00e9sei az amerikai kik\u00f6t\u0151i d\u00edjak ellen \u201ejogszer\u0171 v\u00e9delmi\u201d int\u00e9zked\u00e9sek - kinaikaleidoszkop.hu\" \/>\n<meta property=\"og:description\" content=\"A k\u00ednai kereskedelmi miniszt\u00e9rium okt\u00f3ber 10-\u00e9n k\u00f6z\u00f6lte, hogy K\u00edna ellenl\u00e9p\u00e9sei a k\u00ednai haj\u00f3kra kivetett amerikai kik\u00f6t\u0151i d\u00edjak ellen \u201ejogszer\u0171 v\u00e9delmi\u201d int\u00e9zked\u00e9sek, amelyek c\u00e9lja a tisztess\u00e9ges verseny fenntart\u00e1sa a nemzetk\u00f6zi haj\u00f3z\u00e1si \u00e9s haj\u00f3\u00e9p\u00edt\u00e9si piacokon. \u201eAz Egyes\u00fclt \u00c1llamok l\u00e9p\u00e9se tipikus egyoldal\u00fa, l\u00e1that\u00f3an diszkriminat\u00edv term\u00e9szet\u0171 akci\u00f3, amely s\u00falyosan s\u00e9rti a k\u00ednai v\u00e1llalatok \u00e9rdekeit\u201d &#8211; mondta a t\u00e1rca sz\u00f3viv\u0151je [&hellip;]\" \/>\n<meta property=\"og:url\" content=\"https:\/\/kinaikaleidoszkop.hu\/index.php\/2025\/10\/11\/kinai-kereskedelmi-miniszterium-kina-ellenlepesei-az-amerikai-kikotoi-dijak-ellen-jogszeru-vedelmi-intezkedesek\/\" \/>\n<meta property=\"og:site_name\" content=\"kinaikaleidoszkop.hu\" \/>\n<meta property=\"article:published_time\" content=\"2025-10-11T13:44:55+00:00\" \/>\n<meta property=\"article:modified_time\" content=\"2025-11-02T13:31:16+00:00\" \/>\n<meta property=\"og:image\" content=\"https:\/\/kinaikaleidoszkop.hu\/wp-content\/uploads\/2025\/10\/unnamed-file-4.jpg\" \/>\n\t<meta property=\"og:image:width\" content=\"600\" \/>\n\t<meta property=\"og:image:height\" content=\"401\" \/>\n\t<meta property=\"og:image:type\" content=\"image\/jpeg\" \/>\n<meta name=\"author\" content=\"Szerk_Erik\" \/>\n<meta name=\"twitter:card\" content=\"summary_large_image\" \/>\n<meta name=\"twitter:label1\" content=\"Szerz\u0151:\" \/>\n\t<meta name=\"twitter:data1\" content=\"PestCentrum\" \/>\n\t<meta name=\"twitter:label2\" content=\"Becs\u00fclt olvas\u00e1si id\u0151\" \/>\n\t<meta name=\"twitter:data2\" content=\"2 perc\" \/>\n<script type=\"application\/ld+json\" class=\"yoast-schema-graph\">{\"@context\":\"https:\/\/schema.org\",\"@graph\":[{\"@type\":\"WebPage\",\"@id\":\"https:\/\/kinaikaleidoszkop.hu\/index.php\/2025\/10\/11\/kinai-kereskedelmi-miniszterium-kina-ellenlepesei-az-amerikai-kikotoi-dijak-ellen-jogszeru-vedelmi-intezkedesek\/\",\"url\":\"https:\/\/kinaikaleidoszkop.hu\/index.php\/2025\/10\/11\/kinai-kereskedelmi-miniszterium-kina-ellenlepesei-az-amerikai-kikotoi-dijak-ellen-jogszeru-vedelmi-intezkedesek\/\",\"name\":\"K\u00ednai kereskedelmi miniszt\u00e9rium: K\u00edna ellenl\u00e9p\u00e9sei az amerikai kik\u00f6t\u0151i d\u00edjak ellen \u201ejogszer\u0171 v\u00e9delmi\u201d int\u00e9zked\u00e9sek - kinaikaleidoszkop.hu\",\"isPartOf\":{\"@id\":\"https:\/\/kinaikaleidoszkop.hu\/#website\"},\"primaryImageOfPage\":{\"@id\":\"https:\/\/kinaikaleidoszkop.hu\/index.php\/2025\/10\/11\/kinai-kereskedelmi-miniszterium-kina-ellenlepesei-az-amerikai-kikotoi-dijak-ellen-jogszeru-vedelmi-intezkedesek\/#primaryimage\"},\"image\":{\"@id\":\"https:\/\/kinaikaleidoszkop.hu\/index.php\/2025\/10\/11\/kinai-kereskedelmi-miniszterium-kina-ellenlepesei-az-amerikai-kikotoi-dijak-ellen-jogszeru-vedelmi-intezkedesek\/#primaryimage\"},\"thumbnailUrl\":\"https:\/\/kinaikaleidoszkop.hu\/wp-content\/uploads\/2025\/10\/unnamed-file-4.jpg\",\"datePublished\":\"2025-10-11T13:44:55+00:00\",\"dateModified\":\"2025-11-02T13:31:16+00:00\",\"author\":{\"@id\":\"https:\/\/kinaikaleidoszkop.hu\/#\/schema\/person\/4d69b71e7e70322713b9d9287b610556\"},\"breadcrumb\":{\"@id\":\"https:\/\/kinaikaleidoszkop.hu\/index.php\/2025\/10\/11\/kinai-kereskedelmi-miniszterium-kina-ellenlepesei-az-amerikai-kikotoi-dijak-ellen-jogszeru-vedelmi-intezkedesek\/#breadcrumb\"},\"inLanguage\":\"hu\",\"potentialAction\":[{\"@type\":\"ReadAction\",\"target\":[\"https:\/\/kinaikaleidoszkop.hu\/index.php\/2025\/10\/11\/kinai-kereskedelmi-miniszterium-kina-ellenlepesei-az-amerikai-kikotoi-dijak-ellen-jogszeru-vedelmi-intezkedesek\/\"]}]},{\"@type\":\"ImageObject\",\"inLanguage\":\"hu\",\"@id\":\"https:\/\/kinaikaleidoszkop.hu\/index.php\/2025\/10\/11\/kinai-kereskedelmi-miniszterium-kina-ellenlepesei-az-amerikai-kikotoi-dijak-ellen-jogszeru-vedelmi-intezkedesek\/#primaryimage\",\"url\":\"https:\/\/kinaikaleidoszkop.hu\/wp-content\/uploads\/2025\/10\/unnamed-file-4.jpg\",\"contentUrl\":\"https:\/\/kinaikaleidoszkop.hu\/wp-content\/uploads\/2025\/10\/unnamed-file-4.jpg\",\"width\":600,\"height\":401},{\"@type\":\"BreadcrumbList\",\"@id\":\"https:\/\/kinaikaleidoszkop.hu\/index.php\/2025\/10\/11\/kinai-kereskedelmi-miniszterium-kina-ellenlepesei-az-amerikai-kikotoi-dijak-ellen-jogszeru-vedelmi-intezkedesek\/#breadcrumb\",\"itemListElement\":[{\"@type\":\"ListItem\",\"position\":1,\"name\":\"Kezd\u0151lap\",\"item\":\"https:\/\/kinaikaleidoszkop.hu\/\"},{\"@type\":\"ListItem\",\"position\":2,\"name\":\"K\u00ednai kereskedelmi miniszt\u00e9rium: K\u00edna ellenl\u00e9p\u00e9sei az amerikai kik\u00f6t\u0151i d\u00edjak ellen \u201ejogszer\u0171 v\u00e9delmi\u201d int\u00e9zked\u00e9sek\"}]},{\"@type\":\"WebSite\",\"@id\":\"https:\/\/kinaikaleidoszkop.hu\/#website\",\"url\":\"https:\/\/kinaikaleidoszkop.hu\/\",\"name\":\"kinaikaleidoszkop.hu\",\"description\":\"\",\"potentialAction\":[{\"@type\":\"SearchAction\",\"target\":{\"@type\":\"EntryPoint\",\"urlTemplate\":\"https:\/\/kinaikaleidoszkop.hu\/?s={search_term_string}\"},\"query-input\":{\"@type\":\"PropertyValueSpecification\",\"valueRequired\":true,\"valueName\":\"search_term_string\"}}],\"inLanguage\":\"hu\"},{\"@type\":\"Person\",\"@id\":\"https:\/\/kinaikaleidoszkop.hu\/#\/schema\/person\/4d69b71e7e70322713b9d9287b610556\",\"name\":\"Szerk_Erik\",\"image\":{\"@type\":\"ImageObject\",\"inLanguage\":\"hu\",\"@id\":\"https:\/\/kinaikaleidoszkop.hu\/#\/schema\/person\/image\/\",\"url\":\"https:\/\/secure.gravatar.com\/avatar\/3c1e909a14c0c91d2eaef877aaacb584c667f8e7137de69653aa9561fd0e8062?s=96&d=mm&r=g\",\"contentUrl\":\"https:\/\/secure.gravatar.com\/avatar\/3c1e909a14c0c91d2eaef877aaacb584c667f8e7137de69653aa9561fd0e8062?s=96&d=mm&r=g\",\"caption\":\"Szerk_Erik\"},\"url\":\"https:\/\/pestcentrum.hu\"}]}<\/script>\n<!-- \/ Yoast SEO plugin. -->","yoast_head_json":{"title":"K\u00ednai kereskedelmi miniszt\u00e9rium: K\u00edna ellenl\u00e9p\u00e9sei az amerikai kik\u00f6t\u0151i d\u00edjak ellen \u201ejogszer\u0171 v\u00e9delmi\u201d int\u00e9zked\u00e9sek - kinaikaleidoszkop.hu","robots":{"index":"index","follow":"follow","max-snippet":"max-snippet:-1","max-image-preview":"max-image-preview:large","max-video-preview":"max-video-preview:-1"},"canonical":"https:\/\/pestcentrum.hu\/2025\/10\/11\/kinai-kereskedelmi-miniszterium-kina-ellenlepesei-az-amerikai-kikotoi-dijak-ellen-jogszeru-vedelmi-intezkedesek\/","og_locale":"hu_HU","og_type":"article","og_title":"K\u00ednai kereskedelmi miniszt\u00e9rium: K\u00edna ellenl\u00e9p\u00e9sei az amerikai kik\u00f6t\u0151i d\u00edjak ellen \u201ejogszer\u0171 v\u00e9delmi\u201d int\u00e9zked\u00e9sek - kinaikaleidoszkop.hu","og_description":"A k\u00ednai kereskedelmi miniszt\u00e9rium okt\u00f3ber 10-\u00e9n k\u00f6z\u00f6lte, hogy K\u00edna ellenl\u00e9p\u00e9sei a k\u00ednai haj\u00f3kra kivetett amerikai kik\u00f6t\u0151i d\u00edjak ellen \u201ejogszer\u0171 v\u00e9delmi\u201d int\u00e9zked\u00e9sek, amelyek c\u00e9lja a tisztess\u00e9ges verseny fenntart\u00e1sa a nemzetk\u00f6zi haj\u00f3z\u00e1si \u00e9s haj\u00f3\u00e9p\u00edt\u00e9si piacokon. \u201eAz Egyes\u00fclt \u00c1llamok l\u00e9p\u00e9se tipikus egyoldal\u00fa, l\u00e1that\u00f3an diszkriminat\u00edv term\u00e9szet\u0171 akci\u00f3, amely s\u00falyosan s\u00e9rti a k\u00ednai v\u00e1llalatok \u00e9rdekeit\u201d &#8211; mondta a t\u00e1rca sz\u00f3viv\u0151je [&hellip;]","og_url":"https:\/\/kinaikaleidoszkop.hu\/index.php\/2025\/10\/11\/kinai-kereskedelmi-miniszterium-kina-ellenlepesei-az-amerikai-kikotoi-dijak-ellen-jogszeru-vedelmi-intezkedesek\/","og_site_name":"kinaikaleidoszkop.hu","article_published_time":"2025-10-11T13:44:55+00:00","article_modified_time":"2025-11-02T13:31:16+00:00","og_image":[{"width":600,"height":401,"url":"https:\/\/kinaikaleidoszkop.hu\/wp-content\/uploads\/2025\/10\/unnamed-file-4.jpg","type":"image\/jpeg"}],"author":"Szerk_Erik","twitter_card":"summary_large_image","twitter_misc":{"Szerz\u0151:":"PestCentrum","Becs\u00fclt olvas\u00e1si id\u0151":"2 perc"},"schema":{"@context":"https:\/\/schema.org","@graph":[{"@type":"WebPage","@id":"https:\/\/kinaikaleidoszkop.hu\/index.php\/2025\/10\/11\/kinai-kereskedelmi-miniszterium-kina-ellenlepesei-az-amerikai-kikotoi-dijak-ellen-jogszeru-vedelmi-intezkedesek\/","url":"https:\/\/kinaikaleidoszkop.hu\/index.php\/2025\/10\/11\/kinai-kereskedelmi-miniszterium-kina-ellenlepesei-az-amerikai-kikotoi-dijak-ellen-jogszeru-vedelmi-intezkedesek\/","name":"K\u00ednai kereskedelmi miniszt\u00e9rium: K\u00edna ellenl\u00e9p\u00e9sei az amerikai kik\u00f6t\u0151i d\u00edjak ellen \u201ejogszer\u0171 v\u00e9delmi\u201d int\u00e9zked\u00e9sek - kinaikaleidoszkop.hu","isPartOf":{"@id":"https:\/\/kinaikaleidoszkop.hu\/#website"},"primaryImageOfPage":{"@id":"https:\/\/kinaikaleidoszkop.hu\/index.php\/2025\/10\/11\/kinai-kereskedelmi-miniszterium-kina-ellenlepesei-az-amerikai-kikotoi-dijak-ellen-jogszeru-vedelmi-intezkedesek\/#primaryimage"},"image":{"@id":"https:\/\/kinaikaleidoszkop.hu\/index.php\/2025\/10\/11\/kinai-kereskedelmi-miniszterium-kina-ellenlepesei-az-amerikai-kikotoi-dijak-ellen-jogszeru-vedelmi-intezkedesek\/#primaryimage"},"thumbnailUrl":"https:\/\/kinaikaleidoszkop.hu\/wp-content\/uploads\/2025\/10\/unnamed-file-4.jpg","datePublished":"2025-10-11T13:44:55+00:00","dateModified":"2025-11-02T13:31:16+00:00","author":{"@id":"https:\/\/kinaikaleidoszkop.hu\/#\/schema\/person\/4d69b71e7e70322713b9d9287b610556"},"breadcrumb":{"@id":"https:\/\/kinaikaleidoszkop.hu\/index.php\/2025\/10\/11\/kinai-kereskedelmi-miniszterium-kina-ellenlepesei-az-amerikai-kikotoi-dijak-ellen-jogszeru-vedelmi-intezkedesek\/#breadcrumb"},"inLanguage":"hu","potentialAction":[{"@type":"ReadAction","target":["https:\/\/kinaikaleidoszkop.hu\/index.php\/2025\/10\/11\/kinai-kereskedelmi-miniszterium-kina-ellenlepesei-az-amerikai-kikotoi-dijak-ellen-jogszeru-vedelmi-intezkedesek\/"]}]},{"@type":"ImageObject","inLanguage":"hu","@id":"https:\/\/kinaikaleidoszkop.hu\/index.php\/2025\/10\/11\/kinai-kereskedelmi-miniszterium-kina-ellenlepesei-az-amerikai-kikotoi-dijak-ellen-jogszeru-vedelmi-intezkedesek\/#primaryimage","url":"https:\/\/kinaikaleidoszkop.hu\/wp-content\/uploads\/2025\/10\/unnamed-file-4.jpg","contentUrl":"https:\/\/kinaikaleidoszkop.hu\/wp-content\/uploads\/2025\/10\/unnamed-file-4.jpg","width":600,"height":401},{"@type":"BreadcrumbList","@id":"https:\/\/kinaikaleidoszkop.hu\/index.php\/2025\/10\/11\/kinai-kereskedelmi-miniszterium-kina-ellenlepesei-az-amerikai-kikotoi-dijak-ellen-jogszeru-vedelmi-intezkedesek\/#breadcrumb","itemListElement":[{"@type":"ListItem","position":1,"name":"Kezd\u0151lap","item":"https:\/\/kinaikaleidoszkop.hu\/"},{"@type":"ListItem","position":2,"name":"K\u00ednai kereskedelmi miniszt\u00e9rium: K\u00edna ellenl\u00e9p\u00e9sei az amerikai kik\u00f6t\u0151i d\u00edjak ellen \u201ejogszer\u0171 v\u00e9delmi\u201d int\u00e9zked\u00e9sek"}]},{"@type":"WebSite","@id":"https:\/\/kinaikaleidoszkop.hu\/#website","url":"https:\/\/kinaikaleidoszkop.hu\/","name":"kinaikaleidoszkop.hu","description":"","potentialAction":[{"@type":"SearchAction","target":{"@type":"EntryPoint","urlTemplate":"https:\/\/kinaikaleidoszkop.hu\/?s={search_term_string}"},"query-input":{"@type":"PropertyValueSpecification","valueRequired":true,"valueName":"search_term_string"}}],"inLanguage":"hu"},{"@type":"Person","@id":"https:\/\/kinaikaleidoszkop.hu\/#\/schema\/person\/4d69b71e7e70322713b9d9287b610556","name":"Szerk_Erik","image":{"@type":"ImageObject","inLanguage":"hu","@id":"https:\/\/kinaikaleidoszkop.hu\/#\/schema\/person\/image\/","url":"https:\/\/secure.gravatar.com\/avatar\/3c1e909a14c0c91d2eaef877aaacb584c667f8e7137de69653aa9561fd0e8062?s=96&d=mm&r=g","contentUrl":"https:\/\/secure.gravatar.com\/avatar\/3c1e909a14c0c91d2eaef877aaacb584c667f8e7137de69653aa9561fd0e8062?s=96&d=mm&r=g","caption":"Szerk_Erik"},"url":"https:\/\/pestcentrum.hu"}]}},"views":121,"distributor_meta":false,"distributor_terms":false,"distributor_media":false,"distributor_original_site_name":"PestCentrum","distributor_original_site_url":"https:\/\/pestcentrum.hu","push-errors":false,"_links":{"self":[{"href":"https:\/\/kinaikaleidoszkop.hu\/index.php\/wp-json\/wp\/v2\/posts\/27026","targetHints":{"allow":["GET"]}}],"collection":[{"href":"https:\/\/kinaikaleidoszkop.hu\/index.php\/wp-json\/wp\/v2\/posts"}],"about":[{"href":"https:\/\/kinaikaleidoszkop.hu\/index.php\/wp-json\/wp\/v2\/types\/post"}],"author":[{"embeddable":true,"href":"https:\/\/kinaikaleidoszkop.hu\/index.php\/wp-json\/wp\/v2\/users\/7"}],"replies":[{"embeddable":true,"href":"https:\/\/kinaikaleidoszkop.hu\/index.php\/wp-json\/wp\/v2\/comments?post=27026"}],"version-history":[{"count":1,"href":"https:\/\/kinaikaleidoszkop.hu\/index.php\/wp-json\/wp\/v2\/posts\/27026\/revisions"}],"predecessor-version":[{"id":27310,"href":"https:\/\/kinaikaleidoszkop.hu\/index.php\/wp-json\/wp\/v2\/posts\/27026\/revisions\/27310"}],"wp:featuredmedia":[{"embeddable":true,"href":"https:\/\/kinaikaleidoszkop.hu\/index.php\/wp-json\/wp\/v2\/media\/27312"}],"wp:attachment":[{"href":"https:\/\/kinaikaleidoszkop.hu\/index.php\/wp-json\/wp\/v2\/media?parent=27026"}],"wp:term":[{"taxonomy":"category","embeddable":true,"href":"https:\/\/kinaikaleidoszkop.hu\/index.php\/wp-json\/wp\/v2\/categories?post=27026"},{"taxonomy":"post_tag","embeddable":true,"href":"https:\/\/kinaikaleidoszkop.hu\/index.php\/wp-json\/wp\/v2\/tags?post=27026"}],"curies":[{"name":"wp","href":"https:\/\/api.w.org\/{rel}","templated":true}]}}