{"id":27028,"date":"2025-10-11T15:49:00","date_gmt":"2025-10-11T13:49:00","guid":{"rendered":"https:\/\/kinaikaleidoszkop.hu\/index.php\/2025\/10\/11\/a-14-oteves-terv-idoszakaban-orszagszerte-tobb-mint-240-ezer-regi-varosi-lakonegyedet-ujitottak-fel-kinaban\/"},"modified":"2025-11-02T14:36:58","modified_gmt":"2025-11-02T13:36:58","slug":"a-14-oteves-terv-idoszakaban-orszagszerte-tobb-mint-240-ezer-regi-varosi-lakonegyedet-ujitottak-fel-kinaban","status":"publish","type":"post","link":"https:\/\/kinaikaleidoszkop.hu\/index.php\/2025\/10\/11\/a-14-oteves-terv-idoszakaban-orszagszerte-tobb-mint-240-ezer-regi-varosi-lakonegyedet-ujitottak-fel-kinaban\/","title":{"rendered":"A 14. \u00f6t\u00e9ves terv id\u0151szak\u00e1ban orsz\u00e1gszerte t\u00f6bb mint 240 ezer r\u00e9gi v\u00e1rosi lak\u00f3negyedet \u00faj\u00edtottak fel K\u00edn\u00e1ban"},"content":{"rendered":"\n<p class=\"wp-block-paragraph\"><strong>Okt\u00f3ber 11-\u00e9n reggel 10 \u00f3rakor az \u00c1llamtan\u00e1cs Inform\u00e1ci\u00f3s Hivatala sajt\u00f3t\u00e1j\u00e9koztat\u00f3t tartott \u201eA 14. \u00f6t\u00e9ves terv magas sz\u00ednvonal\u00fa v\u00e9grehajt\u00e1sa\u201d sorozat t\u00e9m\u00e1ja keret\u00e9ben, amelyen bemutatt\u00e1k a 14. \u00f6t\u00e9ves terv id\u0151szak\u00e1ban a lak\u00e1s\u00e9p\u00edt\u00e9s \u00e9s a v\u00e1rosi-vid\u00e9ki fejleszt\u00e9s ter\u00e9n el\u00e9rt eredm\u00e9nyeket.<\/strong><\/p>\n\n\n<div class=\"wp-block-image\">\n<figure class=\"aligncenter size-full\"><img decoding=\"async\" src=\"https:\/\/pestcentrum.hu\/wp-content\/uploads\/2025\/10\/A-14.-oteves-terv-idoszakaban-orszagszerte-tobb-mint-240-ezer-regi-varosi-lakonegyedet-ujitottak-fel-Kinaban.jpg\" alt=\"\" class=\"wp-image-38206\"\/><\/figure>\n<\/div>\n\n\n<p class=\"wp-block-paragraph\">Besz\u00e1moltak arr\u00f3l, hogy a 14. \u00f6t\u00e9ves terv id\u0151szak\u00e1ban orsz\u00e1gszerte 2387 v\u00e1rosi falu fel\u00faj\u00edt\u00e1si projektet hajtottak v\u00e9gre, t\u00f6bb mint 2,3 milli\u00f3 \u00fajratelep\u00edt\u00e9si lak\u00e1st \u00e9p\u00edtve \u00e9s biztos\u00edtva. 175 ezer leromlott \u00e1llapot\u00fa v\u00e1rosi lak\u00e1s fel\u00faj\u00edt\u00e1s\u00e1t kezdt\u00e9k meg.&nbsp;<\/p>\n\n\n\n<p class=\"wp-block-paragraph\">A 14. \u00f6t\u00e9ves terv id\u0151szak\u00e1ban orsz\u00e1gszerte t\u00f6bb mint 240 ezer v\u00e1rosi lak\u00f3telepet \u00faj\u00edtottak fel, ami t\u00f6bb mint 40 milli\u00f3 h\u00e1ztart\u00e1snak \u00e9s 110 milli\u00f3 lakosnak hozott el\u0151ny\u00f6ket. 129 ezer liftet szereltek be \u00e9p\u00fcletekbe, t\u00f6bb mint 3,4 milli\u00f3 parkol\u00f3helyet hoztak l\u00e9tre, \u00e9s 64 ezer k\u00f6z\u00f6ss\u00e9gi l\u00e9tes\u00edtm\u00e9nyt alak\u00edtottak ki id\u0151sgondoz\u00e1s, gyermekgondoz\u00e1s \u00e9s egy\u00e9b szolg\u00e1ltat\u00e1sok c\u00e9lj\u00e1ra. 840 ezer kilom\u00e9ternyi f\u00f6ld alatti v\u00edzell\u00e1t\u00f3, g\u00e1z- \u00e9s f\u0171t\u00e9si h\u00e1l\u00f3zatot korszer\u0171s\u00edtettek. T\u00f6bb mint 18 ezer zsebparkot \u00e9s 25 ezer kilom\u00e9ternyi v\u00e1rosi z\u00f6ldutat alak\u00edtottak ki, ami j\u00f3l mutatja, hogy a c\u00e9lzott beavatkoz\u00e1sok hogyan jav\u00edthatj\u00e1k jelent\u0151sen az emberek \u00e9letk\u00f6r\u00fclm\u00e9nyeit. A 14. \u00f6t\u00e9ves terv id\u0151szak\u00e1ban az orsz\u00e1gszerte \u00fajonnan \u00e9p\u00edtett kereskedelmi lak\u00f3ingatlanok \u00f6sszes\u00edtett \u00e9rt\u00e9kes\u00edt\u00e9si ter\u00fclete megk\u00f6zel\u00edt\u0151leg 5 milli\u00e1rd n\u00e9gyzetm\u00e9tert \u00e9rt el. T\u00f6bb mint 11 milli\u00f3 k\u00fcl\u00f6nb\u00f6z\u0151 t\u00edpus\u00fa megfizethet\u0151 lak\u00e1s \u00e9p\u00fclt \u00e9s ker\u00fclt kioszt\u00e1sra, bele\u00e9rtve a v\u00e1rosi falvak \u00e9s a romos lak\u00e1sok fel\u00faj\u00edt\u00e1si projektjeit, amelyek t\u00f6bb mint 30 milli\u00f3 lakosnak jelentettek el\u0151nyt.<\/p>\n\n\n\n<p class=\"wp-block-paragraph\">A j\u00f6v\u0151ben K\u00edna arra fog t\u00f6rekedni, hogy modern, emberk\u00f6zpont\u00fa v\u00e1rosokat \u00e9p\u00edtsen, amelyek innovat\u00edvak, \u00e9lhet\u0151ek, sz\u00e9pek, ellen\u00e1ll\u00f3ak, civiliz\u00e1ltak \u00e9s intelligensek, \u00e9s folyamatosan kiel\u00e9g\u00edtik az emberek egyre n\u00f6vekv\u0151 ig\u00e9nyeit egy jobb \u00e9letre.<\/p>\n\n\n\n<p class=\"wp-block-paragraph\"><strong><em>(China Media Group)<\/em><\/strong><\/p>\n\n\n\n<p class=\"wp-block-paragraph\"><strong>2025. okt\u00f3ber 11.<\/strong><\/p>\n\n\n\n<p class=\"wp-block-paragraph\"><strong><em>(x)<\/em><\/strong><\/p>\n","protected":false},"excerpt":{"rendered":"<p>Okt\u00f3ber 11-\u00e9n reggel 10 \u00f3rakor az \u00c1llamtan\u00e1cs Inform\u00e1ci\u00f3s Hivatala sajt\u00f3t\u00e1j\u00e9koztat\u00f3t tartott \u201eA 14. \u00f6t\u00e9ves terv magas sz\u00ednvonal\u00fa v\u00e9grehajt\u00e1sa\u201d sorozat t\u00e9m\u00e1ja keret\u00e9ben, amelyen bemutatt\u00e1k a 14. \u00f6t\u00e9ves terv id\u0151szak\u00e1ban a lak\u00e1s\u00e9p\u00edt\u00e9s \u00e9s a v\u00e1rosi-vid\u00e9ki fejleszt\u00e9s ter\u00e9n el\u00e9rt eredm\u00e9nyeket. Besz\u00e1moltak arr\u00f3l, hogy a 14. \u00f6t\u00e9ves terv id\u0151szak\u00e1ban orsz\u00e1gszerte 2387 v\u00e1rosi falu fel\u00faj\u00edt\u00e1si projektet hajtottak v\u00e9gre, t\u00f6bb mint [&hellip;]<\/p>\n","protected":false},"author":7,"featured_media":27315,"comment_status":"closed","ping_status":"","sticky":false,"template":"","format":"standard","meta":{"footnotes":""},"categories":[4797],"tags":[414,5580,66,559,3696,4883],"class_list":["post-27028","post","type-post","status-publish","format-standard","has-post-thumbnail","hentry","category-egyeb-hirek","tag-fejlodes","tag-felujitasok","tag-gazdasag","tag-innovacio","tag-kina","tag-tervezet"],"yoast_head":"<!-- This site is optimized with the Yoast SEO plugin v23.7 - https:\/\/yoast.com\/wordpress\/plugins\/seo\/ -->\n<title>A 14. \u00f6t\u00e9ves terv id\u0151szak\u00e1ban orsz\u00e1gszerte t\u00f6bb mint 240 ezer r\u00e9gi v\u00e1rosi lak\u00f3negyedet \u00faj\u00edtottak fel K\u00edn\u00e1ban - kinaikaleidoszkop.hu<\/title>\n<meta name=\"robots\" content=\"index, follow, max-snippet:-1, max-image-preview:large, max-video-preview:-1\" \/>\n<link rel=\"canonical\" href=\"https:\/\/pestcentrum.hu\/2025\/10\/11\/a-14-oteves-terv-idoszakaban-orszagszerte-tobb-mint-240-ezer-regi-varosi-lakonegyedet-ujitottak-fel-kinaban\/\" \/>\n<meta property=\"og:locale\" content=\"hu_HU\" \/>\n<meta property=\"og:type\" content=\"article\" \/>\n<meta property=\"og:title\" content=\"A 14. \u00f6t\u00e9ves terv id\u0151szak\u00e1ban orsz\u00e1gszerte t\u00f6bb mint 240 ezer r\u00e9gi v\u00e1rosi lak\u00f3negyedet \u00faj\u00edtottak fel K\u00edn\u00e1ban - kinaikaleidoszkop.hu\" \/>\n<meta property=\"og:description\" content=\"Okt\u00f3ber 11-\u00e9n reggel 10 \u00f3rakor az \u00c1llamtan\u00e1cs Inform\u00e1ci\u00f3s Hivatala sajt\u00f3t\u00e1j\u00e9koztat\u00f3t tartott \u201eA 14. \u00f6t\u00e9ves terv magas sz\u00ednvonal\u00fa v\u00e9grehajt\u00e1sa\u201d sorozat t\u00e9m\u00e1ja keret\u00e9ben, amelyen bemutatt\u00e1k a 14. \u00f6t\u00e9ves terv id\u0151szak\u00e1ban a lak\u00e1s\u00e9p\u00edt\u00e9s \u00e9s a v\u00e1rosi-vid\u00e9ki fejleszt\u00e9s ter\u00e9n el\u00e9rt eredm\u00e9nyeket. Besz\u00e1moltak arr\u00f3l, hogy a 14. \u00f6t\u00e9ves terv id\u0151szak\u00e1ban orsz\u00e1gszerte 2387 v\u00e1rosi falu fel\u00faj\u00edt\u00e1si projektet hajtottak v\u00e9gre, t\u00f6bb mint [&hellip;]\" \/>\n<meta property=\"og:url\" content=\"https:\/\/kinaikaleidoszkop.hu\/index.php\/2025\/10\/11\/a-14-oteves-terv-idoszakaban-orszagszerte-tobb-mint-240-ezer-regi-varosi-lakonegyedet-ujitottak-fel-kinaban\/\" \/>\n<meta property=\"og:site_name\" content=\"kinaikaleidoszkop.hu\" \/>\n<meta property=\"article:published_time\" content=\"2025-10-11T13:49:00+00:00\" \/>\n<meta property=\"article:modified_time\" content=\"2025-11-02T13:36:58+00:00\" \/>\n<meta property=\"og:image\" content=\"https:\/\/kinaikaleidoszkop.hu\/wp-content\/uploads\/2025\/10\/A-14.-oteves-terv-idoszakaban-orszagszerte-tobb-mint-240-ezer-regi-varosi-lakonegyedet-ujitottak-fel-Kinaban.jpg\" \/>\n\t<meta property=\"og:image:width\" content=\"600\" \/>\n\t<meta property=\"og:image:height\" content=\"400\" \/>\n\t<meta property=\"og:image:type\" content=\"image\/jpeg\" \/>\n<meta name=\"author\" content=\"Szerk_Erik\" \/>\n<meta name=\"twitter:card\" content=\"summary_large_image\" \/>\n<meta name=\"twitter:label1\" content=\"Szerz\u0151:\" \/>\n\t<meta name=\"twitter:data1\" content=\"PestCentrum\" \/>\n\t<meta name=\"twitter:label2\" content=\"Becs\u00fclt olvas\u00e1si id\u0151\" \/>\n\t<meta name=\"twitter:data2\" content=\"2 perc\" \/>\n<script type=\"application\/ld+json\" class=\"yoast-schema-graph\">{\"@context\":\"https:\/\/schema.org\",\"@graph\":[{\"@type\":\"WebPage\",\"@id\":\"https:\/\/kinaikaleidoszkop.hu\/index.php\/2025\/10\/11\/a-14-oteves-terv-idoszakaban-orszagszerte-tobb-mint-240-ezer-regi-varosi-lakonegyedet-ujitottak-fel-kinaban\/\",\"url\":\"https:\/\/kinaikaleidoszkop.hu\/index.php\/2025\/10\/11\/a-14-oteves-terv-idoszakaban-orszagszerte-tobb-mint-240-ezer-regi-varosi-lakonegyedet-ujitottak-fel-kinaban\/\",\"name\":\"A 14. \u00f6t\u00e9ves terv id\u0151szak\u00e1ban orsz\u00e1gszerte t\u00f6bb mint 240 ezer r\u00e9gi v\u00e1rosi lak\u00f3negyedet \u00faj\u00edtottak fel K\u00edn\u00e1ban - kinaikaleidoszkop.hu\",\"isPartOf\":{\"@id\":\"https:\/\/kinaikaleidoszkop.hu\/#website\"},\"primaryImageOfPage\":{\"@id\":\"https:\/\/kinaikaleidoszkop.hu\/index.php\/2025\/10\/11\/a-14-oteves-terv-idoszakaban-orszagszerte-tobb-mint-240-ezer-regi-varosi-lakonegyedet-ujitottak-fel-kinaban\/#primaryimage\"},\"image\":{\"@id\":\"https:\/\/kinaikaleidoszkop.hu\/index.php\/2025\/10\/11\/a-14-oteves-terv-idoszakaban-orszagszerte-tobb-mint-240-ezer-regi-varosi-lakonegyedet-ujitottak-fel-kinaban\/#primaryimage\"},\"thumbnailUrl\":\"https:\/\/kinaikaleidoszkop.hu\/wp-content\/uploads\/2025\/10\/A-14.-oteves-terv-idoszakaban-orszagszerte-tobb-mint-240-ezer-regi-varosi-lakonegyedet-ujitottak-fel-Kinaban.jpg\",\"datePublished\":\"2025-10-11T13:49:00+00:00\",\"dateModified\":\"2025-11-02T13:36:58+00:00\",\"author\":{\"@id\":\"https:\/\/kinaikaleidoszkop.hu\/#\/schema\/person\/4d69b71e7e70322713b9d9287b610556\"},\"breadcrumb\":{\"@id\":\"https:\/\/kinaikaleidoszkop.hu\/index.php\/2025\/10\/11\/a-14-oteves-terv-idoszakaban-orszagszerte-tobb-mint-240-ezer-regi-varosi-lakonegyedet-ujitottak-fel-kinaban\/#breadcrumb\"},\"inLanguage\":\"hu\",\"potentialAction\":[{\"@type\":\"ReadAction\",\"target\":[\"https:\/\/kinaikaleidoszkop.hu\/index.php\/2025\/10\/11\/a-14-oteves-terv-idoszakaban-orszagszerte-tobb-mint-240-ezer-regi-varosi-lakonegyedet-ujitottak-fel-kinaban\/\"]}]},{\"@type\":\"ImageObject\",\"inLanguage\":\"hu\",\"@id\":\"https:\/\/kinaikaleidoszkop.hu\/index.php\/2025\/10\/11\/a-14-oteves-terv-idoszakaban-orszagszerte-tobb-mint-240-ezer-regi-varosi-lakonegyedet-ujitottak-fel-kinaban\/#primaryimage\",\"url\":\"https:\/\/kinaikaleidoszkop.hu\/wp-content\/uploads\/2025\/10\/A-14.-oteves-terv-idoszakaban-orszagszerte-tobb-mint-240-ezer-regi-varosi-lakonegyedet-ujitottak-fel-Kinaban.jpg\",\"contentUrl\":\"https:\/\/kinaikaleidoszkop.hu\/wp-content\/uploads\/2025\/10\/A-14.-oteves-terv-idoszakaban-orszagszerte-tobb-mint-240-ezer-regi-varosi-lakonegyedet-ujitottak-fel-Kinaban.jpg\",\"width\":600,\"height\":400},{\"@type\":\"BreadcrumbList\",\"@id\":\"https:\/\/kinaikaleidoszkop.hu\/index.php\/2025\/10\/11\/a-14-oteves-terv-idoszakaban-orszagszerte-tobb-mint-240-ezer-regi-varosi-lakonegyedet-ujitottak-fel-kinaban\/#breadcrumb\",\"itemListElement\":[{\"@type\":\"ListItem\",\"position\":1,\"name\":\"Kezd\u0151lap\",\"item\":\"https:\/\/kinaikaleidoszkop.hu\/\"},{\"@type\":\"ListItem\",\"position\":2,\"name\":\"A 14. \u00f6t\u00e9ves terv id\u0151szak\u00e1ban orsz\u00e1gszerte t\u00f6bb mint 240 ezer r\u00e9gi v\u00e1rosi lak\u00f3negyedet \u00faj\u00edtottak fel K\u00edn\u00e1ban\"}]},{\"@type\":\"WebSite\",\"@id\":\"https:\/\/kinaikaleidoszkop.hu\/#website\",\"url\":\"https:\/\/kinaikaleidoszkop.hu\/\",\"name\":\"kinaikaleidoszkop.hu\",\"description\":\"\",\"potentialAction\":[{\"@type\":\"SearchAction\",\"target\":{\"@type\":\"EntryPoint\",\"urlTemplate\":\"https:\/\/kinaikaleidoszkop.hu\/?s={search_term_string}\"},\"query-input\":{\"@type\":\"PropertyValueSpecification\",\"valueRequired\":true,\"valueName\":\"search_term_string\"}}],\"inLanguage\":\"hu\"},{\"@type\":\"Person\",\"@id\":\"https:\/\/kinaikaleidoszkop.hu\/#\/schema\/person\/4d69b71e7e70322713b9d9287b610556\",\"name\":\"Szerk_Erik\",\"image\":{\"@type\":\"ImageObject\",\"inLanguage\":\"hu\",\"@id\":\"https:\/\/kinaikaleidoszkop.hu\/#\/schema\/person\/image\/\",\"url\":\"https:\/\/secure.gravatar.com\/avatar\/3c1e909a14c0c91d2eaef877aaacb584c667f8e7137de69653aa9561fd0e8062?s=96&d=mm&r=g\",\"contentUrl\":\"https:\/\/secure.gravatar.com\/avatar\/3c1e909a14c0c91d2eaef877aaacb584c667f8e7137de69653aa9561fd0e8062?s=96&d=mm&r=g\",\"caption\":\"Szerk_Erik\"},\"url\":\"https:\/\/pestcentrum.hu\"}]}<\/script>\n<!-- \/ Yoast SEO plugin. -->","yoast_head_json":{"title":"A 14. \u00f6t\u00e9ves terv id\u0151szak\u00e1ban orsz\u00e1gszerte t\u00f6bb mint 240 ezer r\u00e9gi v\u00e1rosi lak\u00f3negyedet \u00faj\u00edtottak fel K\u00edn\u00e1ban - kinaikaleidoszkop.hu","robots":{"index":"index","follow":"follow","max-snippet":"max-snippet:-1","max-image-preview":"max-image-preview:large","max-video-preview":"max-video-preview:-1"},"canonical":"https:\/\/pestcentrum.hu\/2025\/10\/11\/a-14-oteves-terv-idoszakaban-orszagszerte-tobb-mint-240-ezer-regi-varosi-lakonegyedet-ujitottak-fel-kinaban\/","og_locale":"hu_HU","og_type":"article","og_title":"A 14. \u00f6t\u00e9ves terv id\u0151szak\u00e1ban orsz\u00e1gszerte t\u00f6bb mint 240 ezer r\u00e9gi v\u00e1rosi lak\u00f3negyedet \u00faj\u00edtottak fel K\u00edn\u00e1ban - kinaikaleidoszkop.hu","og_description":"Okt\u00f3ber 11-\u00e9n reggel 10 \u00f3rakor az \u00c1llamtan\u00e1cs Inform\u00e1ci\u00f3s Hivatala sajt\u00f3t\u00e1j\u00e9koztat\u00f3t tartott \u201eA 14. \u00f6t\u00e9ves terv magas sz\u00ednvonal\u00fa v\u00e9grehajt\u00e1sa\u201d sorozat t\u00e9m\u00e1ja keret\u00e9ben, amelyen bemutatt\u00e1k a 14. \u00f6t\u00e9ves terv id\u0151szak\u00e1ban a lak\u00e1s\u00e9p\u00edt\u00e9s \u00e9s a v\u00e1rosi-vid\u00e9ki fejleszt\u00e9s ter\u00e9n el\u00e9rt eredm\u00e9nyeket. Besz\u00e1moltak arr\u00f3l, hogy a 14. \u00f6t\u00e9ves terv id\u0151szak\u00e1ban orsz\u00e1gszerte 2387 v\u00e1rosi falu fel\u00faj\u00edt\u00e1si projektet hajtottak v\u00e9gre, t\u00f6bb mint [&hellip;]","og_url":"https:\/\/kinaikaleidoszkop.hu\/index.php\/2025\/10\/11\/a-14-oteves-terv-idoszakaban-orszagszerte-tobb-mint-240-ezer-regi-varosi-lakonegyedet-ujitottak-fel-kinaban\/","og_site_name":"kinaikaleidoszkop.hu","article_published_time":"2025-10-11T13:49:00+00:00","article_modified_time":"2025-11-02T13:36:58+00:00","og_image":[{"width":600,"height":400,"url":"https:\/\/kinaikaleidoszkop.hu\/wp-content\/uploads\/2025\/10\/A-14.-oteves-terv-idoszakaban-orszagszerte-tobb-mint-240-ezer-regi-varosi-lakonegyedet-ujitottak-fel-Kinaban.jpg","type":"image\/jpeg"}],"author":"Szerk_Erik","twitter_card":"summary_large_image","twitter_misc":{"Szerz\u0151:":"PestCentrum","Becs\u00fclt olvas\u00e1si id\u0151":"2 perc"},"schema":{"@context":"https:\/\/schema.org","@graph":[{"@type":"WebPage","@id":"https:\/\/kinaikaleidoszkop.hu\/index.php\/2025\/10\/11\/a-14-oteves-terv-idoszakaban-orszagszerte-tobb-mint-240-ezer-regi-varosi-lakonegyedet-ujitottak-fel-kinaban\/","url":"https:\/\/kinaikaleidoszkop.hu\/index.php\/2025\/10\/11\/a-14-oteves-terv-idoszakaban-orszagszerte-tobb-mint-240-ezer-regi-varosi-lakonegyedet-ujitottak-fel-kinaban\/","name":"A 14. \u00f6t\u00e9ves terv id\u0151szak\u00e1ban orsz\u00e1gszerte t\u00f6bb mint 240 ezer r\u00e9gi v\u00e1rosi lak\u00f3negyedet \u00faj\u00edtottak fel K\u00edn\u00e1ban - kinaikaleidoszkop.hu","isPartOf":{"@id":"https:\/\/kinaikaleidoszkop.hu\/#website"},"primaryImageOfPage":{"@id":"https:\/\/kinaikaleidoszkop.hu\/index.php\/2025\/10\/11\/a-14-oteves-terv-idoszakaban-orszagszerte-tobb-mint-240-ezer-regi-varosi-lakonegyedet-ujitottak-fel-kinaban\/#primaryimage"},"image":{"@id":"https:\/\/kinaikaleidoszkop.hu\/index.php\/2025\/10\/11\/a-14-oteves-terv-idoszakaban-orszagszerte-tobb-mint-240-ezer-regi-varosi-lakonegyedet-ujitottak-fel-kinaban\/#primaryimage"},"thumbnailUrl":"https:\/\/kinaikaleidoszkop.hu\/wp-content\/uploads\/2025\/10\/A-14.-oteves-terv-idoszakaban-orszagszerte-tobb-mint-240-ezer-regi-varosi-lakonegyedet-ujitottak-fel-Kinaban.jpg","datePublished":"2025-10-11T13:49:00+00:00","dateModified":"2025-11-02T13:36:58+00:00","author":{"@id":"https:\/\/kinaikaleidoszkop.hu\/#\/schema\/person\/4d69b71e7e70322713b9d9287b610556"},"breadcrumb":{"@id":"https:\/\/kinaikaleidoszkop.hu\/index.php\/2025\/10\/11\/a-14-oteves-terv-idoszakaban-orszagszerte-tobb-mint-240-ezer-regi-varosi-lakonegyedet-ujitottak-fel-kinaban\/#breadcrumb"},"inLanguage":"hu","potentialAction":[{"@type":"ReadAction","target":["https:\/\/kinaikaleidoszkop.hu\/index.php\/2025\/10\/11\/a-14-oteves-terv-idoszakaban-orszagszerte-tobb-mint-240-ezer-regi-varosi-lakonegyedet-ujitottak-fel-kinaban\/"]}]},{"@type":"ImageObject","inLanguage":"hu","@id":"https:\/\/kinaikaleidoszkop.hu\/index.php\/2025\/10\/11\/a-14-oteves-terv-idoszakaban-orszagszerte-tobb-mint-240-ezer-regi-varosi-lakonegyedet-ujitottak-fel-kinaban\/#primaryimage","url":"https:\/\/kinaikaleidoszkop.hu\/wp-content\/uploads\/2025\/10\/A-14.-oteves-terv-idoszakaban-orszagszerte-tobb-mint-240-ezer-regi-varosi-lakonegyedet-ujitottak-fel-Kinaban.jpg","contentUrl":"https:\/\/kinaikaleidoszkop.hu\/wp-content\/uploads\/2025\/10\/A-14.-oteves-terv-idoszakaban-orszagszerte-tobb-mint-240-ezer-regi-varosi-lakonegyedet-ujitottak-fel-Kinaban.jpg","width":600,"height":400},{"@type":"BreadcrumbList","@id":"https:\/\/kinaikaleidoszkop.hu\/index.php\/2025\/10\/11\/a-14-oteves-terv-idoszakaban-orszagszerte-tobb-mint-240-ezer-regi-varosi-lakonegyedet-ujitottak-fel-kinaban\/#breadcrumb","itemListElement":[{"@type":"ListItem","position":1,"name":"Kezd\u0151lap","item":"https:\/\/kinaikaleidoszkop.hu\/"},{"@type":"ListItem","position":2,"name":"A 14. \u00f6t\u00e9ves terv id\u0151szak\u00e1ban orsz\u00e1gszerte t\u00f6bb mint 240 ezer r\u00e9gi v\u00e1rosi lak\u00f3negyedet \u00faj\u00edtottak fel K\u00edn\u00e1ban"}]},{"@type":"WebSite","@id":"https:\/\/kinaikaleidoszkop.hu\/#website","url":"https:\/\/kinaikaleidoszkop.hu\/","name":"kinaikaleidoszkop.hu","description":"","potentialAction":[{"@type":"SearchAction","target":{"@type":"EntryPoint","urlTemplate":"https:\/\/kinaikaleidoszkop.hu\/?s={search_term_string}"},"query-input":{"@type":"PropertyValueSpecification","valueRequired":true,"valueName":"search_term_string"}}],"inLanguage":"hu"},{"@type":"Person","@id":"https:\/\/kinaikaleidoszkop.hu\/#\/schema\/person\/4d69b71e7e70322713b9d9287b610556","name":"Szerk_Erik","image":{"@type":"ImageObject","inLanguage":"hu","@id":"https:\/\/kinaikaleidoszkop.hu\/#\/schema\/person\/image\/","url":"https:\/\/secure.gravatar.com\/avatar\/3c1e909a14c0c91d2eaef877aaacb584c667f8e7137de69653aa9561fd0e8062?s=96&d=mm&r=g","contentUrl":"https:\/\/secure.gravatar.com\/avatar\/3c1e909a14c0c91d2eaef877aaacb584c667f8e7137de69653aa9561fd0e8062?s=96&d=mm&r=g","caption":"Szerk_Erik"},"url":"https:\/\/pestcentrum.hu"}]}},"views":130,"distributor_meta":false,"distributor_terms":false,"distributor_media":false,"distributor_original_site_name":"PestCentrum","distributor_original_site_url":"https:\/\/pestcentrum.hu","push-errors":false,"_links":{"self":[{"href":"https:\/\/kinaikaleidoszkop.hu\/index.php\/wp-json\/wp\/v2\/posts\/27028","targetHints":{"allow":["GET"]}}],"collection":[{"href":"https:\/\/kinaikaleidoszkop.hu\/index.php\/wp-json\/wp\/v2\/posts"}],"about":[{"href":"https:\/\/kinaikaleidoszkop.hu\/index.php\/wp-json\/wp\/v2\/types\/post"}],"author":[{"embeddable":true,"href":"https:\/\/kinaikaleidoszkop.hu\/index.php\/wp-json\/wp\/v2\/users\/7"}],"replies":[{"embeddable":true,"href":"https:\/\/kinaikaleidoszkop.hu\/index.php\/wp-json\/wp\/v2\/comments?post=27028"}],"version-history":[{"count":1,"href":"https:\/\/kinaikaleidoszkop.hu\/index.php\/wp-json\/wp\/v2\/posts\/27028\/revisions"}],"predecessor-version":[{"id":27313,"href":"https:\/\/kinaikaleidoszkop.hu\/index.php\/wp-json\/wp\/v2\/posts\/27028\/revisions\/27313"}],"wp:featuredmedia":[{"embeddable":true,"href":"https:\/\/kinaikaleidoszkop.hu\/index.php\/wp-json\/wp\/v2\/media\/27315"}],"wp:attachment":[{"href":"https:\/\/kinaikaleidoszkop.hu\/index.php\/wp-json\/wp\/v2\/media?parent=27028"}],"wp:term":[{"taxonomy":"category","embeddable":true,"href":"https:\/\/kinaikaleidoszkop.hu\/index.php\/wp-json\/wp\/v2\/categories?post=27028"},{"taxonomy":"post_tag","embeddable":true,"href":"https:\/\/kinaikaleidoszkop.hu\/index.php\/wp-json\/wp\/v2\/tags?post=27028"}],"curies":[{"name":"wp","href":"https:\/\/api.w.org\/{rel}","templated":true}]}}