{"id":27182,"date":"2025-10-27T12:32:11","date_gmt":"2025-10-27T11:32:11","guid":{"rendered":"https:\/\/kinaikaleidoszkop.hu\/index.php\/2025\/10\/27\/li-qiang-kormanyfo-kepviselte-kinat-a-28-asean-plus-kina-japan-es-del-korea-csucstalalkozon\/"},"modified":"2025-10-27T12:32:11","modified_gmt":"2025-10-27T11:32:11","slug":"li-qiang-kormanyfo-kepviselte-kinat-a-28-asean-plus-kina-japan-es-del-korea-csucstalalkozon","status":"publish","type":"post","link":"https:\/\/kinaikaleidoszkop.hu\/index.php\/2025\/10\/27\/li-qiang-kormanyfo-kepviselte-kinat-a-28-asean-plus-kina-japan-es-del-korea-csucstalalkozon\/","title":{"rendered":"Li Qiang korm\u00e1nyf\u0151 k\u00e9pviselte K\u00edn\u00e1t a 28. ASEAN Plus K\u00edna, Jap\u00e1n \u00e9s D\u00e9l-Korea cs\u00facstal\u00e1lkoz\u00f3n"},"content":{"rendered":"<div class=\"wp-block-image\">\n<figure class=\"aligncenter size-full\"><img decoding=\"async\" src=\"https:\/\/pestcentrum.hu\/wp-content\/uploads\/2025\/10\/asean_plus.jpg\" alt=\"\" class=\"wp-image-38957\"\/><\/figure>\n<\/div>\n\n\n<p><strong>Helyi id\u0151 szerint okt\u00f3ber 27-\u00e9n Li Qiang k\u00ednai minisztereln\u00f6k r\u00e9szt vett a 28. ASEAN Plus K\u00edna, Jap\u00e1n \u00e9s D\u00e9l-Korea cs\u00facstal\u00e1lkoz\u00f3n a malajziai Kuala Lumpurban.<\/strong><\/p>\n\n\n\n<p>Li Qiang el\u0151sz\u00f6r is gratul\u00e1lt Kelet-Timornak az ASEAN-ba val\u00f3 hivatalos felv\u00e9tel\u00e9hez. Kijelentette, hogy az elm\u00falt \u00e9vben az ASEAN K\u00edn\u00e1val, Jap\u00e1nnal \u00e9s D\u00e9l-Kore\u00e1val folytatott egy\u00fcttm\u0171k\u00f6d\u00e9se \u00f6sszess\u00e9g\u00e9ben pozit\u00edv lend\u00fcletet vett, ami a kelet-\u00e1zsiai gazdas\u00e1g ellen\u00e1ll\u00f3 k\u00e9pess\u00e9g\u00e9t \u00e9s vitalit\u00e1s\u00e1t bizony\u00edtja. Mint mondta, a nemzetk\u00f6zi gazdas\u00e1gi \u00e9s kereskedelmi k\u00f6rnyezet \u00f6sszetett v\u00e1ltoz\u00e1sainak hat\u00e1s\u00e1ra Kelet-\u00c1zsia gazdas\u00e1ga egyre nagyobb neh\u00e9zs\u00e9gekkel \u00e9s kih\u00edv\u00e1sokkal n\u00e9z szembe, a fejl\u0151d\u00e9s instabilit\u00e1sa \u00e9s bizonytalans\u00e1ga jelent\u0151sen megn\u0151tt. Az elm\u00falt \u00e9vtizedekben Kelet-\u00c1zsia folyamatosan a vil\u00e1g leggyorsabban n\u00f6vekv\u0151 r\u00e9gi\u00f3ja volt, egym\u00e1s ut\u00e1n teremtve a gazdas\u00e1gi csod\u00e1kat \u2013 fogalmazott a k\u00ednai minisztereln\u00f6k.<\/p>\n\n\n\n<p>Li Qiang r\u00e1mutatott, hogy a kelet-\u00e1zsiai csoda nem a m\u00falt\u00e9, hanem most is folytat\u00f3dik. Kifejtette, hogy K\u00edna hajland\u00f3 meger\u0151s\u00edteni a fejleszt\u00e9si strat\u00e9gi\u00e1k \u00f6sszehangol\u00e1s\u00e1t minden f\u00e9llel, ragaszkodni a nyitotts\u00e1ghoz \u00e9s az egy\u00fcttm\u0171k\u00f6d\u00e9shez, folyamatosan kiakn\u00e1zni a gazdas\u00e1gi potenci\u00e1lt, \u00e9s sz\u00e9lesebb fejl\u0151d\u00e9si teret nyitni. Konkr\u00e9tabban javasolta, hogy el\u0151sz\u00f6r is kedvez\u0151 k\u00f6rnyezetet kell teremteni a region\u00e1lis fejl\u0151d\u00e9shez, ragaszkodni kell a n\u00e9zetelt\u00e9r\u00e9sek p\u00e1rbesz\u00e9d \u00e9s konzult\u00e1ci\u00f3 \u00fatj\u00e1n t\u00f6rt\u00e9n\u0151 rendez\u00e9s\u00e9hez, k\u00f6z\u00f6sen meg kell v\u00e9deni a szabadkereskedelmet \u00e9s a multilater\u00e1lis kereskedelmi rendszert, tov\u00e1bb\u00e1 ellenezni kell a protekcionizmus minden form\u00e1j\u00e1t, hogy folyamatosan el\u0151mozd\u00edts\u00e1k a region\u00e1lis gazdas\u00e1gi integr\u00e1ci\u00f3t.<\/p>\n\n\n\n<p>M\u00e1sodszor, el kell m\u00e9ly\u00edteni az egy\u00fcttm\u0171k\u00f6d\u00e9st az ipari l\u00e1ncban \u00e9s az ell\u00e1t\u00e1si l\u00e1ncban, fokozni kell a munkamegoszt\u00e1st \u00e9s az egy\u00fcttm\u0171k\u00f6d\u00e9st, valamint jav\u00edtani sz\u00fcks\u00e9ges a t\u00e9nyez\u0151forgalom hat\u00e9konys\u00e1g\u00e1t.<\/p>\n\n\n\n<p>Harmadszor, k\u00f6z\u00f6sen kell \u00e1polni \u00e9s er\u0151s\u00edteni a fejl\u0151d\u00e9s \u00faj mozgat\u00f3rug\u00f3it, nagyobb t\u00e1mogat\u00e1st kell ny\u00fajtani a tudom\u00e1nyos \u00e9s technol\u00f3giai innov\u00e1ci\u00f3hoz, k\u00f6z\u00f6s tudom\u00e1nyos \u00e9s technol\u00f3giai kutat\u00e1sokat kell v\u00e9gzni, s folyamatosan fejleszteni kell az innov\u00e1ci\u00f3s k\u00e9pess\u00e9geket. Li hangs\u00falyozta, hogy K\u00edna hajland\u00f3 tov\u00e1bbra is elm\u00e9ly\u00edteni az egy\u00fcttm\u0171k\u00f6d\u00e9st a digit\u00e1lis gazdas\u00e1g, az elektromos j\u00e1rm\u0171vek, a tiszta energia \u00e9s m\u00e1s ter\u00fcletek szerepl\u0151ivel, \u00e9s egy\u00fcttm\u0171k\u00f6dni a fejleszt\u00e9si lehet\u0151s\u00e9gek megragad\u00e1s\u00e1ban.<\/p>\n\n\n\n<p>A r\u00e9sztvev\u0151 orsz\u00e1gok vezet\u0151i kijelentett\u00e9k, hogy a jelenlegi, egyre bizonytalanabb \u00e9s egyre er\u0151s\u00f6d\u0151 kereskedelmi protekcionizmussal szembes\u00fcl\u0151 nemzetk\u00f6zi helyzetben a feleknek \u00f6ssze kell fogniuk \u00e9s egy\u00fctt kell m\u0171k\u00f6dni\u00fck, er\u0151s\u00edteni\u00fck kell a region\u00e1lis k\u00f6z\u00f6ss\u00e9gi tudatoss\u00e1got, fenntartani a b\u00e9k\u00e9s \u00e9s stabil k\u00f6rnyezetet \u00e9s a multilater\u00e1lis kereskedelmi rendszert, ragaszkodniuk kell a nyitotts\u00e1ghoz \u00e9s a k\u00f6lcs\u00f6n\u00f6sen el\u0151ny\u00f6s egy\u00fcttm\u0171k\u00f6d\u00e9shez, tov\u00e1bbra is el\u0151 kell mozd\u00edtaniuk az egy\u00fcttm\u0171k\u00f6d\u00e9st a kereskedelem, a beruh\u00e1z\u00e1sok, a p\u00e9nz\u00fcgyek, az \u00e9lelmez\u00e9sbiztons\u00e1g, a z\u00f6ld gazdas\u00e1g, a hum\u00e1n tudom\u00e1nyok, a k\u00f6zeg\u00e9szs\u00e9g\u00fcgy, az \u00e9ghajlatv\u00e1ltoz\u00e1s, a katasztr\u00f3fav\u00e9delem \u00e9s a transznacion\u00e1lis b\u0171n\u00f6z\u00e9s elleni k\u00fczdelem ter\u00fclet\u00e9n, n\u00f6velni\u00fck kell a termel\u00e9si \u00e9s ell\u00e1t\u00e1si l\u00e1ncok ellen\u00e1ll\u00f3 k\u00e9pess\u00e9g\u00e9t, el\u0151 kell mozd\u00edtaniuk a region\u00e1lis \u00f6sszekapcsol\u00f3d\u00e1st \u00e9s a gazdas\u00e1gi integr\u00e1ci\u00f3t, hogy el\u0151mozd\u00edts\u00e1k az innov\u00e1ci\u00f3t, a befogad\u00e1st \u00e9s a fenntarthat\u00f3 fejl\u0151d\u00e9st.<\/p>\n\n\n\n<p><strong><em>(Qin Liang \u2013 China Media Group)<\/em><\/strong><\/p>\n\n\n\n<p><strong>2025. okt\u00f3ber 27.<\/strong><\/p>\n\n\n\n<p><strong><em>(x)<\/em><\/strong><\/p>\n","protected":false},"excerpt":{"rendered":"<p>Helyi id\u0151 szerint okt\u00f3ber 27-\u00e9n Li Qiang k\u00ednai minisztereln\u00f6k r\u00e9szt vett a 28. ASEAN Plus K\u00edna, Jap\u00e1n \u00e9s D\u00e9l-Korea cs\u00facstal\u00e1lkoz\u00f3n a malajziai Kuala Lumpurban. Li Qiang el\u0151sz\u00f6r is gratul\u00e1lt Kelet-Timornak az ASEAN-ba val\u00f3 hivatalos felv\u00e9tel\u00e9hez. Kijelentette, hogy az elm\u00falt \u00e9vben az ASEAN K\u00edn\u00e1val, Jap\u00e1nnal \u00e9s D\u00e9l-Kore\u00e1val folytatott egy\u00fcttm\u0171k\u00f6d\u00e9se \u00f6sszess\u00e9g\u00e9ben pozit\u00edv lend\u00fcletet vett, ami a kelet-\u00e1zsiai [&hellip;]<\/p>\n","protected":false},"author":7,"featured_media":27183,"comment_status":"","ping_status":"","sticky":false,"template":"","format":"standard","meta":{"footnotes":""},"categories":[4797],"tags":[3583,459,273,414,3696,689,5055,2590,4987],"class_list":["post-27182","post","type-post","status-publish","format-standard","has-post-thumbnail","hentry","category-egyeb-hirek","tag-asean","tag-csucstalalkozo","tag-egyuttmukodes","tag-fejlodes","tag-kina","tag-kinai-miniszterelnok","tag-kuala-lumpur","tag-li-qiang","tag-protekcionizmus"],"yoast_head":"<!-- This site is optimized with the Yoast SEO plugin v23.7 - https:\/\/yoast.com\/wordpress\/plugins\/seo\/ -->\n<title>Li Qiang korm\u00e1nyf\u0151 k\u00e9pviselte K\u00edn\u00e1t a 28. ASEAN Plus K\u00edna, Jap\u00e1n \u00e9s D\u00e9l-Korea cs\u00facstal\u00e1lkoz\u00f3n - kinaikaleidoszkop.hu<\/title>\n<meta name=\"robots\" content=\"index, follow, max-snippet:-1, max-image-preview:large, max-video-preview:-1\" \/>\n<link rel=\"canonical\" href=\"https:\/\/pestcentrum.hu\/2025\/10\/27\/li-qiang-kormanyfo-kepviselte-kinat-a-28-asean-plus-kina-japan-es-del-korea-csucstalalkozon\/\" \/>\n<meta property=\"og:locale\" content=\"hu_HU\" \/>\n<meta property=\"og:type\" content=\"article\" \/>\n<meta property=\"og:title\" content=\"Li Qiang korm\u00e1nyf\u0151 k\u00e9pviselte K\u00edn\u00e1t a 28. ASEAN Plus K\u00edna, Jap\u00e1n \u00e9s D\u00e9l-Korea cs\u00facstal\u00e1lkoz\u00f3n - kinaikaleidoszkop.hu\" \/>\n<meta property=\"og:description\" content=\"Helyi id\u0151 szerint okt\u00f3ber 27-\u00e9n Li Qiang k\u00ednai minisztereln\u00f6k r\u00e9szt vett a 28. ASEAN Plus K\u00edna, Jap\u00e1n \u00e9s D\u00e9l-Korea cs\u00facstal\u00e1lkoz\u00f3n a malajziai Kuala Lumpurban. Li Qiang el\u0151sz\u00f6r is gratul\u00e1lt Kelet-Timornak az ASEAN-ba val\u00f3 hivatalos felv\u00e9tel\u00e9hez. Kijelentette, hogy az elm\u00falt \u00e9vben az ASEAN K\u00edn\u00e1val, Jap\u00e1nnal \u00e9s D\u00e9l-Kore\u00e1val folytatott egy\u00fcttm\u0171k\u00f6d\u00e9se \u00f6sszess\u00e9g\u00e9ben pozit\u00edv lend\u00fcletet vett, ami a kelet-\u00e1zsiai [&hellip;]\" \/>\n<meta property=\"og:url\" content=\"https:\/\/kinaikaleidoszkop.hu\/index.php\/2025\/10\/27\/li-qiang-kormanyfo-kepviselte-kinat-a-28-asean-plus-kina-japan-es-del-korea-csucstalalkozon\/\" \/>\n<meta property=\"og:site_name\" content=\"kinaikaleidoszkop.hu\" \/>\n<meta property=\"article:published_time\" content=\"2025-10-27T11:32:11+00:00\" \/>\n<meta property=\"og:image\" content=\"https:\/\/kinaikaleidoszkop.hu\/wp-content\/uploads\/2025\/10\/asean_plus.jpg\" \/>\n\t<meta property=\"og:image:width\" content=\"554\" \/>\n\t<meta property=\"og:image:height\" content=\"407\" \/>\n\t<meta property=\"og:image:type\" content=\"image\/jpeg\" \/>\n<meta name=\"author\" content=\"Szerk_Erik\" \/>\n<meta name=\"twitter:card\" content=\"summary_large_image\" \/>\n<meta name=\"twitter:label1\" content=\"Szerz\u0151:\" \/>\n\t<meta name=\"twitter:data1\" content=\"PestCentrum\" \/>\n\t<meta name=\"twitter:label2\" content=\"Becs\u00fclt olvas\u00e1si id\u0151\" \/>\n\t<meta name=\"twitter:data2\" content=\"3 perc\" \/>\n<script type=\"application\/ld+json\" class=\"yoast-schema-graph\">{\"@context\":\"https:\/\/schema.org\",\"@graph\":[{\"@type\":\"WebPage\",\"@id\":\"https:\/\/kinaikaleidoszkop.hu\/index.php\/2025\/10\/27\/li-qiang-kormanyfo-kepviselte-kinat-a-28-asean-plus-kina-japan-es-del-korea-csucstalalkozon\/\",\"url\":\"https:\/\/kinaikaleidoszkop.hu\/index.php\/2025\/10\/27\/li-qiang-kormanyfo-kepviselte-kinat-a-28-asean-plus-kina-japan-es-del-korea-csucstalalkozon\/\",\"name\":\"Li Qiang korm\u00e1nyf\u0151 k\u00e9pviselte K\u00edn\u00e1t a 28. ASEAN Plus K\u00edna, Jap\u00e1n \u00e9s D\u00e9l-Korea cs\u00facstal\u00e1lkoz\u00f3n - kinaikaleidoszkop.hu\",\"isPartOf\":{\"@id\":\"https:\/\/kinaikaleidoszkop.hu\/#website\"},\"primaryImageOfPage\":{\"@id\":\"https:\/\/kinaikaleidoszkop.hu\/index.php\/2025\/10\/27\/li-qiang-kormanyfo-kepviselte-kinat-a-28-asean-plus-kina-japan-es-del-korea-csucstalalkozon\/#primaryimage\"},\"image\":{\"@id\":\"https:\/\/kinaikaleidoszkop.hu\/index.php\/2025\/10\/27\/li-qiang-kormanyfo-kepviselte-kinat-a-28-asean-plus-kina-japan-es-del-korea-csucstalalkozon\/#primaryimage\"},\"thumbnailUrl\":\"https:\/\/kinaikaleidoszkop.hu\/wp-content\/uploads\/2025\/10\/asean_plus.jpg\",\"datePublished\":\"2025-10-27T11:32:11+00:00\",\"dateModified\":\"2025-10-27T11:32:11+00:00\",\"author\":{\"@id\":\"https:\/\/kinaikaleidoszkop.hu\/#\/schema\/person\/4d69b71e7e70322713b9d9287b610556\"},\"breadcrumb\":{\"@id\":\"https:\/\/kinaikaleidoszkop.hu\/index.php\/2025\/10\/27\/li-qiang-kormanyfo-kepviselte-kinat-a-28-asean-plus-kina-japan-es-del-korea-csucstalalkozon\/#breadcrumb\"},\"inLanguage\":\"hu\",\"potentialAction\":[{\"@type\":\"ReadAction\",\"target\":[\"https:\/\/kinaikaleidoszkop.hu\/index.php\/2025\/10\/27\/li-qiang-kormanyfo-kepviselte-kinat-a-28-asean-plus-kina-japan-es-del-korea-csucstalalkozon\/\"]}]},{\"@type\":\"ImageObject\",\"inLanguage\":\"hu\",\"@id\":\"https:\/\/kinaikaleidoszkop.hu\/index.php\/2025\/10\/27\/li-qiang-kormanyfo-kepviselte-kinat-a-28-asean-plus-kina-japan-es-del-korea-csucstalalkozon\/#primaryimage\",\"url\":\"https:\/\/kinaikaleidoszkop.hu\/wp-content\/uploads\/2025\/10\/asean_plus.jpg\",\"contentUrl\":\"https:\/\/kinaikaleidoszkop.hu\/wp-content\/uploads\/2025\/10\/asean_plus.jpg\",\"width\":554,\"height\":407},{\"@type\":\"BreadcrumbList\",\"@id\":\"https:\/\/kinaikaleidoszkop.hu\/index.php\/2025\/10\/27\/li-qiang-kormanyfo-kepviselte-kinat-a-28-asean-plus-kina-japan-es-del-korea-csucstalalkozon\/#breadcrumb\",\"itemListElement\":[{\"@type\":\"ListItem\",\"position\":1,\"name\":\"Kezd\u0151lap\",\"item\":\"https:\/\/kinaikaleidoszkop.hu\/\"},{\"@type\":\"ListItem\",\"position\":2,\"name\":\"Li Qiang korm\u00e1nyf\u0151 k\u00e9pviselte K\u00edn\u00e1t a 28. ASEAN Plus K\u00edna, Jap\u00e1n \u00e9s D\u00e9l-Korea cs\u00facstal\u00e1lkoz\u00f3n\"}]},{\"@type\":\"WebSite\",\"@id\":\"https:\/\/kinaikaleidoszkop.hu\/#website\",\"url\":\"https:\/\/kinaikaleidoszkop.hu\/\",\"name\":\"kinaikaleidoszkop.hu\",\"description\":\"\",\"potentialAction\":[{\"@type\":\"SearchAction\",\"target\":{\"@type\":\"EntryPoint\",\"urlTemplate\":\"https:\/\/kinaikaleidoszkop.hu\/?s={search_term_string}\"},\"query-input\":{\"@type\":\"PropertyValueSpecification\",\"valueRequired\":true,\"valueName\":\"search_term_string\"}}],\"inLanguage\":\"hu\"},{\"@type\":\"Person\",\"@id\":\"https:\/\/kinaikaleidoszkop.hu\/#\/schema\/person\/4d69b71e7e70322713b9d9287b610556\",\"name\":\"Szerk_Erik\",\"image\":{\"@type\":\"ImageObject\",\"inLanguage\":\"hu\",\"@id\":\"https:\/\/kinaikaleidoszkop.hu\/#\/schema\/person\/image\/\",\"url\":\"https:\/\/secure.gravatar.com\/avatar\/3c1e909a14c0c91d2eaef877aaacb584c667f8e7137de69653aa9561fd0e8062?s=96&d=mm&r=g\",\"contentUrl\":\"https:\/\/secure.gravatar.com\/avatar\/3c1e909a14c0c91d2eaef877aaacb584c667f8e7137de69653aa9561fd0e8062?s=96&d=mm&r=g\",\"caption\":\"Szerk_Erik\"},\"url\":\"https:\/\/pestcentrum.hu\"}]}<\/script>\n<!-- \/ Yoast SEO plugin. -->","yoast_head_json":{"title":"Li Qiang korm\u00e1nyf\u0151 k\u00e9pviselte K\u00edn\u00e1t a 28. ASEAN Plus K\u00edna, Jap\u00e1n \u00e9s D\u00e9l-Korea cs\u00facstal\u00e1lkoz\u00f3n - kinaikaleidoszkop.hu","robots":{"index":"index","follow":"follow","max-snippet":"max-snippet:-1","max-image-preview":"max-image-preview:large","max-video-preview":"max-video-preview:-1"},"canonical":"https:\/\/pestcentrum.hu\/2025\/10\/27\/li-qiang-kormanyfo-kepviselte-kinat-a-28-asean-plus-kina-japan-es-del-korea-csucstalalkozon\/","og_locale":"hu_HU","og_type":"article","og_title":"Li Qiang korm\u00e1nyf\u0151 k\u00e9pviselte K\u00edn\u00e1t a 28. ASEAN Plus K\u00edna, Jap\u00e1n \u00e9s D\u00e9l-Korea cs\u00facstal\u00e1lkoz\u00f3n - kinaikaleidoszkop.hu","og_description":"Helyi id\u0151 szerint okt\u00f3ber 27-\u00e9n Li Qiang k\u00ednai minisztereln\u00f6k r\u00e9szt vett a 28. ASEAN Plus K\u00edna, Jap\u00e1n \u00e9s D\u00e9l-Korea cs\u00facstal\u00e1lkoz\u00f3n a malajziai Kuala Lumpurban. Li Qiang el\u0151sz\u00f6r is gratul\u00e1lt Kelet-Timornak az ASEAN-ba val\u00f3 hivatalos felv\u00e9tel\u00e9hez. Kijelentette, hogy az elm\u00falt \u00e9vben az ASEAN K\u00edn\u00e1val, Jap\u00e1nnal \u00e9s D\u00e9l-Kore\u00e1val folytatott egy\u00fcttm\u0171k\u00f6d\u00e9se \u00f6sszess\u00e9g\u00e9ben pozit\u00edv lend\u00fcletet vett, ami a kelet-\u00e1zsiai [&hellip;]","og_url":"https:\/\/kinaikaleidoszkop.hu\/index.php\/2025\/10\/27\/li-qiang-kormanyfo-kepviselte-kinat-a-28-asean-plus-kina-japan-es-del-korea-csucstalalkozon\/","og_site_name":"kinaikaleidoszkop.hu","article_published_time":"2025-10-27T11:32:11+00:00","og_image":[{"width":554,"height":407,"url":"https:\/\/kinaikaleidoszkop.hu\/wp-content\/uploads\/2025\/10\/asean_plus.jpg","type":"image\/jpeg"}],"author":"Szerk_Erik","twitter_card":"summary_large_image","twitter_misc":{"Szerz\u0151:":"PestCentrum","Becs\u00fclt olvas\u00e1si id\u0151":"3 perc"},"schema":{"@context":"https:\/\/schema.org","@graph":[{"@type":"WebPage","@id":"https:\/\/kinaikaleidoszkop.hu\/index.php\/2025\/10\/27\/li-qiang-kormanyfo-kepviselte-kinat-a-28-asean-plus-kina-japan-es-del-korea-csucstalalkozon\/","url":"https:\/\/kinaikaleidoszkop.hu\/index.php\/2025\/10\/27\/li-qiang-kormanyfo-kepviselte-kinat-a-28-asean-plus-kina-japan-es-del-korea-csucstalalkozon\/","name":"Li Qiang korm\u00e1nyf\u0151 k\u00e9pviselte K\u00edn\u00e1t a 28. ASEAN Plus K\u00edna, Jap\u00e1n \u00e9s D\u00e9l-Korea cs\u00facstal\u00e1lkoz\u00f3n - kinaikaleidoszkop.hu","isPartOf":{"@id":"https:\/\/kinaikaleidoszkop.hu\/#website"},"primaryImageOfPage":{"@id":"https:\/\/kinaikaleidoszkop.hu\/index.php\/2025\/10\/27\/li-qiang-kormanyfo-kepviselte-kinat-a-28-asean-plus-kina-japan-es-del-korea-csucstalalkozon\/#primaryimage"},"image":{"@id":"https:\/\/kinaikaleidoszkop.hu\/index.php\/2025\/10\/27\/li-qiang-kormanyfo-kepviselte-kinat-a-28-asean-plus-kina-japan-es-del-korea-csucstalalkozon\/#primaryimage"},"thumbnailUrl":"https:\/\/kinaikaleidoszkop.hu\/wp-content\/uploads\/2025\/10\/asean_plus.jpg","datePublished":"2025-10-27T11:32:11+00:00","dateModified":"2025-10-27T11:32:11+00:00","author":{"@id":"https:\/\/kinaikaleidoszkop.hu\/#\/schema\/person\/4d69b71e7e70322713b9d9287b610556"},"breadcrumb":{"@id":"https:\/\/kinaikaleidoszkop.hu\/index.php\/2025\/10\/27\/li-qiang-kormanyfo-kepviselte-kinat-a-28-asean-plus-kina-japan-es-del-korea-csucstalalkozon\/#breadcrumb"},"inLanguage":"hu","potentialAction":[{"@type":"ReadAction","target":["https:\/\/kinaikaleidoszkop.hu\/index.php\/2025\/10\/27\/li-qiang-kormanyfo-kepviselte-kinat-a-28-asean-plus-kina-japan-es-del-korea-csucstalalkozon\/"]}]},{"@type":"ImageObject","inLanguage":"hu","@id":"https:\/\/kinaikaleidoszkop.hu\/index.php\/2025\/10\/27\/li-qiang-kormanyfo-kepviselte-kinat-a-28-asean-plus-kina-japan-es-del-korea-csucstalalkozon\/#primaryimage","url":"https:\/\/kinaikaleidoszkop.hu\/wp-content\/uploads\/2025\/10\/asean_plus.jpg","contentUrl":"https:\/\/kinaikaleidoszkop.hu\/wp-content\/uploads\/2025\/10\/asean_plus.jpg","width":554,"height":407},{"@type":"BreadcrumbList","@id":"https:\/\/kinaikaleidoszkop.hu\/index.php\/2025\/10\/27\/li-qiang-kormanyfo-kepviselte-kinat-a-28-asean-plus-kina-japan-es-del-korea-csucstalalkozon\/#breadcrumb","itemListElement":[{"@type":"ListItem","position":1,"name":"Kezd\u0151lap","item":"https:\/\/kinaikaleidoszkop.hu\/"},{"@type":"ListItem","position":2,"name":"Li Qiang korm\u00e1nyf\u0151 k\u00e9pviselte K\u00edn\u00e1t a 28. ASEAN Plus K\u00edna, Jap\u00e1n \u00e9s D\u00e9l-Korea cs\u00facstal\u00e1lkoz\u00f3n"}]},{"@type":"WebSite","@id":"https:\/\/kinaikaleidoszkop.hu\/#website","url":"https:\/\/kinaikaleidoszkop.hu\/","name":"kinaikaleidoszkop.hu","description":"","potentialAction":[{"@type":"SearchAction","target":{"@type":"EntryPoint","urlTemplate":"https:\/\/kinaikaleidoszkop.hu\/?s={search_term_string}"},"query-input":{"@type":"PropertyValueSpecification","valueRequired":true,"valueName":"search_term_string"}}],"inLanguage":"hu"},{"@type":"Person","@id":"https:\/\/kinaikaleidoszkop.hu\/#\/schema\/person\/4d69b71e7e70322713b9d9287b610556","name":"Szerk_Erik","image":{"@type":"ImageObject","inLanguage":"hu","@id":"https:\/\/kinaikaleidoszkop.hu\/#\/schema\/person\/image\/","url":"https:\/\/secure.gravatar.com\/avatar\/3c1e909a14c0c91d2eaef877aaacb584c667f8e7137de69653aa9561fd0e8062?s=96&d=mm&r=g","contentUrl":"https:\/\/secure.gravatar.com\/avatar\/3c1e909a14c0c91d2eaef877aaacb584c667f8e7137de69653aa9561fd0e8062?s=96&d=mm&r=g","caption":"Szerk_Erik"},"url":"https:\/\/pestcentrum.hu"}]}},"views":109,"distributor_meta":false,"distributor_terms":false,"distributor_media":false,"distributor_original_site_name":"PestCentrum","distributor_original_site_url":"https:\/\/pestcentrum.hu","push-errors":false,"_links":{"self":[{"href":"https:\/\/kinaikaleidoszkop.hu\/index.php\/wp-json\/wp\/v2\/posts\/27182","targetHints":{"allow":["GET"]}}],"collection":[{"href":"https:\/\/kinaikaleidoszkop.hu\/index.php\/wp-json\/wp\/v2\/posts"}],"about":[{"href":"https:\/\/kinaikaleidoszkop.hu\/index.php\/wp-json\/wp\/v2\/types\/post"}],"author":[{"embeddable":true,"href":"https:\/\/kinaikaleidoszkop.hu\/index.php\/wp-json\/wp\/v2\/users\/7"}],"replies":[{"embeddable":true,"href":"https:\/\/kinaikaleidoszkop.hu\/index.php\/wp-json\/wp\/v2\/comments?post=27182"}],"version-history":[{"count":0,"href":"https:\/\/kinaikaleidoszkop.hu\/index.php\/wp-json\/wp\/v2\/posts\/27182\/revisions"}],"wp:featuredmedia":[{"embeddable":true,"href":"https:\/\/kinaikaleidoszkop.hu\/index.php\/wp-json\/wp\/v2\/media\/27183"}],"wp:attachment":[{"href":"https:\/\/kinaikaleidoszkop.hu\/index.php\/wp-json\/wp\/v2\/media?parent=27182"}],"wp:term":[{"taxonomy":"category","embeddable":true,"href":"https:\/\/kinaikaleidoszkop.hu\/index.php\/wp-json\/wp\/v2\/categories?post=27182"},{"taxonomy":"post_tag","embeddable":true,"href":"https:\/\/kinaikaleidoszkop.hu\/index.php\/wp-json\/wp\/v2\/tags?post=27182"}],"curies":[{"name":"wp","href":"https:\/\/api.w.org\/{rel}","templated":true}]}}