{"id":27188,"date":"2025-10-28T10:21:44","date_gmt":"2025-10-28T09:21:44","guid":{"rendered":"https:\/\/kinaikaleidoszkop.hu\/?p=27188"},"modified":"2025-10-28T10:21:45","modified_gmt":"2025-10-28T09:21:45","slug":"johannesburgban-tartottak-az-innovacio-nyitottsag-es-kozos-fejlodes-globalis-parbeszed-del-afrikai-ulesszakat","status":"publish","type":"post","link":"https:\/\/kinaikaleidoszkop.hu\/index.php\/2025\/10\/28\/johannesburgban-tartottak-az-innovacio-nyitottsag-es-kozos-fejlodes-globalis-parbeszed-del-afrikai-ulesszakat\/","title":{"rendered":"Johannesburgban tartott\u00e1k az \u201eInnov\u00e1ci\u00f3, nyitotts\u00e1g \u00e9s k\u00f6z\u00f6s fejl\u0151d\u00e9s\u201d glob\u00e1lis p\u00e1rbesz\u00e9d d\u00e9l-afrikai \u00fcl\u00e9sszak\u00e1t"},"content":{"rendered":"<div class=\"wp-block-image\">\n<figure class=\"aligncenter size-full\"><img decoding=\"async\" src=\"https:\/\/pestcentrum.hu\/wp-content\/uploads\/2025\/10\/1028-6-1.jpg\" alt=\"\" class=\"wp-image-38970\"\/><\/figure>\n<\/div>\n\n\n<p><strong>Helyi id\u0151 szerint okt\u00f3ber 27-\u00e9n Johannesburgban rendezt\u00e9k meg a China Media Group (CMG) \u00e1ltal szervezett \u201eInnov\u00e1ci\u00f3, nyitotts\u00e1g \u00e9s k\u00f6z\u00f6s fejl\u0151d\u00e9s\u201d c\u00edm\u0171 glob\u00e1lis p\u00e1rbesz\u00e9d d\u00e9l-afrikai \u00fcl\u00e9sszak\u00e1t. <\/strong><\/p>\n\n\n\n<p>K\u00edna \u00e9s D\u00e9l-Afrika politikai, gazdas\u00e1gi, kultur\u00e1lis, tudom\u00e1nyos \u00e9s m\u00e9diak\u00f6reib\u0151l t\u00f6bb mint 100 vend\u00e9g vett r\u00e9szt a m\u00e9lyrehat\u00f3 megbesz\u00e9l\u00e9seken olyan t\u00e9m\u00e1kr\u00f3l, mint K\u00edna er\u0151fesz\u00edt\u00e9sei a magas szint\u0171 nyit\u00e1s kiterjeszt\u00e9s\u00e9re \u00e9s K\u00edna vil\u00e1ggal val\u00f3 egy\u00fcttm\u0171k\u00f6d\u00e9se egy vir\u00e1gz\u00f3 j\u00f6v\u0151 \u00e9p\u00edt\u00e9se \u00e9rdek\u00e9ben.<\/p>\n\n\n<div class=\"wp-block-image\">\n<figure class=\"aligncenter size-full\"><img decoding=\"async\" src=\"https:\/\/pestcentrum.hu\/wp-content\/uploads\/2025\/10\/1028-6-2.jpg\" alt=\"\" class=\"wp-image-38971\"\/><\/figure>\n<\/div>\n\n\n<p>Shen Haixiong, a K\u00ednai Kommunista P\u00e1rt K\u00f6zponti Bizotts\u00e1ga Propagandaoszt\u00e1ly\u00e1nak helyettes vezet\u0151je, egyben a CMG eln\u00f6ke videobesz\u00e9d\u00e9ben kijelentette, hogy a K\u00ednai Kommunista P\u00e1rt 20. K\u00f6zponti Bizotts\u00e1g\u00e1nak nagy v\u00e1rakoz\u00e1ssal v\u00e1rt negyedik plen\u00e1ris \u00fcl\u00e9se sikeresen z\u00e1rult Pekingben, ami \u00fajabb fontos m\u00e9rf\u00f6ldk\u00f6vet jelent K\u00edna sz\u00e1m\u00e1ra az \u00faj korszakban. A vil\u00e1g legnagyobb, legv\u00e1ltozatosabb kiad\u00e1si m\u00f3d\u00fa \u00e9s legkiterjedtebb \u00e1tfog\u00f3 nemzetk\u00f6zi m\u00e9diaplatformjak\u00e9nt a CMG nemzetk\u00f6zi kommunik\u00e1ci\u00f3s el\u0151nyeit \u2013 bele\u00e9rtve a 85 nyelvet, a CGTN integr\u00e1lt m\u00e9diaplatformj\u00e1t \u00e9s a 192 k\u00fclf\u00f6ldi \u00e1llom\u00e1st \u2013 ki fogja haszn\u00e1lni, hogy elmes\u00e9lje K\u00edna t\u00f6rt\u00e9neteit a vil\u00e1gnak, bemutassa az \u00faj lehet\u0151s\u00e9geket K\u00edn\u00e1ban, \u00e9s megossza a k\u00ednai st\u00edlus\u00fa moderniz\u00e1ci\u00f3 sz\u00e9lesk\u00f6r\u0171 kil\u00e1t\u00e1sait a vil\u00e1ggal \u2013 mondta Shen Haixiong.<\/p>\n\n\n<div class=\"wp-block-image\">\n<figure class=\"aligncenter size-full\"><img decoding=\"async\" src=\"https:\/\/pestcentrum.hu\/wp-content\/uploads\/2025\/10\/1028-6-3.jpg\" alt=\"\" class=\"wp-image-38972\"\/><\/figure>\n<\/div>\n\n\n<p>Dr. Blade Nzimande d\u00e9l-afrikai tudom\u00e1nyos, technol\u00f3giai \u00e9s innov\u00e1ci\u00f3s miniszter videobesz\u00e9d\u00e9ben kijelentette, hogy a nemzetk\u00f6zi k\u00f6z\u00f6ss\u00e9g nagy lelkesed\u00e9ssel k\u00f6veti K\u00edna fejl\u0151d\u00e9s\u00e9t, k\u00fcl\u00f6n\u00f6sen a K\u00ednai Kommunista P\u00e1rt 20. K\u00f6zponti Bizotts\u00e1g\u00e1nak nemr\u00e9giben tartott negyedik plen\u00e1ris \u00fcl\u00e9s\u00e9t. K\u00edna az \u00f6t\u00e9ves terveinek tudom\u00e1nyos megfogalmaz\u00e1s\u00e1val \u00e9s folyamatos v\u00e9grehajt\u00e1s\u00e1val bizony\u00edtotta az \u00f6sszehangolt fejleszt\u00e9s strat\u00e9giai b\u00f6lcsess\u00e9g\u00e9t, \u00e9s a glob\u00e1lis kih\u00edv\u00e1sokkal szemben K\u00edna gazdas\u00e1ga a trenddel ellent\u00e9tes n\u00f6veked\u00e9st \u00e9rt el, er\u0151s lend\u00fcletet adva a glob\u00e1lis gazdas\u00e1gnak, mondta Dr. Blade Nzimande, majd kifejtette, hogy a d\u00e9l-afrikai korm\u00e1ny nagy jelent\u0151s\u00e9get tulajdon\u00edt a K\u00edn\u00e1val val\u00f3 egy\u00fcttm\u0171k\u00f6d\u00e9snek a tudom\u00e1nyos \u00e9s technol\u00f3giai innov\u00e1ci\u00f3 ter\u00fclet\u00e9n, K\u00edn\u00e1t a glob\u00e1lis gazdas\u00e1gi fejl\u0151d\u00e9s kulcsfontoss\u00e1g\u00fa motorj\u00e1nak \u00e9s D\u00e9l-Afrika n\u00e9lk\u00fcl\u00f6zhetetlen partner\u00e9nek tekinti a tudom\u00e1ny \u00e9s a technol\u00f3gia ter\u00fclet\u00e9n.<\/p>\n\n\n<div class=\"wp-block-image\">\n<figure class=\"aligncenter size-full\"><img decoding=\"async\" src=\"https:\/\/pestcentrum.hu\/wp-content\/uploads\/2025\/10\/1028-6-4.jpg\" alt=\"\" class=\"wp-image-38973\"\/><\/figure>\n<\/div>\n\n\n<p>Wu Peng, K\u00edna d\u00e9l-afrikai nagyk\u00f6vete kijelentette, hogy a K\u00ednai Kommunista P\u00e1rt 20. K\u00f6zponti Bizotts\u00e1g\u00e1nak negyedik plen\u00e1ris \u00fcl\u00e9se glob\u00e1lis figyelmet keltett \u00e9s vil\u00e1gszerte visszhangot v\u00e1ltott ki, \u00e9s a mostani glob\u00e1lis p\u00e1rbesz\u00e9d \u00f6sszeh\u00edv\u00e1sa D\u00e9l-Afrik\u00e1ban id\u0151szer\u0171. K\u00edna hajland\u00f3 egy\u00fcttm\u0171k\u00f6dni D\u00e9l-Afrik\u00e1val az egys\u00e9g, az egy\u00fcttm\u0171k\u00f6d\u00e9s, a nyitotts\u00e1g, a befogad\u00e1s, a k\u00f6lcs\u00f6n\u00f6s el\u0151ny\u00f6k \u00e9s a \u201ewin-win&#8221; szellem\u00e9ben, biztos\u00edtva, hogy a k\u00e9zzelfoghat\u00f3 fejleszt\u00e9si eredm\u00e9nyek mindk\u00e9t orsz\u00e1g n\u00e9pe sz\u00e1m\u00e1ra el\u0151ny\u00f6sek legyenek, \u00e9s t\u00f6bb \u00faj lehet\u0151s\u00e9get teremtsenek a vil\u00e1g j\u00f6v\u0151beli j\u00f3l\u00e9te \u00e9rdek\u00e9ben \u2013 fogalmazott Wu Peng.<\/p>\n\n\n<div class=\"wp-block-image\">\n<figure class=\"aligncenter size-full\"><img decoding=\"async\" src=\"https:\/\/pestcentrum.hu\/wp-content\/uploads\/2025\/10\/1028-6-5-scaled.jpg\" alt=\"\" class=\"wp-image-38974\"\/><\/figure>\n<\/div>\n\n\n<p>A p\u00e1rbesz\u00e9d \u00e9s csereprogram sor\u00e1n a Johannesburgi Egyetemr\u0151l, a Witwatersrandi Egyetemr\u0151l \u00e9s a D\u00e9l-afrikai Egyetemr\u0151l \u00e9rkezett hallgat\u00f3k \u00e9l\u00e9nk besz\u00e9lget\u00e9seket folytattak a helysz\u00ednen a vend\u00e9gekkel olyan t\u00e9m\u00e1kr\u00f3l, mint a tudom\u00e1nyos \u00e9s technol\u00f3giai innov\u00e1ci\u00f3, az ifj\u00fas\u00e1gfejleszt\u00e9s, a z\u00f6ld \u00e1talakul\u00e1s \u00e9s a v\u00e1llalati egy\u00fcttm\u0171k\u00f6d\u00e9s.<\/p>\n\n\n<div class=\"wp-block-image\">\n<figure class=\"aligncenter size-full\"><img decoding=\"async\" src=\"https:\/\/pestcentrum.hu\/wp-content\/uploads\/2025\/10\/1028-6-6.jpg\" alt=\"\" class=\"wp-image-38975\"\/><\/figure>\n<\/div>\n\n\n<p>A rendezv\u00e9nyen a vend\u00e9gek megtekinthett\u00e9k a CMG \u201eK\u00edna moderniz\u00e1ci\u00f3s \u00fatja\u201d c\u00edm\u0171 dokumentumfilmj\u00e9nek prom\u00f3ci\u00f3s vide\u00f3j\u00e1t, valamint a CMG pr\u00e9mium m\u0171sor\u00e1b\u00f3l, a \u201eK\u00ednai Tudom\u00e1nyos \u00e9s Technol\u00f3giai Innov\u00e1ci\u00f3s \u00dcnneps\u00e9g\u201d-b\u0151l v\u00e1logatott r\u00e9szeket, amelyek K\u00edna \u00e9lvonalbeli tudom\u00e1nyos \u00e9s technol\u00f3giai innov\u00e1ci\u00f3s eredm\u00e9nyeinek bemutat\u00e1s\u00e1ra \u00f6sszpontos\u00edtanak.<\/p>\n\n\n\n<p><strong><em>(Qin Liang \u2013 China Media Group)<\/em><\/strong><\/p>\n\n\n\n<p><strong>2025. okt\u00f3ber 28.<\/strong><\/p>\n\n\n\n<p><strong><em>(x)<\/em><\/strong><\/p>\n","protected":false},"excerpt":{"rendered":"<p>Helyi id\u0151 szerint okt\u00f3ber 27-\u00e9n Johannesburgban rendezt\u00e9k meg a China Media Group (CMG) \u00e1ltal szervezett \u201eInnov\u00e1ci\u00f3, nyitotts\u00e1g \u00e9s k\u00f6z\u00f6s fejl\u0151d\u00e9s\u201d c\u00edm\u0171 glob\u00e1lis p\u00e1rbesz\u00e9d d\u00e9l-afrikai \u00fcl\u00e9sszak\u00e1t. K\u00edna \u00e9s D\u00e9l-Afrika politikai, gazdas\u00e1gi, kultur\u00e1lis, tudom\u00e1nyos \u00e9s m\u00e9diak\u00f6reib\u0151l t\u00f6bb mint 100 vend\u00e9g vett r\u00e9szt a m\u00e9lyrehat\u00f3 megbesz\u00e9l\u00e9seken olyan t\u00e9m\u00e1kr\u00f3l, mint K\u00edna er\u0151fesz\u00edt\u00e9sei a magas szint\u0171 nyit\u00e1s kiterjeszt\u00e9s\u00e9re \u00e9s K\u00edna [&hellip;]<\/p>\n","protected":false},"author":2,"featured_media":27190,"comment_status":"closed","ping_status":"closed","sticky":false,"template":"","format":"standard","meta":{"footnotes":""},"categories":[4797],"tags":[2877,273,456,4956,2898,3696,444,3099],"class_list":["post-27188","post","type-post","status-publish","format-standard","has-post-thumbnail","hentry","category-egyeb-hirek","tag-del-afrika","tag-egyuttmukodes","tag-gazdasagi-fejlodes","tag-globalis-parbeszed","tag-johannesburg","tag-kina","tag-shen-haixiong","tag-technologiai-innovacio"],"yoast_head":"<!-- This site is optimized with the Yoast SEO plugin v23.7 - https:\/\/yoast.com\/wordpress\/plugins\/seo\/ -->\n<title>Johannesburgban tartott\u00e1k az \u201eInnov\u00e1ci\u00f3, nyitotts\u00e1g \u00e9s k\u00f6z\u00f6s fejl\u0151d\u00e9s\u201d glob\u00e1lis p\u00e1rbesz\u00e9d d\u00e9l-afrikai \u00fcl\u00e9sszak\u00e1t - kinaikaleidoszkop.hu<\/title>\n<meta name=\"robots\" content=\"index, follow, max-snippet:-1, max-image-preview:large, max-video-preview:-1\" \/>\n<link rel=\"canonical\" href=\"https:\/\/kinaikaleidoszkop.hu\/index.php\/2025\/10\/28\/johannesburgban-tartottak-az-innovacio-nyitottsag-es-kozos-fejlodes-globalis-parbeszed-del-afrikai-ulesszakat\/\" \/>\n<meta property=\"og:locale\" content=\"hu_HU\" \/>\n<meta property=\"og:type\" content=\"article\" \/>\n<meta property=\"og:title\" content=\"Johannesburgban tartott\u00e1k az \u201eInnov\u00e1ci\u00f3, nyitotts\u00e1g \u00e9s k\u00f6z\u00f6s fejl\u0151d\u00e9s\u201d glob\u00e1lis p\u00e1rbesz\u00e9d d\u00e9l-afrikai \u00fcl\u00e9sszak\u00e1t - kinaikaleidoszkop.hu\" \/>\n<meta property=\"og:description\" content=\"Helyi id\u0151 szerint okt\u00f3ber 27-\u00e9n Johannesburgban rendezt\u00e9k meg a China Media Group (CMG) \u00e1ltal szervezett \u201eInnov\u00e1ci\u00f3, nyitotts\u00e1g \u00e9s k\u00f6z\u00f6s fejl\u0151d\u00e9s\u201d c\u00edm\u0171 glob\u00e1lis p\u00e1rbesz\u00e9d d\u00e9l-afrikai \u00fcl\u00e9sszak\u00e1t. K\u00edna \u00e9s D\u00e9l-Afrika politikai, gazdas\u00e1gi, kultur\u00e1lis, tudom\u00e1nyos \u00e9s m\u00e9diak\u00f6reib\u0151l t\u00f6bb mint 100 vend\u00e9g vett r\u00e9szt a m\u00e9lyrehat\u00f3 megbesz\u00e9l\u00e9seken olyan t\u00e9m\u00e1kr\u00f3l, mint K\u00edna er\u0151fesz\u00edt\u00e9sei a magas szint\u0171 nyit\u00e1s kiterjeszt\u00e9s\u00e9re \u00e9s K\u00edna [&hellip;]\" \/>\n<meta property=\"og:url\" content=\"https:\/\/kinaikaleidoszkop.hu\/index.php\/2025\/10\/28\/johannesburgban-tartottak-az-innovacio-nyitottsag-es-kozos-fejlodes-globalis-parbeszed-del-afrikai-ulesszakat\/\" \/>\n<meta property=\"og:site_name\" content=\"kinaikaleidoszkop.hu\" \/>\n<meta property=\"article:published_time\" content=\"2025-10-28T09:21:44+00:00\" \/>\n<meta property=\"article:modified_time\" content=\"2025-10-28T09:21:45+00:00\" \/>\n<meta property=\"og:image\" content=\"https:\/\/kinaikaleidoszkop.hu\/wp-content\/uploads\/2025\/10\/1028-6-5-scaled.jpg\" \/>\n\t<meta property=\"og:image:width\" content=\"2560\" \/>\n\t<meta property=\"og:image:height\" content=\"1707\" \/>\n\t<meta property=\"og:image:type\" content=\"image\/jpeg\" \/>\n<meta name=\"author\" content=\"admin-szabolcs\" \/>\n<meta name=\"twitter:card\" content=\"summary_large_image\" \/>\n<meta name=\"twitter:label1\" content=\"Szerz\u0151:\" \/>\n\t<meta name=\"twitter:data1\" content=\"admin-szabolcs\" \/>\n\t<meta name=\"twitter:label2\" content=\"Becs\u00fclt olvas\u00e1si id\u0151\" \/>\n\t<meta name=\"twitter:data2\" content=\"4 perc\" \/>\n<script type=\"application\/ld+json\" class=\"yoast-schema-graph\">{\"@context\":\"https:\/\/schema.org\",\"@graph\":[{\"@type\":\"WebPage\",\"@id\":\"https:\/\/kinaikaleidoszkop.hu\/index.php\/2025\/10\/28\/johannesburgban-tartottak-az-innovacio-nyitottsag-es-kozos-fejlodes-globalis-parbeszed-del-afrikai-ulesszakat\/\",\"url\":\"https:\/\/kinaikaleidoszkop.hu\/index.php\/2025\/10\/28\/johannesburgban-tartottak-az-innovacio-nyitottsag-es-kozos-fejlodes-globalis-parbeszed-del-afrikai-ulesszakat\/\",\"name\":\"Johannesburgban tartott\u00e1k az \u201eInnov\u00e1ci\u00f3, nyitotts\u00e1g \u00e9s k\u00f6z\u00f6s fejl\u0151d\u00e9s\u201d glob\u00e1lis p\u00e1rbesz\u00e9d d\u00e9l-afrikai \u00fcl\u00e9sszak\u00e1t - kinaikaleidoszkop.hu\",\"isPartOf\":{\"@id\":\"https:\/\/kinaikaleidoszkop.hu\/#website\"},\"primaryImageOfPage\":{\"@id\":\"https:\/\/kinaikaleidoszkop.hu\/index.php\/2025\/10\/28\/johannesburgban-tartottak-az-innovacio-nyitottsag-es-kozos-fejlodes-globalis-parbeszed-del-afrikai-ulesszakat\/#primaryimage\"},\"image\":{\"@id\":\"https:\/\/kinaikaleidoszkop.hu\/index.php\/2025\/10\/28\/johannesburgban-tartottak-az-innovacio-nyitottsag-es-kozos-fejlodes-globalis-parbeszed-del-afrikai-ulesszakat\/#primaryimage\"},\"thumbnailUrl\":\"https:\/\/kinaikaleidoszkop.hu\/wp-content\/uploads\/2025\/10\/1028-6-5-scaled.jpg\",\"datePublished\":\"2025-10-28T09:21:44+00:00\",\"dateModified\":\"2025-10-28T09:21:45+00:00\",\"author\":{\"@id\":\"https:\/\/kinaikaleidoszkop.hu\/#\/schema\/person\/b9e2febe742edd540c1197716ec02bf7\"},\"breadcrumb\":{\"@id\":\"https:\/\/kinaikaleidoszkop.hu\/index.php\/2025\/10\/28\/johannesburgban-tartottak-az-innovacio-nyitottsag-es-kozos-fejlodes-globalis-parbeszed-del-afrikai-ulesszakat\/#breadcrumb\"},\"inLanguage\":\"hu\",\"potentialAction\":[{\"@type\":\"ReadAction\",\"target\":[\"https:\/\/kinaikaleidoszkop.hu\/index.php\/2025\/10\/28\/johannesburgban-tartottak-az-innovacio-nyitottsag-es-kozos-fejlodes-globalis-parbeszed-del-afrikai-ulesszakat\/\"]}]},{\"@type\":\"ImageObject\",\"inLanguage\":\"hu\",\"@id\":\"https:\/\/kinaikaleidoszkop.hu\/index.php\/2025\/10\/28\/johannesburgban-tartottak-az-innovacio-nyitottsag-es-kozos-fejlodes-globalis-parbeszed-del-afrikai-ulesszakat\/#primaryimage\",\"url\":\"https:\/\/kinaikaleidoszkop.hu\/wp-content\/uploads\/2025\/10\/1028-6-5-scaled.jpg\",\"contentUrl\":\"https:\/\/kinaikaleidoszkop.hu\/wp-content\/uploads\/2025\/10\/1028-6-5-scaled.jpg\",\"width\":2560,\"height\":1707},{\"@type\":\"BreadcrumbList\",\"@id\":\"https:\/\/kinaikaleidoszkop.hu\/index.php\/2025\/10\/28\/johannesburgban-tartottak-az-innovacio-nyitottsag-es-kozos-fejlodes-globalis-parbeszed-del-afrikai-ulesszakat\/#breadcrumb\",\"itemListElement\":[{\"@type\":\"ListItem\",\"position\":1,\"name\":\"Kezd\u0151lap\",\"item\":\"https:\/\/kinaikaleidoszkop.hu\/\"},{\"@type\":\"ListItem\",\"position\":2,\"name\":\"Johannesburgban tartott\u00e1k az \u201eInnov\u00e1ci\u00f3, nyitotts\u00e1g \u00e9s k\u00f6z\u00f6s fejl\u0151d\u00e9s\u201d glob\u00e1lis p\u00e1rbesz\u00e9d d\u00e9l-afrikai \u00fcl\u00e9sszak\u00e1t\"}]},{\"@type\":\"WebSite\",\"@id\":\"https:\/\/kinaikaleidoszkop.hu\/#website\",\"url\":\"https:\/\/kinaikaleidoszkop.hu\/\",\"name\":\"kinaikaleidoszkop.hu\",\"description\":\"\",\"potentialAction\":[{\"@type\":\"SearchAction\",\"target\":{\"@type\":\"EntryPoint\",\"urlTemplate\":\"https:\/\/kinaikaleidoszkop.hu\/?s={search_term_string}\"},\"query-input\":{\"@type\":\"PropertyValueSpecification\",\"valueRequired\":true,\"valueName\":\"search_term_string\"}}],\"inLanguage\":\"hu\"},{\"@type\":\"Person\",\"@id\":\"https:\/\/kinaikaleidoszkop.hu\/#\/schema\/person\/b9e2febe742edd540c1197716ec02bf7\",\"name\":\"admin-szabolcs\",\"image\":{\"@type\":\"ImageObject\",\"inLanguage\":\"hu\",\"@id\":\"https:\/\/kinaikaleidoszkop.hu\/#\/schema\/person\/image\/\",\"url\":\"https:\/\/secure.gravatar.com\/avatar\/154f262492794df2a6cb5d5349227b18ef8f85ab462fbb32625fc42406483d21?s=96&d=mm&r=g\",\"contentUrl\":\"https:\/\/secure.gravatar.com\/avatar\/154f262492794df2a6cb5d5349227b18ef8f85ab462fbb32625fc42406483d21?s=96&d=mm&r=g\",\"caption\":\"admin-szabolcs\"},\"url\":\"https:\/\/kinaikaleidoszkop.hu\/index.php\/author\/admin-szabolcs\/\"}]}<\/script>\n<!-- \/ Yoast SEO plugin. -->","yoast_head_json":{"title":"Johannesburgban tartott\u00e1k az \u201eInnov\u00e1ci\u00f3, nyitotts\u00e1g \u00e9s k\u00f6z\u00f6s fejl\u0151d\u00e9s\u201d glob\u00e1lis p\u00e1rbesz\u00e9d d\u00e9l-afrikai \u00fcl\u00e9sszak\u00e1t - kinaikaleidoszkop.hu","robots":{"index":"index","follow":"follow","max-snippet":"max-snippet:-1","max-image-preview":"max-image-preview:large","max-video-preview":"max-video-preview:-1"},"canonical":"https:\/\/kinaikaleidoszkop.hu\/index.php\/2025\/10\/28\/johannesburgban-tartottak-az-innovacio-nyitottsag-es-kozos-fejlodes-globalis-parbeszed-del-afrikai-ulesszakat\/","og_locale":"hu_HU","og_type":"article","og_title":"Johannesburgban tartott\u00e1k az \u201eInnov\u00e1ci\u00f3, nyitotts\u00e1g \u00e9s k\u00f6z\u00f6s fejl\u0151d\u00e9s\u201d glob\u00e1lis p\u00e1rbesz\u00e9d d\u00e9l-afrikai \u00fcl\u00e9sszak\u00e1t - kinaikaleidoszkop.hu","og_description":"Helyi id\u0151 szerint okt\u00f3ber 27-\u00e9n Johannesburgban rendezt\u00e9k meg a China Media Group (CMG) \u00e1ltal szervezett \u201eInnov\u00e1ci\u00f3, nyitotts\u00e1g \u00e9s k\u00f6z\u00f6s fejl\u0151d\u00e9s\u201d c\u00edm\u0171 glob\u00e1lis p\u00e1rbesz\u00e9d d\u00e9l-afrikai \u00fcl\u00e9sszak\u00e1t. K\u00edna \u00e9s D\u00e9l-Afrika politikai, gazdas\u00e1gi, kultur\u00e1lis, tudom\u00e1nyos \u00e9s m\u00e9diak\u00f6reib\u0151l t\u00f6bb mint 100 vend\u00e9g vett r\u00e9szt a m\u00e9lyrehat\u00f3 megbesz\u00e9l\u00e9seken olyan t\u00e9m\u00e1kr\u00f3l, mint K\u00edna er\u0151fesz\u00edt\u00e9sei a magas szint\u0171 nyit\u00e1s kiterjeszt\u00e9s\u00e9re \u00e9s K\u00edna [&hellip;]","og_url":"https:\/\/kinaikaleidoszkop.hu\/index.php\/2025\/10\/28\/johannesburgban-tartottak-az-innovacio-nyitottsag-es-kozos-fejlodes-globalis-parbeszed-del-afrikai-ulesszakat\/","og_site_name":"kinaikaleidoszkop.hu","article_published_time":"2025-10-28T09:21:44+00:00","article_modified_time":"2025-10-28T09:21:45+00:00","og_image":[{"width":2560,"height":1707,"url":"https:\/\/kinaikaleidoszkop.hu\/wp-content\/uploads\/2025\/10\/1028-6-5-scaled.jpg","type":"image\/jpeg"}],"author":"admin-szabolcs","twitter_card":"summary_large_image","twitter_misc":{"Szerz\u0151:":"admin-szabolcs","Becs\u00fclt olvas\u00e1si id\u0151":"4 perc"},"schema":{"@context":"https:\/\/schema.org","@graph":[{"@type":"WebPage","@id":"https:\/\/kinaikaleidoszkop.hu\/index.php\/2025\/10\/28\/johannesburgban-tartottak-az-innovacio-nyitottsag-es-kozos-fejlodes-globalis-parbeszed-del-afrikai-ulesszakat\/","url":"https:\/\/kinaikaleidoszkop.hu\/index.php\/2025\/10\/28\/johannesburgban-tartottak-az-innovacio-nyitottsag-es-kozos-fejlodes-globalis-parbeszed-del-afrikai-ulesszakat\/","name":"Johannesburgban tartott\u00e1k az \u201eInnov\u00e1ci\u00f3, nyitotts\u00e1g \u00e9s k\u00f6z\u00f6s fejl\u0151d\u00e9s\u201d glob\u00e1lis p\u00e1rbesz\u00e9d d\u00e9l-afrikai \u00fcl\u00e9sszak\u00e1t - kinaikaleidoszkop.hu","isPartOf":{"@id":"https:\/\/kinaikaleidoszkop.hu\/#website"},"primaryImageOfPage":{"@id":"https:\/\/kinaikaleidoszkop.hu\/index.php\/2025\/10\/28\/johannesburgban-tartottak-az-innovacio-nyitottsag-es-kozos-fejlodes-globalis-parbeszed-del-afrikai-ulesszakat\/#primaryimage"},"image":{"@id":"https:\/\/kinaikaleidoszkop.hu\/index.php\/2025\/10\/28\/johannesburgban-tartottak-az-innovacio-nyitottsag-es-kozos-fejlodes-globalis-parbeszed-del-afrikai-ulesszakat\/#primaryimage"},"thumbnailUrl":"https:\/\/kinaikaleidoszkop.hu\/wp-content\/uploads\/2025\/10\/1028-6-5-scaled.jpg","datePublished":"2025-10-28T09:21:44+00:00","dateModified":"2025-10-28T09:21:45+00:00","author":{"@id":"https:\/\/kinaikaleidoszkop.hu\/#\/schema\/person\/b9e2febe742edd540c1197716ec02bf7"},"breadcrumb":{"@id":"https:\/\/kinaikaleidoszkop.hu\/index.php\/2025\/10\/28\/johannesburgban-tartottak-az-innovacio-nyitottsag-es-kozos-fejlodes-globalis-parbeszed-del-afrikai-ulesszakat\/#breadcrumb"},"inLanguage":"hu","potentialAction":[{"@type":"ReadAction","target":["https:\/\/kinaikaleidoszkop.hu\/index.php\/2025\/10\/28\/johannesburgban-tartottak-az-innovacio-nyitottsag-es-kozos-fejlodes-globalis-parbeszed-del-afrikai-ulesszakat\/"]}]},{"@type":"ImageObject","inLanguage":"hu","@id":"https:\/\/kinaikaleidoszkop.hu\/index.php\/2025\/10\/28\/johannesburgban-tartottak-az-innovacio-nyitottsag-es-kozos-fejlodes-globalis-parbeszed-del-afrikai-ulesszakat\/#primaryimage","url":"https:\/\/kinaikaleidoszkop.hu\/wp-content\/uploads\/2025\/10\/1028-6-5-scaled.jpg","contentUrl":"https:\/\/kinaikaleidoszkop.hu\/wp-content\/uploads\/2025\/10\/1028-6-5-scaled.jpg","width":2560,"height":1707},{"@type":"BreadcrumbList","@id":"https:\/\/kinaikaleidoszkop.hu\/index.php\/2025\/10\/28\/johannesburgban-tartottak-az-innovacio-nyitottsag-es-kozos-fejlodes-globalis-parbeszed-del-afrikai-ulesszakat\/#breadcrumb","itemListElement":[{"@type":"ListItem","position":1,"name":"Kezd\u0151lap","item":"https:\/\/kinaikaleidoszkop.hu\/"},{"@type":"ListItem","position":2,"name":"Johannesburgban tartott\u00e1k az \u201eInnov\u00e1ci\u00f3, nyitotts\u00e1g \u00e9s k\u00f6z\u00f6s fejl\u0151d\u00e9s\u201d glob\u00e1lis p\u00e1rbesz\u00e9d d\u00e9l-afrikai \u00fcl\u00e9sszak\u00e1t"}]},{"@type":"WebSite","@id":"https:\/\/kinaikaleidoszkop.hu\/#website","url":"https:\/\/kinaikaleidoszkop.hu\/","name":"kinaikaleidoszkop.hu","description":"","potentialAction":[{"@type":"SearchAction","target":{"@type":"EntryPoint","urlTemplate":"https:\/\/kinaikaleidoszkop.hu\/?s={search_term_string}"},"query-input":{"@type":"PropertyValueSpecification","valueRequired":true,"valueName":"search_term_string"}}],"inLanguage":"hu"},{"@type":"Person","@id":"https:\/\/kinaikaleidoszkop.hu\/#\/schema\/person\/b9e2febe742edd540c1197716ec02bf7","name":"admin-szabolcs","image":{"@type":"ImageObject","inLanguage":"hu","@id":"https:\/\/kinaikaleidoszkop.hu\/#\/schema\/person\/image\/","url":"https:\/\/secure.gravatar.com\/avatar\/154f262492794df2a6cb5d5349227b18ef8f85ab462fbb32625fc42406483d21?s=96&d=mm&r=g","contentUrl":"https:\/\/secure.gravatar.com\/avatar\/154f262492794df2a6cb5d5349227b18ef8f85ab462fbb32625fc42406483d21?s=96&d=mm&r=g","caption":"admin-szabolcs"},"url":"https:\/\/kinaikaleidoszkop.hu\/index.php\/author\/admin-szabolcs\/"}]}},"views":61,"distributor_meta":false,"distributor_terms":false,"distributor_media":false,"distributor_original_site_name":"kinaikaleidoszkop.hu","distributor_original_site_url":"https:\/\/kinaikaleidoszkop.hu","push-errors":false,"_links":{"self":[{"href":"https:\/\/kinaikaleidoszkop.hu\/index.php\/wp-json\/wp\/v2\/posts\/27188","targetHints":{"allow":["GET"]}}],"collection":[{"href":"https:\/\/kinaikaleidoszkop.hu\/index.php\/wp-json\/wp\/v2\/posts"}],"about":[{"href":"https:\/\/kinaikaleidoszkop.hu\/index.php\/wp-json\/wp\/v2\/types\/post"}],"author":[{"embeddable":true,"href":"https:\/\/kinaikaleidoszkop.hu\/index.php\/wp-json\/wp\/v2\/users\/2"}],"replies":[{"embeddable":true,"href":"https:\/\/kinaikaleidoszkop.hu\/index.php\/wp-json\/wp\/v2\/comments?post=27188"}],"version-history":[{"count":1,"href":"https:\/\/kinaikaleidoszkop.hu\/index.php\/wp-json\/wp\/v2\/posts\/27188\/revisions"}],"predecessor-version":[{"id":27191,"href":"https:\/\/kinaikaleidoszkop.hu\/index.php\/wp-json\/wp\/v2\/posts\/27188\/revisions\/27191"}],"wp:featuredmedia":[{"embeddable":true,"href":"https:\/\/kinaikaleidoszkop.hu\/index.php\/wp-json\/wp\/v2\/media\/27190"}],"wp:attachment":[{"href":"https:\/\/kinaikaleidoszkop.hu\/index.php\/wp-json\/wp\/v2\/media?parent=27188"}],"wp:term":[{"taxonomy":"category","embeddable":true,"href":"https:\/\/kinaikaleidoszkop.hu\/index.php\/wp-json\/wp\/v2\/categories?post=27188"},{"taxonomy":"post_tag","embeddable":true,"href":"https:\/\/kinaikaleidoszkop.hu\/index.php\/wp-json\/wp\/v2\/tags?post=27188"}],"curies":[{"name":"wp","href":"https:\/\/api.w.org\/{rel}","templated":true}]}}