{"id":27370,"date":"2025-11-02T20:32:34","date_gmt":"2025-11-02T19:32:34","guid":{"rendered":"https:\/\/kinaikaleidoszkop.hu\/index.php\/2025\/11\/02\/a-parbeszed-es-a-nyitottsag-volt-teriteken-a-cmg-globalis-parbeszedenek-ujabb-allomasan-uruguayban\/"},"modified":"2025-11-02T20:32:34","modified_gmt":"2025-11-02T19:32:34","slug":"a-parbeszed-es-a-nyitottsag-volt-teriteken-a-cmg-globalis-parbeszedenek-ujabb-allomasan-uruguayban","status":"publish","type":"post","link":"https:\/\/kinaikaleidoszkop.hu\/index.php\/2025\/11\/02\/a-parbeszed-es-a-nyitottsag-volt-teriteken-a-cmg-globalis-parbeszedenek-ujabb-allomasan-uruguayban\/","title":{"rendered":"A p\u00e1rbesz\u00e9d \u00e9s a nyitotts\u00e1g volt ter\u00edt\u00e9ken a CMG glob\u00e1lis p\u00e1rbesz\u00e9d\u00e9nek \u00fajabb \u00e1llom\u00e1s\u00e1n Uruguayban"},"content":{"rendered":"\n<p><strong>\u201eInnov\u00e1ci\u00f3, nyitotts\u00e1g \u00e9s k\u00f6z\u00f6s fejl\u0151d\u00e9s\u201d c\u00edmmel okt\u00f3ber 30-\u00e1n megtartott\u00e1k a glob\u00e1lis p\u00e1rbesz\u00e9d soron k\u00f6vetkez\u0151 \u00fcl\u00e9s\u00e9t Uruguay f\u0151v\u00e1ros\u00e1ban, Montevide\u00f3ban. Az esem\u00e9nyt a China Media Group (CMG) \u00e9s K\u00edna uruguayi nagyk\u00f6vets\u00e9ge k\u00f6z\u00f6sen szervezte.<\/strong><\/p>\n\n\n<div class=\"wp-block-image\">\n<figure class=\"aligncenter size-large\"><img decoding=\"async\" src=\"https:\/\/pestcentrum.hu\/wp-content\/uploads\/2025\/11\/\u4e4c\u62c9\u572d\u5bf9\u8bdd-1024x576.jpeg\" alt=\"\" class=\"wp-image-39419\"\/><\/figure>\n<\/div>\n\n\n<p>Shen Haixiong, a CMG eln\u00f6ke vide\u00f3besz\u00e9d\u00e9ben elmondta, hogy K\u00edna fejl\u0151d\u00e9se nem val\u00f3s\u00edthat\u00f3 meg a vil\u00e1g n\u00e9lk\u00fcl, \u00e9s a vil\u00e1g j\u00f3l\u00e9t\u00e9hez is sz\u00fcks\u00e9g van K\u00edn\u00e1ra.<\/p>\n\n\n\n<p>Hozz\u00e1tette, hogy a China Media Group k\u00e9szen \u00e1ll arra, hogy valamennyi partner\u00e9vel egy\u00fcttm\u0171k\u00f6dve el\u0151seg\u00edtse egy olyan k\u00f6z\u00f6ss\u00e9g \u00e9p\u00edt\u00e9s\u00e9t, amely az emberis\u00e9g k\u00f6z\u00f6s j\u00f6v\u0151j\u00e9nek ki\u00e9p\u00edt\u00e9s\u00e9t c\u00e9lozza.<\/p>\n\n\n\n<p>Sandra Lazo uruguayi v\u00e9delmi miniszter elmondta, hogy a p\u00e1rbesz\u00e9d fontos lehet\u0151s\u00e9get k\u00edn\u00e1l az orsz\u00e1gok k\u00f6z\u00f6tti kapcsolatok \u00e9s egy\u00fcttm\u0171k\u00f6d\u00e9s fokoz\u00e1s\u00e1ra.<\/p>\n\n\n\n<p>A t\u00e1rcavezet\u0151 meger\u0151s\u00edtette Uruguay elk\u00f6telezetts\u00e9g\u00e9t a K\u00edn\u00e1val val\u00f3 egy\u00fcttm\u0171k\u00f6d\u00e9sre a b\u00e9ke, az innov\u00e1ci\u00f3 \u00e9s a fenntarthat\u00f3 fejl\u0151d\u00e9s el\u0151mozd\u00edt\u00e1sa \u00e9rdek\u00e9ben.<\/p>\n\n\n\n<p>A r\u00e9sztvev\u0151k megbesz\u00e9l\u00e9seket folytattak a K\u00ednai Kommunista P\u00e1rt 20. K\u00f6zponti Bizotts\u00e1ga negyedik plen\u00e1ris \u00fcl\u00e9s\u00e9nek jelent\u0151s\u00e9g\u00e9r\u0151l \u00e9s a K\u00edna \u00e9s a vil\u00e1g biztos\u00edtotta fejl\u0151d\u00e9si lehet\u0151s\u00e9gekr\u0151l.<\/p>\n\n\n\n<p><strong><em>(Zhou Huiwen \u2013 China Media Group)<\/em><\/strong><\/p>\n\n\n\n<p><strong>2025. november 2.<\/strong><\/p>\n\n\n\n<p><strong><em>(x)<\/em><\/strong><\/p>\n","protected":false},"excerpt":{"rendered":"<p>\u201eInnov\u00e1ci\u00f3, nyitotts\u00e1g \u00e9s k\u00f6z\u00f6s fejl\u0151d\u00e9s\u201d c\u00edmmel okt\u00f3ber 30-\u00e1n megtartott\u00e1k a glob\u00e1lis p\u00e1rbesz\u00e9d soron k\u00f6vetkez\u0151 \u00fcl\u00e9s\u00e9t Uruguay f\u0151v\u00e1ros\u00e1ban, Montevide\u00f3ban. Az esem\u00e9nyt a China Media Group (CMG) \u00e9s K\u00edna uruguayi nagyk\u00f6vets\u00e9ge k\u00f6z\u00f6sen szervezte. Shen Haixiong, a CMG eln\u00f6ke vide\u00f3besz\u00e9d\u00e9ben elmondta, hogy K\u00edna fejl\u0151d\u00e9se nem val\u00f3s\u00edthat\u00f3 meg a vil\u00e1g n\u00e9lk\u00fcl, \u00e9s a vil\u00e1g j\u00f3l\u00e9t\u00e9hez is sz\u00fcks\u00e9g van K\u00edn\u00e1ra. [&hellip;]<\/p>\n","protected":false},"author":7,"featured_media":27371,"comment_status":"","ping_status":"","sticky":false,"template":"","format":"standard","meta":{"footnotes":""},"categories":[4797],"tags":[1204,414,4956,559,3696,395,444,3395],"class_list":["post-27370","post","type-post","status-publish","format-standard","has-post-thumbnail","hentry","category-egyeb-hirek","tag-beke","tag-fejlodes","tag-globalis-parbeszed","tag-innovacio","tag-kina","tag-plenaris-ules","tag-shen-haixiong","tag-uruguay"],"yoast_head":"<!-- This site is optimized with the Yoast SEO plugin v23.7 - https:\/\/yoast.com\/wordpress\/plugins\/seo\/ -->\n<title>A p\u00e1rbesz\u00e9d \u00e9s a nyitotts\u00e1g volt ter\u00edt\u00e9ken a CMG glob\u00e1lis p\u00e1rbesz\u00e9d\u00e9nek \u00fajabb \u00e1llom\u00e1s\u00e1n Uruguayban - kinaikaleidoszkop.hu<\/title>\n<meta name=\"robots\" content=\"index, follow, max-snippet:-1, max-image-preview:large, max-video-preview:-1\" \/>\n<link rel=\"canonical\" href=\"https:\/\/pestcentrum.hu\/2025\/11\/02\/a-parbeszed-es-a-nyitottsag-volt-teriteken-a-cmg-globalis-parbeszedenek-ujabb-allomasan-uruguayban\/\" \/>\n<meta property=\"og:locale\" content=\"hu_HU\" \/>\n<meta property=\"og:type\" content=\"article\" \/>\n<meta property=\"og:title\" content=\"A p\u00e1rbesz\u00e9d \u00e9s a nyitotts\u00e1g volt ter\u00edt\u00e9ken a CMG glob\u00e1lis p\u00e1rbesz\u00e9d\u00e9nek \u00fajabb \u00e1llom\u00e1s\u00e1n Uruguayban - kinaikaleidoszkop.hu\" \/>\n<meta property=\"og:description\" content=\"\u201eInnov\u00e1ci\u00f3, nyitotts\u00e1g \u00e9s k\u00f6z\u00f6s fejl\u0151d\u00e9s\u201d c\u00edmmel okt\u00f3ber 30-\u00e1n megtartott\u00e1k a glob\u00e1lis p\u00e1rbesz\u00e9d soron k\u00f6vetkez\u0151 \u00fcl\u00e9s\u00e9t Uruguay f\u0151v\u00e1ros\u00e1ban, Montevide\u00f3ban. Az esem\u00e9nyt a China Media Group (CMG) \u00e9s K\u00edna uruguayi nagyk\u00f6vets\u00e9ge k\u00f6z\u00f6sen szervezte. Shen Haixiong, a CMG eln\u00f6ke vide\u00f3besz\u00e9d\u00e9ben elmondta, hogy K\u00edna fejl\u0151d\u00e9se nem val\u00f3s\u00edthat\u00f3 meg a vil\u00e1g n\u00e9lk\u00fcl, \u00e9s a vil\u00e1g j\u00f3l\u00e9t\u00e9hez is sz\u00fcks\u00e9g van K\u00edn\u00e1ra. [&hellip;]\" \/>\n<meta property=\"og:url\" content=\"https:\/\/kinaikaleidoszkop.hu\/index.php\/2025\/11\/02\/a-parbeszed-es-a-nyitottsag-volt-teriteken-a-cmg-globalis-parbeszedenek-ujabb-allomasan-uruguayban\/\" \/>\n<meta property=\"og:site_name\" content=\"kinaikaleidoszkop.hu\" \/>\n<meta property=\"article:published_time\" content=\"2025-11-02T19:32:34+00:00\" \/>\n<meta property=\"og:image\" content=\"https:\/\/kinaikaleidoszkop.hu\/wp-content\/uploads\/2025\/11\/scaled.jpeg\" \/>\n\t<meta property=\"og:image:width\" content=\"2048\" \/>\n\t<meta property=\"og:image:height\" content=\"1152\" \/>\n\t<meta property=\"og:image:type\" content=\"image\/jpeg\" \/>\n<meta name=\"author\" content=\"Szerk_Erik\" \/>\n<meta name=\"twitter:card\" content=\"summary_large_image\" \/>\n<meta name=\"twitter:label1\" content=\"Szerz\u0151:\" \/>\n\t<meta name=\"twitter:data1\" content=\"PestCentrum\" \/>\n\t<meta name=\"twitter:label2\" content=\"Becs\u00fclt olvas\u00e1si id\u0151\" \/>\n\t<meta name=\"twitter:data2\" content=\"2 perc\" \/>\n<script type=\"application\/ld+json\" class=\"yoast-schema-graph\">{\"@context\":\"https:\/\/schema.org\",\"@graph\":[{\"@type\":\"WebPage\",\"@id\":\"https:\/\/kinaikaleidoszkop.hu\/index.php\/2025\/11\/02\/a-parbeszed-es-a-nyitottsag-volt-teriteken-a-cmg-globalis-parbeszedenek-ujabb-allomasan-uruguayban\/\",\"url\":\"https:\/\/kinaikaleidoszkop.hu\/index.php\/2025\/11\/02\/a-parbeszed-es-a-nyitottsag-volt-teriteken-a-cmg-globalis-parbeszedenek-ujabb-allomasan-uruguayban\/\",\"name\":\"A p\u00e1rbesz\u00e9d \u00e9s a nyitotts\u00e1g volt ter\u00edt\u00e9ken a CMG glob\u00e1lis p\u00e1rbesz\u00e9d\u00e9nek \u00fajabb \u00e1llom\u00e1s\u00e1n Uruguayban - kinaikaleidoszkop.hu\",\"isPartOf\":{\"@id\":\"https:\/\/kinaikaleidoszkop.hu\/#website\"},\"primaryImageOfPage\":{\"@id\":\"https:\/\/kinaikaleidoszkop.hu\/index.php\/2025\/11\/02\/a-parbeszed-es-a-nyitottsag-volt-teriteken-a-cmg-globalis-parbeszedenek-ujabb-allomasan-uruguayban\/#primaryimage\"},\"image\":{\"@id\":\"https:\/\/kinaikaleidoszkop.hu\/index.php\/2025\/11\/02\/a-parbeszed-es-a-nyitottsag-volt-teriteken-a-cmg-globalis-parbeszedenek-ujabb-allomasan-uruguayban\/#primaryimage\"},\"thumbnailUrl\":\"https:\/\/kinaikaleidoszkop.hu\/wp-content\/uploads\/2025\/11\/scaled.jpeg\",\"datePublished\":\"2025-11-02T19:32:34+00:00\",\"dateModified\":\"2025-11-02T19:32:34+00:00\",\"author\":{\"@id\":\"https:\/\/kinaikaleidoszkop.hu\/#\/schema\/person\/4d69b71e7e70322713b9d9287b610556\"},\"breadcrumb\":{\"@id\":\"https:\/\/kinaikaleidoszkop.hu\/index.php\/2025\/11\/02\/a-parbeszed-es-a-nyitottsag-volt-teriteken-a-cmg-globalis-parbeszedenek-ujabb-allomasan-uruguayban\/#breadcrumb\"},\"inLanguage\":\"hu\",\"potentialAction\":[{\"@type\":\"ReadAction\",\"target\":[\"https:\/\/kinaikaleidoszkop.hu\/index.php\/2025\/11\/02\/a-parbeszed-es-a-nyitottsag-volt-teriteken-a-cmg-globalis-parbeszedenek-ujabb-allomasan-uruguayban\/\"]}]},{\"@type\":\"ImageObject\",\"inLanguage\":\"hu\",\"@id\":\"https:\/\/kinaikaleidoszkop.hu\/index.php\/2025\/11\/02\/a-parbeszed-es-a-nyitottsag-volt-teriteken-a-cmg-globalis-parbeszedenek-ujabb-allomasan-uruguayban\/#primaryimage\",\"url\":\"https:\/\/kinaikaleidoszkop.hu\/wp-content\/uploads\/2025\/11\/scaled.jpeg\",\"contentUrl\":\"https:\/\/kinaikaleidoszkop.hu\/wp-content\/uploads\/2025\/11\/scaled.jpeg\",\"width\":2048,\"height\":1152},{\"@type\":\"BreadcrumbList\",\"@id\":\"https:\/\/kinaikaleidoszkop.hu\/index.php\/2025\/11\/02\/a-parbeszed-es-a-nyitottsag-volt-teriteken-a-cmg-globalis-parbeszedenek-ujabb-allomasan-uruguayban\/#breadcrumb\",\"itemListElement\":[{\"@type\":\"ListItem\",\"position\":1,\"name\":\"Kezd\u0151lap\",\"item\":\"https:\/\/kinaikaleidoszkop.hu\/\"},{\"@type\":\"ListItem\",\"position\":2,\"name\":\"A p\u00e1rbesz\u00e9d \u00e9s a nyitotts\u00e1g volt ter\u00edt\u00e9ken a CMG glob\u00e1lis p\u00e1rbesz\u00e9d\u00e9nek \u00fajabb \u00e1llom\u00e1s\u00e1n Uruguayban\"}]},{\"@type\":\"WebSite\",\"@id\":\"https:\/\/kinaikaleidoszkop.hu\/#website\",\"url\":\"https:\/\/kinaikaleidoszkop.hu\/\",\"name\":\"kinaikaleidoszkop.hu\",\"description\":\"\",\"potentialAction\":[{\"@type\":\"SearchAction\",\"target\":{\"@type\":\"EntryPoint\",\"urlTemplate\":\"https:\/\/kinaikaleidoszkop.hu\/?s={search_term_string}\"},\"query-input\":{\"@type\":\"PropertyValueSpecification\",\"valueRequired\":true,\"valueName\":\"search_term_string\"}}],\"inLanguage\":\"hu\"},{\"@type\":\"Person\",\"@id\":\"https:\/\/kinaikaleidoszkop.hu\/#\/schema\/person\/4d69b71e7e70322713b9d9287b610556\",\"name\":\"Szerk_Erik\",\"image\":{\"@type\":\"ImageObject\",\"inLanguage\":\"hu\",\"@id\":\"https:\/\/kinaikaleidoszkop.hu\/#\/schema\/person\/image\/\",\"url\":\"https:\/\/secure.gravatar.com\/avatar\/3c1e909a14c0c91d2eaef877aaacb584c667f8e7137de69653aa9561fd0e8062?s=96&d=mm&r=g\",\"contentUrl\":\"https:\/\/secure.gravatar.com\/avatar\/3c1e909a14c0c91d2eaef877aaacb584c667f8e7137de69653aa9561fd0e8062?s=96&d=mm&r=g\",\"caption\":\"Szerk_Erik\"},\"url\":\"https:\/\/pestcentrum.hu\"}]}<\/script>\n<!-- \/ Yoast SEO plugin. -->","yoast_head_json":{"title":"A p\u00e1rbesz\u00e9d \u00e9s a nyitotts\u00e1g volt ter\u00edt\u00e9ken a CMG glob\u00e1lis p\u00e1rbesz\u00e9d\u00e9nek \u00fajabb \u00e1llom\u00e1s\u00e1n Uruguayban - kinaikaleidoszkop.hu","robots":{"index":"index","follow":"follow","max-snippet":"max-snippet:-1","max-image-preview":"max-image-preview:large","max-video-preview":"max-video-preview:-1"},"canonical":"https:\/\/pestcentrum.hu\/2025\/11\/02\/a-parbeszed-es-a-nyitottsag-volt-teriteken-a-cmg-globalis-parbeszedenek-ujabb-allomasan-uruguayban\/","og_locale":"hu_HU","og_type":"article","og_title":"A p\u00e1rbesz\u00e9d \u00e9s a nyitotts\u00e1g volt ter\u00edt\u00e9ken a CMG glob\u00e1lis p\u00e1rbesz\u00e9d\u00e9nek \u00fajabb \u00e1llom\u00e1s\u00e1n Uruguayban - kinaikaleidoszkop.hu","og_description":"\u201eInnov\u00e1ci\u00f3, nyitotts\u00e1g \u00e9s k\u00f6z\u00f6s fejl\u0151d\u00e9s\u201d c\u00edmmel okt\u00f3ber 30-\u00e1n megtartott\u00e1k a glob\u00e1lis p\u00e1rbesz\u00e9d soron k\u00f6vetkez\u0151 \u00fcl\u00e9s\u00e9t Uruguay f\u0151v\u00e1ros\u00e1ban, Montevide\u00f3ban. Az esem\u00e9nyt a China Media Group (CMG) \u00e9s K\u00edna uruguayi nagyk\u00f6vets\u00e9ge k\u00f6z\u00f6sen szervezte. Shen Haixiong, a CMG eln\u00f6ke vide\u00f3besz\u00e9d\u00e9ben elmondta, hogy K\u00edna fejl\u0151d\u00e9se nem val\u00f3s\u00edthat\u00f3 meg a vil\u00e1g n\u00e9lk\u00fcl, \u00e9s a vil\u00e1g j\u00f3l\u00e9t\u00e9hez is sz\u00fcks\u00e9g van K\u00edn\u00e1ra. [&hellip;]","og_url":"https:\/\/kinaikaleidoszkop.hu\/index.php\/2025\/11\/02\/a-parbeszed-es-a-nyitottsag-volt-teriteken-a-cmg-globalis-parbeszedenek-ujabb-allomasan-uruguayban\/","og_site_name":"kinaikaleidoszkop.hu","article_published_time":"2025-11-02T19:32:34+00:00","og_image":[{"width":2048,"height":1152,"url":"https:\/\/kinaikaleidoszkop.hu\/wp-content\/uploads\/2025\/11\/scaled.jpeg","type":"image\/jpeg"}],"author":"Szerk_Erik","twitter_card":"summary_large_image","twitter_misc":{"Szerz\u0151:":"PestCentrum","Becs\u00fclt olvas\u00e1si id\u0151":"2 perc"},"schema":{"@context":"https:\/\/schema.org","@graph":[{"@type":"WebPage","@id":"https:\/\/kinaikaleidoszkop.hu\/index.php\/2025\/11\/02\/a-parbeszed-es-a-nyitottsag-volt-teriteken-a-cmg-globalis-parbeszedenek-ujabb-allomasan-uruguayban\/","url":"https:\/\/kinaikaleidoszkop.hu\/index.php\/2025\/11\/02\/a-parbeszed-es-a-nyitottsag-volt-teriteken-a-cmg-globalis-parbeszedenek-ujabb-allomasan-uruguayban\/","name":"A p\u00e1rbesz\u00e9d \u00e9s a nyitotts\u00e1g volt ter\u00edt\u00e9ken a CMG glob\u00e1lis p\u00e1rbesz\u00e9d\u00e9nek \u00fajabb \u00e1llom\u00e1s\u00e1n Uruguayban - kinaikaleidoszkop.hu","isPartOf":{"@id":"https:\/\/kinaikaleidoszkop.hu\/#website"},"primaryImageOfPage":{"@id":"https:\/\/kinaikaleidoszkop.hu\/index.php\/2025\/11\/02\/a-parbeszed-es-a-nyitottsag-volt-teriteken-a-cmg-globalis-parbeszedenek-ujabb-allomasan-uruguayban\/#primaryimage"},"image":{"@id":"https:\/\/kinaikaleidoszkop.hu\/index.php\/2025\/11\/02\/a-parbeszed-es-a-nyitottsag-volt-teriteken-a-cmg-globalis-parbeszedenek-ujabb-allomasan-uruguayban\/#primaryimage"},"thumbnailUrl":"https:\/\/kinaikaleidoszkop.hu\/wp-content\/uploads\/2025\/11\/scaled.jpeg","datePublished":"2025-11-02T19:32:34+00:00","dateModified":"2025-11-02T19:32:34+00:00","author":{"@id":"https:\/\/kinaikaleidoszkop.hu\/#\/schema\/person\/4d69b71e7e70322713b9d9287b610556"},"breadcrumb":{"@id":"https:\/\/kinaikaleidoszkop.hu\/index.php\/2025\/11\/02\/a-parbeszed-es-a-nyitottsag-volt-teriteken-a-cmg-globalis-parbeszedenek-ujabb-allomasan-uruguayban\/#breadcrumb"},"inLanguage":"hu","potentialAction":[{"@type":"ReadAction","target":["https:\/\/kinaikaleidoszkop.hu\/index.php\/2025\/11\/02\/a-parbeszed-es-a-nyitottsag-volt-teriteken-a-cmg-globalis-parbeszedenek-ujabb-allomasan-uruguayban\/"]}]},{"@type":"ImageObject","inLanguage":"hu","@id":"https:\/\/kinaikaleidoszkop.hu\/index.php\/2025\/11\/02\/a-parbeszed-es-a-nyitottsag-volt-teriteken-a-cmg-globalis-parbeszedenek-ujabb-allomasan-uruguayban\/#primaryimage","url":"https:\/\/kinaikaleidoszkop.hu\/wp-content\/uploads\/2025\/11\/scaled.jpeg","contentUrl":"https:\/\/kinaikaleidoszkop.hu\/wp-content\/uploads\/2025\/11\/scaled.jpeg","width":2048,"height":1152},{"@type":"BreadcrumbList","@id":"https:\/\/kinaikaleidoszkop.hu\/index.php\/2025\/11\/02\/a-parbeszed-es-a-nyitottsag-volt-teriteken-a-cmg-globalis-parbeszedenek-ujabb-allomasan-uruguayban\/#breadcrumb","itemListElement":[{"@type":"ListItem","position":1,"name":"Kezd\u0151lap","item":"https:\/\/kinaikaleidoszkop.hu\/"},{"@type":"ListItem","position":2,"name":"A p\u00e1rbesz\u00e9d \u00e9s a nyitotts\u00e1g volt ter\u00edt\u00e9ken a CMG glob\u00e1lis p\u00e1rbesz\u00e9d\u00e9nek \u00fajabb \u00e1llom\u00e1s\u00e1n Uruguayban"}]},{"@type":"WebSite","@id":"https:\/\/kinaikaleidoszkop.hu\/#website","url":"https:\/\/kinaikaleidoszkop.hu\/","name":"kinaikaleidoszkop.hu","description":"","potentialAction":[{"@type":"SearchAction","target":{"@type":"EntryPoint","urlTemplate":"https:\/\/kinaikaleidoszkop.hu\/?s={search_term_string}"},"query-input":{"@type":"PropertyValueSpecification","valueRequired":true,"valueName":"search_term_string"}}],"inLanguage":"hu"},{"@type":"Person","@id":"https:\/\/kinaikaleidoszkop.hu\/#\/schema\/person\/4d69b71e7e70322713b9d9287b610556","name":"Szerk_Erik","image":{"@type":"ImageObject","inLanguage":"hu","@id":"https:\/\/kinaikaleidoszkop.hu\/#\/schema\/person\/image\/","url":"https:\/\/secure.gravatar.com\/avatar\/3c1e909a14c0c91d2eaef877aaacb584c667f8e7137de69653aa9561fd0e8062?s=96&d=mm&r=g","contentUrl":"https:\/\/secure.gravatar.com\/avatar\/3c1e909a14c0c91d2eaef877aaacb584c667f8e7137de69653aa9561fd0e8062?s=96&d=mm&r=g","caption":"Szerk_Erik"},"url":"https:\/\/pestcentrum.hu"}]}},"views":89,"distributor_meta":false,"distributor_terms":false,"distributor_media":false,"distributor_original_site_name":"PestCentrum","distributor_original_site_url":"https:\/\/pestcentrum.hu","push-errors":false,"_links":{"self":[{"href":"https:\/\/kinaikaleidoszkop.hu\/index.php\/wp-json\/wp\/v2\/posts\/27370","targetHints":{"allow":["GET"]}}],"collection":[{"href":"https:\/\/kinaikaleidoszkop.hu\/index.php\/wp-json\/wp\/v2\/posts"}],"about":[{"href":"https:\/\/kinaikaleidoszkop.hu\/index.php\/wp-json\/wp\/v2\/types\/post"}],"author":[{"embeddable":true,"href":"https:\/\/kinaikaleidoszkop.hu\/index.php\/wp-json\/wp\/v2\/users\/7"}],"replies":[{"embeddable":true,"href":"https:\/\/kinaikaleidoszkop.hu\/index.php\/wp-json\/wp\/v2\/comments?post=27370"}],"version-history":[{"count":0,"href":"https:\/\/kinaikaleidoszkop.hu\/index.php\/wp-json\/wp\/v2\/posts\/27370\/revisions"}],"wp:featuredmedia":[{"embeddable":true,"href":"https:\/\/kinaikaleidoszkop.hu\/index.php\/wp-json\/wp\/v2\/media\/27371"}],"wp:attachment":[{"href":"https:\/\/kinaikaleidoszkop.hu\/index.php\/wp-json\/wp\/v2\/media?parent=27370"}],"wp:term":[{"taxonomy":"category","embeddable":true,"href":"https:\/\/kinaikaleidoszkop.hu\/index.php\/wp-json\/wp\/v2\/categories?post=27370"},{"taxonomy":"post_tag","embeddable":true,"href":"https:\/\/kinaikaleidoszkop.hu\/index.php\/wp-json\/wp\/v2\/tags?post=27370"}],"curies":[{"name":"wp","href":"https:\/\/api.w.org\/{rel}","templated":true}]}}