{"id":27372,"date":"2025-11-02T20:42:51","date_gmt":"2025-11-02T19:42:51","guid":{"rendered":"https:\/\/kinaikaleidoszkop.hu\/index.php\/2025\/11\/02\/cmg-kommentar-hamarosan-megkezdodik-az-apec-kina-eve-amely-uj-korszakba-vezeti-az-azsiai-csendes-oceani-kozosseget\/"},"modified":"2025-11-02T20:42:51","modified_gmt":"2025-11-02T19:42:51","slug":"cmg-kommentar-hamarosan-megkezdodik-az-apec-kina-eve-amely-uj-korszakba-vezeti-az-azsiai-csendes-oceani-kozosseget","status":"publish","type":"post","link":"https:\/\/kinaikaleidoszkop.hu\/index.php\/2025\/11\/02\/cmg-kommentar-hamarosan-megkezdodik-az-apec-kina-eve-amely-uj-korszakba-vezeti-az-azsiai-csendes-oceani-kozosseget\/","title":{"rendered":"CMG-komment\u00e1r: Hamarosan megkezd\u0151dik az APEC \u201eK\u00edna \u00c9ve\u201d, amely \u00faj korszakba vezeti az \u00e1zsiai-csendes-\u00f3ce\u00e1ni k\u00f6z\u00f6ss\u00e9get"},"content":{"rendered":"\n<p><strong>November 1-j\u00e9n d\u00e9lel\u0151tt a d\u00e9l-koreai Gyeongjuban Hszi Csin-ping k\u00ednai \u00e1llameln\u00f6k r\u00e9szt vett az APEC vezet\u0151inek 32. inform\u00e1lis tal\u00e1lkoz\u00f3j\u00e1nak a h\u00e1zigazda feladatok \u00e1tad\u00e1s\u00e1t kifejez\u0151 \u00fcnneps\u00e9g\u00e9n. Hszi Csin-ping bejelentette, hogy K\u00edna j\u00f6v\u0151 novemberben a Guangdong tartom\u00e1nybeli Shenzhenben ad otthont az APEC-vezet\u0151k 33. inform\u00e1lis tal\u00e1lkoz\u00f3j\u00e1nak. Ezzel K\u00edna a 2001-es \u00e9s 2014-es alkalmat k\u00f6vet\u0151en harmadszor lesz h\u00e1zigazd\u00e1ja az APEC-cs\u00facsnak.<\/strong><\/p>\n\n\n<div class=\"wp-block-image\">\n<figure class=\"aligncenter size-full\"><img decoding=\"async\" src=\"https:\/\/pestcentrum.hu\/wp-content\/uploads\/2025\/11\/1102-1-1.jpg\" alt=\"\" class=\"wp-image-39421\"\/><\/figure>\n<\/div>\n\n\n<p>Az \u00e1zsiai-csendes-\u00f3ce\u00e1ni t\u00e9rs\u00e9g a vil\u00e1g n\u00e9pess\u00e9g\u00e9nek egyharmad\u00e1t, a glob\u00e1lis gazdas\u00e1g t\u00f6bb mint 60%-\u00e1t \u00e9s a vil\u00e1gkereskedelem k\u00f6zel fel\u00e9t teszi ki, \u00edgy a glob\u00e1lis gazdas\u00e1g legdinamikusabban n\u00f6vekv\u0151 r\u00e9gi\u00f3ja. A n\u00f6vekv\u0151 protekcionizmussal szembes\u00fclve milyen \u00faj egy\u00fcttm\u0171k\u00f6d\u00e9si utat kell kialak\u00edtaniuk a r\u00e9gi\u00f3 gazdas\u00e1gainak? Hszi Csin-ping az \u00e1zsiai-csendes-\u00f3ce\u00e1ni k\u00f6z\u00f6ss\u00e9g \u00e9p\u00edt\u00e9s\u00e9nek \u00e9s a gazdas\u00e1gi globaliz\u00e1ci\u00f3 el\u0151mozd\u00edt\u00e1s\u00e1nak szempontj\u00e1b\u00f3l k\u00f6zel\u00edtette meg a k\u00e9rd\u00e9st.<\/p>\n\n\n\n<p>\u201eK\u00f6z\u00f6sen fenn kell tartani a multilater\u00e1lis kereskedelmi rendszert\u201d, \u201ek\u00f6z\u00f6sen meg kell teremteni egy nyitott region\u00e1lis gazdas\u00e1gi k\u00f6rnyezetet\u201d, \u201ek\u00f6z\u00f6sen fenn kell tartani az ipari \u00e9s ell\u00e1t\u00e1si l\u00e1ncok stabilit\u00e1s\u00e1t \u00e9s zavartalan \u00e1raml\u00e1s\u00e1t\u201d, \u201ek\u00f6z\u00f6sen el\u0151 kell mozd\u00edtani a kereskedelem digitaliz\u00e1ci\u00f3j\u00e1t \u00e9s z\u00f6ldd\u00e9 t\u00e9tel\u00e9t\u201d, valamint \u201ek\u00f6z\u00f6sen el\u0151 kell mozd\u00edtani az inkluz\u00edv \u00e9s m\u00e9lt\u00e1nyos fejl\u0151d\u00e9st\u201d \u2013 ez az elhangzott \u00f6t javaslat bizalmat \u00e9s lend\u00fcletet fejez ki az \u00e1zsiai-csendes-\u00f3ce\u00e1ni egy\u00fcttm\u0171k\u00f6d\u00e9s el\u0151mozd\u00edt\u00e1s\u00e1hoz, tiszt\u00e1zva az elveket \u00e9s ir\u00e1nyokat. \u201eEr\u0151s\u00edteni kell a digit\u00e1lis \u00e9s intelligens fejl\u0151d\u00e9st az \u00e1zsiai-csendes-\u00f3ce\u00e1ni innovat\u00edv fejl\u0151d\u00e9s \u00faj el\u0151nyeinek kialak\u00edt\u00e1sa \u00e9rdek\u00e9ben\u201d, \u201eragaszkodni kell a z\u00f6ld \u00e9s alacsony sz\u00e9n-dioxid-kibocs\u00e1t\u00e1s\u00fa fejl\u0151d\u00e9shez az \u00e1zsiai-csendes-\u00f3ce\u00e1ni fenntarthat\u00f3 fejl\u0151d\u00e9s \u00faj paradigm\u00e1j\u00e1nak megteremt\u00e9se \u00e9rdek\u00e9ben\u201d, valamint \u201einkluz\u00edv m\u00f3don \u00e9s k\u00f6z\u00f6s el\u0151ny\u00f6kkel kell megval\u00f3s\u00edtani az \u00e1zsiai-csendes-\u00f3ce\u00e1ni inkluz\u00edv fejl\u0151d\u00e9s \u00faj form\u00e1j\u00e1t\u201d \u2013 ez a h\u00e1rom \u201e\u00faj\u201d javaslat pedig \u00f6sszhangban van az innovat\u00edv \u00e9s z\u00f6ld fejl\u0151d\u00e9s trendj\u00e9vel, valamint a k\u00f6z\u00f6s fejl\u0151d\u00e9s \u00e9s halad\u00e1s \u00e9rt\u00e9kkeres\u00e9s\u00e9vel, seg\u00edtve az \u00e1zsiai-csendes-\u00f3ce\u00e1ni gazdas\u00e1gokat a k\u00f6lcs\u00f6n\u00f6sen el\u0151ny\u00f6s egy\u00fcttm\u0171k\u00f6d\u00e9s \u00faj lehet\u0151s\u00e9geinek kiakn\u00e1z\u00e1s\u00e1ban \u00e9s a fenntarthat\u00f3 fejl\u0151d\u00e9s ellen\u00e1ll\u00f3k\u00e9pess\u00e9g\u00e9nek fokoz\u00e1s\u00e1ban.<\/p>\n\n\n\n<p>Liu Chenyang, a Nankai Egyetem APEC Kutat\u00f3k\u00f6zpontj\u00e1nak igazgat\u00f3ja a CMG tud\u00f3s\u00edt\u00f3j\u00e1nak adott elemez\u00e9se szerint Hszi Csin-ping azon t\u00f6rekv\u00e9se, hogy k\u00f6z\u00f6sen \u00e9p\u00edtsenek egy befogad\u00f3 \u00e9s nyitott \u00e1zsiai-csendes-\u00f3ce\u00e1ni gazdas\u00e1got, rendk\u00edv\u00fcl relev\u00e1ns a jelenlegi val\u00f3s\u00e1gban, hiszen seg\u00edt ellens\u00falyozni az unilateralizmus \u00e9s a protekcionizmus okozta s\u00falyos kih\u00edv\u00e1sokat, \u00e9s demonstr\u00e1lja K\u00edna kulcsfontoss\u00e1g\u00fa vezet\u0151 szerep\u00e9t az APEC \u00e9s az \u00e1zsiai-csendes-\u00f3ce\u00e1ni t\u00e9rs\u00e9g fejl\u0151d\u00e9s\u00e9ben. Carlos Aquino, a perui San Marcos Nemzeti Egyetem \u00c1zsiai Tanulm\u00e1nyok K\u00f6zpontj\u00e1nak igazgat\u00f3ja r\u00e1mutatott, hogy Hszi eln\u00f6k azon t\u00f6rekv\u00e9se, hogy gyakorolja a val\u00f3di multilateralizmust, valamint a kereskedelem \u00e9s a beruh\u00e1z\u00e1sok folyamatos liberaliz\u00e1ci\u00f3j\u00e1ra \u00e9s el\u0151seg\u00edt\u00e9s\u00e9re sz\u00f3l\u00edt fel, nagy jelent\u0151s\u00e9ggel b\u00edr a region\u00e1lis b\u00e9ke fenntart\u00e1sa \u00e9s a k\u00f6z\u00f6s fejl\u0151d\u00e9s el\u0151mozd\u00edt\u00e1sa szempontj\u00e1b\u00f3l.<\/p>\n\n\n\n<p>K\u00edna magas sz\u00ednvonal\u00fa fejl\u0151d\u00e9se elv\u00e1laszthatatlan az \u00e1zsiai-csendes-\u00f3ce\u00e1ni t\u00e9rs\u00e9gt\u0151l, mik\u00f6zben a r\u00e9gi\u00f3 vir\u00e1gz\u00e1sa \u00e9s fejl\u0151d\u00e9se sem v\u00e1laszt\u00f3 el K\u00edn\u00e1t\u00f3l. Az idei \u00e9v els\u0151 h\u00e1romnegyed\u00e9ben K\u00edna importja \u00e9s exportja m\u00e1s APEC-gazdas\u00e1gokba 2%-kal n\u0151tt az el\u0151z\u0151 \u00e9v ugyanazon id\u0151szak\u00e1hoz k\u00e9pest, el\u00e9rve a 19,41 billi\u00f3 j\u00fcant, ami K\u00edna teljes importj\u00e1nak \u00e9s exportj\u00e1nak 57,8%-\u00e1t tette ki. A perui Chancay kik\u00f6t\u0151 r\u00e9v\u00e9n \u00faj haj\u00f3z\u00e1si \u00fatvonalak ny\u00edltak, a k\u00ednai aut\u00f3gy\u00e1rt\u00f3k D\u00e9lkelet-\u00c1zsi\u00e1ban \u00faj energiahordoz\u00f3-gy\u00e1rt\u00f3 \u00fczemeket \u00e9p\u00edtettek, a K\u00edna \u00e9s \u00e1zsiai-csendes-\u00f3ce\u00e1ni gazdas\u00e1gi partnerei k\u00f6z\u00f6tti egy\u00fcttm\u0171k\u00f6d\u00e9s folyamatosan \u00faj elemekkel b\u0151v\u00fcl.<\/p>\n\n\n<div class=\"wp-block-image\">\n<figure class=\"aligncenter size-full\"><img decoding=\"async\" src=\"https:\/\/pestcentrum.hu\/wp-content\/uploads\/2025\/11\/1102-1-2.jpg\" alt=\"\" class=\"wp-image-39420\"\/><\/figure>\n<\/div>\n\n\n<p>Elemz\u0151k megjegyezt\u00e9k, hogy a legut\u00f3bbi APEC-tal\u00e1lkoz\u00f3n Hszi Csin-ping t\u00f6bbsz\u00f6r is megeml\u00edtette a K\u00edna \u00e9s a vil\u00e1ggazdas\u00e1g k\u00f6z\u00f6tti szoros kapcsolatot. Mint mondta, \u201eK\u00edna k\u00fclvil\u00e1g fel\u00e9 vezet\u0151 ajtaja nem fog bez\u00e1rulni, hanem sz\u00e9lesebbre ny\u00edlik\u201d, \u00e9s \u201eK\u00edn\u00e1val egy\u00fctt j\u00e1rni annyi, mint a lehet\u0151s\u00e9gekkel egy\u00fctt j\u00e1rni; K\u00edn\u00e1ban hinni annyi, mint a holnapban hinni; K\u00edn\u00e1ba befektetni annyi, mint a j\u00f6v\u0151be befektetni\u201d&#8230; Mindezek K\u00edna rend\u00edthetetlen elsz\u00e1nts\u00e1g\u00e1t \u00e9s vil\u00e1gos politikai sz\u00e1nd\u00e9k\u00e1t mutatj\u00e1k a nyitott vil\u00e1ggazdas\u00e1g ki\u00e9p\u00edt\u00e9s\u00e9nek el\u0151mozd\u00edt\u00e1sa ir\u00e1nt. A K\u00ednai Kommunista P\u00e1rt 20. K\u00f6zponti Bizotts\u00e1g\u00e1nak nemr\u00e9giben tartott negyedik plen\u00e1ris \u00fcl\u00e9s\u00e9n is olyan aj\u00e1nl\u00e1sokat fogadtak el a 15. \u00f6t\u00e9ves terv kidolgoz\u00e1s\u00e1ra, amelyek hangs\u00falyozz\u00e1k, hogy K\u00edna a magas szint\u0171 nyit\u00e1ssal tov\u00e1bbra is el\u0151mozd\u00edtja a m\u00e9lyrehat\u00f3 reformokat \u00e9s a magas sz\u00ednvonal\u00fa fejl\u0151d\u00e9st, amely \u00faj lehet\u0151s\u00e9geket teremt az \u00e1zsiai-csendes-\u00f3ce\u00e1ni \u00e9s a glob\u00e1lis gazdas\u00e1g sz\u00e1m\u00e1ra.<\/p>\n\n\n\n<p><strong><em>(Qin Liang \u2013 China Media Group)<\/em><\/strong><\/p>\n\n\n\n<p><strong>2025. november 2.<\/strong><\/p>\n\n\n\n<p><strong><em>(x)<\/em><\/strong><\/p>\n","protected":false},"excerpt":{"rendered":"<p>November 1-j\u00e9n d\u00e9lel\u0151tt a d\u00e9l-koreai Gyeongjuban Hszi Csin-ping k\u00ednai \u00e1llameln\u00f6k r\u00e9szt vett az APEC vezet\u0151inek 32. inform\u00e1lis tal\u00e1lkoz\u00f3j\u00e1nak a h\u00e1zigazda feladatok \u00e1tad\u00e1s\u00e1t kifejez\u0151 \u00fcnneps\u00e9g\u00e9n. Hszi Csin-ping bejelentette, hogy K\u00edna j\u00f6v\u0151 novemberben a Guangdong tartom\u00e1nybeli Shenzhenben ad otthont az APEC-vezet\u0151k 33. inform\u00e1lis tal\u00e1lkoz\u00f3j\u00e1nak. Ezzel K\u00edna a 2001-es \u00e9s 2014-es alkalmat k\u00f6vet\u0151en harmadszor lesz h\u00e1zigazd\u00e1ja az APEC-cs\u00facsnak. [&hellip;]<\/p>\n","protected":false},"author":7,"featured_media":27373,"comment_status":"","ping_status":"","sticky":false,"template":"","format":"standard","meta":{"footnotes":""},"categories":[4797],"tags":[3334,403,1204,2520,414,5653,305,3696,326],"class_list":["post-27372","post","type-post","status-publish","format-standard","has-post-thumbnail","hentry","category-egyeb-hirek","tag-apec","tag-azsiai-csendes-oceani-terseg","tag-beke","tag-cmg-kommentar","tag-fejlodes","tag-globalis-gazdasag","tag-hszi-csin-ping","tag-kina","tag-kinai-allamelnok"],"yoast_head":"<!-- This site is optimized with the Yoast SEO plugin v23.7 - https:\/\/yoast.com\/wordpress\/plugins\/seo\/ -->\n<title>CMG-komment\u00e1r: Hamarosan megkezd\u0151dik az APEC \u201eK\u00edna \u00c9ve\u201d, amely \u00faj korszakba vezeti az \u00e1zsiai-csendes-\u00f3ce\u00e1ni k\u00f6z\u00f6ss\u00e9get - kinaikaleidoszkop.hu<\/title>\n<meta name=\"robots\" content=\"index, follow, max-snippet:-1, max-image-preview:large, max-video-preview:-1\" \/>\n<link rel=\"canonical\" href=\"https:\/\/pestcentrum.hu\/2025\/11\/02\/cmg-kommentar-hamarosan-megkezdodik-az-apec-kina-eve-amely-uj-korszakba-vezeti-az-azsiai-csendes-oceani-kozosseget\/\" \/>\n<meta property=\"og:locale\" content=\"hu_HU\" \/>\n<meta property=\"og:type\" content=\"article\" \/>\n<meta property=\"og:title\" content=\"CMG-komment\u00e1r: Hamarosan megkezd\u0151dik az APEC \u201eK\u00edna \u00c9ve\u201d, amely \u00faj korszakba vezeti az \u00e1zsiai-csendes-\u00f3ce\u00e1ni k\u00f6z\u00f6ss\u00e9get - kinaikaleidoszkop.hu\" \/>\n<meta property=\"og:description\" content=\"November 1-j\u00e9n d\u00e9lel\u0151tt a d\u00e9l-koreai Gyeongjuban Hszi Csin-ping k\u00ednai \u00e1llameln\u00f6k r\u00e9szt vett az APEC vezet\u0151inek 32. inform\u00e1lis tal\u00e1lkoz\u00f3j\u00e1nak a h\u00e1zigazda feladatok \u00e1tad\u00e1s\u00e1t kifejez\u0151 \u00fcnneps\u00e9g\u00e9n. Hszi Csin-ping bejelentette, hogy K\u00edna j\u00f6v\u0151 novemberben a Guangdong tartom\u00e1nybeli Shenzhenben ad otthont az APEC-vezet\u0151k 33. inform\u00e1lis tal\u00e1lkoz\u00f3j\u00e1nak. Ezzel K\u00edna a 2001-es \u00e9s 2014-es alkalmat k\u00f6vet\u0151en harmadszor lesz h\u00e1zigazd\u00e1ja az APEC-cs\u00facsnak. [&hellip;]\" \/>\n<meta property=\"og:url\" content=\"https:\/\/kinaikaleidoszkop.hu\/index.php\/2025\/11\/02\/cmg-kommentar-hamarosan-megkezdodik-az-apec-kina-eve-amely-uj-korszakba-vezeti-az-azsiai-csendes-oceani-kozosseget\/\" \/>\n<meta property=\"og:site_name\" content=\"kinaikaleidoszkop.hu\" \/>\n<meta property=\"article:published_time\" content=\"2025-11-02T19:42:51+00:00\" \/>\n<meta property=\"og:image\" content=\"https:\/\/kinaikaleidoszkop.hu\/wp-content\/uploads\/2025\/11\/1102-1-1.jpg\" \/>\n\t<meta property=\"og:image:width\" content=\"1280\" \/>\n\t<meta property=\"og:image:height\" content=\"994\" \/>\n\t<meta property=\"og:image:type\" content=\"image\/jpeg\" \/>\n<meta name=\"author\" content=\"Szerk_Erik\" \/>\n<meta name=\"twitter:card\" content=\"summary_large_image\" \/>\n<meta name=\"twitter:label1\" content=\"Szerz\u0151:\" \/>\n\t<meta name=\"twitter:data1\" content=\"PestCentrum\" \/>\n\t<meta name=\"twitter:label2\" content=\"Becs\u00fclt olvas\u00e1si id\u0151\" \/>\n\t<meta name=\"twitter:data2\" content=\"4 perc\" \/>\n<script type=\"application\/ld+json\" class=\"yoast-schema-graph\">{\"@context\":\"https:\/\/schema.org\",\"@graph\":[{\"@type\":\"WebPage\",\"@id\":\"https:\/\/kinaikaleidoszkop.hu\/index.php\/2025\/11\/02\/cmg-kommentar-hamarosan-megkezdodik-az-apec-kina-eve-amely-uj-korszakba-vezeti-az-azsiai-csendes-oceani-kozosseget\/\",\"url\":\"https:\/\/kinaikaleidoszkop.hu\/index.php\/2025\/11\/02\/cmg-kommentar-hamarosan-megkezdodik-az-apec-kina-eve-amely-uj-korszakba-vezeti-az-azsiai-csendes-oceani-kozosseget\/\",\"name\":\"CMG-komment\u00e1r: Hamarosan megkezd\u0151dik az APEC \u201eK\u00edna \u00c9ve\u201d, amely \u00faj korszakba vezeti az \u00e1zsiai-csendes-\u00f3ce\u00e1ni k\u00f6z\u00f6ss\u00e9get - kinaikaleidoszkop.hu\",\"isPartOf\":{\"@id\":\"https:\/\/kinaikaleidoszkop.hu\/#website\"},\"primaryImageOfPage\":{\"@id\":\"https:\/\/kinaikaleidoszkop.hu\/index.php\/2025\/11\/02\/cmg-kommentar-hamarosan-megkezdodik-az-apec-kina-eve-amely-uj-korszakba-vezeti-az-azsiai-csendes-oceani-kozosseget\/#primaryimage\"},\"image\":{\"@id\":\"https:\/\/kinaikaleidoszkop.hu\/index.php\/2025\/11\/02\/cmg-kommentar-hamarosan-megkezdodik-az-apec-kina-eve-amely-uj-korszakba-vezeti-az-azsiai-csendes-oceani-kozosseget\/#primaryimage\"},\"thumbnailUrl\":\"https:\/\/kinaikaleidoszkop.hu\/wp-content\/uploads\/2025\/11\/1102-1-1.jpg\",\"datePublished\":\"2025-11-02T19:42:51+00:00\",\"dateModified\":\"2025-11-02T19:42:51+00:00\",\"author\":{\"@id\":\"https:\/\/kinaikaleidoszkop.hu\/#\/schema\/person\/4d69b71e7e70322713b9d9287b610556\"},\"breadcrumb\":{\"@id\":\"https:\/\/kinaikaleidoszkop.hu\/index.php\/2025\/11\/02\/cmg-kommentar-hamarosan-megkezdodik-az-apec-kina-eve-amely-uj-korszakba-vezeti-az-azsiai-csendes-oceani-kozosseget\/#breadcrumb\"},\"inLanguage\":\"hu\",\"potentialAction\":[{\"@type\":\"ReadAction\",\"target\":[\"https:\/\/kinaikaleidoszkop.hu\/index.php\/2025\/11\/02\/cmg-kommentar-hamarosan-megkezdodik-az-apec-kina-eve-amely-uj-korszakba-vezeti-az-azsiai-csendes-oceani-kozosseget\/\"]}]},{\"@type\":\"ImageObject\",\"inLanguage\":\"hu\",\"@id\":\"https:\/\/kinaikaleidoszkop.hu\/index.php\/2025\/11\/02\/cmg-kommentar-hamarosan-megkezdodik-az-apec-kina-eve-amely-uj-korszakba-vezeti-az-azsiai-csendes-oceani-kozosseget\/#primaryimage\",\"url\":\"https:\/\/kinaikaleidoszkop.hu\/wp-content\/uploads\/2025\/11\/1102-1-1.jpg\",\"contentUrl\":\"https:\/\/kinaikaleidoszkop.hu\/wp-content\/uploads\/2025\/11\/1102-1-1.jpg\",\"width\":1280,\"height\":994},{\"@type\":\"BreadcrumbList\",\"@id\":\"https:\/\/kinaikaleidoszkop.hu\/index.php\/2025\/11\/02\/cmg-kommentar-hamarosan-megkezdodik-az-apec-kina-eve-amely-uj-korszakba-vezeti-az-azsiai-csendes-oceani-kozosseget\/#breadcrumb\",\"itemListElement\":[{\"@type\":\"ListItem\",\"position\":1,\"name\":\"Kezd\u0151lap\",\"item\":\"https:\/\/kinaikaleidoszkop.hu\/\"},{\"@type\":\"ListItem\",\"position\":2,\"name\":\"CMG-komment\u00e1r: Hamarosan megkezd\u0151dik az APEC \u201eK\u00edna \u00c9ve\u201d, amely \u00faj korszakba vezeti az \u00e1zsiai-csendes-\u00f3ce\u00e1ni k\u00f6z\u00f6ss\u00e9get\"}]},{\"@type\":\"WebSite\",\"@id\":\"https:\/\/kinaikaleidoszkop.hu\/#website\",\"url\":\"https:\/\/kinaikaleidoszkop.hu\/\",\"name\":\"kinaikaleidoszkop.hu\",\"description\":\"\",\"potentialAction\":[{\"@type\":\"SearchAction\",\"target\":{\"@type\":\"EntryPoint\",\"urlTemplate\":\"https:\/\/kinaikaleidoszkop.hu\/?s={search_term_string}\"},\"query-input\":{\"@type\":\"PropertyValueSpecification\",\"valueRequired\":true,\"valueName\":\"search_term_string\"}}],\"inLanguage\":\"hu\"},{\"@type\":\"Person\",\"@id\":\"https:\/\/kinaikaleidoszkop.hu\/#\/schema\/person\/4d69b71e7e70322713b9d9287b610556\",\"name\":\"Szerk_Erik\",\"image\":{\"@type\":\"ImageObject\",\"inLanguage\":\"hu\",\"@id\":\"https:\/\/kinaikaleidoszkop.hu\/#\/schema\/person\/image\/\",\"url\":\"https:\/\/secure.gravatar.com\/avatar\/3c1e909a14c0c91d2eaef877aaacb584c667f8e7137de69653aa9561fd0e8062?s=96&d=mm&r=g\",\"contentUrl\":\"https:\/\/secure.gravatar.com\/avatar\/3c1e909a14c0c91d2eaef877aaacb584c667f8e7137de69653aa9561fd0e8062?s=96&d=mm&r=g\",\"caption\":\"Szerk_Erik\"},\"url\":\"https:\/\/pestcentrum.hu\"}]}<\/script>\n<!-- \/ Yoast SEO plugin. -->","yoast_head_json":{"title":"CMG-komment\u00e1r: Hamarosan megkezd\u0151dik az APEC \u201eK\u00edna \u00c9ve\u201d, amely \u00faj korszakba vezeti az \u00e1zsiai-csendes-\u00f3ce\u00e1ni k\u00f6z\u00f6ss\u00e9get - kinaikaleidoszkop.hu","robots":{"index":"index","follow":"follow","max-snippet":"max-snippet:-1","max-image-preview":"max-image-preview:large","max-video-preview":"max-video-preview:-1"},"canonical":"https:\/\/pestcentrum.hu\/2025\/11\/02\/cmg-kommentar-hamarosan-megkezdodik-az-apec-kina-eve-amely-uj-korszakba-vezeti-az-azsiai-csendes-oceani-kozosseget\/","og_locale":"hu_HU","og_type":"article","og_title":"CMG-komment\u00e1r: Hamarosan megkezd\u0151dik az APEC \u201eK\u00edna \u00c9ve\u201d, amely \u00faj korszakba vezeti az \u00e1zsiai-csendes-\u00f3ce\u00e1ni k\u00f6z\u00f6ss\u00e9get - kinaikaleidoszkop.hu","og_description":"November 1-j\u00e9n d\u00e9lel\u0151tt a d\u00e9l-koreai Gyeongjuban Hszi Csin-ping k\u00ednai \u00e1llameln\u00f6k r\u00e9szt vett az APEC vezet\u0151inek 32. inform\u00e1lis tal\u00e1lkoz\u00f3j\u00e1nak a h\u00e1zigazda feladatok \u00e1tad\u00e1s\u00e1t kifejez\u0151 \u00fcnneps\u00e9g\u00e9n. Hszi Csin-ping bejelentette, hogy K\u00edna j\u00f6v\u0151 novemberben a Guangdong tartom\u00e1nybeli Shenzhenben ad otthont az APEC-vezet\u0151k 33. inform\u00e1lis tal\u00e1lkoz\u00f3j\u00e1nak. Ezzel K\u00edna a 2001-es \u00e9s 2014-es alkalmat k\u00f6vet\u0151en harmadszor lesz h\u00e1zigazd\u00e1ja az APEC-cs\u00facsnak. [&hellip;]","og_url":"https:\/\/kinaikaleidoszkop.hu\/index.php\/2025\/11\/02\/cmg-kommentar-hamarosan-megkezdodik-az-apec-kina-eve-amely-uj-korszakba-vezeti-az-azsiai-csendes-oceani-kozosseget\/","og_site_name":"kinaikaleidoszkop.hu","article_published_time":"2025-11-02T19:42:51+00:00","og_image":[{"width":1280,"height":994,"url":"https:\/\/kinaikaleidoszkop.hu\/wp-content\/uploads\/2025\/11\/1102-1-1.jpg","type":"image\/jpeg"}],"author":"Szerk_Erik","twitter_card":"summary_large_image","twitter_misc":{"Szerz\u0151:":"PestCentrum","Becs\u00fclt olvas\u00e1si id\u0151":"4 perc"},"schema":{"@context":"https:\/\/schema.org","@graph":[{"@type":"WebPage","@id":"https:\/\/kinaikaleidoszkop.hu\/index.php\/2025\/11\/02\/cmg-kommentar-hamarosan-megkezdodik-az-apec-kina-eve-amely-uj-korszakba-vezeti-az-azsiai-csendes-oceani-kozosseget\/","url":"https:\/\/kinaikaleidoszkop.hu\/index.php\/2025\/11\/02\/cmg-kommentar-hamarosan-megkezdodik-az-apec-kina-eve-amely-uj-korszakba-vezeti-az-azsiai-csendes-oceani-kozosseget\/","name":"CMG-komment\u00e1r: Hamarosan megkezd\u0151dik az APEC \u201eK\u00edna \u00c9ve\u201d, amely \u00faj korszakba vezeti az \u00e1zsiai-csendes-\u00f3ce\u00e1ni k\u00f6z\u00f6ss\u00e9get - kinaikaleidoszkop.hu","isPartOf":{"@id":"https:\/\/kinaikaleidoszkop.hu\/#website"},"primaryImageOfPage":{"@id":"https:\/\/kinaikaleidoszkop.hu\/index.php\/2025\/11\/02\/cmg-kommentar-hamarosan-megkezdodik-az-apec-kina-eve-amely-uj-korszakba-vezeti-az-azsiai-csendes-oceani-kozosseget\/#primaryimage"},"image":{"@id":"https:\/\/kinaikaleidoszkop.hu\/index.php\/2025\/11\/02\/cmg-kommentar-hamarosan-megkezdodik-az-apec-kina-eve-amely-uj-korszakba-vezeti-az-azsiai-csendes-oceani-kozosseget\/#primaryimage"},"thumbnailUrl":"https:\/\/kinaikaleidoszkop.hu\/wp-content\/uploads\/2025\/11\/1102-1-1.jpg","datePublished":"2025-11-02T19:42:51+00:00","dateModified":"2025-11-02T19:42:51+00:00","author":{"@id":"https:\/\/kinaikaleidoszkop.hu\/#\/schema\/person\/4d69b71e7e70322713b9d9287b610556"},"breadcrumb":{"@id":"https:\/\/kinaikaleidoszkop.hu\/index.php\/2025\/11\/02\/cmg-kommentar-hamarosan-megkezdodik-az-apec-kina-eve-amely-uj-korszakba-vezeti-az-azsiai-csendes-oceani-kozosseget\/#breadcrumb"},"inLanguage":"hu","potentialAction":[{"@type":"ReadAction","target":["https:\/\/kinaikaleidoszkop.hu\/index.php\/2025\/11\/02\/cmg-kommentar-hamarosan-megkezdodik-az-apec-kina-eve-amely-uj-korszakba-vezeti-az-azsiai-csendes-oceani-kozosseget\/"]}]},{"@type":"ImageObject","inLanguage":"hu","@id":"https:\/\/kinaikaleidoszkop.hu\/index.php\/2025\/11\/02\/cmg-kommentar-hamarosan-megkezdodik-az-apec-kina-eve-amely-uj-korszakba-vezeti-az-azsiai-csendes-oceani-kozosseget\/#primaryimage","url":"https:\/\/kinaikaleidoszkop.hu\/wp-content\/uploads\/2025\/11\/1102-1-1.jpg","contentUrl":"https:\/\/kinaikaleidoszkop.hu\/wp-content\/uploads\/2025\/11\/1102-1-1.jpg","width":1280,"height":994},{"@type":"BreadcrumbList","@id":"https:\/\/kinaikaleidoszkop.hu\/index.php\/2025\/11\/02\/cmg-kommentar-hamarosan-megkezdodik-az-apec-kina-eve-amely-uj-korszakba-vezeti-az-azsiai-csendes-oceani-kozosseget\/#breadcrumb","itemListElement":[{"@type":"ListItem","position":1,"name":"Kezd\u0151lap","item":"https:\/\/kinaikaleidoszkop.hu\/"},{"@type":"ListItem","position":2,"name":"CMG-komment\u00e1r: Hamarosan megkezd\u0151dik az APEC \u201eK\u00edna \u00c9ve\u201d, amely \u00faj korszakba vezeti az \u00e1zsiai-csendes-\u00f3ce\u00e1ni k\u00f6z\u00f6ss\u00e9get"}]},{"@type":"WebSite","@id":"https:\/\/kinaikaleidoszkop.hu\/#website","url":"https:\/\/kinaikaleidoszkop.hu\/","name":"kinaikaleidoszkop.hu","description":"","potentialAction":[{"@type":"SearchAction","target":{"@type":"EntryPoint","urlTemplate":"https:\/\/kinaikaleidoszkop.hu\/?s={search_term_string}"},"query-input":{"@type":"PropertyValueSpecification","valueRequired":true,"valueName":"search_term_string"}}],"inLanguage":"hu"},{"@type":"Person","@id":"https:\/\/kinaikaleidoszkop.hu\/#\/schema\/person\/4d69b71e7e70322713b9d9287b610556","name":"Szerk_Erik","image":{"@type":"ImageObject","inLanguage":"hu","@id":"https:\/\/kinaikaleidoszkop.hu\/#\/schema\/person\/image\/","url":"https:\/\/secure.gravatar.com\/avatar\/3c1e909a14c0c91d2eaef877aaacb584c667f8e7137de69653aa9561fd0e8062?s=96&d=mm&r=g","contentUrl":"https:\/\/secure.gravatar.com\/avatar\/3c1e909a14c0c91d2eaef877aaacb584c667f8e7137de69653aa9561fd0e8062?s=96&d=mm&r=g","caption":"Szerk_Erik"},"url":"https:\/\/pestcentrum.hu"}]}},"views":96,"distributor_meta":false,"distributor_terms":false,"distributor_media":false,"distributor_original_site_name":"PestCentrum","distributor_original_site_url":"https:\/\/pestcentrum.hu","push-errors":false,"_links":{"self":[{"href":"https:\/\/kinaikaleidoszkop.hu\/index.php\/wp-json\/wp\/v2\/posts\/27372","targetHints":{"allow":["GET"]}}],"collection":[{"href":"https:\/\/kinaikaleidoszkop.hu\/index.php\/wp-json\/wp\/v2\/posts"}],"about":[{"href":"https:\/\/kinaikaleidoszkop.hu\/index.php\/wp-json\/wp\/v2\/types\/post"}],"author":[{"embeddable":true,"href":"https:\/\/kinaikaleidoszkop.hu\/index.php\/wp-json\/wp\/v2\/users\/7"}],"replies":[{"embeddable":true,"href":"https:\/\/kinaikaleidoszkop.hu\/index.php\/wp-json\/wp\/v2\/comments?post=27372"}],"version-history":[{"count":0,"href":"https:\/\/kinaikaleidoszkop.hu\/index.php\/wp-json\/wp\/v2\/posts\/27372\/revisions"}],"wp:featuredmedia":[{"embeddable":true,"href":"https:\/\/kinaikaleidoszkop.hu\/index.php\/wp-json\/wp\/v2\/media\/27373"}],"wp:attachment":[{"href":"https:\/\/kinaikaleidoszkop.hu\/index.php\/wp-json\/wp\/v2\/media?parent=27372"}],"wp:term":[{"taxonomy":"category","embeddable":true,"href":"https:\/\/kinaikaleidoszkop.hu\/index.php\/wp-json\/wp\/v2\/categories?post=27372"},{"taxonomy":"post_tag","embeddable":true,"href":"https:\/\/kinaikaleidoszkop.hu\/index.php\/wp-json\/wp\/v2\/tags?post=27372"}],"curies":[{"name":"wp","href":"https:\/\/api.w.org\/{rel}","templated":true}]}}