{"id":27430,"date":"2025-11-06T16:38:00","date_gmt":"2025-11-06T15:38:00","guid":{"rendered":"https:\/\/kinaikaleidoszkop.hu\/index.php\/2025\/11\/06\/letrehoztak-a-globalis-del-orszagainak-mediapartnerseget\/"},"modified":"2025-11-07T09:30:47","modified_gmt":"2025-11-07T08:30:47","slug":"letrehoztak-a-globalis-del-orszagainak-mediapartnerseget","status":"publish","type":"post","link":"https:\/\/kinaikaleidoszkop.hu\/index.php\/2025\/11\/06\/letrehoztak-a-globalis-del-orszagainak-mediapartnerseget\/","title":{"rendered":"L\u00e9trehozt\u00e1k a\u00a0glob\u00e1lis D\u00e9l orsz\u00e1gainak m\u00e9diapartners\u00e9g\u00e9t"},"content":{"rendered":"\n<p><strong>November 6-\u00e1n Shaanxi tartom\u00e1ny sz\u00e9khely\u00e9n, Xi&#8217;anban,&nbsp;rendezt\u00e9k meg a&nbsp;Glob\u00e1lis D\u00e9l M\u00e9diapartnerek mechanizmus alakul\u00f3 \u00fcl\u00e9s\u00e9t, egyben a 13. Glob\u00e1lis Videom\u00e9dia F\u00f3rumot.&nbsp;<\/strong><\/p>\n\n\n<div class=\"wp-block-image\">\n<figure class=\"aligncenter size-full\"><img decoding=\"async\" src=\"https:\/\/pestcentrum.hu\/wp-content\/uploads\/2025\/11\/Letrehoztak-a-globalis-del-orszagainak-mediapartnerseget.jpg\" alt=\"\" class=\"wp-image-39709\"\/><\/figure>\n<\/div>\n\n\n<p>Asif Ali Zardari pakiszt\u00e1ni eln\u00f6k, Anura Kumara Dissanayake Sr\u00ed Lanka-i eln\u00f6k \u00e9s Tabar\u00e9 V\u00e1zquez uruguayi eln\u00f6k \u00fcdv\u00f6zl\u0151 \u00fczeneteket k\u00fcldtek ebb\u0151l az alkalomb\u00f3l. Az esem\u00e9nyen, amelyen sz\u00e1mos m\u00e9diaegy\u00fcttm\u0171k\u00f6d\u00e9s eredm\u00e9ny\u00e9t is bemutatt\u00e1k, t\u00f6bb mint 300 vend\u00e9g vett r\u00e9szt, k\u00f6zt\u00fck 40 orsz\u00e1g \u00e9s r\u00e9gi\u00f3 nemzetk\u00f6zi szervezeteinek \u00e9s m\u00e9diaint\u00e9zm\u00e9nyeinek vezet\u0151i, valamint az \u00e9rintett orsz\u00e1gok k\u00ednai k\u00fclk\u00e9pviseleteinek munkat\u00e1rsai.<\/p>\n\n\n\n<p>Shen Haixiong, a K\u00ednai Kommunista P\u00e1rt K\u00f6zponti Bizotts\u00e1ga Propagandaoszt\u00e1ly\u00e1nak aleln\u00f6ke, egyben a CMG eln\u00f6ke besz\u00e9d\u00e9ben egyebek k\u00f6z\u00f6tt kijelentette, hogy a vil\u00e1g egy \u00faj, turbulens \u00e9s \u00e1talakul\u00e1sokkal teli korszakba l\u00e9pett.&nbsp;<\/p>\n\n\n\n<p>Mint mondta, Hszi Csin-ping eln\u00f6k el\u0151terjesztette a \u201eglob\u00e1lis korm\u00e1nyz\u00e1s kezdem\u00e9nyez\u00e9s\u00e9t\u201d, amely k\u00f6zvetlen\u00fcl foglalkozik a glob\u00e1lis d\u00e9l orsz\u00e1gainak legs\u00fcrget\u0151bb ig\u00e9nyeivel. A CMG javasolta a \u201eglob\u00e1lis d\u00e9l orsz\u00e1gainak m\u00e9diapartners\u00e9ge\u201d elnevez\u00e9s\u0171 mechanizmus l\u00e9trehoz\u00e1s\u00e1t, \u00e9s hogy a k\u00ednai \u00e9s nemzetk\u00f6zi m\u00e9diapartnerek k\u00f6z\u00f6sen vizsg\u00e1lj\u00e1k meg a m\u00e9dia glob\u00e1lis korm\u00e1nyz\u00e1s ter\u00e9n bet\u00f6lt\u00f6tt felel\u0151ss\u00e9g\u00e9t.&nbsp;<\/p>\n\n\n\n<p>\u201ePontosan ez\u00e9rt kell fenntartanunk az \u00fajs\u00e1g\u00edr\u00f3i professzionalizmust, befogadnunk a technol\u00f3giai \u00e1talakul\u00e1st, hidakat \u00e9p\u00edten\u00fcnk a p\u00e1rbesz\u00e9dhez, \u00e9s a fejleszt\u00e9si egy\u00fcttm\u0171k\u00f6d\u00e9sre koncentr\u00e1lnunk\u201d \u2013 jelentette ki Shen. Hozz\u00e1tette: \u201ea k\u00ednai modell\u0171 moderniz\u00e1ci\u00f3 jelent\u0151s lehet\u0151s\u00e9get jelent a glob\u00e1lis fejl\u0151d\u00e9s sz\u00e1m\u00e1ra. A CMG k\u00e9szen \u00e1ll arra, hogy glob\u00e1lis d\u00e9li m\u00e9diapartnereivel egy\u00fctt megragadja ezt a lehet\u0151s\u00e9get, \u00e9s a kollekt\u00edv b\u00f6lcsess\u00e9ggel hozz\u00e1j\u00e1ruljon egy igazs\u00e1gosabb, inkluz\u00edvabb \u00e9s vir\u00e1gz\u00f3bb vil\u00e1grend kialak\u00edt\u00e1s\u00e1hoz\u201d.<\/p>\n\n\n\n<p><strong><em>(China Media Group)<\/em><\/strong><\/p>\n\n\n\n<p><strong>2025. november 6.<\/strong><\/p>\n\n\n\n<p><strong><em>(x)<\/em><\/strong><\/p>\n","protected":false},"excerpt":{"rendered":"<p>November 6-\u00e1n Shaanxi tartom\u00e1ny sz\u00e9khely\u00e9n, Xi&#8217;anban,&nbsp;rendezt\u00e9k meg a&nbsp;Glob\u00e1lis D\u00e9l M\u00e9diapartnerek mechanizmus alakul\u00f3 \u00fcl\u00e9s\u00e9t, egyben a 13. Glob\u00e1lis Videom\u00e9dia F\u00f3rumot.&nbsp; Asif Ali Zardari pakiszt\u00e1ni eln\u00f6k, Anura Kumara Dissanayake Sr\u00ed Lanka-i eln\u00f6k \u00e9s Tabar\u00e9 V\u00e1zquez uruguayi eln\u00f6k \u00fcdv\u00f6zl\u0151 \u00fczeneteket k\u00fcldtek ebb\u0151l az alkalomb\u00f3l. Az esem\u00e9nyen, amelyen sz\u00e1mos m\u00e9diaegy\u00fcttm\u0171k\u00f6d\u00e9s eredm\u00e9ny\u00e9t is bemutatt\u00e1k, t\u00f6bb mint 300 vend\u00e9g vett r\u00e9szt, [&hellip;]<\/p>\n","protected":false},"author":7,"featured_media":27442,"comment_status":"closed","ping_status":"","sticky":false,"template":"","format":"standard","meta":{"footnotes":""},"categories":[4797],"tags":[637,3696,2074,2735,3278,2981],"class_list":["post-27430","post","type-post","status-publish","format-standard","has-post-thumbnail","hentry","category-egyeb-hirek","tag-diplomacia","tag-kina","tag-kooperacio","tag-media","tag-osszefogas","tag-partnerseg"],"yoast_head":"<!-- This site is optimized with the Yoast SEO plugin v23.7 - https:\/\/yoast.com\/wordpress\/plugins\/seo\/ -->\n<title>L\u00e9trehozt\u00e1k a\u00a0glob\u00e1lis D\u00e9l orsz\u00e1gainak m\u00e9diapartners\u00e9g\u00e9t - kinaikaleidoszkop.hu<\/title>\n<meta name=\"robots\" content=\"index, follow, max-snippet:-1, max-image-preview:large, max-video-preview:-1\" \/>\n<link rel=\"canonical\" href=\"https:\/\/pestcentrum.hu\/2025\/11\/06\/letrehoztak-a-globalis-del-orszagainak-mediapartnerseget\/\" \/>\n<meta property=\"og:locale\" content=\"hu_HU\" \/>\n<meta property=\"og:type\" content=\"article\" \/>\n<meta property=\"og:title\" content=\"L\u00e9trehozt\u00e1k a\u00a0glob\u00e1lis D\u00e9l orsz\u00e1gainak m\u00e9diapartners\u00e9g\u00e9t - kinaikaleidoszkop.hu\" \/>\n<meta property=\"og:description\" content=\"November 6-\u00e1n Shaanxi tartom\u00e1ny sz\u00e9khely\u00e9n, Xi&#8217;anban,&nbsp;rendezt\u00e9k meg a&nbsp;Glob\u00e1lis D\u00e9l M\u00e9diapartnerek mechanizmus alakul\u00f3 \u00fcl\u00e9s\u00e9t, egyben a 13. Glob\u00e1lis Videom\u00e9dia F\u00f3rumot.&nbsp; Asif Ali Zardari pakiszt\u00e1ni eln\u00f6k, Anura Kumara Dissanayake Sr\u00ed Lanka-i eln\u00f6k \u00e9s Tabar\u00e9 V\u00e1zquez uruguayi eln\u00f6k \u00fcdv\u00f6zl\u0151 \u00fczeneteket k\u00fcldtek ebb\u0151l az alkalomb\u00f3l. Az esem\u00e9nyen, amelyen sz\u00e1mos m\u00e9diaegy\u00fcttm\u0171k\u00f6d\u00e9s eredm\u00e9ny\u00e9t is bemutatt\u00e1k, t\u00f6bb mint 300 vend\u00e9g vett r\u00e9szt, [&hellip;]\" \/>\n<meta property=\"og:url\" content=\"https:\/\/kinaikaleidoszkop.hu\/index.php\/2025\/11\/06\/letrehoztak-a-globalis-del-orszagainak-mediapartnerseget\/\" \/>\n<meta property=\"og:site_name\" content=\"kinaikaleidoszkop.hu\" \/>\n<meta property=\"article:published_time\" content=\"2025-11-06T15:38:00+00:00\" \/>\n<meta property=\"article:modified_time\" content=\"2025-11-07T08:30:47+00:00\" \/>\n<meta property=\"og:image\" content=\"https:\/\/kinaikaleidoszkop.hu\/wp-content\/uploads\/2025\/11\/Letrehoztak-a-globalis-del-orszagainak-mediapartnerseget.jpg\" \/>\n\t<meta property=\"og:image:width\" content=\"840\" \/>\n\t<meta property=\"og:image:height\" content=\"553\" \/>\n\t<meta property=\"og:image:type\" content=\"image\/jpeg\" \/>\n<meta name=\"author\" content=\"Szerk_Erik\" \/>\n<meta name=\"twitter:card\" content=\"summary_large_image\" \/>\n<meta name=\"twitter:label1\" content=\"Szerz\u0151:\" \/>\n\t<meta name=\"twitter:data1\" content=\"PestCentrum\" \/>\n\t<meta name=\"twitter:label2\" content=\"Becs\u00fclt olvas\u00e1si id\u0151\" \/>\n\t<meta name=\"twitter:data2\" content=\"2 perc\" \/>\n<script type=\"application\/ld+json\" class=\"yoast-schema-graph\">{\"@context\":\"https:\/\/schema.org\",\"@graph\":[{\"@type\":\"WebPage\",\"@id\":\"https:\/\/kinaikaleidoszkop.hu\/index.php\/2025\/11\/06\/letrehoztak-a-globalis-del-orszagainak-mediapartnerseget\/\",\"url\":\"https:\/\/kinaikaleidoszkop.hu\/index.php\/2025\/11\/06\/letrehoztak-a-globalis-del-orszagainak-mediapartnerseget\/\",\"name\":\"L\u00e9trehozt\u00e1k a\u00a0glob\u00e1lis D\u00e9l orsz\u00e1gainak m\u00e9diapartners\u00e9g\u00e9t - kinaikaleidoszkop.hu\",\"isPartOf\":{\"@id\":\"https:\/\/kinaikaleidoszkop.hu\/#website\"},\"primaryImageOfPage\":{\"@id\":\"https:\/\/kinaikaleidoszkop.hu\/index.php\/2025\/11\/06\/letrehoztak-a-globalis-del-orszagainak-mediapartnerseget\/#primaryimage\"},\"image\":{\"@id\":\"https:\/\/kinaikaleidoszkop.hu\/index.php\/2025\/11\/06\/letrehoztak-a-globalis-del-orszagainak-mediapartnerseget\/#primaryimage\"},\"thumbnailUrl\":\"https:\/\/kinaikaleidoszkop.hu\/wp-content\/uploads\/2025\/11\/Letrehoztak-a-globalis-del-orszagainak-mediapartnerseget.jpg\",\"datePublished\":\"2025-11-06T15:38:00+00:00\",\"dateModified\":\"2025-11-07T08:30:47+00:00\",\"author\":{\"@id\":\"https:\/\/kinaikaleidoszkop.hu\/#\/schema\/person\/4d69b71e7e70322713b9d9287b610556\"},\"breadcrumb\":{\"@id\":\"https:\/\/kinaikaleidoszkop.hu\/index.php\/2025\/11\/06\/letrehoztak-a-globalis-del-orszagainak-mediapartnerseget\/#breadcrumb\"},\"inLanguage\":\"hu\",\"potentialAction\":[{\"@type\":\"ReadAction\",\"target\":[\"https:\/\/kinaikaleidoszkop.hu\/index.php\/2025\/11\/06\/letrehoztak-a-globalis-del-orszagainak-mediapartnerseget\/\"]}]},{\"@type\":\"ImageObject\",\"inLanguage\":\"hu\",\"@id\":\"https:\/\/kinaikaleidoszkop.hu\/index.php\/2025\/11\/06\/letrehoztak-a-globalis-del-orszagainak-mediapartnerseget\/#primaryimage\",\"url\":\"https:\/\/kinaikaleidoszkop.hu\/wp-content\/uploads\/2025\/11\/Letrehoztak-a-globalis-del-orszagainak-mediapartnerseget.jpg\",\"contentUrl\":\"https:\/\/kinaikaleidoszkop.hu\/wp-content\/uploads\/2025\/11\/Letrehoztak-a-globalis-del-orszagainak-mediapartnerseget.jpg\",\"width\":840,\"height\":553},{\"@type\":\"BreadcrumbList\",\"@id\":\"https:\/\/kinaikaleidoszkop.hu\/index.php\/2025\/11\/06\/letrehoztak-a-globalis-del-orszagainak-mediapartnerseget\/#breadcrumb\",\"itemListElement\":[{\"@type\":\"ListItem\",\"position\":1,\"name\":\"Kezd\u0151lap\",\"item\":\"https:\/\/kinaikaleidoszkop.hu\/\"},{\"@type\":\"ListItem\",\"position\":2,\"name\":\"L\u00e9trehozt\u00e1k a\u00a0glob\u00e1lis D\u00e9l orsz\u00e1gainak m\u00e9diapartners\u00e9g\u00e9t\"}]},{\"@type\":\"WebSite\",\"@id\":\"https:\/\/kinaikaleidoszkop.hu\/#website\",\"url\":\"https:\/\/kinaikaleidoszkop.hu\/\",\"name\":\"kinaikaleidoszkop.hu\",\"description\":\"\",\"potentialAction\":[{\"@type\":\"SearchAction\",\"target\":{\"@type\":\"EntryPoint\",\"urlTemplate\":\"https:\/\/kinaikaleidoszkop.hu\/?s={search_term_string}\"},\"query-input\":{\"@type\":\"PropertyValueSpecification\",\"valueRequired\":true,\"valueName\":\"search_term_string\"}}],\"inLanguage\":\"hu\"},{\"@type\":\"Person\",\"@id\":\"https:\/\/kinaikaleidoszkop.hu\/#\/schema\/person\/4d69b71e7e70322713b9d9287b610556\",\"name\":\"Szerk_Erik\",\"image\":{\"@type\":\"ImageObject\",\"inLanguage\":\"hu\",\"@id\":\"https:\/\/kinaikaleidoszkop.hu\/#\/schema\/person\/image\/\",\"url\":\"https:\/\/secure.gravatar.com\/avatar\/3c1e909a14c0c91d2eaef877aaacb584c667f8e7137de69653aa9561fd0e8062?s=96&d=mm&r=g\",\"contentUrl\":\"https:\/\/secure.gravatar.com\/avatar\/3c1e909a14c0c91d2eaef877aaacb584c667f8e7137de69653aa9561fd0e8062?s=96&d=mm&r=g\",\"caption\":\"Szerk_Erik\"},\"url\":\"https:\/\/pestcentrum.hu\"}]}<\/script>\n<!-- \/ Yoast SEO plugin. -->","yoast_head_json":{"title":"L\u00e9trehozt\u00e1k a\u00a0glob\u00e1lis D\u00e9l orsz\u00e1gainak m\u00e9diapartners\u00e9g\u00e9t - kinaikaleidoszkop.hu","robots":{"index":"index","follow":"follow","max-snippet":"max-snippet:-1","max-image-preview":"max-image-preview:large","max-video-preview":"max-video-preview:-1"},"canonical":"https:\/\/pestcentrum.hu\/2025\/11\/06\/letrehoztak-a-globalis-del-orszagainak-mediapartnerseget\/","og_locale":"hu_HU","og_type":"article","og_title":"L\u00e9trehozt\u00e1k a\u00a0glob\u00e1lis D\u00e9l orsz\u00e1gainak m\u00e9diapartners\u00e9g\u00e9t - kinaikaleidoszkop.hu","og_description":"November 6-\u00e1n Shaanxi tartom\u00e1ny sz\u00e9khely\u00e9n, Xi&#8217;anban,&nbsp;rendezt\u00e9k meg a&nbsp;Glob\u00e1lis D\u00e9l M\u00e9diapartnerek mechanizmus alakul\u00f3 \u00fcl\u00e9s\u00e9t, egyben a 13. Glob\u00e1lis Videom\u00e9dia F\u00f3rumot.&nbsp; Asif Ali Zardari pakiszt\u00e1ni eln\u00f6k, Anura Kumara Dissanayake Sr\u00ed Lanka-i eln\u00f6k \u00e9s Tabar\u00e9 V\u00e1zquez uruguayi eln\u00f6k \u00fcdv\u00f6zl\u0151 \u00fczeneteket k\u00fcldtek ebb\u0151l az alkalomb\u00f3l. Az esem\u00e9nyen, amelyen sz\u00e1mos m\u00e9diaegy\u00fcttm\u0171k\u00f6d\u00e9s eredm\u00e9ny\u00e9t is bemutatt\u00e1k, t\u00f6bb mint 300 vend\u00e9g vett r\u00e9szt, [&hellip;]","og_url":"https:\/\/kinaikaleidoszkop.hu\/index.php\/2025\/11\/06\/letrehoztak-a-globalis-del-orszagainak-mediapartnerseget\/","og_site_name":"kinaikaleidoszkop.hu","article_published_time":"2025-11-06T15:38:00+00:00","article_modified_time":"2025-11-07T08:30:47+00:00","og_image":[{"width":840,"height":553,"url":"https:\/\/kinaikaleidoszkop.hu\/wp-content\/uploads\/2025\/11\/Letrehoztak-a-globalis-del-orszagainak-mediapartnerseget.jpg","type":"image\/jpeg"}],"author":"Szerk_Erik","twitter_card":"summary_large_image","twitter_misc":{"Szerz\u0151:":"PestCentrum","Becs\u00fclt olvas\u00e1si id\u0151":"2 perc"},"schema":{"@context":"https:\/\/schema.org","@graph":[{"@type":"WebPage","@id":"https:\/\/kinaikaleidoszkop.hu\/index.php\/2025\/11\/06\/letrehoztak-a-globalis-del-orszagainak-mediapartnerseget\/","url":"https:\/\/kinaikaleidoszkop.hu\/index.php\/2025\/11\/06\/letrehoztak-a-globalis-del-orszagainak-mediapartnerseget\/","name":"L\u00e9trehozt\u00e1k a\u00a0glob\u00e1lis D\u00e9l orsz\u00e1gainak m\u00e9diapartners\u00e9g\u00e9t - kinaikaleidoszkop.hu","isPartOf":{"@id":"https:\/\/kinaikaleidoszkop.hu\/#website"},"primaryImageOfPage":{"@id":"https:\/\/kinaikaleidoszkop.hu\/index.php\/2025\/11\/06\/letrehoztak-a-globalis-del-orszagainak-mediapartnerseget\/#primaryimage"},"image":{"@id":"https:\/\/kinaikaleidoszkop.hu\/index.php\/2025\/11\/06\/letrehoztak-a-globalis-del-orszagainak-mediapartnerseget\/#primaryimage"},"thumbnailUrl":"https:\/\/kinaikaleidoszkop.hu\/wp-content\/uploads\/2025\/11\/Letrehoztak-a-globalis-del-orszagainak-mediapartnerseget.jpg","datePublished":"2025-11-06T15:38:00+00:00","dateModified":"2025-11-07T08:30:47+00:00","author":{"@id":"https:\/\/kinaikaleidoszkop.hu\/#\/schema\/person\/4d69b71e7e70322713b9d9287b610556"},"breadcrumb":{"@id":"https:\/\/kinaikaleidoszkop.hu\/index.php\/2025\/11\/06\/letrehoztak-a-globalis-del-orszagainak-mediapartnerseget\/#breadcrumb"},"inLanguage":"hu","potentialAction":[{"@type":"ReadAction","target":["https:\/\/kinaikaleidoszkop.hu\/index.php\/2025\/11\/06\/letrehoztak-a-globalis-del-orszagainak-mediapartnerseget\/"]}]},{"@type":"ImageObject","inLanguage":"hu","@id":"https:\/\/kinaikaleidoszkop.hu\/index.php\/2025\/11\/06\/letrehoztak-a-globalis-del-orszagainak-mediapartnerseget\/#primaryimage","url":"https:\/\/kinaikaleidoszkop.hu\/wp-content\/uploads\/2025\/11\/Letrehoztak-a-globalis-del-orszagainak-mediapartnerseget.jpg","contentUrl":"https:\/\/kinaikaleidoszkop.hu\/wp-content\/uploads\/2025\/11\/Letrehoztak-a-globalis-del-orszagainak-mediapartnerseget.jpg","width":840,"height":553},{"@type":"BreadcrumbList","@id":"https:\/\/kinaikaleidoszkop.hu\/index.php\/2025\/11\/06\/letrehoztak-a-globalis-del-orszagainak-mediapartnerseget\/#breadcrumb","itemListElement":[{"@type":"ListItem","position":1,"name":"Kezd\u0151lap","item":"https:\/\/kinaikaleidoszkop.hu\/"},{"@type":"ListItem","position":2,"name":"L\u00e9trehozt\u00e1k a\u00a0glob\u00e1lis D\u00e9l orsz\u00e1gainak m\u00e9diapartners\u00e9g\u00e9t"}]},{"@type":"WebSite","@id":"https:\/\/kinaikaleidoszkop.hu\/#website","url":"https:\/\/kinaikaleidoszkop.hu\/","name":"kinaikaleidoszkop.hu","description":"","potentialAction":[{"@type":"SearchAction","target":{"@type":"EntryPoint","urlTemplate":"https:\/\/kinaikaleidoszkop.hu\/?s={search_term_string}"},"query-input":{"@type":"PropertyValueSpecification","valueRequired":true,"valueName":"search_term_string"}}],"inLanguage":"hu"},{"@type":"Person","@id":"https:\/\/kinaikaleidoszkop.hu\/#\/schema\/person\/4d69b71e7e70322713b9d9287b610556","name":"Szerk_Erik","image":{"@type":"ImageObject","inLanguage":"hu","@id":"https:\/\/kinaikaleidoszkop.hu\/#\/schema\/person\/image\/","url":"https:\/\/secure.gravatar.com\/avatar\/3c1e909a14c0c91d2eaef877aaacb584c667f8e7137de69653aa9561fd0e8062?s=96&d=mm&r=g","contentUrl":"https:\/\/secure.gravatar.com\/avatar\/3c1e909a14c0c91d2eaef877aaacb584c667f8e7137de69653aa9561fd0e8062?s=96&d=mm&r=g","caption":"Szerk_Erik"},"url":"https:\/\/pestcentrum.hu"}]}},"views":80,"distributor_meta":false,"distributor_terms":false,"distributor_media":false,"distributor_original_site_name":"PestCentrum","distributor_original_site_url":"https:\/\/pestcentrum.hu","push-errors":false,"_links":{"self":[{"href":"https:\/\/kinaikaleidoszkop.hu\/index.php\/wp-json\/wp\/v2\/posts\/27430","targetHints":{"allow":["GET"]}}],"collection":[{"href":"https:\/\/kinaikaleidoszkop.hu\/index.php\/wp-json\/wp\/v2\/posts"}],"about":[{"href":"https:\/\/kinaikaleidoszkop.hu\/index.php\/wp-json\/wp\/v2\/types\/post"}],"author":[{"embeddable":true,"href":"https:\/\/kinaikaleidoszkop.hu\/index.php\/wp-json\/wp\/v2\/users\/7"}],"replies":[{"embeddable":true,"href":"https:\/\/kinaikaleidoszkop.hu\/index.php\/wp-json\/wp\/v2\/comments?post=27430"}],"version-history":[{"count":1,"href":"https:\/\/kinaikaleidoszkop.hu\/index.php\/wp-json\/wp\/v2\/posts\/27430\/revisions"}],"predecessor-version":[{"id":27440,"href":"https:\/\/kinaikaleidoszkop.hu\/index.php\/wp-json\/wp\/v2\/posts\/27430\/revisions\/27440"}],"wp:featuredmedia":[{"embeddable":true,"href":"https:\/\/kinaikaleidoszkop.hu\/index.php\/wp-json\/wp\/v2\/media\/27442"}],"wp:attachment":[{"href":"https:\/\/kinaikaleidoszkop.hu\/index.php\/wp-json\/wp\/v2\/media?parent=27430"}],"wp:term":[{"taxonomy":"category","embeddable":true,"href":"https:\/\/kinaikaleidoszkop.hu\/index.php\/wp-json\/wp\/v2\/categories?post=27430"},{"taxonomy":"post_tag","embeddable":true,"href":"https:\/\/kinaikaleidoszkop.hu\/index.php\/wp-json\/wp\/v2\/tags?post=27430"}],"curies":[{"name":"wp","href":"https:\/\/api.w.org\/{rel}","templated":true}]}}