{"id":27459,"date":"2025-11-08T14:45:08","date_gmt":"2025-11-08T13:45:08","guid":{"rendered":"https:\/\/kinaikaleidoszkop.hu\/index.php\/2025\/11\/08\/ding-xuexiang-a-fejlodo-orszagoknak-tobb-penzt-kell-adniuk-az-erdoirtas-es-az-esoerdok-pusztulasanak-csokkentesehez\/"},"modified":"2025-11-12T09:52:49","modified_gmt":"2025-11-12T08:52:49","slug":"ding-xuexiang-a-fejlodo-orszagoknak-tobb-penzt-kell-adniuk-az-erdoirtas-es-az-esoerdok-pusztulasanak-csokkentesehez","status":"publish","type":"post","link":"https:\/\/kinaikaleidoszkop.hu\/index.php\/2025\/11\/08\/ding-xuexiang-a-fejlodo-orszagoknak-tobb-penzt-kell-adniuk-az-erdoirtas-es-az-esoerdok-pusztulasanak-csokkentesehez\/","title":{"rendered":"Ding Xuexiang:\u00a0a fejl\u0151d\u0151 orsz\u00e1goknak t\u00f6bb p\u00e9nzt kell adniuk az erd\u0151irt\u00e1s \u00e9s az es\u0151erd\u0151k pusztul\u00e1s\u00e1nak cs\u00f6kkent\u00e9s\u00e9hez"},"content":{"rendered":"\n<p><strong>Helyi id\u0151 szerint november 6-\u00e1n Ding Xuexiang, Hszi Csin-ping k\u00ednai \u00e1llameln\u00f6k k\u00fcl\u00f6nmegb\u00edzottja, minisztereln\u00f6k-helyettes r\u00e9szt vett \u00e9s besz\u00e9det mondott Luiz In\u00e1cio Lula da Silva brazil eln\u00f6k \u00e1ltal eln\u00f6k\u00f6lt az \u201e\u00d6r\u00f6k&nbsp;Tr\u00f3pusi Es\u0151erd\u0151&nbsp;Alap\u201d t\u00e9m\u00e1j\u00fa eb\u00e9den a braz\u00edliai Bel\u00e9mben.<\/strong><\/p>\n\n\n<div class=\"wp-block-image\">\n<figure class=\"aligncenter size-full\"><img decoding=\"async\" src=\"https:\/\/pestcentrum.hu\/wp-content\/uploads\/2025\/11\/1108-2.jpg\" alt=\"\" class=\"wp-image-39756\"\/><\/figure>\n<\/div>\n\n\n<p>Ding Xuexiang kijelentette, hogy a tr\u00f3pusi es\u0151erd\u0151k a vil\u00e1g \u201efaj kincsesb\u00e1ny\u00e1i\u201d. Mint mondta, Hszi Csin-ping \u00e1llameln\u00f6k hangs\u00falyozta a tr\u00f3pusi es\u0151erd\u0151k szigor\u00fa v\u00e9delm\u00e9nek sz\u00fcks\u00e9gess\u00e9g\u00e9t, az \u00f6kol\u00f3giai v\u00e9delem, a z\u00f6ld fejl\u0151d\u00e9s \u00e9s az emberek meg\u00e9lhet\u00e9s\u00e9nek jav\u00edt\u00e1sa ter\u00e9n egys\u00e9ges megk\u00f6zel\u00edt\u00e9st kell alkalmazni. Kit\u00e9rt arra is, hogy az elm\u00falt \u00e9vekben K\u00edna akt\u00edvan fejlesztette a vonatkoz\u00f3 politik\u00e1kat \u00e9s szab\u00e1lyoz\u00e1sokat, n\u00f6velte a p\u00e9nz\u00fcgyi \u00e9s technol\u00f3giai beruh\u00e1z\u00e1sokat, \u00e9s l\u00e9trehozta a Hainan Tr\u00f3pusi Es\u0151erd\u0151 Nemzeti Parkot. Hozz\u00e1tette, K\u00edna figyelemre m\u00e9lt\u00f3 eredm\u00e9nyeket \u00e9rt el az \u00f6kol\u00f3giai k\u00f6rnyezetv\u00e9delem, valamint a gazdas\u00e1gi \u00e9s t\u00e1rsadalmi fejl\u0151d\u00e9s ter\u00fclet\u00e9n bele\u00e9rtve a tr\u00f3pusi es\u0151erd\u0151k v\u00e9delm\u00e9t is.<\/p>\n\n\n\n<p>Ding Xuexiang r\u00e1mutatott, hogy a tr\u00f3pusi es\u0151erd\u0151k v\u00e9delme kulcsfontoss\u00e1g\u00fa az emberi t\u00fal\u00e9l\u00e9s \u00e9s j\u00f3l\u00e9t szempontj\u00e1b\u00f3l, \u00e9s az eg\u00e9sz emberis\u00e9g k\u00f6z\u00f6s \u00fcgye, ez\u00e9rt sz\u00fcks\u00e9ges a k\u00e9toldal\u00fa \u00e1s t\u00f6bboldal\u00fa egy\u00fcttm\u0171k\u00f6d\u00e9si platformok ki\u00e9p\u00edt\u00e9se, a kommunik\u00e1ci\u00f3 \u00e9s a koordin\u00e1ci\u00f3 er\u0151s\u00edt\u00e9se, valamint a tr\u00f3pusi es\u0151erd\u0151k v\u00e9delm\u00e9re ir\u00e1nyul\u00f3 int\u00e9zked\u00e9sek k\u00f6z\u00f6s el\u0151mozd\u00edt\u00e1sa. Kifejtette, hogy a fejlett orsz\u00e1goknak elegend\u0151 p\u00e9nz\u00fcgyi t\u00e1mogat\u00e1st kell ny\u00fajtaniuk a fejl\u0151d\u0151 orsz\u00e1goknak az erd\u0151irt\u00e1s \u00e9s az es\u0151erd\u0151k pusztul\u00e1s\u00e1nak cs\u00f6kkent\u00e9se \u00e9rdek\u00e9ben az \u00e9ghajlatv\u00e9delmi egyezm\u00e9ny keret\u00e9ben. Hangs\u00falyozta, hogy K\u00edna hajland\u00f3 meger\u0151s\u00edteni az egy\u00fcttm\u0171k\u00f6d\u00e9st minden f\u00e9llel a tr\u00f3pusi es\u0151erd\u0151k v\u00e9delm\u00e9ben, hogy nagyobb m\u00e9rt\u00e9kben hozz\u00e1j\u00e1ruljon a glob\u00e1lis \u00e9ghajlat- \u00e9s k\u00f6rnyezetgazd\u00e1lkod\u00e1shoz.<\/p>\n\n\n\n<p>A sz\u00f3ban forg\u00f3 esem\u00e9nyen a vend\u00e9gl\u00e1t\u00f3 Luiz In\u00e1cio Lula da Silva brazil eln\u00f6k mellett jelen volt \u00e9s besz\u00e9det mondott F\u00e9lix Tshisekedi, a Kong\u00f3i Demokratikus K\u00f6zt\u00e1rsas\u00e1g eln\u00f6ke, Gustavo Petro kolumbiai eln\u00f6k, Emmanuel Macron francia eln\u00f6k, Ant\u00f3nio Guterres, az ENSZ f\u0151titk\u00e1ra \u00e9s Ajay Banga, a Vil\u00e1gbank eln\u00f6ke is.<\/p>\n\n\n\n<p><strong><em>(Qin Liang \u2013 China Media Group)<\/em><\/strong><\/p>\n\n\n\n<p><strong>2025. november 8.<\/strong><\/p>\n\n\n\n<p><strong><em>(x)<\/em><\/strong><\/p>\n","protected":false},"excerpt":{"rendered":"<p>Helyi id\u0151 szerint november 6-\u00e1n Ding Xuexiang, Hszi Csin-ping k\u00ednai \u00e1llameln\u00f6k k\u00fcl\u00f6nmegb\u00edzottja, minisztereln\u00f6k-helyettes r\u00e9szt vett \u00e9s besz\u00e9det mondott Luiz In\u00e1cio Lula da Silva brazil eln\u00f6k \u00e1ltal eln\u00f6k\u00f6lt az \u201e\u00d6r\u00f6k&nbsp;Tr\u00f3pusi Es\u0151erd\u0151&nbsp;Alap\u201d t\u00e9m\u00e1j\u00fa eb\u00e9den a braz\u00edliai Bel\u00e9mben. Ding Xuexiang kijelentette, hogy a tr\u00f3pusi es\u0151erd\u0151k a vil\u00e1g \u201efaj kincsesb\u00e1ny\u00e1i\u201d. Mint mondta, Hszi Csin-ping \u00e1llameln\u00f6k hangs\u00falyozta a tr\u00f3pusi es\u0151erd\u0151k [&hellip;]<\/p>\n","protected":false},"author":7,"featured_media":27519,"comment_status":"closed","ping_status":"","sticky":false,"template":"","format":"standard","meta":{"footnotes":""},"categories":[4797],"tags":[2860,5665,3637,3696,579,5666],"class_list":["post-27459","post","type-post","status-publish","format-standard","has-post-thumbnail","hentry","category-egyeb-hirek","tag-ding-xuexiang","tag-erdoirtas","tag-fontossag","tag-kina","tag-klimavedelem","tag-protekcio"],"yoast_head":"<!-- This site is optimized with the Yoast SEO plugin v23.7 - https:\/\/yoast.com\/wordpress\/plugins\/seo\/ -->\n<title>Ding Xuexiang:\u00a0a fejl\u0151d\u0151 orsz\u00e1goknak t\u00f6bb p\u00e9nzt kell adniuk az erd\u0151irt\u00e1s \u00e9s az es\u0151erd\u0151k pusztul\u00e1s\u00e1nak cs\u00f6kkent\u00e9s\u00e9hez - kinaikaleidoszkop.hu<\/title>\n<meta name=\"robots\" content=\"index, follow, max-snippet:-1, max-image-preview:large, max-video-preview:-1\" \/>\n<link rel=\"canonical\" href=\"https:\/\/pestcentrum.hu\/2025\/11\/08\/ding-xuexiang-a-fejlodo-orszagoknak-tobb-penzt-kell-adniuk-az-erdoirtas-es-az-esoerdok-pusztulasanak-csokkentesehez\/\" \/>\n<meta property=\"og:locale\" content=\"hu_HU\" \/>\n<meta property=\"og:type\" content=\"article\" \/>\n<meta property=\"og:title\" content=\"Ding Xuexiang:\u00a0a fejl\u0151d\u0151 orsz\u00e1goknak t\u00f6bb p\u00e9nzt kell adniuk az erd\u0151irt\u00e1s \u00e9s az es\u0151erd\u0151k pusztul\u00e1s\u00e1nak cs\u00f6kkent\u00e9s\u00e9hez - kinaikaleidoszkop.hu\" \/>\n<meta property=\"og:description\" content=\"Helyi id\u0151 szerint november 6-\u00e1n Ding Xuexiang, Hszi Csin-ping k\u00ednai \u00e1llameln\u00f6k k\u00fcl\u00f6nmegb\u00edzottja, minisztereln\u00f6k-helyettes r\u00e9szt vett \u00e9s besz\u00e9det mondott Luiz In\u00e1cio Lula da Silva brazil eln\u00f6k \u00e1ltal eln\u00f6k\u00f6lt az \u201e\u00d6r\u00f6k&nbsp;Tr\u00f3pusi Es\u0151erd\u0151&nbsp;Alap\u201d t\u00e9m\u00e1j\u00fa eb\u00e9den a braz\u00edliai Bel\u00e9mben. Ding Xuexiang kijelentette, hogy a tr\u00f3pusi es\u0151erd\u0151k a vil\u00e1g \u201efaj kincsesb\u00e1ny\u00e1i\u201d. Mint mondta, Hszi Csin-ping \u00e1llameln\u00f6k hangs\u00falyozta a tr\u00f3pusi es\u0151erd\u0151k [&hellip;]\" \/>\n<meta property=\"og:url\" content=\"https:\/\/kinaikaleidoszkop.hu\/index.php\/2025\/11\/08\/ding-xuexiang-a-fejlodo-orszagoknak-tobb-penzt-kell-adniuk-az-erdoirtas-es-az-esoerdok-pusztulasanak-csokkentesehez\/\" \/>\n<meta property=\"og:site_name\" content=\"kinaikaleidoszkop.hu\" \/>\n<meta property=\"article:published_time\" content=\"2025-11-08T13:45:08+00:00\" \/>\n<meta property=\"article:modified_time\" content=\"2025-11-12T08:52:49+00:00\" \/>\n<meta property=\"og:image\" content=\"https:\/\/kinaikaleidoszkop.hu\/wp-content\/uploads\/2025\/11\/1108-2.jpg\" \/>\n\t<meta property=\"og:image:width\" content=\"1600\" \/>\n\t<meta property=\"og:image:height\" content=\"900\" \/>\n\t<meta property=\"og:image:type\" content=\"image\/jpeg\" \/>\n<meta name=\"author\" content=\"Szerk_Erik\" \/>\n<meta name=\"twitter:card\" content=\"summary_large_image\" \/>\n<meta name=\"twitter:label1\" content=\"Szerz\u0151:\" \/>\n\t<meta name=\"twitter:data1\" content=\"PestCentrum\" \/>\n\t<meta name=\"twitter:label2\" content=\"Becs\u00fclt olvas\u00e1si id\u0151\" \/>\n\t<meta name=\"twitter:data2\" content=\"2 perc\" \/>\n<script type=\"application\/ld+json\" class=\"yoast-schema-graph\">{\"@context\":\"https:\/\/schema.org\",\"@graph\":[{\"@type\":\"WebPage\",\"@id\":\"https:\/\/kinaikaleidoszkop.hu\/index.php\/2025\/11\/08\/ding-xuexiang-a-fejlodo-orszagoknak-tobb-penzt-kell-adniuk-az-erdoirtas-es-az-esoerdok-pusztulasanak-csokkentesehez\/\",\"url\":\"https:\/\/kinaikaleidoszkop.hu\/index.php\/2025\/11\/08\/ding-xuexiang-a-fejlodo-orszagoknak-tobb-penzt-kell-adniuk-az-erdoirtas-es-az-esoerdok-pusztulasanak-csokkentesehez\/\",\"name\":\"Ding Xuexiang:\u00a0a fejl\u0151d\u0151 orsz\u00e1goknak t\u00f6bb p\u00e9nzt kell adniuk az erd\u0151irt\u00e1s \u00e9s az es\u0151erd\u0151k pusztul\u00e1s\u00e1nak cs\u00f6kkent\u00e9s\u00e9hez - kinaikaleidoszkop.hu\",\"isPartOf\":{\"@id\":\"https:\/\/kinaikaleidoszkop.hu\/#website\"},\"primaryImageOfPage\":{\"@id\":\"https:\/\/kinaikaleidoszkop.hu\/index.php\/2025\/11\/08\/ding-xuexiang-a-fejlodo-orszagoknak-tobb-penzt-kell-adniuk-az-erdoirtas-es-az-esoerdok-pusztulasanak-csokkentesehez\/#primaryimage\"},\"image\":{\"@id\":\"https:\/\/kinaikaleidoszkop.hu\/index.php\/2025\/11\/08\/ding-xuexiang-a-fejlodo-orszagoknak-tobb-penzt-kell-adniuk-az-erdoirtas-es-az-esoerdok-pusztulasanak-csokkentesehez\/#primaryimage\"},\"thumbnailUrl\":\"https:\/\/kinaikaleidoszkop.hu\/wp-content\/uploads\/2025\/11\/1108-2.jpg\",\"datePublished\":\"2025-11-08T13:45:08+00:00\",\"dateModified\":\"2025-11-12T08:52:49+00:00\",\"author\":{\"@id\":\"https:\/\/kinaikaleidoszkop.hu\/#\/schema\/person\/4d69b71e7e70322713b9d9287b610556\"},\"breadcrumb\":{\"@id\":\"https:\/\/kinaikaleidoszkop.hu\/index.php\/2025\/11\/08\/ding-xuexiang-a-fejlodo-orszagoknak-tobb-penzt-kell-adniuk-az-erdoirtas-es-az-esoerdok-pusztulasanak-csokkentesehez\/#breadcrumb\"},\"inLanguage\":\"hu\",\"potentialAction\":[{\"@type\":\"ReadAction\",\"target\":[\"https:\/\/kinaikaleidoszkop.hu\/index.php\/2025\/11\/08\/ding-xuexiang-a-fejlodo-orszagoknak-tobb-penzt-kell-adniuk-az-erdoirtas-es-az-esoerdok-pusztulasanak-csokkentesehez\/\"]}]},{\"@type\":\"ImageObject\",\"inLanguage\":\"hu\",\"@id\":\"https:\/\/kinaikaleidoszkop.hu\/index.php\/2025\/11\/08\/ding-xuexiang-a-fejlodo-orszagoknak-tobb-penzt-kell-adniuk-az-erdoirtas-es-az-esoerdok-pusztulasanak-csokkentesehez\/#primaryimage\",\"url\":\"https:\/\/kinaikaleidoszkop.hu\/wp-content\/uploads\/2025\/11\/1108-2.jpg\",\"contentUrl\":\"https:\/\/kinaikaleidoszkop.hu\/wp-content\/uploads\/2025\/11\/1108-2.jpg\",\"width\":1600,\"height\":900},{\"@type\":\"BreadcrumbList\",\"@id\":\"https:\/\/kinaikaleidoszkop.hu\/index.php\/2025\/11\/08\/ding-xuexiang-a-fejlodo-orszagoknak-tobb-penzt-kell-adniuk-az-erdoirtas-es-az-esoerdok-pusztulasanak-csokkentesehez\/#breadcrumb\",\"itemListElement\":[{\"@type\":\"ListItem\",\"position\":1,\"name\":\"Kezd\u0151lap\",\"item\":\"https:\/\/kinaikaleidoszkop.hu\/\"},{\"@type\":\"ListItem\",\"position\":2,\"name\":\"Ding Xuexiang:\u00a0a fejl\u0151d\u0151 orsz\u00e1goknak t\u00f6bb p\u00e9nzt kell adniuk az erd\u0151irt\u00e1s \u00e9s az es\u0151erd\u0151k pusztul\u00e1s\u00e1nak cs\u00f6kkent\u00e9s\u00e9hez\"}]},{\"@type\":\"WebSite\",\"@id\":\"https:\/\/kinaikaleidoszkop.hu\/#website\",\"url\":\"https:\/\/kinaikaleidoszkop.hu\/\",\"name\":\"kinaikaleidoszkop.hu\",\"description\":\"\",\"potentialAction\":[{\"@type\":\"SearchAction\",\"target\":{\"@type\":\"EntryPoint\",\"urlTemplate\":\"https:\/\/kinaikaleidoszkop.hu\/?s={search_term_string}\"},\"query-input\":{\"@type\":\"PropertyValueSpecification\",\"valueRequired\":true,\"valueName\":\"search_term_string\"}}],\"inLanguage\":\"hu\"},{\"@type\":\"Person\",\"@id\":\"https:\/\/kinaikaleidoszkop.hu\/#\/schema\/person\/4d69b71e7e70322713b9d9287b610556\",\"name\":\"Szerk_Erik\",\"image\":{\"@type\":\"ImageObject\",\"inLanguage\":\"hu\",\"@id\":\"https:\/\/kinaikaleidoszkop.hu\/#\/schema\/person\/image\/\",\"url\":\"https:\/\/secure.gravatar.com\/avatar\/3c1e909a14c0c91d2eaef877aaacb584c667f8e7137de69653aa9561fd0e8062?s=96&d=mm&r=g\",\"contentUrl\":\"https:\/\/secure.gravatar.com\/avatar\/3c1e909a14c0c91d2eaef877aaacb584c667f8e7137de69653aa9561fd0e8062?s=96&d=mm&r=g\",\"caption\":\"Szerk_Erik\"},\"url\":\"https:\/\/pestcentrum.hu\"}]}<\/script>\n<!-- \/ Yoast SEO plugin. -->","yoast_head_json":{"title":"Ding Xuexiang:\u00a0a fejl\u0151d\u0151 orsz\u00e1goknak t\u00f6bb p\u00e9nzt kell adniuk az erd\u0151irt\u00e1s \u00e9s az es\u0151erd\u0151k pusztul\u00e1s\u00e1nak cs\u00f6kkent\u00e9s\u00e9hez - kinaikaleidoszkop.hu","robots":{"index":"index","follow":"follow","max-snippet":"max-snippet:-1","max-image-preview":"max-image-preview:large","max-video-preview":"max-video-preview:-1"},"canonical":"https:\/\/pestcentrum.hu\/2025\/11\/08\/ding-xuexiang-a-fejlodo-orszagoknak-tobb-penzt-kell-adniuk-az-erdoirtas-es-az-esoerdok-pusztulasanak-csokkentesehez\/","og_locale":"hu_HU","og_type":"article","og_title":"Ding Xuexiang:\u00a0a fejl\u0151d\u0151 orsz\u00e1goknak t\u00f6bb p\u00e9nzt kell adniuk az erd\u0151irt\u00e1s \u00e9s az es\u0151erd\u0151k pusztul\u00e1s\u00e1nak cs\u00f6kkent\u00e9s\u00e9hez - kinaikaleidoszkop.hu","og_description":"Helyi id\u0151 szerint november 6-\u00e1n Ding Xuexiang, Hszi Csin-ping k\u00ednai \u00e1llameln\u00f6k k\u00fcl\u00f6nmegb\u00edzottja, minisztereln\u00f6k-helyettes r\u00e9szt vett \u00e9s besz\u00e9det mondott Luiz In\u00e1cio Lula da Silva brazil eln\u00f6k \u00e1ltal eln\u00f6k\u00f6lt az \u201e\u00d6r\u00f6k&nbsp;Tr\u00f3pusi Es\u0151erd\u0151&nbsp;Alap\u201d t\u00e9m\u00e1j\u00fa eb\u00e9den a braz\u00edliai Bel\u00e9mben. Ding Xuexiang kijelentette, hogy a tr\u00f3pusi es\u0151erd\u0151k a vil\u00e1g \u201efaj kincsesb\u00e1ny\u00e1i\u201d. Mint mondta, Hszi Csin-ping \u00e1llameln\u00f6k hangs\u00falyozta a tr\u00f3pusi es\u0151erd\u0151k [&hellip;]","og_url":"https:\/\/kinaikaleidoszkop.hu\/index.php\/2025\/11\/08\/ding-xuexiang-a-fejlodo-orszagoknak-tobb-penzt-kell-adniuk-az-erdoirtas-es-az-esoerdok-pusztulasanak-csokkentesehez\/","og_site_name":"kinaikaleidoszkop.hu","article_published_time":"2025-11-08T13:45:08+00:00","article_modified_time":"2025-11-12T08:52:49+00:00","og_image":[{"width":1600,"height":900,"url":"https:\/\/kinaikaleidoszkop.hu\/wp-content\/uploads\/2025\/11\/1108-2.jpg","type":"image\/jpeg"}],"author":"Szerk_Erik","twitter_card":"summary_large_image","twitter_misc":{"Szerz\u0151:":"PestCentrum","Becs\u00fclt olvas\u00e1si id\u0151":"2 perc"},"schema":{"@context":"https:\/\/schema.org","@graph":[{"@type":"WebPage","@id":"https:\/\/kinaikaleidoszkop.hu\/index.php\/2025\/11\/08\/ding-xuexiang-a-fejlodo-orszagoknak-tobb-penzt-kell-adniuk-az-erdoirtas-es-az-esoerdok-pusztulasanak-csokkentesehez\/","url":"https:\/\/kinaikaleidoszkop.hu\/index.php\/2025\/11\/08\/ding-xuexiang-a-fejlodo-orszagoknak-tobb-penzt-kell-adniuk-az-erdoirtas-es-az-esoerdok-pusztulasanak-csokkentesehez\/","name":"Ding Xuexiang:\u00a0a fejl\u0151d\u0151 orsz\u00e1goknak t\u00f6bb p\u00e9nzt kell adniuk az erd\u0151irt\u00e1s \u00e9s az es\u0151erd\u0151k pusztul\u00e1s\u00e1nak cs\u00f6kkent\u00e9s\u00e9hez - kinaikaleidoszkop.hu","isPartOf":{"@id":"https:\/\/kinaikaleidoszkop.hu\/#website"},"primaryImageOfPage":{"@id":"https:\/\/kinaikaleidoszkop.hu\/index.php\/2025\/11\/08\/ding-xuexiang-a-fejlodo-orszagoknak-tobb-penzt-kell-adniuk-az-erdoirtas-es-az-esoerdok-pusztulasanak-csokkentesehez\/#primaryimage"},"image":{"@id":"https:\/\/kinaikaleidoszkop.hu\/index.php\/2025\/11\/08\/ding-xuexiang-a-fejlodo-orszagoknak-tobb-penzt-kell-adniuk-az-erdoirtas-es-az-esoerdok-pusztulasanak-csokkentesehez\/#primaryimage"},"thumbnailUrl":"https:\/\/kinaikaleidoszkop.hu\/wp-content\/uploads\/2025\/11\/1108-2.jpg","datePublished":"2025-11-08T13:45:08+00:00","dateModified":"2025-11-12T08:52:49+00:00","author":{"@id":"https:\/\/kinaikaleidoszkop.hu\/#\/schema\/person\/4d69b71e7e70322713b9d9287b610556"},"breadcrumb":{"@id":"https:\/\/kinaikaleidoszkop.hu\/index.php\/2025\/11\/08\/ding-xuexiang-a-fejlodo-orszagoknak-tobb-penzt-kell-adniuk-az-erdoirtas-es-az-esoerdok-pusztulasanak-csokkentesehez\/#breadcrumb"},"inLanguage":"hu","potentialAction":[{"@type":"ReadAction","target":["https:\/\/kinaikaleidoszkop.hu\/index.php\/2025\/11\/08\/ding-xuexiang-a-fejlodo-orszagoknak-tobb-penzt-kell-adniuk-az-erdoirtas-es-az-esoerdok-pusztulasanak-csokkentesehez\/"]}]},{"@type":"ImageObject","inLanguage":"hu","@id":"https:\/\/kinaikaleidoszkop.hu\/index.php\/2025\/11\/08\/ding-xuexiang-a-fejlodo-orszagoknak-tobb-penzt-kell-adniuk-az-erdoirtas-es-az-esoerdok-pusztulasanak-csokkentesehez\/#primaryimage","url":"https:\/\/kinaikaleidoszkop.hu\/wp-content\/uploads\/2025\/11\/1108-2.jpg","contentUrl":"https:\/\/kinaikaleidoszkop.hu\/wp-content\/uploads\/2025\/11\/1108-2.jpg","width":1600,"height":900},{"@type":"BreadcrumbList","@id":"https:\/\/kinaikaleidoszkop.hu\/index.php\/2025\/11\/08\/ding-xuexiang-a-fejlodo-orszagoknak-tobb-penzt-kell-adniuk-az-erdoirtas-es-az-esoerdok-pusztulasanak-csokkentesehez\/#breadcrumb","itemListElement":[{"@type":"ListItem","position":1,"name":"Kezd\u0151lap","item":"https:\/\/kinaikaleidoszkop.hu\/"},{"@type":"ListItem","position":2,"name":"Ding Xuexiang:\u00a0a fejl\u0151d\u0151 orsz\u00e1goknak t\u00f6bb p\u00e9nzt kell adniuk az erd\u0151irt\u00e1s \u00e9s az es\u0151erd\u0151k pusztul\u00e1s\u00e1nak cs\u00f6kkent\u00e9s\u00e9hez"}]},{"@type":"WebSite","@id":"https:\/\/kinaikaleidoszkop.hu\/#website","url":"https:\/\/kinaikaleidoszkop.hu\/","name":"kinaikaleidoszkop.hu","description":"","potentialAction":[{"@type":"SearchAction","target":{"@type":"EntryPoint","urlTemplate":"https:\/\/kinaikaleidoszkop.hu\/?s={search_term_string}"},"query-input":{"@type":"PropertyValueSpecification","valueRequired":true,"valueName":"search_term_string"}}],"inLanguage":"hu"},{"@type":"Person","@id":"https:\/\/kinaikaleidoszkop.hu\/#\/schema\/person\/4d69b71e7e70322713b9d9287b610556","name":"Szerk_Erik","image":{"@type":"ImageObject","inLanguage":"hu","@id":"https:\/\/kinaikaleidoszkop.hu\/#\/schema\/person\/image\/","url":"https:\/\/secure.gravatar.com\/avatar\/3c1e909a14c0c91d2eaef877aaacb584c667f8e7137de69653aa9561fd0e8062?s=96&d=mm&r=g","contentUrl":"https:\/\/secure.gravatar.com\/avatar\/3c1e909a14c0c91d2eaef877aaacb584c667f8e7137de69653aa9561fd0e8062?s=96&d=mm&r=g","caption":"Szerk_Erik"},"url":"https:\/\/pestcentrum.hu"}]}},"views":93,"distributor_meta":false,"distributor_terms":false,"distributor_media":false,"distributor_original_site_name":"PestCentrum","distributor_original_site_url":"https:\/\/pestcentrum.hu","push-errors":false,"_links":{"self":[{"href":"https:\/\/kinaikaleidoszkop.hu\/index.php\/wp-json\/wp\/v2\/posts\/27459","targetHints":{"allow":["GET"]}}],"collection":[{"href":"https:\/\/kinaikaleidoszkop.hu\/index.php\/wp-json\/wp\/v2\/posts"}],"about":[{"href":"https:\/\/kinaikaleidoszkop.hu\/index.php\/wp-json\/wp\/v2\/types\/post"}],"author":[{"embeddable":true,"href":"https:\/\/kinaikaleidoszkop.hu\/index.php\/wp-json\/wp\/v2\/users\/7"}],"replies":[{"embeddable":true,"href":"https:\/\/kinaikaleidoszkop.hu\/index.php\/wp-json\/wp\/v2\/comments?post=27459"}],"version-history":[{"count":1,"href":"https:\/\/kinaikaleidoszkop.hu\/index.php\/wp-json\/wp\/v2\/posts\/27459\/revisions"}],"predecessor-version":[{"id":27517,"href":"https:\/\/kinaikaleidoszkop.hu\/index.php\/wp-json\/wp\/v2\/posts\/27459\/revisions\/27517"}],"wp:featuredmedia":[{"embeddable":true,"href":"https:\/\/kinaikaleidoszkop.hu\/index.php\/wp-json\/wp\/v2\/media\/27519"}],"wp:attachment":[{"href":"https:\/\/kinaikaleidoszkop.hu\/index.php\/wp-json\/wp\/v2\/media?parent=27459"}],"wp:term":[{"taxonomy":"category","embeddable":true,"href":"https:\/\/kinaikaleidoszkop.hu\/index.php\/wp-json\/wp\/v2\/categories?post=27459"},{"taxonomy":"post_tag","embeddable":true,"href":"https:\/\/kinaikaleidoszkop.hu\/index.php\/wp-json\/wp\/v2\/tags?post=27459"}],"curies":[{"name":"wp","href":"https:\/\/api.w.org\/{rel}","templated":true}]}}