{"id":27461,"date":"2025-11-08T14:49:16","date_gmt":"2025-11-08T13:49:16","guid":{"rendered":"https:\/\/kinaikaleidoszkop.hu\/index.php\/2025\/11\/08\/hszi-csin-ping-kulonmegbizottja-reszt-vett-a-30-klima-csucstalalkozon-belemben\/"},"modified":"2025-11-08T14:49:16","modified_gmt":"2025-11-08T13:49:16","slug":"hszi-csin-ping-kulonmegbizottja-reszt-vett-a-30-klima-csucstalalkozon-belemben","status":"publish","type":"post","link":"https:\/\/kinaikaleidoszkop.hu\/index.php\/2025\/11\/08\/hszi-csin-ping-kulonmegbizottja-reszt-vett-a-30-klima-csucstalalkozon-belemben\/","title":{"rendered":"Hszi Csin-ping k\u00fcl\u00f6nmegb\u00edzottja r\u00e9szt vett a 30. kl\u00edma-cs\u00facstal\u00e1lkoz\u00f3n Bel\u00e9mben"},"content":{"rendered":"\n<p><strong>Helyi id\u0151 szerint november 6-\u00e1n Ding Xuexiang, Hszi Csin-ping\u00a0k\u00ednai \u00e1llameln\u00f6k k\u00fcl\u00f6nmegb\u00edzottja, minisztereln\u00f6k-helyettes r\u00e9szt vett \u00e9s besz\u00e9det mondott az ENSZ 30. \u00e9ghajlatv\u00e1ltoz\u00e1si konferenci\u00e1j\u00e1n (COP30) a braz\u00edliai Bel\u00e9mben.<\/strong><\/p>\n\n\n<div class=\"wp-block-image\">\n<figure class=\"aligncenter size-full\"><img decoding=\"async\" src=\"https:\/\/pestcentrum.hu\/wp-content\/uploads\/2025\/11\/1108-1.jpg\" alt=\"\" class=\"wp-image-39764\"\/><\/figure>\n<\/div>\n\n\n<p>Ding Xuexiang mindenekel\u0151tt tolm\u00e1csolta Hszi Csin-ping \u00e1llameln\u00f6k j\u00f3k\u00edv\u00e1ns\u00e1gait Braz\u00edli\u00e1nak a cs\u00facstal\u00e1lkoz\u00f3 megrendez\u00e9s\u00e9hez, \u00e9s elismer\u00e9ssel sz\u00f3lt Braz\u00edli\u00e1nak &#8211; a COP30 eln\u00f6kek\u00e9nt tett &#8211; hozz\u00e1j\u00e1rul\u00e1s\u00e1r\u00f3l a glob\u00e1lis kl\u00edmakorm\u00e1nyz\u00e1s akt\u00edv el\u0151mozd\u00edt\u00e1sa ter\u00e9n.<\/p>\n\n\n\n<p>Ding kit\u00e9rt arra, hogy K\u00edna m\u00e1r figyelemre m\u00e9lt\u00f3 eredm\u00e9nyeket \u00e9rt el a 2030-as Nemzetileg Meghat\u00e1rozott Hozz\u00e1j\u00e1rul\u00e1s (NDC) v\u00e9grehajt\u00e1s\u00e1ban. Kifejtette, hogy Hszi Csin-ping \u00e1llameln\u00f6k bejelentette K\u00edna 2035-\u00f6s kapcsol\u00f3d\u00f3 c\u00e9lj\u00e1t az ENSZ kl\u00edmav\u00e1ltoz\u00e1si cs\u00facstal\u00e1lkoz\u00f3j\u00e1n, amely a teljes gazdas\u00e1gra kiterjed, bele\u00e9rtve az \u00f6sszes \u00fcvegh\u00e1zhat\u00e1s\u00fa g\u00e1zt, tov\u00e1bb\u00e1 els\u0151 alkalommal javasolt abszol\u00fat kibocs\u00e1t\u00e1scs\u00f6kkent\u00e9si c\u00e9lokat, amely megmutatta K\u00edna szil\u00e1rd elsz\u00e1nts\u00e1g\u00e1t a k\u00e9rd\u00e9sben.&nbsp;<\/p>\n\n\n\n<p>Nemr\u00e9giben a K\u00ednai Kommunista P\u00e1rt 20. K\u00f6zponti Bizotts\u00e1g\u00e1nak negyedik plen\u00e1ris \u00fcl\u00e9s\u00e9n \u00e1ttekintett\u00e9k \u00e9s j\u00f3v\u00e1hagyt\u00e1k a k\u00ednai gazdas\u00e1g \u00e9s t\u00e1rsadalom fejleszt\u00e9s\u00e9re vonatkoz\u00f3 javaslatokat a k\u00f6vetkez\u0151 \u00f6t \u00e9vre, amelyek k\u00f6z\u00f6tt fontos int\u00e9zked\u00e9sek sz\u00fclettek \u201ca gy\u00f6ny\u00f6r\u0171 K\u00edna\u201d fel\u00e9p\u00edt\u00e9s\u00e9hez. Ebben kiemelt szerepe van a sz\u00e9n-dioxid-kibocs\u00e1t\u00e1s cs\u00f6kkent\u00e9s\u00e9nek, a szennyez\u00e9s cs\u00f6kkent\u00e9s\u00e9nek, a z\u00f6ld\u00edt\u00e9snek \u00e9s a n\u00f6veked\u00e9s \u00f6sszehangol\u00e1s\u00e1nak, hogy szil\u00e1rd \u00f6kol\u00f3giai biztons\u00e1gi korl\u00e1tot \u00e9p\u00edtsenek ki, \u00e9s er\u0151s\u00f6dj\u00f6n a z\u00f6ld fejl\u0151d\u00e9s, mondta Ding Xuexiang. Hangs\u00falyozta, hogy K\u00edna tartja a szav\u00e1t, \u00e9s felgyors\u00edtja gazdas\u00e1gi \u00e9s t\u00e1rsadalmi fejl\u0151d\u00e9s\u00e9nek \u00e1tfog\u00f3 z\u00f6ld \u00e1talakul\u00e1s\u00e1t, akt\u00edvan \u00e9s folyamatosan el\u0151mozd\u00edtja \u00e9s el\u00e9ri a sz\u00e9n-dioxid-kibocs\u00e1t\u00e1s cs\u00facspontj\u00e1t, hogy nagyobb m\u00e9rt\u00e9kben hozz\u00e1j\u00e1ruljon az \u00e9ghajlatv\u00e1ltoz\u00e1s kezel\u00e9s\u00e9hez.<\/p>\n\n\n\n<p>Ding Xuexiang kijelentette, hogy az emberis\u00e9g jelenleg \u00faj v\u00e1lasz\u00fat el\u0151tt \u00e1ll, amely megk\u00f6veteli minden f\u00e9lt\u0151l, hogy fenntartsa a val\u00f3di multilateralizmust, meger\u0151s\u00edtse a szolidarit\u00e1st \u00e9s az egy\u00fcttm\u0171k\u00f6d\u00e9st, valamint el\u0151mozd\u00edtsa a glob\u00e1lis kl\u00edmakorm\u00e1nyz\u00e1s stabil \u00e9s hossz\u00fa t\u00e1v\u00fa fejl\u0151d\u00e9s\u00e9t.<\/p>\n\n\n\n<p>A tal\u00e1lkoz\u00f3 sor\u00e1n Ding Xuexiang t\u00e1rgyalt Ant\u00f3nio Guterres ENSZ-f\u0151titk\u00e1rral. Ding kijelentette, hogy a multilateralizmus \u00e9s az ENSZ munk\u00e1ja p\u00e9ld\u00e1tlan kih\u00edv\u00e1sokkal n\u00e9z szembe. Kifejtette, hogy f\u00fcggetlen\u00fcl att\u00f3l, hogy hogyan v\u00e1ltozik a nemzetk\u00f6zi helyzet, K\u00edna t\u00f6rekszik a val\u00f3di multilateralizmus fenntart\u00e1s\u00e1ra, tov\u00e1bbra is teljes m\u00e9rt\u00e9kben t\u00e1mogatja az ENSZ k\u00f6zponti szerep\u00e9t a nemzetk\u00f6zi \u00fcgyekben, el\u0151mozd\u00edtja az orsz\u00e1gok k\u00f6z\u00f6tti p\u00e1rbesz\u00e9det \u00e9s egy\u00fcttm\u0171k\u00f6d\u00e9st, \u00e9s m\u00e9g nagyobb m\u00e9rt\u00e9kben hozz\u00e1j\u00e1rul a vil\u00e1g b\u00e9k\u00e9j\u00e9hez \u00e9s fejl\u0151d\u00e9s\u00e9hez. Guterres megk\u00f6sz\u00f6nte K\u00edn\u00e1nak az ENSZ munk\u00e1j\u00e1nak k\u00f6vetkezetes t\u00e1mogat\u00e1s\u00e1t, s kijelentette, hogy K\u00edna nemcsak kulcsfontoss\u00e1g\u00fa vezet\u0151 a glob\u00e1lis kl\u00edmakorm\u00e1nyz\u00e1sban, hanem a vil\u00e1gb\u00e9ke \u00e9s a multilateralizmus fontos pill\u00e9re is.<\/p>\n\n\n\n<p><em><strong>(Qin Liang \u2013 China Media Group)<\/strong><\/em><\/p>\n\n\n\n<p><strong>2025. november 8.<\/strong><\/p>\n\n\n\n<p><strong><em>(x)<\/em><\/strong><\/p>\n","protected":false},"excerpt":{"rendered":"<p>Helyi id\u0151 szerint november 6-\u00e1n Ding Xuexiang, Hszi Csin-ping\u00a0k\u00ednai \u00e1llameln\u00f6k k\u00fcl\u00f6nmegb\u00edzottja, minisztereln\u00f6k-helyettes r\u00e9szt vett \u00e9s besz\u00e9det mondott az ENSZ 30. \u00e9ghajlatv\u00e1ltoz\u00e1si konferenci\u00e1j\u00e1n (COP30) a braz\u00edliai Bel\u00e9mben. Ding Xuexiang mindenekel\u0151tt tolm\u00e1csolta Hszi Csin-ping \u00e1llameln\u00f6k j\u00f3k\u00edv\u00e1ns\u00e1gait Braz\u00edli\u00e1nak a cs\u00facstal\u00e1lkoz\u00f3 megrendez\u00e9s\u00e9hez, \u00e9s elismer\u00e9ssel sz\u00f3lt Braz\u00edli\u00e1nak &#8211; a COP30 eln\u00f6kek\u00e9nt tett &#8211; hozz\u00e1j\u00e1rul\u00e1s\u00e1r\u00f3l a glob\u00e1lis kl\u00edmakorm\u00e1nyz\u00e1s akt\u00edv el\u0151mozd\u00edt\u00e1sa ter\u00e9n. [&hellip;]<\/p>\n","protected":false},"author":7,"featured_media":27462,"comment_status":"","ping_status":"","sticky":false,"template":"","format":"standard","meta":{"footnotes":""},"categories":[4797],"tags":[459,2030,4843,3696,579,2838],"class_list":["post-27461","post","type-post","status-publish","format-standard","has-post-thumbnail","hentry","category-egyeb-hirek","tag-csucstalalkozo","tag-eredmenyek","tag-intezkedesek","tag-kina","tag-klimavedelem","tag-koncepcio"],"yoast_head":"<!-- This site is optimized with the Yoast SEO plugin v23.7 - https:\/\/yoast.com\/wordpress\/plugins\/seo\/ -->\n<title>Hszi Csin-ping k\u00fcl\u00f6nmegb\u00edzottja r\u00e9szt vett a 30. kl\u00edma-cs\u00facstal\u00e1lkoz\u00f3n Bel\u00e9mben - kinaikaleidoszkop.hu<\/title>\n<meta name=\"robots\" content=\"index, follow, max-snippet:-1, max-image-preview:large, max-video-preview:-1\" \/>\n<link rel=\"canonical\" href=\"https:\/\/pestcentrum.hu\/2025\/11\/08\/hszi-csin-ping-kulonmegbizottja-reszt-vett-a-30-klima-csucstalalkozon-belemben\/\" \/>\n<meta property=\"og:locale\" content=\"hu_HU\" \/>\n<meta property=\"og:type\" content=\"article\" \/>\n<meta property=\"og:title\" content=\"Hszi Csin-ping k\u00fcl\u00f6nmegb\u00edzottja r\u00e9szt vett a 30. kl\u00edma-cs\u00facstal\u00e1lkoz\u00f3n Bel\u00e9mben - kinaikaleidoszkop.hu\" \/>\n<meta property=\"og:description\" content=\"Helyi id\u0151 szerint november 6-\u00e1n Ding Xuexiang, Hszi Csin-ping\u00a0k\u00ednai \u00e1llameln\u00f6k k\u00fcl\u00f6nmegb\u00edzottja, minisztereln\u00f6k-helyettes r\u00e9szt vett \u00e9s besz\u00e9det mondott az ENSZ 30. \u00e9ghajlatv\u00e1ltoz\u00e1si konferenci\u00e1j\u00e1n (COP30) a braz\u00edliai Bel\u00e9mben. Ding Xuexiang mindenekel\u0151tt tolm\u00e1csolta Hszi Csin-ping \u00e1llameln\u00f6k j\u00f3k\u00edv\u00e1ns\u00e1gait Braz\u00edli\u00e1nak a cs\u00facstal\u00e1lkoz\u00f3 megrendez\u00e9s\u00e9hez, \u00e9s elismer\u00e9ssel sz\u00f3lt Braz\u00edli\u00e1nak &#8211; a COP30 eln\u00f6kek\u00e9nt tett &#8211; hozz\u00e1j\u00e1rul\u00e1s\u00e1r\u00f3l a glob\u00e1lis kl\u00edmakorm\u00e1nyz\u00e1s akt\u00edv el\u0151mozd\u00edt\u00e1sa ter\u00e9n. [&hellip;]\" \/>\n<meta property=\"og:url\" content=\"https:\/\/kinaikaleidoszkop.hu\/index.php\/2025\/11\/08\/hszi-csin-ping-kulonmegbizottja-reszt-vett-a-30-klima-csucstalalkozon-belemben\/\" \/>\n<meta property=\"og:site_name\" content=\"kinaikaleidoszkop.hu\" \/>\n<meta property=\"article:published_time\" content=\"2025-11-08T13:49:16+00:00\" \/>\n<meta property=\"og:image\" content=\"https:\/\/kinaikaleidoszkop.hu\/wp-content\/uploads\/2025\/11\/1108-1.jpg\" \/>\n\t<meta property=\"og:image:width\" content=\"552\" \/>\n\t<meta property=\"og:image:height\" content=\"720\" \/>\n\t<meta property=\"og:image:type\" content=\"image\/jpeg\" \/>\n<meta name=\"author\" content=\"Szerk_Erik\" \/>\n<meta name=\"twitter:card\" content=\"summary_large_image\" \/>\n<meta name=\"twitter:label1\" content=\"Szerz\u0151:\" \/>\n\t<meta name=\"twitter:data1\" content=\"PestCentrum\" \/>\n\t<meta name=\"twitter:label2\" content=\"Becs\u00fclt olvas\u00e1si id\u0151\" \/>\n\t<meta name=\"twitter:data2\" content=\"3 perc\" \/>\n<script type=\"application\/ld+json\" class=\"yoast-schema-graph\">{\"@context\":\"https:\/\/schema.org\",\"@graph\":[{\"@type\":\"WebPage\",\"@id\":\"https:\/\/kinaikaleidoszkop.hu\/index.php\/2025\/11\/08\/hszi-csin-ping-kulonmegbizottja-reszt-vett-a-30-klima-csucstalalkozon-belemben\/\",\"url\":\"https:\/\/kinaikaleidoszkop.hu\/index.php\/2025\/11\/08\/hszi-csin-ping-kulonmegbizottja-reszt-vett-a-30-klima-csucstalalkozon-belemben\/\",\"name\":\"Hszi Csin-ping k\u00fcl\u00f6nmegb\u00edzottja r\u00e9szt vett a 30. kl\u00edma-cs\u00facstal\u00e1lkoz\u00f3n Bel\u00e9mben - kinaikaleidoszkop.hu\",\"isPartOf\":{\"@id\":\"https:\/\/kinaikaleidoszkop.hu\/#website\"},\"primaryImageOfPage\":{\"@id\":\"https:\/\/kinaikaleidoszkop.hu\/index.php\/2025\/11\/08\/hszi-csin-ping-kulonmegbizottja-reszt-vett-a-30-klima-csucstalalkozon-belemben\/#primaryimage\"},\"image\":{\"@id\":\"https:\/\/kinaikaleidoszkop.hu\/index.php\/2025\/11\/08\/hszi-csin-ping-kulonmegbizottja-reszt-vett-a-30-klima-csucstalalkozon-belemben\/#primaryimage\"},\"thumbnailUrl\":\"https:\/\/kinaikaleidoszkop.hu\/wp-content\/uploads\/2025\/11\/1108-1.jpg\",\"datePublished\":\"2025-11-08T13:49:16+00:00\",\"dateModified\":\"2025-11-08T13:49:16+00:00\",\"author\":{\"@id\":\"https:\/\/kinaikaleidoszkop.hu\/#\/schema\/person\/4d69b71e7e70322713b9d9287b610556\"},\"breadcrumb\":{\"@id\":\"https:\/\/kinaikaleidoszkop.hu\/index.php\/2025\/11\/08\/hszi-csin-ping-kulonmegbizottja-reszt-vett-a-30-klima-csucstalalkozon-belemben\/#breadcrumb\"},\"inLanguage\":\"hu\",\"potentialAction\":[{\"@type\":\"ReadAction\",\"target\":[\"https:\/\/kinaikaleidoszkop.hu\/index.php\/2025\/11\/08\/hszi-csin-ping-kulonmegbizottja-reszt-vett-a-30-klima-csucstalalkozon-belemben\/\"]}]},{\"@type\":\"ImageObject\",\"inLanguage\":\"hu\",\"@id\":\"https:\/\/kinaikaleidoszkop.hu\/index.php\/2025\/11\/08\/hszi-csin-ping-kulonmegbizottja-reszt-vett-a-30-klima-csucstalalkozon-belemben\/#primaryimage\",\"url\":\"https:\/\/kinaikaleidoszkop.hu\/wp-content\/uploads\/2025\/11\/1108-1.jpg\",\"contentUrl\":\"https:\/\/kinaikaleidoszkop.hu\/wp-content\/uploads\/2025\/11\/1108-1.jpg\",\"width\":552,\"height\":720},{\"@type\":\"BreadcrumbList\",\"@id\":\"https:\/\/kinaikaleidoszkop.hu\/index.php\/2025\/11\/08\/hszi-csin-ping-kulonmegbizottja-reszt-vett-a-30-klima-csucstalalkozon-belemben\/#breadcrumb\",\"itemListElement\":[{\"@type\":\"ListItem\",\"position\":1,\"name\":\"Kezd\u0151lap\",\"item\":\"https:\/\/kinaikaleidoszkop.hu\/\"},{\"@type\":\"ListItem\",\"position\":2,\"name\":\"Hszi Csin-ping k\u00fcl\u00f6nmegb\u00edzottja r\u00e9szt vett a 30. kl\u00edma-cs\u00facstal\u00e1lkoz\u00f3n Bel\u00e9mben\"}]},{\"@type\":\"WebSite\",\"@id\":\"https:\/\/kinaikaleidoszkop.hu\/#website\",\"url\":\"https:\/\/kinaikaleidoszkop.hu\/\",\"name\":\"kinaikaleidoszkop.hu\",\"description\":\"\",\"potentialAction\":[{\"@type\":\"SearchAction\",\"target\":{\"@type\":\"EntryPoint\",\"urlTemplate\":\"https:\/\/kinaikaleidoszkop.hu\/?s={search_term_string}\"},\"query-input\":{\"@type\":\"PropertyValueSpecification\",\"valueRequired\":true,\"valueName\":\"search_term_string\"}}],\"inLanguage\":\"hu\"},{\"@type\":\"Person\",\"@id\":\"https:\/\/kinaikaleidoszkop.hu\/#\/schema\/person\/4d69b71e7e70322713b9d9287b610556\",\"name\":\"Szerk_Erik\",\"image\":{\"@type\":\"ImageObject\",\"inLanguage\":\"hu\",\"@id\":\"https:\/\/kinaikaleidoszkop.hu\/#\/schema\/person\/image\/\",\"url\":\"https:\/\/secure.gravatar.com\/avatar\/3c1e909a14c0c91d2eaef877aaacb584c667f8e7137de69653aa9561fd0e8062?s=96&d=mm&r=g\",\"contentUrl\":\"https:\/\/secure.gravatar.com\/avatar\/3c1e909a14c0c91d2eaef877aaacb584c667f8e7137de69653aa9561fd0e8062?s=96&d=mm&r=g\",\"caption\":\"Szerk_Erik\"},\"url\":\"https:\/\/pestcentrum.hu\"}]}<\/script>\n<!-- \/ Yoast SEO plugin. -->","yoast_head_json":{"title":"Hszi Csin-ping k\u00fcl\u00f6nmegb\u00edzottja r\u00e9szt vett a 30. kl\u00edma-cs\u00facstal\u00e1lkoz\u00f3n Bel\u00e9mben - kinaikaleidoszkop.hu","robots":{"index":"index","follow":"follow","max-snippet":"max-snippet:-1","max-image-preview":"max-image-preview:large","max-video-preview":"max-video-preview:-1"},"canonical":"https:\/\/pestcentrum.hu\/2025\/11\/08\/hszi-csin-ping-kulonmegbizottja-reszt-vett-a-30-klima-csucstalalkozon-belemben\/","og_locale":"hu_HU","og_type":"article","og_title":"Hszi Csin-ping k\u00fcl\u00f6nmegb\u00edzottja r\u00e9szt vett a 30. kl\u00edma-cs\u00facstal\u00e1lkoz\u00f3n Bel\u00e9mben - kinaikaleidoszkop.hu","og_description":"Helyi id\u0151 szerint november 6-\u00e1n Ding Xuexiang, Hszi Csin-ping\u00a0k\u00ednai \u00e1llameln\u00f6k k\u00fcl\u00f6nmegb\u00edzottja, minisztereln\u00f6k-helyettes r\u00e9szt vett \u00e9s besz\u00e9det mondott az ENSZ 30. \u00e9ghajlatv\u00e1ltoz\u00e1si konferenci\u00e1j\u00e1n (COP30) a braz\u00edliai Bel\u00e9mben. Ding Xuexiang mindenekel\u0151tt tolm\u00e1csolta Hszi Csin-ping \u00e1llameln\u00f6k j\u00f3k\u00edv\u00e1ns\u00e1gait Braz\u00edli\u00e1nak a cs\u00facstal\u00e1lkoz\u00f3 megrendez\u00e9s\u00e9hez, \u00e9s elismer\u00e9ssel sz\u00f3lt Braz\u00edli\u00e1nak &#8211; a COP30 eln\u00f6kek\u00e9nt tett &#8211; hozz\u00e1j\u00e1rul\u00e1s\u00e1r\u00f3l a glob\u00e1lis kl\u00edmakorm\u00e1nyz\u00e1s akt\u00edv el\u0151mozd\u00edt\u00e1sa ter\u00e9n. [&hellip;]","og_url":"https:\/\/kinaikaleidoszkop.hu\/index.php\/2025\/11\/08\/hszi-csin-ping-kulonmegbizottja-reszt-vett-a-30-klima-csucstalalkozon-belemben\/","og_site_name":"kinaikaleidoszkop.hu","article_published_time":"2025-11-08T13:49:16+00:00","og_image":[{"width":552,"height":720,"url":"https:\/\/kinaikaleidoszkop.hu\/wp-content\/uploads\/2025\/11\/1108-1.jpg","type":"image\/jpeg"}],"author":"Szerk_Erik","twitter_card":"summary_large_image","twitter_misc":{"Szerz\u0151:":"PestCentrum","Becs\u00fclt olvas\u00e1si id\u0151":"3 perc"},"schema":{"@context":"https:\/\/schema.org","@graph":[{"@type":"WebPage","@id":"https:\/\/kinaikaleidoszkop.hu\/index.php\/2025\/11\/08\/hszi-csin-ping-kulonmegbizottja-reszt-vett-a-30-klima-csucstalalkozon-belemben\/","url":"https:\/\/kinaikaleidoszkop.hu\/index.php\/2025\/11\/08\/hszi-csin-ping-kulonmegbizottja-reszt-vett-a-30-klima-csucstalalkozon-belemben\/","name":"Hszi Csin-ping k\u00fcl\u00f6nmegb\u00edzottja r\u00e9szt vett a 30. kl\u00edma-cs\u00facstal\u00e1lkoz\u00f3n Bel\u00e9mben - kinaikaleidoszkop.hu","isPartOf":{"@id":"https:\/\/kinaikaleidoszkop.hu\/#website"},"primaryImageOfPage":{"@id":"https:\/\/kinaikaleidoszkop.hu\/index.php\/2025\/11\/08\/hszi-csin-ping-kulonmegbizottja-reszt-vett-a-30-klima-csucstalalkozon-belemben\/#primaryimage"},"image":{"@id":"https:\/\/kinaikaleidoszkop.hu\/index.php\/2025\/11\/08\/hszi-csin-ping-kulonmegbizottja-reszt-vett-a-30-klima-csucstalalkozon-belemben\/#primaryimage"},"thumbnailUrl":"https:\/\/kinaikaleidoszkop.hu\/wp-content\/uploads\/2025\/11\/1108-1.jpg","datePublished":"2025-11-08T13:49:16+00:00","dateModified":"2025-11-08T13:49:16+00:00","author":{"@id":"https:\/\/kinaikaleidoszkop.hu\/#\/schema\/person\/4d69b71e7e70322713b9d9287b610556"},"breadcrumb":{"@id":"https:\/\/kinaikaleidoszkop.hu\/index.php\/2025\/11\/08\/hszi-csin-ping-kulonmegbizottja-reszt-vett-a-30-klima-csucstalalkozon-belemben\/#breadcrumb"},"inLanguage":"hu","potentialAction":[{"@type":"ReadAction","target":["https:\/\/kinaikaleidoszkop.hu\/index.php\/2025\/11\/08\/hszi-csin-ping-kulonmegbizottja-reszt-vett-a-30-klima-csucstalalkozon-belemben\/"]}]},{"@type":"ImageObject","inLanguage":"hu","@id":"https:\/\/kinaikaleidoszkop.hu\/index.php\/2025\/11\/08\/hszi-csin-ping-kulonmegbizottja-reszt-vett-a-30-klima-csucstalalkozon-belemben\/#primaryimage","url":"https:\/\/kinaikaleidoszkop.hu\/wp-content\/uploads\/2025\/11\/1108-1.jpg","contentUrl":"https:\/\/kinaikaleidoszkop.hu\/wp-content\/uploads\/2025\/11\/1108-1.jpg","width":552,"height":720},{"@type":"BreadcrumbList","@id":"https:\/\/kinaikaleidoszkop.hu\/index.php\/2025\/11\/08\/hszi-csin-ping-kulonmegbizottja-reszt-vett-a-30-klima-csucstalalkozon-belemben\/#breadcrumb","itemListElement":[{"@type":"ListItem","position":1,"name":"Kezd\u0151lap","item":"https:\/\/kinaikaleidoszkop.hu\/"},{"@type":"ListItem","position":2,"name":"Hszi Csin-ping k\u00fcl\u00f6nmegb\u00edzottja r\u00e9szt vett a 30. kl\u00edma-cs\u00facstal\u00e1lkoz\u00f3n Bel\u00e9mben"}]},{"@type":"WebSite","@id":"https:\/\/kinaikaleidoszkop.hu\/#website","url":"https:\/\/kinaikaleidoszkop.hu\/","name":"kinaikaleidoszkop.hu","description":"","potentialAction":[{"@type":"SearchAction","target":{"@type":"EntryPoint","urlTemplate":"https:\/\/kinaikaleidoszkop.hu\/?s={search_term_string}"},"query-input":{"@type":"PropertyValueSpecification","valueRequired":true,"valueName":"search_term_string"}}],"inLanguage":"hu"},{"@type":"Person","@id":"https:\/\/kinaikaleidoszkop.hu\/#\/schema\/person\/4d69b71e7e70322713b9d9287b610556","name":"Szerk_Erik","image":{"@type":"ImageObject","inLanguage":"hu","@id":"https:\/\/kinaikaleidoszkop.hu\/#\/schema\/person\/image\/","url":"https:\/\/secure.gravatar.com\/avatar\/3c1e909a14c0c91d2eaef877aaacb584c667f8e7137de69653aa9561fd0e8062?s=96&d=mm&r=g","contentUrl":"https:\/\/secure.gravatar.com\/avatar\/3c1e909a14c0c91d2eaef877aaacb584c667f8e7137de69653aa9561fd0e8062?s=96&d=mm&r=g","caption":"Szerk_Erik"},"url":"https:\/\/pestcentrum.hu"}]}},"views":84,"distributor_meta":false,"distributor_terms":false,"distributor_media":false,"distributor_original_site_name":"PestCentrum","distributor_original_site_url":"https:\/\/pestcentrum.hu","push-errors":false,"_links":{"self":[{"href":"https:\/\/kinaikaleidoszkop.hu\/index.php\/wp-json\/wp\/v2\/posts\/27461","targetHints":{"allow":["GET"]}}],"collection":[{"href":"https:\/\/kinaikaleidoszkop.hu\/index.php\/wp-json\/wp\/v2\/posts"}],"about":[{"href":"https:\/\/kinaikaleidoszkop.hu\/index.php\/wp-json\/wp\/v2\/types\/post"}],"author":[{"embeddable":true,"href":"https:\/\/kinaikaleidoszkop.hu\/index.php\/wp-json\/wp\/v2\/users\/7"}],"replies":[{"embeddable":true,"href":"https:\/\/kinaikaleidoszkop.hu\/index.php\/wp-json\/wp\/v2\/comments?post=27461"}],"version-history":[{"count":0,"href":"https:\/\/kinaikaleidoszkop.hu\/index.php\/wp-json\/wp\/v2\/posts\/27461\/revisions"}],"wp:featuredmedia":[{"embeddable":true,"href":"https:\/\/kinaikaleidoszkop.hu\/index.php\/wp-json\/wp\/v2\/media\/27462"}],"wp:attachment":[{"href":"https:\/\/kinaikaleidoszkop.hu\/index.php\/wp-json\/wp\/v2\/media?parent=27461"}],"wp:term":[{"taxonomy":"category","embeddable":true,"href":"https:\/\/kinaikaleidoszkop.hu\/index.php\/wp-json\/wp\/v2\/categories?post=27461"},{"taxonomy":"post_tag","embeddable":true,"href":"https:\/\/kinaikaleidoszkop.hu\/index.php\/wp-json\/wp\/v2\/tags?post=27461"}],"curies":[{"name":"wp","href":"https:\/\/api.w.org\/{rel}","templated":true}]}}