{"id":27463,"date":"2025-11-08T14:52:53","date_gmt":"2025-11-08T13:52:53","guid":{"rendered":"https:\/\/kinaikaleidoszkop.hu\/index.php\/2025\/11\/08\/bemutattak-a-fold-visszaszerzese-tajvan-visszateresenek-80-evforduloja-cimu-dokumentumfilmet\/"},"modified":"2025-11-12T09:40:06","modified_gmt":"2025-11-12T08:40:06","slug":"bemutattak-a-fold-visszaszerzese-tajvan-visszateresenek-80-evforduloja-cimu-dokumentumfilmet","status":"publish","type":"post","link":"https:\/\/kinaikaleidoszkop.hu\/index.php\/2025\/11\/08\/bemutattak-a-fold-visszaszerzese-tajvan-visszateresenek-80-evforduloja-cimu-dokumentumfilmet\/","title":{"rendered":"Bemutatt\u00e1k \u201eA f\u00f6ld visszaszerz\u00e9se: Tajvan visszat\u00e9r\u00e9s\u00e9nek 80. \u00e9vfordul\u00f3ja\u201d c\u00edm\u0171 dokumentumfilmet"},"content":{"rendered":"\n<p><strong>A 14. Orsz\u00e1gos N\u00e9pi Gy\u0171l\u00e9s \u00c1lland\u00f3 Bizotts\u00e1g\u00e1nak 18. \u00fcl\u00e9sszak\u00e1n okt\u00f3ber 24-\u00e9n fogadt\u00e1k el azt a hat\u00e1rozatot, amellyel okt\u00f3ber 25-\u00e9t t\u00f6rv\u00e9nyesen kijel\u00f6lt\u00e9k Tajvan Visszat\u00e9r\u00e9s\u00e9nek Eml\u00e9knapj\u00e1v\u00e1. Tajvan visszat\u00e9r\u00e9s\u00e9nek 80. \u00e9vfordul\u00f3ja alkalm\u00e1b\u00f3l a China Media Group\u00a0(CMG)\u00a0hatr\u00e9szes dokumentumfilm-sorozatot k\u00e9sz\u00edtett \u201eA f\u00f6ld visszaszerz\u00e9se: Tajvan visszat\u00e9r\u00e9s\u00e9nek 80. \u00e9vfordul\u00f3ja\u201d c\u00edmmel.<\/strong><\/p>\n\n\n<div class=\"wp-block-image\">\n<figure class=\"aligncenter size-full\"><img decoding=\"async\" src=\"https:\/\/pestcentrum.hu\/wp-content\/uploads\/2025\/11\/Bemutattak-\u201eA-fold-visszaszerzese-Tajvan-visszateresenek-80.-evforduloja-cimu-dokumentumfilmet.jpg\" alt=\"\" class=\"wp-image-39772\"\/><\/figure>\n<\/div>\n\n\n<p>A dokumentumfilmben szak\u00e9rt\u0151k, tud\u00f3sok \u00e9s szemtan\u00fak alapos t\u00f6rt\u00e9nelmi kutat\u00e1saikkal \u00e9s \u00e9rtelmez\u00e9s\u00fck alapj\u00e1n rekonstru\u00e1lj\u00e1k a t\u00f6rt\u00e9nelmi esem\u00e9nyeket \u00e9s a Tajvani-szoros k\u00e9t oldal\u00e1n \u00e9l\u0151 honfit\u00e1rsak k\u00f6z\u00f6tti v\u00e9rkapcsolatok t\u00f6rt\u00e9nelmi val\u00f3s\u00e1g\u00e1t. A film felfedi a jap\u00e1nok \u00f6tven\u00e9ves megsz\u00e1ll\u00e1sa \u00e9s gyarmatos\u00edt\u00e1sa alatt elk\u00f6vetett brut\u00e1lis kizs\u00e1km\u00e1nyol\u00e1st \u00e9s elnyom\u00e1st Tajvan sziget\u00e9n. A film bemutatja a tajvanon \u00e9l\u0151k rend\u00edthetetlen nemzeti szellem\u00e9t, amint \u201csz\u00edv\u00fcket az anyaorsz\u00e1g fel\u00e9 ford\u00edtva\u201d, kitart\u00f3an ellen\u00e1llnak a k\u00fclf\u00f6ldi agresszi\u00f3nak.&nbsp;A film \u00fczenete, hogy K\u00edna \u00fajraegyes\u00edt\u00e9se elker\u00fclhetetlen t\u00f6rt\u00e9nelmi tendencia, amelyet semmi sem \u00e1ll\u00edthat meg.<\/p>\n\n\n\n<p>A produkci\u00f3s csapat t\u00f6bb mint t\u00edz tartom\u00e1nyban \u00e9s v\u00e1rosban, k\u00f6zt\u00fck Tajvanon is j\u00e1rt, hogy interj\u00fakat k\u00e9sz\u00edtsen \u00e9s forgasson. Sz\u00e1mos t\u00f6rt\u00e9nelmi m\u0171t\u00e1rgyat, arch\u00edv dokumentumot, napl\u00f3t \u00e9s levelez\u00e9st r\u00f6gz\u00edtettek, \u00e9s sz\u00e1mos \u00e9rt\u00e9kes videofelv\u00e9telt k\u00e9sz\u00edtettek, amelyek nagy r\u00e9sze most el\u0151sz\u00f6r ker\u00fcl nyilv\u00e1noss\u00e1gra.<\/p>\n\n\n\n<p>A hamarosan sug\u00e1rz\u00e1sra ker\u00fcl\u0151 dokumentumfilm a \u201ekoncepci\u00f3+m\u0171v\u00e9sziess\u00e9g+technol\u00f3gia\u201d elvet k\u00f6veti, \u00e9s t\u00f6bb dimenzi\u00f3ban is innovat\u00edv megold\u00e1sokat val\u00f3s\u00edt meg.<\/p>\n\n\n\n<p><strong><em>(China Media Group)<\/em><\/strong><\/p>\n\n\n\n<p><strong>2025. november 8.<\/strong><\/p>\n\n\n\n<p><strong><em>(x)<\/em><\/strong><\/p>\n","protected":false},"excerpt":{"rendered":"<p>A 14. Orsz\u00e1gos N\u00e9pi Gy\u0171l\u00e9s \u00c1lland\u00f3 Bizotts\u00e1g\u00e1nak 18. \u00fcl\u00e9sszak\u00e1n okt\u00f3ber 24-\u00e9n fogadt\u00e1k el azt a hat\u00e1rozatot, amellyel okt\u00f3ber 25-\u00e9t t\u00f6rv\u00e9nyesen kijel\u00f6lt\u00e9k Tajvan Visszat\u00e9r\u00e9s\u00e9nek Eml\u00e9knapj\u00e1v\u00e1. Tajvan visszat\u00e9r\u00e9s\u00e9nek 80. \u00e9vfordul\u00f3ja alkalm\u00e1b\u00f3l a China Media Group\u00a0(CMG)\u00a0hatr\u00e9szes dokumentumfilm-sorozatot k\u00e9sz\u00edtett \u201eA f\u00f6ld visszaszerz\u00e9se: Tajvan visszat\u00e9r\u00e9s\u00e9nek 80. \u00e9vfordul\u00f3ja\u201d c\u00edmmel. A dokumentumfilmben szak\u00e9rt\u0151k, tud\u00f3sok \u00e9s szemtan\u00fak alapos t\u00f6rt\u00e9nelmi kutat\u00e1saikkal \u00e9s \u00e9rtelmez\u00e9s\u00fck alapj\u00e1n [&hellip;]<\/p>\n","protected":false},"author":7,"featured_media":27513,"comment_status":"closed","ping_status":"","sticky":false,"template":"","format":"standard","meta":{"footnotes":""},"categories":[4797],"tags":[552,1711,3696,1120,5667],"class_list":["post-27463","post","type-post","status-publish","format-standard","has-post-thumbnail","hentry","category-egyeb-hirek","tag-bemutato","tag-dokumentumfilm","tag-kina","tag-tortenelem","tag-ujraegyesites"],"yoast_head":"<!-- This site is optimized with the Yoast SEO plugin v23.7 - https:\/\/yoast.com\/wordpress\/plugins\/seo\/ -->\n<title>Bemutatt\u00e1k \u201eA f\u00f6ld visszaszerz\u00e9se: Tajvan visszat\u00e9r\u00e9s\u00e9nek 80. \u00e9vfordul\u00f3ja\u201d c\u00edm\u0171 dokumentumfilmet - kinaikaleidoszkop.hu<\/title>\n<meta name=\"robots\" content=\"index, follow, max-snippet:-1, max-image-preview:large, max-video-preview:-1\" \/>\n<link rel=\"canonical\" href=\"https:\/\/pestcentrum.hu\/2025\/11\/08\/bemutattak-a-fold-visszaszerzese-tajvan-visszateresenek-80-evforduloja-cimu-dokumentumfilmet\/\" \/>\n<meta property=\"og:locale\" content=\"hu_HU\" \/>\n<meta property=\"og:type\" content=\"article\" \/>\n<meta property=\"og:title\" content=\"Bemutatt\u00e1k \u201eA f\u00f6ld visszaszerz\u00e9se: Tajvan visszat\u00e9r\u00e9s\u00e9nek 80. \u00e9vfordul\u00f3ja\u201d c\u00edm\u0171 dokumentumfilmet - kinaikaleidoszkop.hu\" \/>\n<meta property=\"og:description\" content=\"A 14. Orsz\u00e1gos N\u00e9pi Gy\u0171l\u00e9s \u00c1lland\u00f3 Bizotts\u00e1g\u00e1nak 18. \u00fcl\u00e9sszak\u00e1n okt\u00f3ber 24-\u00e9n fogadt\u00e1k el azt a hat\u00e1rozatot, amellyel okt\u00f3ber 25-\u00e9t t\u00f6rv\u00e9nyesen kijel\u00f6lt\u00e9k Tajvan Visszat\u00e9r\u00e9s\u00e9nek Eml\u00e9knapj\u00e1v\u00e1. Tajvan visszat\u00e9r\u00e9s\u00e9nek 80. \u00e9vfordul\u00f3ja alkalm\u00e1b\u00f3l a China Media Group\u00a0(CMG)\u00a0hatr\u00e9szes dokumentumfilm-sorozatot k\u00e9sz\u00edtett \u201eA f\u00f6ld visszaszerz\u00e9se: Tajvan visszat\u00e9r\u00e9s\u00e9nek 80. \u00e9vfordul\u00f3ja\u201d c\u00edmmel. A dokumentumfilmben szak\u00e9rt\u0151k, tud\u00f3sok \u00e9s szemtan\u00fak alapos t\u00f6rt\u00e9nelmi kutat\u00e1saikkal \u00e9s \u00e9rtelmez\u00e9s\u00fck alapj\u00e1n [&hellip;]\" \/>\n<meta property=\"og:url\" content=\"https:\/\/kinaikaleidoszkop.hu\/index.php\/2025\/11\/08\/bemutattak-a-fold-visszaszerzese-tajvan-visszateresenek-80-evforduloja-cimu-dokumentumfilmet\/\" \/>\n<meta property=\"og:site_name\" content=\"kinaikaleidoszkop.hu\" \/>\n<meta property=\"article:published_time\" content=\"2025-11-08T13:52:53+00:00\" \/>\n<meta property=\"article:modified_time\" content=\"2025-11-12T08:40:06+00:00\" \/>\n<meta property=\"og:image\" content=\"https:\/\/kinaikaleidoszkop.hu\/wp-content\/uploads\/2025\/11\/Bemutattak-\u201eA-fold-visszaszerzese-Tajvan-visszateresenek-80.-evforduloja-cimu-dokumentumfilmet.jpg\" \/>\n\t<meta property=\"og:image:width\" content=\"838\" \/>\n\t<meta property=\"og:image:height\" content=\"468\" \/>\n\t<meta property=\"og:image:type\" content=\"image\/jpeg\" \/>\n<meta name=\"author\" content=\"Szerk_Erik\" \/>\n<meta name=\"twitter:card\" content=\"summary_large_image\" \/>\n<meta name=\"twitter:label1\" content=\"Szerz\u0151:\" \/>\n\t<meta name=\"twitter:data1\" content=\"PestCentrum\" \/>\n\t<meta name=\"twitter:label2\" content=\"Becs\u00fclt olvas\u00e1si id\u0151\" \/>\n\t<meta name=\"twitter:data2\" content=\"2 perc\" \/>\n<script type=\"application\/ld+json\" class=\"yoast-schema-graph\">{\"@context\":\"https:\/\/schema.org\",\"@graph\":[{\"@type\":\"WebPage\",\"@id\":\"https:\/\/kinaikaleidoszkop.hu\/index.php\/2025\/11\/08\/bemutattak-a-fold-visszaszerzese-tajvan-visszateresenek-80-evforduloja-cimu-dokumentumfilmet\/\",\"url\":\"https:\/\/kinaikaleidoszkop.hu\/index.php\/2025\/11\/08\/bemutattak-a-fold-visszaszerzese-tajvan-visszateresenek-80-evforduloja-cimu-dokumentumfilmet\/\",\"name\":\"Bemutatt\u00e1k \u201eA f\u00f6ld visszaszerz\u00e9se: Tajvan visszat\u00e9r\u00e9s\u00e9nek 80. \u00e9vfordul\u00f3ja\u201d c\u00edm\u0171 dokumentumfilmet - kinaikaleidoszkop.hu\",\"isPartOf\":{\"@id\":\"https:\/\/kinaikaleidoszkop.hu\/#website\"},\"primaryImageOfPage\":{\"@id\":\"https:\/\/kinaikaleidoszkop.hu\/index.php\/2025\/11\/08\/bemutattak-a-fold-visszaszerzese-tajvan-visszateresenek-80-evforduloja-cimu-dokumentumfilmet\/#primaryimage\"},\"image\":{\"@id\":\"https:\/\/kinaikaleidoszkop.hu\/index.php\/2025\/11\/08\/bemutattak-a-fold-visszaszerzese-tajvan-visszateresenek-80-evforduloja-cimu-dokumentumfilmet\/#primaryimage\"},\"thumbnailUrl\":\"https:\/\/kinaikaleidoszkop.hu\/wp-content\/uploads\/2025\/11\/Bemutattak-\u201eA-fold-visszaszerzese-Tajvan-visszateresenek-80.-evforduloja-cimu-dokumentumfilmet.jpg\",\"datePublished\":\"2025-11-08T13:52:53+00:00\",\"dateModified\":\"2025-11-12T08:40:06+00:00\",\"author\":{\"@id\":\"https:\/\/kinaikaleidoszkop.hu\/#\/schema\/person\/4d69b71e7e70322713b9d9287b610556\"},\"breadcrumb\":{\"@id\":\"https:\/\/kinaikaleidoszkop.hu\/index.php\/2025\/11\/08\/bemutattak-a-fold-visszaszerzese-tajvan-visszateresenek-80-evforduloja-cimu-dokumentumfilmet\/#breadcrumb\"},\"inLanguage\":\"hu\",\"potentialAction\":[{\"@type\":\"ReadAction\",\"target\":[\"https:\/\/kinaikaleidoszkop.hu\/index.php\/2025\/11\/08\/bemutattak-a-fold-visszaszerzese-tajvan-visszateresenek-80-evforduloja-cimu-dokumentumfilmet\/\"]}]},{\"@type\":\"ImageObject\",\"inLanguage\":\"hu\",\"@id\":\"https:\/\/kinaikaleidoszkop.hu\/index.php\/2025\/11\/08\/bemutattak-a-fold-visszaszerzese-tajvan-visszateresenek-80-evforduloja-cimu-dokumentumfilmet\/#primaryimage\",\"url\":\"https:\/\/kinaikaleidoszkop.hu\/wp-content\/uploads\/2025\/11\/Bemutattak-\u201eA-fold-visszaszerzese-Tajvan-visszateresenek-80.-evforduloja-cimu-dokumentumfilmet.jpg\",\"contentUrl\":\"https:\/\/kinaikaleidoszkop.hu\/wp-content\/uploads\/2025\/11\/Bemutattak-\u201eA-fold-visszaszerzese-Tajvan-visszateresenek-80.-evforduloja-cimu-dokumentumfilmet.jpg\",\"width\":838,\"height\":468},{\"@type\":\"BreadcrumbList\",\"@id\":\"https:\/\/kinaikaleidoszkop.hu\/index.php\/2025\/11\/08\/bemutattak-a-fold-visszaszerzese-tajvan-visszateresenek-80-evforduloja-cimu-dokumentumfilmet\/#breadcrumb\",\"itemListElement\":[{\"@type\":\"ListItem\",\"position\":1,\"name\":\"Kezd\u0151lap\",\"item\":\"https:\/\/kinaikaleidoszkop.hu\/\"},{\"@type\":\"ListItem\",\"position\":2,\"name\":\"Bemutatt\u00e1k \u201eA f\u00f6ld visszaszerz\u00e9se: Tajvan visszat\u00e9r\u00e9s\u00e9nek 80. \u00e9vfordul\u00f3ja\u201d c\u00edm\u0171 dokumentumfilmet\"}]},{\"@type\":\"WebSite\",\"@id\":\"https:\/\/kinaikaleidoszkop.hu\/#website\",\"url\":\"https:\/\/kinaikaleidoszkop.hu\/\",\"name\":\"kinaikaleidoszkop.hu\",\"description\":\"\",\"potentialAction\":[{\"@type\":\"SearchAction\",\"target\":{\"@type\":\"EntryPoint\",\"urlTemplate\":\"https:\/\/kinaikaleidoszkop.hu\/?s={search_term_string}\"},\"query-input\":{\"@type\":\"PropertyValueSpecification\",\"valueRequired\":true,\"valueName\":\"search_term_string\"}}],\"inLanguage\":\"hu\"},{\"@type\":\"Person\",\"@id\":\"https:\/\/kinaikaleidoszkop.hu\/#\/schema\/person\/4d69b71e7e70322713b9d9287b610556\",\"name\":\"Szerk_Erik\",\"image\":{\"@type\":\"ImageObject\",\"inLanguage\":\"hu\",\"@id\":\"https:\/\/kinaikaleidoszkop.hu\/#\/schema\/person\/image\/\",\"url\":\"https:\/\/secure.gravatar.com\/avatar\/3c1e909a14c0c91d2eaef877aaacb584c667f8e7137de69653aa9561fd0e8062?s=96&d=mm&r=g\",\"contentUrl\":\"https:\/\/secure.gravatar.com\/avatar\/3c1e909a14c0c91d2eaef877aaacb584c667f8e7137de69653aa9561fd0e8062?s=96&d=mm&r=g\",\"caption\":\"Szerk_Erik\"},\"url\":\"https:\/\/pestcentrum.hu\"}]}<\/script>\n<!-- \/ Yoast SEO plugin. -->","yoast_head_json":{"title":"Bemutatt\u00e1k \u201eA f\u00f6ld visszaszerz\u00e9se: Tajvan visszat\u00e9r\u00e9s\u00e9nek 80. \u00e9vfordul\u00f3ja\u201d c\u00edm\u0171 dokumentumfilmet - kinaikaleidoszkop.hu","robots":{"index":"index","follow":"follow","max-snippet":"max-snippet:-1","max-image-preview":"max-image-preview:large","max-video-preview":"max-video-preview:-1"},"canonical":"https:\/\/pestcentrum.hu\/2025\/11\/08\/bemutattak-a-fold-visszaszerzese-tajvan-visszateresenek-80-evforduloja-cimu-dokumentumfilmet\/","og_locale":"hu_HU","og_type":"article","og_title":"Bemutatt\u00e1k \u201eA f\u00f6ld visszaszerz\u00e9se: Tajvan visszat\u00e9r\u00e9s\u00e9nek 80. \u00e9vfordul\u00f3ja\u201d c\u00edm\u0171 dokumentumfilmet - kinaikaleidoszkop.hu","og_description":"A 14. Orsz\u00e1gos N\u00e9pi Gy\u0171l\u00e9s \u00c1lland\u00f3 Bizotts\u00e1g\u00e1nak 18. \u00fcl\u00e9sszak\u00e1n okt\u00f3ber 24-\u00e9n fogadt\u00e1k el azt a hat\u00e1rozatot, amellyel okt\u00f3ber 25-\u00e9t t\u00f6rv\u00e9nyesen kijel\u00f6lt\u00e9k Tajvan Visszat\u00e9r\u00e9s\u00e9nek Eml\u00e9knapj\u00e1v\u00e1. Tajvan visszat\u00e9r\u00e9s\u00e9nek 80. \u00e9vfordul\u00f3ja alkalm\u00e1b\u00f3l a China Media Group\u00a0(CMG)\u00a0hatr\u00e9szes dokumentumfilm-sorozatot k\u00e9sz\u00edtett \u201eA f\u00f6ld visszaszerz\u00e9se: Tajvan visszat\u00e9r\u00e9s\u00e9nek 80. \u00e9vfordul\u00f3ja\u201d c\u00edmmel. A dokumentumfilmben szak\u00e9rt\u0151k, tud\u00f3sok \u00e9s szemtan\u00fak alapos t\u00f6rt\u00e9nelmi kutat\u00e1saikkal \u00e9s \u00e9rtelmez\u00e9s\u00fck alapj\u00e1n [&hellip;]","og_url":"https:\/\/kinaikaleidoszkop.hu\/index.php\/2025\/11\/08\/bemutattak-a-fold-visszaszerzese-tajvan-visszateresenek-80-evforduloja-cimu-dokumentumfilmet\/","og_site_name":"kinaikaleidoszkop.hu","article_published_time":"2025-11-08T13:52:53+00:00","article_modified_time":"2025-11-12T08:40:06+00:00","og_image":[{"width":838,"height":468,"url":"https:\/\/kinaikaleidoszkop.hu\/wp-content\/uploads\/2025\/11\/Bemutattak-\u201eA-fold-visszaszerzese-Tajvan-visszateresenek-80.-evforduloja-cimu-dokumentumfilmet.jpg","type":"image\/jpeg"}],"author":"Szerk_Erik","twitter_card":"summary_large_image","twitter_misc":{"Szerz\u0151:":"PestCentrum","Becs\u00fclt olvas\u00e1si id\u0151":"2 perc"},"schema":{"@context":"https:\/\/schema.org","@graph":[{"@type":"WebPage","@id":"https:\/\/kinaikaleidoszkop.hu\/index.php\/2025\/11\/08\/bemutattak-a-fold-visszaszerzese-tajvan-visszateresenek-80-evforduloja-cimu-dokumentumfilmet\/","url":"https:\/\/kinaikaleidoszkop.hu\/index.php\/2025\/11\/08\/bemutattak-a-fold-visszaszerzese-tajvan-visszateresenek-80-evforduloja-cimu-dokumentumfilmet\/","name":"Bemutatt\u00e1k \u201eA f\u00f6ld visszaszerz\u00e9se: Tajvan visszat\u00e9r\u00e9s\u00e9nek 80. \u00e9vfordul\u00f3ja\u201d c\u00edm\u0171 dokumentumfilmet - kinaikaleidoszkop.hu","isPartOf":{"@id":"https:\/\/kinaikaleidoszkop.hu\/#website"},"primaryImageOfPage":{"@id":"https:\/\/kinaikaleidoszkop.hu\/index.php\/2025\/11\/08\/bemutattak-a-fold-visszaszerzese-tajvan-visszateresenek-80-evforduloja-cimu-dokumentumfilmet\/#primaryimage"},"image":{"@id":"https:\/\/kinaikaleidoszkop.hu\/index.php\/2025\/11\/08\/bemutattak-a-fold-visszaszerzese-tajvan-visszateresenek-80-evforduloja-cimu-dokumentumfilmet\/#primaryimage"},"thumbnailUrl":"https:\/\/kinaikaleidoszkop.hu\/wp-content\/uploads\/2025\/11\/Bemutattak-\u201eA-fold-visszaszerzese-Tajvan-visszateresenek-80.-evforduloja-cimu-dokumentumfilmet.jpg","datePublished":"2025-11-08T13:52:53+00:00","dateModified":"2025-11-12T08:40:06+00:00","author":{"@id":"https:\/\/kinaikaleidoszkop.hu\/#\/schema\/person\/4d69b71e7e70322713b9d9287b610556"},"breadcrumb":{"@id":"https:\/\/kinaikaleidoszkop.hu\/index.php\/2025\/11\/08\/bemutattak-a-fold-visszaszerzese-tajvan-visszateresenek-80-evforduloja-cimu-dokumentumfilmet\/#breadcrumb"},"inLanguage":"hu","potentialAction":[{"@type":"ReadAction","target":["https:\/\/kinaikaleidoszkop.hu\/index.php\/2025\/11\/08\/bemutattak-a-fold-visszaszerzese-tajvan-visszateresenek-80-evforduloja-cimu-dokumentumfilmet\/"]}]},{"@type":"ImageObject","inLanguage":"hu","@id":"https:\/\/kinaikaleidoszkop.hu\/index.php\/2025\/11\/08\/bemutattak-a-fold-visszaszerzese-tajvan-visszateresenek-80-evforduloja-cimu-dokumentumfilmet\/#primaryimage","url":"https:\/\/kinaikaleidoszkop.hu\/wp-content\/uploads\/2025\/11\/Bemutattak-\u201eA-fold-visszaszerzese-Tajvan-visszateresenek-80.-evforduloja-cimu-dokumentumfilmet.jpg","contentUrl":"https:\/\/kinaikaleidoszkop.hu\/wp-content\/uploads\/2025\/11\/Bemutattak-\u201eA-fold-visszaszerzese-Tajvan-visszateresenek-80.-evforduloja-cimu-dokumentumfilmet.jpg","width":838,"height":468},{"@type":"BreadcrumbList","@id":"https:\/\/kinaikaleidoszkop.hu\/index.php\/2025\/11\/08\/bemutattak-a-fold-visszaszerzese-tajvan-visszateresenek-80-evforduloja-cimu-dokumentumfilmet\/#breadcrumb","itemListElement":[{"@type":"ListItem","position":1,"name":"Kezd\u0151lap","item":"https:\/\/kinaikaleidoszkop.hu\/"},{"@type":"ListItem","position":2,"name":"Bemutatt\u00e1k \u201eA f\u00f6ld visszaszerz\u00e9se: Tajvan visszat\u00e9r\u00e9s\u00e9nek 80. \u00e9vfordul\u00f3ja\u201d c\u00edm\u0171 dokumentumfilmet"}]},{"@type":"WebSite","@id":"https:\/\/kinaikaleidoszkop.hu\/#website","url":"https:\/\/kinaikaleidoszkop.hu\/","name":"kinaikaleidoszkop.hu","description":"","potentialAction":[{"@type":"SearchAction","target":{"@type":"EntryPoint","urlTemplate":"https:\/\/kinaikaleidoszkop.hu\/?s={search_term_string}"},"query-input":{"@type":"PropertyValueSpecification","valueRequired":true,"valueName":"search_term_string"}}],"inLanguage":"hu"},{"@type":"Person","@id":"https:\/\/kinaikaleidoszkop.hu\/#\/schema\/person\/4d69b71e7e70322713b9d9287b610556","name":"Szerk_Erik","image":{"@type":"ImageObject","inLanguage":"hu","@id":"https:\/\/kinaikaleidoszkop.hu\/#\/schema\/person\/image\/","url":"https:\/\/secure.gravatar.com\/avatar\/3c1e909a14c0c91d2eaef877aaacb584c667f8e7137de69653aa9561fd0e8062?s=96&d=mm&r=g","contentUrl":"https:\/\/secure.gravatar.com\/avatar\/3c1e909a14c0c91d2eaef877aaacb584c667f8e7137de69653aa9561fd0e8062?s=96&d=mm&r=g","caption":"Szerk_Erik"},"url":"https:\/\/pestcentrum.hu"}]}},"views":101,"distributor_meta":false,"distributor_terms":false,"distributor_media":false,"distributor_original_site_name":"PestCentrum","distributor_original_site_url":"https:\/\/pestcentrum.hu","push-errors":false,"_links":{"self":[{"href":"https:\/\/kinaikaleidoszkop.hu\/index.php\/wp-json\/wp\/v2\/posts\/27463","targetHints":{"allow":["GET"]}}],"collection":[{"href":"https:\/\/kinaikaleidoszkop.hu\/index.php\/wp-json\/wp\/v2\/posts"}],"about":[{"href":"https:\/\/kinaikaleidoszkop.hu\/index.php\/wp-json\/wp\/v2\/types\/post"}],"author":[{"embeddable":true,"href":"https:\/\/kinaikaleidoszkop.hu\/index.php\/wp-json\/wp\/v2\/users\/7"}],"replies":[{"embeddable":true,"href":"https:\/\/kinaikaleidoszkop.hu\/index.php\/wp-json\/wp\/v2\/comments?post=27463"}],"version-history":[{"count":1,"href":"https:\/\/kinaikaleidoszkop.hu\/index.php\/wp-json\/wp\/v2\/posts\/27463\/revisions"}],"predecessor-version":[{"id":27511,"href":"https:\/\/kinaikaleidoszkop.hu\/index.php\/wp-json\/wp\/v2\/posts\/27463\/revisions\/27511"}],"wp:featuredmedia":[{"embeddable":true,"href":"https:\/\/kinaikaleidoszkop.hu\/index.php\/wp-json\/wp\/v2\/media\/27513"}],"wp:attachment":[{"href":"https:\/\/kinaikaleidoszkop.hu\/index.php\/wp-json\/wp\/v2\/media?parent=27463"}],"wp:term":[{"taxonomy":"category","embeddable":true,"href":"https:\/\/kinaikaleidoszkop.hu\/index.php\/wp-json\/wp\/v2\/categories?post=27463"},{"taxonomy":"post_tag","embeddable":true,"href":"https:\/\/kinaikaleidoszkop.hu\/index.php\/wp-json\/wp\/v2\/tags?post=27463"}],"curies":[{"name":"wp","href":"https:\/\/api.w.org\/{rel}","templated":true}]}}