{"id":27465,"date":"2025-11-08T14:56:26","date_gmt":"2025-11-08T13:56:26","guid":{"rendered":"https:\/\/kinaikaleidoszkop.hu\/index.php\/2025\/11\/08\/a-kinai-allamtanacs-tajvani-ugyek-hivatala-is-ertekelte-a-tajvan-visszateresenek-80-evforduloja-alkalmabol-keszult-dokumentumfilm-sorozatot\/"},"modified":"2025-11-12T09:45:44","modified_gmt":"2025-11-12T08:45:44","slug":"a-kinai-allamtanacs-tajvani-ugyek-hivatala-is-ertekelte-a-tajvan-visszateresenek-80-evforduloja-alkalmabol-keszult-dokumentumfilm-sorozatot","status":"publish","type":"post","link":"https:\/\/kinaikaleidoszkop.hu\/index.php\/2025\/11\/08\/a-kinai-allamtanacs-tajvani-ugyek-hivatala-is-ertekelte-a-tajvan-visszateresenek-80-evforduloja-alkalmabol-keszult-dokumentumfilm-sorozatot\/","title":{"rendered":"A k\u00ednai \u00c1llamtan\u00e1cs Tajvani \u00dcgyek Hivatala is \u00e9rt\u00e9kelte a\u00a0Tajvan visszat\u00e9r\u00e9s\u00e9nek 80. \u00e9vfordul\u00f3ja alkalm\u00e1b\u00f3l k\u00e9sz\u00fclt\u00a0dokumentumfilm-sorozatot"},"content":{"rendered":"\n<p><strong>November 5-\u00e9n a k\u00ednai \u00c1llamtan\u00e1cs Tajvani \u00dcgyek Hivatala sajt\u00f3t\u00e1j\u00e9koztat\u00f3j\u00e1n egy tud\u00f3s\u00edt\u00f3 \u201eA f\u00f6ld visszaszerz\u00e9se: Tajvan visszat\u00e9r\u00e9s\u00e9nek 80. \u00e9vfordul\u00f3ja\u201d c\u00edm\u0171 dokumentumfilmr\u0151l k\u00e9rdezett.<\/strong><\/p>\n\n\n<div class=\"wp-block-image\">\n<figure class=\"aligncenter size-full\"><img decoding=\"async\" src=\"https:\/\/pestcentrum.hu\/wp-content\/uploads\/2025\/11\/A-kinai-Allamtanacs-Tajvani-Ugyek-Hivatala-is-ertekelte-a-Tajvan-visszateresenek-80.-evforduloja-alkalmabol-keszult-dokumentumfilm-sorozatot.jpg\" alt=\"\" class=\"wp-image-39780\"\/><\/figure>\n<\/div>\n\n\n<p>Zhang Han sz\u00f3viv\u0151 kijelentette, hogy a dokumentumfilm els\u0151sorban a Tajvan 1895-\u00f6s elszakad\u00e1s\u00e1t k\u00f6vet\u0151 t\u00f6rt\u00e9nelmi igazs\u00e1gokat r\u00f6gz\u00edti eg\u00e9szen a sziget 1945-\u00f6s visszat\u00e9r\u00e9s\u00e9ig. Mint mondta, a t\u00f6rt\u00e9nelmi kutat\u00e1sokra alapozott, szak\u00e9rt\u0151kkel, tud\u00f3sokkal \u00e9s szemtan\u00fakkal k\u00e9sz\u00edtett interj\u00fak seg\u00edts\u00e9g\u00e9vel felt\u00e1rj\u00e1k a gyarmati uralom alatti kizs\u00e1km\u00e1nyol\u00e1st \u00e9s elnyom\u00e1st, bemutatj\u00e1k Tajvan hazafias szem\u00e9lyis\u00e9geinek h\u0151siess\u00e9g\u00e9t, \u00e9s bizony\u00edtj\u00e1k, hogy Tajvan felszabad\u00edt\u00e1sa egyr\u00e9szt a m\u00e1sodik vil\u00e1gh\u00e1bor\u00faban el\u00e9rt gy\u0151zelem eredm\u00e9nye, m\u00e1sr\u00e9szt a h\u00e1bor\u00fa ut\u00e1ni nemzetk\u00f6zi rend szerves r\u00e9sze volt. Zhang szerint a dokumentumfilm azt is kifejezi, hogy K\u00edna \u00fajraegyes\u00edt\u00e9se elker\u00fclhetetlen t\u00f6rt\u00e9nelmi tendencia, amelyet semmi sem \u00e1ll\u00edthat meg.<\/p>\n\n\n\n<p>Zhang Han arra is kit\u00e9rt, hogy a produkci\u00f3s csapat be\u00e9p\u00edtette a leg\u00fajabb kutat\u00e1si eredm\u00e9nyeket az elm\u00falt \u00e9vekb\u0151l, interj\u00fakat k\u00e9sz\u00edtett \u00e9rintett szem\u00e9lyekkel, t\u00f6rt\u00e9nelmi dokumentumokat tanulm\u00e1nyozott. Mint mondta, az anyagok nagy r\u00e9sze most el\u0151sz\u00f6r ker\u00fcl nyilv\u00e1noss\u00e1gra.<\/p>\n\n\n\n<p>Zhang Han megjegyezte, hogy ez a telev\u00edzi\u00f3s produkci\u00f3 egy \u201emesterm\u0171\u201d, amely j\u00f3l \u00f6tv\u00f6zi az intellektu\u00e1lis m\u00e9lys\u00e9get \u00e9s a leny\u0171g\u00f6z\u0151 t\u00f6rt\u00e9netmes\u00e9l\u00e9st.<\/p>\n\n\n\n<p><strong><em>(China Media Group)<\/em><\/strong><\/p>\n\n\n\n<p><strong>2025. november 8.<\/strong><\/p>\n\n\n\n<p><em><strong>(x)<\/strong><\/em><\/p>\n","protected":false},"excerpt":{"rendered":"<p>November 5-\u00e9n a k\u00ednai \u00c1llamtan\u00e1cs Tajvani \u00dcgyek Hivatala sajt\u00f3t\u00e1j\u00e9koztat\u00f3j\u00e1n egy tud\u00f3s\u00edt\u00f3 \u201eA f\u00f6ld visszaszerz\u00e9se: Tajvan visszat\u00e9r\u00e9s\u00e9nek 80. \u00e9vfordul\u00f3ja\u201d c\u00edm\u0171 dokumentumfilmr\u0151l k\u00e9rdezett. Zhang Han sz\u00f3viv\u0151 kijelentette, hogy a dokumentumfilm els\u0151sorban a Tajvan 1895-\u00f6s elszakad\u00e1s\u00e1t k\u00f6vet\u0151 t\u00f6rt\u00e9nelmi igazs\u00e1gokat r\u00f6gz\u00edti eg\u00e9szen a sziget 1945-\u00f6s visszat\u00e9r\u00e9s\u00e9ig. Mint mondta, a t\u00f6rt\u00e9nelmi kutat\u00e1sokra alapozott, szak\u00e9rt\u0151kkel, tud\u00f3sokkal \u00e9s szemtan\u00fakkal k\u00e9sz\u00edtett interj\u00fak seg\u00edts\u00e9g\u00e9vel [&hellip;]<\/p>\n","protected":false},"author":7,"featured_media":27516,"comment_status":"closed","ping_status":"","sticky":false,"template":"","format":"standard","meta":{"footnotes":""},"categories":[4797],"tags":[1711,1387,3696,630,172,5667],"class_list":["post-27465","post","type-post","status-publish","format-standard","has-post-thumbnail","hentry","category-egyeb-hirek","tag-dokumentumfilm","tag-elemzes","tag-kina","tag-muveszet","tag-tajvan","tag-ujraegyesites"],"yoast_head":"<!-- This site is optimized with the Yoast SEO plugin v23.7 - https:\/\/yoast.com\/wordpress\/plugins\/seo\/ -->\n<title>A k\u00ednai \u00c1llamtan\u00e1cs Tajvani \u00dcgyek Hivatala is \u00e9rt\u00e9kelte a\u00a0Tajvan visszat\u00e9r\u00e9s\u00e9nek 80. \u00e9vfordul\u00f3ja alkalm\u00e1b\u00f3l k\u00e9sz\u00fclt\u00a0dokumentumfilm-sorozatot - kinaikaleidoszkop.hu<\/title>\n<meta name=\"robots\" content=\"index, follow, max-snippet:-1, max-image-preview:large, max-video-preview:-1\" \/>\n<link rel=\"canonical\" href=\"https:\/\/pestcentrum.hu\/2025\/11\/08\/a-kinai-allamtanacs-tajvani-ugyek-hivatala-is-ertekelte-a-tajvan-visszateresenek-80-evforduloja-alkalmabol-keszult-dokumentumfilm-sorozatot\/\" \/>\n<meta property=\"og:locale\" content=\"hu_HU\" \/>\n<meta property=\"og:type\" content=\"article\" \/>\n<meta property=\"og:title\" content=\"A k\u00ednai \u00c1llamtan\u00e1cs Tajvani \u00dcgyek Hivatala is \u00e9rt\u00e9kelte a\u00a0Tajvan visszat\u00e9r\u00e9s\u00e9nek 80. \u00e9vfordul\u00f3ja alkalm\u00e1b\u00f3l k\u00e9sz\u00fclt\u00a0dokumentumfilm-sorozatot - kinaikaleidoszkop.hu\" \/>\n<meta property=\"og:description\" content=\"November 5-\u00e9n a k\u00ednai \u00c1llamtan\u00e1cs Tajvani \u00dcgyek Hivatala sajt\u00f3t\u00e1j\u00e9koztat\u00f3j\u00e1n egy tud\u00f3s\u00edt\u00f3 \u201eA f\u00f6ld visszaszerz\u00e9se: Tajvan visszat\u00e9r\u00e9s\u00e9nek 80. \u00e9vfordul\u00f3ja\u201d c\u00edm\u0171 dokumentumfilmr\u0151l k\u00e9rdezett. Zhang Han sz\u00f3viv\u0151 kijelentette, hogy a dokumentumfilm els\u0151sorban a Tajvan 1895-\u00f6s elszakad\u00e1s\u00e1t k\u00f6vet\u0151 t\u00f6rt\u00e9nelmi igazs\u00e1gokat r\u00f6gz\u00edti eg\u00e9szen a sziget 1945-\u00f6s visszat\u00e9r\u00e9s\u00e9ig. Mint mondta, a t\u00f6rt\u00e9nelmi kutat\u00e1sokra alapozott, szak\u00e9rt\u0151kkel, tud\u00f3sokkal \u00e9s szemtan\u00fakkal k\u00e9sz\u00edtett interj\u00fak seg\u00edts\u00e9g\u00e9vel [&hellip;]\" \/>\n<meta property=\"og:url\" content=\"https:\/\/kinaikaleidoszkop.hu\/index.php\/2025\/11\/08\/a-kinai-allamtanacs-tajvani-ugyek-hivatala-is-ertekelte-a-tajvan-visszateresenek-80-evforduloja-alkalmabol-keszult-dokumentumfilm-sorozatot\/\" \/>\n<meta property=\"og:site_name\" content=\"kinaikaleidoszkop.hu\" \/>\n<meta property=\"article:published_time\" content=\"2025-11-08T13:56:26+00:00\" \/>\n<meta property=\"article:modified_time\" content=\"2025-11-12T08:45:44+00:00\" \/>\n<meta property=\"og:image\" content=\"https:\/\/kinaikaleidoszkop.hu\/wp-content\/uploads\/2025\/11\/A-kinai-Allamtanacs-Tajvani-Ugyek-Hivatala-is-ertekelte-a-Tajvan-visszateresenek-80.-evforduloja-alkalmabol-keszult-dokumentumfilm-sorozatot.jpg\" \/>\n\t<meta property=\"og:image:width\" content=\"1024\" \/>\n\t<meta property=\"og:image:height\" content=\"599\" \/>\n\t<meta property=\"og:image:type\" content=\"image\/jpeg\" \/>\n<meta name=\"author\" content=\"Szerk_Erik\" \/>\n<meta name=\"twitter:card\" content=\"summary_large_image\" \/>\n<meta name=\"twitter:label1\" content=\"Szerz\u0151:\" \/>\n\t<meta name=\"twitter:data1\" content=\"PestCentrum\" \/>\n\t<meta name=\"twitter:label2\" content=\"Becs\u00fclt olvas\u00e1si id\u0151\" \/>\n\t<meta name=\"twitter:data2\" content=\"2 perc\" \/>\n<script type=\"application\/ld+json\" class=\"yoast-schema-graph\">{\"@context\":\"https:\/\/schema.org\",\"@graph\":[{\"@type\":\"WebPage\",\"@id\":\"https:\/\/kinaikaleidoszkop.hu\/index.php\/2025\/11\/08\/a-kinai-allamtanacs-tajvani-ugyek-hivatala-is-ertekelte-a-tajvan-visszateresenek-80-evforduloja-alkalmabol-keszult-dokumentumfilm-sorozatot\/\",\"url\":\"https:\/\/kinaikaleidoszkop.hu\/index.php\/2025\/11\/08\/a-kinai-allamtanacs-tajvani-ugyek-hivatala-is-ertekelte-a-tajvan-visszateresenek-80-evforduloja-alkalmabol-keszult-dokumentumfilm-sorozatot\/\",\"name\":\"A k\u00ednai \u00c1llamtan\u00e1cs Tajvani \u00dcgyek Hivatala is \u00e9rt\u00e9kelte a\u00a0Tajvan visszat\u00e9r\u00e9s\u00e9nek 80. \u00e9vfordul\u00f3ja alkalm\u00e1b\u00f3l k\u00e9sz\u00fclt\u00a0dokumentumfilm-sorozatot - kinaikaleidoszkop.hu\",\"isPartOf\":{\"@id\":\"https:\/\/kinaikaleidoszkop.hu\/#website\"},\"primaryImageOfPage\":{\"@id\":\"https:\/\/kinaikaleidoszkop.hu\/index.php\/2025\/11\/08\/a-kinai-allamtanacs-tajvani-ugyek-hivatala-is-ertekelte-a-tajvan-visszateresenek-80-evforduloja-alkalmabol-keszult-dokumentumfilm-sorozatot\/#primaryimage\"},\"image\":{\"@id\":\"https:\/\/kinaikaleidoszkop.hu\/index.php\/2025\/11\/08\/a-kinai-allamtanacs-tajvani-ugyek-hivatala-is-ertekelte-a-tajvan-visszateresenek-80-evforduloja-alkalmabol-keszult-dokumentumfilm-sorozatot\/#primaryimage\"},\"thumbnailUrl\":\"https:\/\/kinaikaleidoszkop.hu\/wp-content\/uploads\/2025\/11\/A-kinai-Allamtanacs-Tajvani-Ugyek-Hivatala-is-ertekelte-a-Tajvan-visszateresenek-80.-evforduloja-alkalmabol-keszult-dokumentumfilm-sorozatot.jpg\",\"datePublished\":\"2025-11-08T13:56:26+00:00\",\"dateModified\":\"2025-11-12T08:45:44+00:00\",\"author\":{\"@id\":\"https:\/\/kinaikaleidoszkop.hu\/#\/schema\/person\/4d69b71e7e70322713b9d9287b610556\"},\"breadcrumb\":{\"@id\":\"https:\/\/kinaikaleidoszkop.hu\/index.php\/2025\/11\/08\/a-kinai-allamtanacs-tajvani-ugyek-hivatala-is-ertekelte-a-tajvan-visszateresenek-80-evforduloja-alkalmabol-keszult-dokumentumfilm-sorozatot\/#breadcrumb\"},\"inLanguage\":\"hu\",\"potentialAction\":[{\"@type\":\"ReadAction\",\"target\":[\"https:\/\/kinaikaleidoszkop.hu\/index.php\/2025\/11\/08\/a-kinai-allamtanacs-tajvani-ugyek-hivatala-is-ertekelte-a-tajvan-visszateresenek-80-evforduloja-alkalmabol-keszult-dokumentumfilm-sorozatot\/\"]}]},{\"@type\":\"ImageObject\",\"inLanguage\":\"hu\",\"@id\":\"https:\/\/kinaikaleidoszkop.hu\/index.php\/2025\/11\/08\/a-kinai-allamtanacs-tajvani-ugyek-hivatala-is-ertekelte-a-tajvan-visszateresenek-80-evforduloja-alkalmabol-keszult-dokumentumfilm-sorozatot\/#primaryimage\",\"url\":\"https:\/\/kinaikaleidoszkop.hu\/wp-content\/uploads\/2025\/11\/A-kinai-Allamtanacs-Tajvani-Ugyek-Hivatala-is-ertekelte-a-Tajvan-visszateresenek-80.-evforduloja-alkalmabol-keszult-dokumentumfilm-sorozatot.jpg\",\"contentUrl\":\"https:\/\/kinaikaleidoszkop.hu\/wp-content\/uploads\/2025\/11\/A-kinai-Allamtanacs-Tajvani-Ugyek-Hivatala-is-ertekelte-a-Tajvan-visszateresenek-80.-evforduloja-alkalmabol-keszult-dokumentumfilm-sorozatot.jpg\",\"width\":1024,\"height\":599},{\"@type\":\"BreadcrumbList\",\"@id\":\"https:\/\/kinaikaleidoszkop.hu\/index.php\/2025\/11\/08\/a-kinai-allamtanacs-tajvani-ugyek-hivatala-is-ertekelte-a-tajvan-visszateresenek-80-evforduloja-alkalmabol-keszult-dokumentumfilm-sorozatot\/#breadcrumb\",\"itemListElement\":[{\"@type\":\"ListItem\",\"position\":1,\"name\":\"Kezd\u0151lap\",\"item\":\"https:\/\/kinaikaleidoszkop.hu\/\"},{\"@type\":\"ListItem\",\"position\":2,\"name\":\"A k\u00ednai \u00c1llamtan\u00e1cs Tajvani \u00dcgyek Hivatala is \u00e9rt\u00e9kelte a\u00a0Tajvan visszat\u00e9r\u00e9s\u00e9nek 80. \u00e9vfordul\u00f3ja alkalm\u00e1b\u00f3l k\u00e9sz\u00fclt\u00a0dokumentumfilm-sorozatot\"}]},{\"@type\":\"WebSite\",\"@id\":\"https:\/\/kinaikaleidoszkop.hu\/#website\",\"url\":\"https:\/\/kinaikaleidoszkop.hu\/\",\"name\":\"kinaikaleidoszkop.hu\",\"description\":\"\",\"potentialAction\":[{\"@type\":\"SearchAction\",\"target\":{\"@type\":\"EntryPoint\",\"urlTemplate\":\"https:\/\/kinaikaleidoszkop.hu\/?s={search_term_string}\"},\"query-input\":{\"@type\":\"PropertyValueSpecification\",\"valueRequired\":true,\"valueName\":\"search_term_string\"}}],\"inLanguage\":\"hu\"},{\"@type\":\"Person\",\"@id\":\"https:\/\/kinaikaleidoszkop.hu\/#\/schema\/person\/4d69b71e7e70322713b9d9287b610556\",\"name\":\"Szerk_Erik\",\"image\":{\"@type\":\"ImageObject\",\"inLanguage\":\"hu\",\"@id\":\"https:\/\/kinaikaleidoszkop.hu\/#\/schema\/person\/image\/\",\"url\":\"https:\/\/secure.gravatar.com\/avatar\/3c1e909a14c0c91d2eaef877aaacb584c667f8e7137de69653aa9561fd0e8062?s=96&d=mm&r=g\",\"contentUrl\":\"https:\/\/secure.gravatar.com\/avatar\/3c1e909a14c0c91d2eaef877aaacb584c667f8e7137de69653aa9561fd0e8062?s=96&d=mm&r=g\",\"caption\":\"Szerk_Erik\"},\"url\":\"https:\/\/pestcentrum.hu\"}]}<\/script>\n<!-- \/ Yoast SEO plugin. -->","yoast_head_json":{"title":"A k\u00ednai \u00c1llamtan\u00e1cs Tajvani \u00dcgyek Hivatala is \u00e9rt\u00e9kelte a\u00a0Tajvan visszat\u00e9r\u00e9s\u00e9nek 80. \u00e9vfordul\u00f3ja alkalm\u00e1b\u00f3l k\u00e9sz\u00fclt\u00a0dokumentumfilm-sorozatot - kinaikaleidoszkop.hu","robots":{"index":"index","follow":"follow","max-snippet":"max-snippet:-1","max-image-preview":"max-image-preview:large","max-video-preview":"max-video-preview:-1"},"canonical":"https:\/\/pestcentrum.hu\/2025\/11\/08\/a-kinai-allamtanacs-tajvani-ugyek-hivatala-is-ertekelte-a-tajvan-visszateresenek-80-evforduloja-alkalmabol-keszult-dokumentumfilm-sorozatot\/","og_locale":"hu_HU","og_type":"article","og_title":"A k\u00ednai \u00c1llamtan\u00e1cs Tajvani \u00dcgyek Hivatala is \u00e9rt\u00e9kelte a\u00a0Tajvan visszat\u00e9r\u00e9s\u00e9nek 80. \u00e9vfordul\u00f3ja alkalm\u00e1b\u00f3l k\u00e9sz\u00fclt\u00a0dokumentumfilm-sorozatot - kinaikaleidoszkop.hu","og_description":"November 5-\u00e9n a k\u00ednai \u00c1llamtan\u00e1cs Tajvani \u00dcgyek Hivatala sajt\u00f3t\u00e1j\u00e9koztat\u00f3j\u00e1n egy tud\u00f3s\u00edt\u00f3 \u201eA f\u00f6ld visszaszerz\u00e9se: Tajvan visszat\u00e9r\u00e9s\u00e9nek 80. \u00e9vfordul\u00f3ja\u201d c\u00edm\u0171 dokumentumfilmr\u0151l k\u00e9rdezett. Zhang Han sz\u00f3viv\u0151 kijelentette, hogy a dokumentumfilm els\u0151sorban a Tajvan 1895-\u00f6s elszakad\u00e1s\u00e1t k\u00f6vet\u0151 t\u00f6rt\u00e9nelmi igazs\u00e1gokat r\u00f6gz\u00edti eg\u00e9szen a sziget 1945-\u00f6s visszat\u00e9r\u00e9s\u00e9ig. Mint mondta, a t\u00f6rt\u00e9nelmi kutat\u00e1sokra alapozott, szak\u00e9rt\u0151kkel, tud\u00f3sokkal \u00e9s szemtan\u00fakkal k\u00e9sz\u00edtett interj\u00fak seg\u00edts\u00e9g\u00e9vel [&hellip;]","og_url":"https:\/\/kinaikaleidoszkop.hu\/index.php\/2025\/11\/08\/a-kinai-allamtanacs-tajvani-ugyek-hivatala-is-ertekelte-a-tajvan-visszateresenek-80-evforduloja-alkalmabol-keszult-dokumentumfilm-sorozatot\/","og_site_name":"kinaikaleidoszkop.hu","article_published_time":"2025-11-08T13:56:26+00:00","article_modified_time":"2025-11-12T08:45:44+00:00","og_image":[{"width":1024,"height":599,"url":"https:\/\/kinaikaleidoszkop.hu\/wp-content\/uploads\/2025\/11\/A-kinai-Allamtanacs-Tajvani-Ugyek-Hivatala-is-ertekelte-a-Tajvan-visszateresenek-80.-evforduloja-alkalmabol-keszult-dokumentumfilm-sorozatot.jpg","type":"image\/jpeg"}],"author":"Szerk_Erik","twitter_card":"summary_large_image","twitter_misc":{"Szerz\u0151:":"PestCentrum","Becs\u00fclt olvas\u00e1si id\u0151":"2 perc"},"schema":{"@context":"https:\/\/schema.org","@graph":[{"@type":"WebPage","@id":"https:\/\/kinaikaleidoszkop.hu\/index.php\/2025\/11\/08\/a-kinai-allamtanacs-tajvani-ugyek-hivatala-is-ertekelte-a-tajvan-visszateresenek-80-evforduloja-alkalmabol-keszult-dokumentumfilm-sorozatot\/","url":"https:\/\/kinaikaleidoszkop.hu\/index.php\/2025\/11\/08\/a-kinai-allamtanacs-tajvani-ugyek-hivatala-is-ertekelte-a-tajvan-visszateresenek-80-evforduloja-alkalmabol-keszult-dokumentumfilm-sorozatot\/","name":"A k\u00ednai \u00c1llamtan\u00e1cs Tajvani \u00dcgyek Hivatala is \u00e9rt\u00e9kelte a\u00a0Tajvan visszat\u00e9r\u00e9s\u00e9nek 80. \u00e9vfordul\u00f3ja alkalm\u00e1b\u00f3l k\u00e9sz\u00fclt\u00a0dokumentumfilm-sorozatot - kinaikaleidoszkop.hu","isPartOf":{"@id":"https:\/\/kinaikaleidoszkop.hu\/#website"},"primaryImageOfPage":{"@id":"https:\/\/kinaikaleidoszkop.hu\/index.php\/2025\/11\/08\/a-kinai-allamtanacs-tajvani-ugyek-hivatala-is-ertekelte-a-tajvan-visszateresenek-80-evforduloja-alkalmabol-keszult-dokumentumfilm-sorozatot\/#primaryimage"},"image":{"@id":"https:\/\/kinaikaleidoszkop.hu\/index.php\/2025\/11\/08\/a-kinai-allamtanacs-tajvani-ugyek-hivatala-is-ertekelte-a-tajvan-visszateresenek-80-evforduloja-alkalmabol-keszult-dokumentumfilm-sorozatot\/#primaryimage"},"thumbnailUrl":"https:\/\/kinaikaleidoszkop.hu\/wp-content\/uploads\/2025\/11\/A-kinai-Allamtanacs-Tajvani-Ugyek-Hivatala-is-ertekelte-a-Tajvan-visszateresenek-80.-evforduloja-alkalmabol-keszult-dokumentumfilm-sorozatot.jpg","datePublished":"2025-11-08T13:56:26+00:00","dateModified":"2025-11-12T08:45:44+00:00","author":{"@id":"https:\/\/kinaikaleidoszkop.hu\/#\/schema\/person\/4d69b71e7e70322713b9d9287b610556"},"breadcrumb":{"@id":"https:\/\/kinaikaleidoszkop.hu\/index.php\/2025\/11\/08\/a-kinai-allamtanacs-tajvani-ugyek-hivatala-is-ertekelte-a-tajvan-visszateresenek-80-evforduloja-alkalmabol-keszult-dokumentumfilm-sorozatot\/#breadcrumb"},"inLanguage":"hu","potentialAction":[{"@type":"ReadAction","target":["https:\/\/kinaikaleidoszkop.hu\/index.php\/2025\/11\/08\/a-kinai-allamtanacs-tajvani-ugyek-hivatala-is-ertekelte-a-tajvan-visszateresenek-80-evforduloja-alkalmabol-keszult-dokumentumfilm-sorozatot\/"]}]},{"@type":"ImageObject","inLanguage":"hu","@id":"https:\/\/kinaikaleidoszkop.hu\/index.php\/2025\/11\/08\/a-kinai-allamtanacs-tajvani-ugyek-hivatala-is-ertekelte-a-tajvan-visszateresenek-80-evforduloja-alkalmabol-keszult-dokumentumfilm-sorozatot\/#primaryimage","url":"https:\/\/kinaikaleidoszkop.hu\/wp-content\/uploads\/2025\/11\/A-kinai-Allamtanacs-Tajvani-Ugyek-Hivatala-is-ertekelte-a-Tajvan-visszateresenek-80.-evforduloja-alkalmabol-keszult-dokumentumfilm-sorozatot.jpg","contentUrl":"https:\/\/kinaikaleidoszkop.hu\/wp-content\/uploads\/2025\/11\/A-kinai-Allamtanacs-Tajvani-Ugyek-Hivatala-is-ertekelte-a-Tajvan-visszateresenek-80.-evforduloja-alkalmabol-keszult-dokumentumfilm-sorozatot.jpg","width":1024,"height":599},{"@type":"BreadcrumbList","@id":"https:\/\/kinaikaleidoszkop.hu\/index.php\/2025\/11\/08\/a-kinai-allamtanacs-tajvani-ugyek-hivatala-is-ertekelte-a-tajvan-visszateresenek-80-evforduloja-alkalmabol-keszult-dokumentumfilm-sorozatot\/#breadcrumb","itemListElement":[{"@type":"ListItem","position":1,"name":"Kezd\u0151lap","item":"https:\/\/kinaikaleidoszkop.hu\/"},{"@type":"ListItem","position":2,"name":"A k\u00ednai \u00c1llamtan\u00e1cs Tajvani \u00dcgyek Hivatala is \u00e9rt\u00e9kelte a\u00a0Tajvan visszat\u00e9r\u00e9s\u00e9nek 80. \u00e9vfordul\u00f3ja alkalm\u00e1b\u00f3l k\u00e9sz\u00fclt\u00a0dokumentumfilm-sorozatot"}]},{"@type":"WebSite","@id":"https:\/\/kinaikaleidoszkop.hu\/#website","url":"https:\/\/kinaikaleidoszkop.hu\/","name":"kinaikaleidoszkop.hu","description":"","potentialAction":[{"@type":"SearchAction","target":{"@type":"EntryPoint","urlTemplate":"https:\/\/kinaikaleidoszkop.hu\/?s={search_term_string}"},"query-input":{"@type":"PropertyValueSpecification","valueRequired":true,"valueName":"search_term_string"}}],"inLanguage":"hu"},{"@type":"Person","@id":"https:\/\/kinaikaleidoszkop.hu\/#\/schema\/person\/4d69b71e7e70322713b9d9287b610556","name":"Szerk_Erik","image":{"@type":"ImageObject","inLanguage":"hu","@id":"https:\/\/kinaikaleidoszkop.hu\/#\/schema\/person\/image\/","url":"https:\/\/secure.gravatar.com\/avatar\/3c1e909a14c0c91d2eaef877aaacb584c667f8e7137de69653aa9561fd0e8062?s=96&d=mm&r=g","contentUrl":"https:\/\/secure.gravatar.com\/avatar\/3c1e909a14c0c91d2eaef877aaacb584c667f8e7137de69653aa9561fd0e8062?s=96&d=mm&r=g","caption":"Szerk_Erik"},"url":"https:\/\/pestcentrum.hu"}]}},"views":86,"distributor_meta":false,"distributor_terms":false,"distributor_media":false,"distributor_original_site_name":"PestCentrum","distributor_original_site_url":"https:\/\/pestcentrum.hu","push-errors":false,"_links":{"self":[{"href":"https:\/\/kinaikaleidoszkop.hu\/index.php\/wp-json\/wp\/v2\/posts\/27465","targetHints":{"allow":["GET"]}}],"collection":[{"href":"https:\/\/kinaikaleidoszkop.hu\/index.php\/wp-json\/wp\/v2\/posts"}],"about":[{"href":"https:\/\/kinaikaleidoszkop.hu\/index.php\/wp-json\/wp\/v2\/types\/post"}],"author":[{"embeddable":true,"href":"https:\/\/kinaikaleidoszkop.hu\/index.php\/wp-json\/wp\/v2\/users\/7"}],"replies":[{"embeddable":true,"href":"https:\/\/kinaikaleidoszkop.hu\/index.php\/wp-json\/wp\/v2\/comments?post=27465"}],"version-history":[{"count":2,"href":"https:\/\/kinaikaleidoszkop.hu\/index.php\/wp-json\/wp\/v2\/posts\/27465\/revisions"}],"predecessor-version":[{"id":27514,"href":"https:\/\/kinaikaleidoszkop.hu\/index.php\/wp-json\/wp\/v2\/posts\/27465\/revisions\/27514"}],"wp:featuredmedia":[{"embeddable":true,"href":"https:\/\/kinaikaleidoszkop.hu\/index.php\/wp-json\/wp\/v2\/media\/27516"}],"wp:attachment":[{"href":"https:\/\/kinaikaleidoszkop.hu\/index.php\/wp-json\/wp\/v2\/media?parent=27465"}],"wp:term":[{"taxonomy":"category","embeddable":true,"href":"https:\/\/kinaikaleidoszkop.hu\/index.php\/wp-json\/wp\/v2\/categories?post=27465"},{"taxonomy":"post_tag","embeddable":true,"href":"https:\/\/kinaikaleidoszkop.hu\/index.php\/wp-json\/wp\/v2\/tags?post=27465"}],"curies":[{"name":"wp","href":"https:\/\/api.w.org\/{rel}","templated":true}]}}