{"id":27588,"date":"2025-11-22T18:49:40","date_gmt":"2025-11-22T17:49:40","guid":{"rendered":"https:\/\/kinaikaleidoszkop.hu\/index.php\/2025\/11\/22\/kinai-miniszterelnok-kina-kesz-a-kolcsonos-politikai-bizalom-elmelyitesere-del-afrikaval\/"},"modified":"2025-11-22T18:49:40","modified_gmt":"2025-11-22T17:49:40","slug":"kinai-miniszterelnok-kina-kesz-a-kolcsonos-politikai-bizalom-elmelyitesere-del-afrikaval","status":"publish","type":"post","link":"https:\/\/kinaikaleidoszkop.hu\/index.php\/2025\/11\/22\/kinai-miniszterelnok-kina-kesz-a-kolcsonos-politikai-bizalom-elmelyitesere-del-afrikaval\/","title":{"rendered":"K\u00ednai minisztereln\u00f6k: K\u00edna k\u00e9sz a k\u00f6lcs\u00f6n\u00f6s politikai bizalom elm\u00e9ly\u00edt\u00e9s\u00e9re D\u00e9l-Afrik\u00e1val"},"content":{"rendered":"\n<p><strong>Li Qiang k\u00ednai minisztereln\u00f6k november 21-\u00e9n Johannesburgban kijelentette, hogy K\u00edna k\u00e9sz egy\u00fcttm\u0171k\u00f6dni D\u00e9l-Afrik\u00e1val a k\u00f6lcs\u00f6n\u00f6s politikai bizalom elm\u00e9ly\u00edt\u00e9s\u00e9re, \u00e9s egym\u00e1s t\u00e1mogat\u00e1s\u00e1ra az alapvet\u0151 \u00e9rdekeiket \u00e9rint\u0151 k\u00e9rd\u00e9sekben.<\/strong><\/p>\n\n\n\n<p>Li e megjegyz\u00e9seket a d\u00e9l-afrikai eln\u00f6kkel, Cyril Ramaphos\u00e1val tartott tal\u00e1lkoz\u00f3ja sor\u00e1n tette, a november 22-23-\u00e1ra tervezett G20-as cs\u00facstal\u00e1lkoz\u00f3 el\u0151tt.<\/p>\n\n\n<div class=\"wp-block-image\">\n<figure class=\"aligncenter size-full\"><img decoding=\"async\" src=\"https:\/\/pestcentrum.hu\/wp-content\/uploads\/2025\/11\/\u674e\u5f3a\u5357\u975e.jpeg\" alt=\"\" class=\"wp-image-40540\"\/><\/figure>\n<\/div>\n\n\n<p>Li hangoztatta, hogy K\u00edna k\u00e9sz arra, hogy tov\u00e1bbra is egy\u00fcttm\u0171k\u00f6dj\u00f6n D\u00e9l-Afrik\u00e1val a hagyom\u00e1nyos bar\u00e1ts\u00e1g el\u0151mozd\u00edt\u00e1s\u00e1ban, a k\u00fcl\u00f6nb\u00f6z\u0151 ter\u00fcleteken t\u00f6rt\u00e9n\u0151 kooper\u00e1ci\u00f3 b\u0151v\u00edt\u00e9s\u00e9ben, hogy m\u00e9g jobban el\u0151seg\u00edts\u00e9k a k\u00e9t orsz\u00e1g k\u00f6z\u00f6s fejl\u0151d\u00e9s\u00e9t, valamint K\u00edna \u00e9s Afrika egy\u00fcttm\u0171k\u00f6d\u00e9s\u00e9t.<\/p>\n\n\n\n<p>Ramaphosa kifejezte h\u00e1l\u00e1j\u00e1t a D\u00e9l-Afrika gazdas\u00e1gi \u00e9s t\u00e1rsadalmi fejl\u0151d\u00e9se ter\u00e9n kapott k\u00ednai t\u00e1mogat\u00e1s\u00e9rt, \u00e9s elmondta, hogy orsz\u00e1ga k\u00e9szen \u00e1ll a K\u00edn\u00e1val val\u00f3 egy\u00fcttm\u0171k\u00f6d\u00e9s elm\u00e9ly\u00edt\u00e9s\u00e9re olyan ter\u00fcleteken, mint a kereskedelem, a befektet\u00e9s, a b\u00e1ny\u00e1szat, az ipar, a tudom\u00e1ny \u00e9s technol\u00f3gia, az energia \u00e9s infrastrukt\u00fara, a k\u00f6zeg\u00e9szs\u00e9g\u00fcgy, valamint a szeg\u00e9nys\u00e9g enyh\u00edt\u00e9se.<\/p>\n\n\n\n<p><strong><em>(Zhou Huiwen \u2013 China Media Group)<\/em><\/strong><\/p>\n\n\n\n<p><strong>2025. november 22.<\/strong><\/p>\n\n\n\n<p><strong><em>(x)<\/em><\/strong><\/p>\n","protected":false},"excerpt":{"rendered":"<p>Li Qiang k\u00ednai minisztereln\u00f6k november 21-\u00e9n Johannesburgban kijelentette, hogy K\u00edna k\u00e9sz egy\u00fcttm\u0171k\u00f6dni D\u00e9l-Afrik\u00e1val a k\u00f6lcs\u00f6n\u00f6s politikai bizalom elm\u00e9ly\u00edt\u00e9s\u00e9re, \u00e9s egym\u00e1s t\u00e1mogat\u00e1s\u00e1ra az alapvet\u0151 \u00e9rdekeiket \u00e9rint\u0151 k\u00e9rd\u00e9sekben. Li e megjegyz\u00e9seket a d\u00e9l-afrikai eln\u00f6kkel, Cyril Ramaphos\u00e1val tartott tal\u00e1lkoz\u00f3ja sor\u00e1n tette, a november 22-23-\u00e1ra tervezett G20-as cs\u00facstal\u00e1lkoz\u00f3 el\u0151tt. Li hangoztatta, hogy K\u00edna k\u00e9sz arra, hogy tov\u00e1bbra is egy\u00fcttm\u0171k\u00f6dj\u00f6n [&hellip;]<\/p>\n","protected":false},"author":7,"featured_media":27589,"comment_status":"","ping_status":"","sticky":false,"template":"","format":"standard","meta":{"footnotes":""},"categories":[4797],"tags":[2905,2877,273,1717,2898,3696,689,2590,5707],"class_list":["post-27588","post","type-post","status-publish","format-standard","has-post-thumbnail","hentry","category-egyeb-hirek","tag-cyril-ramaphosa","tag-del-afrika","tag-egyuttmukodes","tag-g20-csucstalalkozo-2","tag-johannesburg","tag-kina","tag-kinai-miniszterelnok","tag-li-qiang","tag-politikai-bizalom"],"yoast_head":"<!-- This site is optimized with the Yoast SEO plugin v23.7 - https:\/\/yoast.com\/wordpress\/plugins\/seo\/ -->\n<title>K\u00ednai minisztereln\u00f6k: K\u00edna k\u00e9sz a k\u00f6lcs\u00f6n\u00f6s politikai bizalom elm\u00e9ly\u00edt\u00e9s\u00e9re D\u00e9l-Afrik\u00e1val - kinaikaleidoszkop.hu<\/title>\n<meta name=\"robots\" content=\"index, follow, max-snippet:-1, max-image-preview:large, max-video-preview:-1\" \/>\n<link rel=\"canonical\" href=\"https:\/\/pestcentrum.hu\/2025\/11\/22\/kinai-miniszterelnok-kina-kesz-a-kolcsonos-politikai-bizalom-elmelyitesere-del-afrikaval\/\" \/>\n<meta property=\"og:locale\" content=\"hu_HU\" \/>\n<meta property=\"og:type\" content=\"article\" \/>\n<meta property=\"og:title\" content=\"K\u00ednai minisztereln\u00f6k: K\u00edna k\u00e9sz a k\u00f6lcs\u00f6n\u00f6s politikai bizalom elm\u00e9ly\u00edt\u00e9s\u00e9re D\u00e9l-Afrik\u00e1val - kinaikaleidoszkop.hu\" \/>\n<meta property=\"og:description\" content=\"Li Qiang k\u00ednai minisztereln\u00f6k november 21-\u00e9n Johannesburgban kijelentette, hogy K\u00edna k\u00e9sz egy\u00fcttm\u0171k\u00f6dni D\u00e9l-Afrik\u00e1val a k\u00f6lcs\u00f6n\u00f6s politikai bizalom elm\u00e9ly\u00edt\u00e9s\u00e9re, \u00e9s egym\u00e1s t\u00e1mogat\u00e1s\u00e1ra az alapvet\u0151 \u00e9rdekeiket \u00e9rint\u0151 k\u00e9rd\u00e9sekben. Li e megjegyz\u00e9seket a d\u00e9l-afrikai eln\u00f6kkel, Cyril Ramaphos\u00e1val tartott tal\u00e1lkoz\u00f3ja sor\u00e1n tette, a november 22-23-\u00e1ra tervezett G20-as cs\u00facstal\u00e1lkoz\u00f3 el\u0151tt. Li hangoztatta, hogy K\u00edna k\u00e9sz arra, hogy tov\u00e1bbra is egy\u00fcttm\u0171k\u00f6dj\u00f6n [&hellip;]\" \/>\n<meta property=\"og:url\" content=\"https:\/\/kinaikaleidoszkop.hu\/index.php\/2025\/11\/22\/kinai-miniszterelnok-kina-kesz-a-kolcsonos-politikai-bizalom-elmelyitesere-del-afrikaval\/\" \/>\n<meta property=\"og:site_name\" content=\"kinaikaleidoszkop.hu\" \/>\n<meta property=\"article:published_time\" content=\"2025-11-22T17:49:40+00:00\" \/>\n<meta property=\"og:image\" content=\"https:\/\/kinaikaleidoszkop.hu\/wp-content\/uploads\/2025\/11\/unnamed-file-1.jpeg\" \/>\n\t<meta property=\"og:image:width\" content=\"1024\" \/>\n\t<meta property=\"og:image:height\" content=\"717\" \/>\n\t<meta property=\"og:image:type\" content=\"image\/jpeg\" \/>\n<meta name=\"author\" content=\"Szerk_Erik\" \/>\n<meta name=\"twitter:card\" content=\"summary_large_image\" \/>\n<meta name=\"twitter:label1\" content=\"Szerz\u0151:\" \/>\n\t<meta name=\"twitter:data1\" content=\"PestCentrum\" \/>\n\t<meta name=\"twitter:label2\" content=\"Becs\u00fclt olvas\u00e1si id\u0151\" \/>\n\t<meta name=\"twitter:data2\" content=\"2 perc\" \/>\n<script type=\"application\/ld+json\" class=\"yoast-schema-graph\">{\"@context\":\"https:\/\/schema.org\",\"@graph\":[{\"@type\":\"WebPage\",\"@id\":\"https:\/\/kinaikaleidoszkop.hu\/index.php\/2025\/11\/22\/kinai-miniszterelnok-kina-kesz-a-kolcsonos-politikai-bizalom-elmelyitesere-del-afrikaval\/\",\"url\":\"https:\/\/kinaikaleidoszkop.hu\/index.php\/2025\/11\/22\/kinai-miniszterelnok-kina-kesz-a-kolcsonos-politikai-bizalom-elmelyitesere-del-afrikaval\/\",\"name\":\"K\u00ednai minisztereln\u00f6k: K\u00edna k\u00e9sz a k\u00f6lcs\u00f6n\u00f6s politikai bizalom elm\u00e9ly\u00edt\u00e9s\u00e9re D\u00e9l-Afrik\u00e1val - kinaikaleidoszkop.hu\",\"isPartOf\":{\"@id\":\"https:\/\/kinaikaleidoszkop.hu\/#website\"},\"primaryImageOfPage\":{\"@id\":\"https:\/\/kinaikaleidoszkop.hu\/index.php\/2025\/11\/22\/kinai-miniszterelnok-kina-kesz-a-kolcsonos-politikai-bizalom-elmelyitesere-del-afrikaval\/#primaryimage\"},\"image\":{\"@id\":\"https:\/\/kinaikaleidoszkop.hu\/index.php\/2025\/11\/22\/kinai-miniszterelnok-kina-kesz-a-kolcsonos-politikai-bizalom-elmelyitesere-del-afrikaval\/#primaryimage\"},\"thumbnailUrl\":\"https:\/\/kinaikaleidoszkop.hu\/wp-content\/uploads\/2025\/11\/unnamed-file-1.jpeg\",\"datePublished\":\"2025-11-22T17:49:40+00:00\",\"dateModified\":\"2025-11-22T17:49:40+00:00\",\"author\":{\"@id\":\"https:\/\/kinaikaleidoszkop.hu\/#\/schema\/person\/4d69b71e7e70322713b9d9287b610556\"},\"breadcrumb\":{\"@id\":\"https:\/\/kinaikaleidoszkop.hu\/index.php\/2025\/11\/22\/kinai-miniszterelnok-kina-kesz-a-kolcsonos-politikai-bizalom-elmelyitesere-del-afrikaval\/#breadcrumb\"},\"inLanguage\":\"hu\",\"potentialAction\":[{\"@type\":\"ReadAction\",\"target\":[\"https:\/\/kinaikaleidoszkop.hu\/index.php\/2025\/11\/22\/kinai-miniszterelnok-kina-kesz-a-kolcsonos-politikai-bizalom-elmelyitesere-del-afrikaval\/\"]}]},{\"@type\":\"ImageObject\",\"inLanguage\":\"hu\",\"@id\":\"https:\/\/kinaikaleidoszkop.hu\/index.php\/2025\/11\/22\/kinai-miniszterelnok-kina-kesz-a-kolcsonos-politikai-bizalom-elmelyitesere-del-afrikaval\/#primaryimage\",\"url\":\"https:\/\/kinaikaleidoszkop.hu\/wp-content\/uploads\/2025\/11\/unnamed-file-1.jpeg\",\"contentUrl\":\"https:\/\/kinaikaleidoszkop.hu\/wp-content\/uploads\/2025\/11\/unnamed-file-1.jpeg\",\"width\":1024,\"height\":717},{\"@type\":\"BreadcrumbList\",\"@id\":\"https:\/\/kinaikaleidoszkop.hu\/index.php\/2025\/11\/22\/kinai-miniszterelnok-kina-kesz-a-kolcsonos-politikai-bizalom-elmelyitesere-del-afrikaval\/#breadcrumb\",\"itemListElement\":[{\"@type\":\"ListItem\",\"position\":1,\"name\":\"Kezd\u0151lap\",\"item\":\"https:\/\/kinaikaleidoszkop.hu\/\"},{\"@type\":\"ListItem\",\"position\":2,\"name\":\"K\u00ednai minisztereln\u00f6k: K\u00edna k\u00e9sz a k\u00f6lcs\u00f6n\u00f6s politikai bizalom elm\u00e9ly\u00edt\u00e9s\u00e9re D\u00e9l-Afrik\u00e1val\"}]},{\"@type\":\"WebSite\",\"@id\":\"https:\/\/kinaikaleidoszkop.hu\/#website\",\"url\":\"https:\/\/kinaikaleidoszkop.hu\/\",\"name\":\"kinaikaleidoszkop.hu\",\"description\":\"\",\"potentialAction\":[{\"@type\":\"SearchAction\",\"target\":{\"@type\":\"EntryPoint\",\"urlTemplate\":\"https:\/\/kinaikaleidoszkop.hu\/?s={search_term_string}\"},\"query-input\":{\"@type\":\"PropertyValueSpecification\",\"valueRequired\":true,\"valueName\":\"search_term_string\"}}],\"inLanguage\":\"hu\"},{\"@type\":\"Person\",\"@id\":\"https:\/\/kinaikaleidoszkop.hu\/#\/schema\/person\/4d69b71e7e70322713b9d9287b610556\",\"name\":\"Szerk_Erik\",\"image\":{\"@type\":\"ImageObject\",\"inLanguage\":\"hu\",\"@id\":\"https:\/\/kinaikaleidoszkop.hu\/#\/schema\/person\/image\/\",\"url\":\"https:\/\/secure.gravatar.com\/avatar\/3c1e909a14c0c91d2eaef877aaacb584c667f8e7137de69653aa9561fd0e8062?s=96&d=mm&r=g\",\"contentUrl\":\"https:\/\/secure.gravatar.com\/avatar\/3c1e909a14c0c91d2eaef877aaacb584c667f8e7137de69653aa9561fd0e8062?s=96&d=mm&r=g\",\"caption\":\"Szerk_Erik\"},\"url\":\"https:\/\/pestcentrum.hu\"}]}<\/script>\n<!-- \/ Yoast SEO plugin. -->","yoast_head_json":{"title":"K\u00ednai minisztereln\u00f6k: K\u00edna k\u00e9sz a k\u00f6lcs\u00f6n\u00f6s politikai bizalom elm\u00e9ly\u00edt\u00e9s\u00e9re D\u00e9l-Afrik\u00e1val - kinaikaleidoszkop.hu","robots":{"index":"index","follow":"follow","max-snippet":"max-snippet:-1","max-image-preview":"max-image-preview:large","max-video-preview":"max-video-preview:-1"},"canonical":"https:\/\/pestcentrum.hu\/2025\/11\/22\/kinai-miniszterelnok-kina-kesz-a-kolcsonos-politikai-bizalom-elmelyitesere-del-afrikaval\/","og_locale":"hu_HU","og_type":"article","og_title":"K\u00ednai minisztereln\u00f6k: K\u00edna k\u00e9sz a k\u00f6lcs\u00f6n\u00f6s politikai bizalom elm\u00e9ly\u00edt\u00e9s\u00e9re D\u00e9l-Afrik\u00e1val - kinaikaleidoszkop.hu","og_description":"Li Qiang k\u00ednai minisztereln\u00f6k november 21-\u00e9n Johannesburgban kijelentette, hogy K\u00edna k\u00e9sz egy\u00fcttm\u0171k\u00f6dni D\u00e9l-Afrik\u00e1val a k\u00f6lcs\u00f6n\u00f6s politikai bizalom elm\u00e9ly\u00edt\u00e9s\u00e9re, \u00e9s egym\u00e1s t\u00e1mogat\u00e1s\u00e1ra az alapvet\u0151 \u00e9rdekeiket \u00e9rint\u0151 k\u00e9rd\u00e9sekben. Li e megjegyz\u00e9seket a d\u00e9l-afrikai eln\u00f6kkel, Cyril Ramaphos\u00e1val tartott tal\u00e1lkoz\u00f3ja sor\u00e1n tette, a november 22-23-\u00e1ra tervezett G20-as cs\u00facstal\u00e1lkoz\u00f3 el\u0151tt. Li hangoztatta, hogy K\u00edna k\u00e9sz arra, hogy tov\u00e1bbra is egy\u00fcttm\u0171k\u00f6dj\u00f6n [&hellip;]","og_url":"https:\/\/kinaikaleidoszkop.hu\/index.php\/2025\/11\/22\/kinai-miniszterelnok-kina-kesz-a-kolcsonos-politikai-bizalom-elmelyitesere-del-afrikaval\/","og_site_name":"kinaikaleidoszkop.hu","article_published_time":"2025-11-22T17:49:40+00:00","og_image":[{"width":1024,"height":717,"url":"https:\/\/kinaikaleidoszkop.hu\/wp-content\/uploads\/2025\/11\/unnamed-file-1.jpeg","type":"image\/jpeg"}],"author":"Szerk_Erik","twitter_card":"summary_large_image","twitter_misc":{"Szerz\u0151:":"PestCentrum","Becs\u00fclt olvas\u00e1si id\u0151":"2 perc"},"schema":{"@context":"https:\/\/schema.org","@graph":[{"@type":"WebPage","@id":"https:\/\/kinaikaleidoszkop.hu\/index.php\/2025\/11\/22\/kinai-miniszterelnok-kina-kesz-a-kolcsonos-politikai-bizalom-elmelyitesere-del-afrikaval\/","url":"https:\/\/kinaikaleidoszkop.hu\/index.php\/2025\/11\/22\/kinai-miniszterelnok-kina-kesz-a-kolcsonos-politikai-bizalom-elmelyitesere-del-afrikaval\/","name":"K\u00ednai minisztereln\u00f6k: K\u00edna k\u00e9sz a k\u00f6lcs\u00f6n\u00f6s politikai bizalom elm\u00e9ly\u00edt\u00e9s\u00e9re D\u00e9l-Afrik\u00e1val - kinaikaleidoszkop.hu","isPartOf":{"@id":"https:\/\/kinaikaleidoszkop.hu\/#website"},"primaryImageOfPage":{"@id":"https:\/\/kinaikaleidoszkop.hu\/index.php\/2025\/11\/22\/kinai-miniszterelnok-kina-kesz-a-kolcsonos-politikai-bizalom-elmelyitesere-del-afrikaval\/#primaryimage"},"image":{"@id":"https:\/\/kinaikaleidoszkop.hu\/index.php\/2025\/11\/22\/kinai-miniszterelnok-kina-kesz-a-kolcsonos-politikai-bizalom-elmelyitesere-del-afrikaval\/#primaryimage"},"thumbnailUrl":"https:\/\/kinaikaleidoszkop.hu\/wp-content\/uploads\/2025\/11\/unnamed-file-1.jpeg","datePublished":"2025-11-22T17:49:40+00:00","dateModified":"2025-11-22T17:49:40+00:00","author":{"@id":"https:\/\/kinaikaleidoszkop.hu\/#\/schema\/person\/4d69b71e7e70322713b9d9287b610556"},"breadcrumb":{"@id":"https:\/\/kinaikaleidoszkop.hu\/index.php\/2025\/11\/22\/kinai-miniszterelnok-kina-kesz-a-kolcsonos-politikai-bizalom-elmelyitesere-del-afrikaval\/#breadcrumb"},"inLanguage":"hu","potentialAction":[{"@type":"ReadAction","target":["https:\/\/kinaikaleidoszkop.hu\/index.php\/2025\/11\/22\/kinai-miniszterelnok-kina-kesz-a-kolcsonos-politikai-bizalom-elmelyitesere-del-afrikaval\/"]}]},{"@type":"ImageObject","inLanguage":"hu","@id":"https:\/\/kinaikaleidoszkop.hu\/index.php\/2025\/11\/22\/kinai-miniszterelnok-kina-kesz-a-kolcsonos-politikai-bizalom-elmelyitesere-del-afrikaval\/#primaryimage","url":"https:\/\/kinaikaleidoszkop.hu\/wp-content\/uploads\/2025\/11\/unnamed-file-1.jpeg","contentUrl":"https:\/\/kinaikaleidoszkop.hu\/wp-content\/uploads\/2025\/11\/unnamed-file-1.jpeg","width":1024,"height":717},{"@type":"BreadcrumbList","@id":"https:\/\/kinaikaleidoszkop.hu\/index.php\/2025\/11\/22\/kinai-miniszterelnok-kina-kesz-a-kolcsonos-politikai-bizalom-elmelyitesere-del-afrikaval\/#breadcrumb","itemListElement":[{"@type":"ListItem","position":1,"name":"Kezd\u0151lap","item":"https:\/\/kinaikaleidoszkop.hu\/"},{"@type":"ListItem","position":2,"name":"K\u00ednai minisztereln\u00f6k: K\u00edna k\u00e9sz a k\u00f6lcs\u00f6n\u00f6s politikai bizalom elm\u00e9ly\u00edt\u00e9s\u00e9re D\u00e9l-Afrik\u00e1val"}]},{"@type":"WebSite","@id":"https:\/\/kinaikaleidoszkop.hu\/#website","url":"https:\/\/kinaikaleidoszkop.hu\/","name":"kinaikaleidoszkop.hu","description":"","potentialAction":[{"@type":"SearchAction","target":{"@type":"EntryPoint","urlTemplate":"https:\/\/kinaikaleidoszkop.hu\/?s={search_term_string}"},"query-input":{"@type":"PropertyValueSpecification","valueRequired":true,"valueName":"search_term_string"}}],"inLanguage":"hu"},{"@type":"Person","@id":"https:\/\/kinaikaleidoszkop.hu\/#\/schema\/person\/4d69b71e7e70322713b9d9287b610556","name":"Szerk_Erik","image":{"@type":"ImageObject","inLanguage":"hu","@id":"https:\/\/kinaikaleidoszkop.hu\/#\/schema\/person\/image\/","url":"https:\/\/secure.gravatar.com\/avatar\/3c1e909a14c0c91d2eaef877aaacb584c667f8e7137de69653aa9561fd0e8062?s=96&d=mm&r=g","contentUrl":"https:\/\/secure.gravatar.com\/avatar\/3c1e909a14c0c91d2eaef877aaacb584c667f8e7137de69653aa9561fd0e8062?s=96&d=mm&r=g","caption":"Szerk_Erik"},"url":"https:\/\/pestcentrum.hu"}]}},"views":84,"distributor_meta":false,"distributor_terms":false,"distributor_media":false,"distributor_original_site_name":"PestCentrum","distributor_original_site_url":"https:\/\/pestcentrum.hu","push-errors":false,"_links":{"self":[{"href":"https:\/\/kinaikaleidoszkop.hu\/index.php\/wp-json\/wp\/v2\/posts\/27588","targetHints":{"allow":["GET"]}}],"collection":[{"href":"https:\/\/kinaikaleidoszkop.hu\/index.php\/wp-json\/wp\/v2\/posts"}],"about":[{"href":"https:\/\/kinaikaleidoszkop.hu\/index.php\/wp-json\/wp\/v2\/types\/post"}],"author":[{"embeddable":true,"href":"https:\/\/kinaikaleidoszkop.hu\/index.php\/wp-json\/wp\/v2\/users\/7"}],"replies":[{"embeddable":true,"href":"https:\/\/kinaikaleidoszkop.hu\/index.php\/wp-json\/wp\/v2\/comments?post=27588"}],"version-history":[{"count":0,"href":"https:\/\/kinaikaleidoszkop.hu\/index.php\/wp-json\/wp\/v2\/posts\/27588\/revisions"}],"wp:featuredmedia":[{"embeddable":true,"href":"https:\/\/kinaikaleidoszkop.hu\/index.php\/wp-json\/wp\/v2\/media\/27589"}],"wp:attachment":[{"href":"https:\/\/kinaikaleidoszkop.hu\/index.php\/wp-json\/wp\/v2\/media?parent=27588"}],"wp:term":[{"taxonomy":"category","embeddable":true,"href":"https:\/\/kinaikaleidoszkop.hu\/index.php\/wp-json\/wp\/v2\/categories?post=27588"},{"taxonomy":"post_tag","embeddable":true,"href":"https:\/\/kinaikaleidoszkop.hu\/index.php\/wp-json\/wp\/v2\/tags?post=27588"}],"curies":[{"name":"wp","href":"https:\/\/api.w.org\/{rel}","templated":true}]}}