{"id":27610,"date":"2025-11-25T10:35:22","date_gmt":"2025-11-25T09:35:22","guid":{"rendered":"https:\/\/kinaikaleidoszkop.hu\/index.php\/2025\/11\/25\/hszi-csin-ping-talalkozott-vi-tupou-tongai-kirallyal\/"},"modified":"2025-11-25T11:12:23","modified_gmt":"2025-11-25T10:12:23","slug":"hszi-csin-ping-talalkozott-vi-tupou-tongai-kirallyal","status":"publish","type":"post","link":"https:\/\/kinaikaleidoszkop.hu\/index.php\/2025\/11\/25\/hszi-csin-ping-talalkozott-vi-tupou-tongai-kirallyal\/","title":{"rendered":"Hszi Csin-ping tal\u00e1lkozott\u00a0VI. Tupou tongai kir\u00e1llyal"},"content":{"rendered":"\n<p><strong>November 25-\u00e9n d\u00e9lel\u0151tt Hszi Csin-ping k\u00ednai \u00e1llameln\u00f6k a pekingi N\u00e9pi Gy\u0171l\u00e9s H\u00e1z\u00e1ban tal\u00e1lkozott VI. Tupou tongai kir\u00e1llyal, aki \u00e1llami l\u00e1togat\u00e1son tart\u00f3zkodik K\u00edn\u00e1ban.<\/strong><\/p>\n\n\n<div class=\"wp-block-image\">\n<figure class=\"aligncenter size-full\"><img decoding=\"async\" src=\"https:\/\/pestcentrum.hu\/wp-content\/uploads\/2025\/11\/Hszi-Csin-ping-talalkozott-VI.-Tupou-tongai-kirallyal.jpeg\" alt=\"\" class=\"wp-image-40634\"\/><\/figure>\n<\/div>\n\n\n<p>\u201eF\u00fcggetlen\u00fcl a nemzetk\u00f6zi helyzet alakul\u00e1s\u00e1t\u00f3l, K\u00edna tov\u00e1bbra is Tonga \u00e1llhatatos \u00e9s megb\u00edzhat\u00f3 partnere marad, \u00e9s k\u00f6vetkezetesen t\u00e1mogatja Tong\u00e1t nemzeti f\u00fcggetlens\u00e9g\u00e9nek \u00e9s szuverenit\u00e1s\u00e1nak meg\u0151rz\u00e9s\u00e9ben. K\u00edna k\u00e9szen \u00e1ll arra, hogy fokozza fejleszt\u00e9si strat\u00e9gi\u00e1inak \u00f6sszehangol\u00e1s\u00e1t Tong\u00e1val, b\u0151v\u00edtse az egy\u00fcttm\u0171k\u00f6d\u00e9seket a kereskedelem \u00e9s befektet\u00e9sek, a mez\u0151gazdas\u00e1g \u00e9s hal\u00e1szat, az infrastrukt\u00fara, a tiszta energia, az eg\u00e9szs\u00e9g\u00fcgy, az idegenforgalom \u00e9s az \u00e9ghajlatv\u00e1ltoz\u00e1s elleni k\u00fczdelem ter\u00fclet\u00e9n, sz\u00e9les\u00edtse az oktat\u00e1s, a sport, az ifj\u00fas\u00e1gi \u00fcgyek, a m\u00e9dia \u00e9s a helyi szint\u0171 egy\u00fcttm\u0171k\u00f6d\u00e9sek ter\u00e9n folytatott cser\u00e9ket, \u00e9s tov\u00e1bbra is seg\u00edts\u00e9get ny\u00fajtson Tonga gazdas\u00e1gi \u00e9s t\u00e1rsadalmi fejl\u0151d\u00e9s\u00e9hez a D\u00e9l-D\u00e9l egy\u00fcttm\u0171k\u00f6d\u00e9s keret\u00e9ben\u201d \u2013 mondta Hszi Csin-ping.<\/p>\n\n\n\n<p>\u201eK\u00edna k\u00e9szen \u00e1ll arra, hogy Tong\u00e1val egy\u00fcttm\u0171k\u00f6dve megval\u00f3s\u00edtsa a n\u00e9gy glob\u00e1lis kezdem\u00e9nyez\u00e9st, jobb \u00e9letet teremtsen mindk\u00e9t nemzet n\u00e9p\u00e9nek, k\u00f6z\u00f6sen \u00e9p\u00edtse ki a K\u00edna \u00e9s a csendes-\u00f3ce\u00e1ni szigetorsz\u00e1gok emberi sorsk\u00f6z\u00f6ss\u00e9g\u00e9t, \u00e9s el\u0151mozd\u00edtsa az emberis\u00e9g sorsk\u00f6z\u00f6ss\u00e9g\u00e9nek \u00e9p\u00edt\u00e9s\u00e9t\u201d \u2013hangs\u00falyozta Hszi Csin-ping.<\/p>\n\n\n\n<p>\u201eTonga \u00e9s K\u00edna \u00e1tfog\u00f3 strat\u00e9giai partners\u00e9ge jelent\u0151s el\u0151rel\u00e9p\u00e9st \u00e9rt el. H\u00e1l\u00e1nkat fejezz\u00fck ki K\u00edna hossz\u00fa t\u00e1v\u00fa, \u00f6nzetlen seg\u00edts\u00e9g\u00e9\u00e9rt Tonga gazdas\u00e1gi \u00e9s t\u00e1rsadalmi fejl\u0151d\u00e9s\u00e9ben. Tonga nagy jelent\u0151s\u00e9get tulajdon\u00edt K\u00edn\u00e1val val\u00f3 kapcsolatainak, szil\u00e1rdan ragaszkodik az egy K\u00edna elvhez, hat\u00e1rozottan ellenzi a tajvani f\u00fcggetlens\u00e9g b\u00e1rmilyen form\u00e1j\u00e1t, \u00e9s kitart\u00f3an t\u00e1mogatja a k\u00ednai korm\u00e1nyt a nemzeti \u00fajraegyes\u00edt\u00e9s megval\u00f3s\u00edt\u00e1s\u00e1ban\u201d \u2013mondta VI. Tupou.<\/p>\n\n\n\n<p>A tal\u00e1lkoz\u00f3t k\u00f6vet\u0151en a k\u00e9t \u00e1llamf\u0151 k\u00f6z\u00f6sen tan\u00faja volt t\u00f6bb egy\u00fcttm\u0171k\u00f6d\u00e9si dokumentum al\u00e1\u00edr\u00e1s\u00e1nak a kereskedelem \u00e9s gazdas\u00e1g, az eg\u00e9szs\u00e9g\u00fcgy, az oktat\u00e1s \u00e9s a fejleszt\u00e9s ter\u00fclet\u00e9n.<\/p>\n\n\n\n<p><strong><em>(China Media Group)<\/em><\/strong><\/p>\n\n\n\n<p><strong>2025. november 25.<\/strong><\/p>\n\n\n\n<p><strong><em>(x)<\/em><\/strong><\/p>\n","protected":false},"excerpt":{"rendered":"<p>November 25-\u00e9n d\u00e9lel\u0151tt Hszi Csin-ping k\u00ednai \u00e1llameln\u00f6k a pekingi N\u00e9pi Gy\u0171l\u00e9s H\u00e1z\u00e1ban tal\u00e1lkozott VI. Tupou tongai kir\u00e1llyal, aki \u00e1llami l\u00e1togat\u00e1son tart\u00f3zkodik K\u00edn\u00e1ban. \u201eF\u00fcggetlen\u00fcl a nemzetk\u00f6zi helyzet alakul\u00e1s\u00e1t\u00f3l, K\u00edna tov\u00e1bbra is Tonga \u00e1llhatatos \u00e9s megb\u00edzhat\u00f3 partnere marad, \u00e9s k\u00f6vetkezetesen t\u00e1mogatja Tong\u00e1t nemzeti f\u00fcggetlens\u00e9g\u00e9nek \u00e9s szuverenit\u00e1s\u00e1nak meg\u0151rz\u00e9s\u00e9ben. K\u00edna k\u00e9szen \u00e1ll arra, hogy fokozza fejleszt\u00e9si strat\u00e9gi\u00e1inak \u00f6sszehangol\u00e1s\u00e1t Tong\u00e1val, [&hellip;]<\/p>\n","protected":false},"author":7,"featured_media":27619,"comment_status":"closed","ping_status":"","sticky":false,"template":"","format":"standard","meta":{"footnotes":""},"categories":[4797],"tags":[273,305,3696,2074,544,567],"class_list":["post-27610","post","type-post","status-publish","format-standard","has-post-thumbnail","hentry","category-egyeb-hirek","tag-egyuttmukodes","tag-hszi-csin-ping","tag-kina","tag-kooperacio","tag-latogatas","tag-tonga"],"yoast_head":"<!-- This site is optimized with the Yoast SEO plugin v23.7 - https:\/\/yoast.com\/wordpress\/plugins\/seo\/ -->\n<title>Hszi Csin-ping tal\u00e1lkozott\u00a0VI. Tupou tongai kir\u00e1llyal - kinaikaleidoszkop.hu<\/title>\n<meta name=\"robots\" content=\"index, follow, max-snippet:-1, max-image-preview:large, max-video-preview:-1\" \/>\n<link rel=\"canonical\" href=\"https:\/\/pestcentrum.hu\/2025\/11\/25\/hszi-csin-ping-talalkozott-vi-tupou-tongai-kirallyal\/\" \/>\n<meta property=\"og:locale\" content=\"hu_HU\" \/>\n<meta property=\"og:type\" content=\"article\" \/>\n<meta property=\"og:title\" content=\"Hszi Csin-ping tal\u00e1lkozott\u00a0VI. Tupou tongai kir\u00e1llyal - kinaikaleidoszkop.hu\" \/>\n<meta property=\"og:description\" content=\"November 25-\u00e9n d\u00e9lel\u0151tt Hszi Csin-ping k\u00ednai \u00e1llameln\u00f6k a pekingi N\u00e9pi Gy\u0171l\u00e9s H\u00e1z\u00e1ban tal\u00e1lkozott VI. Tupou tongai kir\u00e1llyal, aki \u00e1llami l\u00e1togat\u00e1son tart\u00f3zkodik K\u00edn\u00e1ban. \u201eF\u00fcggetlen\u00fcl a nemzetk\u00f6zi helyzet alakul\u00e1s\u00e1t\u00f3l, K\u00edna tov\u00e1bbra is Tonga \u00e1llhatatos \u00e9s megb\u00edzhat\u00f3 partnere marad, \u00e9s k\u00f6vetkezetesen t\u00e1mogatja Tong\u00e1t nemzeti f\u00fcggetlens\u00e9g\u00e9nek \u00e9s szuverenit\u00e1s\u00e1nak meg\u0151rz\u00e9s\u00e9ben. K\u00edna k\u00e9szen \u00e1ll arra, hogy fokozza fejleszt\u00e9si strat\u00e9gi\u00e1inak \u00f6sszehangol\u00e1s\u00e1t Tong\u00e1val, [&hellip;]\" \/>\n<meta property=\"og:url\" content=\"https:\/\/kinaikaleidoszkop.hu\/index.php\/2025\/11\/25\/hszi-csin-ping-talalkozott-vi-tupou-tongai-kirallyal\/\" \/>\n<meta property=\"og:site_name\" content=\"kinaikaleidoszkop.hu\" \/>\n<meta property=\"article:published_time\" content=\"2025-11-25T09:35:22+00:00\" \/>\n<meta property=\"article:modified_time\" content=\"2025-11-25T10:12:23+00:00\" \/>\n<meta property=\"og:image\" content=\"https:\/\/kinaikaleidoszkop.hu\/wp-content\/uploads\/2025\/11\/Hszi-Csin-ping-talalkozott-VI.-Tupou-tongai-kirallyal.jpeg\" \/>\n\t<meta property=\"og:image:width\" content=\"1000\" \/>\n\t<meta property=\"og:image:height\" content=\"670\" \/>\n\t<meta property=\"og:image:type\" content=\"image\/jpeg\" \/>\n<meta name=\"author\" content=\"Szerk_Erik\" \/>\n<meta name=\"twitter:card\" content=\"summary_large_image\" \/>\n<meta name=\"twitter:label1\" content=\"Szerz\u0151:\" \/>\n\t<meta name=\"twitter:data1\" content=\"PestCentrum\" \/>\n\t<meta name=\"twitter:label2\" content=\"Becs\u00fclt olvas\u00e1si id\u0151\" \/>\n\t<meta name=\"twitter:data2\" content=\"2 perc\" \/>\n<script type=\"application\/ld+json\" class=\"yoast-schema-graph\">{\"@context\":\"https:\/\/schema.org\",\"@graph\":[{\"@type\":\"WebPage\",\"@id\":\"https:\/\/kinaikaleidoszkop.hu\/index.php\/2025\/11\/25\/hszi-csin-ping-talalkozott-vi-tupou-tongai-kirallyal\/\",\"url\":\"https:\/\/kinaikaleidoszkop.hu\/index.php\/2025\/11\/25\/hszi-csin-ping-talalkozott-vi-tupou-tongai-kirallyal\/\",\"name\":\"Hszi Csin-ping tal\u00e1lkozott\u00a0VI. Tupou tongai kir\u00e1llyal - kinaikaleidoszkop.hu\",\"isPartOf\":{\"@id\":\"https:\/\/kinaikaleidoszkop.hu\/#website\"},\"primaryImageOfPage\":{\"@id\":\"https:\/\/kinaikaleidoszkop.hu\/index.php\/2025\/11\/25\/hszi-csin-ping-talalkozott-vi-tupou-tongai-kirallyal\/#primaryimage\"},\"image\":{\"@id\":\"https:\/\/kinaikaleidoszkop.hu\/index.php\/2025\/11\/25\/hszi-csin-ping-talalkozott-vi-tupou-tongai-kirallyal\/#primaryimage\"},\"thumbnailUrl\":\"https:\/\/kinaikaleidoszkop.hu\/wp-content\/uploads\/2025\/11\/Hszi-Csin-ping-talalkozott-VI.-Tupou-tongai-kirallyal.jpeg\",\"datePublished\":\"2025-11-25T09:35:22+00:00\",\"dateModified\":\"2025-11-25T10:12:23+00:00\",\"author\":{\"@id\":\"https:\/\/kinaikaleidoszkop.hu\/#\/schema\/person\/4d69b71e7e70322713b9d9287b610556\"},\"breadcrumb\":{\"@id\":\"https:\/\/kinaikaleidoszkop.hu\/index.php\/2025\/11\/25\/hszi-csin-ping-talalkozott-vi-tupou-tongai-kirallyal\/#breadcrumb\"},\"inLanguage\":\"hu\",\"potentialAction\":[{\"@type\":\"ReadAction\",\"target\":[\"https:\/\/kinaikaleidoszkop.hu\/index.php\/2025\/11\/25\/hszi-csin-ping-talalkozott-vi-tupou-tongai-kirallyal\/\"]}]},{\"@type\":\"ImageObject\",\"inLanguage\":\"hu\",\"@id\":\"https:\/\/kinaikaleidoszkop.hu\/index.php\/2025\/11\/25\/hszi-csin-ping-talalkozott-vi-tupou-tongai-kirallyal\/#primaryimage\",\"url\":\"https:\/\/kinaikaleidoszkop.hu\/wp-content\/uploads\/2025\/11\/Hszi-Csin-ping-talalkozott-VI.-Tupou-tongai-kirallyal.jpeg\",\"contentUrl\":\"https:\/\/kinaikaleidoszkop.hu\/wp-content\/uploads\/2025\/11\/Hszi-Csin-ping-talalkozott-VI.-Tupou-tongai-kirallyal.jpeg\",\"width\":1000,\"height\":670},{\"@type\":\"BreadcrumbList\",\"@id\":\"https:\/\/kinaikaleidoszkop.hu\/index.php\/2025\/11\/25\/hszi-csin-ping-talalkozott-vi-tupou-tongai-kirallyal\/#breadcrumb\",\"itemListElement\":[{\"@type\":\"ListItem\",\"position\":1,\"name\":\"Kezd\u0151lap\",\"item\":\"https:\/\/kinaikaleidoszkop.hu\/\"},{\"@type\":\"ListItem\",\"position\":2,\"name\":\"Hszi Csin-ping tal\u00e1lkozott\u00a0VI. Tupou tongai kir\u00e1llyal\"}]},{\"@type\":\"WebSite\",\"@id\":\"https:\/\/kinaikaleidoszkop.hu\/#website\",\"url\":\"https:\/\/kinaikaleidoszkop.hu\/\",\"name\":\"kinaikaleidoszkop.hu\",\"description\":\"\",\"potentialAction\":[{\"@type\":\"SearchAction\",\"target\":{\"@type\":\"EntryPoint\",\"urlTemplate\":\"https:\/\/kinaikaleidoszkop.hu\/?s={search_term_string}\"},\"query-input\":{\"@type\":\"PropertyValueSpecification\",\"valueRequired\":true,\"valueName\":\"search_term_string\"}}],\"inLanguage\":\"hu\"},{\"@type\":\"Person\",\"@id\":\"https:\/\/kinaikaleidoszkop.hu\/#\/schema\/person\/4d69b71e7e70322713b9d9287b610556\",\"name\":\"Szerk_Erik\",\"image\":{\"@type\":\"ImageObject\",\"inLanguage\":\"hu\",\"@id\":\"https:\/\/kinaikaleidoszkop.hu\/#\/schema\/person\/image\/\",\"url\":\"https:\/\/secure.gravatar.com\/avatar\/3c1e909a14c0c91d2eaef877aaacb584c667f8e7137de69653aa9561fd0e8062?s=96&d=mm&r=g\",\"contentUrl\":\"https:\/\/secure.gravatar.com\/avatar\/3c1e909a14c0c91d2eaef877aaacb584c667f8e7137de69653aa9561fd0e8062?s=96&d=mm&r=g\",\"caption\":\"Szerk_Erik\"},\"url\":\"https:\/\/pestcentrum.hu\"}]}<\/script>\n<!-- \/ Yoast SEO plugin. -->","yoast_head_json":{"title":"Hszi Csin-ping tal\u00e1lkozott\u00a0VI. Tupou tongai kir\u00e1llyal - kinaikaleidoszkop.hu","robots":{"index":"index","follow":"follow","max-snippet":"max-snippet:-1","max-image-preview":"max-image-preview:large","max-video-preview":"max-video-preview:-1"},"canonical":"https:\/\/pestcentrum.hu\/2025\/11\/25\/hszi-csin-ping-talalkozott-vi-tupou-tongai-kirallyal\/","og_locale":"hu_HU","og_type":"article","og_title":"Hszi Csin-ping tal\u00e1lkozott\u00a0VI. Tupou tongai kir\u00e1llyal - kinaikaleidoszkop.hu","og_description":"November 25-\u00e9n d\u00e9lel\u0151tt Hszi Csin-ping k\u00ednai \u00e1llameln\u00f6k a pekingi N\u00e9pi Gy\u0171l\u00e9s H\u00e1z\u00e1ban tal\u00e1lkozott VI. Tupou tongai kir\u00e1llyal, aki \u00e1llami l\u00e1togat\u00e1son tart\u00f3zkodik K\u00edn\u00e1ban. \u201eF\u00fcggetlen\u00fcl a nemzetk\u00f6zi helyzet alakul\u00e1s\u00e1t\u00f3l, K\u00edna tov\u00e1bbra is Tonga \u00e1llhatatos \u00e9s megb\u00edzhat\u00f3 partnere marad, \u00e9s k\u00f6vetkezetesen t\u00e1mogatja Tong\u00e1t nemzeti f\u00fcggetlens\u00e9g\u00e9nek \u00e9s szuverenit\u00e1s\u00e1nak meg\u0151rz\u00e9s\u00e9ben. K\u00edna k\u00e9szen \u00e1ll arra, hogy fokozza fejleszt\u00e9si strat\u00e9gi\u00e1inak \u00f6sszehangol\u00e1s\u00e1t Tong\u00e1val, [&hellip;]","og_url":"https:\/\/kinaikaleidoszkop.hu\/index.php\/2025\/11\/25\/hszi-csin-ping-talalkozott-vi-tupou-tongai-kirallyal\/","og_site_name":"kinaikaleidoszkop.hu","article_published_time":"2025-11-25T09:35:22+00:00","article_modified_time":"2025-11-25T10:12:23+00:00","og_image":[{"width":1000,"height":670,"url":"https:\/\/kinaikaleidoszkop.hu\/wp-content\/uploads\/2025\/11\/Hszi-Csin-ping-talalkozott-VI.-Tupou-tongai-kirallyal.jpeg","type":"image\/jpeg"}],"author":"Szerk_Erik","twitter_card":"summary_large_image","twitter_misc":{"Szerz\u0151:":"PestCentrum","Becs\u00fclt olvas\u00e1si id\u0151":"2 perc"},"schema":{"@context":"https:\/\/schema.org","@graph":[{"@type":"WebPage","@id":"https:\/\/kinaikaleidoszkop.hu\/index.php\/2025\/11\/25\/hszi-csin-ping-talalkozott-vi-tupou-tongai-kirallyal\/","url":"https:\/\/kinaikaleidoszkop.hu\/index.php\/2025\/11\/25\/hszi-csin-ping-talalkozott-vi-tupou-tongai-kirallyal\/","name":"Hszi Csin-ping tal\u00e1lkozott\u00a0VI. Tupou tongai kir\u00e1llyal - kinaikaleidoszkop.hu","isPartOf":{"@id":"https:\/\/kinaikaleidoszkop.hu\/#website"},"primaryImageOfPage":{"@id":"https:\/\/kinaikaleidoszkop.hu\/index.php\/2025\/11\/25\/hszi-csin-ping-talalkozott-vi-tupou-tongai-kirallyal\/#primaryimage"},"image":{"@id":"https:\/\/kinaikaleidoszkop.hu\/index.php\/2025\/11\/25\/hszi-csin-ping-talalkozott-vi-tupou-tongai-kirallyal\/#primaryimage"},"thumbnailUrl":"https:\/\/kinaikaleidoszkop.hu\/wp-content\/uploads\/2025\/11\/Hszi-Csin-ping-talalkozott-VI.-Tupou-tongai-kirallyal.jpeg","datePublished":"2025-11-25T09:35:22+00:00","dateModified":"2025-11-25T10:12:23+00:00","author":{"@id":"https:\/\/kinaikaleidoszkop.hu\/#\/schema\/person\/4d69b71e7e70322713b9d9287b610556"},"breadcrumb":{"@id":"https:\/\/kinaikaleidoszkop.hu\/index.php\/2025\/11\/25\/hszi-csin-ping-talalkozott-vi-tupou-tongai-kirallyal\/#breadcrumb"},"inLanguage":"hu","potentialAction":[{"@type":"ReadAction","target":["https:\/\/kinaikaleidoszkop.hu\/index.php\/2025\/11\/25\/hszi-csin-ping-talalkozott-vi-tupou-tongai-kirallyal\/"]}]},{"@type":"ImageObject","inLanguage":"hu","@id":"https:\/\/kinaikaleidoszkop.hu\/index.php\/2025\/11\/25\/hszi-csin-ping-talalkozott-vi-tupou-tongai-kirallyal\/#primaryimage","url":"https:\/\/kinaikaleidoszkop.hu\/wp-content\/uploads\/2025\/11\/Hszi-Csin-ping-talalkozott-VI.-Tupou-tongai-kirallyal.jpeg","contentUrl":"https:\/\/kinaikaleidoszkop.hu\/wp-content\/uploads\/2025\/11\/Hszi-Csin-ping-talalkozott-VI.-Tupou-tongai-kirallyal.jpeg","width":1000,"height":670},{"@type":"BreadcrumbList","@id":"https:\/\/kinaikaleidoszkop.hu\/index.php\/2025\/11\/25\/hszi-csin-ping-talalkozott-vi-tupou-tongai-kirallyal\/#breadcrumb","itemListElement":[{"@type":"ListItem","position":1,"name":"Kezd\u0151lap","item":"https:\/\/kinaikaleidoszkop.hu\/"},{"@type":"ListItem","position":2,"name":"Hszi Csin-ping tal\u00e1lkozott\u00a0VI. Tupou tongai kir\u00e1llyal"}]},{"@type":"WebSite","@id":"https:\/\/kinaikaleidoszkop.hu\/#website","url":"https:\/\/kinaikaleidoszkop.hu\/","name":"kinaikaleidoszkop.hu","description":"","potentialAction":[{"@type":"SearchAction","target":{"@type":"EntryPoint","urlTemplate":"https:\/\/kinaikaleidoszkop.hu\/?s={search_term_string}"},"query-input":{"@type":"PropertyValueSpecification","valueRequired":true,"valueName":"search_term_string"}}],"inLanguage":"hu"},{"@type":"Person","@id":"https:\/\/kinaikaleidoszkop.hu\/#\/schema\/person\/4d69b71e7e70322713b9d9287b610556","name":"Szerk_Erik","image":{"@type":"ImageObject","inLanguage":"hu","@id":"https:\/\/kinaikaleidoszkop.hu\/#\/schema\/person\/image\/","url":"https:\/\/secure.gravatar.com\/avatar\/3c1e909a14c0c91d2eaef877aaacb584c667f8e7137de69653aa9561fd0e8062?s=96&d=mm&r=g","contentUrl":"https:\/\/secure.gravatar.com\/avatar\/3c1e909a14c0c91d2eaef877aaacb584c667f8e7137de69653aa9561fd0e8062?s=96&d=mm&r=g","caption":"Szerk_Erik"},"url":"https:\/\/pestcentrum.hu"}]}},"views":95,"distributor_meta":false,"distributor_terms":false,"distributor_media":false,"distributor_original_site_name":"PestCentrum","distributor_original_site_url":"https:\/\/pestcentrum.hu","push-errors":false,"_links":{"self":[{"href":"https:\/\/kinaikaleidoszkop.hu\/index.php\/wp-json\/wp\/v2\/posts\/27610","targetHints":{"allow":["GET"]}}],"collection":[{"href":"https:\/\/kinaikaleidoszkop.hu\/index.php\/wp-json\/wp\/v2\/posts"}],"about":[{"href":"https:\/\/kinaikaleidoszkop.hu\/index.php\/wp-json\/wp\/v2\/types\/post"}],"author":[{"embeddable":true,"href":"https:\/\/kinaikaleidoszkop.hu\/index.php\/wp-json\/wp\/v2\/users\/7"}],"replies":[{"embeddable":true,"href":"https:\/\/kinaikaleidoszkop.hu\/index.php\/wp-json\/wp\/v2\/comments?post=27610"}],"version-history":[{"count":1,"href":"https:\/\/kinaikaleidoszkop.hu\/index.php\/wp-json\/wp\/v2\/posts\/27610\/revisions"}],"predecessor-version":[{"id":27617,"href":"https:\/\/kinaikaleidoszkop.hu\/index.php\/wp-json\/wp\/v2\/posts\/27610\/revisions\/27617"}],"wp:featuredmedia":[{"embeddable":true,"href":"https:\/\/kinaikaleidoszkop.hu\/index.php\/wp-json\/wp\/v2\/media\/27619"}],"wp:attachment":[{"href":"https:\/\/kinaikaleidoszkop.hu\/index.php\/wp-json\/wp\/v2\/media?parent=27610"}],"wp:term":[{"taxonomy":"category","embeddable":true,"href":"https:\/\/kinaikaleidoszkop.hu\/index.php\/wp-json\/wp\/v2\/categories?post=27610"},{"taxonomy":"post_tag","embeddable":true,"href":"https:\/\/kinaikaleidoszkop.hu\/index.php\/wp-json\/wp\/v2\/tags?post=27610"}],"curies":[{"name":"wp","href":"https:\/\/api.w.org\/{rel}","templated":true}]}}