{"id":27638,"date":"2025-11-27T11:47:49","date_gmt":"2025-11-27T10:47:49","guid":{"rendered":"https:\/\/kinaikaleidoszkop.hu\/index.php\/2025\/11\/27\/kina-ismetelten-surgeti-japant-hogy-azonnal-vonja-vissza-a-teves-nyilatkozatokat\/"},"modified":"2025-11-27T12:39:31","modified_gmt":"2025-11-27T11:39:31","slug":"kina-ismetelten-surgeti-japant-hogy-azonnal-vonja-vissza-a-teves-nyilatkozatokat","status":"publish","type":"post","link":"https:\/\/kinaikaleidoszkop.hu\/index.php\/2025\/11\/27\/kina-ismetelten-surgeti-japant-hogy-azonnal-vonja-vissza-a-teves-nyilatkozatokat\/","title":{"rendered":"K\u00edna ism\u00e9telten s\u00fcrgeti Jap\u00e1nt, hogy azonnal vonja vissza a t\u00e9ves nyilatkozatokat"},"content":{"rendered":"\n<p class=\"wp-block-paragraph\"><strong>Guo Jiakun k\u00ednai k\u00fcl\u00fcgyi sz\u00f3viv\u0151&nbsp;november 27-\u00e9n Pekingben kijelentette, hogy a \u201eKair\u00f3i Nyilatkozat\u201d, a \u201ePotsdami Nyilatkozat\u201d \u00e9s a \u201eJap\u00e1n Megad\u00e1si Okm\u00e1ny\u201d, mind meger\u0151s\u00edti K\u00edna szuverenit\u00e1s\u00e1t Tajvan felett.&nbsp;<\/strong><\/p>\n\n\n<div class=\"wp-block-image\">\n<figure class=\"aligncenter size-full\"><img decoding=\"async\" src=\"https:\/\/pestcentrum.hu\/wp-content\/uploads\/2025\/11\/\u53d1\u8a00\u4eba.jpg\" alt=\"\" class=\"wp-image-40813\"\/><\/figure>\n<\/div>\n\n\n<p class=\"wp-block-paragraph\">A sz\u00f3viv\u0151&nbsp;azt mondta, hogy az \u00fagynevezett \u201eSan Francisc\u00f3-i b\u00e9keszerz\u0151d\u00e9s\u201d&nbsp;egy olyan dokumentum volt, amelyet Jap\u00e1nnal k\u00fcl\u00f6n t\u00e1rgyalva adtak ki, mik\u00f6zben K\u00edna, Oroszorsz\u00e1g&nbsp;\u00e9s m\u00e1s m\u00e1sodik vil\u00e1gh\u00e1bor\u00fas f\u0151szerepl\u0151ket kiz\u00e1rtak.&nbsp;<\/p>\n\n\n\n<p class=\"wp-block-paragraph\">A dokumentum megs\u00e9rtette a 26 orsz\u00e1g&nbsp;\u2013&nbsp;k\u00f6zt\u00fck K\u00edna, az USA, az Egyes\u00fclt Kir\u00e1lys\u00e1g&nbsp;\u00e9s a Szovjetuni\u00f3&nbsp;\u2013&nbsp;\u00e1ltal 1942-ben al\u00e1\u00edrt ENSZ Nyilatkozat\u00e1ban szerepl\u0151, az ellens\u00e9ges orsz\u00e1gokkal val\u00f3&nbsp;\u00f6n\u00e1ll\u00f3&nbsp;b\u00e9ket\u00e1rgyal\u00e1s tilalm\u00e1ra vonatkoz\u00f3&nbsp;el\u0151\u00edr\u00e1sokat, ez\u00e9rt jogellenes&nbsp;\u00e9s&nbsp;\u00e9rv\u00e9nytelen \u2013 folytatta a sz\u00f3viv\u0151.<\/p>\n\n\n\n<p class=\"wp-block-paragraph\">Takaicsi Szanae jap\u00e1n minisztereln\u00f6k ker\u00fclte a \u201eKair\u00f3i Nyilatkozat\u201d-ot \u00e9s a \u201ePotsdami Nyilatkozat\u201d-ot, amelyek teljes nemzetk\u00f6zi jogi \u00e9rv\u00e9nyess\u00e9ggel rendelkeznek, mik\u00f6zben csak az illeg\u00e1lis \u00e9s \u00e9rv\u00e9nytelen&nbsp;\u201eSan Francisc\u00f3-i b\u00e9keszerz\u0151d\u00e9s\u201d-t&nbsp;emelte ki, mondta a sz\u00f3viv\u0151, hozz\u00e1t\u00e9ve, hogy ez azt mutatja, hogy a jap\u00e1n minisztereln\u00f6k a mai napig sem gondolkodott el m\u00faltbeli hib\u00e1in.<\/p>\n\n\n\n<p class=\"wp-block-paragraph\">A sz\u00f3viv\u0151 ism\u00e9telten s\u00fcrgeti Jap\u00e1nt, hogy komolyan gondolja \u00e1t hib\u00e1j\u00e1t, \u00e9s azonnal vonja vissza t\u00e9ves nyilatkozat\u00e1t.&nbsp;<\/p>\n\n\n\n<p class=\"wp-block-paragraph\"><strong><em>(Zhou Huiwen &#8211; China Media Group)<\/em><\/strong><\/p>\n\n\n\n<p class=\"wp-block-paragraph\"><strong>2025. november 27.<\/strong><\/p>\n\n\n\n<p class=\"wp-block-paragraph\"><strong><em>(x)<\/em><\/strong><\/p>\n","protected":false},"excerpt":{"rendered":"<p>Guo Jiakun k\u00ednai k\u00fcl\u00fcgyi sz\u00f3viv\u0151&nbsp;november 27-\u00e9n Pekingben kijelentette, hogy a \u201eKair\u00f3i Nyilatkozat\u201d, a \u201ePotsdami Nyilatkozat\u201d \u00e9s a \u201eJap\u00e1n Megad\u00e1si Okm\u00e1ny\u201d, mind meger\u0151s\u00edti K\u00edna szuverenit\u00e1s\u00e1t Tajvan felett.&nbsp; A sz\u00f3viv\u0151&nbsp;azt mondta, hogy az \u00fagynevezett \u201eSan Francisc\u00f3-i b\u00e9keszerz\u0151d\u00e9s\u201d&nbsp;egy olyan dokumentum volt, amelyet Jap\u00e1nnal k\u00fcl\u00f6n t\u00e1rgyalva adtak ki, mik\u00f6zben K\u00edna, Oroszorsz\u00e1g&nbsp;\u00e9s m\u00e1s m\u00e1sodik vil\u00e1gh\u00e1bor\u00fas f\u0151szerepl\u0151ket kiz\u00e1rtak.&nbsp; A dokumentum megs\u00e9rtette [&hellip;]<\/p>\n","protected":false},"author":7,"featured_media":27653,"comment_status":"closed","ping_status":"","sticky":false,"template":"","format":"standard","meta":{"footnotes":""},"categories":[4797],"tags":[637,2605,1318,3696,469,578],"class_list":["post-27638","post","type-post","status-publish","format-standard","has-post-thumbnail","hentry","category-egyeb-hirek","tag-diplomacia","tag-felszolitas","tag-japan","tag-kina","tag-nyilatkozat","tag-szuverenitas"],"yoast_head":"<!-- This site is optimized with the Yoast SEO plugin v23.7 - https:\/\/yoast.com\/wordpress\/plugins\/seo\/ -->\n<title>K\u00edna ism\u00e9telten s\u00fcrgeti Jap\u00e1nt, hogy azonnal vonja vissza a t\u00e9ves nyilatkozatokat - kinaikaleidoszkop.hu<\/title>\n<meta name=\"robots\" content=\"index, follow, max-snippet:-1, max-image-preview:large, max-video-preview:-1\" \/>\n<link rel=\"canonical\" href=\"https:\/\/pestcentrum.hu\/2025\/11\/27\/kina-ismetelten-surgeti-japant-hogy-azonnal-vonja-vissza-a-teves-nyilatkozatokat\/\" \/>\n<meta property=\"og:locale\" content=\"hu_HU\" \/>\n<meta property=\"og:type\" content=\"article\" \/>\n<meta property=\"og:title\" content=\"K\u00edna ism\u00e9telten s\u00fcrgeti Jap\u00e1nt, hogy azonnal vonja vissza a t\u00e9ves nyilatkozatokat - kinaikaleidoszkop.hu\" \/>\n<meta property=\"og:description\" content=\"Guo Jiakun k\u00ednai k\u00fcl\u00fcgyi sz\u00f3viv\u0151&nbsp;november 27-\u00e9n Pekingben kijelentette, hogy a \u201eKair\u00f3i Nyilatkozat\u201d, a \u201ePotsdami Nyilatkozat\u201d \u00e9s a \u201eJap\u00e1n Megad\u00e1si Okm\u00e1ny\u201d, mind meger\u0151s\u00edti K\u00edna szuverenit\u00e1s\u00e1t Tajvan felett.&nbsp; A sz\u00f3viv\u0151&nbsp;azt mondta, hogy az \u00fagynevezett \u201eSan Francisc\u00f3-i b\u00e9keszerz\u0151d\u00e9s\u201d&nbsp;egy olyan dokumentum volt, amelyet Jap\u00e1nnal k\u00fcl\u00f6n t\u00e1rgyalva adtak ki, mik\u00f6zben K\u00edna, Oroszorsz\u00e1g&nbsp;\u00e9s m\u00e1s m\u00e1sodik vil\u00e1gh\u00e1bor\u00fas f\u0151szerepl\u0151ket kiz\u00e1rtak.&nbsp; A dokumentum megs\u00e9rtette [&hellip;]\" \/>\n<meta property=\"og:url\" content=\"https:\/\/kinaikaleidoszkop.hu\/index.php\/2025\/11\/27\/kina-ismetelten-surgeti-japant-hogy-azonnal-vonja-vissza-a-teves-nyilatkozatokat\/\" \/>\n<meta property=\"og:site_name\" content=\"kinaikaleidoszkop.hu\" \/>\n<meta property=\"article:published_time\" content=\"2025-11-27T10:47:49+00:00\" \/>\n<meta property=\"article:modified_time\" content=\"2025-11-27T11:39:31+00:00\" \/>\n<meta property=\"og:image\" content=\"https:\/\/kinaikaleidoszkop.hu\/wp-content\/uploads\/2025\/11\/unnamed-file-9.jpg\" \/>\n\t<meta property=\"og:image:width\" content=\"600\" \/>\n\t<meta property=\"og:image:height\" content=\"399\" \/>\n\t<meta property=\"og:image:type\" content=\"image\/jpeg\" \/>\n<meta name=\"author\" content=\"Szerk_Erik\" \/>\n<meta name=\"twitter:card\" content=\"summary_large_image\" \/>\n<meta name=\"twitter:label1\" content=\"Szerz\u0151:\" \/>\n\t<meta name=\"twitter:data1\" content=\"PestCentrum\" \/>\n\t<meta name=\"twitter:label2\" content=\"Becs\u00fclt olvas\u00e1si id\u0151\" \/>\n\t<meta name=\"twitter:data2\" content=\"2 perc\" \/>\n<script type=\"application\/ld+json\" class=\"yoast-schema-graph\">{\"@context\":\"https:\/\/schema.org\",\"@graph\":[{\"@type\":\"WebPage\",\"@id\":\"https:\/\/kinaikaleidoszkop.hu\/index.php\/2025\/11\/27\/kina-ismetelten-surgeti-japant-hogy-azonnal-vonja-vissza-a-teves-nyilatkozatokat\/\",\"url\":\"https:\/\/kinaikaleidoszkop.hu\/index.php\/2025\/11\/27\/kina-ismetelten-surgeti-japant-hogy-azonnal-vonja-vissza-a-teves-nyilatkozatokat\/\",\"name\":\"K\u00edna ism\u00e9telten s\u00fcrgeti Jap\u00e1nt, hogy azonnal vonja vissza a t\u00e9ves nyilatkozatokat - kinaikaleidoszkop.hu\",\"isPartOf\":{\"@id\":\"https:\/\/kinaikaleidoszkop.hu\/#website\"},\"primaryImageOfPage\":{\"@id\":\"https:\/\/kinaikaleidoszkop.hu\/index.php\/2025\/11\/27\/kina-ismetelten-surgeti-japant-hogy-azonnal-vonja-vissza-a-teves-nyilatkozatokat\/#primaryimage\"},\"image\":{\"@id\":\"https:\/\/kinaikaleidoszkop.hu\/index.php\/2025\/11\/27\/kina-ismetelten-surgeti-japant-hogy-azonnal-vonja-vissza-a-teves-nyilatkozatokat\/#primaryimage\"},\"thumbnailUrl\":\"https:\/\/kinaikaleidoszkop.hu\/wp-content\/uploads\/2025\/11\/unnamed-file-9.jpg\",\"datePublished\":\"2025-11-27T10:47:49+00:00\",\"dateModified\":\"2025-11-27T11:39:31+00:00\",\"author\":{\"@id\":\"https:\/\/kinaikaleidoszkop.hu\/#\/schema\/person\/4d69b71e7e70322713b9d9287b610556\"},\"breadcrumb\":{\"@id\":\"https:\/\/kinaikaleidoszkop.hu\/index.php\/2025\/11\/27\/kina-ismetelten-surgeti-japant-hogy-azonnal-vonja-vissza-a-teves-nyilatkozatokat\/#breadcrumb\"},\"inLanguage\":\"hu\",\"potentialAction\":[{\"@type\":\"ReadAction\",\"target\":[\"https:\/\/kinaikaleidoszkop.hu\/index.php\/2025\/11\/27\/kina-ismetelten-surgeti-japant-hogy-azonnal-vonja-vissza-a-teves-nyilatkozatokat\/\"]}]},{\"@type\":\"ImageObject\",\"inLanguage\":\"hu\",\"@id\":\"https:\/\/kinaikaleidoszkop.hu\/index.php\/2025\/11\/27\/kina-ismetelten-surgeti-japant-hogy-azonnal-vonja-vissza-a-teves-nyilatkozatokat\/#primaryimage\",\"url\":\"https:\/\/kinaikaleidoszkop.hu\/wp-content\/uploads\/2025\/11\/unnamed-file-9.jpg\",\"contentUrl\":\"https:\/\/kinaikaleidoszkop.hu\/wp-content\/uploads\/2025\/11\/unnamed-file-9.jpg\",\"width\":600,\"height\":399},{\"@type\":\"BreadcrumbList\",\"@id\":\"https:\/\/kinaikaleidoszkop.hu\/index.php\/2025\/11\/27\/kina-ismetelten-surgeti-japant-hogy-azonnal-vonja-vissza-a-teves-nyilatkozatokat\/#breadcrumb\",\"itemListElement\":[{\"@type\":\"ListItem\",\"position\":1,\"name\":\"Kezd\u0151lap\",\"item\":\"https:\/\/kinaikaleidoszkop.hu\/\"},{\"@type\":\"ListItem\",\"position\":2,\"name\":\"K\u00edna ism\u00e9telten s\u00fcrgeti Jap\u00e1nt, hogy azonnal vonja vissza a t\u00e9ves nyilatkozatokat\"}]},{\"@type\":\"WebSite\",\"@id\":\"https:\/\/kinaikaleidoszkop.hu\/#website\",\"url\":\"https:\/\/kinaikaleidoszkop.hu\/\",\"name\":\"kinaikaleidoszkop.hu\",\"description\":\"\",\"potentialAction\":[{\"@type\":\"SearchAction\",\"target\":{\"@type\":\"EntryPoint\",\"urlTemplate\":\"https:\/\/kinaikaleidoszkop.hu\/?s={search_term_string}\"},\"query-input\":{\"@type\":\"PropertyValueSpecification\",\"valueRequired\":true,\"valueName\":\"search_term_string\"}}],\"inLanguage\":\"hu\"},{\"@type\":\"Person\",\"@id\":\"https:\/\/kinaikaleidoszkop.hu\/#\/schema\/person\/4d69b71e7e70322713b9d9287b610556\",\"name\":\"Szerk_Erik\",\"image\":{\"@type\":\"ImageObject\",\"inLanguage\":\"hu\",\"@id\":\"https:\/\/kinaikaleidoszkop.hu\/#\/schema\/person\/image\/\",\"url\":\"https:\/\/secure.gravatar.com\/avatar\/3c1e909a14c0c91d2eaef877aaacb584c667f8e7137de69653aa9561fd0e8062?s=96&d=mm&r=g\",\"contentUrl\":\"https:\/\/secure.gravatar.com\/avatar\/3c1e909a14c0c91d2eaef877aaacb584c667f8e7137de69653aa9561fd0e8062?s=96&d=mm&r=g\",\"caption\":\"Szerk_Erik\"},\"url\":\"https:\/\/pestcentrum.hu\"}]}<\/script>\n<!-- \/ Yoast SEO plugin. -->","yoast_head_json":{"title":"K\u00edna ism\u00e9telten s\u00fcrgeti Jap\u00e1nt, hogy azonnal vonja vissza a t\u00e9ves nyilatkozatokat - kinaikaleidoszkop.hu","robots":{"index":"index","follow":"follow","max-snippet":"max-snippet:-1","max-image-preview":"max-image-preview:large","max-video-preview":"max-video-preview:-1"},"canonical":"https:\/\/pestcentrum.hu\/2025\/11\/27\/kina-ismetelten-surgeti-japant-hogy-azonnal-vonja-vissza-a-teves-nyilatkozatokat\/","og_locale":"hu_HU","og_type":"article","og_title":"K\u00edna ism\u00e9telten s\u00fcrgeti Jap\u00e1nt, hogy azonnal vonja vissza a t\u00e9ves nyilatkozatokat - kinaikaleidoszkop.hu","og_description":"Guo Jiakun k\u00ednai k\u00fcl\u00fcgyi sz\u00f3viv\u0151&nbsp;november 27-\u00e9n Pekingben kijelentette, hogy a \u201eKair\u00f3i Nyilatkozat\u201d, a \u201ePotsdami Nyilatkozat\u201d \u00e9s a \u201eJap\u00e1n Megad\u00e1si Okm\u00e1ny\u201d, mind meger\u0151s\u00edti K\u00edna szuverenit\u00e1s\u00e1t Tajvan felett.&nbsp; A sz\u00f3viv\u0151&nbsp;azt mondta, hogy az \u00fagynevezett \u201eSan Francisc\u00f3-i b\u00e9keszerz\u0151d\u00e9s\u201d&nbsp;egy olyan dokumentum volt, amelyet Jap\u00e1nnal k\u00fcl\u00f6n t\u00e1rgyalva adtak ki, mik\u00f6zben K\u00edna, Oroszorsz\u00e1g&nbsp;\u00e9s m\u00e1s m\u00e1sodik vil\u00e1gh\u00e1bor\u00fas f\u0151szerepl\u0151ket kiz\u00e1rtak.&nbsp; A dokumentum megs\u00e9rtette [&hellip;]","og_url":"https:\/\/kinaikaleidoszkop.hu\/index.php\/2025\/11\/27\/kina-ismetelten-surgeti-japant-hogy-azonnal-vonja-vissza-a-teves-nyilatkozatokat\/","og_site_name":"kinaikaleidoszkop.hu","article_published_time":"2025-11-27T10:47:49+00:00","article_modified_time":"2025-11-27T11:39:31+00:00","og_image":[{"width":600,"height":399,"url":"https:\/\/kinaikaleidoszkop.hu\/wp-content\/uploads\/2025\/11\/unnamed-file-9.jpg","type":"image\/jpeg"}],"author":"Szerk_Erik","twitter_card":"summary_large_image","twitter_misc":{"Szerz\u0151:":"PestCentrum","Becs\u00fclt olvas\u00e1si id\u0151":"2 perc"},"schema":{"@context":"https:\/\/schema.org","@graph":[{"@type":"WebPage","@id":"https:\/\/kinaikaleidoszkop.hu\/index.php\/2025\/11\/27\/kina-ismetelten-surgeti-japant-hogy-azonnal-vonja-vissza-a-teves-nyilatkozatokat\/","url":"https:\/\/kinaikaleidoszkop.hu\/index.php\/2025\/11\/27\/kina-ismetelten-surgeti-japant-hogy-azonnal-vonja-vissza-a-teves-nyilatkozatokat\/","name":"K\u00edna ism\u00e9telten s\u00fcrgeti Jap\u00e1nt, hogy azonnal vonja vissza a t\u00e9ves nyilatkozatokat - kinaikaleidoszkop.hu","isPartOf":{"@id":"https:\/\/kinaikaleidoszkop.hu\/#website"},"primaryImageOfPage":{"@id":"https:\/\/kinaikaleidoszkop.hu\/index.php\/2025\/11\/27\/kina-ismetelten-surgeti-japant-hogy-azonnal-vonja-vissza-a-teves-nyilatkozatokat\/#primaryimage"},"image":{"@id":"https:\/\/kinaikaleidoszkop.hu\/index.php\/2025\/11\/27\/kina-ismetelten-surgeti-japant-hogy-azonnal-vonja-vissza-a-teves-nyilatkozatokat\/#primaryimage"},"thumbnailUrl":"https:\/\/kinaikaleidoszkop.hu\/wp-content\/uploads\/2025\/11\/unnamed-file-9.jpg","datePublished":"2025-11-27T10:47:49+00:00","dateModified":"2025-11-27T11:39:31+00:00","author":{"@id":"https:\/\/kinaikaleidoszkop.hu\/#\/schema\/person\/4d69b71e7e70322713b9d9287b610556"},"breadcrumb":{"@id":"https:\/\/kinaikaleidoszkop.hu\/index.php\/2025\/11\/27\/kina-ismetelten-surgeti-japant-hogy-azonnal-vonja-vissza-a-teves-nyilatkozatokat\/#breadcrumb"},"inLanguage":"hu","potentialAction":[{"@type":"ReadAction","target":["https:\/\/kinaikaleidoszkop.hu\/index.php\/2025\/11\/27\/kina-ismetelten-surgeti-japant-hogy-azonnal-vonja-vissza-a-teves-nyilatkozatokat\/"]}]},{"@type":"ImageObject","inLanguage":"hu","@id":"https:\/\/kinaikaleidoszkop.hu\/index.php\/2025\/11\/27\/kina-ismetelten-surgeti-japant-hogy-azonnal-vonja-vissza-a-teves-nyilatkozatokat\/#primaryimage","url":"https:\/\/kinaikaleidoszkop.hu\/wp-content\/uploads\/2025\/11\/unnamed-file-9.jpg","contentUrl":"https:\/\/kinaikaleidoszkop.hu\/wp-content\/uploads\/2025\/11\/unnamed-file-9.jpg","width":600,"height":399},{"@type":"BreadcrumbList","@id":"https:\/\/kinaikaleidoszkop.hu\/index.php\/2025\/11\/27\/kina-ismetelten-surgeti-japant-hogy-azonnal-vonja-vissza-a-teves-nyilatkozatokat\/#breadcrumb","itemListElement":[{"@type":"ListItem","position":1,"name":"Kezd\u0151lap","item":"https:\/\/kinaikaleidoszkop.hu\/"},{"@type":"ListItem","position":2,"name":"K\u00edna ism\u00e9telten s\u00fcrgeti Jap\u00e1nt, hogy azonnal vonja vissza a t\u00e9ves nyilatkozatokat"}]},{"@type":"WebSite","@id":"https:\/\/kinaikaleidoszkop.hu\/#website","url":"https:\/\/kinaikaleidoszkop.hu\/","name":"kinaikaleidoszkop.hu","description":"","potentialAction":[{"@type":"SearchAction","target":{"@type":"EntryPoint","urlTemplate":"https:\/\/kinaikaleidoszkop.hu\/?s={search_term_string}"},"query-input":{"@type":"PropertyValueSpecification","valueRequired":true,"valueName":"search_term_string"}}],"inLanguage":"hu"},{"@type":"Person","@id":"https:\/\/kinaikaleidoszkop.hu\/#\/schema\/person\/4d69b71e7e70322713b9d9287b610556","name":"Szerk_Erik","image":{"@type":"ImageObject","inLanguage":"hu","@id":"https:\/\/kinaikaleidoszkop.hu\/#\/schema\/person\/image\/","url":"https:\/\/secure.gravatar.com\/avatar\/3c1e909a14c0c91d2eaef877aaacb584c667f8e7137de69653aa9561fd0e8062?s=96&d=mm&r=g","contentUrl":"https:\/\/secure.gravatar.com\/avatar\/3c1e909a14c0c91d2eaef877aaacb584c667f8e7137de69653aa9561fd0e8062?s=96&d=mm&r=g","caption":"Szerk_Erik"},"url":"https:\/\/pestcentrum.hu"}]}},"views":117,"distributor_meta":false,"distributor_terms":false,"distributor_media":false,"distributor_original_site_name":"PestCentrum","distributor_original_site_url":"https:\/\/pestcentrum.hu","push-errors":false,"_links":{"self":[{"href":"https:\/\/kinaikaleidoszkop.hu\/index.php\/wp-json\/wp\/v2\/posts\/27638","targetHints":{"allow":["GET"]}}],"collection":[{"href":"https:\/\/kinaikaleidoszkop.hu\/index.php\/wp-json\/wp\/v2\/posts"}],"about":[{"href":"https:\/\/kinaikaleidoszkop.hu\/index.php\/wp-json\/wp\/v2\/types\/post"}],"author":[{"embeddable":true,"href":"https:\/\/kinaikaleidoszkop.hu\/index.php\/wp-json\/wp\/v2\/users\/7"}],"replies":[{"embeddable":true,"href":"https:\/\/kinaikaleidoszkop.hu\/index.php\/wp-json\/wp\/v2\/comments?post=27638"}],"version-history":[{"count":1,"href":"https:\/\/kinaikaleidoszkop.hu\/index.php\/wp-json\/wp\/v2\/posts\/27638\/revisions"}],"predecessor-version":[{"id":27651,"href":"https:\/\/kinaikaleidoszkop.hu\/index.php\/wp-json\/wp\/v2\/posts\/27638\/revisions\/27651"}],"wp:featuredmedia":[{"embeddable":true,"href":"https:\/\/kinaikaleidoszkop.hu\/index.php\/wp-json\/wp\/v2\/media\/27653"}],"wp:attachment":[{"href":"https:\/\/kinaikaleidoszkop.hu\/index.php\/wp-json\/wp\/v2\/media?parent=27638"}],"wp:term":[{"taxonomy":"category","embeddable":true,"href":"https:\/\/kinaikaleidoszkop.hu\/index.php\/wp-json\/wp\/v2\/categories?post=27638"},{"taxonomy":"post_tag","embeddable":true,"href":"https:\/\/kinaikaleidoszkop.hu\/index.php\/wp-json\/wp\/v2\/tags?post=27638"}],"curies":[{"name":"wp","href":"https:\/\/api.w.org\/{rel}","templated":true}]}}