{"id":27654,"date":"2025-11-28T13:44:40","date_gmt":"2025-11-28T12:44:40","guid":{"rendered":"https:\/\/kinaikaleidoszkop.hu\/index.php\/2025\/11\/28\/a-szepmuveszeti-muzeum-bemutatja-kina-terrakotta-hadsereget\/"},"modified":"2025-11-28T14:36:48","modified_gmt":"2025-11-28T13:36:48","slug":"a-szepmuveszeti-muzeum-bemutatja-kina-terrakotta-hadsereget","status":"publish","type":"post","link":"https:\/\/kinaikaleidoszkop.hu\/index.php\/2025\/11\/28\/a-szepmuveszeti-muzeum-bemutatja-kina-terrakotta-hadsereget\/","title":{"rendered":"A Sz\u00e9pm\u0171v\u00e9szeti M\u00fazeum bemutatja K\u00edna terrakotta hadsereg\u00e9t"},"content":{"rendered":"\n<p><strong>A budapesti Sz\u00e9pm\u0171v\u00e9szeti M\u00fazeum november 27-\u00e9n nyitotta meg a Magyarorsz\u00e1gon valaha rendezett egyik legjelent\u0151sebb k\u00ednai kultur\u00e1lis ki\u00e1ll\u00edt\u00e1st, amely t\u00f6bb mint 150 \u0151si m\u0171t\u00e1rgyat mutat be a Qin- \u00e9s a Han-dinaszti\u00e1kb\u00f3l, k\u00f6zt\u00fck 10 eredeti terrakotta katon\u00e1t.<\/strong><\/p>\n\n\n<div class=\"wp-block-image\">\n<figure class=\"aligncenter size-full\"><img decoding=\"async\" src=\"https:\/\/pestcentrum.hu\/wp-content\/uploads\/2025\/11\/\u5175\u9a6c\u4fd1\u5e03\u8fbe\u4f69\u65af.jpg\" alt=\"\" class=\"wp-image-40877\"\/><\/figure>\n<\/div>\n\n\n<p>A ki\u00e1ll\u00edt\u00e1s c\u00edme: \u201eAz \u00f6r\u00f6kl\u00e9t \u0151rei \u2013 Az els\u0151 k\u00ednai cs\u00e1sz\u00e1r agyagkaton\u00e1i\u201d, \u00e9s 2026. m\u00e1jus 25-ig lesz l\u00e1togathat\u00f3. Megnyit\u00f3 besz\u00e9d\u00e9ben Sulyok Tam\u00e1s k\u00f6zt\u00e1rsas\u00e1gi eln\u00f6k elmondta, hogy Magyarorsz\u00e1g \u00e9s K\u00edna \u201estabil \u00e9s gy\u00fcm\u00f6lcs\u00f6z\u0151\u201d kapcsolatokat alak\u00edtott ki a kult\u00fara, gazdas\u00e1g, tudom\u00e1ny, innov\u00e1ci\u00f3 \u00e9s diplom\u00e1cia ter\u00fclet\u00e9n.&nbsp;<\/p>\n\n\n\n<p>A ki\u00e1ll\u00edt\u00e1s a k\u00e9t orsz\u00e1g folyamatosan m\u00e9ly\u00fcl\u0151 k\u00f6lcs\u00f6n\u00f6s bizalm\u00e1t \u00e9s egy\u00fcttm\u0171k\u00f6d\u00e9s\u00e9t t\u00fckr\u00f6zi \u2013 folytatta az eln\u00f6k.<\/p>\n\n\n\n<p>Gong Tao, K\u00edna budapesti nagyk\u00f6vete elmondta, hogy a ki\u00e1ll\u00edt\u00e1snak k\u00f6sz\u00f6nhet\u0151en a k\u00ednai \u0151si civiliz\u00e1ci\u00f3 ism\u00e9t felt\u0171nik a Duna partj\u00e1n, \u00e9s ez\u00e1ltal a k\u00ednai\u2013magyar kultur\u00e1lis cserekapcsolatok \u00faj f\u00e9nypontja.<\/p>\n\n\n\n<p><strong><em>(Zhou Huiwen &#8211; China Media Group)<\/em><\/strong><\/p>\n\n\n\n<p><strong>2025. november 28.<\/strong><\/p>\n\n\n\n<p><strong><em>(x)<\/em><\/strong><\/p>\n","protected":false},"excerpt":{"rendered":"<p>A budapesti Sz\u00e9pm\u0171v\u00e9szeti M\u00fazeum november 27-\u00e9n nyitotta meg a Magyarorsz\u00e1gon valaha rendezett egyik legjelent\u0151sebb k\u00ednai kultur\u00e1lis ki\u00e1ll\u00edt\u00e1st, amely t\u00f6bb mint 150 \u0151si m\u0171t\u00e1rgyat mutat be a Qin- \u00e9s a Han-dinaszti\u00e1kb\u00f3l, k\u00f6zt\u00fck 10 eredeti terrakotta katon\u00e1t. A ki\u00e1ll\u00edt\u00e1s c\u00edme: \u201eAz \u00f6r\u00f6kl\u00e9t \u0151rei \u2013 Az els\u0151 k\u00ednai cs\u00e1sz\u00e1r agyagkaton\u00e1i\u201d, \u00e9s 2026. m\u00e1jus 25-ig lesz l\u00e1togathat\u00f3. Megnyit\u00f3 besz\u00e9d\u00e9ben [&hellip;]<\/p>\n","protected":false},"author":7,"featured_media":27660,"comment_status":"closed","ping_status":"","sticky":false,"template":"","format":"standard","meta":{"footnotes":""},"categories":[4797],"tags":[273,127,2036,419,5720],"class_list":["post-27654","post","type-post","status-publish","format-standard","has-post-thumbnail","hentry","category-egyeb-hirek","tag-egyuttmukodes","tag-kiallitas","tag-kultura","tag-magyarorszag","tag-szepmuveszeti-muzeum"],"yoast_head":"<!-- This site is optimized with the Yoast SEO plugin v23.7 - https:\/\/yoast.com\/wordpress\/plugins\/seo\/ -->\n<title>A Sz\u00e9pm\u0171v\u00e9szeti M\u00fazeum bemutatja K\u00edna terrakotta hadsereg\u00e9t - kinaikaleidoszkop.hu<\/title>\n<meta name=\"robots\" content=\"index, follow, max-snippet:-1, max-image-preview:large, max-video-preview:-1\" \/>\n<link rel=\"canonical\" href=\"https:\/\/pestcentrum.hu\/2025\/11\/28\/a-szepmuveszeti-muzeum-bemutatja-kina-terrakotta-hadsereget\/\" \/>\n<meta property=\"og:locale\" content=\"hu_HU\" \/>\n<meta property=\"og:type\" content=\"article\" \/>\n<meta property=\"og:title\" content=\"A Sz\u00e9pm\u0171v\u00e9szeti M\u00fazeum bemutatja K\u00edna terrakotta hadsereg\u00e9t - kinaikaleidoszkop.hu\" \/>\n<meta property=\"og:description\" content=\"A budapesti Sz\u00e9pm\u0171v\u00e9szeti M\u00fazeum november 27-\u00e9n nyitotta meg a Magyarorsz\u00e1gon valaha rendezett egyik legjelent\u0151sebb k\u00ednai kultur\u00e1lis ki\u00e1ll\u00edt\u00e1st, amely t\u00f6bb mint 150 \u0151si m\u0171t\u00e1rgyat mutat be a Qin- \u00e9s a Han-dinaszti\u00e1kb\u00f3l, k\u00f6zt\u00fck 10 eredeti terrakotta katon\u00e1t. A ki\u00e1ll\u00edt\u00e1s c\u00edme: \u201eAz \u00f6r\u00f6kl\u00e9t \u0151rei \u2013 Az els\u0151 k\u00ednai cs\u00e1sz\u00e1r agyagkaton\u00e1i\u201d, \u00e9s 2026. m\u00e1jus 25-ig lesz l\u00e1togathat\u00f3. Megnyit\u00f3 besz\u00e9d\u00e9ben [&hellip;]\" \/>\n<meta property=\"og:url\" content=\"https:\/\/kinaikaleidoszkop.hu\/index.php\/2025\/11\/28\/a-szepmuveszeti-muzeum-bemutatja-kina-terrakotta-hadsereget\/\" \/>\n<meta property=\"og:site_name\" content=\"kinaikaleidoszkop.hu\" \/>\n<meta property=\"article:published_time\" content=\"2025-11-28T12:44:40+00:00\" \/>\n<meta property=\"article:modified_time\" content=\"2025-11-28T13:36:48+00:00\" \/>\n<meta property=\"og:image\" content=\"https:\/\/kinaikaleidoszkop.hu\/wp-content\/uploads\/2025\/11\/unnamed-file-10.jpg\" \/>\n\t<meta property=\"og:image:width\" content=\"600\" \/>\n\t<meta property=\"og:image:height\" content=\"399\" \/>\n\t<meta property=\"og:image:type\" content=\"image\/jpeg\" \/>\n<meta name=\"author\" content=\"Szerk_Erik\" \/>\n<meta name=\"twitter:card\" content=\"summary_large_image\" \/>\n<meta name=\"twitter:label1\" content=\"Szerz\u0151:\" \/>\n\t<meta name=\"twitter:data1\" content=\"PestCentrum\" \/>\n\t<meta name=\"twitter:label2\" content=\"Becs\u00fclt olvas\u00e1si id\u0151\" \/>\n\t<meta name=\"twitter:data2\" content=\"2 perc\" \/>\n<script type=\"application\/ld+json\" class=\"yoast-schema-graph\">{\"@context\":\"https:\/\/schema.org\",\"@graph\":[{\"@type\":\"WebPage\",\"@id\":\"https:\/\/kinaikaleidoszkop.hu\/index.php\/2025\/11\/28\/a-szepmuveszeti-muzeum-bemutatja-kina-terrakotta-hadsereget\/\",\"url\":\"https:\/\/kinaikaleidoszkop.hu\/index.php\/2025\/11\/28\/a-szepmuveszeti-muzeum-bemutatja-kina-terrakotta-hadsereget\/\",\"name\":\"A Sz\u00e9pm\u0171v\u00e9szeti M\u00fazeum bemutatja K\u00edna terrakotta hadsereg\u00e9t - kinaikaleidoszkop.hu\",\"isPartOf\":{\"@id\":\"https:\/\/kinaikaleidoszkop.hu\/#website\"},\"primaryImageOfPage\":{\"@id\":\"https:\/\/kinaikaleidoszkop.hu\/index.php\/2025\/11\/28\/a-szepmuveszeti-muzeum-bemutatja-kina-terrakotta-hadsereget\/#primaryimage\"},\"image\":{\"@id\":\"https:\/\/kinaikaleidoszkop.hu\/index.php\/2025\/11\/28\/a-szepmuveszeti-muzeum-bemutatja-kina-terrakotta-hadsereget\/#primaryimage\"},\"thumbnailUrl\":\"https:\/\/kinaikaleidoszkop.hu\/wp-content\/uploads\/2025\/11\/unnamed-file-10.jpg\",\"datePublished\":\"2025-11-28T12:44:40+00:00\",\"dateModified\":\"2025-11-28T13:36:48+00:00\",\"author\":{\"@id\":\"https:\/\/kinaikaleidoszkop.hu\/#\/schema\/person\/4d69b71e7e70322713b9d9287b610556\"},\"breadcrumb\":{\"@id\":\"https:\/\/kinaikaleidoszkop.hu\/index.php\/2025\/11\/28\/a-szepmuveszeti-muzeum-bemutatja-kina-terrakotta-hadsereget\/#breadcrumb\"},\"inLanguage\":\"hu\",\"potentialAction\":[{\"@type\":\"ReadAction\",\"target\":[\"https:\/\/kinaikaleidoszkop.hu\/index.php\/2025\/11\/28\/a-szepmuveszeti-muzeum-bemutatja-kina-terrakotta-hadsereget\/\"]}]},{\"@type\":\"ImageObject\",\"inLanguage\":\"hu\",\"@id\":\"https:\/\/kinaikaleidoszkop.hu\/index.php\/2025\/11\/28\/a-szepmuveszeti-muzeum-bemutatja-kina-terrakotta-hadsereget\/#primaryimage\",\"url\":\"https:\/\/kinaikaleidoszkop.hu\/wp-content\/uploads\/2025\/11\/unnamed-file-10.jpg\",\"contentUrl\":\"https:\/\/kinaikaleidoszkop.hu\/wp-content\/uploads\/2025\/11\/unnamed-file-10.jpg\",\"width\":600,\"height\":399},{\"@type\":\"BreadcrumbList\",\"@id\":\"https:\/\/kinaikaleidoszkop.hu\/index.php\/2025\/11\/28\/a-szepmuveszeti-muzeum-bemutatja-kina-terrakotta-hadsereget\/#breadcrumb\",\"itemListElement\":[{\"@type\":\"ListItem\",\"position\":1,\"name\":\"Kezd\u0151lap\",\"item\":\"https:\/\/kinaikaleidoszkop.hu\/\"},{\"@type\":\"ListItem\",\"position\":2,\"name\":\"A Sz\u00e9pm\u0171v\u00e9szeti M\u00fazeum bemutatja K\u00edna terrakotta hadsereg\u00e9t\"}]},{\"@type\":\"WebSite\",\"@id\":\"https:\/\/kinaikaleidoszkop.hu\/#website\",\"url\":\"https:\/\/kinaikaleidoszkop.hu\/\",\"name\":\"kinaikaleidoszkop.hu\",\"description\":\"\",\"potentialAction\":[{\"@type\":\"SearchAction\",\"target\":{\"@type\":\"EntryPoint\",\"urlTemplate\":\"https:\/\/kinaikaleidoszkop.hu\/?s={search_term_string}\"},\"query-input\":{\"@type\":\"PropertyValueSpecification\",\"valueRequired\":true,\"valueName\":\"search_term_string\"}}],\"inLanguage\":\"hu\"},{\"@type\":\"Person\",\"@id\":\"https:\/\/kinaikaleidoszkop.hu\/#\/schema\/person\/4d69b71e7e70322713b9d9287b610556\",\"name\":\"Szerk_Erik\",\"image\":{\"@type\":\"ImageObject\",\"inLanguage\":\"hu\",\"@id\":\"https:\/\/kinaikaleidoszkop.hu\/#\/schema\/person\/image\/\",\"url\":\"https:\/\/secure.gravatar.com\/avatar\/3c1e909a14c0c91d2eaef877aaacb584c667f8e7137de69653aa9561fd0e8062?s=96&d=mm&r=g\",\"contentUrl\":\"https:\/\/secure.gravatar.com\/avatar\/3c1e909a14c0c91d2eaef877aaacb584c667f8e7137de69653aa9561fd0e8062?s=96&d=mm&r=g\",\"caption\":\"Szerk_Erik\"},\"url\":\"https:\/\/pestcentrum.hu\"}]}<\/script>\n<!-- \/ Yoast SEO plugin. -->","yoast_head_json":{"title":"A Sz\u00e9pm\u0171v\u00e9szeti M\u00fazeum bemutatja K\u00edna terrakotta hadsereg\u00e9t - kinaikaleidoszkop.hu","robots":{"index":"index","follow":"follow","max-snippet":"max-snippet:-1","max-image-preview":"max-image-preview:large","max-video-preview":"max-video-preview:-1"},"canonical":"https:\/\/pestcentrum.hu\/2025\/11\/28\/a-szepmuveszeti-muzeum-bemutatja-kina-terrakotta-hadsereget\/","og_locale":"hu_HU","og_type":"article","og_title":"A Sz\u00e9pm\u0171v\u00e9szeti M\u00fazeum bemutatja K\u00edna terrakotta hadsereg\u00e9t - kinaikaleidoszkop.hu","og_description":"A budapesti Sz\u00e9pm\u0171v\u00e9szeti M\u00fazeum november 27-\u00e9n nyitotta meg a Magyarorsz\u00e1gon valaha rendezett egyik legjelent\u0151sebb k\u00ednai kultur\u00e1lis ki\u00e1ll\u00edt\u00e1st, amely t\u00f6bb mint 150 \u0151si m\u0171t\u00e1rgyat mutat be a Qin- \u00e9s a Han-dinaszti\u00e1kb\u00f3l, k\u00f6zt\u00fck 10 eredeti terrakotta katon\u00e1t. A ki\u00e1ll\u00edt\u00e1s c\u00edme: \u201eAz \u00f6r\u00f6kl\u00e9t \u0151rei \u2013 Az els\u0151 k\u00ednai cs\u00e1sz\u00e1r agyagkaton\u00e1i\u201d, \u00e9s 2026. m\u00e1jus 25-ig lesz l\u00e1togathat\u00f3. Megnyit\u00f3 besz\u00e9d\u00e9ben [&hellip;]","og_url":"https:\/\/kinaikaleidoszkop.hu\/index.php\/2025\/11\/28\/a-szepmuveszeti-muzeum-bemutatja-kina-terrakotta-hadsereget\/","og_site_name":"kinaikaleidoszkop.hu","article_published_time":"2025-11-28T12:44:40+00:00","article_modified_time":"2025-11-28T13:36:48+00:00","og_image":[{"width":600,"height":399,"url":"https:\/\/kinaikaleidoszkop.hu\/wp-content\/uploads\/2025\/11\/unnamed-file-10.jpg","type":"image\/jpeg"}],"author":"Szerk_Erik","twitter_card":"summary_large_image","twitter_misc":{"Szerz\u0151:":"PestCentrum","Becs\u00fclt olvas\u00e1si id\u0151":"2 perc"},"schema":{"@context":"https:\/\/schema.org","@graph":[{"@type":"WebPage","@id":"https:\/\/kinaikaleidoszkop.hu\/index.php\/2025\/11\/28\/a-szepmuveszeti-muzeum-bemutatja-kina-terrakotta-hadsereget\/","url":"https:\/\/kinaikaleidoszkop.hu\/index.php\/2025\/11\/28\/a-szepmuveszeti-muzeum-bemutatja-kina-terrakotta-hadsereget\/","name":"A Sz\u00e9pm\u0171v\u00e9szeti M\u00fazeum bemutatja K\u00edna terrakotta hadsereg\u00e9t - kinaikaleidoszkop.hu","isPartOf":{"@id":"https:\/\/kinaikaleidoszkop.hu\/#website"},"primaryImageOfPage":{"@id":"https:\/\/kinaikaleidoszkop.hu\/index.php\/2025\/11\/28\/a-szepmuveszeti-muzeum-bemutatja-kina-terrakotta-hadsereget\/#primaryimage"},"image":{"@id":"https:\/\/kinaikaleidoszkop.hu\/index.php\/2025\/11\/28\/a-szepmuveszeti-muzeum-bemutatja-kina-terrakotta-hadsereget\/#primaryimage"},"thumbnailUrl":"https:\/\/kinaikaleidoszkop.hu\/wp-content\/uploads\/2025\/11\/unnamed-file-10.jpg","datePublished":"2025-11-28T12:44:40+00:00","dateModified":"2025-11-28T13:36:48+00:00","author":{"@id":"https:\/\/kinaikaleidoszkop.hu\/#\/schema\/person\/4d69b71e7e70322713b9d9287b610556"},"breadcrumb":{"@id":"https:\/\/kinaikaleidoszkop.hu\/index.php\/2025\/11\/28\/a-szepmuveszeti-muzeum-bemutatja-kina-terrakotta-hadsereget\/#breadcrumb"},"inLanguage":"hu","potentialAction":[{"@type":"ReadAction","target":["https:\/\/kinaikaleidoszkop.hu\/index.php\/2025\/11\/28\/a-szepmuveszeti-muzeum-bemutatja-kina-terrakotta-hadsereget\/"]}]},{"@type":"ImageObject","inLanguage":"hu","@id":"https:\/\/kinaikaleidoszkop.hu\/index.php\/2025\/11\/28\/a-szepmuveszeti-muzeum-bemutatja-kina-terrakotta-hadsereget\/#primaryimage","url":"https:\/\/kinaikaleidoszkop.hu\/wp-content\/uploads\/2025\/11\/unnamed-file-10.jpg","contentUrl":"https:\/\/kinaikaleidoszkop.hu\/wp-content\/uploads\/2025\/11\/unnamed-file-10.jpg","width":600,"height":399},{"@type":"BreadcrumbList","@id":"https:\/\/kinaikaleidoszkop.hu\/index.php\/2025\/11\/28\/a-szepmuveszeti-muzeum-bemutatja-kina-terrakotta-hadsereget\/#breadcrumb","itemListElement":[{"@type":"ListItem","position":1,"name":"Kezd\u0151lap","item":"https:\/\/kinaikaleidoszkop.hu\/"},{"@type":"ListItem","position":2,"name":"A Sz\u00e9pm\u0171v\u00e9szeti M\u00fazeum bemutatja K\u00edna terrakotta hadsereg\u00e9t"}]},{"@type":"WebSite","@id":"https:\/\/kinaikaleidoszkop.hu\/#website","url":"https:\/\/kinaikaleidoszkop.hu\/","name":"kinaikaleidoszkop.hu","description":"","potentialAction":[{"@type":"SearchAction","target":{"@type":"EntryPoint","urlTemplate":"https:\/\/kinaikaleidoszkop.hu\/?s={search_term_string}"},"query-input":{"@type":"PropertyValueSpecification","valueRequired":true,"valueName":"search_term_string"}}],"inLanguage":"hu"},{"@type":"Person","@id":"https:\/\/kinaikaleidoszkop.hu\/#\/schema\/person\/4d69b71e7e70322713b9d9287b610556","name":"Szerk_Erik","image":{"@type":"ImageObject","inLanguage":"hu","@id":"https:\/\/kinaikaleidoszkop.hu\/#\/schema\/person\/image\/","url":"https:\/\/secure.gravatar.com\/avatar\/3c1e909a14c0c91d2eaef877aaacb584c667f8e7137de69653aa9561fd0e8062?s=96&d=mm&r=g","contentUrl":"https:\/\/secure.gravatar.com\/avatar\/3c1e909a14c0c91d2eaef877aaacb584c667f8e7137de69653aa9561fd0e8062?s=96&d=mm&r=g","caption":"Szerk_Erik"},"url":"https:\/\/pestcentrum.hu"}]}},"views":99,"distributor_meta":false,"distributor_terms":false,"distributor_media":false,"distributor_original_site_name":"PestCentrum","distributor_original_site_url":"https:\/\/pestcentrum.hu","push-errors":false,"_links":{"self":[{"href":"https:\/\/kinaikaleidoszkop.hu\/index.php\/wp-json\/wp\/v2\/posts\/27654","targetHints":{"allow":["GET"]}}],"collection":[{"href":"https:\/\/kinaikaleidoszkop.hu\/index.php\/wp-json\/wp\/v2\/posts"}],"about":[{"href":"https:\/\/kinaikaleidoszkop.hu\/index.php\/wp-json\/wp\/v2\/types\/post"}],"author":[{"embeddable":true,"href":"https:\/\/kinaikaleidoszkop.hu\/index.php\/wp-json\/wp\/v2\/users\/7"}],"replies":[{"embeddable":true,"href":"https:\/\/kinaikaleidoszkop.hu\/index.php\/wp-json\/wp\/v2\/comments?post=27654"}],"version-history":[{"count":1,"href":"https:\/\/kinaikaleidoszkop.hu\/index.php\/wp-json\/wp\/v2\/posts\/27654\/revisions"}],"predecessor-version":[{"id":27658,"href":"https:\/\/kinaikaleidoszkop.hu\/index.php\/wp-json\/wp\/v2\/posts\/27654\/revisions\/27658"}],"wp:featuredmedia":[{"embeddable":true,"href":"https:\/\/kinaikaleidoszkop.hu\/index.php\/wp-json\/wp\/v2\/media\/27660"}],"wp:attachment":[{"href":"https:\/\/kinaikaleidoszkop.hu\/index.php\/wp-json\/wp\/v2\/media?parent=27654"}],"wp:term":[{"taxonomy":"category","embeddable":true,"href":"https:\/\/kinaikaleidoszkop.hu\/index.php\/wp-json\/wp\/v2\/categories?post=27654"},{"taxonomy":"post_tag","embeddable":true,"href":"https:\/\/kinaikaleidoszkop.hu\/index.php\/wp-json\/wp\/v2\/tags?post=27654"}],"curies":[{"name":"wp","href":"https:\/\/api.w.org\/{rel}","templated":true}]}}