{"id":27656,"date":"2025-11-28T13:51:55","date_gmt":"2025-11-28T12:51:55","guid":{"rendered":"https:\/\/kinaikaleidoszkop.hu\/index.php\/2025\/11\/28\/ulest-tartott-a-kinai-kommunista-part-kozponti-bizottsaganak-politikai-bizottsaga\/"},"modified":"2025-11-28T13:51:55","modified_gmt":"2025-11-28T12:51:55","slug":"ulest-tartott-a-kinai-kommunista-part-kozponti-bizottsaganak-politikai-bizottsaga","status":"publish","type":"post","link":"https:\/\/kinaikaleidoszkop.hu\/index.php\/2025\/11\/28\/ulest-tartott-a-kinai-kommunista-part-kozponti-bizottsaganak-politikai-bizottsaga\/","title":{"rendered":"\u00dcl\u00e9st tartott a K\u00ednai Kommunista P\u00e1rt K\u00f6zponti Bizotts\u00e1g\u00e1nak Politikai Bizotts\u00e1ga\u00a0"},"content":{"rendered":"\n<p><strong>November 28-\u00e1n \u00fcl\u00e9st tartott a K\u00ednai Kommunista P\u00e1rt K\u00f6zponti Bizotts\u00e1g\u00e1nak Politikai Bizotts\u00e1ga, amelyen fel\u00fclvizsg\u00e1lt\u00e1k a 20. K\u00f6zponti Bizotts\u00e1g \u00e1ltal k\u00e9sz\u00edtett, a tartom\u00e1nyok (auton\u00f3m r\u00e9gi\u00f3k \u00e9s a k\u00f6zponti korm\u00e1ny k\u00f6zvetlen fennhat\u00f3s\u00e1ga al\u00e1 tartoz\u00f3 v\u00e1rosok) k\u00f6zponti fegyelmi ellen\u0151rz\u0151 misszi\u00f3ir\u00f3l\u00a0sz\u00f3l\u00f3 \u00e1tfog\u00f3 jelent\u00e9st. Az \u00fcl\u00e9sen Hszi Csin-ping, a KKP K\u00f6zponti Bizotts\u00e1g\u00e1nak f\u0151titk\u00e1ra eln\u00f6k\u00f6lt.\u00a0<\/strong><\/p>\n\n\n\n<p>Az \u00fcl\u00e9sen meg\u00e1llap\u00edtott\u00e1k, hogy a KKP K\u00f6zponti Bizotts\u00e1ga, amelynek k\u00f6z\u00e9ppontj\u00e1ban Hszi Csin-ping elvt\u00e1rs \u00e1ll, nagy jelent\u0151s\u00e9get tulajdon\u00edt az ellen\u0151rz\u00e9si munk\u00e1nak, \u00e9s a KKP 20. kongresszusa \u00f3ta v\u00e9grehajtott fegyelmi ellen\u0151rz\u0151 misszi\u00f3k \u00f6t\u00f6dik \u00e9s hatodik fordul\u00f3j\u00e1t is elind\u00edtotta, az \u00f6sszes tartom\u00e1ny, auton\u00f3m r\u00e9gi\u00f3 \u00e9s v\u00e1ros teljes lefedetts\u00e9g\u00e9t el\u00e9rte.<\/p>\n\n\n\n<p>Az \u00fcl\u00e9sen meg\u00e1llap\u00edtott\u00e1k, hogy a tartom\u00e1nyok, auton\u00f3m r\u00e9gi\u00f3k \u00e9s v\u00e1rosok \u00faj el\u0151rel\u00e9p\u00e9seket \u00e9s eredm\u00e9nyeket \u00e9rtek el munk\u00e1jukban, de bizonyos k\u00e9rd\u00e9sek tov\u00e1bbra is megold\u00e1sra v\u00e1rnak, amelyeket politikai komolys\u00e1ggal kell kezelni \u00e9s szigorral kell megoldani.<\/p>\n\n\n\n<p>Az \u00fcl\u00e9sen hangs\u00falyozt\u00e1k, hogy az \u00f6sszes tartom\u00e1ny, auton\u00f3m r\u00e9gi\u00f3 \u00e9s v\u00e1ros p\u00e1rtbizotts\u00e1gainak alaposan tanulm\u00e1nyozniuk kell \u00e9s v\u00e9gre kell hajtaniuk Hszi Csin-ping ideol\u00f3gi\u00e1j\u00e1t \u201ea k\u00ednai modell\u0171 szocializmusr\u00f3l az \u00faj korszakban\u201d .<\/p>\n\n\n\n<p>Az \u00fcl\u00e9sen egy\u00e9b k\u00e9rd\u00e9seket is megvitattak.&nbsp;<\/p>\n\n\n\n<p><strong><em>(China Media Group)<\/em><\/strong><\/p>\n\n\n\n<p><strong>2025. november 28.<\/strong><\/p>\n\n\n\n<p><strong><em>(x)<\/em><\/strong><\/p>\n","protected":false},"excerpt":{"rendered":"<p>November 28-\u00e1n \u00fcl\u00e9st tartott a K\u00ednai Kommunista P\u00e1rt K\u00f6zponti Bizotts\u00e1g\u00e1nak Politikai Bizotts\u00e1ga, amelyen fel\u00fclvizsg\u00e1lt\u00e1k a 20. K\u00f6zponti Bizotts\u00e1g \u00e1ltal k\u00e9sz\u00edtett, a tartom\u00e1nyok (auton\u00f3m r\u00e9gi\u00f3k \u00e9s a k\u00f6zponti korm\u00e1ny k\u00f6zvetlen fennhat\u00f3s\u00e1ga al\u00e1 tartoz\u00f3 v\u00e1rosok) k\u00f6zponti fegyelmi ellen\u0151rz\u0151 misszi\u00f3ir\u00f3l\u00a0sz\u00f3l\u00f3 \u00e1tfog\u00f3 jelent\u00e9st. Az \u00fcl\u00e9sen Hszi Csin-ping, a KKP K\u00f6zponti Bizotts\u00e1g\u00e1nak f\u0151titk\u00e1ra eln\u00f6k\u00f6lt.\u00a0 Az \u00fcl\u00e9sen meg\u00e1llap\u00edtott\u00e1k, hogy a KKP [&hellip;]<\/p>\n","protected":false},"author":7,"featured_media":27657,"comment_status":"","ping_status":"","sticky":false,"template":"","format":"standard","meta":{"footnotes":""},"categories":[4797],"tags":[2075,305,4662,3696,475,828,705],"class_list":["post-27656","post","type-post","status-publish","format-standard","has-post-thumbnail","hentry","category-egyeb-hirek","tag-bizottsag","tag-hszi-csin-ping","tag-ideologia","tag-kina","tag-megbeszeles","tag-tarsadalom","tag-ules"],"yoast_head":"<!-- This site is optimized with the Yoast SEO plugin v23.7 - https:\/\/yoast.com\/wordpress\/plugins\/seo\/ -->\n<title>\u00dcl\u00e9st tartott a K\u00ednai Kommunista P\u00e1rt K\u00f6zponti Bizotts\u00e1g\u00e1nak Politikai Bizotts\u00e1ga\u00a0 - kinaikaleidoszkop.hu<\/title>\n<meta name=\"robots\" content=\"index, follow, max-snippet:-1, max-image-preview:large, max-video-preview:-1\" \/>\n<link rel=\"canonical\" href=\"https:\/\/pestcentrum.hu\/2025\/11\/28\/ulest-tartott-a-kinai-kommunista-part-kozponti-bizottsaganak-politikai-bizottsaga\/\" \/>\n<meta property=\"og:locale\" content=\"hu_HU\" \/>\n<meta property=\"og:type\" content=\"article\" \/>\n<meta property=\"og:title\" content=\"\u00dcl\u00e9st tartott a K\u00ednai Kommunista P\u00e1rt K\u00f6zponti Bizotts\u00e1g\u00e1nak Politikai Bizotts\u00e1ga\u00a0 - kinaikaleidoszkop.hu\" \/>\n<meta property=\"og:description\" content=\"November 28-\u00e1n \u00fcl\u00e9st tartott a K\u00ednai Kommunista P\u00e1rt K\u00f6zponti Bizotts\u00e1g\u00e1nak Politikai Bizotts\u00e1ga, amelyen fel\u00fclvizsg\u00e1lt\u00e1k a 20. K\u00f6zponti Bizotts\u00e1g \u00e1ltal k\u00e9sz\u00edtett, a tartom\u00e1nyok (auton\u00f3m r\u00e9gi\u00f3k \u00e9s a k\u00f6zponti korm\u00e1ny k\u00f6zvetlen fennhat\u00f3s\u00e1ga al\u00e1 tartoz\u00f3 v\u00e1rosok) k\u00f6zponti fegyelmi ellen\u0151rz\u0151 misszi\u00f3ir\u00f3l\u00a0sz\u00f3l\u00f3 \u00e1tfog\u00f3 jelent\u00e9st. Az \u00fcl\u00e9sen Hszi Csin-ping, a KKP K\u00f6zponti Bizotts\u00e1g\u00e1nak f\u0151titk\u00e1ra eln\u00f6k\u00f6lt.\u00a0 Az \u00fcl\u00e9sen meg\u00e1llap\u00edtott\u00e1k, hogy a KKP [&hellip;]\" \/>\n<meta property=\"og:url\" content=\"https:\/\/kinaikaleidoszkop.hu\/index.php\/2025\/11\/28\/ulest-tartott-a-kinai-kommunista-part-kozponti-bizottsaganak-politikai-bizottsaga\/\" \/>\n<meta property=\"og:site_name\" content=\"kinaikaleidoszkop.hu\" \/>\n<meta property=\"article:published_time\" content=\"2025-11-28T12:51:55+00:00\" \/>\n<meta property=\"og:image\" content=\"https:\/\/kinaikaleidoszkop.hu\/wp-content\/uploads\/2025\/11\/Flag_of_the_Peoples_Republic_of_China_16-9-1.png\" \/>\n\t<meta property=\"og:image:width\" content=\"1920\" \/>\n\t<meta property=\"og:image:height\" content=\"1080\" \/>\n\t<meta property=\"og:image:type\" content=\"image\/png\" \/>\n<meta name=\"author\" content=\"Szerk_Erik\" \/>\n<meta name=\"twitter:card\" content=\"summary_large_image\" \/>\n<meta name=\"twitter:label1\" content=\"Szerz\u0151:\" \/>\n\t<meta name=\"twitter:data1\" content=\"PestCentrum\" \/>\n\t<meta name=\"twitter:label2\" content=\"Becs\u00fclt olvas\u00e1si id\u0151\" \/>\n\t<meta name=\"twitter:data2\" content=\"2 perc\" \/>\n<script type=\"application\/ld+json\" class=\"yoast-schema-graph\">{\"@context\":\"https:\/\/schema.org\",\"@graph\":[{\"@type\":\"WebPage\",\"@id\":\"https:\/\/kinaikaleidoszkop.hu\/index.php\/2025\/11\/28\/ulest-tartott-a-kinai-kommunista-part-kozponti-bizottsaganak-politikai-bizottsaga\/\",\"url\":\"https:\/\/kinaikaleidoszkop.hu\/index.php\/2025\/11\/28\/ulest-tartott-a-kinai-kommunista-part-kozponti-bizottsaganak-politikai-bizottsaga\/\",\"name\":\"\u00dcl\u00e9st tartott a K\u00ednai Kommunista P\u00e1rt K\u00f6zponti Bizotts\u00e1g\u00e1nak Politikai Bizotts\u00e1ga\u00a0 - kinaikaleidoszkop.hu\",\"isPartOf\":{\"@id\":\"https:\/\/kinaikaleidoszkop.hu\/#website\"},\"primaryImageOfPage\":{\"@id\":\"https:\/\/kinaikaleidoszkop.hu\/index.php\/2025\/11\/28\/ulest-tartott-a-kinai-kommunista-part-kozponti-bizottsaganak-politikai-bizottsaga\/#primaryimage\"},\"image\":{\"@id\":\"https:\/\/kinaikaleidoszkop.hu\/index.php\/2025\/11\/28\/ulest-tartott-a-kinai-kommunista-part-kozponti-bizottsaganak-politikai-bizottsaga\/#primaryimage\"},\"thumbnailUrl\":\"https:\/\/kinaikaleidoszkop.hu\/wp-content\/uploads\/2025\/11\/Flag_of_the_Peoples_Republic_of_China_16-9-1.png\",\"datePublished\":\"2025-11-28T12:51:55+00:00\",\"dateModified\":\"2025-11-28T12:51:55+00:00\",\"author\":{\"@id\":\"https:\/\/kinaikaleidoszkop.hu\/#\/schema\/person\/4d69b71e7e70322713b9d9287b610556\"},\"breadcrumb\":{\"@id\":\"https:\/\/kinaikaleidoszkop.hu\/index.php\/2025\/11\/28\/ulest-tartott-a-kinai-kommunista-part-kozponti-bizottsaganak-politikai-bizottsaga\/#breadcrumb\"},\"inLanguage\":\"hu\",\"potentialAction\":[{\"@type\":\"ReadAction\",\"target\":[\"https:\/\/kinaikaleidoszkop.hu\/index.php\/2025\/11\/28\/ulest-tartott-a-kinai-kommunista-part-kozponti-bizottsaganak-politikai-bizottsaga\/\"]}]},{\"@type\":\"ImageObject\",\"inLanguage\":\"hu\",\"@id\":\"https:\/\/kinaikaleidoszkop.hu\/index.php\/2025\/11\/28\/ulest-tartott-a-kinai-kommunista-part-kozponti-bizottsaganak-politikai-bizottsaga\/#primaryimage\",\"url\":\"https:\/\/kinaikaleidoszkop.hu\/wp-content\/uploads\/2025\/11\/Flag_of_the_Peoples_Republic_of_China_16-9-1.png\",\"contentUrl\":\"https:\/\/kinaikaleidoszkop.hu\/wp-content\/uploads\/2025\/11\/Flag_of_the_Peoples_Republic_of_China_16-9-1.png\",\"width\":1920,\"height\":1080},{\"@type\":\"BreadcrumbList\",\"@id\":\"https:\/\/kinaikaleidoszkop.hu\/index.php\/2025\/11\/28\/ulest-tartott-a-kinai-kommunista-part-kozponti-bizottsaganak-politikai-bizottsaga\/#breadcrumb\",\"itemListElement\":[{\"@type\":\"ListItem\",\"position\":1,\"name\":\"Kezd\u0151lap\",\"item\":\"https:\/\/kinaikaleidoszkop.hu\/\"},{\"@type\":\"ListItem\",\"position\":2,\"name\":\"\u00dcl\u00e9st tartott a K\u00ednai Kommunista P\u00e1rt K\u00f6zponti Bizotts\u00e1g\u00e1nak Politikai Bizotts\u00e1ga\u00a0\"}]},{\"@type\":\"WebSite\",\"@id\":\"https:\/\/kinaikaleidoszkop.hu\/#website\",\"url\":\"https:\/\/kinaikaleidoszkop.hu\/\",\"name\":\"kinaikaleidoszkop.hu\",\"description\":\"\",\"potentialAction\":[{\"@type\":\"SearchAction\",\"target\":{\"@type\":\"EntryPoint\",\"urlTemplate\":\"https:\/\/kinaikaleidoszkop.hu\/?s={search_term_string}\"},\"query-input\":{\"@type\":\"PropertyValueSpecification\",\"valueRequired\":true,\"valueName\":\"search_term_string\"}}],\"inLanguage\":\"hu\"},{\"@type\":\"Person\",\"@id\":\"https:\/\/kinaikaleidoszkop.hu\/#\/schema\/person\/4d69b71e7e70322713b9d9287b610556\",\"name\":\"Szerk_Erik\",\"image\":{\"@type\":\"ImageObject\",\"inLanguage\":\"hu\",\"@id\":\"https:\/\/kinaikaleidoszkop.hu\/#\/schema\/person\/image\/\",\"url\":\"https:\/\/secure.gravatar.com\/avatar\/3c1e909a14c0c91d2eaef877aaacb584c667f8e7137de69653aa9561fd0e8062?s=96&d=mm&r=g\",\"contentUrl\":\"https:\/\/secure.gravatar.com\/avatar\/3c1e909a14c0c91d2eaef877aaacb584c667f8e7137de69653aa9561fd0e8062?s=96&d=mm&r=g\",\"caption\":\"Szerk_Erik\"},\"url\":\"https:\/\/pestcentrum.hu\"}]}<\/script>\n<!-- \/ Yoast SEO plugin. -->","yoast_head_json":{"title":"\u00dcl\u00e9st tartott a K\u00ednai Kommunista P\u00e1rt K\u00f6zponti Bizotts\u00e1g\u00e1nak Politikai Bizotts\u00e1ga\u00a0 - kinaikaleidoszkop.hu","robots":{"index":"index","follow":"follow","max-snippet":"max-snippet:-1","max-image-preview":"max-image-preview:large","max-video-preview":"max-video-preview:-1"},"canonical":"https:\/\/pestcentrum.hu\/2025\/11\/28\/ulest-tartott-a-kinai-kommunista-part-kozponti-bizottsaganak-politikai-bizottsaga\/","og_locale":"hu_HU","og_type":"article","og_title":"\u00dcl\u00e9st tartott a K\u00ednai Kommunista P\u00e1rt K\u00f6zponti Bizotts\u00e1g\u00e1nak Politikai Bizotts\u00e1ga\u00a0 - kinaikaleidoszkop.hu","og_description":"November 28-\u00e1n \u00fcl\u00e9st tartott a K\u00ednai Kommunista P\u00e1rt K\u00f6zponti Bizotts\u00e1g\u00e1nak Politikai Bizotts\u00e1ga, amelyen fel\u00fclvizsg\u00e1lt\u00e1k a 20. K\u00f6zponti Bizotts\u00e1g \u00e1ltal k\u00e9sz\u00edtett, a tartom\u00e1nyok (auton\u00f3m r\u00e9gi\u00f3k \u00e9s a k\u00f6zponti korm\u00e1ny k\u00f6zvetlen fennhat\u00f3s\u00e1ga al\u00e1 tartoz\u00f3 v\u00e1rosok) k\u00f6zponti fegyelmi ellen\u0151rz\u0151 misszi\u00f3ir\u00f3l\u00a0sz\u00f3l\u00f3 \u00e1tfog\u00f3 jelent\u00e9st. Az \u00fcl\u00e9sen Hszi Csin-ping, a KKP K\u00f6zponti Bizotts\u00e1g\u00e1nak f\u0151titk\u00e1ra eln\u00f6k\u00f6lt.\u00a0 Az \u00fcl\u00e9sen meg\u00e1llap\u00edtott\u00e1k, hogy a KKP [&hellip;]","og_url":"https:\/\/kinaikaleidoszkop.hu\/index.php\/2025\/11\/28\/ulest-tartott-a-kinai-kommunista-part-kozponti-bizottsaganak-politikai-bizottsaga\/","og_site_name":"kinaikaleidoszkop.hu","article_published_time":"2025-11-28T12:51:55+00:00","og_image":[{"width":1920,"height":1080,"url":"https:\/\/kinaikaleidoszkop.hu\/wp-content\/uploads\/2025\/11\/Flag_of_the_Peoples_Republic_of_China_16-9-1.png","type":"image\/png"}],"author":"Szerk_Erik","twitter_card":"summary_large_image","twitter_misc":{"Szerz\u0151:":"PestCentrum","Becs\u00fclt olvas\u00e1si id\u0151":"2 perc"},"schema":{"@context":"https:\/\/schema.org","@graph":[{"@type":"WebPage","@id":"https:\/\/kinaikaleidoszkop.hu\/index.php\/2025\/11\/28\/ulest-tartott-a-kinai-kommunista-part-kozponti-bizottsaganak-politikai-bizottsaga\/","url":"https:\/\/kinaikaleidoszkop.hu\/index.php\/2025\/11\/28\/ulest-tartott-a-kinai-kommunista-part-kozponti-bizottsaganak-politikai-bizottsaga\/","name":"\u00dcl\u00e9st tartott a K\u00ednai Kommunista P\u00e1rt K\u00f6zponti Bizotts\u00e1g\u00e1nak Politikai Bizotts\u00e1ga\u00a0 - kinaikaleidoszkop.hu","isPartOf":{"@id":"https:\/\/kinaikaleidoszkop.hu\/#website"},"primaryImageOfPage":{"@id":"https:\/\/kinaikaleidoszkop.hu\/index.php\/2025\/11\/28\/ulest-tartott-a-kinai-kommunista-part-kozponti-bizottsaganak-politikai-bizottsaga\/#primaryimage"},"image":{"@id":"https:\/\/kinaikaleidoszkop.hu\/index.php\/2025\/11\/28\/ulest-tartott-a-kinai-kommunista-part-kozponti-bizottsaganak-politikai-bizottsaga\/#primaryimage"},"thumbnailUrl":"https:\/\/kinaikaleidoszkop.hu\/wp-content\/uploads\/2025\/11\/Flag_of_the_Peoples_Republic_of_China_16-9-1.png","datePublished":"2025-11-28T12:51:55+00:00","dateModified":"2025-11-28T12:51:55+00:00","author":{"@id":"https:\/\/kinaikaleidoszkop.hu\/#\/schema\/person\/4d69b71e7e70322713b9d9287b610556"},"breadcrumb":{"@id":"https:\/\/kinaikaleidoszkop.hu\/index.php\/2025\/11\/28\/ulest-tartott-a-kinai-kommunista-part-kozponti-bizottsaganak-politikai-bizottsaga\/#breadcrumb"},"inLanguage":"hu","potentialAction":[{"@type":"ReadAction","target":["https:\/\/kinaikaleidoszkop.hu\/index.php\/2025\/11\/28\/ulest-tartott-a-kinai-kommunista-part-kozponti-bizottsaganak-politikai-bizottsaga\/"]}]},{"@type":"ImageObject","inLanguage":"hu","@id":"https:\/\/kinaikaleidoszkop.hu\/index.php\/2025\/11\/28\/ulest-tartott-a-kinai-kommunista-part-kozponti-bizottsaganak-politikai-bizottsaga\/#primaryimage","url":"https:\/\/kinaikaleidoszkop.hu\/wp-content\/uploads\/2025\/11\/Flag_of_the_Peoples_Republic_of_China_16-9-1.png","contentUrl":"https:\/\/kinaikaleidoszkop.hu\/wp-content\/uploads\/2025\/11\/Flag_of_the_Peoples_Republic_of_China_16-9-1.png","width":1920,"height":1080},{"@type":"BreadcrumbList","@id":"https:\/\/kinaikaleidoszkop.hu\/index.php\/2025\/11\/28\/ulest-tartott-a-kinai-kommunista-part-kozponti-bizottsaganak-politikai-bizottsaga\/#breadcrumb","itemListElement":[{"@type":"ListItem","position":1,"name":"Kezd\u0151lap","item":"https:\/\/kinaikaleidoszkop.hu\/"},{"@type":"ListItem","position":2,"name":"\u00dcl\u00e9st tartott a K\u00ednai Kommunista P\u00e1rt K\u00f6zponti Bizotts\u00e1g\u00e1nak Politikai Bizotts\u00e1ga\u00a0"}]},{"@type":"WebSite","@id":"https:\/\/kinaikaleidoszkop.hu\/#website","url":"https:\/\/kinaikaleidoszkop.hu\/","name":"kinaikaleidoszkop.hu","description":"","potentialAction":[{"@type":"SearchAction","target":{"@type":"EntryPoint","urlTemplate":"https:\/\/kinaikaleidoszkop.hu\/?s={search_term_string}"},"query-input":{"@type":"PropertyValueSpecification","valueRequired":true,"valueName":"search_term_string"}}],"inLanguage":"hu"},{"@type":"Person","@id":"https:\/\/kinaikaleidoszkop.hu\/#\/schema\/person\/4d69b71e7e70322713b9d9287b610556","name":"Szerk_Erik","image":{"@type":"ImageObject","inLanguage":"hu","@id":"https:\/\/kinaikaleidoszkop.hu\/#\/schema\/person\/image\/","url":"https:\/\/secure.gravatar.com\/avatar\/3c1e909a14c0c91d2eaef877aaacb584c667f8e7137de69653aa9561fd0e8062?s=96&d=mm&r=g","contentUrl":"https:\/\/secure.gravatar.com\/avatar\/3c1e909a14c0c91d2eaef877aaacb584c667f8e7137de69653aa9561fd0e8062?s=96&d=mm&r=g","caption":"Szerk_Erik"},"url":"https:\/\/pestcentrum.hu"}]}},"views":82,"distributor_meta":false,"distributor_terms":false,"distributor_media":false,"distributor_original_site_name":"PestCentrum","distributor_original_site_url":"https:\/\/pestcentrum.hu","push-errors":false,"_links":{"self":[{"href":"https:\/\/kinaikaleidoszkop.hu\/index.php\/wp-json\/wp\/v2\/posts\/27656","targetHints":{"allow":["GET"]}}],"collection":[{"href":"https:\/\/kinaikaleidoszkop.hu\/index.php\/wp-json\/wp\/v2\/posts"}],"about":[{"href":"https:\/\/kinaikaleidoszkop.hu\/index.php\/wp-json\/wp\/v2\/types\/post"}],"author":[{"embeddable":true,"href":"https:\/\/kinaikaleidoszkop.hu\/index.php\/wp-json\/wp\/v2\/users\/7"}],"replies":[{"embeddable":true,"href":"https:\/\/kinaikaleidoszkop.hu\/index.php\/wp-json\/wp\/v2\/comments?post=27656"}],"version-history":[{"count":0,"href":"https:\/\/kinaikaleidoszkop.hu\/index.php\/wp-json\/wp\/v2\/posts\/27656\/revisions"}],"wp:featuredmedia":[{"embeddable":true,"href":"https:\/\/kinaikaleidoszkop.hu\/index.php\/wp-json\/wp\/v2\/media\/27657"}],"wp:attachment":[{"href":"https:\/\/kinaikaleidoszkop.hu\/index.php\/wp-json\/wp\/v2\/media?parent=27656"}],"wp:term":[{"taxonomy":"category","embeddable":true,"href":"https:\/\/kinaikaleidoszkop.hu\/index.php\/wp-json\/wp\/v2\/categories?post=27656"},{"taxonomy":"post_tag","embeddable":true,"href":"https:\/\/kinaikaleidoszkop.hu\/index.php\/wp-json\/wp\/v2\/tags?post=27656"}],"curies":[{"name":"wp","href":"https:\/\/api.w.org\/{rel}","templated":true}]}}