{"id":27714,"date":"2025-12-04T14:30:42","date_gmt":"2025-12-04T13:30:42","guid":{"rendered":"https:\/\/kinaikaleidoszkop.hu\/index.php\/2025\/12\/04\/hszi-csin-ping-pekingben-targyalt-emmanuel-macron-francia-elnokkel\/"},"modified":"2025-12-15T13:12:07","modified_gmt":"2025-12-15T12:12:07","slug":"hszi-csin-ping-pekingben-targyalt-emmanuel-macron-francia-elnokkel","status":"publish","type":"post","link":"https:\/\/kinaikaleidoszkop.hu\/index.php\/2025\/12\/04\/hszi-csin-ping-pekingben-targyalt-emmanuel-macron-francia-elnokkel\/","title":{"rendered":"Hszi Csin-ping Pekingben t\u00e1rgyalt Emmanuel Macron francia eln\u00f6kkel"},"content":{"rendered":"\n<p><strong>Hszi Csin-ping k\u00ednai \u00e1llameln\u00f6k december 4-\u00e9n Pekingben megbesz\u00e9l\u00e9st folytatott a K\u00edn\u00e1ba \u00e1llami l\u00e1togat\u00e1sra \u00e9rkezett Emmanuel Macron francia eln\u00f6kkel.<\/strong><\/p>\n\n\n<div class=\"wp-block-image\">\n<figure class=\"aligncenter size-full\"><img decoding=\"async\" src=\"https:\/\/pestcentrum.hu\/wp-content\/uploads\/2025\/12\/1204CMGHszi-Csin-ping-Pekingben-targyalt-Emmanuel-Macron-francia-elnokkel.jpg\" alt=\"\" class=\"wp-image-41168\"\/><\/figure>\n<\/div>\n\n\n<p>Hszi Csin-ping hangs\u00falyozta, hogy K\u00edna \u00e9s Franciaorsz\u00e1g k\u00e9t, strat\u00e9giai \u00f6n\u00e1ll\u00f3s\u00e1ggal rendelkez\u0151 nagyhatalom, amelyek fontos szerepet j\u00e1tszanak a multipol\u00e1ris vil\u00e1g \u00e9s a nemzetk\u00f6zi egy\u00fcttm\u0171k\u00f6d\u00e9sek el\u0151mozd\u00edt\u00e1s\u00e1ban. A k\u00e9t orsz\u00e1gnak a jelenlegi bizonytalan nemzetk\u00f6zi helyzetben m\u00e9g ink\u00e1bb felel\u0151ss\u00e9gteljesen kell egy\u00fcttm\u0171k\u00f6dnie, er\u0151s\u00edtve a p\u00e1rbesz\u00e9det \u00e9s a nyitott egy\u00fcttm\u0171k\u00f6d\u00e9st, mondta Hszi.<\/p>\n\n\n\n<p>Hszi Csin-ping szerint K\u00edna k\u00e9sz b\u0151v\u00edteni a Franciaorsz\u00e1gb\u00f3l \u00e9rkez\u0151 min\u0151s\u00e9gi importot, \u00e9s \u00fcdv\u00f6zli a francia v\u00e1llalatok k\u00ednai jelenl\u00e9t\u00e9t, ugyanakkor rem\u00e9li, hogy Franciaorsz\u00e1g is tisztess\u00e9ges \u00e9s kisz\u00e1m\u00edthat\u00f3 k\u00f6rnyezetet biztos\u00edt a k\u00ednai c\u00e9geknek.<\/p>\n\n\n\n<p>A k\u00ednai \u00e1llameln\u00f6k kiemelte, hogy a k\u00e9t orsz\u00e1g \u00faj ter\u00fcleteken is nagy lehet\u0151s\u00e9geket l\u00e1t, p\u00e9ld\u00e1ul a z\u00f6ld \u00e9s digit\u00e1lis gazdas\u00e1gban, a mesters\u00e9ges intelligenci\u00e1ban \u00e9s a biogy\u00f3gy\u00e1szatban. Besz\u00e9lt arr\u00f3l is, hogy a kultur\u00e1lis, oktat\u00e1si \u00e9s tudom\u00e1nyos cserekapcsolatok tov\u00e1bb er\u0151s\u00edtik a k\u00e9t n\u00e9p k\u00f6z\u00f6tti term\u00e9szetes k\u00f6zels\u00e9get.<\/p>\n\n\n\n<p>Hszi Csin-ping a glob\u00e1lis helyzetre utalva r\u00e1mutatott: K\u00edn\u00e1nak \u00e9s Franciaorsz\u00e1gnak, mint az ENSZ BT \u00e1lland\u00f3 tagjainak k\u00f6z\u00f6sen kell t\u00e1mogatniuk a val\u00f3di multilateralizmust \u00e9s a b\u00e9k\u00e9s konfliktusrendez\u00e9st. A protekcionizmus nem jelent kiutat, \u00e9s Eur\u00f3p\u00e1nak K\u00edn\u00e1val egy\u00fcttm\u0171k\u00f6dve, nem pedig \u201elev\u00e1l\u00e1ssal\u201d kell kezelnie saj\u00e1t gazdas\u00e1gi kih\u00edv\u00e1sait, hangs\u00falyozta Hszi Csin-ping.<\/p>\n\n\n\n<p>Macron a t\u00e1rgyal\u00e1son kijelentette, hogy Franciaorsz\u00e1g nagyra \u00e9rt\u00e9keli a K\u00edn\u00e1val folytatott magas szint\u0171 p\u00e1rbesz\u00e9det, \u00e9s tov\u00e1bbra is elk\u00f6telezett az \u201eegy K\u00edna\u201d elv mellett. Macron elmondta, hogy Franciaorsz\u00e1g nyitott a k\u00ednai v\u00e1llalatok befektet\u00e9sei el\u0151tt, \u00e9s k\u00e9sz er\u0151s\u00edteni az egy\u00fcttm\u0171k\u00f6d\u00e9seket a gazdas\u00e1g, a meg\u00fajul\u00f3 energia \u00e9s a kultur\u00e1lis kapcsolatok ter\u00fclet\u00e9n.<\/p>\n\n\n\n<p>Macron szerint Eur\u00f3p\u00e1nak strat\u00e9giai auton\u00f3mi\u00e1ra kell t\u00f6rekednie, \u00e9s az EU\u2013K\u00edna kapcsolatokat p\u00e1rbesz\u00e9dre \u00e9s egy\u00fcttm\u0171k\u00f6d\u00e9sre kell \u00e9p\u00edteni.<\/p>\n\n\n\n<p>A k\u00e9t vezet\u0151 megvitatta az ukrajnai v\u00e1ls\u00e1got, \u00e9s Hszi Csin-ping meger\u0151s\u00edtette, hogy K\u00edna t\u00e1mogatja, hogy az eur\u00f3pai orsz\u00e1gok bet\u00f6lts\u00e9k a megfelel\u0151 szerep\u00fcket, \u00e9s hozz\u00e1j\u00e1ruljanak egy kiegyens\u00falyozott, hat\u00e9kony \u00e9s fenntarthat\u00f3 eur\u00f3pai biztons\u00e1gi architekt\u00fara kialak\u00edt\u00e1s\u00e1hoz.<\/p>\n\n\n\n<p>A t\u00e1rgyal\u00e1s ut\u00e1n a k\u00e9t eln\u00f6k az atomenergia-iparra, mez\u0151gazdas\u00e1gra, oktat\u00e1sra \u00e9s k\u00f6rnyezetv\u00e9delemre vonatkoz\u00f3 t\u00f6bb egy\u00fcttm\u0171k\u00f6d\u00e9si dokumentum al\u00e1\u00edr\u00e1s\u00e1nak is tan\u00faja volt.<\/p>\n\n\n\n<p>Hszi Csin-ping \u00e9s feles\u00e9ge, Peng Liyuan a t\u00e1rgyal\u00e1s el\u0151tt \u00fcnnep\u00e9lyes fogad\u00e1si cerem\u00f3ni\u00e1t tartottak Macron \u00e9s feles\u00e9ge, Brigitte Macron sz\u00e1m\u00e1ra.<\/p>\n\n\n\n<p>A hivatalos program r\u00e9szek\u00e9nt katonai d\u00edszszeml\u00e9re, a himnuszok elj\u00e1tsz\u00e1s\u00e1ra \u00e9s 21 d\u00edszl\u00f6v\u00e9sre is sor ker\u00fclt, majd a vend\u00e9gek tisztelet\u00e9re d\u00edszeb\u00e9det is adtak.<\/p>\n\n\n\n<p><strong><em>2025. 12. 04.<\/em><\/strong><\/p>\n\n\n\n<p><strong>(Wang Yuzhe \u2013 China Media Group)<\/strong><\/p>\n\n\n\n<p><strong><em>(x)<\/em><\/strong><\/p>\n","protected":false},"excerpt":{"rendered":"<p>Hszi Csin-ping k\u00ednai \u00e1llameln\u00f6k december 4-\u00e9n Pekingben megbesz\u00e9l\u00e9st folytatott a K\u00edn\u00e1ba \u00e1llami l\u00e1togat\u00e1sra \u00e9rkezett Emmanuel Macron francia eln\u00f6kkel. Hszi Csin-ping hangs\u00falyozta, hogy K\u00edna \u00e9s Franciaorsz\u00e1g k\u00e9t, strat\u00e9giai \u00f6n\u00e1ll\u00f3s\u00e1ggal rendelkez\u0151 nagyhatalom, amelyek fontos szerepet j\u00e1tszanak a multipol\u00e1ris vil\u00e1g \u00e9s a nemzetk\u00f6zi egy\u00fcttm\u0171k\u00f6d\u00e9sek el\u0151mozd\u00edt\u00e1s\u00e1ban. A k\u00e9t orsz\u00e1gnak a jelenlegi bizonytalan nemzetk\u00f6zi helyzetben m\u00e9g ink\u00e1bb felel\u0151ss\u00e9gteljesen kell egy\u00fcttm\u0171k\u00f6dnie, [&hellip;]<\/p>\n","protected":false},"author":7,"featured_media":27852,"comment_status":"closed","ping_status":"","sticky":false,"template":"","format":"standard","meta":{"footnotes":""},"categories":[4797],"tags":[679,1714,1134,305,3696,326],"class_list":["post-27714","post","type-post","status-publish","format-standard","has-post-thumbnail","hentry","category-egyeb-hirek","tag-emmanuel-macron","tag-francia-elnok","tag-franciaorszag","tag-hszi-csin-ping","tag-kina","tag-kinai-allamelnok"],"yoast_head":"<!-- This site is optimized with the Yoast SEO plugin v23.7 - https:\/\/yoast.com\/wordpress\/plugins\/seo\/ -->\n<title>Hszi Csin-ping Pekingben t\u00e1rgyalt Emmanuel Macron francia eln\u00f6kkel - kinaikaleidoszkop.hu<\/title>\n<meta name=\"robots\" content=\"index, follow, max-snippet:-1, max-image-preview:large, max-video-preview:-1\" \/>\n<link rel=\"canonical\" href=\"https:\/\/pestcentrum.hu\/2025\/12\/04\/hszi-csin-ping-pekingben-targyalt-emmanuel-macron-francia-elnokkel\/\" \/>\n<meta property=\"og:locale\" content=\"hu_HU\" \/>\n<meta property=\"og:type\" content=\"article\" \/>\n<meta property=\"og:title\" content=\"Hszi Csin-ping Pekingben t\u00e1rgyalt Emmanuel Macron francia eln\u00f6kkel - kinaikaleidoszkop.hu\" \/>\n<meta property=\"og:description\" content=\"Hszi Csin-ping k\u00ednai \u00e1llameln\u00f6k december 4-\u00e9n Pekingben megbesz\u00e9l\u00e9st folytatott a K\u00edn\u00e1ba \u00e1llami l\u00e1togat\u00e1sra \u00e9rkezett Emmanuel Macron francia eln\u00f6kkel. Hszi Csin-ping hangs\u00falyozta, hogy K\u00edna \u00e9s Franciaorsz\u00e1g k\u00e9t, strat\u00e9giai \u00f6n\u00e1ll\u00f3s\u00e1ggal rendelkez\u0151 nagyhatalom, amelyek fontos szerepet j\u00e1tszanak a multipol\u00e1ris vil\u00e1g \u00e9s a nemzetk\u00f6zi egy\u00fcttm\u0171k\u00f6d\u00e9sek el\u0151mozd\u00edt\u00e1s\u00e1ban. A k\u00e9t orsz\u00e1gnak a jelenlegi bizonytalan nemzetk\u00f6zi helyzetben m\u00e9g ink\u00e1bb felel\u0151ss\u00e9gteljesen kell egy\u00fcttm\u0171k\u00f6dnie, [&hellip;]\" \/>\n<meta property=\"og:url\" content=\"https:\/\/kinaikaleidoszkop.hu\/index.php\/2025\/12\/04\/hszi-csin-ping-pekingben-targyalt-emmanuel-macron-francia-elnokkel\/\" \/>\n<meta property=\"og:site_name\" content=\"kinaikaleidoszkop.hu\" \/>\n<meta property=\"article:published_time\" content=\"2025-12-04T13:30:42+00:00\" \/>\n<meta property=\"article:modified_time\" content=\"2025-12-15T12:12:07+00:00\" \/>\n<meta property=\"og:image\" content=\"https:\/\/kinaikaleidoszkop.hu\/wp-content\/uploads\/2025\/12\/1204CMGHszi-Csin-ping-Pekingben-targyalt-Emmanuel-Macron-francia-elnokkel.jpg\" \/>\n\t<meta property=\"og:image:width\" content=\"900\" \/>\n\t<meta property=\"og:image:height\" content=\"636\" \/>\n\t<meta property=\"og:image:type\" content=\"image\/jpeg\" \/>\n<meta name=\"author\" content=\"Szerk_Erik\" \/>\n<meta name=\"twitter:card\" content=\"summary_large_image\" \/>\n<meta name=\"twitter:label1\" content=\"Szerz\u0151:\" \/>\n\t<meta name=\"twitter:data1\" content=\"PestCentrum\" \/>\n\t<meta name=\"twitter:label2\" content=\"Becs\u00fclt olvas\u00e1si id\u0151\" \/>\n\t<meta name=\"twitter:data2\" content=\"3 perc\" \/>\n<script type=\"application\/ld+json\" class=\"yoast-schema-graph\">{\"@context\":\"https:\/\/schema.org\",\"@graph\":[{\"@type\":\"WebPage\",\"@id\":\"https:\/\/kinaikaleidoszkop.hu\/index.php\/2025\/12\/04\/hszi-csin-ping-pekingben-targyalt-emmanuel-macron-francia-elnokkel\/\",\"url\":\"https:\/\/kinaikaleidoszkop.hu\/index.php\/2025\/12\/04\/hszi-csin-ping-pekingben-targyalt-emmanuel-macron-francia-elnokkel\/\",\"name\":\"Hszi Csin-ping Pekingben t\u00e1rgyalt Emmanuel Macron francia eln\u00f6kkel - kinaikaleidoszkop.hu\",\"isPartOf\":{\"@id\":\"https:\/\/kinaikaleidoszkop.hu\/#website\"},\"primaryImageOfPage\":{\"@id\":\"https:\/\/kinaikaleidoszkop.hu\/index.php\/2025\/12\/04\/hszi-csin-ping-pekingben-targyalt-emmanuel-macron-francia-elnokkel\/#primaryimage\"},\"image\":{\"@id\":\"https:\/\/kinaikaleidoszkop.hu\/index.php\/2025\/12\/04\/hszi-csin-ping-pekingben-targyalt-emmanuel-macron-francia-elnokkel\/#primaryimage\"},\"thumbnailUrl\":\"https:\/\/kinaikaleidoszkop.hu\/wp-content\/uploads\/2025\/12\/1204CMGHszi-Csin-ping-Pekingben-targyalt-Emmanuel-Macron-francia-elnokkel.jpg\",\"datePublished\":\"2025-12-04T13:30:42+00:00\",\"dateModified\":\"2025-12-15T12:12:07+00:00\",\"author\":{\"@id\":\"https:\/\/kinaikaleidoszkop.hu\/#\/schema\/person\/4d69b71e7e70322713b9d9287b610556\"},\"breadcrumb\":{\"@id\":\"https:\/\/kinaikaleidoszkop.hu\/index.php\/2025\/12\/04\/hszi-csin-ping-pekingben-targyalt-emmanuel-macron-francia-elnokkel\/#breadcrumb\"},\"inLanguage\":\"hu\",\"potentialAction\":[{\"@type\":\"ReadAction\",\"target\":[\"https:\/\/kinaikaleidoszkop.hu\/index.php\/2025\/12\/04\/hszi-csin-ping-pekingben-targyalt-emmanuel-macron-francia-elnokkel\/\"]}]},{\"@type\":\"ImageObject\",\"inLanguage\":\"hu\",\"@id\":\"https:\/\/kinaikaleidoszkop.hu\/index.php\/2025\/12\/04\/hszi-csin-ping-pekingben-targyalt-emmanuel-macron-francia-elnokkel\/#primaryimage\",\"url\":\"https:\/\/kinaikaleidoszkop.hu\/wp-content\/uploads\/2025\/12\/1204CMGHszi-Csin-ping-Pekingben-targyalt-Emmanuel-Macron-francia-elnokkel.jpg\",\"contentUrl\":\"https:\/\/kinaikaleidoszkop.hu\/wp-content\/uploads\/2025\/12\/1204CMGHszi-Csin-ping-Pekingben-targyalt-Emmanuel-Macron-francia-elnokkel.jpg\",\"width\":900,\"height\":636},{\"@type\":\"BreadcrumbList\",\"@id\":\"https:\/\/kinaikaleidoszkop.hu\/index.php\/2025\/12\/04\/hszi-csin-ping-pekingben-targyalt-emmanuel-macron-francia-elnokkel\/#breadcrumb\",\"itemListElement\":[{\"@type\":\"ListItem\",\"position\":1,\"name\":\"Kezd\u0151lap\",\"item\":\"https:\/\/kinaikaleidoszkop.hu\/\"},{\"@type\":\"ListItem\",\"position\":2,\"name\":\"Hszi Csin-ping Pekingben t\u00e1rgyalt Emmanuel Macron francia eln\u00f6kkel\"}]},{\"@type\":\"WebSite\",\"@id\":\"https:\/\/kinaikaleidoszkop.hu\/#website\",\"url\":\"https:\/\/kinaikaleidoszkop.hu\/\",\"name\":\"kinaikaleidoszkop.hu\",\"description\":\"\",\"potentialAction\":[{\"@type\":\"SearchAction\",\"target\":{\"@type\":\"EntryPoint\",\"urlTemplate\":\"https:\/\/kinaikaleidoszkop.hu\/?s={search_term_string}\"},\"query-input\":{\"@type\":\"PropertyValueSpecification\",\"valueRequired\":true,\"valueName\":\"search_term_string\"}}],\"inLanguage\":\"hu\"},{\"@type\":\"Person\",\"@id\":\"https:\/\/kinaikaleidoszkop.hu\/#\/schema\/person\/4d69b71e7e70322713b9d9287b610556\",\"name\":\"Szerk_Erik\",\"image\":{\"@type\":\"ImageObject\",\"inLanguage\":\"hu\",\"@id\":\"https:\/\/kinaikaleidoszkop.hu\/#\/schema\/person\/image\/\",\"url\":\"https:\/\/secure.gravatar.com\/avatar\/3c1e909a14c0c91d2eaef877aaacb584c667f8e7137de69653aa9561fd0e8062?s=96&d=mm&r=g\",\"contentUrl\":\"https:\/\/secure.gravatar.com\/avatar\/3c1e909a14c0c91d2eaef877aaacb584c667f8e7137de69653aa9561fd0e8062?s=96&d=mm&r=g\",\"caption\":\"Szerk_Erik\"},\"url\":\"https:\/\/pestcentrum.hu\"}]}<\/script>\n<!-- \/ Yoast SEO plugin. -->","yoast_head_json":{"title":"Hszi Csin-ping Pekingben t\u00e1rgyalt Emmanuel Macron francia eln\u00f6kkel - kinaikaleidoszkop.hu","robots":{"index":"index","follow":"follow","max-snippet":"max-snippet:-1","max-image-preview":"max-image-preview:large","max-video-preview":"max-video-preview:-1"},"canonical":"https:\/\/pestcentrum.hu\/2025\/12\/04\/hszi-csin-ping-pekingben-targyalt-emmanuel-macron-francia-elnokkel\/","og_locale":"hu_HU","og_type":"article","og_title":"Hszi Csin-ping Pekingben t\u00e1rgyalt Emmanuel Macron francia eln\u00f6kkel - kinaikaleidoszkop.hu","og_description":"Hszi Csin-ping k\u00ednai \u00e1llameln\u00f6k december 4-\u00e9n Pekingben megbesz\u00e9l\u00e9st folytatott a K\u00edn\u00e1ba \u00e1llami l\u00e1togat\u00e1sra \u00e9rkezett Emmanuel Macron francia eln\u00f6kkel. Hszi Csin-ping hangs\u00falyozta, hogy K\u00edna \u00e9s Franciaorsz\u00e1g k\u00e9t, strat\u00e9giai \u00f6n\u00e1ll\u00f3s\u00e1ggal rendelkez\u0151 nagyhatalom, amelyek fontos szerepet j\u00e1tszanak a multipol\u00e1ris vil\u00e1g \u00e9s a nemzetk\u00f6zi egy\u00fcttm\u0171k\u00f6d\u00e9sek el\u0151mozd\u00edt\u00e1s\u00e1ban. A k\u00e9t orsz\u00e1gnak a jelenlegi bizonytalan nemzetk\u00f6zi helyzetben m\u00e9g ink\u00e1bb felel\u0151ss\u00e9gteljesen kell egy\u00fcttm\u0171k\u00f6dnie, [&hellip;]","og_url":"https:\/\/kinaikaleidoszkop.hu\/index.php\/2025\/12\/04\/hszi-csin-ping-pekingben-targyalt-emmanuel-macron-francia-elnokkel\/","og_site_name":"kinaikaleidoszkop.hu","article_published_time":"2025-12-04T13:30:42+00:00","article_modified_time":"2025-12-15T12:12:07+00:00","og_image":[{"width":900,"height":636,"url":"https:\/\/kinaikaleidoszkop.hu\/wp-content\/uploads\/2025\/12\/1204CMGHszi-Csin-ping-Pekingben-targyalt-Emmanuel-Macron-francia-elnokkel.jpg","type":"image\/jpeg"}],"author":"Szerk_Erik","twitter_card":"summary_large_image","twitter_misc":{"Szerz\u0151:":"PestCentrum","Becs\u00fclt olvas\u00e1si id\u0151":"3 perc"},"schema":{"@context":"https:\/\/schema.org","@graph":[{"@type":"WebPage","@id":"https:\/\/kinaikaleidoszkop.hu\/index.php\/2025\/12\/04\/hszi-csin-ping-pekingben-targyalt-emmanuel-macron-francia-elnokkel\/","url":"https:\/\/kinaikaleidoszkop.hu\/index.php\/2025\/12\/04\/hszi-csin-ping-pekingben-targyalt-emmanuel-macron-francia-elnokkel\/","name":"Hszi Csin-ping Pekingben t\u00e1rgyalt Emmanuel Macron francia eln\u00f6kkel - kinaikaleidoszkop.hu","isPartOf":{"@id":"https:\/\/kinaikaleidoszkop.hu\/#website"},"primaryImageOfPage":{"@id":"https:\/\/kinaikaleidoszkop.hu\/index.php\/2025\/12\/04\/hszi-csin-ping-pekingben-targyalt-emmanuel-macron-francia-elnokkel\/#primaryimage"},"image":{"@id":"https:\/\/kinaikaleidoszkop.hu\/index.php\/2025\/12\/04\/hszi-csin-ping-pekingben-targyalt-emmanuel-macron-francia-elnokkel\/#primaryimage"},"thumbnailUrl":"https:\/\/kinaikaleidoszkop.hu\/wp-content\/uploads\/2025\/12\/1204CMGHszi-Csin-ping-Pekingben-targyalt-Emmanuel-Macron-francia-elnokkel.jpg","datePublished":"2025-12-04T13:30:42+00:00","dateModified":"2025-12-15T12:12:07+00:00","author":{"@id":"https:\/\/kinaikaleidoszkop.hu\/#\/schema\/person\/4d69b71e7e70322713b9d9287b610556"},"breadcrumb":{"@id":"https:\/\/kinaikaleidoszkop.hu\/index.php\/2025\/12\/04\/hszi-csin-ping-pekingben-targyalt-emmanuel-macron-francia-elnokkel\/#breadcrumb"},"inLanguage":"hu","potentialAction":[{"@type":"ReadAction","target":["https:\/\/kinaikaleidoszkop.hu\/index.php\/2025\/12\/04\/hszi-csin-ping-pekingben-targyalt-emmanuel-macron-francia-elnokkel\/"]}]},{"@type":"ImageObject","inLanguage":"hu","@id":"https:\/\/kinaikaleidoszkop.hu\/index.php\/2025\/12\/04\/hszi-csin-ping-pekingben-targyalt-emmanuel-macron-francia-elnokkel\/#primaryimage","url":"https:\/\/kinaikaleidoszkop.hu\/wp-content\/uploads\/2025\/12\/1204CMGHszi-Csin-ping-Pekingben-targyalt-Emmanuel-Macron-francia-elnokkel.jpg","contentUrl":"https:\/\/kinaikaleidoszkop.hu\/wp-content\/uploads\/2025\/12\/1204CMGHszi-Csin-ping-Pekingben-targyalt-Emmanuel-Macron-francia-elnokkel.jpg","width":900,"height":636},{"@type":"BreadcrumbList","@id":"https:\/\/kinaikaleidoszkop.hu\/index.php\/2025\/12\/04\/hszi-csin-ping-pekingben-targyalt-emmanuel-macron-francia-elnokkel\/#breadcrumb","itemListElement":[{"@type":"ListItem","position":1,"name":"Kezd\u0151lap","item":"https:\/\/kinaikaleidoszkop.hu\/"},{"@type":"ListItem","position":2,"name":"Hszi Csin-ping Pekingben t\u00e1rgyalt Emmanuel Macron francia eln\u00f6kkel"}]},{"@type":"WebSite","@id":"https:\/\/kinaikaleidoszkop.hu\/#website","url":"https:\/\/kinaikaleidoszkop.hu\/","name":"kinaikaleidoszkop.hu","description":"","potentialAction":[{"@type":"SearchAction","target":{"@type":"EntryPoint","urlTemplate":"https:\/\/kinaikaleidoszkop.hu\/?s={search_term_string}"},"query-input":{"@type":"PropertyValueSpecification","valueRequired":true,"valueName":"search_term_string"}}],"inLanguage":"hu"},{"@type":"Person","@id":"https:\/\/kinaikaleidoszkop.hu\/#\/schema\/person\/4d69b71e7e70322713b9d9287b610556","name":"Szerk_Erik","image":{"@type":"ImageObject","inLanguage":"hu","@id":"https:\/\/kinaikaleidoszkop.hu\/#\/schema\/person\/image\/","url":"https:\/\/secure.gravatar.com\/avatar\/3c1e909a14c0c91d2eaef877aaacb584c667f8e7137de69653aa9561fd0e8062?s=96&d=mm&r=g","contentUrl":"https:\/\/secure.gravatar.com\/avatar\/3c1e909a14c0c91d2eaef877aaacb584c667f8e7137de69653aa9561fd0e8062?s=96&d=mm&r=g","caption":"Szerk_Erik"},"url":"https:\/\/pestcentrum.hu"}]}},"views":88,"distributor_meta":false,"distributor_terms":false,"distributor_media":false,"distributor_original_site_name":"PestCentrum","distributor_original_site_url":"https:\/\/pestcentrum.hu","push-errors":false,"_links":{"self":[{"href":"https:\/\/kinaikaleidoszkop.hu\/index.php\/wp-json\/wp\/v2\/posts\/27714","targetHints":{"allow":["GET"]}}],"collection":[{"href":"https:\/\/kinaikaleidoszkop.hu\/index.php\/wp-json\/wp\/v2\/posts"}],"about":[{"href":"https:\/\/kinaikaleidoszkop.hu\/index.php\/wp-json\/wp\/v2\/types\/post"}],"author":[{"embeddable":true,"href":"https:\/\/kinaikaleidoszkop.hu\/index.php\/wp-json\/wp\/v2\/users\/7"}],"replies":[{"embeddable":true,"href":"https:\/\/kinaikaleidoszkop.hu\/index.php\/wp-json\/wp\/v2\/comments?post=27714"}],"version-history":[{"count":1,"href":"https:\/\/kinaikaleidoszkop.hu\/index.php\/wp-json\/wp\/v2\/posts\/27714\/revisions"}],"predecessor-version":[{"id":27850,"href":"https:\/\/kinaikaleidoszkop.hu\/index.php\/wp-json\/wp\/v2\/posts\/27714\/revisions\/27850"}],"wp:featuredmedia":[{"embeddable":true,"href":"https:\/\/kinaikaleidoszkop.hu\/index.php\/wp-json\/wp\/v2\/media\/27852"}],"wp:attachment":[{"href":"https:\/\/kinaikaleidoszkop.hu\/index.php\/wp-json\/wp\/v2\/media?parent=27714"}],"wp:term":[{"taxonomy":"category","embeddable":true,"href":"https:\/\/kinaikaleidoszkop.hu\/index.php\/wp-json\/wp\/v2\/categories?post=27714"},{"taxonomy":"post_tag","embeddable":true,"href":"https:\/\/kinaikaleidoszkop.hu\/index.php\/wp-json\/wp\/v2\/tags?post=27714"}],"curies":[{"name":"wp","href":"https:\/\/api.w.org\/{rel}","templated":true}]}}