{"id":27716,"date":"2025-12-04T14:35:07","date_gmt":"2025-12-04T13:35:07","guid":{"rendered":"https:\/\/kinaikaleidoszkop.hu\/index.php\/2025\/12\/04\/hszi-csin-ping-es-emmanuel-macron-francia-elnok-kozosen-jelentek-meg-az-ujsagirok-elott\/"},"modified":"2025-12-04T14:35:07","modified_gmt":"2025-12-04T13:35:07","slug":"hszi-csin-ping-es-emmanuel-macron-francia-elnok-kozosen-jelentek-meg-az-ujsagirok-elott","status":"publish","type":"post","link":"https:\/\/kinaikaleidoszkop.hu\/index.php\/2025\/12\/04\/hszi-csin-ping-es-emmanuel-macron-francia-elnok-kozosen-jelentek-meg-az-ujsagirok-elott\/","title":{"rendered":"Hszi Csin-ping \u00e9s Emmanuel Macron francia eln\u00f6k k\u00f6z\u00f6sen jelentek meg az \u00fajs\u00e1g\u00edr\u00f3k el\u0151tt"},"content":{"rendered":"\n<p><strong>Hszi Csin-ping k\u00ednai \u00e1llamf\u0151 \u00e9s Emmanuel Macron francia eln\u00f6k a december 4-i t\u00e1rgyal\u00e1suk ut\u00e1n k\u00f6z\u00f6sen jelentek meg az \u00fajs\u00e1g\u00edr\u00f3k el\u0151tt.<\/strong><\/p>\n\n\n\n<p>Hszi Csin-ping \u00fcdv\u00f6z\u00f6lte Macron eln\u00f6k\u00f6t negyedik k\u00ednai \u00e1llami l\u00e1togat\u00e1s\u00e1n, \u00e9s hangs\u00falyozta, hogy megbesz\u00e9lget\u00e9s\u00fck bar\u00e1ti, \u0151szinte \u00e9s eredm\u00e9nyes volt. Elmondta: K\u00edna \u00e9s Franciaorsz\u00e1g egyar\u00e1nt strat\u00e9giai auton\u00f3mi\u00e1val rendelkez\u0151 nagyhatalmak, amelyeknek a jelenlegi bizonytalan nemzetk\u00f6zi helyzetben a multilateralizmus, az egyenl\u0151 p\u00e1rbesz\u00e9d \u00e9s a nyitott egy\u00fcttm\u0171k\u00f6d\u00e9s mellett kell ki\u00e1llniuk.<\/p>\n\n\n\n<p>A felek n\u00e9gy egy\u00fcttm\u0171k\u00f6d\u00e9si ir\u00e1nyban \u00e1llapodtak meg.<\/p>\n\n\n\n<p>Els\u0151k\u00e9nt: a politikai bizalom tov\u00e1bbi er\u0151s\u00edt\u00e9s\u00e9ben, valamint abban, hogy a k\u00e9t orsz\u00e1g k\u00f6lcs\u00f6n\u00f6sen t\u00e1mogatja egym\u00e1st a saj\u00e1t alapvet\u0151 \u00e9rdekeit \u00e9rint\u0151 k\u00e9rd\u00e9sekben.<\/p>\n\n\n\n<p>M\u00e1sodszor: a gyakorlati egy\u00fcttm\u0171k\u00f6d\u00e9s b\u0151v\u00edt\u00e9s\u00e9ben az olyan hagyom\u00e1nyos \u00e1gazatokt\u00f3l kezdve, mint a rep\u00fcl\u0151g\u00e9pipar, az \u0171rkutat\u00e1s \u00e9s a nukle\u00e1ris energia, eg\u00e9szen az \u00faj ter\u00fcletekig, p\u00e9ld\u00e1ul a z\u00f6ld \u00e9s digit\u00e1lis gazdas\u00e1g, a biogy\u00f3gyszer\u00e9szet \u00e9s a mesters\u00e9ges intelligencia.<\/p>\n\n\n\n<p>Harmadszor: a kultur\u00e1lis \u00e9s t\u00e1rsadalmi kapcsolatok elm\u00e9ly\u00edt\u00e9s\u00e9ben, bele\u00e9rtve egy \u00fajabb \u00f3ri\u00e1spanda-v\u00e9delmi program elind\u00edt\u00e1s\u00e1t is.<\/p>\n\n\n\n<p>Negyedszer: a glob\u00e1lis korm\u00e1nyz\u00e1s reformj\u00e1nak \u00e9s igazs\u00e1gosabb\u00e1 t\u00e9tel\u00e9nek k\u00f6z\u00f6s el\u0151mozd\u00edt\u00e1s\u00e1ban.<\/p>\n\n\n\n<p>Hszi r\u00e1mutatott, hogy a vil\u00e1g jelenleg nem b\u00e9k\u00e9s, \u00e9s t\u00f6bb konfliktus is egyre bonyolultabb\u00e1 v\u00e1lik. Az ukrajnai v\u00e1ls\u00e1ggal kapcsolatban K\u00edna t\u00e1mogat minden b\u00e9keteremt\u0151 er\u0151fesz\u00edt\u00e9st, \u00e9s b\u00edzik egy igazs\u00e1gos, tart\u00f3s \u00e9s minden \u00e9rintett f\u00e9l sz\u00e1m\u00e1ra elfogadhat\u00f3 meg\u00e1llapod\u00e1sban. K\u00edna tov\u00e1bbra is konstrukt\u00edv szerepet v\u00e1llal, \u00e9s hat\u00e1rozottan ellenzi az indokolatlan v\u00e1daskod\u00e1st \u00e9s K\u00edna hib\u00e1ztat\u00e1s\u00e1t, k\u00f6z\u00f6lte a k\u00ednai \u00e1llameln\u00f6k.<\/p>\n\n\n\n<p>Hszi szerint K\u00edna \u00e9s Franciaorsz\u00e1g egy\u00fctt fog dolgozni a palesztin k\u00e9rd\u00e9s miel\u0151bbi, \u00e1tfog\u00f3 \u00e9s igazs\u00e1gos rendez\u00e9s\u00e9\u00e9rt, \u00e9s K\u00edna 100 milli\u00f3 doll\u00e1ros t\u00e1mogat\u00e1st ny\u00fajt G\u00e1z\u00e1nak a humanit\u00e1rius helyzet enyh\u00edt\u00e9s\u00e9re \u00e9s az \u00fajj\u00e1\u00e9p\u00edt\u00e9s t\u00e1mogat\u00e1s\u00e1ra.<\/p>\n\n\n\n<p>Hszi hangs\u00falyozta, hogy K\u00edna tov\u00e1bb nyitja piacait, a 15. \u00f6t\u00e9ves terv id\u0151szak\u00e1ban pedig a reformok m\u00e9ly\u00edt\u00e9s\u00e9vel, a bels\u0151 kereslet b\u0151v\u00edt\u00e9s\u00e9vel \u00e9s a befektet\u00e9si hozz\u00e1f\u00e9r\u00e9s kisz\u00e9les\u00edt\u00e9s\u00e9vel fogja \u00f6szt\u00f6n\u00f6zni a magas sz\u00ednvonal\u00fa fejl\u0151d\u00e9st. K\u00edna k\u00e9sz Franciaorsz\u00e1ggal egy\u00fctt dolgozni a fejl\u0151d\u00e9s el\u0151mozd\u00edt\u00e1s\u00e1n, a b\u00e9ke meg\u0151rz\u00e9s\u00e9n \u00e9s a k\u00f6z\u00f6s j\u00f6v\u0151 \u00e9p\u00edt\u00e9s\u00e9n, jelentette ki Hszi Csin-ping.<\/p>\n\n\n\n<p><strong><em>2025. 12. 04.<\/em><\/strong><\/p>\n\n\n\n<p><strong>(Wang Yuzhe \u2013 China Media Group)<\/strong><\/p>\n\n\n\n<p><strong><em>(x)<\/em><\/strong><\/p>\n","protected":false},"excerpt":{"rendered":"<p>Hszi Csin-ping k\u00ednai \u00e1llamf\u0151 \u00e9s Emmanuel Macron francia eln\u00f6k a december 4-i t\u00e1rgyal\u00e1suk ut\u00e1n k\u00f6z\u00f6sen jelentek meg az \u00fajs\u00e1g\u00edr\u00f3k el\u0151tt. Hszi Csin-ping \u00fcdv\u00f6z\u00f6lte Macron eln\u00f6k\u00f6t negyedik k\u00ednai \u00e1llami l\u00e1togat\u00e1s\u00e1n, \u00e9s hangs\u00falyozta, hogy megbesz\u00e9lget\u00e9s\u00fck bar\u00e1ti, \u0151szinte \u00e9s eredm\u00e9nyes volt. Elmondta: K\u00edna \u00e9s Franciaorsz\u00e1g egyar\u00e1nt strat\u00e9giai auton\u00f3mi\u00e1val rendelkez\u0151 nagyhatalmak, amelyeknek a jelenlegi bizonytalan nemzetk\u00f6zi helyzetben a multilateralizmus, [&hellip;]<\/p>\n","protected":false},"author":7,"featured_media":0,"comment_status":"","ping_status":"","sticky":false,"template":"","format":"standard","meta":{"footnotes":""},"categories":[4797],"tags":[679,1714,1134,305,3696,326],"class_list":["post-27716","post","type-post","status-publish","format-standard","hentry","category-egyeb-hirek","tag-emmanuel-macron","tag-francia-elnok","tag-franciaorszag","tag-hszi-csin-ping","tag-kina","tag-kinai-allamelnok"],"yoast_head":"<!-- This site is optimized with the Yoast SEO plugin v23.7 - https:\/\/yoast.com\/wordpress\/plugins\/seo\/ -->\n<title>Hszi Csin-ping \u00e9s Emmanuel Macron francia eln\u00f6k k\u00f6z\u00f6sen jelentek meg az \u00fajs\u00e1g\u00edr\u00f3k el\u0151tt - kinaikaleidoszkop.hu<\/title>\n<meta name=\"robots\" content=\"index, follow, max-snippet:-1, max-image-preview:large, max-video-preview:-1\" \/>\n<link rel=\"canonical\" href=\"https:\/\/pestcentrum.hu\/2025\/12\/04\/hszi-csin-ping-es-emmanuel-macron-francia-elnok-kozosen-jelentek-meg-az-ujsagirok-elott\/\" \/>\n<meta property=\"og:locale\" content=\"hu_HU\" \/>\n<meta property=\"og:type\" content=\"article\" \/>\n<meta property=\"og:title\" content=\"Hszi Csin-ping \u00e9s Emmanuel Macron francia eln\u00f6k k\u00f6z\u00f6sen jelentek meg az \u00fajs\u00e1g\u00edr\u00f3k el\u0151tt - kinaikaleidoszkop.hu\" \/>\n<meta property=\"og:description\" content=\"Hszi Csin-ping k\u00ednai \u00e1llamf\u0151 \u00e9s Emmanuel Macron francia eln\u00f6k a december 4-i t\u00e1rgyal\u00e1suk ut\u00e1n k\u00f6z\u00f6sen jelentek meg az \u00fajs\u00e1g\u00edr\u00f3k el\u0151tt. Hszi Csin-ping \u00fcdv\u00f6z\u00f6lte Macron eln\u00f6k\u00f6t negyedik k\u00ednai \u00e1llami l\u00e1togat\u00e1s\u00e1n, \u00e9s hangs\u00falyozta, hogy megbesz\u00e9lget\u00e9s\u00fck bar\u00e1ti, \u0151szinte \u00e9s eredm\u00e9nyes volt. Elmondta: K\u00edna \u00e9s Franciaorsz\u00e1g egyar\u00e1nt strat\u00e9giai auton\u00f3mi\u00e1val rendelkez\u0151 nagyhatalmak, amelyeknek a jelenlegi bizonytalan nemzetk\u00f6zi helyzetben a multilateralizmus, [&hellip;]\" \/>\n<meta property=\"og:url\" content=\"https:\/\/kinaikaleidoszkop.hu\/index.php\/2025\/12\/04\/hszi-csin-ping-es-emmanuel-macron-francia-elnok-kozosen-jelentek-meg-az-ujsagirok-elott\/\" \/>\n<meta property=\"og:site_name\" content=\"kinaikaleidoszkop.hu\" \/>\n<meta property=\"article:published_time\" content=\"2025-12-04T13:35:07+00:00\" \/>\n<meta name=\"author\" content=\"Szerk_Erik\" \/>\n<meta name=\"twitter:card\" content=\"summary_large_image\" \/>\n<meta name=\"twitter:label1\" content=\"Szerz\u0151:\" \/>\n\t<meta name=\"twitter:data1\" content=\"PestCentrum\" \/>\n\t<meta name=\"twitter:label2\" content=\"Becs\u00fclt olvas\u00e1si id\u0151\" \/>\n\t<meta name=\"twitter:data2\" content=\"2 perc\" \/>\n<script type=\"application\/ld+json\" class=\"yoast-schema-graph\">{\"@context\":\"https:\/\/schema.org\",\"@graph\":[{\"@type\":\"WebPage\",\"@id\":\"https:\/\/kinaikaleidoszkop.hu\/index.php\/2025\/12\/04\/hszi-csin-ping-es-emmanuel-macron-francia-elnok-kozosen-jelentek-meg-az-ujsagirok-elott\/\",\"url\":\"https:\/\/kinaikaleidoszkop.hu\/index.php\/2025\/12\/04\/hszi-csin-ping-es-emmanuel-macron-francia-elnok-kozosen-jelentek-meg-az-ujsagirok-elott\/\",\"name\":\"Hszi Csin-ping \u00e9s Emmanuel Macron francia eln\u00f6k k\u00f6z\u00f6sen jelentek meg az \u00fajs\u00e1g\u00edr\u00f3k el\u0151tt - kinaikaleidoszkop.hu\",\"isPartOf\":{\"@id\":\"https:\/\/kinaikaleidoszkop.hu\/#website\"},\"datePublished\":\"2025-12-04T13:35:07+00:00\",\"dateModified\":\"2025-12-04T13:35:07+00:00\",\"author\":{\"@id\":\"https:\/\/kinaikaleidoszkop.hu\/#\/schema\/person\/4d69b71e7e70322713b9d9287b610556\"},\"breadcrumb\":{\"@id\":\"https:\/\/kinaikaleidoszkop.hu\/index.php\/2025\/12\/04\/hszi-csin-ping-es-emmanuel-macron-francia-elnok-kozosen-jelentek-meg-az-ujsagirok-elott\/#breadcrumb\"},\"inLanguage\":\"hu\",\"potentialAction\":[{\"@type\":\"ReadAction\",\"target\":[\"https:\/\/kinaikaleidoszkop.hu\/index.php\/2025\/12\/04\/hszi-csin-ping-es-emmanuel-macron-francia-elnok-kozosen-jelentek-meg-az-ujsagirok-elott\/\"]}]},{\"@type\":\"BreadcrumbList\",\"@id\":\"https:\/\/kinaikaleidoszkop.hu\/index.php\/2025\/12\/04\/hszi-csin-ping-es-emmanuel-macron-francia-elnok-kozosen-jelentek-meg-az-ujsagirok-elott\/#breadcrumb\",\"itemListElement\":[{\"@type\":\"ListItem\",\"position\":1,\"name\":\"Kezd\u0151lap\",\"item\":\"https:\/\/kinaikaleidoszkop.hu\/\"},{\"@type\":\"ListItem\",\"position\":2,\"name\":\"Hszi Csin-ping \u00e9s Emmanuel Macron francia eln\u00f6k k\u00f6z\u00f6sen jelentek meg az \u00fajs\u00e1g\u00edr\u00f3k el\u0151tt\"}]},{\"@type\":\"WebSite\",\"@id\":\"https:\/\/kinaikaleidoszkop.hu\/#website\",\"url\":\"https:\/\/kinaikaleidoszkop.hu\/\",\"name\":\"kinaikaleidoszkop.hu\",\"description\":\"\",\"potentialAction\":[{\"@type\":\"SearchAction\",\"target\":{\"@type\":\"EntryPoint\",\"urlTemplate\":\"https:\/\/kinaikaleidoszkop.hu\/?s={search_term_string}\"},\"query-input\":{\"@type\":\"PropertyValueSpecification\",\"valueRequired\":true,\"valueName\":\"search_term_string\"}}],\"inLanguage\":\"hu\"},{\"@type\":\"Person\",\"@id\":\"https:\/\/kinaikaleidoszkop.hu\/#\/schema\/person\/4d69b71e7e70322713b9d9287b610556\",\"name\":\"Szerk_Erik\",\"image\":{\"@type\":\"ImageObject\",\"inLanguage\":\"hu\",\"@id\":\"https:\/\/kinaikaleidoszkop.hu\/#\/schema\/person\/image\/\",\"url\":\"https:\/\/secure.gravatar.com\/avatar\/3c1e909a14c0c91d2eaef877aaacb584c667f8e7137de69653aa9561fd0e8062?s=96&d=mm&r=g\",\"contentUrl\":\"https:\/\/secure.gravatar.com\/avatar\/3c1e909a14c0c91d2eaef877aaacb584c667f8e7137de69653aa9561fd0e8062?s=96&d=mm&r=g\",\"caption\":\"Szerk_Erik\"},\"url\":\"https:\/\/pestcentrum.hu\"}]}<\/script>\n<!-- \/ Yoast SEO plugin. -->","yoast_head_json":{"title":"Hszi Csin-ping \u00e9s Emmanuel Macron francia eln\u00f6k k\u00f6z\u00f6sen jelentek meg az \u00fajs\u00e1g\u00edr\u00f3k el\u0151tt - kinaikaleidoszkop.hu","robots":{"index":"index","follow":"follow","max-snippet":"max-snippet:-1","max-image-preview":"max-image-preview:large","max-video-preview":"max-video-preview:-1"},"canonical":"https:\/\/pestcentrum.hu\/2025\/12\/04\/hszi-csin-ping-es-emmanuel-macron-francia-elnok-kozosen-jelentek-meg-az-ujsagirok-elott\/","og_locale":"hu_HU","og_type":"article","og_title":"Hszi Csin-ping \u00e9s Emmanuel Macron francia eln\u00f6k k\u00f6z\u00f6sen jelentek meg az \u00fajs\u00e1g\u00edr\u00f3k el\u0151tt - kinaikaleidoszkop.hu","og_description":"Hszi Csin-ping k\u00ednai \u00e1llamf\u0151 \u00e9s Emmanuel Macron francia eln\u00f6k a december 4-i t\u00e1rgyal\u00e1suk ut\u00e1n k\u00f6z\u00f6sen jelentek meg az \u00fajs\u00e1g\u00edr\u00f3k el\u0151tt. Hszi Csin-ping \u00fcdv\u00f6z\u00f6lte Macron eln\u00f6k\u00f6t negyedik k\u00ednai \u00e1llami l\u00e1togat\u00e1s\u00e1n, \u00e9s hangs\u00falyozta, hogy megbesz\u00e9lget\u00e9s\u00fck bar\u00e1ti, \u0151szinte \u00e9s eredm\u00e9nyes volt. Elmondta: K\u00edna \u00e9s Franciaorsz\u00e1g egyar\u00e1nt strat\u00e9giai auton\u00f3mi\u00e1val rendelkez\u0151 nagyhatalmak, amelyeknek a jelenlegi bizonytalan nemzetk\u00f6zi helyzetben a multilateralizmus, [&hellip;]","og_url":"https:\/\/kinaikaleidoszkop.hu\/index.php\/2025\/12\/04\/hszi-csin-ping-es-emmanuel-macron-francia-elnok-kozosen-jelentek-meg-az-ujsagirok-elott\/","og_site_name":"kinaikaleidoszkop.hu","article_published_time":"2025-12-04T13:35:07+00:00","author":"Szerk_Erik","twitter_card":"summary_large_image","twitter_misc":{"Szerz\u0151:":"PestCentrum","Becs\u00fclt olvas\u00e1si id\u0151":"2 perc"},"schema":{"@context":"https:\/\/schema.org","@graph":[{"@type":"WebPage","@id":"https:\/\/kinaikaleidoszkop.hu\/index.php\/2025\/12\/04\/hszi-csin-ping-es-emmanuel-macron-francia-elnok-kozosen-jelentek-meg-az-ujsagirok-elott\/","url":"https:\/\/kinaikaleidoszkop.hu\/index.php\/2025\/12\/04\/hszi-csin-ping-es-emmanuel-macron-francia-elnok-kozosen-jelentek-meg-az-ujsagirok-elott\/","name":"Hszi Csin-ping \u00e9s Emmanuel Macron francia eln\u00f6k k\u00f6z\u00f6sen jelentek meg az \u00fajs\u00e1g\u00edr\u00f3k el\u0151tt - kinaikaleidoszkop.hu","isPartOf":{"@id":"https:\/\/kinaikaleidoszkop.hu\/#website"},"datePublished":"2025-12-04T13:35:07+00:00","dateModified":"2025-12-04T13:35:07+00:00","author":{"@id":"https:\/\/kinaikaleidoszkop.hu\/#\/schema\/person\/4d69b71e7e70322713b9d9287b610556"},"breadcrumb":{"@id":"https:\/\/kinaikaleidoszkop.hu\/index.php\/2025\/12\/04\/hszi-csin-ping-es-emmanuel-macron-francia-elnok-kozosen-jelentek-meg-az-ujsagirok-elott\/#breadcrumb"},"inLanguage":"hu","potentialAction":[{"@type":"ReadAction","target":["https:\/\/kinaikaleidoszkop.hu\/index.php\/2025\/12\/04\/hszi-csin-ping-es-emmanuel-macron-francia-elnok-kozosen-jelentek-meg-az-ujsagirok-elott\/"]}]},{"@type":"BreadcrumbList","@id":"https:\/\/kinaikaleidoszkop.hu\/index.php\/2025\/12\/04\/hszi-csin-ping-es-emmanuel-macron-francia-elnok-kozosen-jelentek-meg-az-ujsagirok-elott\/#breadcrumb","itemListElement":[{"@type":"ListItem","position":1,"name":"Kezd\u0151lap","item":"https:\/\/kinaikaleidoszkop.hu\/"},{"@type":"ListItem","position":2,"name":"Hszi Csin-ping \u00e9s Emmanuel Macron francia eln\u00f6k k\u00f6z\u00f6sen jelentek meg az \u00fajs\u00e1g\u00edr\u00f3k el\u0151tt"}]},{"@type":"WebSite","@id":"https:\/\/kinaikaleidoszkop.hu\/#website","url":"https:\/\/kinaikaleidoszkop.hu\/","name":"kinaikaleidoszkop.hu","description":"","potentialAction":[{"@type":"SearchAction","target":{"@type":"EntryPoint","urlTemplate":"https:\/\/kinaikaleidoszkop.hu\/?s={search_term_string}"},"query-input":{"@type":"PropertyValueSpecification","valueRequired":true,"valueName":"search_term_string"}}],"inLanguage":"hu"},{"@type":"Person","@id":"https:\/\/kinaikaleidoszkop.hu\/#\/schema\/person\/4d69b71e7e70322713b9d9287b610556","name":"Szerk_Erik","image":{"@type":"ImageObject","inLanguage":"hu","@id":"https:\/\/kinaikaleidoszkop.hu\/#\/schema\/person\/image\/","url":"https:\/\/secure.gravatar.com\/avatar\/3c1e909a14c0c91d2eaef877aaacb584c667f8e7137de69653aa9561fd0e8062?s=96&d=mm&r=g","contentUrl":"https:\/\/secure.gravatar.com\/avatar\/3c1e909a14c0c91d2eaef877aaacb584c667f8e7137de69653aa9561fd0e8062?s=96&d=mm&r=g","caption":"Szerk_Erik"},"url":"https:\/\/pestcentrum.hu"}]}},"views":76,"distributor_meta":false,"distributor_terms":false,"distributor_media":false,"distributor_original_site_name":"PestCentrum","distributor_original_site_url":"https:\/\/pestcentrum.hu","push-errors":false,"_links":{"self":[{"href":"https:\/\/kinaikaleidoszkop.hu\/index.php\/wp-json\/wp\/v2\/posts\/27716","targetHints":{"allow":["GET"]}}],"collection":[{"href":"https:\/\/kinaikaleidoszkop.hu\/index.php\/wp-json\/wp\/v2\/posts"}],"about":[{"href":"https:\/\/kinaikaleidoszkop.hu\/index.php\/wp-json\/wp\/v2\/types\/post"}],"author":[{"embeddable":true,"href":"https:\/\/kinaikaleidoszkop.hu\/index.php\/wp-json\/wp\/v2\/users\/7"}],"replies":[{"embeddable":true,"href":"https:\/\/kinaikaleidoszkop.hu\/index.php\/wp-json\/wp\/v2\/comments?post=27716"}],"version-history":[{"count":0,"href":"https:\/\/kinaikaleidoszkop.hu\/index.php\/wp-json\/wp\/v2\/posts\/27716\/revisions"}],"wp:attachment":[{"href":"https:\/\/kinaikaleidoszkop.hu\/index.php\/wp-json\/wp\/v2\/media?parent=27716"}],"wp:term":[{"taxonomy":"category","embeddable":true,"href":"https:\/\/kinaikaleidoszkop.hu\/index.php\/wp-json\/wp\/v2\/categories?post=27716"},{"taxonomy":"post_tag","embeddable":true,"href":"https:\/\/kinaikaleidoszkop.hu\/index.php\/wp-json\/wp\/v2\/tags?post=27716"}],"curies":[{"name":"wp","href":"https:\/\/api.w.org\/{rel}","templated":true}]}}