{"id":28037,"date":"2025-12-31T14:20:22","date_gmt":"2025-12-31T13:20:22","guid":{"rendered":"https:\/\/kinaikaleidoszkop.hu\/index.php\/2025\/12\/31\/hszi-csin-ping-kinai-allamelnok-2026-os-ujevi-koszontoje\/"},"modified":"2026-01-05T16:38:13","modified_gmt":"2026-01-05T15:38:13","slug":"hszi-csin-ping-kinai-allamelnok-2026-os-ujevi-koszontoje","status":"publish","type":"post","link":"https:\/\/kinaikaleidoszkop.hu\/index.php\/2025\/12\/31\/hszi-csin-ping-kinai-allamelnok-2026-os-ujevi-koszontoje\/","title":{"rendered":"Hszi Csin-ping k\u00ednai \u00e1llameln\u00f6k 2026-os \u00faj\u00e9vi k\u00f6sz\u00f6nt\u0151je"},"content":{"rendered":"\n<p class=\"wp-block-paragraph\"><strong>Az \u00faj\u00e9vet megel\u0151z\u0151 napon Hszi Csin-ping k\u00ednai \u00e1llameln\u00f6k a China Media Group \u00e9s az internet r\u00e9v\u00e9n k\u00f6zz\u00e9tette 2026-os \u00faj\u00e9vi k\u00f6sz\u00f6nt\u0151j\u00e9t.<\/strong><\/p>\n\n\n<div class=\"wp-block-image\">\n<figure class=\"aligncenter size-full\"><img decoding=\"async\" src=\"https:\/\/pestcentrum.hu\/wp-content\/uploads\/2025\/12\/1231xijinping.jpg\" alt=\"\" class=\"wp-image-42571\"\/><\/figure>\n<\/div>\n\n\n<p class=\"wp-block-paragraph\">Elvt\u00e1rsaim, bar\u00e1taim, h\u00f6lgyeim \u00e9s uraim!<\/p>\n\n\n\n<p class=\"wp-block-paragraph\">J\u00f3 napot k\u00edv\u00e1nok mindenkinek! Az \u00e9v v\u00e1ltoz\u00e1sakor az \u00e9let fejezete egyik napr\u00f3l a m\u00e1sikra meg\u00fajul. Az \u00faj \u00e9v bek\u00f6sz\u00f6nte alkalm\u00e1b\u00f3l j\u00f3k\u00edv\u00e1ns\u00e1gaimat fejezem ki mindenkinek Pekingb\u0151l!<\/p>\n\n\n\n<p class=\"wp-block-paragraph\">2025 az utols\u00f3 \u00e9ve a 14. \u00f6t\u00e9ves tervnek. Az elm\u00falt \u00f6t \u00e9vben felfel\u00e9 t\u00f6rekv\u0151 szellemmel, b\u00e1tors\u00e1ggal elsz\u00e1ntan haladtunk el\u0151re, lek\u00fczd\u00f6tt\u00fck az egym\u00e1st k\u00f6vet\u0151 neh\u00e9zs\u00e9geket \u00e9s kih\u00edv\u00e1sokat, teljes\u00edtett\u00fck a kit\u0171z\u00f6tt c\u00e9lokat, \u00e9s stabil l\u00e9p\u00e9seket tett\u00fcnk a k\u00ednai modell\u0171 moderniz\u00e1ci\u00f3 \u00faj menetel\u00e9se sor\u00e1n. Az \u00f6sszes gazdas\u00e1gi teljes\u00edtm\u00e9ny egyre \u00fajabb szinteket halad meg, \u00e9s id\u00e9n v\u00e1rhat\u00f3an el\u00e9ri a 140 billi\u00f3 j\u00fcant. Haz\u00e1nk gazdags\u00e1gi, technol\u00f3giai, honv\u00e9delmi \u00e9s \u00e1tfog\u00f3 k\u00e9pess\u00e9ge \u00faj magass\u00e1gba l\u00e9p, a sz\u00e9p \u00f6kol\u00f3giai k\u00f6rnyezet f\u00e9nyes h\u00e1tteret teremt, a n\u00e9p nyeres\u00e9g-, boldogs\u00e1g- \u00e9s biztons\u00e1g\u00e9rzete egyre jobban er\u0151s\u00f6dik. Az elm\u00falt 5 \u00e9ves p\u00e1lya rendk\u00edv\u00fcl szokatlannak bizonyult, nehezen jutottunk az eddigi v\u00edvm\u00e1nyokhoz. Mindenki t\u00f6rekv\u00e9seinek, el\u0151rehalad\u00e1sainak, \u00f6nzetlens\u00e9g\u00e9nek k\u00f6sz\u00f6nhet\u0151en egy felvir\u00e1gz\u00f3 K\u00edn\u00e1t hozt\u00e1k l\u00e9tre. Tisztelettel k\u00f6sz\u00f6nt\u00f6k minden szorgalmasan odaad\u00f3, t\u00f6rekv\u0151 szem\u00e9lyt!<\/p>\n\n\n\n<p class=\"wp-block-paragraph\">Az elm\u00falt \u00e9v m\u00e9ly benyom\u00e1st hagyott benn\u00fcnk, \u00fcnnep\u00e9lyes keretek k\u00f6zt megeml\u00e9kez\u00e9seket tartottunk a k\u00ednai n\u00e9p jap\u00e1n agresszi\u00f3 elleni h\u00e1bor\u00faja \u00e9s az antifasiszta vil\u00e1gh\u00e1bor\u00fa gy\u0151zelm\u00e9nek 80. \u00e9vfordul\u00f3ja alkalm\u00e1b\u00f3l, kijel\u00f6lt\u00fck Tajvan Felszabad\u00edt\u00e1s\u00e1nak az Eml\u00e9knapj\u00e1t. A nemzeti \u00fcnneps\u00e9gek m\u00e9lt\u00f3s\u00e1gteljesek voltak, a gy\u0151zelmek \u00f6r\u00f6kre a t\u00f6rt\u00e9nelembe v\u00e9s\u0151dtek, mindez \u00f6szt\u00f6nzi a k\u00ednai n\u00e9pet a t\u00f6rt\u00e9nelem felid\u00e9z\u00e9s\u00e9re, a h\u0151s\u00f6kre \u00e9s m\u00e1rt\u00edrokra t\u00f6rt\u00e9n\u0151 visszaeml\u00e9kez\u00e9sre, a b\u00e9ke megbecs\u00fcl\u00e9s\u00e9re \u00e9s a j\u00f6v\u0151 kialak\u00edt\u00e1s\u00e1ra, illetve, hogy gy\u0171jts\u00fcnk vil\u00e1grenget\u0151 er\u0151t a k\u00ednai nemzet nagy meg\u00fajul\u00e1s\u00e1hoz.<\/p>\n\n\n\n<p class=\"wp-block-paragraph\">Az innov\u00e1ci\u00f3 seg\u00edts\u00e9g\u00e9vel hajt\u00f3er\u0151t adtunk a magas min\u0151s\u00e9g\u0171 fejleszt\u00e9snek. A technol\u00f3gia \u00e9s ipar\u00e1gak m\u00e9lyen \u00f6tv\u00f6z\u0151dnek, az innov\u00e1ci\u00f3s v\u00edvm\u00e1nyok folyamatosan jelentkeznek, a mesters\u00e9ges intelligencia nagy modelljei egym\u00e1ssal versenyeznek, \u00faj \u00e1tt\u00f6r\u00e9st \u00e9rt\u00fcnk el a f\u00fcggetlen chipfejleszt\u00e9sben, haz\u00e1nk azon gazdas\u00e1gok egyik\u00e9v\u00e9 v\u00e1lt, amelyek innov\u00e1ci\u00f3s ereje leggyorsabban fejl\u0151dik. A Tianwen-2 elindult \u201ecsillagvez\u00e9relte\u201d p\u00e1ly\u00e1j\u00e1ra, a Yaluzangbu-foly\u00f3 als\u00f3 szakasz\u00e1n\u00e1l lev\u0151 v\u00edzier\u0151m\u0171nek elkezd\u0151d\u00f6tt az \u00e9p\u00edtkez\u00e9se, az els\u0151 elektrom\u00e1gneses katapult rep\u00fcl\u0151g\u00e9p-hordoz\u00f3 hivatalosan hadrendbe \u00e1llt. A humanoid robotok \u201ekungfu bemutat\u00f3val\u201d l\u00e9ptek fel, a dr\u00f3nok pomp\u00e1s \u201et\u0171zij\u00e1t\u00e9kokkal\u201d k\u00e1pr\u00e1ztattak el. Az innov\u00e1ci\u00f3k \u00e9s alkot\u00e1sok fel\u00fajul\u00f3 min\u0151s\u00e9g\u0171 termel\u0151er\u0151t nevelnek ki, ugyanakkor sz\u00ednesebb\u00e9 v\u00e1ltoztatj\u00e1k az \u00e9letet is.<\/p>\n\n\n\n<p class=\"wp-block-paragraph\">Kult\u00far\u00e1val t\u00e1pl\u00e1ltuk a lelk\u00fcnket. A m\u00fazeumok, a szellemi kultur\u00e1lis \u00f6r\u00f6ks\u00e9gek egyre kedveltebbek lettek, a vil\u00e1g\u00f6r\u00f6ks\u00e9gek list\u00e1j\u00e1hoz \u00fajabbak csatlakoztak, a majomkir\u00e1ly \u00e9s Ne\u2019zha megh\u00f3d\u00edtotta az eg\u00e9sz vil\u00e1g k\u00f6z\u00f6ss\u00e9g\u00e9t, az \u0151si hangulat \u00e9s hagyom\u00e1nyos k\u00ednai st\u00edlus \u201elegdivatosabb eszt\u00e9tikumm\u00e1\u201d v\u00e1lt a fiatalok szem\u00e9ben. A kultur\u00e1lis \u00e9s turisztikai piac nagy n\u00e9pszer\u0171s\u00e9gnek \u00f6rvend, a labdar\u00fag\u00f3 \u201ev\u00e1rosi liga\u201d \u00e9s \u201efalusi liga\u201d t\u00f6megeket mozgatott meg, a t\u00e9li sportok nagy lelkesed\u00e9st v\u00e1ltottak ki. A hagyom\u00e1ny \u00e9s a modern egym\u00e1sba sz\u00f6v\u0151dik, \u00edgy a k\u00ednai kult\u00fara m\u00e9g szebb f\u00e9nyt sug\u00e1roz.<\/p>\n\n\n\n<p class=\"wp-block-paragraph\">Egy\u00fctt teremtett\u00fck \u00e9s osztottuk meg a sz\u00e9ps\u00e9ges \u00e9letet. \u00dcnneps\u00e9geken vettem r\u00e9szt a Tibeti \u00e9s a Xinjiang-Ujgur Auton\u00f3m Ter\u00fcleten. A havas fenns\u00edkt\u00f3l a Tianshan hegys\u00e9g d\u00e9li \u00e9s \u00e9szaki oldal\u00e1ig, a k\u00fcl\u00f6nb\u00f6z\u0151 nemzetis\u00e9g\u0171ek sz\u00edv\u00fckkel \u00e9s kez\u00fckkel szorosan kapcsol\u00f3dnak egym\u00e1shoz, mint a gr\u00e1n\u00e1talma magjai. Feh\u00e9r Hada, energikus \u00fcdv\u00f6zl\u0151 \u00e9nekekkel \u00e9s t\u00e1ncokkal fejezt\u00e9k ki a szeretet\u00fcket h\u00e1zuk, illetve dics\u00e9ret\u00fcket a boldogs\u00e1g ir\u00e1nt. A n\u00e9p j\u00f3l\u00e9t\u00e9vel kapcsolatban nincs kis \u00fcgy, a \u201ekis \u00e1gak \u00e9s levelek\u201d is \u00e9rzelmeket k\u00f6zvet\u00edtenek. Az elm\u00falt \u00e9vben az \u00faj munkak\u00f6r\u00f6kben foglalkoztatott csoportok \u00e9rdekeit m\u00e9g jobban v\u00e9dt\u00fck, a lak\u00f3k\u00f6r\u00fclm\u00e9nyek id\u0151seknek megfelel\u0151 \u00e1talak\u00edt\u00e1sa k\u00e9nyelmet hoz, a gyermeket v\u00e1llal\u00f3 csal\u00e1dok havonta 300 j\u00fcanos t\u00e1mogat\u00e1sban r\u00e9szes\u00fclnek. A napi sz\u00fcks\u00e9gletek, a napi h\u00e1romszori \u00e9tkez\u00e9s \u00e9s a mindennapok, minden \u201ekis csal\u00e1d\u201d pezsg\u0151 \u00e9let\u00e9vel K\u00edna, a \u201enagy csal\u00e1d\u201d fellend\u00fcl.<\/p>\n\n\n\n<p class=\"wp-block-paragraph\">Tov\u00e1bbra is ny\u00edlt sz\u00edvvel kebl\u00fcnkre \u00f6lelt\u00fck a vil\u00e1got. Sikeresen megrendez\u00e9sre ker\u00fclt a Sanghaji Egy\u00fcttm\u0171k\u00f6d\u00e9si Szervezet tiencsini cs\u00facstal\u00e1lkoz\u00f3ja \u00e9s a Glob\u00e1lis N\u0151i Konferencia, megkezd\u0151d\u00f6tt a Hainan Szabadkereskedelmi Kik\u00f6t\u0151 teljes k\u00f6r\u0171, v\u00e1mkezel\u00e9si szempontb\u00f3l \u00f6n\u00e1ll\u00f3 \u00fczemm\u00f3dja. A kl\u00edmav\u00e1ltoz\u00e1sra t\u00f6rt\u00e9n\u0151 hat\u00e1sosabb reag\u00e1l\u00e1s \u00e9rdek\u00e9ben orsz\u00e1gunk kihirdette az \u00faj ciklus\u00fa nemzeti \u00f6nk\u00e9ntes hozz\u00e1j\u00e1rul\u00e1st. A glob\u00e1lis fejleszt\u00e9si, biztons\u00e1gi \u00e9s civiliz\u00e1ci\u00f3s kezdem\u00e9nyez\u00e9s ut\u00e1n javasoltam a glob\u00e1lis korm\u00e1nyz\u00e1si kezdem\u00e9nyez\u00e9st, hogy egy igazs\u00e1gosabb, \u00e9sszer\u0171bb korm\u00e1nyz\u00e1si rendszert alak\u00edtsunk ki vil\u00e1gszerte. A mai vil\u00e1gra a v\u00e1ltoz\u00e1s \u00e9s a z\u0171rzavar jellemz\u0151, egyes ter\u00fcleteket tov\u00e1bbra is h\u00e1bor\u00fa s\u00fajt. K\u00edna mindig a t\u00f6rt\u00e9nelmileg helyes oldalon \u00e1ll, k\u00e9sz m\u00e1s orsz\u00e1gokkal hozz\u00e1j\u00e1rulni a vil\u00e1g b\u00e9k\u00e9j\u00e9hez \u00e9s fejl\u0151d\u00e9s\u00e9hez, k\u00e9sz el\u0151mozd\u00edtani az emberis\u00e9g sorsk\u00f6z\u00f6ss\u00e9g\u00e9nek ki\u00e9p\u00edt\u00e9s\u00e9t.<\/p>\n\n\n\n<p class=\"wp-block-paragraph\">Nemr\u00e9g r\u00e9szt vettem a Nemzeti J\u00e1t\u00e9kok nyit\u00f3\u00fcnneps\u00e9g\u00e9n. Milyen \u00f6r\u00f6m\u00f6t jelentett, hogy Guangdong tartom\u00e1ny, Hongkong \u00e9s Maka\u00f3 egy sz\u00edvvel egy \u00faton j\u00e1r. Rend\u00edthetetlen\u00fcl v\u00e9gre kell hajtani az \u201eegy orsz\u00e1g, k\u00e9t t\u00e1rsadalmi rendszer\u201d politik\u00e1t, t\u00e1mogatni kell, hogy Hongkong \u00e9s Maka\u00f3 nagyobb szerepet v\u00e1llaljon az orsz\u00e1g fejl\u0151d\u00e9s\u00e9nek nagy terv\u00e9ben, \u00e9s hossz\u00fa t\u00e1v\u00fa stabilit\u00e1st \u00e9s fellend\u00fcl\u00e9st \u00e9rjen el. A Tajvani-tengerszoros k\u00e9t partj\u00e1n \u00e9l\u0151 honfit\u00e1rsak egy csal\u00e1dba tartoznak, a haza egyes\u00edt\u00e9s\u00e9n alapul\u00f3 t\u00f6rt\u00e9nelmi halad\u00e1s tendenci\u00e1ja meg\u00e1ll\u00edthatatlan!<\/p>\n\n\n\n<p class=\"wp-block-paragraph\">Csak egy vir\u00e1gz\u00f3 p\u00e1rt k\u00e9pes er\u0151s orsz\u00e1got vezetni. V\u00e9grehajtottuk az eg\u00e9sz p\u00e1rtra kiterjed\u0151 oktat\u00e1si kamp\u00e1nyt a k\u00f6zponti nyolcpontos hat\u00e1rozat szellem\u00e9nek elm\u00e9ly\u00edt\u00e9s\u00e9re. Megb\u00edzhat\u00f3 int\u00e9zked\u00e9sekkel szigor\u00faan korm\u00e1nyoztuk \u00e9s ellen\u0151rizt\u00fck a K\u00ednai Kommunista P\u00e1rtot, az elhalt sz\u00f6vetek elt\u00e1vol\u00edt\u00e1s\u00e1val \u00e9s az \u00faj sz\u00f6vetek regener\u00e1l\u00f3d\u00e1s\u00e1val v\u00e9grehajtottuk saj\u00e1t reformunkat, a p\u00e1rt- \u00e9s politikai hangulat folyamatosan javul. Fejl\u0151d\u00e9sre t\u00f6rekedve szem el\u0151tt kell tartani az eredeti sz\u00e1nd\u00e9kunkat \u00e9s k\u00fcldet\u00e9s\u00fcnket, kitart\u00f3an, hossz\u00fa t\u00e1von ker\u00fclj\u00fck el a korm\u00e1nyz\u00f3 p\u00e1rt \u00f6rd\u00f6gi k\u00f6r\u00e9t, \u00e9s a n\u00e9pnek id\u0151szer\u0171, megfelel\u0151 v\u00e1laszt adjunk.<\/p>\n\n\n\n<p class=\"wp-block-paragraph\">2026 a 15. \u00f6t\u00e9ves terv nyit\u00f3 \u00e9ve lesz. A lend\u00fcletes \u00e9lenj\u00e1r\u00f3k gondoskodnak a v\u00e9geredm\u00e9nyr\u0151l, a sikert arat\u00f3k a kezdetekt\u0151l terveznek. R\u00f6gz\u00edten\u00fcnk kell a c\u00e9lokat, er\u0151s\u00edten\u00fcnk kell az \u00f6nbizalmat, a helyzetet kihaszn\u00e1lva kell el\u0151re l\u00e9pn\u00fcnk, szil\u00e1rd alapokra t\u00e1maszkodva hozz\u00e1 kell j\u00e1rulnunk a magas min\u0151s\u00e9g\u0171 fejleszt\u00e9shez, tov\u00e1bbra is \u00e1tfog\u00f3an m\u00e9ly\u00edten\u00fcnk kell a reformot \u00e9s nyit\u00e1st, el\u0151 kell mozd\u00edtanunk nemzet\u00fcnk k\u00f6z\u00f6s j\u00f3l\u00e9t\u00e9t, \u00e9s folytatnunk kell K\u00edna csod\u00e1j\u00e1nak \u00faj fejezet\u00e9t.<\/p>\n\n\n\n<p class=\"wp-block-paragraph\">Amikor \u00e1lmokat \u0171z\u00fcnk a hegyeken \u00e9s tengereken t\u00fal, nem \u00e9rezz\u00fck, hogy messze az \u00fat. Az el\u0151tt\u00fcnk felt\u00e1rul\u00f3 p\u00e1ly\u00e1n nagy l\u00e9p\u00e9sekkel haladjunk el\u0151re. A lovakat biztat\u00f3, ostorral m\u00e9hest terel\u0151 b\u00e1tors\u00e1ggal, a t\u00f6bb 10 ezer rohan\u00f3 l\u00f3 \u00e9leterej\u00e9vel, a sz\u00fcntelen\u00fcl f\u00f6ldet kap\u00e1l\u00f3 l\u00f3pat\u00e1k \u00e1ltal k\u00e9pviselt er\u0151vel egy\u00fctt k\u00fczdj\u00fcnk az \u00e1lmok\u00e9rt, dolgozzunk a boldogs\u00e1g\u00e9rt, \u00e9s v\u00e1ltsuk sz\u00e9ps\u00e9ges val\u00f3ra a nagyszab\u00e1s\u00fa l\u00e1tom\u00e1st.<\/p>\n\n\n\n<p class=\"wp-block-paragraph\">Hamarosan felkel a nap az \u00faj \u00e9vben. K\u00edv\u00e1nom, hogy haz\u00e1nk gy\u00f6ny\u00f6r\u0171 t\u00e1jai, b\u0151s\u00e9ges f\u00f6ldjei \u00f6lt\u00f6zzenek orsz\u00e1gszerte napf\u00e9nybe! Legyen mindenki sz\u00edv\u00e9ben \u00f6r\u00f6m, k\u00eds\u00e9rje mindenki p\u00e1ly\u00e1j\u00e1t siker, \u00e9s teljes\u00fclj\u00f6n minden k\u00edv\u00e1ns\u00e1g!<\/p>\n\n\n\n<p class=\"wp-block-paragraph\"><strong><em>2025. 12. 31.<\/em><\/strong><\/p>\n\n\n\n<p class=\"wp-block-paragraph\"><strong>(China Media Group)<\/strong><\/p>\n\n\n\n<p class=\"wp-block-paragraph\"><strong><em>(x)<\/em><\/strong><\/p>\n","protected":false},"excerpt":{"rendered":"<p>Az \u00faj\u00e9vet megel\u0151z\u0151 napon Hszi Csin-ping k\u00ednai \u00e1llameln\u00f6k a China Media Group \u00e9s az internet r\u00e9v\u00e9n k\u00f6zz\u00e9tette 2026-os \u00faj\u00e9vi k\u00f6sz\u00f6nt\u0151j\u00e9t. Elvt\u00e1rsaim, bar\u00e1taim, h\u00f6lgyeim \u00e9s uraim! J\u00f3 napot k\u00edv\u00e1nok mindenkinek! Az \u00e9v v\u00e1ltoz\u00e1sakor az \u00e9let fejezete egyik napr\u00f3l a m\u00e1sikra meg\u00fajul. Az \u00faj \u00e9v bek\u00f6sz\u00f6nte alkalm\u00e1b\u00f3l j\u00f3k\u00edv\u00e1ns\u00e1gaimat fejezem ki mindenkinek Pekingb\u0151l! 2025 az utols\u00f3 \u00e9ve a [&hellip;]<\/p>\n","protected":false},"author":7,"featured_media":28157,"comment_status":"closed","ping_status":"","sticky":false,"template":"","format":"standard","meta":{"footnotes":""},"categories":[4797],"tags":[370,512,305,398,3696,326,2019,3658],"class_list":["post-28037","post","type-post","status-publish","format-standard","has-post-thumbnail","hentry","category-egyeb-hirek","tag-beszed","tag-china-media-group","tag-hszi-csin-ping","tag-kapcsolat","tag-kina","tag-kinai-allamelnok","tag-koszonto","tag-ujev"],"yoast_head":"<!-- This site is optimized with the Yoast SEO plugin v23.7 - https:\/\/yoast.com\/wordpress\/plugins\/seo\/ -->\n<title>Hszi Csin-ping k\u00ednai \u00e1llameln\u00f6k 2026-os \u00faj\u00e9vi k\u00f6sz\u00f6nt\u0151je - kinaikaleidoszkop.hu<\/title>\n<meta name=\"robots\" content=\"index, follow, max-snippet:-1, max-image-preview:large, max-video-preview:-1\" \/>\n<link rel=\"canonical\" href=\"https:\/\/pestcentrum.hu\/2025\/12\/31\/hszi-csin-ping-kinai-allamelnok-2026-os-ujevi-koszontoje\/\" \/>\n<meta property=\"og:locale\" content=\"hu_HU\" \/>\n<meta property=\"og:type\" content=\"article\" \/>\n<meta property=\"og:title\" content=\"Hszi Csin-ping k\u00ednai \u00e1llameln\u00f6k 2026-os \u00faj\u00e9vi k\u00f6sz\u00f6nt\u0151je - kinaikaleidoszkop.hu\" \/>\n<meta property=\"og:description\" content=\"Az \u00faj\u00e9vet megel\u0151z\u0151 napon Hszi Csin-ping k\u00ednai \u00e1llameln\u00f6k a China Media Group \u00e9s az internet r\u00e9v\u00e9n k\u00f6zz\u00e9tette 2026-os \u00faj\u00e9vi k\u00f6sz\u00f6nt\u0151j\u00e9t. Elvt\u00e1rsaim, bar\u00e1taim, h\u00f6lgyeim \u00e9s uraim! J\u00f3 napot k\u00edv\u00e1nok mindenkinek! Az \u00e9v v\u00e1ltoz\u00e1sakor az \u00e9let fejezete egyik napr\u00f3l a m\u00e1sikra meg\u00fajul. Az \u00faj \u00e9v bek\u00f6sz\u00f6nte alkalm\u00e1b\u00f3l j\u00f3k\u00edv\u00e1ns\u00e1gaimat fejezem ki mindenkinek Pekingb\u0151l! 2025 az utols\u00f3 \u00e9ve a [&hellip;]\" \/>\n<meta property=\"og:url\" content=\"https:\/\/kinaikaleidoszkop.hu\/index.php\/2025\/12\/31\/hszi-csin-ping-kinai-allamelnok-2026-os-ujevi-koszontoje\/\" \/>\n<meta property=\"og:site_name\" content=\"kinaikaleidoszkop.hu\" \/>\n<meta property=\"article:published_time\" content=\"2025-12-31T13:20:22+00:00\" \/>\n<meta property=\"article:modified_time\" content=\"2026-01-05T15:38:13+00:00\" \/>\n<meta property=\"og:image\" content=\"https:\/\/kinaikaleidoszkop.hu\/wp-content\/uploads\/2025\/12\/1231xijinping.jpg\" \/>\n\t<meta property=\"og:image:width\" content=\"900\" \/>\n\t<meta property=\"og:image:height\" content=\"600\" \/>\n\t<meta property=\"og:image:type\" content=\"image\/jpeg\" \/>\n<meta name=\"author\" content=\"Szerk_Erik\" \/>\n<meta name=\"twitter:card\" content=\"summary_large_image\" \/>\n<meta name=\"twitter:label1\" content=\"Szerz\u0151:\" \/>\n\t<meta name=\"twitter:data1\" content=\"PestCentrum\" \/>\n\t<meta name=\"twitter:label2\" content=\"Becs\u00fclt olvas\u00e1si id\u0151\" \/>\n\t<meta name=\"twitter:data2\" content=\"6 perc\" \/>\n<script type=\"application\/ld+json\" class=\"yoast-schema-graph\">{\"@context\":\"https:\/\/schema.org\",\"@graph\":[{\"@type\":\"WebPage\",\"@id\":\"https:\/\/kinaikaleidoszkop.hu\/index.php\/2025\/12\/31\/hszi-csin-ping-kinai-allamelnok-2026-os-ujevi-koszontoje\/\",\"url\":\"https:\/\/kinaikaleidoszkop.hu\/index.php\/2025\/12\/31\/hszi-csin-ping-kinai-allamelnok-2026-os-ujevi-koszontoje\/\",\"name\":\"Hszi Csin-ping k\u00ednai \u00e1llameln\u00f6k 2026-os \u00faj\u00e9vi k\u00f6sz\u00f6nt\u0151je - kinaikaleidoszkop.hu\",\"isPartOf\":{\"@id\":\"https:\/\/kinaikaleidoszkop.hu\/#website\"},\"primaryImageOfPage\":{\"@id\":\"https:\/\/kinaikaleidoszkop.hu\/index.php\/2025\/12\/31\/hszi-csin-ping-kinai-allamelnok-2026-os-ujevi-koszontoje\/#primaryimage\"},\"image\":{\"@id\":\"https:\/\/kinaikaleidoszkop.hu\/index.php\/2025\/12\/31\/hszi-csin-ping-kinai-allamelnok-2026-os-ujevi-koszontoje\/#primaryimage\"},\"thumbnailUrl\":\"https:\/\/kinaikaleidoszkop.hu\/wp-content\/uploads\/2025\/12\/1231xijinping.jpg\",\"datePublished\":\"2025-12-31T13:20:22+00:00\",\"dateModified\":\"2026-01-05T15:38:13+00:00\",\"author\":{\"@id\":\"https:\/\/kinaikaleidoszkop.hu\/#\/schema\/person\/4d69b71e7e70322713b9d9287b610556\"},\"breadcrumb\":{\"@id\":\"https:\/\/kinaikaleidoszkop.hu\/index.php\/2025\/12\/31\/hszi-csin-ping-kinai-allamelnok-2026-os-ujevi-koszontoje\/#breadcrumb\"},\"inLanguage\":\"hu\",\"potentialAction\":[{\"@type\":\"ReadAction\",\"target\":[\"https:\/\/kinaikaleidoszkop.hu\/index.php\/2025\/12\/31\/hszi-csin-ping-kinai-allamelnok-2026-os-ujevi-koszontoje\/\"]}]},{\"@type\":\"ImageObject\",\"inLanguage\":\"hu\",\"@id\":\"https:\/\/kinaikaleidoszkop.hu\/index.php\/2025\/12\/31\/hszi-csin-ping-kinai-allamelnok-2026-os-ujevi-koszontoje\/#primaryimage\",\"url\":\"https:\/\/kinaikaleidoszkop.hu\/wp-content\/uploads\/2025\/12\/1231xijinping.jpg\",\"contentUrl\":\"https:\/\/kinaikaleidoszkop.hu\/wp-content\/uploads\/2025\/12\/1231xijinping.jpg\",\"width\":900,\"height\":600},{\"@type\":\"BreadcrumbList\",\"@id\":\"https:\/\/kinaikaleidoszkop.hu\/index.php\/2025\/12\/31\/hszi-csin-ping-kinai-allamelnok-2026-os-ujevi-koszontoje\/#breadcrumb\",\"itemListElement\":[{\"@type\":\"ListItem\",\"position\":1,\"name\":\"Kezd\u0151lap\",\"item\":\"https:\/\/kinaikaleidoszkop.hu\/\"},{\"@type\":\"ListItem\",\"position\":2,\"name\":\"Hszi Csin-ping k\u00ednai \u00e1llameln\u00f6k 2026-os \u00faj\u00e9vi k\u00f6sz\u00f6nt\u0151je\"}]},{\"@type\":\"WebSite\",\"@id\":\"https:\/\/kinaikaleidoszkop.hu\/#website\",\"url\":\"https:\/\/kinaikaleidoszkop.hu\/\",\"name\":\"kinaikaleidoszkop.hu\",\"description\":\"\",\"potentialAction\":[{\"@type\":\"SearchAction\",\"target\":{\"@type\":\"EntryPoint\",\"urlTemplate\":\"https:\/\/kinaikaleidoszkop.hu\/?s={search_term_string}\"},\"query-input\":{\"@type\":\"PropertyValueSpecification\",\"valueRequired\":true,\"valueName\":\"search_term_string\"}}],\"inLanguage\":\"hu\"},{\"@type\":\"Person\",\"@id\":\"https:\/\/kinaikaleidoszkop.hu\/#\/schema\/person\/4d69b71e7e70322713b9d9287b610556\",\"name\":\"Szerk_Erik\",\"image\":{\"@type\":\"ImageObject\",\"inLanguage\":\"hu\",\"@id\":\"https:\/\/kinaikaleidoszkop.hu\/#\/schema\/person\/image\/\",\"url\":\"https:\/\/secure.gravatar.com\/avatar\/3c1e909a14c0c91d2eaef877aaacb584c667f8e7137de69653aa9561fd0e8062?s=96&d=mm&r=g\",\"contentUrl\":\"https:\/\/secure.gravatar.com\/avatar\/3c1e909a14c0c91d2eaef877aaacb584c667f8e7137de69653aa9561fd0e8062?s=96&d=mm&r=g\",\"caption\":\"Szerk_Erik\"},\"url\":\"https:\/\/pestcentrum.hu\"}]}<\/script>\n<!-- \/ Yoast SEO plugin. -->","yoast_head_json":{"title":"Hszi Csin-ping k\u00ednai \u00e1llameln\u00f6k 2026-os \u00faj\u00e9vi k\u00f6sz\u00f6nt\u0151je - kinaikaleidoszkop.hu","robots":{"index":"index","follow":"follow","max-snippet":"max-snippet:-1","max-image-preview":"max-image-preview:large","max-video-preview":"max-video-preview:-1"},"canonical":"https:\/\/pestcentrum.hu\/2025\/12\/31\/hszi-csin-ping-kinai-allamelnok-2026-os-ujevi-koszontoje\/","og_locale":"hu_HU","og_type":"article","og_title":"Hszi Csin-ping k\u00ednai \u00e1llameln\u00f6k 2026-os \u00faj\u00e9vi k\u00f6sz\u00f6nt\u0151je - kinaikaleidoszkop.hu","og_description":"Az \u00faj\u00e9vet megel\u0151z\u0151 napon Hszi Csin-ping k\u00ednai \u00e1llameln\u00f6k a China Media Group \u00e9s az internet r\u00e9v\u00e9n k\u00f6zz\u00e9tette 2026-os \u00faj\u00e9vi k\u00f6sz\u00f6nt\u0151j\u00e9t. Elvt\u00e1rsaim, bar\u00e1taim, h\u00f6lgyeim \u00e9s uraim! J\u00f3 napot k\u00edv\u00e1nok mindenkinek! Az \u00e9v v\u00e1ltoz\u00e1sakor az \u00e9let fejezete egyik napr\u00f3l a m\u00e1sikra meg\u00fajul. Az \u00faj \u00e9v bek\u00f6sz\u00f6nte alkalm\u00e1b\u00f3l j\u00f3k\u00edv\u00e1ns\u00e1gaimat fejezem ki mindenkinek Pekingb\u0151l! 2025 az utols\u00f3 \u00e9ve a [&hellip;]","og_url":"https:\/\/kinaikaleidoszkop.hu\/index.php\/2025\/12\/31\/hszi-csin-ping-kinai-allamelnok-2026-os-ujevi-koszontoje\/","og_site_name":"kinaikaleidoszkop.hu","article_published_time":"2025-12-31T13:20:22+00:00","article_modified_time":"2026-01-05T15:38:13+00:00","og_image":[{"width":900,"height":600,"url":"https:\/\/kinaikaleidoszkop.hu\/wp-content\/uploads\/2025\/12\/1231xijinping.jpg","type":"image\/jpeg"}],"author":"Szerk_Erik","twitter_card":"summary_large_image","twitter_misc":{"Szerz\u0151:":"PestCentrum","Becs\u00fclt olvas\u00e1si id\u0151":"6 perc"},"schema":{"@context":"https:\/\/schema.org","@graph":[{"@type":"WebPage","@id":"https:\/\/kinaikaleidoszkop.hu\/index.php\/2025\/12\/31\/hszi-csin-ping-kinai-allamelnok-2026-os-ujevi-koszontoje\/","url":"https:\/\/kinaikaleidoszkop.hu\/index.php\/2025\/12\/31\/hszi-csin-ping-kinai-allamelnok-2026-os-ujevi-koszontoje\/","name":"Hszi Csin-ping k\u00ednai \u00e1llameln\u00f6k 2026-os \u00faj\u00e9vi k\u00f6sz\u00f6nt\u0151je - kinaikaleidoszkop.hu","isPartOf":{"@id":"https:\/\/kinaikaleidoszkop.hu\/#website"},"primaryImageOfPage":{"@id":"https:\/\/kinaikaleidoszkop.hu\/index.php\/2025\/12\/31\/hszi-csin-ping-kinai-allamelnok-2026-os-ujevi-koszontoje\/#primaryimage"},"image":{"@id":"https:\/\/kinaikaleidoszkop.hu\/index.php\/2025\/12\/31\/hszi-csin-ping-kinai-allamelnok-2026-os-ujevi-koszontoje\/#primaryimage"},"thumbnailUrl":"https:\/\/kinaikaleidoszkop.hu\/wp-content\/uploads\/2025\/12\/1231xijinping.jpg","datePublished":"2025-12-31T13:20:22+00:00","dateModified":"2026-01-05T15:38:13+00:00","author":{"@id":"https:\/\/kinaikaleidoszkop.hu\/#\/schema\/person\/4d69b71e7e70322713b9d9287b610556"},"breadcrumb":{"@id":"https:\/\/kinaikaleidoszkop.hu\/index.php\/2025\/12\/31\/hszi-csin-ping-kinai-allamelnok-2026-os-ujevi-koszontoje\/#breadcrumb"},"inLanguage":"hu","potentialAction":[{"@type":"ReadAction","target":["https:\/\/kinaikaleidoszkop.hu\/index.php\/2025\/12\/31\/hszi-csin-ping-kinai-allamelnok-2026-os-ujevi-koszontoje\/"]}]},{"@type":"ImageObject","inLanguage":"hu","@id":"https:\/\/kinaikaleidoszkop.hu\/index.php\/2025\/12\/31\/hszi-csin-ping-kinai-allamelnok-2026-os-ujevi-koszontoje\/#primaryimage","url":"https:\/\/kinaikaleidoszkop.hu\/wp-content\/uploads\/2025\/12\/1231xijinping.jpg","contentUrl":"https:\/\/kinaikaleidoszkop.hu\/wp-content\/uploads\/2025\/12\/1231xijinping.jpg","width":900,"height":600},{"@type":"BreadcrumbList","@id":"https:\/\/kinaikaleidoszkop.hu\/index.php\/2025\/12\/31\/hszi-csin-ping-kinai-allamelnok-2026-os-ujevi-koszontoje\/#breadcrumb","itemListElement":[{"@type":"ListItem","position":1,"name":"Kezd\u0151lap","item":"https:\/\/kinaikaleidoszkop.hu\/"},{"@type":"ListItem","position":2,"name":"Hszi Csin-ping k\u00ednai \u00e1llameln\u00f6k 2026-os \u00faj\u00e9vi k\u00f6sz\u00f6nt\u0151je"}]},{"@type":"WebSite","@id":"https:\/\/kinaikaleidoszkop.hu\/#website","url":"https:\/\/kinaikaleidoszkop.hu\/","name":"kinaikaleidoszkop.hu","description":"","potentialAction":[{"@type":"SearchAction","target":{"@type":"EntryPoint","urlTemplate":"https:\/\/kinaikaleidoszkop.hu\/?s={search_term_string}"},"query-input":{"@type":"PropertyValueSpecification","valueRequired":true,"valueName":"search_term_string"}}],"inLanguage":"hu"},{"@type":"Person","@id":"https:\/\/kinaikaleidoszkop.hu\/#\/schema\/person\/4d69b71e7e70322713b9d9287b610556","name":"Szerk_Erik","image":{"@type":"ImageObject","inLanguage":"hu","@id":"https:\/\/kinaikaleidoszkop.hu\/#\/schema\/person\/image\/","url":"https:\/\/secure.gravatar.com\/avatar\/3c1e909a14c0c91d2eaef877aaacb584c667f8e7137de69653aa9561fd0e8062?s=96&d=mm&r=g","contentUrl":"https:\/\/secure.gravatar.com\/avatar\/3c1e909a14c0c91d2eaef877aaacb584c667f8e7137de69653aa9561fd0e8062?s=96&d=mm&r=g","caption":"Szerk_Erik"},"url":"https:\/\/pestcentrum.hu"}]}},"views":123,"distributor_meta":false,"distributor_terms":false,"distributor_media":false,"distributor_original_site_name":"PestCentrum","distributor_original_site_url":"https:\/\/pestcentrum.hu","push-errors":false,"_links":{"self":[{"href":"https:\/\/kinaikaleidoszkop.hu\/index.php\/wp-json\/wp\/v2\/posts\/28037","targetHints":{"allow":["GET"]}}],"collection":[{"href":"https:\/\/kinaikaleidoszkop.hu\/index.php\/wp-json\/wp\/v2\/posts"}],"about":[{"href":"https:\/\/kinaikaleidoszkop.hu\/index.php\/wp-json\/wp\/v2\/types\/post"}],"author":[{"embeddable":true,"href":"https:\/\/kinaikaleidoszkop.hu\/index.php\/wp-json\/wp\/v2\/users\/7"}],"replies":[{"embeddable":true,"href":"https:\/\/kinaikaleidoszkop.hu\/index.php\/wp-json\/wp\/v2\/comments?post=28037"}],"version-history":[{"count":1,"href":"https:\/\/kinaikaleidoszkop.hu\/index.php\/wp-json\/wp\/v2\/posts\/28037\/revisions"}],"predecessor-version":[{"id":28155,"href":"https:\/\/kinaikaleidoszkop.hu\/index.php\/wp-json\/wp\/v2\/posts\/28037\/revisions\/28155"}],"wp:featuredmedia":[{"embeddable":true,"href":"https:\/\/kinaikaleidoszkop.hu\/index.php\/wp-json\/wp\/v2\/media\/28157"}],"wp:attachment":[{"href":"https:\/\/kinaikaleidoszkop.hu\/index.php\/wp-json\/wp\/v2\/media?parent=28037"}],"wp:term":[{"taxonomy":"category","embeddable":true,"href":"https:\/\/kinaikaleidoszkop.hu\/index.php\/wp-json\/wp\/v2\/categories?post=28037"},{"taxonomy":"post_tag","embeddable":true,"href":"https:\/\/kinaikaleidoszkop.hu\/index.php\/wp-json\/wp\/v2\/tags?post=28037"}],"curies":[{"name":"wp","href":"https:\/\/api.w.org\/{rel}","templated":true}]}}