{"id":28053,"date":"2026-01-04T12:54:27","date_gmt":"2026-01-04T11:54:27","guid":{"rendered":"https:\/\/kinaikaleidoszkop.hu\/index.php\/2026\/01\/04\/peking-kina-eliteli-a-venezuela-elleni-amerikai-katonai-fellepest-es-az-elnoki-par-azonnali-szabadon-bocsatasat-koveteli\/"},"modified":"2026-01-04T12:54:27","modified_gmt":"2026-01-04T11:54:27","slug":"peking-kina-eliteli-a-venezuela-elleni-amerikai-katonai-fellepest-es-az-elnoki-par-azonnali-szabadon-bocsatasat-koveteli","status":"publish","type":"post","link":"https:\/\/kinaikaleidoszkop.hu\/index.php\/2026\/01\/04\/peking-kina-eliteli-a-venezuela-elleni-amerikai-katonai-fellepest-es-az-elnoki-par-azonnali-szabadon-bocsatasat-koveteli\/","title":{"rendered":"Peking: K\u00edna el\u00edt\u00e9li a Venezuela elleni amerikai katonai fell\u00e9p\u00e9st \u00e9s az eln\u00f6ki p\u00e1r azonnali szabadon bocs\u00e1t\u00e1s\u00e1t k\u00f6veteli"},"content":{"rendered":"\n<p class=\"wp-block-paragraph\"><strong>Peking m\u00e9ly megd\u00f6bben\u00e9s\u00e9t fejezte ki \u00e9s hat\u00e1rozottan el\u00edt\u00e9lte, hogy az Egyes\u00fclt \u00c1llamok katonai er\u0151t alkalmazott egy szuver\u00e9n \u00e1llam \u00e9s annak eln\u00f6ke ellen, k\u00f6z\u00f6lte janu\u00e1r 3-\u00e1n a k\u00ednai k\u00fcl\u00fcgyi sz\u00f3viv\u0151.<\/strong><\/p>\n\n\n<div class=\"wp-block-image\">\n<figure class=\"aligncenter size-full\"><img decoding=\"async\" src=\"https:\/\/pestcentrum.hu\/wp-content\/uploads\/2026\/01\/0104CMGPeking-Kina-eliteli-a-Venezuela-elleni-amerikai-katonai-fellepest-es-az-elnoki-par-azonnali-szabadon-bocsatasat-koveteli.jpg\" alt=\"\" class=\"wp-image-42648\"\/><figcaption class=\"wp-element-caption\"><strong><em>A k\u00ednai k\u00fcl\u00fcgyminiszt\u00e9rium \u00e9p\u00fclete.<\/em><\/strong><\/figcaption><\/figure>\n<\/div>\n\n\n<p class=\"wp-block-paragraph\">A k\u00ednai korm\u00e1ny szerint ez a hegemonisztikus l\u00e9p\u00e9s s\u00falyosan s\u00e9rti a nemzetk\u00f6zi jogot \u00e9s Venezuela szuverenit\u00e1s\u00e1t, mik\u00f6zben fenyegeti Latin-Amerika \u00e9s a Karib-t\u00e9rs\u00e9g b\u00e9k\u00e9j\u00e9t \u00e9s biztons\u00e1g\u00e1t. K\u00edna hat\u00e1rozottan ellenzi a fegyveres beavatkoz\u00e1st, \u00e9s s\u00fcrgeti az amerikai felet, hogy marad\u00e9ktalanul tartsa be a nemzetk\u00f6zi jogot, valamint az ENSZ Alapokm\u00e1ny\u00e1nak c\u00e9ljait \u00e9s alapvet\u0151 elveit.<\/p>\n\n\n\n<p class=\"wp-block-paragraph\">A helyzet tov\u00e1bbi alakul\u00e1s\u00e1ra reag\u00e1lva a k\u00ednai k\u00fcl\u00fcgyi sz\u00f3viv\u0151 janu\u00e1r 4-\u00e9n \u00fajabb \u00e1ll\u00e1sfoglal\u00e1st tett k\u00f6zz\u00e9 Nicol\u00e1s Maduro eln\u00f6k \u00e9s feles\u00e9ge er\u0151szakos \u0151rizetbe v\u00e9tele, valamint az orsz\u00e1gb\u00f3l val\u00f3 elt\u00e1vol\u00edt\u00e1sa kapcs\u00e1n. A sz\u00f3viv\u0151 nyomat\u00e9kosan felsz\u00f3l\u00edtotta Washingtont, hogy azonnal hagyjon fel m\u00e1s nemzetek szuverenit\u00e1s\u00e1nak \u00e9s biztons\u00e1g\u00e1nak megs\u00e9rt\u00e9s\u00e9vel. K\u00edna felsz\u00f3l\u00edtotta az amerikai felet, hogy minden k\u00f6r\u00fclm\u00e9nyek k\u00f6z\u00f6tt szavatolja az eln\u00f6ki p\u00e1r szem\u00e9lyes biztons\u00e1g\u00e1t.<\/p>\n\n\n\n<p class=\"wp-block-paragraph\">A k\u00fcl\u00fcgyminiszt\u00e9rium k\u00f6zlem\u00e9nye szerint a fenn\u00e1ll\u00f3 probl\u00e9m\u00e1kat kiz\u00e1r\u00f3lag b\u00e9k\u00e9s p\u00e1rbesz\u00e9d \u00e9s politikai t\u00e1rgyal\u00e1sok \u00fatj\u00e1n szabad rendezni. Peking v\u00e9g\u00fcl meger\u0151s\u00edtette, hogy K\u00edna tov\u00e1bbra is elk\u00f6telezett marad a szuver\u00e9n \u00e1llamok integrit\u00e1s\u00e1nak v\u00e9delme \u00e9s a nemzetk\u00f6zi jogi rend fenntart\u00e1sa mellett.<\/p>\n\n\n\n<p class=\"wp-block-paragraph\"><strong><em>(Wang Yuzhe \u2013 China Media Group)<\/em><\/strong><\/p>\n\n\n\n<p class=\"wp-block-paragraph\"><strong>2026. janu\u00e1r 4.<\/strong><\/p>\n\n\n\n<p class=\"wp-block-paragraph\"><strong><em>(x)<\/em><\/strong><\/p>\n","protected":false},"excerpt":{"rendered":"<p>Peking m\u00e9ly megd\u00f6bben\u00e9s\u00e9t fejezte ki \u00e9s hat\u00e1rozottan el\u00edt\u00e9lte, hogy az Egyes\u00fclt \u00c1llamok katonai er\u0151t alkalmazott egy szuver\u00e9n \u00e1llam \u00e9s annak eln\u00f6ke ellen, k\u00f6z\u00f6lte janu\u00e1r 3-\u00e1n a k\u00ednai k\u00fcl\u00fcgyi sz\u00f3viv\u0151. A k\u00ednai korm\u00e1ny szerint ez a hegemonisztikus l\u00e9p\u00e9s s\u00falyosan s\u00e9rti a nemzetk\u00f6zi jogot \u00e9s Venezuela szuverenit\u00e1s\u00e1t, mik\u00f6zben fenyegeti Latin-Amerika \u00e9s a Karib-t\u00e9rs\u00e9g b\u00e9k\u00e9j\u00e9t \u00e9s biztons\u00e1g\u00e1t. K\u00edna [&hellip;]<\/p>\n","protected":false},"author":7,"featured_media":28054,"comment_status":"","ping_status":"","sticky":false,"template":"","format":"standard","meta":{"footnotes":""},"categories":[4797],"tags":[131,5807,5808,3696,3034,141,578,3032],"class_list":["post-28053","post","type-post","status-publish","format-standard","has-post-thumbnail","hentry","category-egyeb-hirek","tag-egyesult-allamok","tag-elnoki-par","tag-katonai-fellepes","tag-kina","tag-nicolas-maduro","tag-peking","tag-szuverenitas","tag-venezuela"],"yoast_head":"<!-- This site is optimized with the Yoast SEO plugin v23.7 - https:\/\/yoast.com\/wordpress\/plugins\/seo\/ -->\n<title>Peking: K\u00edna el\u00edt\u00e9li a Venezuela elleni amerikai katonai fell\u00e9p\u00e9st \u00e9s az eln\u00f6ki p\u00e1r azonnali szabadon bocs\u00e1t\u00e1s\u00e1t k\u00f6veteli - kinaikaleidoszkop.hu<\/title>\n<meta name=\"robots\" content=\"index, follow, max-snippet:-1, max-image-preview:large, max-video-preview:-1\" \/>\n<link rel=\"canonical\" href=\"https:\/\/pestcentrum.hu\/2026\/01\/04\/peking-kina-eliteli-a-venezuela-elleni-amerikai-katonai-fellepest-es-az-elnoki-par-azonnali-szabadon-bocsatasat-koveteli\/\" \/>\n<meta property=\"og:locale\" content=\"hu_HU\" \/>\n<meta property=\"og:type\" content=\"article\" \/>\n<meta property=\"og:title\" content=\"Peking: K\u00edna el\u00edt\u00e9li a Venezuela elleni amerikai katonai fell\u00e9p\u00e9st \u00e9s az eln\u00f6ki p\u00e1r azonnali szabadon bocs\u00e1t\u00e1s\u00e1t k\u00f6veteli - kinaikaleidoszkop.hu\" \/>\n<meta property=\"og:description\" content=\"Peking m\u00e9ly megd\u00f6bben\u00e9s\u00e9t fejezte ki \u00e9s hat\u00e1rozottan el\u00edt\u00e9lte, hogy az Egyes\u00fclt \u00c1llamok katonai er\u0151t alkalmazott egy szuver\u00e9n \u00e1llam \u00e9s annak eln\u00f6ke ellen, k\u00f6z\u00f6lte janu\u00e1r 3-\u00e1n a k\u00ednai k\u00fcl\u00fcgyi sz\u00f3viv\u0151. A k\u00ednai korm\u00e1ny szerint ez a hegemonisztikus l\u00e9p\u00e9s s\u00falyosan s\u00e9rti a nemzetk\u00f6zi jogot \u00e9s Venezuela szuverenit\u00e1s\u00e1t, mik\u00f6zben fenyegeti Latin-Amerika \u00e9s a Karib-t\u00e9rs\u00e9g b\u00e9k\u00e9j\u00e9t \u00e9s biztons\u00e1g\u00e1t. K\u00edna [&hellip;]\" \/>\n<meta property=\"og:url\" content=\"https:\/\/kinaikaleidoszkop.hu\/index.php\/2026\/01\/04\/peking-kina-eliteli-a-venezuela-elleni-amerikai-katonai-fellepest-es-az-elnoki-par-azonnali-szabadon-bocsatasat-koveteli\/\" \/>\n<meta property=\"og:site_name\" content=\"kinaikaleidoszkop.hu\" \/>\n<meta property=\"article:published_time\" content=\"2026-01-04T11:54:27+00:00\" \/>\n<meta property=\"og:image\" content=\"https:\/\/kinaikaleidoszkop.hu\/wp-content\/uploads\/2026\/01\/0104CMGPeking-Kina-eliteli-a-Venezuela-elleni-amerikai-katonai-fellepest-es-az-elnoki-par-azonnali-szabadon-bocsatasat-koveteli.jpg\" \/>\n\t<meta property=\"og:image:width\" content=\"1024\" \/>\n\t<meta property=\"og:image:height\" content=\"683\" \/>\n\t<meta property=\"og:image:type\" content=\"image\/jpeg\" \/>\n<meta name=\"author\" content=\"Szerk_Erik\" \/>\n<meta name=\"twitter:card\" content=\"summary_large_image\" \/>\n<meta name=\"twitter:label1\" content=\"Szerz\u0151:\" \/>\n\t<meta name=\"twitter:data1\" content=\"PestCentrum\" \/>\n\t<meta name=\"twitter:label2\" content=\"Becs\u00fclt olvas\u00e1si id\u0151\" \/>\n\t<meta name=\"twitter:data2\" content=\"2 perc\" \/>\n<script type=\"application\/ld+json\" class=\"yoast-schema-graph\">{\"@context\":\"https:\/\/schema.org\",\"@graph\":[{\"@type\":\"WebPage\",\"@id\":\"https:\/\/kinaikaleidoszkop.hu\/index.php\/2026\/01\/04\/peking-kina-eliteli-a-venezuela-elleni-amerikai-katonai-fellepest-es-az-elnoki-par-azonnali-szabadon-bocsatasat-koveteli\/\",\"url\":\"https:\/\/kinaikaleidoszkop.hu\/index.php\/2026\/01\/04\/peking-kina-eliteli-a-venezuela-elleni-amerikai-katonai-fellepest-es-az-elnoki-par-azonnali-szabadon-bocsatasat-koveteli\/\",\"name\":\"Peking: K\u00edna el\u00edt\u00e9li a Venezuela elleni amerikai katonai fell\u00e9p\u00e9st \u00e9s az eln\u00f6ki p\u00e1r azonnali szabadon bocs\u00e1t\u00e1s\u00e1t k\u00f6veteli - kinaikaleidoszkop.hu\",\"isPartOf\":{\"@id\":\"https:\/\/kinaikaleidoszkop.hu\/#website\"},\"primaryImageOfPage\":{\"@id\":\"https:\/\/kinaikaleidoszkop.hu\/index.php\/2026\/01\/04\/peking-kina-eliteli-a-venezuela-elleni-amerikai-katonai-fellepest-es-az-elnoki-par-azonnali-szabadon-bocsatasat-koveteli\/#primaryimage\"},\"image\":{\"@id\":\"https:\/\/kinaikaleidoszkop.hu\/index.php\/2026\/01\/04\/peking-kina-eliteli-a-venezuela-elleni-amerikai-katonai-fellepest-es-az-elnoki-par-azonnali-szabadon-bocsatasat-koveteli\/#primaryimage\"},\"thumbnailUrl\":\"https:\/\/kinaikaleidoszkop.hu\/wp-content\/uploads\/2026\/01\/0104CMGPeking-Kina-eliteli-a-Venezuela-elleni-amerikai-katonai-fellepest-es-az-elnoki-par-azonnali-szabadon-bocsatasat-koveteli.jpg\",\"datePublished\":\"2026-01-04T11:54:27+00:00\",\"dateModified\":\"2026-01-04T11:54:27+00:00\",\"author\":{\"@id\":\"https:\/\/kinaikaleidoszkop.hu\/#\/schema\/person\/4d69b71e7e70322713b9d9287b610556\"},\"breadcrumb\":{\"@id\":\"https:\/\/kinaikaleidoszkop.hu\/index.php\/2026\/01\/04\/peking-kina-eliteli-a-venezuela-elleni-amerikai-katonai-fellepest-es-az-elnoki-par-azonnali-szabadon-bocsatasat-koveteli\/#breadcrumb\"},\"inLanguage\":\"hu\",\"potentialAction\":[{\"@type\":\"ReadAction\",\"target\":[\"https:\/\/kinaikaleidoszkop.hu\/index.php\/2026\/01\/04\/peking-kina-eliteli-a-venezuela-elleni-amerikai-katonai-fellepest-es-az-elnoki-par-azonnali-szabadon-bocsatasat-koveteli\/\"]}]},{\"@type\":\"ImageObject\",\"inLanguage\":\"hu\",\"@id\":\"https:\/\/kinaikaleidoszkop.hu\/index.php\/2026\/01\/04\/peking-kina-eliteli-a-venezuela-elleni-amerikai-katonai-fellepest-es-az-elnoki-par-azonnali-szabadon-bocsatasat-koveteli\/#primaryimage\",\"url\":\"https:\/\/kinaikaleidoszkop.hu\/wp-content\/uploads\/2026\/01\/0104CMGPeking-Kina-eliteli-a-Venezuela-elleni-amerikai-katonai-fellepest-es-az-elnoki-par-azonnali-szabadon-bocsatasat-koveteli.jpg\",\"contentUrl\":\"https:\/\/kinaikaleidoszkop.hu\/wp-content\/uploads\/2026\/01\/0104CMGPeking-Kina-eliteli-a-Venezuela-elleni-amerikai-katonai-fellepest-es-az-elnoki-par-azonnali-szabadon-bocsatasat-koveteli.jpg\",\"width\":1024,\"height\":683},{\"@type\":\"BreadcrumbList\",\"@id\":\"https:\/\/kinaikaleidoszkop.hu\/index.php\/2026\/01\/04\/peking-kina-eliteli-a-venezuela-elleni-amerikai-katonai-fellepest-es-az-elnoki-par-azonnali-szabadon-bocsatasat-koveteli\/#breadcrumb\",\"itemListElement\":[{\"@type\":\"ListItem\",\"position\":1,\"name\":\"Kezd\u0151lap\",\"item\":\"https:\/\/kinaikaleidoszkop.hu\/\"},{\"@type\":\"ListItem\",\"position\":2,\"name\":\"Peking: K\u00edna el\u00edt\u00e9li a Venezuela elleni amerikai katonai fell\u00e9p\u00e9st \u00e9s az eln\u00f6ki p\u00e1r azonnali szabadon bocs\u00e1t\u00e1s\u00e1t k\u00f6veteli\"}]},{\"@type\":\"WebSite\",\"@id\":\"https:\/\/kinaikaleidoszkop.hu\/#website\",\"url\":\"https:\/\/kinaikaleidoszkop.hu\/\",\"name\":\"kinaikaleidoszkop.hu\",\"description\":\"\",\"potentialAction\":[{\"@type\":\"SearchAction\",\"target\":{\"@type\":\"EntryPoint\",\"urlTemplate\":\"https:\/\/kinaikaleidoszkop.hu\/?s={search_term_string}\"},\"query-input\":{\"@type\":\"PropertyValueSpecification\",\"valueRequired\":true,\"valueName\":\"search_term_string\"}}],\"inLanguage\":\"hu\"},{\"@type\":\"Person\",\"@id\":\"https:\/\/kinaikaleidoszkop.hu\/#\/schema\/person\/4d69b71e7e70322713b9d9287b610556\",\"name\":\"Szerk_Erik\",\"image\":{\"@type\":\"ImageObject\",\"inLanguage\":\"hu\",\"@id\":\"https:\/\/kinaikaleidoszkop.hu\/#\/schema\/person\/image\/\",\"url\":\"https:\/\/secure.gravatar.com\/avatar\/3c1e909a14c0c91d2eaef877aaacb584c667f8e7137de69653aa9561fd0e8062?s=96&d=mm&r=g\",\"contentUrl\":\"https:\/\/secure.gravatar.com\/avatar\/3c1e909a14c0c91d2eaef877aaacb584c667f8e7137de69653aa9561fd0e8062?s=96&d=mm&r=g\",\"caption\":\"Szerk_Erik\"},\"url\":\"https:\/\/pestcentrum.hu\"}]}<\/script>\n<!-- \/ Yoast SEO plugin. -->","yoast_head_json":{"title":"Peking: K\u00edna el\u00edt\u00e9li a Venezuela elleni amerikai katonai fell\u00e9p\u00e9st \u00e9s az eln\u00f6ki p\u00e1r azonnali szabadon bocs\u00e1t\u00e1s\u00e1t k\u00f6veteli - kinaikaleidoszkop.hu","robots":{"index":"index","follow":"follow","max-snippet":"max-snippet:-1","max-image-preview":"max-image-preview:large","max-video-preview":"max-video-preview:-1"},"canonical":"https:\/\/pestcentrum.hu\/2026\/01\/04\/peking-kina-eliteli-a-venezuela-elleni-amerikai-katonai-fellepest-es-az-elnoki-par-azonnali-szabadon-bocsatasat-koveteli\/","og_locale":"hu_HU","og_type":"article","og_title":"Peking: K\u00edna el\u00edt\u00e9li a Venezuela elleni amerikai katonai fell\u00e9p\u00e9st \u00e9s az eln\u00f6ki p\u00e1r azonnali szabadon bocs\u00e1t\u00e1s\u00e1t k\u00f6veteli - kinaikaleidoszkop.hu","og_description":"Peking m\u00e9ly megd\u00f6bben\u00e9s\u00e9t fejezte ki \u00e9s hat\u00e1rozottan el\u00edt\u00e9lte, hogy az Egyes\u00fclt \u00c1llamok katonai er\u0151t alkalmazott egy szuver\u00e9n \u00e1llam \u00e9s annak eln\u00f6ke ellen, k\u00f6z\u00f6lte janu\u00e1r 3-\u00e1n a k\u00ednai k\u00fcl\u00fcgyi sz\u00f3viv\u0151. A k\u00ednai korm\u00e1ny szerint ez a hegemonisztikus l\u00e9p\u00e9s s\u00falyosan s\u00e9rti a nemzetk\u00f6zi jogot \u00e9s Venezuela szuverenit\u00e1s\u00e1t, mik\u00f6zben fenyegeti Latin-Amerika \u00e9s a Karib-t\u00e9rs\u00e9g b\u00e9k\u00e9j\u00e9t \u00e9s biztons\u00e1g\u00e1t. K\u00edna [&hellip;]","og_url":"https:\/\/kinaikaleidoszkop.hu\/index.php\/2026\/01\/04\/peking-kina-eliteli-a-venezuela-elleni-amerikai-katonai-fellepest-es-az-elnoki-par-azonnali-szabadon-bocsatasat-koveteli\/","og_site_name":"kinaikaleidoszkop.hu","article_published_time":"2026-01-04T11:54:27+00:00","og_image":[{"width":1024,"height":683,"url":"https:\/\/kinaikaleidoszkop.hu\/wp-content\/uploads\/2026\/01\/0104CMGPeking-Kina-eliteli-a-Venezuela-elleni-amerikai-katonai-fellepest-es-az-elnoki-par-azonnali-szabadon-bocsatasat-koveteli.jpg","type":"image\/jpeg"}],"author":"Szerk_Erik","twitter_card":"summary_large_image","twitter_misc":{"Szerz\u0151:":"PestCentrum","Becs\u00fclt olvas\u00e1si id\u0151":"2 perc"},"schema":{"@context":"https:\/\/schema.org","@graph":[{"@type":"WebPage","@id":"https:\/\/kinaikaleidoszkop.hu\/index.php\/2026\/01\/04\/peking-kina-eliteli-a-venezuela-elleni-amerikai-katonai-fellepest-es-az-elnoki-par-azonnali-szabadon-bocsatasat-koveteli\/","url":"https:\/\/kinaikaleidoszkop.hu\/index.php\/2026\/01\/04\/peking-kina-eliteli-a-venezuela-elleni-amerikai-katonai-fellepest-es-az-elnoki-par-azonnali-szabadon-bocsatasat-koveteli\/","name":"Peking: K\u00edna el\u00edt\u00e9li a Venezuela elleni amerikai katonai fell\u00e9p\u00e9st \u00e9s az eln\u00f6ki p\u00e1r azonnali szabadon bocs\u00e1t\u00e1s\u00e1t k\u00f6veteli - kinaikaleidoszkop.hu","isPartOf":{"@id":"https:\/\/kinaikaleidoszkop.hu\/#website"},"primaryImageOfPage":{"@id":"https:\/\/kinaikaleidoszkop.hu\/index.php\/2026\/01\/04\/peking-kina-eliteli-a-venezuela-elleni-amerikai-katonai-fellepest-es-az-elnoki-par-azonnali-szabadon-bocsatasat-koveteli\/#primaryimage"},"image":{"@id":"https:\/\/kinaikaleidoszkop.hu\/index.php\/2026\/01\/04\/peking-kina-eliteli-a-venezuela-elleni-amerikai-katonai-fellepest-es-az-elnoki-par-azonnali-szabadon-bocsatasat-koveteli\/#primaryimage"},"thumbnailUrl":"https:\/\/kinaikaleidoszkop.hu\/wp-content\/uploads\/2026\/01\/0104CMGPeking-Kina-eliteli-a-Venezuela-elleni-amerikai-katonai-fellepest-es-az-elnoki-par-azonnali-szabadon-bocsatasat-koveteli.jpg","datePublished":"2026-01-04T11:54:27+00:00","dateModified":"2026-01-04T11:54:27+00:00","author":{"@id":"https:\/\/kinaikaleidoszkop.hu\/#\/schema\/person\/4d69b71e7e70322713b9d9287b610556"},"breadcrumb":{"@id":"https:\/\/kinaikaleidoszkop.hu\/index.php\/2026\/01\/04\/peking-kina-eliteli-a-venezuela-elleni-amerikai-katonai-fellepest-es-az-elnoki-par-azonnali-szabadon-bocsatasat-koveteli\/#breadcrumb"},"inLanguage":"hu","potentialAction":[{"@type":"ReadAction","target":["https:\/\/kinaikaleidoszkop.hu\/index.php\/2026\/01\/04\/peking-kina-eliteli-a-venezuela-elleni-amerikai-katonai-fellepest-es-az-elnoki-par-azonnali-szabadon-bocsatasat-koveteli\/"]}]},{"@type":"ImageObject","inLanguage":"hu","@id":"https:\/\/kinaikaleidoszkop.hu\/index.php\/2026\/01\/04\/peking-kina-eliteli-a-venezuela-elleni-amerikai-katonai-fellepest-es-az-elnoki-par-azonnali-szabadon-bocsatasat-koveteli\/#primaryimage","url":"https:\/\/kinaikaleidoszkop.hu\/wp-content\/uploads\/2026\/01\/0104CMGPeking-Kina-eliteli-a-Venezuela-elleni-amerikai-katonai-fellepest-es-az-elnoki-par-azonnali-szabadon-bocsatasat-koveteli.jpg","contentUrl":"https:\/\/kinaikaleidoszkop.hu\/wp-content\/uploads\/2026\/01\/0104CMGPeking-Kina-eliteli-a-Venezuela-elleni-amerikai-katonai-fellepest-es-az-elnoki-par-azonnali-szabadon-bocsatasat-koveteli.jpg","width":1024,"height":683},{"@type":"BreadcrumbList","@id":"https:\/\/kinaikaleidoszkop.hu\/index.php\/2026\/01\/04\/peking-kina-eliteli-a-venezuela-elleni-amerikai-katonai-fellepest-es-az-elnoki-par-azonnali-szabadon-bocsatasat-koveteli\/#breadcrumb","itemListElement":[{"@type":"ListItem","position":1,"name":"Kezd\u0151lap","item":"https:\/\/kinaikaleidoszkop.hu\/"},{"@type":"ListItem","position":2,"name":"Peking: K\u00edna el\u00edt\u00e9li a Venezuela elleni amerikai katonai fell\u00e9p\u00e9st \u00e9s az eln\u00f6ki p\u00e1r azonnali szabadon bocs\u00e1t\u00e1s\u00e1t k\u00f6veteli"}]},{"@type":"WebSite","@id":"https:\/\/kinaikaleidoszkop.hu\/#website","url":"https:\/\/kinaikaleidoszkop.hu\/","name":"kinaikaleidoszkop.hu","description":"","potentialAction":[{"@type":"SearchAction","target":{"@type":"EntryPoint","urlTemplate":"https:\/\/kinaikaleidoszkop.hu\/?s={search_term_string}"},"query-input":{"@type":"PropertyValueSpecification","valueRequired":true,"valueName":"search_term_string"}}],"inLanguage":"hu"},{"@type":"Person","@id":"https:\/\/kinaikaleidoszkop.hu\/#\/schema\/person\/4d69b71e7e70322713b9d9287b610556","name":"Szerk_Erik","image":{"@type":"ImageObject","inLanguage":"hu","@id":"https:\/\/kinaikaleidoszkop.hu\/#\/schema\/person\/image\/","url":"https:\/\/secure.gravatar.com\/avatar\/3c1e909a14c0c91d2eaef877aaacb584c667f8e7137de69653aa9561fd0e8062?s=96&d=mm&r=g","contentUrl":"https:\/\/secure.gravatar.com\/avatar\/3c1e909a14c0c91d2eaef877aaacb584c667f8e7137de69653aa9561fd0e8062?s=96&d=mm&r=g","caption":"Szerk_Erik"},"url":"https:\/\/pestcentrum.hu"}]}},"views":97,"distributor_meta":false,"distributor_terms":false,"distributor_media":false,"distributor_original_site_name":"PestCentrum","distributor_original_site_url":"https:\/\/pestcentrum.hu","push-errors":false,"_links":{"self":[{"href":"https:\/\/kinaikaleidoszkop.hu\/index.php\/wp-json\/wp\/v2\/posts\/28053","targetHints":{"allow":["GET"]}}],"collection":[{"href":"https:\/\/kinaikaleidoszkop.hu\/index.php\/wp-json\/wp\/v2\/posts"}],"about":[{"href":"https:\/\/kinaikaleidoszkop.hu\/index.php\/wp-json\/wp\/v2\/types\/post"}],"author":[{"embeddable":true,"href":"https:\/\/kinaikaleidoszkop.hu\/index.php\/wp-json\/wp\/v2\/users\/7"}],"replies":[{"embeddable":true,"href":"https:\/\/kinaikaleidoszkop.hu\/index.php\/wp-json\/wp\/v2\/comments?post=28053"}],"version-history":[{"count":0,"href":"https:\/\/kinaikaleidoszkop.hu\/index.php\/wp-json\/wp\/v2\/posts\/28053\/revisions"}],"wp:featuredmedia":[{"embeddable":true,"href":"https:\/\/kinaikaleidoszkop.hu\/index.php\/wp-json\/wp\/v2\/media\/28054"}],"wp:attachment":[{"href":"https:\/\/kinaikaleidoszkop.hu\/index.php\/wp-json\/wp\/v2\/media?parent=28053"}],"wp:term":[{"taxonomy":"category","embeddable":true,"href":"https:\/\/kinaikaleidoszkop.hu\/index.php\/wp-json\/wp\/v2\/categories?post=28053"},{"taxonomy":"post_tag","embeddable":true,"href":"https:\/\/kinaikaleidoszkop.hu\/index.php\/wp-json\/wp\/v2\/tags?post=28053"}],"curies":[{"name":"wp","href":"https:\/\/api.w.org\/{rel}","templated":true}]}}