{"id":28371,"date":"2026-02-12T12:03:54","date_gmt":"2026-02-12T11:03:54","guid":{"rendered":"https:\/\/kinaikaleidoszkop.hu\/index.php\/2026\/02\/12\/kinai-professzor-az-epstein-ugy-az-amerikai-intezmenyi-korrupcio-tukre\/"},"modified":"2026-02-12T12:03:54","modified_gmt":"2026-02-12T11:03:54","slug":"kinai-professzor-az-epstein-ugy-az-amerikai-intezmenyi-korrupcio-tukre","status":"publish","type":"post","link":"https:\/\/kinaikaleidoszkop.hu\/index.php\/2026\/02\/12\/kinai-professzor-az-epstein-ugy-az-amerikai-intezmenyi-korrupcio-tukre\/","title":{"rendered":"K\u00ednai professzor: az Epstein-\u00fcgy az amerikai int\u00e9zm\u00e9nyi korrupci\u00f3 t\u00fckre"},"content":{"rendered":"\n<p><strong>Az amerikai k\u00e9pvisel\u0151h\u00e1z igazs\u00e1g\u00fcgyi bizotts\u00e1ga febru\u00e1r 11-\u00e9n meghallgat\u00e1st tartott, amely az Igazs\u00e1g\u00fcgyi Miniszt\u00e9rium Epstein-akt\u00e1inak kezel\u00e9s\u00e9re f\u00f3kusz\u00e1lt.<\/strong><\/p>\n\n\n<div class=\"wp-block-image\">\n<figure class=\"aligncenter size-full\"><img decoding=\"async\" src=\"https:\/\/pestcentrum.hu\/wp-content\/uploads\/2026\/02\/WechatIMG42.jpg\" alt=\"\" class=\"wp-image-44634\"\/><\/figure>\n<\/div>\n\n\n<p>Wang Jinbin, a K\u00ednai Renmin Egyetem K\u00f6zgazdas\u00e1gtan Kar\u00e1nak professzora a China Media Groupnak adott interj\u00faj\u00e1ban elmondta, hogy az Epstein-\u00fcgy kirobban\u00e1sa \u00f3ta a t\u00e9nyek m\u00e9g hom\u00e1lyosak, ami sz\u00e1mos hi\u00e1nyoss\u00e1got t\u00e1r fel az amerikai t\u00e1rsadalmi rendszerben.<\/p>\n\n\n\n<p>A professzor \u00fagy v\u00e9li, hogy ebben az esetben, ak\u00e1r a szexbotr\u00e1nyok eltussol\u00e1sa, ak\u00e1r a szexbotr\u00e1nyok politikai harci eszk\u00f6zk\u00e9nt felhaszn\u00e1l\u00e1sa a k\u00fcl\u00f6nb\u00f6z\u0151 t\u00e1borok k\u00f6z\u00f6tt egyar\u00e1nt az Egyes\u00fclt \u00c1llamok int\u00e9zm\u00e9nyi korrupci\u00f3j\u00e1t t\u00fckr\u00f6zi.<\/p>\n\n\n\n<p>Az amerikai t\u00f6rv\u00e9nyhoz\u00f3knak az volt a k\u00e9r\u00e9se, hogy tavaly december 19-ig hozz\u00e1k nyilv\u00e1noss\u00e1gra az \u00f6sszes f\u00e1jlt, de csak 2026. janu\u00e1r 30-\u00e1n \u00e9s csak 3 milli\u00f3 oldalnyi anyag ker\u00fclt nyilv\u00e1noss\u00e1gra feldolgozott form\u00e1ban.<\/p>\n\n\n\n<p>\u201eAdminisztrat\u00edv szempontb\u00f3l ez egy szelekt\u00edv k\u00f6zz\u00e9t\u00e9tel\u201d \u2013 nyilatkozta Wang professzor. Hozz\u00e1tette, hogy az amerikai Igazs\u00e1g\u00fcgyi Miniszt\u00e9rium szerint a kongresszusi tagoknak igazs\u00e1g\u00fcgyi szempontb\u00f3l nincs joguk beavatkozni az iratok nyilv\u00e1noss\u00e1gra hozatal\u00e1ba.<\/p>\n\n\n\n<p>\u201eL\u00e1that\u00f3, hogy az Egyes\u00fclt \u00c1llamok igazs\u00e1gszolg\u00e1ltat\u00e1sa, t\u00f6rv\u00e9nyhoz\u00e1sa \u00e9s a v\u00e9grehajt\u00f3k val\u00f3j\u00e1ban egym\u00e1st hib\u00e1ztatj\u00e1k, ami azt mutatja, hogy az \u00fagynevezett hatalmi \u00e1gak megoszt\u00e1sa az Egyes\u00fclt \u00c1llamokban bizonyos m\u00e9rt\u00e9kig diszfunkcion\u00e1lis&#8221; \u2013 \u00e1llap\u00edtotta meg Wang professzor.<\/p>\n\n\n\n<p><strong><em>(Zhou Huiwen \u2013 China Media Group)<\/em><\/strong><\/p>\n\n\n\n<p><strong>2026. febru\u00e1r 12.<\/strong><\/p>\n\n\n\n<p><strong><em>(x)<\/em><\/strong><\/p>\n","protected":false},"excerpt":{"rendered":"<p>Az amerikai k\u00e9pvisel\u0151h\u00e1z igazs\u00e1g\u00fcgyi bizotts\u00e1ga febru\u00e1r 11-\u00e9n meghallgat\u00e1st tartott, amely az Igazs\u00e1g\u00fcgyi Miniszt\u00e9rium Epstein-akt\u00e1inak kezel\u00e9s\u00e9re f\u00f3kusz\u00e1lt. Wang Jinbin, a K\u00ednai Renmin Egyetem K\u00f6zgazdas\u00e1gtan Kar\u00e1nak professzora a China Media Groupnak adott interj\u00faj\u00e1ban elmondta, hogy az Epstein-\u00fcgy kirobban\u00e1sa \u00f3ta a t\u00e9nyek m\u00e9g hom\u00e1lyosak, ami sz\u00e1mos hi\u00e1nyoss\u00e1got t\u00e1r fel az amerikai t\u00e1rsadalmi rendszerben. A professzor \u00fagy v\u00e9li, hogy [&hellip;]<\/p>\n","protected":false},"author":7,"featured_media":28372,"comment_status":"","ping_status":"","sticky":false,"template":"","format":"standard","meta":{"footnotes":""},"categories":[4797],"tags":[131,5845,1502,269,3696,1011,5846,5847],"class_list":["post-28371","post","type-post","status-publish","format-standard","has-post-thumbnail","hentry","category-egyeb-hirek","tag-egyesult-allamok","tag-epstein-ugy","tag-hianyossag","tag-interju","tag-kina","tag-korrupcio","tag-meghallgatas","tag-szexbotrany"],"yoast_head":"<!-- This site is optimized with the Yoast SEO plugin v23.7 - https:\/\/yoast.com\/wordpress\/plugins\/seo\/ -->\n<title>K\u00ednai professzor: az Epstein-\u00fcgy az amerikai int\u00e9zm\u00e9nyi korrupci\u00f3 t\u00fckre - kinaikaleidoszkop.hu<\/title>\n<meta name=\"robots\" content=\"index, follow, max-snippet:-1, max-image-preview:large, max-video-preview:-1\" \/>\n<link rel=\"canonical\" href=\"https:\/\/pestcentrum.hu\/2026\/02\/12\/kinai-professzor-az-epstein-ugy-az-amerikai-intezmenyi-korrupcio-tukre\/\" \/>\n<meta property=\"og:locale\" content=\"hu_HU\" \/>\n<meta property=\"og:type\" content=\"article\" \/>\n<meta property=\"og:title\" content=\"K\u00ednai professzor: az Epstein-\u00fcgy az amerikai int\u00e9zm\u00e9nyi korrupci\u00f3 t\u00fckre - kinaikaleidoszkop.hu\" \/>\n<meta property=\"og:description\" content=\"Az amerikai k\u00e9pvisel\u0151h\u00e1z igazs\u00e1g\u00fcgyi bizotts\u00e1ga febru\u00e1r 11-\u00e9n meghallgat\u00e1st tartott, amely az Igazs\u00e1g\u00fcgyi Miniszt\u00e9rium Epstein-akt\u00e1inak kezel\u00e9s\u00e9re f\u00f3kusz\u00e1lt. Wang Jinbin, a K\u00ednai Renmin Egyetem K\u00f6zgazdas\u00e1gtan Kar\u00e1nak professzora a China Media Groupnak adott interj\u00faj\u00e1ban elmondta, hogy az Epstein-\u00fcgy kirobban\u00e1sa \u00f3ta a t\u00e9nyek m\u00e9g hom\u00e1lyosak, ami sz\u00e1mos hi\u00e1nyoss\u00e1got t\u00e1r fel az amerikai t\u00e1rsadalmi rendszerben. A professzor \u00fagy v\u00e9li, hogy [&hellip;]\" \/>\n<meta property=\"og:url\" content=\"https:\/\/kinaikaleidoszkop.hu\/index.php\/2026\/02\/12\/kinai-professzor-az-epstein-ugy-az-amerikai-intezmenyi-korrupcio-tukre\/\" \/>\n<meta property=\"og:site_name\" content=\"kinaikaleidoszkop.hu\" \/>\n<meta property=\"article:published_time\" content=\"2026-02-12T11:03:54+00:00\" \/>\n<meta property=\"og:image\" content=\"https:\/\/kinaikaleidoszkop.hu\/wp-content\/uploads\/2026\/02\/WechatIMG42.jpg\" \/>\n\t<meta property=\"og:image:width\" content=\"600\" \/>\n\t<meta property=\"og:image:height\" content=\"400\" \/>\n\t<meta property=\"og:image:type\" content=\"image\/jpeg\" \/>\n<meta name=\"author\" content=\"Szerk_Erik\" \/>\n<meta name=\"twitter:card\" content=\"summary_large_image\" \/>\n<meta name=\"twitter:label1\" content=\"Szerz\u0151:\" \/>\n\t<meta name=\"twitter:data1\" content=\"PestCentrum\" \/>\n\t<meta name=\"twitter:label2\" content=\"Becs\u00fclt olvas\u00e1si id\u0151\" \/>\n\t<meta name=\"twitter:data2\" content=\"2 perc\" \/>\n<script type=\"application\/ld+json\" class=\"yoast-schema-graph\">{\"@context\":\"https:\/\/schema.org\",\"@graph\":[{\"@type\":\"WebPage\",\"@id\":\"https:\/\/kinaikaleidoszkop.hu\/index.php\/2026\/02\/12\/kinai-professzor-az-epstein-ugy-az-amerikai-intezmenyi-korrupcio-tukre\/\",\"url\":\"https:\/\/kinaikaleidoszkop.hu\/index.php\/2026\/02\/12\/kinai-professzor-az-epstein-ugy-az-amerikai-intezmenyi-korrupcio-tukre\/\",\"name\":\"K\u00ednai professzor: az Epstein-\u00fcgy az amerikai int\u00e9zm\u00e9nyi korrupci\u00f3 t\u00fckre - kinaikaleidoszkop.hu\",\"isPartOf\":{\"@id\":\"https:\/\/kinaikaleidoszkop.hu\/#website\"},\"primaryImageOfPage\":{\"@id\":\"https:\/\/kinaikaleidoszkop.hu\/index.php\/2026\/02\/12\/kinai-professzor-az-epstein-ugy-az-amerikai-intezmenyi-korrupcio-tukre\/#primaryimage\"},\"image\":{\"@id\":\"https:\/\/kinaikaleidoszkop.hu\/index.php\/2026\/02\/12\/kinai-professzor-az-epstein-ugy-az-amerikai-intezmenyi-korrupcio-tukre\/#primaryimage\"},\"thumbnailUrl\":\"https:\/\/kinaikaleidoszkop.hu\/wp-content\/uploads\/2026\/02\/WechatIMG42.jpg\",\"datePublished\":\"2026-02-12T11:03:54+00:00\",\"dateModified\":\"2026-02-12T11:03:54+00:00\",\"author\":{\"@id\":\"https:\/\/kinaikaleidoszkop.hu\/#\/schema\/person\/4d69b71e7e70322713b9d9287b610556\"},\"breadcrumb\":{\"@id\":\"https:\/\/kinaikaleidoszkop.hu\/index.php\/2026\/02\/12\/kinai-professzor-az-epstein-ugy-az-amerikai-intezmenyi-korrupcio-tukre\/#breadcrumb\"},\"inLanguage\":\"hu\",\"potentialAction\":[{\"@type\":\"ReadAction\",\"target\":[\"https:\/\/kinaikaleidoszkop.hu\/index.php\/2026\/02\/12\/kinai-professzor-az-epstein-ugy-az-amerikai-intezmenyi-korrupcio-tukre\/\"]}]},{\"@type\":\"ImageObject\",\"inLanguage\":\"hu\",\"@id\":\"https:\/\/kinaikaleidoszkop.hu\/index.php\/2026\/02\/12\/kinai-professzor-az-epstein-ugy-az-amerikai-intezmenyi-korrupcio-tukre\/#primaryimage\",\"url\":\"https:\/\/kinaikaleidoszkop.hu\/wp-content\/uploads\/2026\/02\/WechatIMG42.jpg\",\"contentUrl\":\"https:\/\/kinaikaleidoszkop.hu\/wp-content\/uploads\/2026\/02\/WechatIMG42.jpg\",\"width\":600,\"height\":400},{\"@type\":\"BreadcrumbList\",\"@id\":\"https:\/\/kinaikaleidoszkop.hu\/index.php\/2026\/02\/12\/kinai-professzor-az-epstein-ugy-az-amerikai-intezmenyi-korrupcio-tukre\/#breadcrumb\",\"itemListElement\":[{\"@type\":\"ListItem\",\"position\":1,\"name\":\"Kezd\u0151lap\",\"item\":\"https:\/\/kinaikaleidoszkop.hu\/\"},{\"@type\":\"ListItem\",\"position\":2,\"name\":\"K\u00ednai professzor: az Epstein-\u00fcgy az amerikai int\u00e9zm\u00e9nyi korrupci\u00f3 t\u00fckre\"}]},{\"@type\":\"WebSite\",\"@id\":\"https:\/\/kinaikaleidoszkop.hu\/#website\",\"url\":\"https:\/\/kinaikaleidoszkop.hu\/\",\"name\":\"kinaikaleidoszkop.hu\",\"description\":\"\",\"potentialAction\":[{\"@type\":\"SearchAction\",\"target\":{\"@type\":\"EntryPoint\",\"urlTemplate\":\"https:\/\/kinaikaleidoszkop.hu\/?s={search_term_string}\"},\"query-input\":{\"@type\":\"PropertyValueSpecification\",\"valueRequired\":true,\"valueName\":\"search_term_string\"}}],\"inLanguage\":\"hu\"},{\"@type\":\"Person\",\"@id\":\"https:\/\/kinaikaleidoszkop.hu\/#\/schema\/person\/4d69b71e7e70322713b9d9287b610556\",\"name\":\"Szerk_Erik\",\"image\":{\"@type\":\"ImageObject\",\"inLanguage\":\"hu\",\"@id\":\"https:\/\/kinaikaleidoszkop.hu\/#\/schema\/person\/image\/\",\"url\":\"https:\/\/secure.gravatar.com\/avatar\/3c1e909a14c0c91d2eaef877aaacb584c667f8e7137de69653aa9561fd0e8062?s=96&d=mm&r=g\",\"contentUrl\":\"https:\/\/secure.gravatar.com\/avatar\/3c1e909a14c0c91d2eaef877aaacb584c667f8e7137de69653aa9561fd0e8062?s=96&d=mm&r=g\",\"caption\":\"Szerk_Erik\"},\"url\":\"https:\/\/pestcentrum.hu\"}]}<\/script>\n<!-- \/ Yoast SEO plugin. -->","yoast_head_json":{"title":"K\u00ednai professzor: az Epstein-\u00fcgy az amerikai int\u00e9zm\u00e9nyi korrupci\u00f3 t\u00fckre - kinaikaleidoszkop.hu","robots":{"index":"index","follow":"follow","max-snippet":"max-snippet:-1","max-image-preview":"max-image-preview:large","max-video-preview":"max-video-preview:-1"},"canonical":"https:\/\/pestcentrum.hu\/2026\/02\/12\/kinai-professzor-az-epstein-ugy-az-amerikai-intezmenyi-korrupcio-tukre\/","og_locale":"hu_HU","og_type":"article","og_title":"K\u00ednai professzor: az Epstein-\u00fcgy az amerikai int\u00e9zm\u00e9nyi korrupci\u00f3 t\u00fckre - kinaikaleidoszkop.hu","og_description":"Az amerikai k\u00e9pvisel\u0151h\u00e1z igazs\u00e1g\u00fcgyi bizotts\u00e1ga febru\u00e1r 11-\u00e9n meghallgat\u00e1st tartott, amely az Igazs\u00e1g\u00fcgyi Miniszt\u00e9rium Epstein-akt\u00e1inak kezel\u00e9s\u00e9re f\u00f3kusz\u00e1lt. Wang Jinbin, a K\u00ednai Renmin Egyetem K\u00f6zgazdas\u00e1gtan Kar\u00e1nak professzora a China Media Groupnak adott interj\u00faj\u00e1ban elmondta, hogy az Epstein-\u00fcgy kirobban\u00e1sa \u00f3ta a t\u00e9nyek m\u00e9g hom\u00e1lyosak, ami sz\u00e1mos hi\u00e1nyoss\u00e1got t\u00e1r fel az amerikai t\u00e1rsadalmi rendszerben. A professzor \u00fagy v\u00e9li, hogy [&hellip;]","og_url":"https:\/\/kinaikaleidoszkop.hu\/index.php\/2026\/02\/12\/kinai-professzor-az-epstein-ugy-az-amerikai-intezmenyi-korrupcio-tukre\/","og_site_name":"kinaikaleidoszkop.hu","article_published_time":"2026-02-12T11:03:54+00:00","og_image":[{"width":600,"height":400,"url":"https:\/\/kinaikaleidoszkop.hu\/wp-content\/uploads\/2026\/02\/WechatIMG42.jpg","type":"image\/jpeg"}],"author":"Szerk_Erik","twitter_card":"summary_large_image","twitter_misc":{"Szerz\u0151:":"PestCentrum","Becs\u00fclt olvas\u00e1si id\u0151":"2 perc"},"schema":{"@context":"https:\/\/schema.org","@graph":[{"@type":"WebPage","@id":"https:\/\/kinaikaleidoszkop.hu\/index.php\/2026\/02\/12\/kinai-professzor-az-epstein-ugy-az-amerikai-intezmenyi-korrupcio-tukre\/","url":"https:\/\/kinaikaleidoszkop.hu\/index.php\/2026\/02\/12\/kinai-professzor-az-epstein-ugy-az-amerikai-intezmenyi-korrupcio-tukre\/","name":"K\u00ednai professzor: az Epstein-\u00fcgy az amerikai int\u00e9zm\u00e9nyi korrupci\u00f3 t\u00fckre - kinaikaleidoszkop.hu","isPartOf":{"@id":"https:\/\/kinaikaleidoszkop.hu\/#website"},"primaryImageOfPage":{"@id":"https:\/\/kinaikaleidoszkop.hu\/index.php\/2026\/02\/12\/kinai-professzor-az-epstein-ugy-az-amerikai-intezmenyi-korrupcio-tukre\/#primaryimage"},"image":{"@id":"https:\/\/kinaikaleidoszkop.hu\/index.php\/2026\/02\/12\/kinai-professzor-az-epstein-ugy-az-amerikai-intezmenyi-korrupcio-tukre\/#primaryimage"},"thumbnailUrl":"https:\/\/kinaikaleidoszkop.hu\/wp-content\/uploads\/2026\/02\/WechatIMG42.jpg","datePublished":"2026-02-12T11:03:54+00:00","dateModified":"2026-02-12T11:03:54+00:00","author":{"@id":"https:\/\/kinaikaleidoszkop.hu\/#\/schema\/person\/4d69b71e7e70322713b9d9287b610556"},"breadcrumb":{"@id":"https:\/\/kinaikaleidoszkop.hu\/index.php\/2026\/02\/12\/kinai-professzor-az-epstein-ugy-az-amerikai-intezmenyi-korrupcio-tukre\/#breadcrumb"},"inLanguage":"hu","potentialAction":[{"@type":"ReadAction","target":["https:\/\/kinaikaleidoszkop.hu\/index.php\/2026\/02\/12\/kinai-professzor-az-epstein-ugy-az-amerikai-intezmenyi-korrupcio-tukre\/"]}]},{"@type":"ImageObject","inLanguage":"hu","@id":"https:\/\/kinaikaleidoszkop.hu\/index.php\/2026\/02\/12\/kinai-professzor-az-epstein-ugy-az-amerikai-intezmenyi-korrupcio-tukre\/#primaryimage","url":"https:\/\/kinaikaleidoszkop.hu\/wp-content\/uploads\/2026\/02\/WechatIMG42.jpg","contentUrl":"https:\/\/kinaikaleidoszkop.hu\/wp-content\/uploads\/2026\/02\/WechatIMG42.jpg","width":600,"height":400},{"@type":"BreadcrumbList","@id":"https:\/\/kinaikaleidoszkop.hu\/index.php\/2026\/02\/12\/kinai-professzor-az-epstein-ugy-az-amerikai-intezmenyi-korrupcio-tukre\/#breadcrumb","itemListElement":[{"@type":"ListItem","position":1,"name":"Kezd\u0151lap","item":"https:\/\/kinaikaleidoszkop.hu\/"},{"@type":"ListItem","position":2,"name":"K\u00ednai professzor: az Epstein-\u00fcgy az amerikai int\u00e9zm\u00e9nyi korrupci\u00f3 t\u00fckre"}]},{"@type":"WebSite","@id":"https:\/\/kinaikaleidoszkop.hu\/#website","url":"https:\/\/kinaikaleidoszkop.hu\/","name":"kinaikaleidoszkop.hu","description":"","potentialAction":[{"@type":"SearchAction","target":{"@type":"EntryPoint","urlTemplate":"https:\/\/kinaikaleidoszkop.hu\/?s={search_term_string}"},"query-input":{"@type":"PropertyValueSpecification","valueRequired":true,"valueName":"search_term_string"}}],"inLanguage":"hu"},{"@type":"Person","@id":"https:\/\/kinaikaleidoszkop.hu\/#\/schema\/person\/4d69b71e7e70322713b9d9287b610556","name":"Szerk_Erik","image":{"@type":"ImageObject","inLanguage":"hu","@id":"https:\/\/kinaikaleidoszkop.hu\/#\/schema\/person\/image\/","url":"https:\/\/secure.gravatar.com\/avatar\/3c1e909a14c0c91d2eaef877aaacb584c667f8e7137de69653aa9561fd0e8062?s=96&d=mm&r=g","contentUrl":"https:\/\/secure.gravatar.com\/avatar\/3c1e909a14c0c91d2eaef877aaacb584c667f8e7137de69653aa9561fd0e8062?s=96&d=mm&r=g","caption":"Szerk_Erik"},"url":"https:\/\/pestcentrum.hu"}]}},"views":42,"distributor_meta":false,"distributor_terms":false,"distributor_media":false,"distributor_original_site_name":"PestCentrum","distributor_original_site_url":"https:\/\/pestcentrum.hu","push-errors":false,"_links":{"self":[{"href":"https:\/\/kinaikaleidoszkop.hu\/index.php\/wp-json\/wp\/v2\/posts\/28371","targetHints":{"allow":["GET"]}}],"collection":[{"href":"https:\/\/kinaikaleidoszkop.hu\/index.php\/wp-json\/wp\/v2\/posts"}],"about":[{"href":"https:\/\/kinaikaleidoszkop.hu\/index.php\/wp-json\/wp\/v2\/types\/post"}],"author":[{"embeddable":true,"href":"https:\/\/kinaikaleidoszkop.hu\/index.php\/wp-json\/wp\/v2\/users\/7"}],"replies":[{"embeddable":true,"href":"https:\/\/kinaikaleidoszkop.hu\/index.php\/wp-json\/wp\/v2\/comments?post=28371"}],"version-history":[{"count":0,"href":"https:\/\/kinaikaleidoszkop.hu\/index.php\/wp-json\/wp\/v2\/posts\/28371\/revisions"}],"wp:featuredmedia":[{"embeddable":true,"href":"https:\/\/kinaikaleidoszkop.hu\/index.php\/wp-json\/wp\/v2\/media\/28372"}],"wp:attachment":[{"href":"https:\/\/kinaikaleidoszkop.hu\/index.php\/wp-json\/wp\/v2\/media?parent=28371"}],"wp:term":[{"taxonomy":"category","embeddable":true,"href":"https:\/\/kinaikaleidoszkop.hu\/index.php\/wp-json\/wp\/v2\/categories?post=28371"},{"taxonomy":"post_tag","embeddable":true,"href":"https:\/\/kinaikaleidoszkop.hu\/index.php\/wp-json\/wp\/v2\/tags?post=28371"}],"curies":[{"name":"wp","href":"https:\/\/api.w.org\/{rel}","templated":true}]}}