{"id":28375,"date":"2026-02-12T12:15:28","date_gmt":"2026-02-12T11:15:28","guid":{"rendered":"https:\/\/kinaikaleidoszkop.hu\/index.php\/2026\/02\/12\/ujabb-egyuttmukodesekre-indultak-amerikai-es-kinai-vallalatok\/"},"modified":"2026-02-12T12:15:28","modified_gmt":"2026-02-12T11:15:28","slug":"ujabb-egyuttmukodesekre-indultak-amerikai-es-kinai-vallalatok","status":"publish","type":"post","link":"https:\/\/kinaikaleidoszkop.hu\/index.php\/2026\/02\/12\/ujabb-egyuttmukodesekre-indultak-amerikai-es-kinai-vallalatok\/","title":{"rendered":"\u00dajabb egy\u00fcttm\u0171k\u00f6d\u00e9sekre indultak amerikai \u00e9s k\u00ednai v\u00e1llalatok"},"content":{"rendered":"\n<p><strong>Febru\u00e1r 9-\u00e9n Pekingben megrendez\u00e9sre ker\u00fclt a K\u00ednai\u2013Amerikai V\u00e1llalati Egy\u00fcttm\u0171k\u00f6d\u00e9si Program (CMP) 20. \u00e9vfordul\u00f3s rendezv\u00e9nye.<\/strong><\/p>\n\n\n<div class=\"wp-block-image\">\n<figure class=\"aligncenter size-full\"><img decoding=\"async\" src=\"https:\/\/pestcentrum.hu\/wp-content\/uploads\/2026\/02\/0212Lea2.jpg\" alt=\"\" class=\"wp-image-44631\"\/><\/figure>\n<\/div>\n\n\n<p>A K\u00ednai Nemzetk\u00f6zi Kereskedelemfejleszt\u00e9si Tan\u00e1cs \u00e9s az Egyes\u00fclt \u00c1llamok k\u00ednai nagyk\u00f6vets\u00e9ge \u00e1ltal szervezett esem\u00e9nyen kos\u00e1rlabda-tal\u00e1lkoz\u00f3 \u00e9s networking-\u00fcl\u00e9sek keret\u00e9ben a k\u00ednai \u00e9s amerikai \u00fczleti k\u00f6r\u00f6k t\u00f6bb mint 250 k\u00e9pvisel\u0151je vett r\u00e9szt. A gy\u00fcm\u00f6lcs\u00f6z\u0151, leny\u0171g\u00f6z\u0151 egy\u00fcttm\u0171k\u00f6d\u00e9si eredm\u00e9nyeket hoz\u00f3 rendezv\u00e9ny hangulata nyugodt \u00e9s \u00e9l\u00e9nk volt.<\/p>\n\n\n\n<p><strong>Michael Hart (az Amerikai Kereskedelmi Kamara K\u00edn\u00e1ban eln\u00f6ke):<\/strong><\/p>\n\n\n\n<p>Szervezet\u00fcnk minden \u00e9vben felm\u00e9r\u00e9st v\u00e9gez, amit \u00fczleti kl\u00edma-felm\u00e9r\u00e9snek nevez\u00fcnk. Ennek keret\u00e9ben az amerikai v\u00e1llalatok K\u00edn\u00e1ba fektetett bizalm\u00e1t vizsg\u00e1ljuk. Az eredm\u00e9nyek \u00f6sszess\u00e9g\u00e9ben pozit\u00edvak voltak. A tagv\u00e1llalatok tov\u00e1bbra is \u00fagy v\u00e9lik, hogy K\u00edn\u00e1ban vannak sz\u00e1munkra lehet\u0151s\u00e9gek. Alig t\u00f6bb mint a fele jelezte, hogy nyeres\u00e9ges.<\/p>\n\n\n\n<p><strong>Li Xiang (a K\u00ednai Nemzetk\u00f6zi Kereskedelemfejleszt\u00e9si Tan\u00e1cs ipari fejleszt\u00e9si oszt\u00e1ly\u00e1nak helyettes f\u0151igazgat\u00f3ja):<\/strong><\/p>\n\n\n\n<p>K\u00edna \u00e9s az Egyes\u00fclt \u00c1llamok k\u00f6z\u00f6tti kapcsolatok olyan \u00e1gazatokban is er\u0151s\u00f6dnek, mint a z\u00f6ld \u00e9s alacsony sz\u00e9n-dioxid-kibocs\u00e1t\u00e1s\u00fa kezdem\u00e9nyez\u00e9sek, a vas\u00fati k\u00f6zleked\u00e9s \u00e9s a p\u00e9nz\u00fcgyi befektet\u00e9sek. Ez \u00f6sszhangban \u00e1ll a k\u00e9toldal\u00fa egy\u00fcttm\u0171k\u00f6d\u00e9s b\u0151v\u00fcl\u0151 k\u00f6r\u00e9vel, \u00e9s t\u00fckr\u00f6zi a k\u00ednai\u2013amerikai egy\u00fcttm\u0171k\u00f6d\u00e9s uralkod\u00f3 tendenci\u00e1j\u00e1t. Mindk\u00e9t orsz\u00e1g v\u00e1llalkoz\u00e1sai megrendel\u00e9seket szereztek \u00e9s k\u00e9zzelfoghat\u00f3 eredm\u00e9nyeket \u00e9rtek el.<\/p>\n\n\n\n<p><strong>Song Yinghe (a Harsco Rail nagy-k\u00ednai r\u00e9gi\u00f3j\u00e1nak \u00fcgyvezet\u0151 igazgat\u00f3ja):<\/strong><\/p>\n\n\n\n<p>K\u00edna piaca k\u00e9ts\u00e9gtelen\u00fcl hatalmas j\u00f6v\u0151beli fejl\u0151d\u00e9si potenci\u00e1llal rendelkezik, k\u00fcl\u00f6n\u00f6sen a vas\u00fati szektorban, mivel K\u00edna vas\u00fati h\u00e1l\u00f3zata jelenleg a vil\u00e1g els\u0151 hely\u00e9n \u00e1ll a kilom\u00e9terek tekintet\u00e9ben. Vas\u00fati p\u00e1lyakarbantart\u00f3 \u00e9s \u00e9p\u00edt\u0151ipari berendez\u00e9sek sz\u00e1ll\u00edt\u00f3jak\u00e9nt ez a potenci\u00e1l term\u00e9szetesen m\u00e9g nagyobb sz\u00e1munkra. Kiv\u00e1l\u00f3 kapcsolatokat \u00e9p\u00edtett\u00fcnk ki k\u00ednai vas\u00fati partnereinkkel, \u00e9s egy\u00fcttm\u0171k\u00f6d\u00e9si gy\u00e1rt\u00e1si \u00e9s tervez\u00e9si modellt fejlesztett\u00fcnk ki. Kihaszn\u00e1ljuk K\u00edna k\u00f6lts\u00e9gel\u0151nyeit, hogy k\u00f6z\u00f6sen gy\u00e1rtsunk berendez\u00e9seket m\u00e1s orsz\u00e1gokba t\u00f6rt\u00e9n\u0151 exportra.<\/p>\n\n\n\n<p><strong>2026. febru\u00e1r 12.<\/strong><\/p>\n\n\n\n<p><strong><em>(China Media Group)<\/em><\/strong><\/p>\n\n\n\n<p><strong>(x)<\/strong><\/p>\n","protected":false},"excerpt":{"rendered":"<p>Febru\u00e1r 9-\u00e9n Pekingben megrendez\u00e9sre ker\u00fclt a K\u00ednai\u2013Amerikai V\u00e1llalati Egy\u00fcttm\u0171k\u00f6d\u00e9si Program (CMP) 20. \u00e9vfordul\u00f3s rendezv\u00e9nye. A K\u00ednai Nemzetk\u00f6zi Kereskedelemfejleszt\u00e9si Tan\u00e1cs \u00e9s az Egyes\u00fclt \u00c1llamok k\u00ednai nagyk\u00f6vets\u00e9ge \u00e1ltal szervezett esem\u00e9nyen kos\u00e1rlabda-tal\u00e1lkoz\u00f3 \u00e9s networking-\u00fcl\u00e9sek keret\u00e9ben a k\u00ednai \u00e9s amerikai \u00fczleti k\u00f6r\u00f6k t\u00f6bb mint 250 k\u00e9pvisel\u0151je vett r\u00e9szt. A gy\u00fcm\u00f6lcs\u00f6z\u0151, leny\u0171g\u00f6z\u0151 egy\u00fcttm\u0171k\u00f6d\u00e9si eredm\u00e9nyeket hoz\u00f3 rendezv\u00e9ny hangulata nyugodt \u00e9s \u00e9l\u00e9nk [&hellip;]<\/p>\n","protected":false},"author":7,"featured_media":28376,"comment_status":"","ping_status":"","sticky":false,"template":"","format":"standard","meta":{"footnotes":""},"categories":[4797],"tags":[273,414,622,3696,5848,141,5849,1265],"class_list":["post-28375","post","type-post","status-publish","format-standard","has-post-thumbnail","hentry","category-egyeb-hirek","tag-egyuttmukodes","tag-fejlodes","tag-felmeres","tag-kina","tag-kinai-amerikai-vallalati-egyuttmukodesi-program","tag-peking","tag-vallalatok","tag-vasut"],"yoast_head":"<!-- This site is optimized with the Yoast SEO plugin v23.7 - https:\/\/yoast.com\/wordpress\/plugins\/seo\/ -->\n<title>\u00dajabb egy\u00fcttm\u0171k\u00f6d\u00e9sekre indultak amerikai \u00e9s k\u00ednai v\u00e1llalatok - kinaikaleidoszkop.hu<\/title>\n<meta name=\"robots\" content=\"index, follow, max-snippet:-1, max-image-preview:large, max-video-preview:-1\" \/>\n<link rel=\"canonical\" href=\"https:\/\/pestcentrum.hu\/2026\/02\/12\/ujabb-egyuttmukodesekre-indultak-amerikai-es-kinai-vallalatok\/\" \/>\n<meta property=\"og:locale\" content=\"hu_HU\" \/>\n<meta property=\"og:type\" content=\"article\" \/>\n<meta property=\"og:title\" content=\"\u00dajabb egy\u00fcttm\u0171k\u00f6d\u00e9sekre indultak amerikai \u00e9s k\u00ednai v\u00e1llalatok - kinaikaleidoszkop.hu\" \/>\n<meta property=\"og:description\" content=\"Febru\u00e1r 9-\u00e9n Pekingben megrendez\u00e9sre ker\u00fclt a K\u00ednai\u2013Amerikai V\u00e1llalati Egy\u00fcttm\u0171k\u00f6d\u00e9si Program (CMP) 20. \u00e9vfordul\u00f3s rendezv\u00e9nye. A K\u00ednai Nemzetk\u00f6zi Kereskedelemfejleszt\u00e9si Tan\u00e1cs \u00e9s az Egyes\u00fclt \u00c1llamok k\u00ednai nagyk\u00f6vets\u00e9ge \u00e1ltal szervezett esem\u00e9nyen kos\u00e1rlabda-tal\u00e1lkoz\u00f3 \u00e9s networking-\u00fcl\u00e9sek keret\u00e9ben a k\u00ednai \u00e9s amerikai \u00fczleti k\u00f6r\u00f6k t\u00f6bb mint 250 k\u00e9pvisel\u0151je vett r\u00e9szt. A gy\u00fcm\u00f6lcs\u00f6z\u0151, leny\u0171g\u00f6z\u0151 egy\u00fcttm\u0171k\u00f6d\u00e9si eredm\u00e9nyeket hoz\u00f3 rendezv\u00e9ny hangulata nyugodt \u00e9s \u00e9l\u00e9nk [&hellip;]\" \/>\n<meta property=\"og:url\" content=\"https:\/\/kinaikaleidoszkop.hu\/index.php\/2026\/02\/12\/ujabb-egyuttmukodesekre-indultak-amerikai-es-kinai-vallalatok\/\" \/>\n<meta property=\"og:site_name\" content=\"kinaikaleidoszkop.hu\" \/>\n<meta property=\"article:published_time\" content=\"2026-02-12T11:15:28+00:00\" \/>\n<meta property=\"og:image\" content=\"https:\/\/kinaikaleidoszkop.hu\/wp-content\/uploads\/2026\/02\/0212Lea2.jpg\" \/>\n\t<meta property=\"og:image:width\" content=\"550\" \/>\n\t<meta property=\"og:image:height\" content=\"349\" \/>\n\t<meta property=\"og:image:type\" content=\"image\/jpeg\" \/>\n<meta name=\"author\" content=\"Szerk_Erik\" \/>\n<meta name=\"twitter:card\" content=\"summary_large_image\" \/>\n<meta name=\"twitter:label1\" content=\"Szerz\u0151:\" \/>\n\t<meta name=\"twitter:data1\" content=\"PestCentrum\" \/>\n\t<meta name=\"twitter:label2\" content=\"Becs\u00fclt olvas\u00e1si id\u0151\" \/>\n\t<meta name=\"twitter:data2\" content=\"2 perc\" \/>\n<script type=\"application\/ld+json\" class=\"yoast-schema-graph\">{\"@context\":\"https:\/\/schema.org\",\"@graph\":[{\"@type\":\"WebPage\",\"@id\":\"https:\/\/kinaikaleidoszkop.hu\/index.php\/2026\/02\/12\/ujabb-egyuttmukodesekre-indultak-amerikai-es-kinai-vallalatok\/\",\"url\":\"https:\/\/kinaikaleidoszkop.hu\/index.php\/2026\/02\/12\/ujabb-egyuttmukodesekre-indultak-amerikai-es-kinai-vallalatok\/\",\"name\":\"\u00dajabb egy\u00fcttm\u0171k\u00f6d\u00e9sekre indultak amerikai \u00e9s k\u00ednai v\u00e1llalatok - kinaikaleidoszkop.hu\",\"isPartOf\":{\"@id\":\"https:\/\/kinaikaleidoszkop.hu\/#website\"},\"primaryImageOfPage\":{\"@id\":\"https:\/\/kinaikaleidoszkop.hu\/index.php\/2026\/02\/12\/ujabb-egyuttmukodesekre-indultak-amerikai-es-kinai-vallalatok\/#primaryimage\"},\"image\":{\"@id\":\"https:\/\/kinaikaleidoszkop.hu\/index.php\/2026\/02\/12\/ujabb-egyuttmukodesekre-indultak-amerikai-es-kinai-vallalatok\/#primaryimage\"},\"thumbnailUrl\":\"https:\/\/kinaikaleidoszkop.hu\/wp-content\/uploads\/2026\/02\/0212Lea2.jpg\",\"datePublished\":\"2026-02-12T11:15:28+00:00\",\"dateModified\":\"2026-02-12T11:15:28+00:00\",\"author\":{\"@id\":\"https:\/\/kinaikaleidoszkop.hu\/#\/schema\/person\/4d69b71e7e70322713b9d9287b610556\"},\"breadcrumb\":{\"@id\":\"https:\/\/kinaikaleidoszkop.hu\/index.php\/2026\/02\/12\/ujabb-egyuttmukodesekre-indultak-amerikai-es-kinai-vallalatok\/#breadcrumb\"},\"inLanguage\":\"hu\",\"potentialAction\":[{\"@type\":\"ReadAction\",\"target\":[\"https:\/\/kinaikaleidoszkop.hu\/index.php\/2026\/02\/12\/ujabb-egyuttmukodesekre-indultak-amerikai-es-kinai-vallalatok\/\"]}]},{\"@type\":\"ImageObject\",\"inLanguage\":\"hu\",\"@id\":\"https:\/\/kinaikaleidoszkop.hu\/index.php\/2026\/02\/12\/ujabb-egyuttmukodesekre-indultak-amerikai-es-kinai-vallalatok\/#primaryimage\",\"url\":\"https:\/\/kinaikaleidoszkop.hu\/wp-content\/uploads\/2026\/02\/0212Lea2.jpg\",\"contentUrl\":\"https:\/\/kinaikaleidoszkop.hu\/wp-content\/uploads\/2026\/02\/0212Lea2.jpg\",\"width\":550,\"height\":349},{\"@type\":\"BreadcrumbList\",\"@id\":\"https:\/\/kinaikaleidoszkop.hu\/index.php\/2026\/02\/12\/ujabb-egyuttmukodesekre-indultak-amerikai-es-kinai-vallalatok\/#breadcrumb\",\"itemListElement\":[{\"@type\":\"ListItem\",\"position\":1,\"name\":\"Kezd\u0151lap\",\"item\":\"https:\/\/kinaikaleidoszkop.hu\/\"},{\"@type\":\"ListItem\",\"position\":2,\"name\":\"\u00dajabb egy\u00fcttm\u0171k\u00f6d\u00e9sekre indultak amerikai \u00e9s k\u00ednai v\u00e1llalatok\"}]},{\"@type\":\"WebSite\",\"@id\":\"https:\/\/kinaikaleidoszkop.hu\/#website\",\"url\":\"https:\/\/kinaikaleidoszkop.hu\/\",\"name\":\"kinaikaleidoszkop.hu\",\"description\":\"\",\"potentialAction\":[{\"@type\":\"SearchAction\",\"target\":{\"@type\":\"EntryPoint\",\"urlTemplate\":\"https:\/\/kinaikaleidoszkop.hu\/?s={search_term_string}\"},\"query-input\":{\"@type\":\"PropertyValueSpecification\",\"valueRequired\":true,\"valueName\":\"search_term_string\"}}],\"inLanguage\":\"hu\"},{\"@type\":\"Person\",\"@id\":\"https:\/\/kinaikaleidoszkop.hu\/#\/schema\/person\/4d69b71e7e70322713b9d9287b610556\",\"name\":\"Szerk_Erik\",\"image\":{\"@type\":\"ImageObject\",\"inLanguage\":\"hu\",\"@id\":\"https:\/\/kinaikaleidoszkop.hu\/#\/schema\/person\/image\/\",\"url\":\"https:\/\/secure.gravatar.com\/avatar\/3c1e909a14c0c91d2eaef877aaacb584c667f8e7137de69653aa9561fd0e8062?s=96&d=mm&r=g\",\"contentUrl\":\"https:\/\/secure.gravatar.com\/avatar\/3c1e909a14c0c91d2eaef877aaacb584c667f8e7137de69653aa9561fd0e8062?s=96&d=mm&r=g\",\"caption\":\"Szerk_Erik\"},\"url\":\"https:\/\/pestcentrum.hu\"}]}<\/script>\n<!-- \/ Yoast SEO plugin. -->","yoast_head_json":{"title":"\u00dajabb egy\u00fcttm\u0171k\u00f6d\u00e9sekre indultak amerikai \u00e9s k\u00ednai v\u00e1llalatok - kinaikaleidoszkop.hu","robots":{"index":"index","follow":"follow","max-snippet":"max-snippet:-1","max-image-preview":"max-image-preview:large","max-video-preview":"max-video-preview:-1"},"canonical":"https:\/\/pestcentrum.hu\/2026\/02\/12\/ujabb-egyuttmukodesekre-indultak-amerikai-es-kinai-vallalatok\/","og_locale":"hu_HU","og_type":"article","og_title":"\u00dajabb egy\u00fcttm\u0171k\u00f6d\u00e9sekre indultak amerikai \u00e9s k\u00ednai v\u00e1llalatok - kinaikaleidoszkop.hu","og_description":"Febru\u00e1r 9-\u00e9n Pekingben megrendez\u00e9sre ker\u00fclt a K\u00ednai\u2013Amerikai V\u00e1llalati Egy\u00fcttm\u0171k\u00f6d\u00e9si Program (CMP) 20. \u00e9vfordul\u00f3s rendezv\u00e9nye. A K\u00ednai Nemzetk\u00f6zi Kereskedelemfejleszt\u00e9si Tan\u00e1cs \u00e9s az Egyes\u00fclt \u00c1llamok k\u00ednai nagyk\u00f6vets\u00e9ge \u00e1ltal szervezett esem\u00e9nyen kos\u00e1rlabda-tal\u00e1lkoz\u00f3 \u00e9s networking-\u00fcl\u00e9sek keret\u00e9ben a k\u00ednai \u00e9s amerikai \u00fczleti k\u00f6r\u00f6k t\u00f6bb mint 250 k\u00e9pvisel\u0151je vett r\u00e9szt. A gy\u00fcm\u00f6lcs\u00f6z\u0151, leny\u0171g\u00f6z\u0151 egy\u00fcttm\u0171k\u00f6d\u00e9si eredm\u00e9nyeket hoz\u00f3 rendezv\u00e9ny hangulata nyugodt \u00e9s \u00e9l\u00e9nk [&hellip;]","og_url":"https:\/\/kinaikaleidoszkop.hu\/index.php\/2026\/02\/12\/ujabb-egyuttmukodesekre-indultak-amerikai-es-kinai-vallalatok\/","og_site_name":"kinaikaleidoszkop.hu","article_published_time":"2026-02-12T11:15:28+00:00","og_image":[{"width":550,"height":349,"url":"https:\/\/kinaikaleidoszkop.hu\/wp-content\/uploads\/2026\/02\/0212Lea2.jpg","type":"image\/jpeg"}],"author":"Szerk_Erik","twitter_card":"summary_large_image","twitter_misc":{"Szerz\u0151:":"PestCentrum","Becs\u00fclt olvas\u00e1si id\u0151":"2 perc"},"schema":{"@context":"https:\/\/schema.org","@graph":[{"@type":"WebPage","@id":"https:\/\/kinaikaleidoszkop.hu\/index.php\/2026\/02\/12\/ujabb-egyuttmukodesekre-indultak-amerikai-es-kinai-vallalatok\/","url":"https:\/\/kinaikaleidoszkop.hu\/index.php\/2026\/02\/12\/ujabb-egyuttmukodesekre-indultak-amerikai-es-kinai-vallalatok\/","name":"\u00dajabb egy\u00fcttm\u0171k\u00f6d\u00e9sekre indultak amerikai \u00e9s k\u00ednai v\u00e1llalatok - kinaikaleidoszkop.hu","isPartOf":{"@id":"https:\/\/kinaikaleidoszkop.hu\/#website"},"primaryImageOfPage":{"@id":"https:\/\/kinaikaleidoszkop.hu\/index.php\/2026\/02\/12\/ujabb-egyuttmukodesekre-indultak-amerikai-es-kinai-vallalatok\/#primaryimage"},"image":{"@id":"https:\/\/kinaikaleidoszkop.hu\/index.php\/2026\/02\/12\/ujabb-egyuttmukodesekre-indultak-amerikai-es-kinai-vallalatok\/#primaryimage"},"thumbnailUrl":"https:\/\/kinaikaleidoszkop.hu\/wp-content\/uploads\/2026\/02\/0212Lea2.jpg","datePublished":"2026-02-12T11:15:28+00:00","dateModified":"2026-02-12T11:15:28+00:00","author":{"@id":"https:\/\/kinaikaleidoszkop.hu\/#\/schema\/person\/4d69b71e7e70322713b9d9287b610556"},"breadcrumb":{"@id":"https:\/\/kinaikaleidoszkop.hu\/index.php\/2026\/02\/12\/ujabb-egyuttmukodesekre-indultak-amerikai-es-kinai-vallalatok\/#breadcrumb"},"inLanguage":"hu","potentialAction":[{"@type":"ReadAction","target":["https:\/\/kinaikaleidoszkop.hu\/index.php\/2026\/02\/12\/ujabb-egyuttmukodesekre-indultak-amerikai-es-kinai-vallalatok\/"]}]},{"@type":"ImageObject","inLanguage":"hu","@id":"https:\/\/kinaikaleidoszkop.hu\/index.php\/2026\/02\/12\/ujabb-egyuttmukodesekre-indultak-amerikai-es-kinai-vallalatok\/#primaryimage","url":"https:\/\/kinaikaleidoszkop.hu\/wp-content\/uploads\/2026\/02\/0212Lea2.jpg","contentUrl":"https:\/\/kinaikaleidoszkop.hu\/wp-content\/uploads\/2026\/02\/0212Lea2.jpg","width":550,"height":349},{"@type":"BreadcrumbList","@id":"https:\/\/kinaikaleidoszkop.hu\/index.php\/2026\/02\/12\/ujabb-egyuttmukodesekre-indultak-amerikai-es-kinai-vallalatok\/#breadcrumb","itemListElement":[{"@type":"ListItem","position":1,"name":"Kezd\u0151lap","item":"https:\/\/kinaikaleidoszkop.hu\/"},{"@type":"ListItem","position":2,"name":"\u00dajabb egy\u00fcttm\u0171k\u00f6d\u00e9sekre indultak amerikai \u00e9s k\u00ednai v\u00e1llalatok"}]},{"@type":"WebSite","@id":"https:\/\/kinaikaleidoszkop.hu\/#website","url":"https:\/\/kinaikaleidoszkop.hu\/","name":"kinaikaleidoszkop.hu","description":"","potentialAction":[{"@type":"SearchAction","target":{"@type":"EntryPoint","urlTemplate":"https:\/\/kinaikaleidoszkop.hu\/?s={search_term_string}"},"query-input":{"@type":"PropertyValueSpecification","valueRequired":true,"valueName":"search_term_string"}}],"inLanguage":"hu"},{"@type":"Person","@id":"https:\/\/kinaikaleidoszkop.hu\/#\/schema\/person\/4d69b71e7e70322713b9d9287b610556","name":"Szerk_Erik","image":{"@type":"ImageObject","inLanguage":"hu","@id":"https:\/\/kinaikaleidoszkop.hu\/#\/schema\/person\/image\/","url":"https:\/\/secure.gravatar.com\/avatar\/3c1e909a14c0c91d2eaef877aaacb584c667f8e7137de69653aa9561fd0e8062?s=96&d=mm&r=g","contentUrl":"https:\/\/secure.gravatar.com\/avatar\/3c1e909a14c0c91d2eaef877aaacb584c667f8e7137de69653aa9561fd0e8062?s=96&d=mm&r=g","caption":"Szerk_Erik"},"url":"https:\/\/pestcentrum.hu"}]}},"views":45,"distributor_meta":false,"distributor_terms":false,"distributor_media":false,"distributor_original_site_name":"PestCentrum","distributor_original_site_url":"https:\/\/pestcentrum.hu","push-errors":false,"_links":{"self":[{"href":"https:\/\/kinaikaleidoszkop.hu\/index.php\/wp-json\/wp\/v2\/posts\/28375","targetHints":{"allow":["GET"]}}],"collection":[{"href":"https:\/\/kinaikaleidoszkop.hu\/index.php\/wp-json\/wp\/v2\/posts"}],"about":[{"href":"https:\/\/kinaikaleidoszkop.hu\/index.php\/wp-json\/wp\/v2\/types\/post"}],"author":[{"embeddable":true,"href":"https:\/\/kinaikaleidoszkop.hu\/index.php\/wp-json\/wp\/v2\/users\/7"}],"replies":[{"embeddable":true,"href":"https:\/\/kinaikaleidoszkop.hu\/index.php\/wp-json\/wp\/v2\/comments?post=28375"}],"version-history":[{"count":0,"href":"https:\/\/kinaikaleidoszkop.hu\/index.php\/wp-json\/wp\/v2\/posts\/28375\/revisions"}],"wp:featuredmedia":[{"embeddable":true,"href":"https:\/\/kinaikaleidoszkop.hu\/index.php\/wp-json\/wp\/v2\/media\/28376"}],"wp:attachment":[{"href":"https:\/\/kinaikaleidoszkop.hu\/index.php\/wp-json\/wp\/v2\/media?parent=28375"}],"wp:term":[{"taxonomy":"category","embeddable":true,"href":"https:\/\/kinaikaleidoszkop.hu\/index.php\/wp-json\/wp\/v2\/categories?post=28375"},{"taxonomy":"post_tag","embeddable":true,"href":"https:\/\/kinaikaleidoszkop.hu\/index.php\/wp-json\/wp\/v2\/tags?post=28375"}],"curies":[{"name":"wp","href":"https:\/\/api.w.org\/{rel}","templated":true}]}}