{"id":28900,"date":"2026-04-28T13:33:19","date_gmt":"2026-04-28T11:33:19","guid":{"rendered":"https:\/\/kinaikaleidoszkop.hu\/index.php\/2026\/04\/28\/kina-a-japan-politikai-korok-kozelmultbeli-helytelen-lepeseirol-es-kijelenteseirol\/"},"modified":"2026-04-28T13:33:19","modified_gmt":"2026-04-28T11:33:19","slug":"kina-a-japan-politikai-korok-kozelmultbeli-helytelen-lepeseirol-es-kijelenteseirol","status":"publish","type":"post","link":"https:\/\/kinaikaleidoszkop.hu\/index.php\/2026\/04\/28\/kina-a-japan-politikai-korok-kozelmultbeli-helytelen-lepeseirol-es-kijelenteseirol\/","title":{"rendered":"K\u00edna a jap\u00e1n politikai k\u00f6r\u00f6k k\u00f6zelm\u00faltbeli helytelen l\u00e9p\u00e9seir\u0151l\u00a0\u00e9s kijelent\u00e9seir\u0151l\u00a0"},"content":{"rendered":"\n<p><strong>\u00c1prilis 28-\u00e1n a Jap\u00e1n Liber\u00e1lis Demokrata P\u00e1rt konzervat\u00edv sz\u00e1rnya \u00e9s 166 parlamenti k\u00e9pvisel\u0151\u00a0l\u00e1togatott el a Jingoku-szent\u00e9lybe. Erre reag\u00e1lva a k\u00ednai k\u00fcl\u00fcgyminiszt\u00e9rium sz\u00f3viv\u0151je kijelentette, hogy a Jingoku-szent\u00e9ly a jap\u00e1n militarizmus agressz\u00edv h\u00e1bor\u00fak ind\u00edt\u00e1s\u00e1nak szellemi eszk\u00f6ze \u00e9s szimb\u00f3luma; a jap\u00e1n f\u00e9l sorozatos negat\u00edv l\u00e9p\u00e9sei s\u00falyosan s\u00e9rtik a t\u00f6rt\u00e9nelmi igazs\u00e1goss\u00e1got, \u00e9s kih\u00edv\u00e1st jelentenek a m\u00e1sodik vil\u00e1gh\u00e1bor\u00fa gy\u0151zelm\u00e9nek eredm\u00e9nyeire, valamint a h\u00e1bor\u00fa ut\u00e1ni nemzetk\u00f6zi rendre. K\u00edna ezt szigor\u00faan el\u00edt\u00e9li.<\/strong><\/p>\n\n\n\n<p>Ugyanezen a napon, Takaichi Sanae jap\u00e1n minisztereln\u00f6knek a hossz\u00fa t\u00e1v\u00fa h\u00e1bor\u00fara val\u00f3 felk\u00e9sz\u00fcl\u00e9sr\u0151l sz\u00f3l\u00f3 kijelent\u00e9seire reag\u00e1lva egy k\u00ednai sz\u00f3viv\u0151&nbsp;azt k\u00e9rdezte: \u201eA Takaichi-korm\u00e1ny a k\u00f6zelm\u00faltban er\u0151teljesen fejlesztette a hadiipart, most pedig ny\u00edltan kijelenti, hogy \u00bbfelk\u00e9sz\u00fcl a hossz\u00fa t\u00e1v\u00fa h\u00e1bor\u00fara\u00ab \u2013 vajon \u00fajra el akarja-e k\u00f6vetni a t\u00f6rt\u00e9nelem hib\u00e1it?\u201d Id\u00e9n van a Toki\u00f3i Per megnyit\u00e1s\u00e1nak 80. \u00e9vfordul\u00f3ja. Egy ilyen k\u00fcl\u00f6nleges \u00e9vben a jap\u00e1n f\u00e9l nemhogy m\u00e9lyen elgondolkodott volna az agresszi\u00f3 b\u0171nein, hanem \u00e9ppen ellenkez\u0151leg, katonai terjeszked\u00e9sre t\u00f6rekszik, amit a nemzetk\u00f6zi k\u00f6z\u00f6ss\u00e9g semmik\u00e9ppen sem fogad el.<\/p>\n\n\n\n<figure class=\"wp-block-embed is-type-video is-provider-youtube wp-block-embed-youtube wp-embed-aspect-16-9 wp-has-aspect-ratio\"><div class=\"wp-block-embed__wrapper\">\n<iframe loading=\"lazy\" title=\"K\u00edna a jap\u00e1n politikai k\u00f6r\u00f6k k\u00f6zelm\u00faltbeli helytelen l\u00e9p\u00e9seir\u0151l \u00e9s kijelent\u00e9seir\u0151l\" width=\"1320\" height=\"743\" src=\"https:\/\/www.youtube.com\/embed\/vqn6O9Le3_w?feature=oembed\" frameborder=\"0\" allow=\"accelerometer; autoplay; clipboard-write; encrypted-media; gyroscope; picture-in-picture; web-share\" referrerpolicy=\"strict-origin-when-cross-origin\" allowfullscreen><\/iframe>\n<\/div><\/figure>\n\n\n\n<p><em><strong>(China Media Group)<\/strong><\/em><\/p>\n\n\n\n<p><strong>2026. \u00e1prilis 28.<\/strong><\/p>\n\n\n\n<p><strong><em>(x)<\/em><\/strong><\/p>\n","protected":false},"excerpt":{"rendered":"<p>\u00c1prilis 28-\u00e1n a Jap\u00e1n Liber\u00e1lis Demokrata P\u00e1rt konzervat\u00edv sz\u00e1rnya \u00e9s 166 parlamenti k\u00e9pvisel\u0151\u00a0l\u00e1togatott el a Jingoku-szent\u00e9lybe. Erre reag\u00e1lva a k\u00ednai k\u00fcl\u00fcgyminiszt\u00e9rium sz\u00f3viv\u0151je kijelentette, hogy a Jingoku-szent\u00e9ly a jap\u00e1n militarizmus agressz\u00edv h\u00e1bor\u00fak ind\u00edt\u00e1s\u00e1nak szellemi eszk\u00f6ze \u00e9s szimb\u00f3luma; a jap\u00e1n f\u00e9l sorozatos negat\u00edv l\u00e9p\u00e9sei s\u00falyosan s\u00e9rtik a t\u00f6rt\u00e9nelmi igazs\u00e1goss\u00e1got, \u00e9s kih\u00edv\u00e1st jelentenek a m\u00e1sodik vil\u00e1gh\u00e1bor\u00fa gy\u0151zelm\u00e9nek eredm\u00e9nyeire, [&hellip;]<\/p>\n","protected":false},"author":7,"featured_media":28901,"comment_status":"","ping_status":"","sticky":false,"template":"","format":"standard","meta":{"footnotes":""},"categories":[4797],"tags":[637,1318,3696,742,500,5782],"class_list":["post-28900","post","type-post","status-publish","format-standard","has-post-thumbnail","hentry","category-egyeb-hirek","tag-diplomacia","tag-japan","tag-kina","tag-konfliktus","tag-politika","tag-reakcio"],"yoast_head":"<!-- This site is optimized with the Yoast SEO plugin v23.7 - https:\/\/yoast.com\/wordpress\/plugins\/seo\/ -->\n<title>K\u00edna a jap\u00e1n politikai k\u00f6r\u00f6k k\u00f6zelm\u00faltbeli helytelen l\u00e9p\u00e9seir\u0151l\u00a0\u00e9s kijelent\u00e9seir\u0151l\u00a0 - kinaikaleidoszkop.hu<\/title>\n<meta name=\"robots\" content=\"index, follow, max-snippet:-1, max-image-preview:large, max-video-preview:-1\" \/>\n<link rel=\"canonical\" href=\"https:\/\/pestcentrum.hu\/2026\/04\/28\/kina-a-japan-politikai-korok-kozelmultbeli-helytelen-lepeseirol-es-kijelenteseirol\/\" \/>\n<meta property=\"og:locale\" content=\"hu_HU\" \/>\n<meta property=\"og:type\" content=\"article\" \/>\n<meta property=\"og:title\" content=\"K\u00edna a jap\u00e1n politikai k\u00f6r\u00f6k k\u00f6zelm\u00faltbeli helytelen l\u00e9p\u00e9seir\u0151l\u00a0\u00e9s kijelent\u00e9seir\u0151l\u00a0 - kinaikaleidoszkop.hu\" \/>\n<meta property=\"og:description\" content=\"\u00c1prilis 28-\u00e1n a Jap\u00e1n Liber\u00e1lis Demokrata P\u00e1rt konzervat\u00edv sz\u00e1rnya \u00e9s 166 parlamenti k\u00e9pvisel\u0151\u00a0l\u00e1togatott el a Jingoku-szent\u00e9lybe. Erre reag\u00e1lva a k\u00ednai k\u00fcl\u00fcgyminiszt\u00e9rium sz\u00f3viv\u0151je kijelentette, hogy a Jingoku-szent\u00e9ly a jap\u00e1n militarizmus agressz\u00edv h\u00e1bor\u00fak ind\u00edt\u00e1s\u00e1nak szellemi eszk\u00f6ze \u00e9s szimb\u00f3luma; a jap\u00e1n f\u00e9l sorozatos negat\u00edv l\u00e9p\u00e9sei s\u00falyosan s\u00e9rtik a t\u00f6rt\u00e9nelmi igazs\u00e1goss\u00e1got, \u00e9s kih\u00edv\u00e1st jelentenek a m\u00e1sodik vil\u00e1gh\u00e1bor\u00fa gy\u0151zelm\u00e9nek eredm\u00e9nyeire, [&hellip;]\" \/>\n<meta property=\"og:url\" content=\"https:\/\/kinaikaleidoszkop.hu\/index.php\/2026\/04\/28\/kina-a-japan-politikai-korok-kozelmultbeli-helytelen-lepeseirol-es-kijelenteseirol\/\" \/>\n<meta property=\"og:site_name\" content=\"kinaikaleidoszkop.hu\" \/>\n<meta property=\"article:published_time\" content=\"2026-04-28T11:33:19+00:00\" \/>\n<meta property=\"og:image\" content=\"https:\/\/kinaikaleidoszkop.hu\/wp-content\/uploads\/2026\/04\/Screenshot-2026-04-28-at-13.30.51-1024x578.png\" \/>\n\t<meta property=\"og:image:width\" content=\"1024\" \/>\n\t<meta property=\"og:image:height\" content=\"578\" \/>\n\t<meta property=\"og:image:type\" content=\"image\/png\" \/>\n<meta name=\"author\" content=\"Szerk_Erik\" \/>\n<meta name=\"twitter:card\" content=\"summary_large_image\" \/>\n<meta name=\"twitter:label1\" content=\"Szerz\u0151:\" \/>\n\t<meta name=\"twitter:data1\" content=\"PestCentrum\" \/>\n\t<meta name=\"twitter:label2\" content=\"Becs\u00fclt olvas\u00e1si id\u0151\" \/>\n\t<meta name=\"twitter:data2\" content=\"2 perc\" \/>\n<script type=\"application\/ld+json\" class=\"yoast-schema-graph\">{\"@context\":\"https:\/\/schema.org\",\"@graph\":[{\"@type\":\"WebPage\",\"@id\":\"https:\/\/kinaikaleidoszkop.hu\/index.php\/2026\/04\/28\/kina-a-japan-politikai-korok-kozelmultbeli-helytelen-lepeseirol-es-kijelenteseirol\/\",\"url\":\"https:\/\/kinaikaleidoszkop.hu\/index.php\/2026\/04\/28\/kina-a-japan-politikai-korok-kozelmultbeli-helytelen-lepeseirol-es-kijelenteseirol\/\",\"name\":\"K\u00edna a jap\u00e1n politikai k\u00f6r\u00f6k k\u00f6zelm\u00faltbeli helytelen l\u00e9p\u00e9seir\u0151l\u00a0\u00e9s kijelent\u00e9seir\u0151l\u00a0 - kinaikaleidoszkop.hu\",\"isPartOf\":{\"@id\":\"https:\/\/kinaikaleidoszkop.hu\/#website\"},\"primaryImageOfPage\":{\"@id\":\"https:\/\/kinaikaleidoszkop.hu\/index.php\/2026\/04\/28\/kina-a-japan-politikai-korok-kozelmultbeli-helytelen-lepeseirol-es-kijelenteseirol\/#primaryimage\"},\"image\":{\"@id\":\"https:\/\/kinaikaleidoszkop.hu\/index.php\/2026\/04\/28\/kina-a-japan-politikai-korok-kozelmultbeli-helytelen-lepeseirol-es-kijelenteseirol\/#primaryimage\"},\"thumbnailUrl\":\"https:\/\/kinaikaleidoszkop.hu\/wp-content\/uploads\/2026\/04\/Screenshot-2026-04-28-at-13.30.51.png\",\"datePublished\":\"2026-04-28T11:33:19+00:00\",\"dateModified\":\"2026-04-28T11:33:19+00:00\",\"author\":{\"@id\":\"https:\/\/kinaikaleidoszkop.hu\/#\/schema\/person\/4d69b71e7e70322713b9d9287b610556\"},\"breadcrumb\":{\"@id\":\"https:\/\/kinaikaleidoszkop.hu\/index.php\/2026\/04\/28\/kina-a-japan-politikai-korok-kozelmultbeli-helytelen-lepeseirol-es-kijelenteseirol\/#breadcrumb\"},\"inLanguage\":\"hu\",\"potentialAction\":[{\"@type\":\"ReadAction\",\"target\":[\"https:\/\/kinaikaleidoszkop.hu\/index.php\/2026\/04\/28\/kina-a-japan-politikai-korok-kozelmultbeli-helytelen-lepeseirol-es-kijelenteseirol\/\"]}]},{\"@type\":\"ImageObject\",\"inLanguage\":\"hu\",\"@id\":\"https:\/\/kinaikaleidoszkop.hu\/index.php\/2026\/04\/28\/kina-a-japan-politikai-korok-kozelmultbeli-helytelen-lepeseirol-es-kijelenteseirol\/#primaryimage\",\"url\":\"https:\/\/kinaikaleidoszkop.hu\/wp-content\/uploads\/2026\/04\/Screenshot-2026-04-28-at-13.30.51.png\",\"contentUrl\":\"https:\/\/kinaikaleidoszkop.hu\/wp-content\/uploads\/2026\/04\/Screenshot-2026-04-28-at-13.30.51.png\",\"width\":2048,\"height\":1155},{\"@type\":\"BreadcrumbList\",\"@id\":\"https:\/\/kinaikaleidoszkop.hu\/index.php\/2026\/04\/28\/kina-a-japan-politikai-korok-kozelmultbeli-helytelen-lepeseirol-es-kijelenteseirol\/#breadcrumb\",\"itemListElement\":[{\"@type\":\"ListItem\",\"position\":1,\"name\":\"Kezd\u0151lap\",\"item\":\"https:\/\/kinaikaleidoszkop.hu\/\"},{\"@type\":\"ListItem\",\"position\":2,\"name\":\"K\u00edna a jap\u00e1n politikai k\u00f6r\u00f6k k\u00f6zelm\u00faltbeli helytelen l\u00e9p\u00e9seir\u0151l\u00a0\u00e9s kijelent\u00e9seir\u0151l\u00a0\"}]},{\"@type\":\"WebSite\",\"@id\":\"https:\/\/kinaikaleidoszkop.hu\/#website\",\"url\":\"https:\/\/kinaikaleidoszkop.hu\/\",\"name\":\"kinaikaleidoszkop.hu\",\"description\":\"\",\"potentialAction\":[{\"@type\":\"SearchAction\",\"target\":{\"@type\":\"EntryPoint\",\"urlTemplate\":\"https:\/\/kinaikaleidoszkop.hu\/?s={search_term_string}\"},\"query-input\":{\"@type\":\"PropertyValueSpecification\",\"valueRequired\":true,\"valueName\":\"search_term_string\"}}],\"inLanguage\":\"hu\"},{\"@type\":\"Person\",\"@id\":\"https:\/\/kinaikaleidoszkop.hu\/#\/schema\/person\/4d69b71e7e70322713b9d9287b610556\",\"name\":\"Szerk_Erik\",\"image\":{\"@type\":\"ImageObject\",\"inLanguage\":\"hu\",\"@id\":\"https:\/\/kinaikaleidoszkop.hu\/#\/schema\/person\/image\/\",\"url\":\"https:\/\/secure.gravatar.com\/avatar\/3c1e909a14c0c91d2eaef877aaacb584c667f8e7137de69653aa9561fd0e8062?s=96&d=mm&r=g\",\"contentUrl\":\"https:\/\/secure.gravatar.com\/avatar\/3c1e909a14c0c91d2eaef877aaacb584c667f8e7137de69653aa9561fd0e8062?s=96&d=mm&r=g\",\"caption\":\"Szerk_Erik\"},\"url\":\"https:\/\/pestcentrum.hu\"}]}<\/script>\n<!-- \/ Yoast SEO plugin. -->","yoast_head_json":{"title":"K\u00edna a jap\u00e1n politikai k\u00f6r\u00f6k k\u00f6zelm\u00faltbeli helytelen l\u00e9p\u00e9seir\u0151l\u00a0\u00e9s kijelent\u00e9seir\u0151l\u00a0 - kinaikaleidoszkop.hu","robots":{"index":"index","follow":"follow","max-snippet":"max-snippet:-1","max-image-preview":"max-image-preview:large","max-video-preview":"max-video-preview:-1"},"canonical":"https:\/\/pestcentrum.hu\/2026\/04\/28\/kina-a-japan-politikai-korok-kozelmultbeli-helytelen-lepeseirol-es-kijelenteseirol\/","og_locale":"hu_HU","og_type":"article","og_title":"K\u00edna a jap\u00e1n politikai k\u00f6r\u00f6k k\u00f6zelm\u00faltbeli helytelen l\u00e9p\u00e9seir\u0151l\u00a0\u00e9s kijelent\u00e9seir\u0151l\u00a0 - kinaikaleidoszkop.hu","og_description":"\u00c1prilis 28-\u00e1n a Jap\u00e1n Liber\u00e1lis Demokrata P\u00e1rt konzervat\u00edv sz\u00e1rnya \u00e9s 166 parlamenti k\u00e9pvisel\u0151\u00a0l\u00e1togatott el a Jingoku-szent\u00e9lybe. Erre reag\u00e1lva a k\u00ednai k\u00fcl\u00fcgyminiszt\u00e9rium sz\u00f3viv\u0151je kijelentette, hogy a Jingoku-szent\u00e9ly a jap\u00e1n militarizmus agressz\u00edv h\u00e1bor\u00fak ind\u00edt\u00e1s\u00e1nak szellemi eszk\u00f6ze \u00e9s szimb\u00f3luma; a jap\u00e1n f\u00e9l sorozatos negat\u00edv l\u00e9p\u00e9sei s\u00falyosan s\u00e9rtik a t\u00f6rt\u00e9nelmi igazs\u00e1goss\u00e1got, \u00e9s kih\u00edv\u00e1st jelentenek a m\u00e1sodik vil\u00e1gh\u00e1bor\u00fa gy\u0151zelm\u00e9nek eredm\u00e9nyeire, [&hellip;]","og_url":"https:\/\/kinaikaleidoszkop.hu\/index.php\/2026\/04\/28\/kina-a-japan-politikai-korok-kozelmultbeli-helytelen-lepeseirol-es-kijelenteseirol\/","og_site_name":"kinaikaleidoszkop.hu","article_published_time":"2026-04-28T11:33:19+00:00","og_image":[{"width":1024,"height":578,"url":"https:\/\/kinaikaleidoszkop.hu\/wp-content\/uploads\/2026\/04\/Screenshot-2026-04-28-at-13.30.51-1024x578.png","type":"image\/png"}],"author":"Szerk_Erik","twitter_card":"summary_large_image","twitter_misc":{"Szerz\u0151:":"PestCentrum","Becs\u00fclt olvas\u00e1si id\u0151":"2 perc"},"schema":{"@context":"https:\/\/schema.org","@graph":[{"@type":"WebPage","@id":"https:\/\/kinaikaleidoszkop.hu\/index.php\/2026\/04\/28\/kina-a-japan-politikai-korok-kozelmultbeli-helytelen-lepeseirol-es-kijelenteseirol\/","url":"https:\/\/kinaikaleidoszkop.hu\/index.php\/2026\/04\/28\/kina-a-japan-politikai-korok-kozelmultbeli-helytelen-lepeseirol-es-kijelenteseirol\/","name":"K\u00edna a jap\u00e1n politikai k\u00f6r\u00f6k k\u00f6zelm\u00faltbeli helytelen l\u00e9p\u00e9seir\u0151l\u00a0\u00e9s kijelent\u00e9seir\u0151l\u00a0 - kinaikaleidoszkop.hu","isPartOf":{"@id":"https:\/\/kinaikaleidoszkop.hu\/#website"},"primaryImageOfPage":{"@id":"https:\/\/kinaikaleidoszkop.hu\/index.php\/2026\/04\/28\/kina-a-japan-politikai-korok-kozelmultbeli-helytelen-lepeseirol-es-kijelenteseirol\/#primaryimage"},"image":{"@id":"https:\/\/kinaikaleidoszkop.hu\/index.php\/2026\/04\/28\/kina-a-japan-politikai-korok-kozelmultbeli-helytelen-lepeseirol-es-kijelenteseirol\/#primaryimage"},"thumbnailUrl":"https:\/\/kinaikaleidoszkop.hu\/wp-content\/uploads\/2026\/04\/Screenshot-2026-04-28-at-13.30.51.png","datePublished":"2026-04-28T11:33:19+00:00","dateModified":"2026-04-28T11:33:19+00:00","author":{"@id":"https:\/\/kinaikaleidoszkop.hu\/#\/schema\/person\/4d69b71e7e70322713b9d9287b610556"},"breadcrumb":{"@id":"https:\/\/kinaikaleidoszkop.hu\/index.php\/2026\/04\/28\/kina-a-japan-politikai-korok-kozelmultbeli-helytelen-lepeseirol-es-kijelenteseirol\/#breadcrumb"},"inLanguage":"hu","potentialAction":[{"@type":"ReadAction","target":["https:\/\/kinaikaleidoszkop.hu\/index.php\/2026\/04\/28\/kina-a-japan-politikai-korok-kozelmultbeli-helytelen-lepeseirol-es-kijelenteseirol\/"]}]},{"@type":"ImageObject","inLanguage":"hu","@id":"https:\/\/kinaikaleidoszkop.hu\/index.php\/2026\/04\/28\/kina-a-japan-politikai-korok-kozelmultbeli-helytelen-lepeseirol-es-kijelenteseirol\/#primaryimage","url":"https:\/\/kinaikaleidoszkop.hu\/wp-content\/uploads\/2026\/04\/Screenshot-2026-04-28-at-13.30.51.png","contentUrl":"https:\/\/kinaikaleidoszkop.hu\/wp-content\/uploads\/2026\/04\/Screenshot-2026-04-28-at-13.30.51.png","width":2048,"height":1155},{"@type":"BreadcrumbList","@id":"https:\/\/kinaikaleidoszkop.hu\/index.php\/2026\/04\/28\/kina-a-japan-politikai-korok-kozelmultbeli-helytelen-lepeseirol-es-kijelenteseirol\/#breadcrumb","itemListElement":[{"@type":"ListItem","position":1,"name":"Kezd\u0151lap","item":"https:\/\/kinaikaleidoszkop.hu\/"},{"@type":"ListItem","position":2,"name":"K\u00edna a jap\u00e1n politikai k\u00f6r\u00f6k k\u00f6zelm\u00faltbeli helytelen l\u00e9p\u00e9seir\u0151l\u00a0\u00e9s kijelent\u00e9seir\u0151l\u00a0"}]},{"@type":"WebSite","@id":"https:\/\/kinaikaleidoszkop.hu\/#website","url":"https:\/\/kinaikaleidoszkop.hu\/","name":"kinaikaleidoszkop.hu","description":"","potentialAction":[{"@type":"SearchAction","target":{"@type":"EntryPoint","urlTemplate":"https:\/\/kinaikaleidoszkop.hu\/?s={search_term_string}"},"query-input":{"@type":"PropertyValueSpecification","valueRequired":true,"valueName":"search_term_string"}}],"inLanguage":"hu"},{"@type":"Person","@id":"https:\/\/kinaikaleidoszkop.hu\/#\/schema\/person\/4d69b71e7e70322713b9d9287b610556","name":"Szerk_Erik","image":{"@type":"ImageObject","inLanguage":"hu","@id":"https:\/\/kinaikaleidoszkop.hu\/#\/schema\/person\/image\/","url":"https:\/\/secure.gravatar.com\/avatar\/3c1e909a14c0c91d2eaef877aaacb584c667f8e7137de69653aa9561fd0e8062?s=96&d=mm&r=g","contentUrl":"https:\/\/secure.gravatar.com\/avatar\/3c1e909a14c0c91d2eaef877aaacb584c667f8e7137de69653aa9561fd0e8062?s=96&d=mm&r=g","caption":"Szerk_Erik"},"url":"https:\/\/pestcentrum.hu"}]}},"views":4,"distributor_meta":false,"distributor_terms":false,"distributor_media":false,"distributor_original_site_name":"PestCentrum","distributor_original_site_url":"https:\/\/pestcentrum.hu","push-errors":false,"_links":{"self":[{"href":"https:\/\/kinaikaleidoszkop.hu\/index.php\/wp-json\/wp\/v2\/posts\/28900","targetHints":{"allow":["GET"]}}],"collection":[{"href":"https:\/\/kinaikaleidoszkop.hu\/index.php\/wp-json\/wp\/v2\/posts"}],"about":[{"href":"https:\/\/kinaikaleidoszkop.hu\/index.php\/wp-json\/wp\/v2\/types\/post"}],"author":[{"embeddable":true,"href":"https:\/\/kinaikaleidoszkop.hu\/index.php\/wp-json\/wp\/v2\/users\/7"}],"replies":[{"embeddable":true,"href":"https:\/\/kinaikaleidoszkop.hu\/index.php\/wp-json\/wp\/v2\/comments?post=28900"}],"version-history":[{"count":0,"href":"https:\/\/kinaikaleidoszkop.hu\/index.php\/wp-json\/wp\/v2\/posts\/28900\/revisions"}],"wp:featuredmedia":[{"embeddable":true,"href":"https:\/\/kinaikaleidoszkop.hu\/index.php\/wp-json\/wp\/v2\/media\/28901"}],"wp:attachment":[{"href":"https:\/\/kinaikaleidoszkop.hu\/index.php\/wp-json\/wp\/v2\/media?parent=28900"}],"wp:term":[{"taxonomy":"category","embeddable":true,"href":"https:\/\/kinaikaleidoszkop.hu\/index.php\/wp-json\/wp\/v2\/categories?post=28900"},{"taxonomy":"post_tag","embeddable":true,"href":"https:\/\/kinaikaleidoszkop.hu\/index.php\/wp-json\/wp\/v2\/tags?post=28900"}],"curies":[{"name":"wp","href":"https:\/\/api.w.org\/{rel}","templated":true}]}}