{"id":28902,"date":"2026-04-28T13:37:08","date_gmt":"2026-04-28T11:37:08","guid":{"rendered":"https:\/\/kinaikaleidoszkop.hu\/index.php\/2026\/04\/28\/ulest-tartott-a-kinai-kommunista-part-kkp-kozponti-bizottsaganak-politikai-bizottsaga-2\/"},"modified":"2026-04-28T13:37:08","modified_gmt":"2026-04-28T11:37:08","slug":"ulest-tartott-a-kinai-kommunista-part-kkp-kozponti-bizottsaganak-politikai-bizottsaga-2","status":"publish","type":"post","link":"https:\/\/kinaikaleidoszkop.hu\/index.php\/2026\/04\/28\/ulest-tartott-a-kinai-kommunista-part-kkp-kozponti-bizottsaganak-politikai-bizottsaga-2\/","title":{"rendered":"\u00dcl\u00e9st tartott a K\u00ednai Kommunista P\u00e1rt (KKP) K\u00f6zponti Bizotts\u00e1g\u00e1nak Politikai Bizotts\u00e1ga\u00a0"},"content":{"rendered":"\n<p><strong>A K\u00ednai Kommunista P\u00e1rt (KKP) K\u00f6zponti Bizotts\u00e1g\u00e1nak Politikai Bizotts\u00e1ga \u00e1prilis 28-\u00e1n \u00fcl\u00e9st tartott, amelyen elemezt\u00e9k \u00e9s megvitatt\u00e1k a jelenlegi gazdas\u00e1gi helyzetet \u00e9s a gazdas\u00e1gi tev\u00e9kenys\u00e9geket. Az \u00fcl\u00e9st Hszi Csin-ping, a KKP K\u00f6zponti Bizotts\u00e1g\u00e1nak f\u0151titk\u00e1ra vezette.<\/strong><\/p>\n\n\n\n<p>Az \u00fcl\u00e9sen meg\u00e1llap\u00edtott\u00e1k, hogy az \u00e9v elej\u00e9n a k\u00ednai gazdas\u00e1g er\u0151teljesen indult, a f\u0151bb mutat\u00f3k a v\u00e1rakoz\u00e1sokat fel\u00fclm\u00falt\u00e1k, ami a gazdas\u00e1g er\u0151s rugalmass\u00e1g\u00e1t \u00e9s \u00e9leterej\u00e9t bizony\u00edtja. Ugyanakkor n\u00e9h\u00e1ny neh\u00e9zs\u00e9ggel \u00e9s kih\u00edv\u00e1ssal is szembes\u00fclnek, a gazdas\u00e1g folyamatos, stabil \u00e9s pozit\u00edv fejl\u0151d\u00e9s\u00e9nek alapjait tov\u00e1bb kell szil\u00e1rd\u00edtani. Meg kell er\u0151s\u00edteni a bizalmat, \u00e9s m\u00e9g nagyobb er\u0151fesz\u00edt\u00e9sekkel \u00e9s hat\u00e9konyabb int\u00e9zked\u00e9sekkel kell foglalkozni a gazdas\u00e1gi feladatokkal.<\/p>\n\n\n\n<p>Az \u00fcl\u00e9sen r\u00e1mutattak, hogy tov\u00e1bb er\u0151s\u00edtik a belf\u00f6ldi gazdas\u00e1gi k\u00f6rforg\u00e1st, optimaliz\u00e1lj\u00e1k a belf\u00f6ldi \u00e9s nemzetk\u00f6zi kett\u0151s gazdas\u00e1gi k\u00f6rforg\u00e1st, \u00e9s igyekeznek biztos\u00edtani a 15. \u00f6t\u00e9ves terv sikeres kezdet\u00e9t.<\/p>\n\n\n\n<p>Az \u00fcl\u00e9sen hangs\u00falyozt\u00e1k, hogy hat\u00e9konyan \u00e9s teljes m\u00e9rt\u00e9kben ki kell haszn\u00e1lni a makrogazdas\u00e1gi int\u00e9zked\u00e9seket; folyamatosan optimaliz\u00e1lni kell a k\u00f6lts\u00e9gvet\u00e9si kiad\u00e1sok szerkezet\u00e9t; n\u00f6velni kell a monet\u00e1ris politika el\u0151rel\u00e1t\u00f3, rugalmas \u00e9s c\u00e9lzott jelleg\u00e9t, valamint biztos\u00edtani kell a b\u0151s\u00e9ges likvidit\u00e1st.<\/p>\n\n\n\n<p>Az \u00fcl\u00e9sen hangs\u00falyozt\u00e1k, hogy fel kell gyors\u00edtani a modern ipari rendszer ki\u00e9p\u00edt\u00e9s\u00e9t, \u00e9s meg kell \u0151rizni a gy\u00e1rt\u00e1si szektor \u00e9sszer\u0171 ar\u00e1ny\u00e1t.<\/p>\n\n\n\n<p>Az \u00fcl\u00e9sen kiemelt\u00e9k, hogy hat\u00e9konyan kell megel\u0151zni \u00e9s kezelni a kulcsfontoss\u00e1g\u00fa ter\u00fcleteken felmer\u00fcl\u0151 kock\u00e1zatokat, t\u00f6rekedni kell az ingatlanpiac stabiliz\u00e1l\u00e1s\u00e1ra, valamint hat\u00e1rozottan el\u0151 kell mozd\u00edtani a v\u00e1rosi fel\u00faj\u00edt\u00e1si programokat.<\/p>\n\n\n\n<p>Az \u00fcl\u00e9sen hangs\u00falyozt\u00e1k, hogy fokozni kell a foglalkoztat\u00e1sorient\u00e1lt politika ir\u00e1nyvonal\u00e1t, \u00e9s er\u0151s\u00edteni kell az oktat\u00e1s, az eg\u00e9szs\u00e9g\u00fcgy, a gyermekgondoz\u00e1s \u00e9s m\u00e1s, a lakoss\u00e1g \u00e9letmin\u0151s\u00e9g\u00e9t \u00e9rint\u0151 ter\u00fcletek fejleszt\u00e9s\u00e9t. Gondoskodni kell a mez\u0151gazdas\u00e1gi termel\u00e9sr\u0151l, \u00e9s stabiliz\u00e1lni kell a sert\u00e9sh\u00fas \u00e9s m\u00e1s mez\u0151gazdas\u00e1gi term\u00e9kek \u00e1rait.<\/p>\n\n\n\n<p>Az \u00fcl\u00e9sen egy\u00e9b k\u00e9rd\u00e9seket is megvitattak.<\/p>\n\n\n\n<p><strong><em>(China Media Group)<\/em><\/strong><\/p>\n\n\n\n<p><strong>2026. \u00e1prilis 28.<\/strong><\/p>\n\n\n\n<p><strong><em>(x)<\/em><\/strong><\/p>\n","protected":false},"excerpt":{"rendered":"<p>A K\u00ednai Kommunista P\u00e1rt (KKP) K\u00f6zponti Bizotts\u00e1g\u00e1nak Politikai Bizotts\u00e1ga \u00e1prilis 28-\u00e1n \u00fcl\u00e9st tartott, amelyen elemezt\u00e9k \u00e9s megvitatt\u00e1k a jelenlegi gazdas\u00e1gi helyzetet \u00e9s a gazdas\u00e1gi tev\u00e9kenys\u00e9geket. Az \u00fcl\u00e9st Hszi Csin-ping, a KKP K\u00f6zponti Bizotts\u00e1g\u00e1nak f\u0151titk\u00e1ra vezette. Az \u00fcl\u00e9sen meg\u00e1llap\u00edtott\u00e1k, hogy az \u00e9v elej\u00e9n a k\u00ednai gazdas\u00e1g er\u0151teljesen indult, a f\u0151bb mutat\u00f3k a v\u00e1rakoz\u00e1sokat fel\u00fclm\u00falt\u00e1k, ami a [&hellip;]<\/p>\n","protected":false},"author":7,"featured_media":28903,"comment_status":"","ping_status":"","sticky":false,"template":"","format":"standard","meta":{"footnotes":""},"categories":[4797],"tags":[637,349,5793,305,3696,1640,705],"class_list":["post-28902","post","type-post","status-publish","format-standard","has-post-thumbnail","hentry","category-egyeb-hirek","tag-diplomacia","tag-fejlesztes","tag-gyorsulas","tag-hszi-csin-ping","tag-kina","tag-modernizacio","tag-ules"],"yoast_head":"<!-- This site is optimized with the Yoast SEO plugin v23.7 - https:\/\/yoast.com\/wordpress\/plugins\/seo\/ -->\n<title>\u00dcl\u00e9st tartott a K\u00ednai Kommunista P\u00e1rt (KKP) K\u00f6zponti Bizotts\u00e1g\u00e1nak Politikai Bizotts\u00e1ga\u00a0 - kinaikaleidoszkop.hu<\/title>\n<meta name=\"robots\" content=\"index, follow, max-snippet:-1, max-image-preview:large, max-video-preview:-1\" \/>\n<link rel=\"canonical\" href=\"https:\/\/pestcentrum.hu\/2026\/04\/28\/ulest-tartott-a-kinai-kommunista-part-kkp-kozponti-bizottsaganak-politikai-bizottsaga-2\/\" \/>\n<meta property=\"og:locale\" content=\"hu_HU\" \/>\n<meta property=\"og:type\" content=\"article\" \/>\n<meta property=\"og:title\" content=\"\u00dcl\u00e9st tartott a K\u00ednai Kommunista P\u00e1rt (KKP) K\u00f6zponti Bizotts\u00e1g\u00e1nak Politikai Bizotts\u00e1ga\u00a0 - kinaikaleidoszkop.hu\" \/>\n<meta property=\"og:description\" content=\"A K\u00ednai Kommunista P\u00e1rt (KKP) K\u00f6zponti Bizotts\u00e1g\u00e1nak Politikai Bizotts\u00e1ga \u00e1prilis 28-\u00e1n \u00fcl\u00e9st tartott, amelyen elemezt\u00e9k \u00e9s megvitatt\u00e1k a jelenlegi gazdas\u00e1gi helyzetet \u00e9s a gazdas\u00e1gi tev\u00e9kenys\u00e9geket. Az \u00fcl\u00e9st Hszi Csin-ping, a KKP K\u00f6zponti Bizotts\u00e1g\u00e1nak f\u0151titk\u00e1ra vezette. Az \u00fcl\u00e9sen meg\u00e1llap\u00edtott\u00e1k, hogy az \u00e9v elej\u00e9n a k\u00ednai gazdas\u00e1g er\u0151teljesen indult, a f\u0151bb mutat\u00f3k a v\u00e1rakoz\u00e1sokat fel\u00fclm\u00falt\u00e1k, ami a [&hellip;]\" \/>\n<meta property=\"og:url\" content=\"https:\/\/kinaikaleidoszkop.hu\/index.php\/2026\/04\/28\/ulest-tartott-a-kinai-kommunista-part-kkp-kozponti-bizottsaganak-politikai-bizottsaga-2\/\" \/>\n<meta property=\"og:site_name\" content=\"kinaikaleidoszkop.hu\" \/>\n<meta property=\"article:published_time\" content=\"2026-04-28T11:37:08+00:00\" \/>\n<meta property=\"og:image\" content=\"https:\/\/kinaikaleidoszkop.hu\/wp-content\/uploads\/2026\/04\/5195388173_561e58b86b_b-2.jpg\" \/>\n\t<meta property=\"og:image:width\" content=\"1024\" \/>\n\t<meta property=\"og:image:height\" content=\"768\" \/>\n\t<meta property=\"og:image:type\" content=\"image\/jpeg\" \/>\n<meta name=\"author\" content=\"Szerk_Erik\" \/>\n<meta name=\"twitter:card\" content=\"summary_large_image\" \/>\n<meta name=\"twitter:label1\" content=\"Szerz\u0151:\" \/>\n\t<meta name=\"twitter:data1\" content=\"PestCentrum\" \/>\n\t<meta name=\"twitter:label2\" content=\"Becs\u00fclt olvas\u00e1si id\u0151\" \/>\n\t<meta name=\"twitter:data2\" content=\"2 perc\" \/>\n<script type=\"application\/ld+json\" class=\"yoast-schema-graph\">{\"@context\":\"https:\/\/schema.org\",\"@graph\":[{\"@type\":\"WebPage\",\"@id\":\"https:\/\/kinaikaleidoszkop.hu\/index.php\/2026\/04\/28\/ulest-tartott-a-kinai-kommunista-part-kkp-kozponti-bizottsaganak-politikai-bizottsaga-2\/\",\"url\":\"https:\/\/kinaikaleidoszkop.hu\/index.php\/2026\/04\/28\/ulest-tartott-a-kinai-kommunista-part-kkp-kozponti-bizottsaganak-politikai-bizottsaga-2\/\",\"name\":\"\u00dcl\u00e9st tartott a K\u00ednai Kommunista P\u00e1rt (KKP) K\u00f6zponti Bizotts\u00e1g\u00e1nak Politikai Bizotts\u00e1ga\u00a0 - kinaikaleidoszkop.hu\",\"isPartOf\":{\"@id\":\"https:\/\/kinaikaleidoszkop.hu\/#website\"},\"primaryImageOfPage\":{\"@id\":\"https:\/\/kinaikaleidoszkop.hu\/index.php\/2026\/04\/28\/ulest-tartott-a-kinai-kommunista-part-kkp-kozponti-bizottsaganak-politikai-bizottsaga-2\/#primaryimage\"},\"image\":{\"@id\":\"https:\/\/kinaikaleidoszkop.hu\/index.php\/2026\/04\/28\/ulest-tartott-a-kinai-kommunista-part-kkp-kozponti-bizottsaganak-politikai-bizottsaga-2\/#primaryimage\"},\"thumbnailUrl\":\"https:\/\/kinaikaleidoszkop.hu\/wp-content\/uploads\/2026\/04\/5195388173_561e58b86b_b-2.jpg\",\"datePublished\":\"2026-04-28T11:37:08+00:00\",\"dateModified\":\"2026-04-28T11:37:08+00:00\",\"author\":{\"@id\":\"https:\/\/kinaikaleidoszkop.hu\/#\/schema\/person\/4d69b71e7e70322713b9d9287b610556\"},\"breadcrumb\":{\"@id\":\"https:\/\/kinaikaleidoszkop.hu\/index.php\/2026\/04\/28\/ulest-tartott-a-kinai-kommunista-part-kkp-kozponti-bizottsaganak-politikai-bizottsaga-2\/#breadcrumb\"},\"inLanguage\":\"hu\",\"potentialAction\":[{\"@type\":\"ReadAction\",\"target\":[\"https:\/\/kinaikaleidoszkop.hu\/index.php\/2026\/04\/28\/ulest-tartott-a-kinai-kommunista-part-kkp-kozponti-bizottsaganak-politikai-bizottsaga-2\/\"]}]},{\"@type\":\"ImageObject\",\"inLanguage\":\"hu\",\"@id\":\"https:\/\/kinaikaleidoszkop.hu\/index.php\/2026\/04\/28\/ulest-tartott-a-kinai-kommunista-part-kkp-kozponti-bizottsaganak-politikai-bizottsaga-2\/#primaryimage\",\"url\":\"https:\/\/kinaikaleidoszkop.hu\/wp-content\/uploads\/2026\/04\/5195388173_561e58b86b_b-2.jpg\",\"contentUrl\":\"https:\/\/kinaikaleidoszkop.hu\/wp-content\/uploads\/2026\/04\/5195388173_561e58b86b_b-2.jpg\",\"width\":1024,\"height\":768},{\"@type\":\"BreadcrumbList\",\"@id\":\"https:\/\/kinaikaleidoszkop.hu\/index.php\/2026\/04\/28\/ulest-tartott-a-kinai-kommunista-part-kkp-kozponti-bizottsaganak-politikai-bizottsaga-2\/#breadcrumb\",\"itemListElement\":[{\"@type\":\"ListItem\",\"position\":1,\"name\":\"Kezd\u0151lap\",\"item\":\"https:\/\/kinaikaleidoszkop.hu\/\"},{\"@type\":\"ListItem\",\"position\":2,\"name\":\"\u00dcl\u00e9st tartott a K\u00ednai Kommunista P\u00e1rt (KKP) K\u00f6zponti Bizotts\u00e1g\u00e1nak Politikai Bizotts\u00e1ga\u00a0\"}]},{\"@type\":\"WebSite\",\"@id\":\"https:\/\/kinaikaleidoszkop.hu\/#website\",\"url\":\"https:\/\/kinaikaleidoszkop.hu\/\",\"name\":\"kinaikaleidoszkop.hu\",\"description\":\"\",\"potentialAction\":[{\"@type\":\"SearchAction\",\"target\":{\"@type\":\"EntryPoint\",\"urlTemplate\":\"https:\/\/kinaikaleidoszkop.hu\/?s={search_term_string}\"},\"query-input\":{\"@type\":\"PropertyValueSpecification\",\"valueRequired\":true,\"valueName\":\"search_term_string\"}}],\"inLanguage\":\"hu\"},{\"@type\":\"Person\",\"@id\":\"https:\/\/kinaikaleidoszkop.hu\/#\/schema\/person\/4d69b71e7e70322713b9d9287b610556\",\"name\":\"Szerk_Erik\",\"image\":{\"@type\":\"ImageObject\",\"inLanguage\":\"hu\",\"@id\":\"https:\/\/kinaikaleidoszkop.hu\/#\/schema\/person\/image\/\",\"url\":\"https:\/\/secure.gravatar.com\/avatar\/3c1e909a14c0c91d2eaef877aaacb584c667f8e7137de69653aa9561fd0e8062?s=96&d=mm&r=g\",\"contentUrl\":\"https:\/\/secure.gravatar.com\/avatar\/3c1e909a14c0c91d2eaef877aaacb584c667f8e7137de69653aa9561fd0e8062?s=96&d=mm&r=g\",\"caption\":\"Szerk_Erik\"},\"url\":\"https:\/\/pestcentrum.hu\"}]}<\/script>\n<!-- \/ Yoast SEO plugin. -->","yoast_head_json":{"title":"\u00dcl\u00e9st tartott a K\u00ednai Kommunista P\u00e1rt (KKP) K\u00f6zponti Bizotts\u00e1g\u00e1nak Politikai Bizotts\u00e1ga\u00a0 - kinaikaleidoszkop.hu","robots":{"index":"index","follow":"follow","max-snippet":"max-snippet:-1","max-image-preview":"max-image-preview:large","max-video-preview":"max-video-preview:-1"},"canonical":"https:\/\/pestcentrum.hu\/2026\/04\/28\/ulest-tartott-a-kinai-kommunista-part-kkp-kozponti-bizottsaganak-politikai-bizottsaga-2\/","og_locale":"hu_HU","og_type":"article","og_title":"\u00dcl\u00e9st tartott a K\u00ednai Kommunista P\u00e1rt (KKP) K\u00f6zponti Bizotts\u00e1g\u00e1nak Politikai Bizotts\u00e1ga\u00a0 - kinaikaleidoszkop.hu","og_description":"A K\u00ednai Kommunista P\u00e1rt (KKP) K\u00f6zponti Bizotts\u00e1g\u00e1nak Politikai Bizotts\u00e1ga \u00e1prilis 28-\u00e1n \u00fcl\u00e9st tartott, amelyen elemezt\u00e9k \u00e9s megvitatt\u00e1k a jelenlegi gazdas\u00e1gi helyzetet \u00e9s a gazdas\u00e1gi tev\u00e9kenys\u00e9geket. Az \u00fcl\u00e9st Hszi Csin-ping, a KKP K\u00f6zponti Bizotts\u00e1g\u00e1nak f\u0151titk\u00e1ra vezette. Az \u00fcl\u00e9sen meg\u00e1llap\u00edtott\u00e1k, hogy az \u00e9v elej\u00e9n a k\u00ednai gazdas\u00e1g er\u0151teljesen indult, a f\u0151bb mutat\u00f3k a v\u00e1rakoz\u00e1sokat fel\u00fclm\u00falt\u00e1k, ami a [&hellip;]","og_url":"https:\/\/kinaikaleidoszkop.hu\/index.php\/2026\/04\/28\/ulest-tartott-a-kinai-kommunista-part-kkp-kozponti-bizottsaganak-politikai-bizottsaga-2\/","og_site_name":"kinaikaleidoszkop.hu","article_published_time":"2026-04-28T11:37:08+00:00","og_image":[{"width":1024,"height":768,"url":"https:\/\/kinaikaleidoszkop.hu\/wp-content\/uploads\/2026\/04\/5195388173_561e58b86b_b-2.jpg","type":"image\/jpeg"}],"author":"Szerk_Erik","twitter_card":"summary_large_image","twitter_misc":{"Szerz\u0151:":"PestCentrum","Becs\u00fclt olvas\u00e1si id\u0151":"2 perc"},"schema":{"@context":"https:\/\/schema.org","@graph":[{"@type":"WebPage","@id":"https:\/\/kinaikaleidoszkop.hu\/index.php\/2026\/04\/28\/ulest-tartott-a-kinai-kommunista-part-kkp-kozponti-bizottsaganak-politikai-bizottsaga-2\/","url":"https:\/\/kinaikaleidoszkop.hu\/index.php\/2026\/04\/28\/ulest-tartott-a-kinai-kommunista-part-kkp-kozponti-bizottsaganak-politikai-bizottsaga-2\/","name":"\u00dcl\u00e9st tartott a K\u00ednai Kommunista P\u00e1rt (KKP) K\u00f6zponti Bizotts\u00e1g\u00e1nak Politikai Bizotts\u00e1ga\u00a0 - kinaikaleidoszkop.hu","isPartOf":{"@id":"https:\/\/kinaikaleidoszkop.hu\/#website"},"primaryImageOfPage":{"@id":"https:\/\/kinaikaleidoszkop.hu\/index.php\/2026\/04\/28\/ulest-tartott-a-kinai-kommunista-part-kkp-kozponti-bizottsaganak-politikai-bizottsaga-2\/#primaryimage"},"image":{"@id":"https:\/\/kinaikaleidoszkop.hu\/index.php\/2026\/04\/28\/ulest-tartott-a-kinai-kommunista-part-kkp-kozponti-bizottsaganak-politikai-bizottsaga-2\/#primaryimage"},"thumbnailUrl":"https:\/\/kinaikaleidoszkop.hu\/wp-content\/uploads\/2026\/04\/5195388173_561e58b86b_b-2.jpg","datePublished":"2026-04-28T11:37:08+00:00","dateModified":"2026-04-28T11:37:08+00:00","author":{"@id":"https:\/\/kinaikaleidoszkop.hu\/#\/schema\/person\/4d69b71e7e70322713b9d9287b610556"},"breadcrumb":{"@id":"https:\/\/kinaikaleidoszkop.hu\/index.php\/2026\/04\/28\/ulest-tartott-a-kinai-kommunista-part-kkp-kozponti-bizottsaganak-politikai-bizottsaga-2\/#breadcrumb"},"inLanguage":"hu","potentialAction":[{"@type":"ReadAction","target":["https:\/\/kinaikaleidoszkop.hu\/index.php\/2026\/04\/28\/ulest-tartott-a-kinai-kommunista-part-kkp-kozponti-bizottsaganak-politikai-bizottsaga-2\/"]}]},{"@type":"ImageObject","inLanguage":"hu","@id":"https:\/\/kinaikaleidoszkop.hu\/index.php\/2026\/04\/28\/ulest-tartott-a-kinai-kommunista-part-kkp-kozponti-bizottsaganak-politikai-bizottsaga-2\/#primaryimage","url":"https:\/\/kinaikaleidoszkop.hu\/wp-content\/uploads\/2026\/04\/5195388173_561e58b86b_b-2.jpg","contentUrl":"https:\/\/kinaikaleidoszkop.hu\/wp-content\/uploads\/2026\/04\/5195388173_561e58b86b_b-2.jpg","width":1024,"height":768},{"@type":"BreadcrumbList","@id":"https:\/\/kinaikaleidoszkop.hu\/index.php\/2026\/04\/28\/ulest-tartott-a-kinai-kommunista-part-kkp-kozponti-bizottsaganak-politikai-bizottsaga-2\/#breadcrumb","itemListElement":[{"@type":"ListItem","position":1,"name":"Kezd\u0151lap","item":"https:\/\/kinaikaleidoszkop.hu\/"},{"@type":"ListItem","position":2,"name":"\u00dcl\u00e9st tartott a K\u00ednai Kommunista P\u00e1rt (KKP) K\u00f6zponti Bizotts\u00e1g\u00e1nak Politikai Bizotts\u00e1ga\u00a0"}]},{"@type":"WebSite","@id":"https:\/\/kinaikaleidoszkop.hu\/#website","url":"https:\/\/kinaikaleidoszkop.hu\/","name":"kinaikaleidoszkop.hu","description":"","potentialAction":[{"@type":"SearchAction","target":{"@type":"EntryPoint","urlTemplate":"https:\/\/kinaikaleidoszkop.hu\/?s={search_term_string}"},"query-input":{"@type":"PropertyValueSpecification","valueRequired":true,"valueName":"search_term_string"}}],"inLanguage":"hu"},{"@type":"Person","@id":"https:\/\/kinaikaleidoszkop.hu\/#\/schema\/person\/4d69b71e7e70322713b9d9287b610556","name":"Szerk_Erik","image":{"@type":"ImageObject","inLanguage":"hu","@id":"https:\/\/kinaikaleidoszkop.hu\/#\/schema\/person\/image\/","url":"https:\/\/secure.gravatar.com\/avatar\/3c1e909a14c0c91d2eaef877aaacb584c667f8e7137de69653aa9561fd0e8062?s=96&d=mm&r=g","contentUrl":"https:\/\/secure.gravatar.com\/avatar\/3c1e909a14c0c91d2eaef877aaacb584c667f8e7137de69653aa9561fd0e8062?s=96&d=mm&r=g","caption":"Szerk_Erik"},"url":"https:\/\/pestcentrum.hu"}]}},"views":3,"distributor_meta":false,"distributor_terms":false,"distributor_media":false,"distributor_original_site_name":"PestCentrum","distributor_original_site_url":"https:\/\/pestcentrum.hu","push-errors":false,"_links":{"self":[{"href":"https:\/\/kinaikaleidoszkop.hu\/index.php\/wp-json\/wp\/v2\/posts\/28902","targetHints":{"allow":["GET"]}}],"collection":[{"href":"https:\/\/kinaikaleidoszkop.hu\/index.php\/wp-json\/wp\/v2\/posts"}],"about":[{"href":"https:\/\/kinaikaleidoszkop.hu\/index.php\/wp-json\/wp\/v2\/types\/post"}],"author":[{"embeddable":true,"href":"https:\/\/kinaikaleidoszkop.hu\/index.php\/wp-json\/wp\/v2\/users\/7"}],"replies":[{"embeddable":true,"href":"https:\/\/kinaikaleidoszkop.hu\/index.php\/wp-json\/wp\/v2\/comments?post=28902"}],"version-history":[{"count":0,"href":"https:\/\/kinaikaleidoszkop.hu\/index.php\/wp-json\/wp\/v2\/posts\/28902\/revisions"}],"wp:featuredmedia":[{"embeddable":true,"href":"https:\/\/kinaikaleidoszkop.hu\/index.php\/wp-json\/wp\/v2\/media\/28903"}],"wp:attachment":[{"href":"https:\/\/kinaikaleidoszkop.hu\/index.php\/wp-json\/wp\/v2\/media?parent=28902"}],"wp:term":[{"taxonomy":"category","embeddable":true,"href":"https:\/\/kinaikaleidoszkop.hu\/index.php\/wp-json\/wp\/v2\/categories?post=28902"},{"taxonomy":"post_tag","embeddable":true,"href":"https:\/\/kinaikaleidoszkop.hu\/index.php\/wp-json\/wp\/v2\/tags?post=28902"}],"curies":[{"name":"wp","href":"https:\/\/api.w.org\/{rel}","templated":true}]}}