{"id":28904,"date":"2026-04-28T14:32:24","date_gmt":"2026-04-28T12:32:24","guid":{"rendered":"https:\/\/kinaikaleidoszkop.hu\/index.php\/2026\/04\/28\/kina-es-az-eu-puha-landolast-ert-el-az-elektromos-autok-ugyeben\/"},"modified":"2026-04-28T14:38:44","modified_gmt":"2026-04-28T12:38:44","slug":"kina-es-az-eu-puha-landolast-ert-el-az-elektromos-autok-ugyeben","status":"publish","type":"post","link":"https:\/\/kinaikaleidoszkop.hu\/index.php\/2026\/04\/28\/kina-es-az-eu-puha-landolast-ert-el-az-elektromos-autok-ugyeben\/","title":{"rendered":"K\u00edna \u00e9s az EU \u201epuha landol\u00e1st\u201d \u00e9rt el az elektromos aut\u00f3k \u00fcgy\u00e9ben"},"content":{"rendered":"\n<p><strong>K\u00edna \u00e9s az Eur\u00f3pai Uni\u00f3 az \u00e9v elej\u00e9n sz\u00fcletett \u00e1rmeg\u00e1llapod\u00e1s r\u00e9v\u00e9n &#8220;puha landol\u00e1st&#8221; \u00e9rt el az elektromos j\u00e1rm\u0171vek \u00fcgy\u00e9ben &#8211; k\u00f6z\u00f6lte Vang Ven-tao k\u00ednai kereskedelmi miniszter, miut\u00e1n Pekingben t\u00e1rgyalt Hildegard M\u00fcllerrel, a n\u00e9met aut\u00f3ipari sz\u00f6vets\u00e9g (VDA) eln\u00f6k\u00e9vel.<\/strong><\/p>\n\n\n\n<figure class=\"wp-block-image size-full\"><img decoding=\"async\" src=\"https:\/\/pestcentrum.hu\/wp-content\/uploads\/2026\/04\/pexels-tviysempai-341982671-17534550.jpg\" alt=\"\" class=\"wp-image-48121\"\/><\/figure>\n\n\n\n<p>A k\u00ednai kereskedelmi miniszter &#8211; akit a k\u00ednai \u00e1llami h\u00edr\u00fcgyn\u00f6ks\u00e9g id\u00e9zett kedden &#8211; hangs\u00falyozta, hogy K\u00edna azt v\u00e1rja: az Eur\u00f3pai Uni\u00f3 tartsa mag\u00e1t az egyenl\u0151 b\u00e1n\u00e1sm\u00f3d elv\u00e9hez, gyors\u00edtsa fel a k\u00ednai aut\u00f3gy\u00e1rt\u00f3kkal folytatott t\u00e1rgyal\u00e1sokat, \u00e9s miel\u0151bb hajtsa v\u00e9gre az \u00e1rmeg\u00e1llapod\u00e1sban foglaltakat.<\/p>\n\n\n\n<p>A miniszter aggodalm\u00e1t fejezte ki az Eur\u00f3pai Uni\u00f3 k\u00f6zelm\u00faltban bevezetett kereskedelmi korl\u00e1toz\u00f3 int\u00e9zked\u00e9sei miatt, amelyek szerinte protekcionista jelleg\u0171ek, \u00e9s kock\u00e1zatot jelentenek a k\u00ednai v\u00e1llalatok sz\u00e1m\u00e1ra. Hozz\u00e1tette: az int\u00e9zked\u00e9sek cs\u00f6kkentik az Eur\u00f3p\u00e1ba ir\u00e1nyul\u00f3 befektet\u00e9sekbe vetett bizalmat.<\/p>\n\n\n\n<p>Vang Ven-tao egy\u00fattal arra k\u00e9rte a VDA-t, hogy szorgalmazza az Eur\u00f3pai Uni\u00f3n\u00e1l a szabad verseny tiszteletben tart\u00e1s\u00e1t, a Kereskedelmi Vil\u00e1gszervezet szab\u00e1lyainak betart\u00e1s\u00e1t, valamint a nem megfelel\u0151 rendelkez\u00e9sek fel\u00fclvizsg\u00e1lat\u00e1t.<\/p>\n\n\n\n<p>Hildegard M\u00fcller a tal\u00e1lkoz\u00f3n kiemelte, hogy a k\u00ednai gazdas\u00e1gpolitikai ir\u00e1nyvonal egy\u00e9rtelm\u0171 jelz\u00e9st \u00e9s fontos ir\u00e1nymutat\u00e1st ad a k\u00fclf\u00f6ldi v\u00e1llalatok sz\u00e1m\u00e1ra. Hozz\u00e1tette: a n\u00e9met aut\u00f3gy\u00e1rt\u00f3k tov\u00e1bb b\u0151v\u00edtik k\u00ednai befektet\u00e9seiket, kutat\u00e1s-fejleszt\u00e9si tev\u00e9kenys\u00e9g\u00fcket, valamint gyors\u00edtj\u00e1k helyi jelenl\u00e9t\u00fck ki\u00e9p\u00edt\u00e9s\u00e9t.<\/p>\n\n\n\n<p>A VDA t\u00e1mogatja a szabad kereskedelmet, \u00e9s az Eur\u00f3pai Uni\u00f3 \u00e9s K\u00edna k\u00f6z\u00f6tt kialak\u00edtott \u00e1rmeg\u00e1llapod\u00e1st kedvez\u0151 alapnak tekinti a v\u00e1mk\u00e9rd\u00e9sek rendez\u00e9s\u00e9hez &#8211; tette hozz\u00e1.<\/p>\n\n\n\n<p>A felek egyet\u00e9rtettek abban, hogy a n\u00e9zetelt\u00e9r\u00e9seket p\u00e1rbesz\u00e9d \u00fatj\u00e1n kell kezelni, \u00e9s k\u00f6z\u00f6sen kell fenntartani a glob\u00e1lis aut\u00f3ipari ell\u00e1t\u00e1si l\u00e1ncok stabil \u00e9s zavartalan m\u0171k\u00f6d\u00e9s\u00e9t.<\/p>\n\n\n\n<p>Az id\u00e9n janu\u00e1rban jelentett\u00e9k be, hogy K\u00edna meg\u00e1llapod\u00e1sra jutott az Eur\u00f3pai Uni\u00f3val a k\u00ednai gy\u00e1rt\u00e1s\u00fa j\u00e1rm\u0171vek (EV) uni\u00f3s exportj\u00e1t \u00e9rint\u0151 kereskedelmi vit\u00e1ban, amely azut\u00e1n robbant ki, hogy az EU egyes esetekben ak\u00e1r 45 sz\u00e1zal\u00e9kot is el\u00e9r\u0151 kieg\u00e9sz\u00edt\u0151 behozatali v\u00e1mot szabott ki k\u00ednai elektromos aut\u00f3kra a gy\u00e1rt\u00f3k t\u00falzott \u00e1llami t\u00e1mogat\u00e1s\u00e1ra hivatkozva.<\/p>\n\n\n\n<p>A kor\u00e1bbi k\u00ednai t\u00e1j\u00e9koztat\u00e1s szerint a megold\u00e1s az \u00fagynevezett \u00e1rv\u00e1llal\u00e1si (price undertaking) mechanizmus, amelynek miel\u0151bbi v\u00e9grehajt\u00e1s\u00e1t s\u00fcrgeti Peking. Ennek l\u00e9nyege, hogy az EU ir\u00e1nymutat\u00e1sokat ad ki a k\u00ednai aut\u00f3export\u0151r\u00f6k sz\u00e1m\u00e1ra alkalmazand\u00f3 minimum\u00e1rakr\u00f3l.<\/p>\n\n\n\n<p><strong>2026. \u00e1prilis 30.<\/strong><\/p>\n\n\n\n<p><strong><em>(MTI)<\/em><\/strong><\/p>\n","protected":false},"excerpt":{"rendered":"<p>K\u00edna \u00e9s az Eur\u00f3pai Uni\u00f3 az \u00e9v elej\u00e9n sz\u00fcletett \u00e1rmeg\u00e1llapod\u00e1s r\u00e9v\u00e9n &#8220;puha landol\u00e1st&#8221; \u00e9rt el az elektromos j\u00e1rm\u0171vek \u00fcgy\u00e9ben &#8211; k\u00f6z\u00f6lte Vang Ven-tao k\u00ednai kereskedelmi miniszter, miut\u00e1n Pekingben t\u00e1rgyalt Hildegard M\u00fcllerrel, a n\u00e9met aut\u00f3ipari sz\u00f6vets\u00e9g (VDA) eln\u00f6k\u00e9vel. A k\u00ednai kereskedelmi miniszter &#8211; akit a k\u00ednai \u00e1llami h\u00edr\u00fcgyn\u00f6ks\u00e9g id\u00e9zett kedden &#8211; hangs\u00falyozta, hogy K\u00edna azt v\u00e1rja: [&hellip;]<\/p>\n","protected":false},"author":7,"featured_media":28911,"comment_status":"closed","ping_status":"","sticky":false,"template":"","format":"standard","meta":{"footnotes":""},"categories":[4791],"tags":[5960,2251,1671,579,667],"class_list":["post-28904","post","type-post","status-publish","format-standard","has-post-thumbnail","hentry","category-gazdasag","tag-armegallapodas","tag-elektromos-auto","tag-fenntarthatosag","tag-klimavedelem","tag-targyalas"],"yoast_head":"<!-- This site is optimized with the Yoast SEO plugin v23.7 - https:\/\/yoast.com\/wordpress\/plugins\/seo\/ -->\n<title>K\u00edna \u00e9s az EU \u201epuha landol\u00e1st\u201d \u00e9rt el az elektromos aut\u00f3k \u00fcgy\u00e9ben - kinaikaleidoszkop.hu<\/title>\n<meta name=\"robots\" content=\"index, follow, max-snippet:-1, max-image-preview:large, max-video-preview:-1\" \/>\n<link rel=\"canonical\" href=\"https:\/\/pestcentrum.hu\/2026\/04\/28\/kina-es-az-eu-puha-landolast-ert-el-az-elektromos-autok-ugyeben\/\" \/>\n<meta property=\"og:locale\" content=\"hu_HU\" \/>\n<meta property=\"og:type\" content=\"article\" \/>\n<meta property=\"og:title\" content=\"K\u00edna \u00e9s az EU \u201epuha landol\u00e1st\u201d \u00e9rt el az elektromos aut\u00f3k \u00fcgy\u00e9ben - kinaikaleidoszkop.hu\" \/>\n<meta property=\"og:description\" content=\"K\u00edna \u00e9s az Eur\u00f3pai Uni\u00f3 az \u00e9v elej\u00e9n sz\u00fcletett \u00e1rmeg\u00e1llapod\u00e1s r\u00e9v\u00e9n &#8220;puha landol\u00e1st&#8221; \u00e9rt el az elektromos j\u00e1rm\u0171vek \u00fcgy\u00e9ben &#8211; k\u00f6z\u00f6lte Vang Ven-tao k\u00ednai kereskedelmi miniszter, miut\u00e1n Pekingben t\u00e1rgyalt Hildegard M\u00fcllerrel, a n\u00e9met aut\u00f3ipari sz\u00f6vets\u00e9g (VDA) eln\u00f6k\u00e9vel. A k\u00ednai kereskedelmi miniszter &#8211; akit a k\u00ednai \u00e1llami h\u00edr\u00fcgyn\u00f6ks\u00e9g id\u00e9zett kedden &#8211; hangs\u00falyozta, hogy K\u00edna azt v\u00e1rja: [&hellip;]\" \/>\n<meta property=\"og:url\" content=\"https:\/\/kinaikaleidoszkop.hu\/index.php\/2026\/04\/28\/kina-es-az-eu-puha-landolast-ert-el-az-elektromos-autok-ugyeben\/\" \/>\n<meta property=\"og:site_name\" content=\"kinaikaleidoszkop.hu\" \/>\n<meta property=\"article:published_time\" content=\"2026-04-28T12:32:24+00:00\" \/>\n<meta property=\"article:modified_time\" content=\"2026-04-28T12:38:44+00:00\" \/>\n<meta property=\"og:image\" content=\"https:\/\/kinaikaleidoszkop.hu\/wp-content\/uploads\/2026\/04\/pexels-tviysempai-341982671-17534550.jpg\" \/>\n\t<meta property=\"og:image:width\" content=\"1280\" \/>\n\t<meta property=\"og:image:height\" content=\"1920\" \/>\n\t<meta property=\"og:image:type\" content=\"image\/jpeg\" \/>\n<meta name=\"author\" content=\"Szerk_Erik\" \/>\n<meta name=\"twitter:card\" content=\"summary_large_image\" \/>\n<meta name=\"twitter:label1\" content=\"Szerz\u0151:\" \/>\n\t<meta name=\"twitter:data1\" content=\"PestCentrum\" \/>\n\t<meta name=\"twitter:label2\" content=\"Becs\u00fclt olvas\u00e1si id\u0151\" \/>\n\t<meta name=\"twitter:data2\" content=\"3 perc\" \/>\n<script type=\"application\/ld+json\" class=\"yoast-schema-graph\">{\"@context\":\"https:\/\/schema.org\",\"@graph\":[{\"@type\":\"WebPage\",\"@id\":\"https:\/\/kinaikaleidoszkop.hu\/index.php\/2026\/04\/28\/kina-es-az-eu-puha-landolast-ert-el-az-elektromos-autok-ugyeben\/\",\"url\":\"https:\/\/kinaikaleidoszkop.hu\/index.php\/2026\/04\/28\/kina-es-az-eu-puha-landolast-ert-el-az-elektromos-autok-ugyeben\/\",\"name\":\"K\u00edna \u00e9s az EU \u201epuha landol\u00e1st\u201d \u00e9rt el az elektromos aut\u00f3k \u00fcgy\u00e9ben - kinaikaleidoszkop.hu\",\"isPartOf\":{\"@id\":\"https:\/\/kinaikaleidoszkop.hu\/#website\"},\"primaryImageOfPage\":{\"@id\":\"https:\/\/kinaikaleidoszkop.hu\/index.php\/2026\/04\/28\/kina-es-az-eu-puha-landolast-ert-el-az-elektromos-autok-ugyeben\/#primaryimage\"},\"image\":{\"@id\":\"https:\/\/kinaikaleidoszkop.hu\/index.php\/2026\/04\/28\/kina-es-az-eu-puha-landolast-ert-el-az-elektromos-autok-ugyeben\/#primaryimage\"},\"thumbnailUrl\":\"https:\/\/kinaikaleidoszkop.hu\/wp-content\/uploads\/2026\/04\/pexels-tviysempai-341982671-17534550.jpg\",\"datePublished\":\"2026-04-28T12:32:24+00:00\",\"dateModified\":\"2026-04-28T12:38:44+00:00\",\"author\":{\"@id\":\"https:\/\/kinaikaleidoszkop.hu\/#\/schema\/person\/4d69b71e7e70322713b9d9287b610556\"},\"breadcrumb\":{\"@id\":\"https:\/\/kinaikaleidoszkop.hu\/index.php\/2026\/04\/28\/kina-es-az-eu-puha-landolast-ert-el-az-elektromos-autok-ugyeben\/#breadcrumb\"},\"inLanguage\":\"hu\",\"potentialAction\":[{\"@type\":\"ReadAction\",\"target\":[\"https:\/\/kinaikaleidoszkop.hu\/index.php\/2026\/04\/28\/kina-es-az-eu-puha-landolast-ert-el-az-elektromos-autok-ugyeben\/\"]}]},{\"@type\":\"ImageObject\",\"inLanguage\":\"hu\",\"@id\":\"https:\/\/kinaikaleidoszkop.hu\/index.php\/2026\/04\/28\/kina-es-az-eu-puha-landolast-ert-el-az-elektromos-autok-ugyeben\/#primaryimage\",\"url\":\"https:\/\/kinaikaleidoszkop.hu\/wp-content\/uploads\/2026\/04\/pexels-tviysempai-341982671-17534550.jpg\",\"contentUrl\":\"https:\/\/kinaikaleidoszkop.hu\/wp-content\/uploads\/2026\/04\/pexels-tviysempai-341982671-17534550.jpg\",\"width\":1280,\"height\":1920},{\"@type\":\"BreadcrumbList\",\"@id\":\"https:\/\/kinaikaleidoszkop.hu\/index.php\/2026\/04\/28\/kina-es-az-eu-puha-landolast-ert-el-az-elektromos-autok-ugyeben\/#breadcrumb\",\"itemListElement\":[{\"@type\":\"ListItem\",\"position\":1,\"name\":\"Kezd\u0151lap\",\"item\":\"https:\/\/kinaikaleidoszkop.hu\/\"},{\"@type\":\"ListItem\",\"position\":2,\"name\":\"K\u00edna \u00e9s az EU \u201epuha landol\u00e1st\u201d \u00e9rt el az elektromos aut\u00f3k \u00fcgy\u00e9ben\"}]},{\"@type\":\"WebSite\",\"@id\":\"https:\/\/kinaikaleidoszkop.hu\/#website\",\"url\":\"https:\/\/kinaikaleidoszkop.hu\/\",\"name\":\"kinaikaleidoszkop.hu\",\"description\":\"\",\"potentialAction\":[{\"@type\":\"SearchAction\",\"target\":{\"@type\":\"EntryPoint\",\"urlTemplate\":\"https:\/\/kinaikaleidoszkop.hu\/?s={search_term_string}\"},\"query-input\":{\"@type\":\"PropertyValueSpecification\",\"valueRequired\":true,\"valueName\":\"search_term_string\"}}],\"inLanguage\":\"hu\"},{\"@type\":\"Person\",\"@id\":\"https:\/\/kinaikaleidoszkop.hu\/#\/schema\/person\/4d69b71e7e70322713b9d9287b610556\",\"name\":\"Szerk_Erik\",\"image\":{\"@type\":\"ImageObject\",\"inLanguage\":\"hu\",\"@id\":\"https:\/\/kinaikaleidoszkop.hu\/#\/schema\/person\/image\/\",\"url\":\"https:\/\/secure.gravatar.com\/avatar\/3c1e909a14c0c91d2eaef877aaacb584c667f8e7137de69653aa9561fd0e8062?s=96&d=mm&r=g\",\"contentUrl\":\"https:\/\/secure.gravatar.com\/avatar\/3c1e909a14c0c91d2eaef877aaacb584c667f8e7137de69653aa9561fd0e8062?s=96&d=mm&r=g\",\"caption\":\"Szerk_Erik\"},\"url\":\"https:\/\/pestcentrum.hu\"}]}<\/script>\n<!-- \/ Yoast SEO plugin. -->","yoast_head_json":{"title":"K\u00edna \u00e9s az EU \u201epuha landol\u00e1st\u201d \u00e9rt el az elektromos aut\u00f3k \u00fcgy\u00e9ben - kinaikaleidoszkop.hu","robots":{"index":"index","follow":"follow","max-snippet":"max-snippet:-1","max-image-preview":"max-image-preview:large","max-video-preview":"max-video-preview:-1"},"canonical":"https:\/\/pestcentrum.hu\/2026\/04\/28\/kina-es-az-eu-puha-landolast-ert-el-az-elektromos-autok-ugyeben\/","og_locale":"hu_HU","og_type":"article","og_title":"K\u00edna \u00e9s az EU \u201epuha landol\u00e1st\u201d \u00e9rt el az elektromos aut\u00f3k \u00fcgy\u00e9ben - kinaikaleidoszkop.hu","og_description":"K\u00edna \u00e9s az Eur\u00f3pai Uni\u00f3 az \u00e9v elej\u00e9n sz\u00fcletett \u00e1rmeg\u00e1llapod\u00e1s r\u00e9v\u00e9n &#8220;puha landol\u00e1st&#8221; \u00e9rt el az elektromos j\u00e1rm\u0171vek \u00fcgy\u00e9ben &#8211; k\u00f6z\u00f6lte Vang Ven-tao k\u00ednai kereskedelmi miniszter, miut\u00e1n Pekingben t\u00e1rgyalt Hildegard M\u00fcllerrel, a n\u00e9met aut\u00f3ipari sz\u00f6vets\u00e9g (VDA) eln\u00f6k\u00e9vel. A k\u00ednai kereskedelmi miniszter &#8211; akit a k\u00ednai \u00e1llami h\u00edr\u00fcgyn\u00f6ks\u00e9g id\u00e9zett kedden &#8211; hangs\u00falyozta, hogy K\u00edna azt v\u00e1rja: [&hellip;]","og_url":"https:\/\/kinaikaleidoszkop.hu\/index.php\/2026\/04\/28\/kina-es-az-eu-puha-landolast-ert-el-az-elektromos-autok-ugyeben\/","og_site_name":"kinaikaleidoszkop.hu","article_published_time":"2026-04-28T12:32:24+00:00","article_modified_time":"2026-04-28T12:38:44+00:00","og_image":[{"width":1280,"height":1920,"url":"https:\/\/kinaikaleidoszkop.hu\/wp-content\/uploads\/2026\/04\/pexels-tviysempai-341982671-17534550.jpg","type":"image\/jpeg"}],"author":"Szerk_Erik","twitter_card":"summary_large_image","twitter_misc":{"Szerz\u0151:":"PestCentrum","Becs\u00fclt olvas\u00e1si id\u0151":"3 perc"},"schema":{"@context":"https:\/\/schema.org","@graph":[{"@type":"WebPage","@id":"https:\/\/kinaikaleidoszkop.hu\/index.php\/2026\/04\/28\/kina-es-az-eu-puha-landolast-ert-el-az-elektromos-autok-ugyeben\/","url":"https:\/\/kinaikaleidoszkop.hu\/index.php\/2026\/04\/28\/kina-es-az-eu-puha-landolast-ert-el-az-elektromos-autok-ugyeben\/","name":"K\u00edna \u00e9s az EU \u201epuha landol\u00e1st\u201d \u00e9rt el az elektromos aut\u00f3k \u00fcgy\u00e9ben - kinaikaleidoszkop.hu","isPartOf":{"@id":"https:\/\/kinaikaleidoszkop.hu\/#website"},"primaryImageOfPage":{"@id":"https:\/\/kinaikaleidoszkop.hu\/index.php\/2026\/04\/28\/kina-es-az-eu-puha-landolast-ert-el-az-elektromos-autok-ugyeben\/#primaryimage"},"image":{"@id":"https:\/\/kinaikaleidoszkop.hu\/index.php\/2026\/04\/28\/kina-es-az-eu-puha-landolast-ert-el-az-elektromos-autok-ugyeben\/#primaryimage"},"thumbnailUrl":"https:\/\/kinaikaleidoszkop.hu\/wp-content\/uploads\/2026\/04\/pexels-tviysempai-341982671-17534550.jpg","datePublished":"2026-04-28T12:32:24+00:00","dateModified":"2026-04-28T12:38:44+00:00","author":{"@id":"https:\/\/kinaikaleidoszkop.hu\/#\/schema\/person\/4d69b71e7e70322713b9d9287b610556"},"breadcrumb":{"@id":"https:\/\/kinaikaleidoszkop.hu\/index.php\/2026\/04\/28\/kina-es-az-eu-puha-landolast-ert-el-az-elektromos-autok-ugyeben\/#breadcrumb"},"inLanguage":"hu","potentialAction":[{"@type":"ReadAction","target":["https:\/\/kinaikaleidoszkop.hu\/index.php\/2026\/04\/28\/kina-es-az-eu-puha-landolast-ert-el-az-elektromos-autok-ugyeben\/"]}]},{"@type":"ImageObject","inLanguage":"hu","@id":"https:\/\/kinaikaleidoszkop.hu\/index.php\/2026\/04\/28\/kina-es-az-eu-puha-landolast-ert-el-az-elektromos-autok-ugyeben\/#primaryimage","url":"https:\/\/kinaikaleidoszkop.hu\/wp-content\/uploads\/2026\/04\/pexels-tviysempai-341982671-17534550.jpg","contentUrl":"https:\/\/kinaikaleidoszkop.hu\/wp-content\/uploads\/2026\/04\/pexels-tviysempai-341982671-17534550.jpg","width":1280,"height":1920},{"@type":"BreadcrumbList","@id":"https:\/\/kinaikaleidoszkop.hu\/index.php\/2026\/04\/28\/kina-es-az-eu-puha-landolast-ert-el-az-elektromos-autok-ugyeben\/#breadcrumb","itemListElement":[{"@type":"ListItem","position":1,"name":"Kezd\u0151lap","item":"https:\/\/kinaikaleidoszkop.hu\/"},{"@type":"ListItem","position":2,"name":"K\u00edna \u00e9s az EU \u201epuha landol\u00e1st\u201d \u00e9rt el az elektromos aut\u00f3k \u00fcgy\u00e9ben"}]},{"@type":"WebSite","@id":"https:\/\/kinaikaleidoszkop.hu\/#website","url":"https:\/\/kinaikaleidoszkop.hu\/","name":"kinaikaleidoszkop.hu","description":"","potentialAction":[{"@type":"SearchAction","target":{"@type":"EntryPoint","urlTemplate":"https:\/\/kinaikaleidoszkop.hu\/?s={search_term_string}"},"query-input":{"@type":"PropertyValueSpecification","valueRequired":true,"valueName":"search_term_string"}}],"inLanguage":"hu"},{"@type":"Person","@id":"https:\/\/kinaikaleidoszkop.hu\/#\/schema\/person\/4d69b71e7e70322713b9d9287b610556","name":"Szerk_Erik","image":{"@type":"ImageObject","inLanguage":"hu","@id":"https:\/\/kinaikaleidoszkop.hu\/#\/schema\/person\/image\/","url":"https:\/\/secure.gravatar.com\/avatar\/3c1e909a14c0c91d2eaef877aaacb584c667f8e7137de69653aa9561fd0e8062?s=96&d=mm&r=g","contentUrl":"https:\/\/secure.gravatar.com\/avatar\/3c1e909a14c0c91d2eaef877aaacb584c667f8e7137de69653aa9561fd0e8062?s=96&d=mm&r=g","caption":"Szerk_Erik"},"url":"https:\/\/pestcentrum.hu"}]}},"views":3,"distributor_meta":false,"distributor_terms":false,"distributor_media":false,"distributor_original_site_name":"PestCentrum","distributor_original_site_url":"https:\/\/pestcentrum.hu","push-errors":false,"_links":{"self":[{"href":"https:\/\/kinaikaleidoszkop.hu\/index.php\/wp-json\/wp\/v2\/posts\/28904","targetHints":{"allow":["GET"]}}],"collection":[{"href":"https:\/\/kinaikaleidoszkop.hu\/index.php\/wp-json\/wp\/v2\/posts"}],"about":[{"href":"https:\/\/kinaikaleidoszkop.hu\/index.php\/wp-json\/wp\/v2\/types\/post"}],"author":[{"embeddable":true,"href":"https:\/\/kinaikaleidoszkop.hu\/index.php\/wp-json\/wp\/v2\/users\/7"}],"replies":[{"embeddable":true,"href":"https:\/\/kinaikaleidoszkop.hu\/index.php\/wp-json\/wp\/v2\/comments?post=28904"}],"version-history":[{"count":1,"href":"https:\/\/kinaikaleidoszkop.hu\/index.php\/wp-json\/wp\/v2\/posts\/28904\/revisions"}],"predecessor-version":[{"id":28910,"href":"https:\/\/kinaikaleidoszkop.hu\/index.php\/wp-json\/wp\/v2\/posts\/28904\/revisions\/28910"}],"wp:featuredmedia":[{"embeddable":true,"href":"https:\/\/kinaikaleidoszkop.hu\/index.php\/wp-json\/wp\/v2\/media\/28911"}],"wp:attachment":[{"href":"https:\/\/kinaikaleidoszkop.hu\/index.php\/wp-json\/wp\/v2\/media?parent=28904"}],"wp:term":[{"taxonomy":"category","embeddable":true,"href":"https:\/\/kinaikaleidoszkop.hu\/index.php\/wp-json\/wp\/v2\/categories?post=28904"},{"taxonomy":"post_tag","embeddable":true,"href":"https:\/\/kinaikaleidoszkop.hu\/index.php\/wp-json\/wp\/v2\/tags?post=28904"}],"curies":[{"name":"wp","href":"https:\/\/api.w.org\/{rel}","templated":true}]}}