{"id":28906,"date":"2026-04-28T14:35:28","date_gmt":"2026-04-28T12:35:28","guid":{"rendered":"https:\/\/kinaikaleidoszkop.hu\/index.php\/2026\/04\/28\/tony-leung-chiu-wai-lesz-a-juniusi-sanghaji-nemzetkozi-filmfesztival-zsurielnoke\/"},"modified":"2026-04-28T14:38:27","modified_gmt":"2026-04-28T12:38:27","slug":"tony-leung-chiu-wai-lesz-a-juniusi-sanghaji-nemzetkozi-filmfesztival-zsurielnoke","status":"publish","type":"post","link":"https:\/\/kinaikaleidoszkop.hu\/index.php\/2026\/04\/28\/tony-leung-chiu-wai-lesz-a-juniusi-sanghaji-nemzetkozi-filmfesztival-zsurielnoke\/","title":{"rendered":"Tony Leung Chiu-wai lesz a j\u00faniusi Sanghaji Nemzetk\u00f6zi Filmfesztiv\u00e1l zs\u0171rieln\u00f6ke"},"content":{"rendered":"\n<p><strong>Tony Leung Chiu-wai, a Csendes bar\u00e1t szt\u00e1rja lesz a j\u00faniusi 28. Sanghaji Nemzetk\u00f6zi Filmfesztiv\u00e1l (SIFF) zs\u0171rieln\u00f6ke &#8211; jelentett\u00e9k be a szervez\u0151k.<\/strong><\/p>\n\n\n\n<figure class=\"wp-block-image size-full\"><img decoding=\"async\" src=\"https:\/\/pestcentrum.hu\/wp-content\/uploads\/2026\/04\/Tony_Leung_Chiu_Wai_Berlin_Film_Festival_2013_2-scaled.jpg\" alt=\"\" class=\"wp-image-48128\"\/><\/figure>\n\n\n\n<p>Leung n\u00e9gy \u00e9vtizedes sz\u00edn\u00e9szi p\u00e1lyafut\u00e1sa alatt t\u00f6bb mint sz\u00e1z filmben szerepelt, \u00e9s a vil\u00e1g olyan kiemelked\u0151 rendez\u0151ivel dolgozott egy\u00fctt, mint Vong Kar-vaj, Csang Ji-mou, Ang Lee, John Woo \u00e9s Enyedi Ildik\u00f3 &#8211; eml\u00e9keztetett r\u00e1 a Variety.com.<\/p>\n\n\n\n<p>A j\u00fanius 12-\u00e9n megny\u00edl\u00f3, t\u00edznapos sanghaji filmfesztiv\u00e1lon id\u00e9n a hongkongi sz\u00edn\u00e9sz vezette nemzetk\u00f6zi zs\u0171ri \u00edt\u00e9li oda az Arany Kehely (Golden Goblet)-d\u00edjat a versenyprogram gy\u0151ztes\u00e9nek. Az Arany Kehely-d\u00edj \u00c1zsia egyik legrangosabb filmd\u00edja.<\/p>\n\n\n\n<p>&#8220;A mozi az \u00e1lmodoz\u00e1s m\u0171v\u00e9szete, Sanghaj pedig \u00e9ppen az a haj\u00f3, amelyen a k\u00ednai filmipar \u00e1lma vitorl\u00e1t bontott&#8221; &#8211; fogalmazott Leung a zs\u0171rieln\u00f6ki posztot elfogadva a YouTube-on l\u00e1that\u00f3 vide\u00f3\u00fczenet\u00e9ben. Egy\u00fattal \u00fcdv\u00f6z\u00f6lte \u00e9s megh\u00edvta a fesztiv\u00e1lra a vil\u00e1g minden t\u00e1j\u00e1n dolgoz\u00f3 filmeseket, valamint a n\u00e9z\u0151ket. &#8220;M\u00e9g van n\u00e9h\u00e1ny jegyem. Velem tartotok?&#8221; &#8211; invit\u00e1lta a n\u00e9z\u0151ket.<\/p>\n\n\n\n<p>Tony Leungot egyebek k\u00f6z\u00f6tt a filmrendez\u0151 Vong Kar-vaj olyan alkot\u00e1saiban ismerhette meg a magyar k\u00f6z\u00f6ns\u00e9g, mint az 1994-es Csungking expressz vagy a 2000-ben k\u00e9sz\u00fclt Szerelemre hangolva, ut\u00f3bbi f\u0151szerepl\u0151jek\u00e9nt elnyerte a cannes-i filmfesztiv\u00e1l legjobb sz\u00edn\u00e9sznek j\u00e1r\u00f3 d\u00edj\u00e1t. De \u0151 alak\u00edtotta a Szigor\u00faan piszkos \u00fcgyek tril\u00f3gia f\u0151szerep\u00e9t \u00e9s Csang Ji-mou Oscar-d\u00edjra jel\u00f6lt a H\u0151s c\u00edm\u0171 harcm\u0171v\u00e9szeti filmj\u00e9ben is j\u00e1tszott. 2024-ben a 80. Velencei Filmfesztiv\u00e1lon Arany Oroszl\u00e1n-\u00e9letm\u0171d\u00edjjal t\u00fcntett\u00e9k ki, \u0151 lett az els\u0151 k\u00ednai sz\u00edn\u00e9sz, aki ezt az elismer\u00e9st megkapta. A tavalyi, 82. Velencei Filmfesztiv\u00e1lon pedig Enyedi Ildik\u00f3 nemzetk\u00f6zi versenyprogramban szerepl\u0151, \u00e9s hat d\u00edjat is elnyer\u0151 Csendes bar\u00e1t c\u00edm\u0171 alkot\u00e1s\u00e1ban l\u00e1thatta a k\u00f6z\u00f6ns\u00e9g.<\/p>\n\n\n\n<p><strong>2026. \u00e1prilis 30.<\/strong><\/p>\n\n\n\n<p><strong><em>(MTI)<\/em><\/strong><\/p>\n","protected":false},"excerpt":{"rendered":"<p>Tony Leung Chiu-wai, a Csendes bar\u00e1t szt\u00e1rja lesz a j\u00faniusi 28. Sanghaji Nemzetk\u00f6zi Filmfesztiv\u00e1l (SIFF) zs\u0171rieln\u00f6ke &#8211; jelentett\u00e9k be a szervez\u0151k. Leung n\u00e9gy \u00e9vtizedes sz\u00edn\u00e9szi p\u00e1lyafut\u00e1sa alatt t\u00f6bb mint sz\u00e1z filmben szerepelt, \u00e9s a vil\u00e1g olyan kiemelked\u0151 rendez\u0151ivel dolgozott egy\u00fctt, mint Vong Kar-vaj, Csang Ji-mou, Ang Lee, John Woo \u00e9s Enyedi Ildik\u00f3 &#8211; eml\u00e9keztetett r\u00e1 [&hellip;]<\/p>\n","protected":false},"author":7,"featured_media":28909,"comment_status":"closed","ping_status":"","sticky":false,"template":"","format":"standard","meta":{"footnotes":""},"categories":[63],"tags":[4022,5130,1211,630,242],"class_list":["post-28906","post","type-post","status-publish","format-standard","has-post-thumbnail","hentry","category-kultura","tag-filmfesztival","tag-filmipar","tag-legenda","tag-muveszet","tag-sanghaj"],"yoast_head":"<!-- This site is optimized with the Yoast SEO plugin v23.7 - https:\/\/yoast.com\/wordpress\/plugins\/seo\/ -->\n<title>Tony Leung Chiu-wai lesz a j\u00faniusi Sanghaji Nemzetk\u00f6zi Filmfesztiv\u00e1l zs\u0171rieln\u00f6ke - kinaikaleidoszkop.hu<\/title>\n<meta name=\"robots\" content=\"index, follow, max-snippet:-1, max-image-preview:large, max-video-preview:-1\" \/>\n<link rel=\"canonical\" href=\"https:\/\/pestcentrum.hu\/2026\/04\/28\/tony-leung-chiu-wai-lesz-a-juniusi-sanghaji-nemzetkozi-filmfesztival-zsurielnoke\/\" \/>\n<meta property=\"og:locale\" content=\"hu_HU\" \/>\n<meta property=\"og:type\" content=\"article\" \/>\n<meta property=\"og:title\" content=\"Tony Leung Chiu-wai lesz a j\u00faniusi Sanghaji Nemzetk\u00f6zi Filmfesztiv\u00e1l zs\u0171rieln\u00f6ke - kinaikaleidoszkop.hu\" \/>\n<meta property=\"og:description\" content=\"Tony Leung Chiu-wai, a Csendes bar\u00e1t szt\u00e1rja lesz a j\u00faniusi 28. Sanghaji Nemzetk\u00f6zi Filmfesztiv\u00e1l (SIFF) zs\u0171rieln\u00f6ke &#8211; jelentett\u00e9k be a szervez\u0151k. Leung n\u00e9gy \u00e9vtizedes sz\u00edn\u00e9szi p\u00e1lyafut\u00e1sa alatt t\u00f6bb mint sz\u00e1z filmben szerepelt, \u00e9s a vil\u00e1g olyan kiemelked\u0151 rendez\u0151ivel dolgozott egy\u00fctt, mint Vong Kar-vaj, Csang Ji-mou, Ang Lee, John Woo \u00e9s Enyedi Ildik\u00f3 &#8211; eml\u00e9keztetett r\u00e1 [&hellip;]\" \/>\n<meta property=\"og:url\" content=\"https:\/\/kinaikaleidoszkop.hu\/index.php\/2026\/04\/28\/tony-leung-chiu-wai-lesz-a-juniusi-sanghaji-nemzetkozi-filmfesztival-zsurielnoke\/\" \/>\n<meta property=\"og:site_name\" content=\"kinaikaleidoszkop.hu\" \/>\n<meta property=\"article:published_time\" content=\"2026-04-28T12:35:28+00:00\" \/>\n<meta property=\"article:modified_time\" content=\"2026-04-28T12:38:27+00:00\" \/>\n<meta property=\"og:image\" content=\"https:\/\/kinaikaleidoszkop.hu\/wp-content\/uploads\/2026\/04\/Tony_Leung_Chiu_Wai_Berlin_Film_Festival_2013_2-scaled-1.jpg\" \/>\n\t<meta property=\"og:image:width\" content=\"2048\" \/>\n\t<meta property=\"og:image:height\" content=\"1363\" \/>\n\t<meta property=\"og:image:type\" content=\"image\/jpeg\" \/>\n<meta name=\"author\" content=\"Szerk_Erik\" \/>\n<meta name=\"twitter:card\" content=\"summary_large_image\" \/>\n<meta name=\"twitter:label1\" content=\"Szerz\u0151:\" \/>\n\t<meta name=\"twitter:data1\" content=\"PestCentrum\" \/>\n\t<meta name=\"twitter:label2\" content=\"Becs\u00fclt olvas\u00e1si id\u0151\" \/>\n\t<meta name=\"twitter:data2\" content=\"2 perc\" \/>\n<script type=\"application\/ld+json\" class=\"yoast-schema-graph\">{\"@context\":\"https:\/\/schema.org\",\"@graph\":[{\"@type\":\"WebPage\",\"@id\":\"https:\/\/kinaikaleidoszkop.hu\/index.php\/2026\/04\/28\/tony-leung-chiu-wai-lesz-a-juniusi-sanghaji-nemzetkozi-filmfesztival-zsurielnoke\/\",\"url\":\"https:\/\/kinaikaleidoszkop.hu\/index.php\/2026\/04\/28\/tony-leung-chiu-wai-lesz-a-juniusi-sanghaji-nemzetkozi-filmfesztival-zsurielnoke\/\",\"name\":\"Tony Leung Chiu-wai lesz a j\u00faniusi Sanghaji Nemzetk\u00f6zi Filmfesztiv\u00e1l zs\u0171rieln\u00f6ke - kinaikaleidoszkop.hu\",\"isPartOf\":{\"@id\":\"https:\/\/kinaikaleidoszkop.hu\/#website\"},\"primaryImageOfPage\":{\"@id\":\"https:\/\/kinaikaleidoszkop.hu\/index.php\/2026\/04\/28\/tony-leung-chiu-wai-lesz-a-juniusi-sanghaji-nemzetkozi-filmfesztival-zsurielnoke\/#primaryimage\"},\"image\":{\"@id\":\"https:\/\/kinaikaleidoszkop.hu\/index.php\/2026\/04\/28\/tony-leung-chiu-wai-lesz-a-juniusi-sanghaji-nemzetkozi-filmfesztival-zsurielnoke\/#primaryimage\"},\"thumbnailUrl\":\"https:\/\/kinaikaleidoszkop.hu\/wp-content\/uploads\/2026\/04\/Tony_Leung_Chiu_Wai_Berlin_Film_Festival_2013_2-scaled-1.jpg\",\"datePublished\":\"2026-04-28T12:35:28+00:00\",\"dateModified\":\"2026-04-28T12:38:27+00:00\",\"author\":{\"@id\":\"https:\/\/kinaikaleidoszkop.hu\/#\/schema\/person\/4d69b71e7e70322713b9d9287b610556\"},\"breadcrumb\":{\"@id\":\"https:\/\/kinaikaleidoszkop.hu\/index.php\/2026\/04\/28\/tony-leung-chiu-wai-lesz-a-juniusi-sanghaji-nemzetkozi-filmfesztival-zsurielnoke\/#breadcrumb\"},\"inLanguage\":\"hu\",\"potentialAction\":[{\"@type\":\"ReadAction\",\"target\":[\"https:\/\/kinaikaleidoszkop.hu\/index.php\/2026\/04\/28\/tony-leung-chiu-wai-lesz-a-juniusi-sanghaji-nemzetkozi-filmfesztival-zsurielnoke\/\"]}]},{\"@type\":\"ImageObject\",\"inLanguage\":\"hu\",\"@id\":\"https:\/\/kinaikaleidoszkop.hu\/index.php\/2026\/04\/28\/tony-leung-chiu-wai-lesz-a-juniusi-sanghaji-nemzetkozi-filmfesztival-zsurielnoke\/#primaryimage\",\"url\":\"https:\/\/kinaikaleidoszkop.hu\/wp-content\/uploads\/2026\/04\/Tony_Leung_Chiu_Wai_Berlin_Film_Festival_2013_2-scaled-1.jpg\",\"contentUrl\":\"https:\/\/kinaikaleidoszkop.hu\/wp-content\/uploads\/2026\/04\/Tony_Leung_Chiu_Wai_Berlin_Film_Festival_2013_2-scaled-1.jpg\",\"width\":2048,\"height\":1363},{\"@type\":\"BreadcrumbList\",\"@id\":\"https:\/\/kinaikaleidoszkop.hu\/index.php\/2026\/04\/28\/tony-leung-chiu-wai-lesz-a-juniusi-sanghaji-nemzetkozi-filmfesztival-zsurielnoke\/#breadcrumb\",\"itemListElement\":[{\"@type\":\"ListItem\",\"position\":1,\"name\":\"Kezd\u0151lap\",\"item\":\"https:\/\/kinaikaleidoszkop.hu\/\"},{\"@type\":\"ListItem\",\"position\":2,\"name\":\"Tony Leung Chiu-wai lesz a j\u00faniusi Sanghaji Nemzetk\u00f6zi Filmfesztiv\u00e1l zs\u0171rieln\u00f6ke\"}]},{\"@type\":\"WebSite\",\"@id\":\"https:\/\/kinaikaleidoszkop.hu\/#website\",\"url\":\"https:\/\/kinaikaleidoszkop.hu\/\",\"name\":\"kinaikaleidoszkop.hu\",\"description\":\"\",\"potentialAction\":[{\"@type\":\"SearchAction\",\"target\":{\"@type\":\"EntryPoint\",\"urlTemplate\":\"https:\/\/kinaikaleidoszkop.hu\/?s={search_term_string}\"},\"query-input\":{\"@type\":\"PropertyValueSpecification\",\"valueRequired\":true,\"valueName\":\"search_term_string\"}}],\"inLanguage\":\"hu\"},{\"@type\":\"Person\",\"@id\":\"https:\/\/kinaikaleidoszkop.hu\/#\/schema\/person\/4d69b71e7e70322713b9d9287b610556\",\"name\":\"Szerk_Erik\",\"image\":{\"@type\":\"ImageObject\",\"inLanguage\":\"hu\",\"@id\":\"https:\/\/kinaikaleidoszkop.hu\/#\/schema\/person\/image\/\",\"url\":\"https:\/\/secure.gravatar.com\/avatar\/3c1e909a14c0c91d2eaef877aaacb584c667f8e7137de69653aa9561fd0e8062?s=96&d=mm&r=g\",\"contentUrl\":\"https:\/\/secure.gravatar.com\/avatar\/3c1e909a14c0c91d2eaef877aaacb584c667f8e7137de69653aa9561fd0e8062?s=96&d=mm&r=g\",\"caption\":\"Szerk_Erik\"},\"url\":\"https:\/\/pestcentrum.hu\"}]}<\/script>\n<!-- \/ Yoast SEO plugin. -->","yoast_head_json":{"title":"Tony Leung Chiu-wai lesz a j\u00faniusi Sanghaji Nemzetk\u00f6zi Filmfesztiv\u00e1l zs\u0171rieln\u00f6ke - kinaikaleidoszkop.hu","robots":{"index":"index","follow":"follow","max-snippet":"max-snippet:-1","max-image-preview":"max-image-preview:large","max-video-preview":"max-video-preview:-1"},"canonical":"https:\/\/pestcentrum.hu\/2026\/04\/28\/tony-leung-chiu-wai-lesz-a-juniusi-sanghaji-nemzetkozi-filmfesztival-zsurielnoke\/","og_locale":"hu_HU","og_type":"article","og_title":"Tony Leung Chiu-wai lesz a j\u00faniusi Sanghaji Nemzetk\u00f6zi Filmfesztiv\u00e1l zs\u0171rieln\u00f6ke - kinaikaleidoszkop.hu","og_description":"Tony Leung Chiu-wai, a Csendes bar\u00e1t szt\u00e1rja lesz a j\u00faniusi 28. Sanghaji Nemzetk\u00f6zi Filmfesztiv\u00e1l (SIFF) zs\u0171rieln\u00f6ke &#8211; jelentett\u00e9k be a szervez\u0151k. Leung n\u00e9gy \u00e9vtizedes sz\u00edn\u00e9szi p\u00e1lyafut\u00e1sa alatt t\u00f6bb mint sz\u00e1z filmben szerepelt, \u00e9s a vil\u00e1g olyan kiemelked\u0151 rendez\u0151ivel dolgozott egy\u00fctt, mint Vong Kar-vaj, Csang Ji-mou, Ang Lee, John Woo \u00e9s Enyedi Ildik\u00f3 &#8211; eml\u00e9keztetett r\u00e1 [&hellip;]","og_url":"https:\/\/kinaikaleidoszkop.hu\/index.php\/2026\/04\/28\/tony-leung-chiu-wai-lesz-a-juniusi-sanghaji-nemzetkozi-filmfesztival-zsurielnoke\/","og_site_name":"kinaikaleidoszkop.hu","article_published_time":"2026-04-28T12:35:28+00:00","article_modified_time":"2026-04-28T12:38:27+00:00","og_image":[{"width":2048,"height":1363,"url":"https:\/\/kinaikaleidoszkop.hu\/wp-content\/uploads\/2026\/04\/Tony_Leung_Chiu_Wai_Berlin_Film_Festival_2013_2-scaled-1.jpg","type":"image\/jpeg"}],"author":"Szerk_Erik","twitter_card":"summary_large_image","twitter_misc":{"Szerz\u0151:":"PestCentrum","Becs\u00fclt olvas\u00e1si id\u0151":"2 perc"},"schema":{"@context":"https:\/\/schema.org","@graph":[{"@type":"WebPage","@id":"https:\/\/kinaikaleidoszkop.hu\/index.php\/2026\/04\/28\/tony-leung-chiu-wai-lesz-a-juniusi-sanghaji-nemzetkozi-filmfesztival-zsurielnoke\/","url":"https:\/\/kinaikaleidoszkop.hu\/index.php\/2026\/04\/28\/tony-leung-chiu-wai-lesz-a-juniusi-sanghaji-nemzetkozi-filmfesztival-zsurielnoke\/","name":"Tony Leung Chiu-wai lesz a j\u00faniusi Sanghaji Nemzetk\u00f6zi Filmfesztiv\u00e1l zs\u0171rieln\u00f6ke - kinaikaleidoszkop.hu","isPartOf":{"@id":"https:\/\/kinaikaleidoszkop.hu\/#website"},"primaryImageOfPage":{"@id":"https:\/\/kinaikaleidoszkop.hu\/index.php\/2026\/04\/28\/tony-leung-chiu-wai-lesz-a-juniusi-sanghaji-nemzetkozi-filmfesztival-zsurielnoke\/#primaryimage"},"image":{"@id":"https:\/\/kinaikaleidoszkop.hu\/index.php\/2026\/04\/28\/tony-leung-chiu-wai-lesz-a-juniusi-sanghaji-nemzetkozi-filmfesztival-zsurielnoke\/#primaryimage"},"thumbnailUrl":"https:\/\/kinaikaleidoszkop.hu\/wp-content\/uploads\/2026\/04\/Tony_Leung_Chiu_Wai_Berlin_Film_Festival_2013_2-scaled-1.jpg","datePublished":"2026-04-28T12:35:28+00:00","dateModified":"2026-04-28T12:38:27+00:00","author":{"@id":"https:\/\/kinaikaleidoszkop.hu\/#\/schema\/person\/4d69b71e7e70322713b9d9287b610556"},"breadcrumb":{"@id":"https:\/\/kinaikaleidoszkop.hu\/index.php\/2026\/04\/28\/tony-leung-chiu-wai-lesz-a-juniusi-sanghaji-nemzetkozi-filmfesztival-zsurielnoke\/#breadcrumb"},"inLanguage":"hu","potentialAction":[{"@type":"ReadAction","target":["https:\/\/kinaikaleidoszkop.hu\/index.php\/2026\/04\/28\/tony-leung-chiu-wai-lesz-a-juniusi-sanghaji-nemzetkozi-filmfesztival-zsurielnoke\/"]}]},{"@type":"ImageObject","inLanguage":"hu","@id":"https:\/\/kinaikaleidoszkop.hu\/index.php\/2026\/04\/28\/tony-leung-chiu-wai-lesz-a-juniusi-sanghaji-nemzetkozi-filmfesztival-zsurielnoke\/#primaryimage","url":"https:\/\/kinaikaleidoszkop.hu\/wp-content\/uploads\/2026\/04\/Tony_Leung_Chiu_Wai_Berlin_Film_Festival_2013_2-scaled-1.jpg","contentUrl":"https:\/\/kinaikaleidoszkop.hu\/wp-content\/uploads\/2026\/04\/Tony_Leung_Chiu_Wai_Berlin_Film_Festival_2013_2-scaled-1.jpg","width":2048,"height":1363},{"@type":"BreadcrumbList","@id":"https:\/\/kinaikaleidoszkop.hu\/index.php\/2026\/04\/28\/tony-leung-chiu-wai-lesz-a-juniusi-sanghaji-nemzetkozi-filmfesztival-zsurielnoke\/#breadcrumb","itemListElement":[{"@type":"ListItem","position":1,"name":"Kezd\u0151lap","item":"https:\/\/kinaikaleidoszkop.hu\/"},{"@type":"ListItem","position":2,"name":"Tony Leung Chiu-wai lesz a j\u00faniusi Sanghaji Nemzetk\u00f6zi Filmfesztiv\u00e1l zs\u0171rieln\u00f6ke"}]},{"@type":"WebSite","@id":"https:\/\/kinaikaleidoszkop.hu\/#website","url":"https:\/\/kinaikaleidoszkop.hu\/","name":"kinaikaleidoszkop.hu","description":"","potentialAction":[{"@type":"SearchAction","target":{"@type":"EntryPoint","urlTemplate":"https:\/\/kinaikaleidoszkop.hu\/?s={search_term_string}"},"query-input":{"@type":"PropertyValueSpecification","valueRequired":true,"valueName":"search_term_string"}}],"inLanguage":"hu"},{"@type":"Person","@id":"https:\/\/kinaikaleidoszkop.hu\/#\/schema\/person\/4d69b71e7e70322713b9d9287b610556","name":"Szerk_Erik","image":{"@type":"ImageObject","inLanguage":"hu","@id":"https:\/\/kinaikaleidoszkop.hu\/#\/schema\/person\/image\/","url":"https:\/\/secure.gravatar.com\/avatar\/3c1e909a14c0c91d2eaef877aaacb584c667f8e7137de69653aa9561fd0e8062?s=96&d=mm&r=g","contentUrl":"https:\/\/secure.gravatar.com\/avatar\/3c1e909a14c0c91d2eaef877aaacb584c667f8e7137de69653aa9561fd0e8062?s=96&d=mm&r=g","caption":"Szerk_Erik"},"url":"https:\/\/pestcentrum.hu"}]}},"views":5,"distributor_meta":false,"distributor_terms":false,"distributor_media":false,"distributor_original_site_name":"PestCentrum","distributor_original_site_url":"https:\/\/pestcentrum.hu","push-errors":false,"_links":{"self":[{"href":"https:\/\/kinaikaleidoszkop.hu\/index.php\/wp-json\/wp\/v2\/posts\/28906","targetHints":{"allow":["GET"]}}],"collection":[{"href":"https:\/\/kinaikaleidoszkop.hu\/index.php\/wp-json\/wp\/v2\/posts"}],"about":[{"href":"https:\/\/kinaikaleidoszkop.hu\/index.php\/wp-json\/wp\/v2\/types\/post"}],"author":[{"embeddable":true,"href":"https:\/\/kinaikaleidoszkop.hu\/index.php\/wp-json\/wp\/v2\/users\/7"}],"replies":[{"embeddable":true,"href":"https:\/\/kinaikaleidoszkop.hu\/index.php\/wp-json\/wp\/v2\/comments?post=28906"}],"version-history":[{"count":1,"href":"https:\/\/kinaikaleidoszkop.hu\/index.php\/wp-json\/wp\/v2\/posts\/28906\/revisions"}],"predecessor-version":[{"id":28908,"href":"https:\/\/kinaikaleidoszkop.hu\/index.php\/wp-json\/wp\/v2\/posts\/28906\/revisions\/28908"}],"wp:featuredmedia":[{"embeddable":true,"href":"https:\/\/kinaikaleidoszkop.hu\/index.php\/wp-json\/wp\/v2\/media\/28909"}],"wp:attachment":[{"href":"https:\/\/kinaikaleidoszkop.hu\/index.php\/wp-json\/wp\/v2\/media?parent=28906"}],"wp:term":[{"taxonomy":"category","embeddable":true,"href":"https:\/\/kinaikaleidoszkop.hu\/index.php\/wp-json\/wp\/v2\/categories?post=28906"},{"taxonomy":"post_tag","embeddable":true,"href":"https:\/\/kinaikaleidoszkop.hu\/index.php\/wp-json\/wp\/v2\/tags?post=28906"}],"curies":[{"name":"wp","href":"https:\/\/api.w.org\/{rel}","templated":true}]}}