{"id":28914,"date":"2026-04-29T13:11:16","date_gmt":"2026-04-29T11:11:16","guid":{"rendered":"https:\/\/kinaikaleidoszkop.hu\/index.php\/2026\/04\/29\/a-kozel-keleti-haborus-tuzfeszek-raebresztette-a-vilagot-kina-fejlodesebol-fakado-biztonsagi-tobblethaszonra\/"},"modified":"2026-04-29T13:11:16","modified_gmt":"2026-04-29T11:11:16","slug":"a-kozel-keleti-haborus-tuzfeszek-raebresztette-a-vilagot-kina-fejlodesebol-fakado-biztonsagi-tobblethaszonra","status":"publish","type":"post","link":"https:\/\/kinaikaleidoszkop.hu\/index.php\/2026\/04\/29\/a-kozel-keleti-haborus-tuzfeszek-raebresztette-a-vilagot-kina-fejlodesebol-fakado-biztonsagi-tobblethaszonra\/","title":{"rendered":"A k\u00f6zel-keleti h\u00e1bor\u00fas t\u0171zf\u00e9szek r\u00e1\u00e9bresztette a vil\u00e1got K\u00edna fejl\u0151d\u00e9s\u00e9b\u0151l fakad\u00f3 \u201ebiztons\u00e1gi t\u00f6bblethaszonra\u201d"},"content":{"rendered":"\n<p><strong>A K\u00f6zel-Kelet tart\u00f3s fesz\u00fclts\u00e9gei, valamint a h\u00e1bor\u00fas konfliktusok terjed\u00e9se miatt glob\u00e1lis energiaell\u00e1t\u00e1si neh\u00e9zs\u00e9gek l\u00e9ptek fel, ami s\u00falyosan vesz\u00e9lyezteti a nemzetk\u00f6zi ell\u00e1t\u00e1si \u00e9s termel\u00e9si l\u00e1ncok stabilit\u00e1s\u00e1t. Ebben a helyzetben t\u00f6bb orsz\u00e1g m\u00e9di\u00e1ja egyre gyakrabban emeli ki, hogy K\u00edna stabil \u00e9s rugalmas fejl\u0151d\u00e9se \u201ebiztons\u00e1gi t\u00f6bblethaszonnal\u201d l\u00e1tja el a vil\u00e1got.<\/strong><\/p>\n\n\n\n<figure class=\"wp-block-image size-full\"><img decoding=\"async\" src=\"https:\/\/pestcentrum.hu\/wp-content\/uploads\/2026\/04\/0428.jpg\" alt=\"\" class=\"wp-image-48150\"\/><\/figure>\n\n\n\n<p>A Financial Times \u00e9s a Reuters besz\u00e1mol\u00f3i szerint egyre t\u00f6bb orsz\u00e1g korm\u00e1nya \u00e9s v\u00e1llalata ismeri fel, hogy min\u00e9l szorosabb kapcsolatban \u00e1llnak K\u00edna ell\u00e1t\u00e1si l\u00e1ncaival, ann\u00e1l nagyobb biztons\u00e1gban vannak \u2013 min\u00e9l ink\u00e1bb pr\u00f3b\u00e1lnak elszakadni att\u00f3l, ann\u00e1l vesz\u00e9lyesebb helyzetbe ker\u00fclnek. A multinacion\u00e1lis technol\u00f3giai \u00f3ri\u00e1sok sz\u00e1m\u00e1ra a K\u00edn\u00e1ba ir\u00e1nyul\u00f3 befektet\u00e9s m\u00e1r nem \u201eopcion\u00e1lis\u201d, hanem \u201ek\u00f6telez\u0151v\u00e9\u201d v\u00e1lt. A bizonytalan nemzetk\u00f6zi helyzet meger\u0151s\u00edtette a K\u00edn\u00e1ban m\u0171k\u00f6d\u0151 k\u00fclf\u00f6ldi c\u00e9gekben azt a meggy\u0151z\u0151d\u00e9st, hogy K\u00edna egyed\u00fcl\u00e1ll\u00f3 \u00e9s p\u00f3tolhatatlan helysz\u00edn.<\/p>\n\n\n\n<p>A CNN nemr\u00e9giben arr\u00f3l sz\u00e1molt be, hogy K\u00edna folyamatosan er\u0151s\u00edti glob\u00e1lis gazdas\u00e1gi szerep\u00e9t: m\u00e1r nem csup\u00e1n a \u201evil\u00e1g gy\u00e1ra\u201d, hanem olyan technol\u00f3gi\u00e1k export\u0151re is, mint a mesters\u00e9ges intelligencia robotikai megold\u00e1sai \u00e9s a chipek, amelyekkel hozz\u00e1j\u00e1rul m\u00e1s orsz\u00e1gok gazdas\u00e1gfejleszt\u00e9s\u00e9hez. A The New York Times \u00e9s a The Washington Post is kiemelte, hogy K\u00edna versenyel\u0151nye a tiszta energi\u00e1val kapcsolatos technol\u00f3gi\u00e1k ter\u00fclet\u00e9n egyre nyilv\u00e1nval\u00f3bb. A The New York Times arr\u00f3l \u00edrt, hogy a vil\u00e1g orsz\u00e1gai felismert\u00e9k: s\u00fcrg\u0151sen olyan villamosenergia-h\u00e1l\u00f3zatokra van sz\u00fcks\u00e9g, amelyek ellen\u00e1llnak a j\u00f6v\u0151 energiaingadoz\u00e1sainak. Sokak sz\u00e1m\u00e1ra azonban a meg\u00fajul\u00f3 energiaforr\u00e1sokra \u00e9p\u00fcl\u0151 h\u00e1l\u00f3zatok ki\u00e9p\u00edt\u00e9se elker\u00fclhetetlen\u00fcl a k\u00ednai technol\u00f3gi\u00e1kt\u00f3l val\u00f3 f\u00fcgg\u00e9st jelenti.<\/p>\n\n\n\n<p>A m\u00e9dia pozit\u00edvan \u00e9rt\u00e9keli a k\u00ednai t\u0151kepiacok teljes\u00edtm\u00e9ny\u00e9t is. A Bloomberg \u00e9s a Reuters besz\u00e1mol\u00f3i szerint a h\u00e1bor\u00fa kit\u00f6r\u00e9se \u00f3ta a k\u00ednai r\u00e9szv\u00e9nypiacok jobban teljes\u00edtenek glob\u00e1lis t\u00e1rsaikn\u00e1l, \u00e9s rendk\u00edv\u00fcli ellen\u00e1ll\u00f3 k\u00e9pess\u00e9g\u00fcknek k\u00f6sz\u00f6nhet\u0151en a glob\u00e1lis t\u0151ke \u201ebiztons\u00e1gos mened\u00e9k\u00e9v\u00e9\u201d v\u00e1ltak.<\/p>\n\n\n\n<p>T\u00f6bb m\u00e9diaorg\u00e1num id\u00e9zte a Gallup nemzetk\u00f6zi k\u00f6zv\u00e9lem\u00e9ny-kutat\u00f3 int\u00e9zet nemr\u00e9g k\u00f6zz\u00e9tett glob\u00e1lis felm\u00e9r\u00e9s\u00e9t, amely szerint 2025-ben K\u00edna vil\u00e1gszint\u0171 elismerts\u00e9ge meghaladta az Egyes\u00fclt \u00c1llamok\u00e9t. Emellett a Politico egyik k\u00f6zelm\u00faltbeli felm\u00e9r\u00e9se azt mutatja, hogy az Egyes\u00fclt \u00c1llamok n\u00e9h\u00e1ny legfontosabb sz\u00f6vets\u00e9gese \u00e1ltal\u00e1ban t\u00e1mogatja a Washingtonnal val\u00f3 szak\u00edt\u00e1st, \u00e9s egyre ink\u00e1bb K\u00edn\u00e1ra k\u00edv\u00e1n t\u00e1maszkodni.<\/p>\n\n\n\n<p><strong><em>(China Media Group)<\/em><\/strong><\/p>\n\n\n\n<p><strong>2026. \u00e1prilis 29.<\/strong><\/p>\n\n\n\n<p><strong><em>(x)<\/em><\/strong><\/p>\n","protected":false},"excerpt":{"rendered":"<p>A K\u00f6zel-Kelet tart\u00f3s fesz\u00fclts\u00e9gei, valamint a h\u00e1bor\u00fas konfliktusok terjed\u00e9se miatt glob\u00e1lis energiaell\u00e1t\u00e1si neh\u00e9zs\u00e9gek l\u00e9ptek fel, ami s\u00falyosan vesz\u00e9lyezteti a nemzetk\u00f6zi ell\u00e1t\u00e1si \u00e9s termel\u00e9si l\u00e1ncok stabilit\u00e1s\u00e1t. Ebben a helyzetben t\u00f6bb orsz\u00e1g m\u00e9di\u00e1ja egyre gyakrabban emeli ki, hogy K\u00edna stabil \u00e9s rugalmas fejl\u0151d\u00e9se \u201ebiztons\u00e1gi t\u00f6bblethaszonnal\u201d l\u00e1tja el a vil\u00e1got. A Financial Times \u00e9s a Reuters besz\u00e1mol\u00f3i szerint [&hellip;]<\/p>\n","protected":false},"author":7,"featured_media":28915,"comment_status":"","ping_status":"","sticky":false,"template":"","format":"standard","meta":{"footnotes":""},"categories":[4797],"tags":[1394,634,414,3696,2074,510],"class_list":["post-28914","post","type-post","status-publish","format-standard","has-post-thumbnail","hentry","category-egyeb-hirek","tag-befektetes","tag-biztonsag","tag-fejlodes","tag-kina","tag-kooperacio","tag-stabilitas"],"yoast_head":"<!-- This site is optimized with the Yoast SEO plugin v23.7 - https:\/\/yoast.com\/wordpress\/plugins\/seo\/ -->\n<title>A k\u00f6zel-keleti h\u00e1bor\u00fas t\u0171zf\u00e9szek r\u00e1\u00e9bresztette a vil\u00e1got K\u00edna fejl\u0151d\u00e9s\u00e9b\u0151l fakad\u00f3 \u201ebiztons\u00e1gi t\u00f6bblethaszonra\u201d - kinaikaleidoszkop.hu<\/title>\n<meta name=\"robots\" content=\"index, follow, max-snippet:-1, max-image-preview:large, max-video-preview:-1\" \/>\n<link rel=\"canonical\" href=\"https:\/\/pestcentrum.hu\/2026\/04\/29\/a-kozel-keleti-haborus-tuzfeszek-raebresztette-a-vilagot-kina-fejlodesebol-fakado-biztonsagi-tobblethaszonra\/\" \/>\n<meta property=\"og:locale\" content=\"hu_HU\" \/>\n<meta property=\"og:type\" content=\"article\" \/>\n<meta property=\"og:title\" content=\"A k\u00f6zel-keleti h\u00e1bor\u00fas t\u0171zf\u00e9szek r\u00e1\u00e9bresztette a vil\u00e1got K\u00edna fejl\u0151d\u00e9s\u00e9b\u0151l fakad\u00f3 \u201ebiztons\u00e1gi t\u00f6bblethaszonra\u201d - kinaikaleidoszkop.hu\" \/>\n<meta property=\"og:description\" content=\"A K\u00f6zel-Kelet tart\u00f3s fesz\u00fclts\u00e9gei, valamint a h\u00e1bor\u00fas konfliktusok terjed\u00e9se miatt glob\u00e1lis energiaell\u00e1t\u00e1si neh\u00e9zs\u00e9gek l\u00e9ptek fel, ami s\u00falyosan vesz\u00e9lyezteti a nemzetk\u00f6zi ell\u00e1t\u00e1si \u00e9s termel\u00e9si l\u00e1ncok stabilit\u00e1s\u00e1t. Ebben a helyzetben t\u00f6bb orsz\u00e1g m\u00e9di\u00e1ja egyre gyakrabban emeli ki, hogy K\u00edna stabil \u00e9s rugalmas fejl\u0151d\u00e9se \u201ebiztons\u00e1gi t\u00f6bblethaszonnal\u201d l\u00e1tja el a vil\u00e1got. A Financial Times \u00e9s a Reuters besz\u00e1mol\u00f3i szerint [&hellip;]\" \/>\n<meta property=\"og:url\" content=\"https:\/\/kinaikaleidoszkop.hu\/index.php\/2026\/04\/29\/a-kozel-keleti-haborus-tuzfeszek-raebresztette-a-vilagot-kina-fejlodesebol-fakado-biztonsagi-tobblethaszonra\/\" \/>\n<meta property=\"og:site_name\" content=\"kinaikaleidoszkop.hu\" \/>\n<meta property=\"article:published_time\" content=\"2026-04-29T11:11:16+00:00\" \/>\n<meta property=\"og:image\" content=\"https:\/\/kinaikaleidoszkop.hu\/wp-content\/uploads\/2026\/04\/0428.jpg\" \/>\n\t<meta property=\"og:image:width\" content=\"600\" \/>\n\t<meta property=\"og:image:height\" content=\"400\" \/>\n\t<meta property=\"og:image:type\" content=\"image\/jpeg\" \/>\n<meta name=\"author\" content=\"Szerk_Erik\" \/>\n<meta name=\"twitter:card\" content=\"summary_large_image\" \/>\n<meta name=\"twitter:label1\" content=\"Szerz\u0151:\" \/>\n\t<meta name=\"twitter:data1\" content=\"PestCentrum\" \/>\n\t<meta name=\"twitter:label2\" content=\"Becs\u00fclt olvas\u00e1si id\u0151\" \/>\n\t<meta name=\"twitter:data2\" content=\"3 perc\" \/>\n<script type=\"application\/ld+json\" class=\"yoast-schema-graph\">{\"@context\":\"https:\/\/schema.org\",\"@graph\":[{\"@type\":\"WebPage\",\"@id\":\"https:\/\/kinaikaleidoszkop.hu\/index.php\/2026\/04\/29\/a-kozel-keleti-haborus-tuzfeszek-raebresztette-a-vilagot-kina-fejlodesebol-fakado-biztonsagi-tobblethaszonra\/\",\"url\":\"https:\/\/kinaikaleidoszkop.hu\/index.php\/2026\/04\/29\/a-kozel-keleti-haborus-tuzfeszek-raebresztette-a-vilagot-kina-fejlodesebol-fakado-biztonsagi-tobblethaszonra\/\",\"name\":\"A k\u00f6zel-keleti h\u00e1bor\u00fas t\u0171zf\u00e9szek r\u00e1\u00e9bresztette a vil\u00e1got K\u00edna fejl\u0151d\u00e9s\u00e9b\u0151l fakad\u00f3 \u201ebiztons\u00e1gi t\u00f6bblethaszonra\u201d - kinaikaleidoszkop.hu\",\"isPartOf\":{\"@id\":\"https:\/\/kinaikaleidoszkop.hu\/#website\"},\"primaryImageOfPage\":{\"@id\":\"https:\/\/kinaikaleidoszkop.hu\/index.php\/2026\/04\/29\/a-kozel-keleti-haborus-tuzfeszek-raebresztette-a-vilagot-kina-fejlodesebol-fakado-biztonsagi-tobblethaszonra\/#primaryimage\"},\"image\":{\"@id\":\"https:\/\/kinaikaleidoszkop.hu\/index.php\/2026\/04\/29\/a-kozel-keleti-haborus-tuzfeszek-raebresztette-a-vilagot-kina-fejlodesebol-fakado-biztonsagi-tobblethaszonra\/#primaryimage\"},\"thumbnailUrl\":\"https:\/\/kinaikaleidoszkop.hu\/wp-content\/uploads\/2026\/04\/0428.jpg\",\"datePublished\":\"2026-04-29T11:11:16+00:00\",\"dateModified\":\"2026-04-29T11:11:16+00:00\",\"author\":{\"@id\":\"https:\/\/kinaikaleidoszkop.hu\/#\/schema\/person\/4d69b71e7e70322713b9d9287b610556\"},\"breadcrumb\":{\"@id\":\"https:\/\/kinaikaleidoszkop.hu\/index.php\/2026\/04\/29\/a-kozel-keleti-haborus-tuzfeszek-raebresztette-a-vilagot-kina-fejlodesebol-fakado-biztonsagi-tobblethaszonra\/#breadcrumb\"},\"inLanguage\":\"hu\",\"potentialAction\":[{\"@type\":\"ReadAction\",\"target\":[\"https:\/\/kinaikaleidoszkop.hu\/index.php\/2026\/04\/29\/a-kozel-keleti-haborus-tuzfeszek-raebresztette-a-vilagot-kina-fejlodesebol-fakado-biztonsagi-tobblethaszonra\/\"]}]},{\"@type\":\"ImageObject\",\"inLanguage\":\"hu\",\"@id\":\"https:\/\/kinaikaleidoszkop.hu\/index.php\/2026\/04\/29\/a-kozel-keleti-haborus-tuzfeszek-raebresztette-a-vilagot-kina-fejlodesebol-fakado-biztonsagi-tobblethaszonra\/#primaryimage\",\"url\":\"https:\/\/kinaikaleidoszkop.hu\/wp-content\/uploads\/2026\/04\/0428.jpg\",\"contentUrl\":\"https:\/\/kinaikaleidoszkop.hu\/wp-content\/uploads\/2026\/04\/0428.jpg\",\"width\":600,\"height\":400},{\"@type\":\"BreadcrumbList\",\"@id\":\"https:\/\/kinaikaleidoszkop.hu\/index.php\/2026\/04\/29\/a-kozel-keleti-haborus-tuzfeszek-raebresztette-a-vilagot-kina-fejlodesebol-fakado-biztonsagi-tobblethaszonra\/#breadcrumb\",\"itemListElement\":[{\"@type\":\"ListItem\",\"position\":1,\"name\":\"Kezd\u0151lap\",\"item\":\"https:\/\/kinaikaleidoszkop.hu\/\"},{\"@type\":\"ListItem\",\"position\":2,\"name\":\"A k\u00f6zel-keleti h\u00e1bor\u00fas t\u0171zf\u00e9szek r\u00e1\u00e9bresztette a vil\u00e1got K\u00edna fejl\u0151d\u00e9s\u00e9b\u0151l fakad\u00f3 \u201ebiztons\u00e1gi t\u00f6bblethaszonra\u201d\"}]},{\"@type\":\"WebSite\",\"@id\":\"https:\/\/kinaikaleidoszkop.hu\/#website\",\"url\":\"https:\/\/kinaikaleidoszkop.hu\/\",\"name\":\"kinaikaleidoszkop.hu\",\"description\":\"\",\"potentialAction\":[{\"@type\":\"SearchAction\",\"target\":{\"@type\":\"EntryPoint\",\"urlTemplate\":\"https:\/\/kinaikaleidoszkop.hu\/?s={search_term_string}\"},\"query-input\":{\"@type\":\"PropertyValueSpecification\",\"valueRequired\":true,\"valueName\":\"search_term_string\"}}],\"inLanguage\":\"hu\"},{\"@type\":\"Person\",\"@id\":\"https:\/\/kinaikaleidoszkop.hu\/#\/schema\/person\/4d69b71e7e70322713b9d9287b610556\",\"name\":\"Szerk_Erik\",\"image\":{\"@type\":\"ImageObject\",\"inLanguage\":\"hu\",\"@id\":\"https:\/\/kinaikaleidoszkop.hu\/#\/schema\/person\/image\/\",\"url\":\"https:\/\/secure.gravatar.com\/avatar\/3c1e909a14c0c91d2eaef877aaacb584c667f8e7137de69653aa9561fd0e8062?s=96&d=mm&r=g\",\"contentUrl\":\"https:\/\/secure.gravatar.com\/avatar\/3c1e909a14c0c91d2eaef877aaacb584c667f8e7137de69653aa9561fd0e8062?s=96&d=mm&r=g\",\"caption\":\"Szerk_Erik\"},\"url\":\"https:\/\/pestcentrum.hu\"}]}<\/script>\n<!-- \/ Yoast SEO plugin. -->","yoast_head_json":{"title":"A k\u00f6zel-keleti h\u00e1bor\u00fas t\u0171zf\u00e9szek r\u00e1\u00e9bresztette a vil\u00e1got K\u00edna fejl\u0151d\u00e9s\u00e9b\u0151l fakad\u00f3 \u201ebiztons\u00e1gi t\u00f6bblethaszonra\u201d - kinaikaleidoszkop.hu","robots":{"index":"index","follow":"follow","max-snippet":"max-snippet:-1","max-image-preview":"max-image-preview:large","max-video-preview":"max-video-preview:-1"},"canonical":"https:\/\/pestcentrum.hu\/2026\/04\/29\/a-kozel-keleti-haborus-tuzfeszek-raebresztette-a-vilagot-kina-fejlodesebol-fakado-biztonsagi-tobblethaszonra\/","og_locale":"hu_HU","og_type":"article","og_title":"A k\u00f6zel-keleti h\u00e1bor\u00fas t\u0171zf\u00e9szek r\u00e1\u00e9bresztette a vil\u00e1got K\u00edna fejl\u0151d\u00e9s\u00e9b\u0151l fakad\u00f3 \u201ebiztons\u00e1gi t\u00f6bblethaszonra\u201d - kinaikaleidoszkop.hu","og_description":"A K\u00f6zel-Kelet tart\u00f3s fesz\u00fclts\u00e9gei, valamint a h\u00e1bor\u00fas konfliktusok terjed\u00e9se miatt glob\u00e1lis energiaell\u00e1t\u00e1si neh\u00e9zs\u00e9gek l\u00e9ptek fel, ami s\u00falyosan vesz\u00e9lyezteti a nemzetk\u00f6zi ell\u00e1t\u00e1si \u00e9s termel\u00e9si l\u00e1ncok stabilit\u00e1s\u00e1t. Ebben a helyzetben t\u00f6bb orsz\u00e1g m\u00e9di\u00e1ja egyre gyakrabban emeli ki, hogy K\u00edna stabil \u00e9s rugalmas fejl\u0151d\u00e9se \u201ebiztons\u00e1gi t\u00f6bblethaszonnal\u201d l\u00e1tja el a vil\u00e1got. A Financial Times \u00e9s a Reuters besz\u00e1mol\u00f3i szerint [&hellip;]","og_url":"https:\/\/kinaikaleidoszkop.hu\/index.php\/2026\/04\/29\/a-kozel-keleti-haborus-tuzfeszek-raebresztette-a-vilagot-kina-fejlodesebol-fakado-biztonsagi-tobblethaszonra\/","og_site_name":"kinaikaleidoszkop.hu","article_published_time":"2026-04-29T11:11:16+00:00","og_image":[{"width":600,"height":400,"url":"https:\/\/kinaikaleidoszkop.hu\/wp-content\/uploads\/2026\/04\/0428.jpg","type":"image\/jpeg"}],"author":"Szerk_Erik","twitter_card":"summary_large_image","twitter_misc":{"Szerz\u0151:":"PestCentrum","Becs\u00fclt olvas\u00e1si id\u0151":"3 perc"},"schema":{"@context":"https:\/\/schema.org","@graph":[{"@type":"WebPage","@id":"https:\/\/kinaikaleidoszkop.hu\/index.php\/2026\/04\/29\/a-kozel-keleti-haborus-tuzfeszek-raebresztette-a-vilagot-kina-fejlodesebol-fakado-biztonsagi-tobblethaszonra\/","url":"https:\/\/kinaikaleidoszkop.hu\/index.php\/2026\/04\/29\/a-kozel-keleti-haborus-tuzfeszek-raebresztette-a-vilagot-kina-fejlodesebol-fakado-biztonsagi-tobblethaszonra\/","name":"A k\u00f6zel-keleti h\u00e1bor\u00fas t\u0171zf\u00e9szek r\u00e1\u00e9bresztette a vil\u00e1got K\u00edna fejl\u0151d\u00e9s\u00e9b\u0151l fakad\u00f3 \u201ebiztons\u00e1gi t\u00f6bblethaszonra\u201d - kinaikaleidoszkop.hu","isPartOf":{"@id":"https:\/\/kinaikaleidoszkop.hu\/#website"},"primaryImageOfPage":{"@id":"https:\/\/kinaikaleidoszkop.hu\/index.php\/2026\/04\/29\/a-kozel-keleti-haborus-tuzfeszek-raebresztette-a-vilagot-kina-fejlodesebol-fakado-biztonsagi-tobblethaszonra\/#primaryimage"},"image":{"@id":"https:\/\/kinaikaleidoszkop.hu\/index.php\/2026\/04\/29\/a-kozel-keleti-haborus-tuzfeszek-raebresztette-a-vilagot-kina-fejlodesebol-fakado-biztonsagi-tobblethaszonra\/#primaryimage"},"thumbnailUrl":"https:\/\/kinaikaleidoszkop.hu\/wp-content\/uploads\/2026\/04\/0428.jpg","datePublished":"2026-04-29T11:11:16+00:00","dateModified":"2026-04-29T11:11:16+00:00","author":{"@id":"https:\/\/kinaikaleidoszkop.hu\/#\/schema\/person\/4d69b71e7e70322713b9d9287b610556"},"breadcrumb":{"@id":"https:\/\/kinaikaleidoszkop.hu\/index.php\/2026\/04\/29\/a-kozel-keleti-haborus-tuzfeszek-raebresztette-a-vilagot-kina-fejlodesebol-fakado-biztonsagi-tobblethaszonra\/#breadcrumb"},"inLanguage":"hu","potentialAction":[{"@type":"ReadAction","target":["https:\/\/kinaikaleidoszkop.hu\/index.php\/2026\/04\/29\/a-kozel-keleti-haborus-tuzfeszek-raebresztette-a-vilagot-kina-fejlodesebol-fakado-biztonsagi-tobblethaszonra\/"]}]},{"@type":"ImageObject","inLanguage":"hu","@id":"https:\/\/kinaikaleidoszkop.hu\/index.php\/2026\/04\/29\/a-kozel-keleti-haborus-tuzfeszek-raebresztette-a-vilagot-kina-fejlodesebol-fakado-biztonsagi-tobblethaszonra\/#primaryimage","url":"https:\/\/kinaikaleidoszkop.hu\/wp-content\/uploads\/2026\/04\/0428.jpg","contentUrl":"https:\/\/kinaikaleidoszkop.hu\/wp-content\/uploads\/2026\/04\/0428.jpg","width":600,"height":400},{"@type":"BreadcrumbList","@id":"https:\/\/kinaikaleidoszkop.hu\/index.php\/2026\/04\/29\/a-kozel-keleti-haborus-tuzfeszek-raebresztette-a-vilagot-kina-fejlodesebol-fakado-biztonsagi-tobblethaszonra\/#breadcrumb","itemListElement":[{"@type":"ListItem","position":1,"name":"Kezd\u0151lap","item":"https:\/\/kinaikaleidoszkop.hu\/"},{"@type":"ListItem","position":2,"name":"A k\u00f6zel-keleti h\u00e1bor\u00fas t\u0171zf\u00e9szek r\u00e1\u00e9bresztette a vil\u00e1got K\u00edna fejl\u0151d\u00e9s\u00e9b\u0151l fakad\u00f3 \u201ebiztons\u00e1gi t\u00f6bblethaszonra\u201d"}]},{"@type":"WebSite","@id":"https:\/\/kinaikaleidoszkop.hu\/#website","url":"https:\/\/kinaikaleidoszkop.hu\/","name":"kinaikaleidoszkop.hu","description":"","potentialAction":[{"@type":"SearchAction","target":{"@type":"EntryPoint","urlTemplate":"https:\/\/kinaikaleidoszkop.hu\/?s={search_term_string}"},"query-input":{"@type":"PropertyValueSpecification","valueRequired":true,"valueName":"search_term_string"}}],"inLanguage":"hu"},{"@type":"Person","@id":"https:\/\/kinaikaleidoszkop.hu\/#\/schema\/person\/4d69b71e7e70322713b9d9287b610556","name":"Szerk_Erik","image":{"@type":"ImageObject","inLanguage":"hu","@id":"https:\/\/kinaikaleidoszkop.hu\/#\/schema\/person\/image\/","url":"https:\/\/secure.gravatar.com\/avatar\/3c1e909a14c0c91d2eaef877aaacb584c667f8e7137de69653aa9561fd0e8062?s=96&d=mm&r=g","contentUrl":"https:\/\/secure.gravatar.com\/avatar\/3c1e909a14c0c91d2eaef877aaacb584c667f8e7137de69653aa9561fd0e8062?s=96&d=mm&r=g","caption":"Szerk_Erik"},"url":"https:\/\/pestcentrum.hu"}]}},"views":4,"distributor_meta":false,"distributor_terms":false,"distributor_media":false,"distributor_original_site_name":"PestCentrum","distributor_original_site_url":"https:\/\/pestcentrum.hu","push-errors":false,"_links":{"self":[{"href":"https:\/\/kinaikaleidoszkop.hu\/index.php\/wp-json\/wp\/v2\/posts\/28914","targetHints":{"allow":["GET"]}}],"collection":[{"href":"https:\/\/kinaikaleidoszkop.hu\/index.php\/wp-json\/wp\/v2\/posts"}],"about":[{"href":"https:\/\/kinaikaleidoszkop.hu\/index.php\/wp-json\/wp\/v2\/types\/post"}],"author":[{"embeddable":true,"href":"https:\/\/kinaikaleidoszkop.hu\/index.php\/wp-json\/wp\/v2\/users\/7"}],"replies":[{"embeddable":true,"href":"https:\/\/kinaikaleidoszkop.hu\/index.php\/wp-json\/wp\/v2\/comments?post=28914"}],"version-history":[{"count":0,"href":"https:\/\/kinaikaleidoszkop.hu\/index.php\/wp-json\/wp\/v2\/posts\/28914\/revisions"}],"wp:featuredmedia":[{"embeddable":true,"href":"https:\/\/kinaikaleidoszkop.hu\/index.php\/wp-json\/wp\/v2\/media\/28915"}],"wp:attachment":[{"href":"https:\/\/kinaikaleidoszkop.hu\/index.php\/wp-json\/wp\/v2\/media?parent=28914"}],"wp:term":[{"taxonomy":"category","embeddable":true,"href":"https:\/\/kinaikaleidoszkop.hu\/index.php\/wp-json\/wp\/v2\/categories?post=28914"},{"taxonomy":"post_tag","embeddable":true,"href":"https:\/\/kinaikaleidoszkop.hu\/index.php\/wp-json\/wp\/v2\/tags?post=28914"}],"curies":[{"name":"wp","href":"https:\/\/api.w.org\/{rel}","templated":true}]}}