{"id":29951,"date":"2026-09-02T17:21:43","date_gmt":"2026-09-02T15:21:43","guid":{"rendered":"https:\/\/kinaikaleidoszkop.hu\/index.php\/2026\/09\/02\/kinai-egyiptomi-kulturalis-csereesemeny-kairoban\/"},"modified":"2026-09-02T17:21:43","modified_gmt":"2026-09-02T15:21:43","slug":"kinai-egyiptomi-kulturalis-csereesemeny-kairoban","status":"publish","type":"post","link":"https:\/\/kinaikaleidoszkop.hu\/index.php\/2026\/09\/02\/kinai-egyiptomi-kulturalis-csereesemeny-kairoban\/","title":{"rendered":"K\u00ednai\u2013egyiptomi kultur\u00e1lis csereesem\u00e9ny Kair\u00f3ban"},"content":{"rendered":"\n<p class=\"wp-block-paragraph\"><strong>Hszi Csin-ping k\u00ednai \u00e1llameln\u00f6k egyiptomi \u00e1llami l\u00e1togat\u00e1sa alkalm\u00e1b\u00f3l kedden Kair\u00f3ban ker\u00fclt sor a CMG \u00e9s az Egyiptomi T\u00e1j\u00e9koztat\u00e1s\u00fcgyi Miniszt\u00e9rium k\u00f6z\u00f6s szervez\u00e9s\u00e9ben a k\u00ednai\u2013egyiptomi diplom\u00e1ciai kapcsolatok fenn\u00e1ll\u00e1s\u00e1nak 70. \u00e9vfordul\u00f3j\u00e1t \u00fcnnepl\u0151 kultur\u00e1lis csereesem\u00e9nyre. Abdel Fatt\u00e1h esz-Sz\u00edszi egyiptomi eln\u00f6k \u00fcdv\u00f6zl\u0151 \u00fczenetet k\u00fcld\u00f6tt, amelyben gratul\u00e1lt a rendezv\u00e9nynek.<\/strong><\/p>\n\n\n\n<figure class=\"wp-block-image size-full\"><img decoding=\"async\" src=\"https:\/\/pestcentrum.hu\/wp-content\/uploads\/2026\/09\/0902-2kulturalis-csere-kairo-scaled.jpg\" alt=\"\" class=\"wp-image-53646\"\/><\/figure>\n\n\n\n<p class=\"wp-block-paragraph\">D\u00edaa Rasv\u00e1n egyiptomi t\u00e1j\u00e9koztat\u00e1s\u00fcgyi miniszter ismertette az eln\u00f6ki \u00fczenetet, majd maga is felsz\u00f3lalt.<\/p>\n\n\n\n<p class=\"wp-block-paragraph\">Shen Haixiong, a CMG eln\u00f6ke besz\u00e9d\u00e9ben hangs\u00falyozta: a rendezv\u00e9ny konkr\u00e9t l\u00e9p\u00e9s a k\u00e9t orsz\u00e1g \u00e1llamf\u0151i k\u00f6z\u00f6s \u00e1ll\u00e1spontj\u00e1nak megval\u00f3s\u00edt\u00e1sa \u00e9s a k\u00ednai\u2013egyiptomi bar\u00e1ts\u00e1g elm\u00e9ly\u00edt\u00e9se \u00e9rdek\u00e9ben. K\u00edna \u00e9s Egyiptom egyar\u00e1nt \u0151si civiliz\u00e1ci\u00f3j\u00fa orsz\u00e1gok. A k\u00e9toldal\u00fa kapcsolatok folyamatos fejl\u0151d\u00e9se sor\u00e1n a m\u00e9dia mint a n\u00e9pek k\u00f6zti cserekapcsolatok h\u00eddja mindig is egyed\u00fcl\u00e1ll\u00f3 szerepet j\u00e1tszott az emberi sz\u00edvek \u00f6sszekapcsol\u00e1s\u00e1ban, valamint a bar\u00e1ts\u00e1g \u00e9s a k\u00f6lcs\u00f6n\u00f6s bizalom er\u0151s\u00edt\u00e9s\u00e9ben. A CMG folyamatosan elm\u00e9ly\u00edti gyakorlati egy\u00fcttm\u0171k\u00f6d\u00e9seit az egyiptomi partnerekkel: k\u00f6z\u00f6sen t\u00f6bb filmes \u00e9s telev\u00edzi\u00f3s alkot\u00e1st k\u00e9sz\u00edtettek, k\u00ednai filmbemutat\u00f3kat szerveztek Egyiptomban, valamint elm\u00e9ly\u00edtett\u00e9k az egy\u00fcttm\u0171k\u00f6d\u00e9seket a Kair\u00f3i Nemzetk\u00f6zi Filmfesztiv\u00e1llal a koprodukci\u00f3k, m\u0171szaki csereprogramok \u00e9s szakmai l\u00e1togat\u00e1sok ter\u00e9n, ezzel is t\u00e1mogatva a civiliz\u00e1ci\u00f3k k\u00f6z\u00f6tti p\u00e1rbesz\u00e9det \u00e9s k\u00f6lcs\u00f6n\u00f6s tanul\u00e1st.<\/p>\n\n\n\n<p class=\"wp-block-paragraph\">D\u00edaa Rasv\u00e1n miniszter felsz\u00f3lal\u00e1s\u00e1ban kiemelte: az elm\u00falt 70 \u00e9v sor\u00e1n a kultur\u00e1lis \u00e9s n\u00e9pk\u00f6zi cserekapcsolatok mindig is meleg \u00e9s tart\u00f3s k\u00f6tel\u00e9ket jelentettek a k\u00e9t orsz\u00e1g bar\u00e1ti kapcsolataiban, szil\u00e1rd n\u00e9pi alapot teremtve a k\u00e9toldal\u00fa viszony folyamatos \u00e9s m\u00e9lyrehat\u00f3 fejl\u0151d\u00e9s\u00e9hez. A mai esem\u00e9ny sz\u00e1mos egy\u00fcttm\u0171k\u00f6d\u00e9si eredm\u00e9nyt mutatott be a k\u00e9t orsz\u00e1g k\u00f6z\u00f6s m\u0171sorgy\u00e1rt\u00e1sa, filmbemutat\u00f3i \u00e9s tartalomcser\u00e9je ter\u00e9n. Az Egyiptomi T\u00e1j\u00e9koztat\u00e1s\u00fcgyi Miniszt\u00e9rium k\u00e9sz arra, hogy a k\u00e9t orsz\u00e1g diplom\u00e1ciai kapcsolatainak 70. \u00e9vfordul\u00f3j\u00e1t \u00faj kiindul\u00f3pontnak tekintve elm\u00e9ly\u00edtse egy\u00fcttm\u0171k\u00f6d\u00e9s\u00e9t a CMG-vel a tartalomcsere, a szem\u00e9lyi csereprogramok \u00e9s a piacb\u0151v\u00edt\u00e9s ter\u00fclet\u00e9n, el\u0151seg\u00edtve ezzel, hogy a hagyom\u00e1nyos egyiptomi\u2013k\u00ednai bar\u00e1ts\u00e1g a k\u00e9t n\u00e9p k\u00f6lcs\u00f6n\u00f6s megismer\u00e9s\u00e9ben \u00e9s egym\u00e1s ir\u00e1nti vonzalm\u00e1ban nemzed\u00e9kr\u0151l nemzed\u00e9kre tov\u00e1bb\u00f6r\u00f6kl\u0151dj\u00f6n.<\/p>\n\n\n\n<p class=\"wp-block-paragraph\"><strong><em>(China Media Group)<\/em><\/strong><\/p>\n\n\n\n<p class=\"wp-block-paragraph\"><strong>2026. szeptember 2.<\/strong><\/p>\n\n\n\n<p class=\"wp-block-paragraph\"><strong><em>(x)<\/em><\/strong><\/p>\n","protected":false},"excerpt":{"rendered":"<p>Hszi Csin-ping k\u00ednai \u00e1llameln\u00f6k egyiptomi \u00e1llami l\u00e1togat\u00e1sa alkalm\u00e1b\u00f3l kedden Kair\u00f3ban ker\u00fclt sor a CMG \u00e9s az Egyiptomi T\u00e1j\u00e9koztat\u00e1s\u00fcgyi Miniszt\u00e9rium k\u00f6z\u00f6s szervez\u00e9s\u00e9ben a k\u00ednai\u2013egyiptomi diplom\u00e1ciai kapcsolatok fenn\u00e1ll\u00e1s\u00e1nak 70. \u00e9vfordul\u00f3j\u00e1t \u00fcnnepl\u0151 kultur\u00e1lis csereesem\u00e9nyre. Abdel Fatt\u00e1h esz-Sz\u00edszi egyiptomi eln\u00f6k \u00fcdv\u00f6zl\u0151 \u00fczenetet k\u00fcld\u00f6tt, amelyben gratul\u00e1lt a rendezv\u00e9nynek. D\u00edaa Rasv\u00e1n egyiptomi t\u00e1j\u00e9koztat\u00e1s\u00fcgyi miniszter ismertette az eln\u00f6ki \u00fczenetet, majd maga is [&hellip;]<\/p>\n","protected":false},"author":7,"featured_media":29952,"comment_status":"","ping_status":"","sticky":false,"template":"","format":"standard","meta":{"footnotes":""},"categories":[4797],"tags":[3659,2347,305,3696,2074,4174],"class_list":["post-29951","post","type-post","status-publish","format-standard","has-post-thumbnail","hentry","category-egyeb-hirek","tag-bolcsesseg","tag-egyiptom","tag-hszi-csin-ping","tag-kina","tag-kooperacio","tag-kotet"],"yoast_head":"<!-- This site is optimized with the Yoast SEO plugin v23.7 - https:\/\/yoast.com\/wordpress\/plugins\/seo\/ -->\n<title>K\u00ednai\u2013egyiptomi kultur\u00e1lis csereesem\u00e9ny Kair\u00f3ban - kinaikaleidoszkop.hu<\/title>\n<meta name=\"robots\" content=\"index, follow, max-snippet:-1, max-image-preview:large, max-video-preview:-1\" \/>\n<link rel=\"canonical\" href=\"https:\/\/pestcentrum.hu\/2026\/09\/02\/kinai-egyiptomi-kulturalis-csereesemeny-kairoban\/\" \/>\n<meta property=\"og:locale\" content=\"hu_HU\" \/>\n<meta property=\"og:type\" content=\"article\" \/>\n<meta property=\"og:title\" content=\"K\u00ednai\u2013egyiptomi kultur\u00e1lis csereesem\u00e9ny Kair\u00f3ban - kinaikaleidoszkop.hu\" \/>\n<meta property=\"og:description\" content=\"Hszi Csin-ping k\u00ednai \u00e1llameln\u00f6k egyiptomi \u00e1llami l\u00e1togat\u00e1sa alkalm\u00e1b\u00f3l kedden Kair\u00f3ban ker\u00fclt sor a CMG \u00e9s az Egyiptomi T\u00e1j\u00e9koztat\u00e1s\u00fcgyi Miniszt\u00e9rium k\u00f6z\u00f6s szervez\u00e9s\u00e9ben a k\u00ednai\u2013egyiptomi diplom\u00e1ciai kapcsolatok fenn\u00e1ll\u00e1s\u00e1nak 70. \u00e9vfordul\u00f3j\u00e1t \u00fcnnepl\u0151 kultur\u00e1lis csereesem\u00e9nyre. Abdel Fatt\u00e1h esz-Sz\u00edszi egyiptomi eln\u00f6k \u00fcdv\u00f6zl\u0151 \u00fczenetet k\u00fcld\u00f6tt, amelyben gratul\u00e1lt a rendezv\u00e9nynek. D\u00edaa Rasv\u00e1n egyiptomi t\u00e1j\u00e9koztat\u00e1s\u00fcgyi miniszter ismertette az eln\u00f6ki \u00fczenetet, majd maga is [&hellip;]\" \/>\n<meta property=\"og:url\" content=\"https:\/\/kinaikaleidoszkop.hu\/index.php\/2026\/09\/02\/kinai-egyiptomi-kulturalis-csereesemeny-kairoban\/\" \/>\n<meta property=\"og:site_name\" content=\"kinaikaleidoszkop.hu\" \/>\n<meta property=\"article:published_time\" content=\"2026-09-02T15:21:43+00:00\" \/>\n<meta property=\"og:image\" content=\"https:\/\/kinaikaleidoszkop.hu\/wp-content\/uploads\/2026\/09\/0902-2kulturalis-csere-kairo-scaled-1.jpg\" \/>\n\t<meta property=\"og:image:width\" content=\"2048\" \/>\n\t<meta property=\"og:image:height\" content=\"1231\" \/>\n\t<meta property=\"og:image:type\" content=\"image\/jpeg\" \/>\n<meta name=\"author\" content=\"Szerk_Erik\" \/>\n<meta name=\"twitter:card\" content=\"summary_large_image\" \/>\n<meta name=\"twitter:label1\" content=\"Szerz\u0151:\" \/>\n\t<meta name=\"twitter:data1\" content=\"PestCentrum\" \/>\n\t<meta name=\"twitter:label2\" content=\"Becs\u00fclt olvas\u00e1si id\u0151\" \/>\n\t<meta name=\"twitter:data2\" content=\"2 perc\" \/>\n<script type=\"application\/ld+json\" class=\"yoast-schema-graph\">{\"@context\":\"https:\/\/schema.org\",\"@graph\":[{\"@type\":\"WebPage\",\"@id\":\"https:\/\/kinaikaleidoszkop.hu\/index.php\/2026\/09\/02\/kinai-egyiptomi-kulturalis-csereesemeny-kairoban\/\",\"url\":\"https:\/\/kinaikaleidoszkop.hu\/index.php\/2026\/09\/02\/kinai-egyiptomi-kulturalis-csereesemeny-kairoban\/\",\"name\":\"K\u00ednai\u2013egyiptomi kultur\u00e1lis csereesem\u00e9ny Kair\u00f3ban - kinaikaleidoszkop.hu\",\"isPartOf\":{\"@id\":\"https:\/\/kinaikaleidoszkop.hu\/#website\"},\"primaryImageOfPage\":{\"@id\":\"https:\/\/kinaikaleidoszkop.hu\/index.php\/2026\/09\/02\/kinai-egyiptomi-kulturalis-csereesemeny-kairoban\/#primaryimage\"},\"image\":{\"@id\":\"https:\/\/kinaikaleidoszkop.hu\/index.php\/2026\/09\/02\/kinai-egyiptomi-kulturalis-csereesemeny-kairoban\/#primaryimage\"},\"thumbnailUrl\":\"https:\/\/kinaikaleidoszkop.hu\/wp-content\/uploads\/2026\/09\/0902-2kulturalis-csere-kairo-scaled-1.jpg\",\"datePublished\":\"2026-09-02T15:21:43+00:00\",\"dateModified\":\"2026-09-02T15:21:43+00:00\",\"author\":{\"@id\":\"https:\/\/kinaikaleidoszkop.hu\/#\/schema\/person\/4d69b71e7e70322713b9d9287b610556\"},\"breadcrumb\":{\"@id\":\"https:\/\/kinaikaleidoszkop.hu\/index.php\/2026\/09\/02\/kinai-egyiptomi-kulturalis-csereesemeny-kairoban\/#breadcrumb\"},\"inLanguage\":\"hu\",\"potentialAction\":[{\"@type\":\"ReadAction\",\"target\":[\"https:\/\/kinaikaleidoszkop.hu\/index.php\/2026\/09\/02\/kinai-egyiptomi-kulturalis-csereesemeny-kairoban\/\"]}]},{\"@type\":\"ImageObject\",\"inLanguage\":\"hu\",\"@id\":\"https:\/\/kinaikaleidoszkop.hu\/index.php\/2026\/09\/02\/kinai-egyiptomi-kulturalis-csereesemeny-kairoban\/#primaryimage\",\"url\":\"https:\/\/kinaikaleidoszkop.hu\/wp-content\/uploads\/2026\/09\/0902-2kulturalis-csere-kairo-scaled-1.jpg\",\"contentUrl\":\"https:\/\/kinaikaleidoszkop.hu\/wp-content\/uploads\/2026\/09\/0902-2kulturalis-csere-kairo-scaled-1.jpg\",\"width\":2048,\"height\":1231},{\"@type\":\"BreadcrumbList\",\"@id\":\"https:\/\/kinaikaleidoszkop.hu\/index.php\/2026\/09\/02\/kinai-egyiptomi-kulturalis-csereesemeny-kairoban\/#breadcrumb\",\"itemListElement\":[{\"@type\":\"ListItem\",\"position\":1,\"name\":\"Kezd\u0151lap\",\"item\":\"https:\/\/kinaikaleidoszkop.hu\/\"},{\"@type\":\"ListItem\",\"position\":2,\"name\":\"K\u00ednai\u2013egyiptomi kultur\u00e1lis csereesem\u00e9ny Kair\u00f3ban\"}]},{\"@type\":\"WebSite\",\"@id\":\"https:\/\/kinaikaleidoszkop.hu\/#website\",\"url\":\"https:\/\/kinaikaleidoszkop.hu\/\",\"name\":\"kinaikaleidoszkop.hu\",\"description\":\"\",\"potentialAction\":[{\"@type\":\"SearchAction\",\"target\":{\"@type\":\"EntryPoint\",\"urlTemplate\":\"https:\/\/kinaikaleidoszkop.hu\/?s={search_term_string}\"},\"query-input\":{\"@type\":\"PropertyValueSpecification\",\"valueRequired\":true,\"valueName\":\"search_term_string\"}}],\"inLanguage\":\"hu\"},{\"@type\":\"Person\",\"@id\":\"https:\/\/kinaikaleidoszkop.hu\/#\/schema\/person\/4d69b71e7e70322713b9d9287b610556\",\"name\":\"Szerk_Erik\",\"image\":{\"@type\":\"ImageObject\",\"inLanguage\":\"hu\",\"@id\":\"https:\/\/kinaikaleidoszkop.hu\/#\/schema\/person\/image\/\",\"url\":\"https:\/\/secure.gravatar.com\/avatar\/3c1e909a14c0c91d2eaef877aaacb584c667f8e7137de69653aa9561fd0e8062?s=96&d=mm&r=g\",\"contentUrl\":\"https:\/\/secure.gravatar.com\/avatar\/3c1e909a14c0c91d2eaef877aaacb584c667f8e7137de69653aa9561fd0e8062?s=96&d=mm&r=g\",\"caption\":\"Szerk_Erik\"},\"url\":\"https:\/\/pestcentrum.hu\"}]}<\/script>\n<!-- \/ Yoast SEO plugin. -->","yoast_head_json":{"title":"K\u00ednai\u2013egyiptomi kultur\u00e1lis csereesem\u00e9ny Kair\u00f3ban - kinaikaleidoszkop.hu","robots":{"index":"index","follow":"follow","max-snippet":"max-snippet:-1","max-image-preview":"max-image-preview:large","max-video-preview":"max-video-preview:-1"},"canonical":"https:\/\/pestcentrum.hu\/2026\/09\/02\/kinai-egyiptomi-kulturalis-csereesemeny-kairoban\/","og_locale":"hu_HU","og_type":"article","og_title":"K\u00ednai\u2013egyiptomi kultur\u00e1lis csereesem\u00e9ny Kair\u00f3ban - kinaikaleidoszkop.hu","og_description":"Hszi Csin-ping k\u00ednai \u00e1llameln\u00f6k egyiptomi \u00e1llami l\u00e1togat\u00e1sa alkalm\u00e1b\u00f3l kedden Kair\u00f3ban ker\u00fclt sor a CMG \u00e9s az Egyiptomi T\u00e1j\u00e9koztat\u00e1s\u00fcgyi Miniszt\u00e9rium k\u00f6z\u00f6s szervez\u00e9s\u00e9ben a k\u00ednai\u2013egyiptomi diplom\u00e1ciai kapcsolatok fenn\u00e1ll\u00e1s\u00e1nak 70. \u00e9vfordul\u00f3j\u00e1t \u00fcnnepl\u0151 kultur\u00e1lis csereesem\u00e9nyre. Abdel Fatt\u00e1h esz-Sz\u00edszi egyiptomi eln\u00f6k \u00fcdv\u00f6zl\u0151 \u00fczenetet k\u00fcld\u00f6tt, amelyben gratul\u00e1lt a rendezv\u00e9nynek. D\u00edaa Rasv\u00e1n egyiptomi t\u00e1j\u00e9koztat\u00e1s\u00fcgyi miniszter ismertette az eln\u00f6ki \u00fczenetet, majd maga is [&hellip;]","og_url":"https:\/\/kinaikaleidoszkop.hu\/index.php\/2026\/09\/02\/kinai-egyiptomi-kulturalis-csereesemeny-kairoban\/","og_site_name":"kinaikaleidoszkop.hu","article_published_time":"2026-09-02T15:21:43+00:00","og_image":[{"width":2048,"height":1231,"url":"https:\/\/kinaikaleidoszkop.hu\/wp-content\/uploads\/2026\/09\/0902-2kulturalis-csere-kairo-scaled-1.jpg","type":"image\/jpeg"}],"author":"Szerk_Erik","twitter_card":"summary_large_image","twitter_misc":{"Szerz\u0151:":"PestCentrum","Becs\u00fclt olvas\u00e1si id\u0151":"2 perc"},"schema":{"@context":"https:\/\/schema.org","@graph":[{"@type":"WebPage","@id":"https:\/\/kinaikaleidoszkop.hu\/index.php\/2026\/09\/02\/kinai-egyiptomi-kulturalis-csereesemeny-kairoban\/","url":"https:\/\/kinaikaleidoszkop.hu\/index.php\/2026\/09\/02\/kinai-egyiptomi-kulturalis-csereesemeny-kairoban\/","name":"K\u00ednai\u2013egyiptomi kultur\u00e1lis csereesem\u00e9ny Kair\u00f3ban - kinaikaleidoszkop.hu","isPartOf":{"@id":"https:\/\/kinaikaleidoszkop.hu\/#website"},"primaryImageOfPage":{"@id":"https:\/\/kinaikaleidoszkop.hu\/index.php\/2026\/09\/02\/kinai-egyiptomi-kulturalis-csereesemeny-kairoban\/#primaryimage"},"image":{"@id":"https:\/\/kinaikaleidoszkop.hu\/index.php\/2026\/09\/02\/kinai-egyiptomi-kulturalis-csereesemeny-kairoban\/#primaryimage"},"thumbnailUrl":"https:\/\/kinaikaleidoszkop.hu\/wp-content\/uploads\/2026\/09\/0902-2kulturalis-csere-kairo-scaled-1.jpg","datePublished":"2026-09-02T15:21:43+00:00","dateModified":"2026-09-02T15:21:43+00:00","author":{"@id":"https:\/\/kinaikaleidoszkop.hu\/#\/schema\/person\/4d69b71e7e70322713b9d9287b610556"},"breadcrumb":{"@id":"https:\/\/kinaikaleidoszkop.hu\/index.php\/2026\/09\/02\/kinai-egyiptomi-kulturalis-csereesemeny-kairoban\/#breadcrumb"},"inLanguage":"hu","potentialAction":[{"@type":"ReadAction","target":["https:\/\/kinaikaleidoszkop.hu\/index.php\/2026\/09\/02\/kinai-egyiptomi-kulturalis-csereesemeny-kairoban\/"]}]},{"@type":"ImageObject","inLanguage":"hu","@id":"https:\/\/kinaikaleidoszkop.hu\/index.php\/2026\/09\/02\/kinai-egyiptomi-kulturalis-csereesemeny-kairoban\/#primaryimage","url":"https:\/\/kinaikaleidoszkop.hu\/wp-content\/uploads\/2026\/09\/0902-2kulturalis-csere-kairo-scaled-1.jpg","contentUrl":"https:\/\/kinaikaleidoszkop.hu\/wp-content\/uploads\/2026\/09\/0902-2kulturalis-csere-kairo-scaled-1.jpg","width":2048,"height":1231},{"@type":"BreadcrumbList","@id":"https:\/\/kinaikaleidoszkop.hu\/index.php\/2026\/09\/02\/kinai-egyiptomi-kulturalis-csereesemeny-kairoban\/#breadcrumb","itemListElement":[{"@type":"ListItem","position":1,"name":"Kezd\u0151lap","item":"https:\/\/kinaikaleidoszkop.hu\/"},{"@type":"ListItem","position":2,"name":"K\u00ednai\u2013egyiptomi kultur\u00e1lis csereesem\u00e9ny Kair\u00f3ban"}]},{"@type":"WebSite","@id":"https:\/\/kinaikaleidoszkop.hu\/#website","url":"https:\/\/kinaikaleidoszkop.hu\/","name":"kinaikaleidoszkop.hu","description":"","potentialAction":[{"@type":"SearchAction","target":{"@type":"EntryPoint","urlTemplate":"https:\/\/kinaikaleidoszkop.hu\/?s={search_term_string}"},"query-input":{"@type":"PropertyValueSpecification","valueRequired":true,"valueName":"search_term_string"}}],"inLanguage":"hu"},{"@type":"Person","@id":"https:\/\/kinaikaleidoszkop.hu\/#\/schema\/person\/4d69b71e7e70322713b9d9287b610556","name":"Szerk_Erik","image":{"@type":"ImageObject","inLanguage":"hu","@id":"https:\/\/kinaikaleidoszkop.hu\/#\/schema\/person\/image\/","url":"https:\/\/secure.gravatar.com\/avatar\/3c1e909a14c0c91d2eaef877aaacb584c667f8e7137de69653aa9561fd0e8062?s=96&d=mm&r=g","contentUrl":"https:\/\/secure.gravatar.com\/avatar\/3c1e909a14c0c91d2eaef877aaacb584c667f8e7137de69653aa9561fd0e8062?s=96&d=mm&r=g","caption":"Szerk_Erik"},"url":"https:\/\/pestcentrum.hu"}]}},"views":3,"distributor_meta":false,"distributor_terms":false,"distributor_media":false,"distributor_original_site_name":"PestCentrum","distributor_original_site_url":"https:\/\/pestcentrum.hu","push-errors":false,"_links":{"self":[{"href":"https:\/\/kinaikaleidoszkop.hu\/index.php\/wp-json\/wp\/v2\/posts\/29951","targetHints":{"allow":["GET"]}}],"collection":[{"href":"https:\/\/kinaikaleidoszkop.hu\/index.php\/wp-json\/wp\/v2\/posts"}],"about":[{"href":"https:\/\/kinaikaleidoszkop.hu\/index.php\/wp-json\/wp\/v2\/types\/post"}],"author":[{"embeddable":true,"href":"https:\/\/kinaikaleidoszkop.hu\/index.php\/wp-json\/wp\/v2\/users\/7"}],"replies":[{"embeddable":true,"href":"https:\/\/kinaikaleidoszkop.hu\/index.php\/wp-json\/wp\/v2\/comments?post=29951"}],"version-history":[{"count":0,"href":"https:\/\/kinaikaleidoszkop.hu\/index.php\/wp-json\/wp\/v2\/posts\/29951\/revisions"}],"wp:featuredmedia":[{"embeddable":true,"href":"https:\/\/kinaikaleidoszkop.hu\/index.php\/wp-json\/wp\/v2\/media\/29952"}],"wp:attachment":[{"href":"https:\/\/kinaikaleidoszkop.hu\/index.php\/wp-json\/wp\/v2\/media?parent=29951"}],"wp:term":[{"taxonomy":"category","embeddable":true,"href":"https:\/\/kinaikaleidoszkop.hu\/index.php\/wp-json\/wp\/v2\/categories?post=29951"},{"taxonomy":"post_tag","embeddable":true,"href":"https:\/\/kinaikaleidoszkop.hu\/index.php\/wp-json\/wp\/v2\/tags?post=29951"}],"curies":[{"name":"wp","href":"https:\/\/api.w.org\/{rel}","templated":true}]}}