{"id":29961,"date":"2026-09-04T14:31:46","date_gmt":"2026-09-04T12:31:46","guid":{"rendered":"https:\/\/kinaikaleidoszkop.hu\/index.php\/2026\/09\/04\/kinai-kulugyminiszterium-kina-egyuttmukodest-folytat-a-csendes-oceani-szigetorszagokkal-nem-pedig-geopolitikai-jatszmakat\/"},"modified":"2026-09-04T14:31:46","modified_gmt":"2026-09-04T12:31:46","slug":"kinai-kulugyminiszterium-kina-egyuttmukodest-folytat-a-csendes-oceani-szigetorszagokkal-nem-pedig-geopolitikai-jatszmakat","status":"publish","type":"post","link":"https:\/\/kinaikaleidoszkop.hu\/index.php\/2026\/09\/04\/kinai-kulugyminiszterium-kina-egyuttmukodest-folytat-a-csendes-oceani-szigetorszagokkal-nem-pedig-geopolitikai-jatszmakat\/","title":{"rendered":"K\u00ednai k\u00fcl\u00fcgyminiszt\u00e9rium: K\u00edna egy\u00fcttm\u0171k\u00f6d\u00e9st folytat a csendes-\u00f3ce\u00e1ni szigetorsz\u00e1gokkal, nem pedig geopolitikai j\u00e1tszm\u00e1kat"},"content":{"rendered":"\n<p class=\"wp-block-paragraph\"><strong>Qian Bo, a k\u00ednai korm\u00e1ny csendes-\u00f3ce\u00e1ni szigetorsz\u00e1gokkal foglalkoz\u00f3 k\u00fcl\u00f6nmegb\u00edzottja szeptember 1-j\u00e9n r\u00e9szt vett a palaui Kororban megrendezett 55. Csendes-\u00f3ce\u00e1ni Szigetorsz\u00e1gok F\u00f3ruma tag\u00e1llamainak vezet\u0151i \u00e9s p\u00e1rbesz\u00e9dpartnerei k\u00f6z\u00f6tti p\u00e1rbesz\u00e9den, \u00e9s fel is sz\u00f3lalt. Kijelentette, hogy a k\u00e9t f\u00e9l vezet\u0151inek strat\u00e9giai ir\u00e1nymutat\u00e1sa alatt a K\u00edna \u00e9s a csendes-\u00f3ce\u00e1ni szigetorsz\u00e1gok k\u00f6z\u00f6tti sorsk\u00f6z\u00f6ss\u00e9g \u00e9p\u00edt\u00e9se folyamatosan \u00faj eredm\u00e9nyeket \u00e9r el.<\/strong><\/p>\n\n\n\n<figure class=\"wp-block-image size-full\"><img decoding=\"async\" src=\"https:\/\/pestcentrum.hu\/wp-content\/uploads\/2026\/09\/Kina-egyuttmukodest-folytat-a-csendes-oceani-szigetorszagokkal-nem-pedig-geopolitikai-jatszmakat.jpg\" alt=\"\" class=\"wp-image-53711\"\/><\/figure>\n\n\n\n<p class=\"wp-block-paragraph\">Qian Bo besz\u00e9d\u00e9ben elmondta, hogy K\u00edna nagyra \u00e9rt\u00e9keli a f\u00f3rum tagjainak t\u00falnyom\u00f3 t\u00f6bbs\u00e9g\u00e9t, akik hat\u00e1rozottan betartj\u00e1k az \u201eegy K\u00edna\u201d elvet, \u00e9s tov\u00e1bbra is ragaszkodik a \u201en\u00e9gy teljes m\u00e9rt\u00e9k\u0171 tiszteletben tart\u00e1s\u201d elv\u00e9hez. K\u00edna a szigetorsz\u00e1gokkal egy\u00fctt hat\u00e1rozottan t\u00e1mogatja egym\u00e1s alapvet\u0151 \u00e9rdekeit, er\u0151s\u00edti a fejleszt\u00e9si strat\u00e9gi\u00e1k \u00f6sszehangol\u00e1s\u00e1t, a szigetorsz\u00e1gok t\u00e9nyleges ig\u00e9nyeire \u00f6sszpontos\u00edt, el\u0151mozd\u00edtja a k\u00e9t f\u00e9l k\u00f6z\u00f6tti \u00e1tfog\u00f3 strat\u00e9giai partners\u00e9g m\u00e9ly\u00fcl\u0151 fejl\u0151d\u00e9s\u00e9t, hogy az mindk\u00e9t n\u00e9p jav\u00e1t szolg\u00e1lja. Qian Bo bejelentette, hogy K\u00edna t\u00e1mogatja a szigetorsz\u00e1gok energia\u00e1t\u00e1ll\u00e1s\u00e1t, a \u201ek\u00e9k partners\u00e9g\u201d ki\u00e9p\u00edt\u00e9s\u00e9t, valamint a kereskedelmi \u00e9s befektet\u00e9si egy\u00fcttm\u0171k\u00f6d\u00e9sek b\u0151v\u00edt\u00e9s\u00e9t c\u00e9lz\u00f3 j\u00f6v\u0151be mutat\u00f3 kezdem\u00e9nyez\u00e9seket, amelyek minden f\u00e9l r\u00e9sz\u00e9r\u0151l nagy figyelmet \u00e9s \u00fcdv\u00f6zl\u00e9st kaptak.<\/p>\n\n\n\n<p class=\"wp-block-paragraph\">Ezel\u0151tt j\u00falius elej\u00e9n Mao Ning, a k\u00ednai k\u00fcl\u00fcgyminiszt\u00e9rium sz\u00f3viv\u0151je kijelentette, hogy K\u00edna a csendes-\u00f3ce\u00e1ni szigetorsz\u00e1gokkal folytatott egy\u00fcttm\u0171k\u00f6d\u00e9se sor\u00e1n mindig a k\u00f6lcs\u00f6n\u00f6s tisztelet, az egyenl\u0151 b\u00e1n\u00e1sm\u00f3d, a k\u00f6lcs\u00f6n\u00f6s el\u0151ny\u00f6k, a nyitotts\u00e1g \u00e9s befogad\u00e1s elveit tartja szem el\u0151tt. Nem folytatunk geopolitikai j\u00e1tszm\u00e1kat, \u00e9s nem t\u00f6reksz\u00fcnk politikai \u00f6n\u00e9rdekek el\u00e9r\u00e9se. Rem\u00e9lj\u00fck, hogy az \u00e9rintett orsz\u00e1gok t\u00e9nylegesen tiszteletben tartj\u00e1k a szigetorsz\u00e1gok f\u00fcggetlens\u00e9g\u00e9t \u00e9s \u00f6n\u00e1ll\u00f3s\u00e1g\u00e1t, a szigetorsz\u00e1gok gazdas\u00e1gi \u00e9s t\u00e1rsadalmi fenntarthat\u00f3 fejl\u0151d\u00e9s\u00e9re \u00f6sszpontos\u00edtanak, nem c\u00e9loznak meg harmadik feleket, \u00e9s nem s\u00e9rtik azok \u00e9rdekeit.<\/p>\n\n\n\n<p class=\"wp-block-paragraph\">Augusztus k\u00f6zep\u00e9n Guo Jiakun, a k\u00ednai k\u00fcl\u00fcgyminiszt\u00e9rium sz\u00f3viv\u0151je kijelentette, hogy a k\u00ednai Tajvan-r\u00e9gi\u00f3 nemzetk\u00f6zi szervezetekben val\u00f3 r\u00e9szv\u00e9tel\u00e9nek k\u00e9rd\u00e9s\u00e9ben K\u00edna \u00e1ll\u00e1spontja k\u00f6vetkezetes \u00e9s egy\u00e9rtelm\u0171: az \u00fcgyet az \u201eegy K\u00edna\u201d elv szerint kell kezelni, ami az ENSZ K\u00f6zgy\u0171l\u00e9s\u00e9nek 2758. sz\u00e1m\u00fa hat\u00e1rozat\u00e1ban is meger\u0151s\u00edtett alapvet\u0151 nemzetk\u00f6zi kapcsolati elv \u00e9s a nemzetk\u00f6zi k\u00f6z\u00f6ss\u00e9g \u00e1ltal\u00e1nos konszenzusa. K\u00edna s\u00fcrgeti a Csendes-\u00f3ce\u00e1ni Szigetorsz\u00e1gok F\u00f3rum\u00e1nak titk\u00e1rs\u00e1g\u00e1t, hogy tartsa tiszteletben az \u201eegy K\u00edna\u201d elvet, kezelje megfelel\u0151en a Tajvannal kapcsolatos k\u00e9rd\u00e9seket, \u00e9s ker\u00fclje el, hogy az befoly\u00e1solja K\u00edna \u00e9s a f\u00f3rum k\u00f6z\u00f6tti kapcsolatok eg\u00e9szs\u00e9ges \u00e9s stabil fejl\u0151d\u00e9s\u00e9t.<\/p>\n\n\n\n<p class=\"wp-block-paragraph\"><strong><em>(China Media Group)<\/em><\/strong><\/p>\n\n\n\n<p class=\"wp-block-paragraph\"><strong>2026. szeptember 4.<\/strong><\/p>\n\n\n\n<p class=\"wp-block-paragraph\"><strong><em>(x)<\/em><\/strong><\/p>\n","protected":false},"excerpt":{"rendered":"<p>Qian Bo, a k\u00ednai korm\u00e1ny csendes-\u00f3ce\u00e1ni szigetorsz\u00e1gokkal foglalkoz\u00f3 k\u00fcl\u00f6nmegb\u00edzottja szeptember 1-j\u00e9n r\u00e9szt vett a palaui Kororban megrendezett 55. Csendes-\u00f3ce\u00e1ni Szigetorsz\u00e1gok F\u00f3ruma tag\u00e1llamainak vezet\u0151i \u00e9s p\u00e1rbesz\u00e9dpartnerei k\u00f6z\u00f6tti p\u00e1rbesz\u00e9den, \u00e9s fel is sz\u00f3lalt. Kijelentette, hogy a k\u00e9t f\u00e9l vezet\u0151inek strat\u00e9giai ir\u00e1nymutat\u00e1sa alatt a K\u00edna \u00e9s a csendes-\u00f3ce\u00e1ni szigetorsz\u00e1gok k\u00f6z\u00f6tti sorsk\u00f6z\u00f6ss\u00e9g \u00e9p\u00edt\u00e9se folyamatosan \u00faj eredm\u00e9nyeket \u00e9r el. Qian [&hellip;]<\/p>\n","protected":false},"author":7,"featured_media":29962,"comment_status":"","ping_status":"","sticky":false,"template":"","format":"standard","meta":{"footnotes":""},"categories":[4797],"tags":[414,1167,4178,3696,2074,1030],"class_list":["post-29961","post","type-post","status-publish","format-standard","has-post-thumbnail","hentry","category-egyeb-hirek","tag-fejlodes","tag-forum","tag-iranymutatas","tag-kina","tag-kooperacio","tag-parbeszed"],"yoast_head":"<!-- This site is optimized with the Yoast SEO plugin v23.7 - https:\/\/yoast.com\/wordpress\/plugins\/seo\/ -->\n<title>K\u00ednai k\u00fcl\u00fcgyminiszt\u00e9rium: K\u00edna egy\u00fcttm\u0171k\u00f6d\u00e9st folytat a csendes-\u00f3ce\u00e1ni szigetorsz\u00e1gokkal, nem pedig geopolitikai j\u00e1tszm\u00e1kat - kinaikaleidoszkop.hu<\/title>\n<meta name=\"robots\" content=\"index, follow, max-snippet:-1, max-image-preview:large, max-video-preview:-1\" \/>\n<link rel=\"canonical\" href=\"https:\/\/pestcentrum.hu\/2026\/09\/04\/kinai-kulugyminiszterium-kina-egyuttmukodest-folytat-a-csendes-oceani-szigetorszagokkal-nem-pedig-geopolitikai-jatszmakat\/\" \/>\n<meta property=\"og:locale\" content=\"hu_HU\" \/>\n<meta property=\"og:type\" content=\"article\" \/>\n<meta property=\"og:title\" content=\"K\u00ednai k\u00fcl\u00fcgyminiszt\u00e9rium: K\u00edna egy\u00fcttm\u0171k\u00f6d\u00e9st folytat a csendes-\u00f3ce\u00e1ni szigetorsz\u00e1gokkal, nem pedig geopolitikai j\u00e1tszm\u00e1kat - kinaikaleidoszkop.hu\" \/>\n<meta property=\"og:description\" content=\"Qian Bo, a k\u00ednai korm\u00e1ny csendes-\u00f3ce\u00e1ni szigetorsz\u00e1gokkal foglalkoz\u00f3 k\u00fcl\u00f6nmegb\u00edzottja szeptember 1-j\u00e9n r\u00e9szt vett a palaui Kororban megrendezett 55. Csendes-\u00f3ce\u00e1ni Szigetorsz\u00e1gok F\u00f3ruma tag\u00e1llamainak vezet\u0151i \u00e9s p\u00e1rbesz\u00e9dpartnerei k\u00f6z\u00f6tti p\u00e1rbesz\u00e9den, \u00e9s fel is sz\u00f3lalt. Kijelentette, hogy a k\u00e9t f\u00e9l vezet\u0151inek strat\u00e9giai ir\u00e1nymutat\u00e1sa alatt a K\u00edna \u00e9s a csendes-\u00f3ce\u00e1ni szigetorsz\u00e1gok k\u00f6z\u00f6tti sorsk\u00f6z\u00f6ss\u00e9g \u00e9p\u00edt\u00e9se folyamatosan \u00faj eredm\u00e9nyeket \u00e9r el. Qian [&hellip;]\" \/>\n<meta property=\"og:url\" content=\"https:\/\/kinaikaleidoszkop.hu\/index.php\/2026\/09\/04\/kinai-kulugyminiszterium-kina-egyuttmukodest-folytat-a-csendes-oceani-szigetorszagokkal-nem-pedig-geopolitikai-jatszmakat\/\" \/>\n<meta property=\"og:site_name\" content=\"kinaikaleidoszkop.hu\" \/>\n<meta property=\"article:published_time\" content=\"2026-09-04T12:31:46+00:00\" \/>\n<meta property=\"og:image\" content=\"https:\/\/kinaikaleidoszkop.hu\/wp-content\/uploads\/2026\/09\/Kina-egyuttmukodest-folytat-a-csendes-oceani-szigetorszagokkal-nem-pedig-geopolitikai-jatszmakat.jpg\" \/>\n\t<meta property=\"og:image:width\" content=\"800\" \/>\n\t<meta property=\"og:image:height\" content=\"600\" \/>\n\t<meta property=\"og:image:type\" content=\"image\/jpeg\" \/>\n<meta name=\"author\" content=\"Szerk_Erik\" \/>\n<meta name=\"twitter:card\" content=\"summary_large_image\" \/>\n<meta name=\"twitter:label1\" content=\"Szerz\u0151:\" \/>\n\t<meta name=\"twitter:data1\" content=\"PestCentrum\" \/>\n\t<meta name=\"twitter:label2\" content=\"Becs\u00fclt olvas\u00e1si id\u0151\" \/>\n\t<meta name=\"twitter:data2\" content=\"3 perc\" \/>\n<script type=\"application\/ld+json\" class=\"yoast-schema-graph\">{\"@context\":\"https:\/\/schema.org\",\"@graph\":[{\"@type\":\"WebPage\",\"@id\":\"https:\/\/kinaikaleidoszkop.hu\/index.php\/2026\/09\/04\/kinai-kulugyminiszterium-kina-egyuttmukodest-folytat-a-csendes-oceani-szigetorszagokkal-nem-pedig-geopolitikai-jatszmakat\/\",\"url\":\"https:\/\/kinaikaleidoszkop.hu\/index.php\/2026\/09\/04\/kinai-kulugyminiszterium-kina-egyuttmukodest-folytat-a-csendes-oceani-szigetorszagokkal-nem-pedig-geopolitikai-jatszmakat\/\",\"name\":\"K\u00ednai k\u00fcl\u00fcgyminiszt\u00e9rium: K\u00edna egy\u00fcttm\u0171k\u00f6d\u00e9st folytat a csendes-\u00f3ce\u00e1ni szigetorsz\u00e1gokkal, nem pedig geopolitikai j\u00e1tszm\u00e1kat - kinaikaleidoszkop.hu\",\"isPartOf\":{\"@id\":\"https:\/\/kinaikaleidoszkop.hu\/#website\"},\"primaryImageOfPage\":{\"@id\":\"https:\/\/kinaikaleidoszkop.hu\/index.php\/2026\/09\/04\/kinai-kulugyminiszterium-kina-egyuttmukodest-folytat-a-csendes-oceani-szigetorszagokkal-nem-pedig-geopolitikai-jatszmakat\/#primaryimage\"},\"image\":{\"@id\":\"https:\/\/kinaikaleidoszkop.hu\/index.php\/2026\/09\/04\/kinai-kulugyminiszterium-kina-egyuttmukodest-folytat-a-csendes-oceani-szigetorszagokkal-nem-pedig-geopolitikai-jatszmakat\/#primaryimage\"},\"thumbnailUrl\":\"https:\/\/kinaikaleidoszkop.hu\/wp-content\/uploads\/2026\/09\/Kina-egyuttmukodest-folytat-a-csendes-oceani-szigetorszagokkal-nem-pedig-geopolitikai-jatszmakat.jpg\",\"datePublished\":\"2026-09-04T12:31:46+00:00\",\"dateModified\":\"2026-09-04T12:31:46+00:00\",\"author\":{\"@id\":\"https:\/\/kinaikaleidoszkop.hu\/#\/schema\/person\/4d69b71e7e70322713b9d9287b610556\"},\"breadcrumb\":{\"@id\":\"https:\/\/kinaikaleidoszkop.hu\/index.php\/2026\/09\/04\/kinai-kulugyminiszterium-kina-egyuttmukodest-folytat-a-csendes-oceani-szigetorszagokkal-nem-pedig-geopolitikai-jatszmakat\/#breadcrumb\"},\"inLanguage\":\"hu\",\"potentialAction\":[{\"@type\":\"ReadAction\",\"target\":[\"https:\/\/kinaikaleidoszkop.hu\/index.php\/2026\/09\/04\/kinai-kulugyminiszterium-kina-egyuttmukodest-folytat-a-csendes-oceani-szigetorszagokkal-nem-pedig-geopolitikai-jatszmakat\/\"]}]},{\"@type\":\"ImageObject\",\"inLanguage\":\"hu\",\"@id\":\"https:\/\/kinaikaleidoszkop.hu\/index.php\/2026\/09\/04\/kinai-kulugyminiszterium-kina-egyuttmukodest-folytat-a-csendes-oceani-szigetorszagokkal-nem-pedig-geopolitikai-jatszmakat\/#primaryimage\",\"url\":\"https:\/\/kinaikaleidoszkop.hu\/wp-content\/uploads\/2026\/09\/Kina-egyuttmukodest-folytat-a-csendes-oceani-szigetorszagokkal-nem-pedig-geopolitikai-jatszmakat.jpg\",\"contentUrl\":\"https:\/\/kinaikaleidoszkop.hu\/wp-content\/uploads\/2026\/09\/Kina-egyuttmukodest-folytat-a-csendes-oceani-szigetorszagokkal-nem-pedig-geopolitikai-jatszmakat.jpg\",\"width\":800,\"height\":600},{\"@type\":\"BreadcrumbList\",\"@id\":\"https:\/\/kinaikaleidoszkop.hu\/index.php\/2026\/09\/04\/kinai-kulugyminiszterium-kina-egyuttmukodest-folytat-a-csendes-oceani-szigetorszagokkal-nem-pedig-geopolitikai-jatszmakat\/#breadcrumb\",\"itemListElement\":[{\"@type\":\"ListItem\",\"position\":1,\"name\":\"Kezd\u0151lap\",\"item\":\"https:\/\/kinaikaleidoszkop.hu\/\"},{\"@type\":\"ListItem\",\"position\":2,\"name\":\"K\u00ednai k\u00fcl\u00fcgyminiszt\u00e9rium: K\u00edna egy\u00fcttm\u0171k\u00f6d\u00e9st folytat a csendes-\u00f3ce\u00e1ni szigetorsz\u00e1gokkal, nem pedig geopolitikai j\u00e1tszm\u00e1kat\"}]},{\"@type\":\"WebSite\",\"@id\":\"https:\/\/kinaikaleidoszkop.hu\/#website\",\"url\":\"https:\/\/kinaikaleidoszkop.hu\/\",\"name\":\"kinaikaleidoszkop.hu\",\"description\":\"\",\"potentialAction\":[{\"@type\":\"SearchAction\",\"target\":{\"@type\":\"EntryPoint\",\"urlTemplate\":\"https:\/\/kinaikaleidoszkop.hu\/?s={search_term_string}\"},\"query-input\":{\"@type\":\"PropertyValueSpecification\",\"valueRequired\":true,\"valueName\":\"search_term_string\"}}],\"inLanguage\":\"hu\"},{\"@type\":\"Person\",\"@id\":\"https:\/\/kinaikaleidoszkop.hu\/#\/schema\/person\/4d69b71e7e70322713b9d9287b610556\",\"name\":\"Szerk_Erik\",\"image\":{\"@type\":\"ImageObject\",\"inLanguage\":\"hu\",\"@id\":\"https:\/\/kinaikaleidoszkop.hu\/#\/schema\/person\/image\/\",\"url\":\"https:\/\/secure.gravatar.com\/avatar\/3c1e909a14c0c91d2eaef877aaacb584c667f8e7137de69653aa9561fd0e8062?s=96&d=mm&r=g\",\"contentUrl\":\"https:\/\/secure.gravatar.com\/avatar\/3c1e909a14c0c91d2eaef877aaacb584c667f8e7137de69653aa9561fd0e8062?s=96&d=mm&r=g\",\"caption\":\"Szerk_Erik\"},\"url\":\"https:\/\/pestcentrum.hu\"}]}<\/script>\n<!-- \/ Yoast SEO plugin. -->","yoast_head_json":{"title":"K\u00ednai k\u00fcl\u00fcgyminiszt\u00e9rium: K\u00edna egy\u00fcttm\u0171k\u00f6d\u00e9st folytat a csendes-\u00f3ce\u00e1ni szigetorsz\u00e1gokkal, nem pedig geopolitikai j\u00e1tszm\u00e1kat - kinaikaleidoszkop.hu","robots":{"index":"index","follow":"follow","max-snippet":"max-snippet:-1","max-image-preview":"max-image-preview:large","max-video-preview":"max-video-preview:-1"},"canonical":"https:\/\/pestcentrum.hu\/2026\/09\/04\/kinai-kulugyminiszterium-kina-egyuttmukodest-folytat-a-csendes-oceani-szigetorszagokkal-nem-pedig-geopolitikai-jatszmakat\/","og_locale":"hu_HU","og_type":"article","og_title":"K\u00ednai k\u00fcl\u00fcgyminiszt\u00e9rium: K\u00edna egy\u00fcttm\u0171k\u00f6d\u00e9st folytat a csendes-\u00f3ce\u00e1ni szigetorsz\u00e1gokkal, nem pedig geopolitikai j\u00e1tszm\u00e1kat - kinaikaleidoszkop.hu","og_description":"Qian Bo, a k\u00ednai korm\u00e1ny csendes-\u00f3ce\u00e1ni szigetorsz\u00e1gokkal foglalkoz\u00f3 k\u00fcl\u00f6nmegb\u00edzottja szeptember 1-j\u00e9n r\u00e9szt vett a palaui Kororban megrendezett 55. Csendes-\u00f3ce\u00e1ni Szigetorsz\u00e1gok F\u00f3ruma tag\u00e1llamainak vezet\u0151i \u00e9s p\u00e1rbesz\u00e9dpartnerei k\u00f6z\u00f6tti p\u00e1rbesz\u00e9den, \u00e9s fel is sz\u00f3lalt. Kijelentette, hogy a k\u00e9t f\u00e9l vezet\u0151inek strat\u00e9giai ir\u00e1nymutat\u00e1sa alatt a K\u00edna \u00e9s a csendes-\u00f3ce\u00e1ni szigetorsz\u00e1gok k\u00f6z\u00f6tti sorsk\u00f6z\u00f6ss\u00e9g \u00e9p\u00edt\u00e9se folyamatosan \u00faj eredm\u00e9nyeket \u00e9r el. Qian [&hellip;]","og_url":"https:\/\/kinaikaleidoszkop.hu\/index.php\/2026\/09\/04\/kinai-kulugyminiszterium-kina-egyuttmukodest-folytat-a-csendes-oceani-szigetorszagokkal-nem-pedig-geopolitikai-jatszmakat\/","og_site_name":"kinaikaleidoszkop.hu","article_published_time":"2026-09-04T12:31:46+00:00","og_image":[{"width":800,"height":600,"url":"https:\/\/kinaikaleidoszkop.hu\/wp-content\/uploads\/2026\/09\/Kina-egyuttmukodest-folytat-a-csendes-oceani-szigetorszagokkal-nem-pedig-geopolitikai-jatszmakat.jpg","type":"image\/jpeg"}],"author":"Szerk_Erik","twitter_card":"summary_large_image","twitter_misc":{"Szerz\u0151:":"PestCentrum","Becs\u00fclt olvas\u00e1si id\u0151":"3 perc"},"schema":{"@context":"https:\/\/schema.org","@graph":[{"@type":"WebPage","@id":"https:\/\/kinaikaleidoszkop.hu\/index.php\/2026\/09\/04\/kinai-kulugyminiszterium-kina-egyuttmukodest-folytat-a-csendes-oceani-szigetorszagokkal-nem-pedig-geopolitikai-jatszmakat\/","url":"https:\/\/kinaikaleidoszkop.hu\/index.php\/2026\/09\/04\/kinai-kulugyminiszterium-kina-egyuttmukodest-folytat-a-csendes-oceani-szigetorszagokkal-nem-pedig-geopolitikai-jatszmakat\/","name":"K\u00ednai k\u00fcl\u00fcgyminiszt\u00e9rium: K\u00edna egy\u00fcttm\u0171k\u00f6d\u00e9st folytat a csendes-\u00f3ce\u00e1ni szigetorsz\u00e1gokkal, nem pedig geopolitikai j\u00e1tszm\u00e1kat - kinaikaleidoszkop.hu","isPartOf":{"@id":"https:\/\/kinaikaleidoszkop.hu\/#website"},"primaryImageOfPage":{"@id":"https:\/\/kinaikaleidoszkop.hu\/index.php\/2026\/09\/04\/kinai-kulugyminiszterium-kina-egyuttmukodest-folytat-a-csendes-oceani-szigetorszagokkal-nem-pedig-geopolitikai-jatszmakat\/#primaryimage"},"image":{"@id":"https:\/\/kinaikaleidoszkop.hu\/index.php\/2026\/09\/04\/kinai-kulugyminiszterium-kina-egyuttmukodest-folytat-a-csendes-oceani-szigetorszagokkal-nem-pedig-geopolitikai-jatszmakat\/#primaryimage"},"thumbnailUrl":"https:\/\/kinaikaleidoszkop.hu\/wp-content\/uploads\/2026\/09\/Kina-egyuttmukodest-folytat-a-csendes-oceani-szigetorszagokkal-nem-pedig-geopolitikai-jatszmakat.jpg","datePublished":"2026-09-04T12:31:46+00:00","dateModified":"2026-09-04T12:31:46+00:00","author":{"@id":"https:\/\/kinaikaleidoszkop.hu\/#\/schema\/person\/4d69b71e7e70322713b9d9287b610556"},"breadcrumb":{"@id":"https:\/\/kinaikaleidoszkop.hu\/index.php\/2026\/09\/04\/kinai-kulugyminiszterium-kina-egyuttmukodest-folytat-a-csendes-oceani-szigetorszagokkal-nem-pedig-geopolitikai-jatszmakat\/#breadcrumb"},"inLanguage":"hu","potentialAction":[{"@type":"ReadAction","target":["https:\/\/kinaikaleidoszkop.hu\/index.php\/2026\/09\/04\/kinai-kulugyminiszterium-kina-egyuttmukodest-folytat-a-csendes-oceani-szigetorszagokkal-nem-pedig-geopolitikai-jatszmakat\/"]}]},{"@type":"ImageObject","inLanguage":"hu","@id":"https:\/\/kinaikaleidoszkop.hu\/index.php\/2026\/09\/04\/kinai-kulugyminiszterium-kina-egyuttmukodest-folytat-a-csendes-oceani-szigetorszagokkal-nem-pedig-geopolitikai-jatszmakat\/#primaryimage","url":"https:\/\/kinaikaleidoszkop.hu\/wp-content\/uploads\/2026\/09\/Kina-egyuttmukodest-folytat-a-csendes-oceani-szigetorszagokkal-nem-pedig-geopolitikai-jatszmakat.jpg","contentUrl":"https:\/\/kinaikaleidoszkop.hu\/wp-content\/uploads\/2026\/09\/Kina-egyuttmukodest-folytat-a-csendes-oceani-szigetorszagokkal-nem-pedig-geopolitikai-jatszmakat.jpg","width":800,"height":600},{"@type":"BreadcrumbList","@id":"https:\/\/kinaikaleidoszkop.hu\/index.php\/2026\/09\/04\/kinai-kulugyminiszterium-kina-egyuttmukodest-folytat-a-csendes-oceani-szigetorszagokkal-nem-pedig-geopolitikai-jatszmakat\/#breadcrumb","itemListElement":[{"@type":"ListItem","position":1,"name":"Kezd\u0151lap","item":"https:\/\/kinaikaleidoszkop.hu\/"},{"@type":"ListItem","position":2,"name":"K\u00ednai k\u00fcl\u00fcgyminiszt\u00e9rium: K\u00edna egy\u00fcttm\u0171k\u00f6d\u00e9st folytat a csendes-\u00f3ce\u00e1ni szigetorsz\u00e1gokkal, nem pedig geopolitikai j\u00e1tszm\u00e1kat"}]},{"@type":"WebSite","@id":"https:\/\/kinaikaleidoszkop.hu\/#website","url":"https:\/\/kinaikaleidoszkop.hu\/","name":"kinaikaleidoszkop.hu","description":"","potentialAction":[{"@type":"SearchAction","target":{"@type":"EntryPoint","urlTemplate":"https:\/\/kinaikaleidoszkop.hu\/?s={search_term_string}"},"query-input":{"@type":"PropertyValueSpecification","valueRequired":true,"valueName":"search_term_string"}}],"inLanguage":"hu"},{"@type":"Person","@id":"https:\/\/kinaikaleidoszkop.hu\/#\/schema\/person\/4d69b71e7e70322713b9d9287b610556","name":"Szerk_Erik","image":{"@type":"ImageObject","inLanguage":"hu","@id":"https:\/\/kinaikaleidoszkop.hu\/#\/schema\/person\/image\/","url":"https:\/\/secure.gravatar.com\/avatar\/3c1e909a14c0c91d2eaef877aaacb584c667f8e7137de69653aa9561fd0e8062?s=96&d=mm&r=g","contentUrl":"https:\/\/secure.gravatar.com\/avatar\/3c1e909a14c0c91d2eaef877aaacb584c667f8e7137de69653aa9561fd0e8062?s=96&d=mm&r=g","caption":"Szerk_Erik"},"url":"https:\/\/pestcentrum.hu"}]}},"views":3,"distributor_meta":false,"distributor_terms":false,"distributor_media":false,"distributor_original_site_name":"PestCentrum","distributor_original_site_url":"https:\/\/pestcentrum.hu","push-errors":false,"_links":{"self":[{"href":"https:\/\/kinaikaleidoszkop.hu\/index.php\/wp-json\/wp\/v2\/posts\/29961","targetHints":{"allow":["GET"]}}],"collection":[{"href":"https:\/\/kinaikaleidoszkop.hu\/index.php\/wp-json\/wp\/v2\/posts"}],"about":[{"href":"https:\/\/kinaikaleidoszkop.hu\/index.php\/wp-json\/wp\/v2\/types\/post"}],"author":[{"embeddable":true,"href":"https:\/\/kinaikaleidoszkop.hu\/index.php\/wp-json\/wp\/v2\/users\/7"}],"replies":[{"embeddable":true,"href":"https:\/\/kinaikaleidoszkop.hu\/index.php\/wp-json\/wp\/v2\/comments?post=29961"}],"version-history":[{"count":0,"href":"https:\/\/kinaikaleidoszkop.hu\/index.php\/wp-json\/wp\/v2\/posts\/29961\/revisions"}],"wp:featuredmedia":[{"embeddable":true,"href":"https:\/\/kinaikaleidoszkop.hu\/index.php\/wp-json\/wp\/v2\/media\/29962"}],"wp:attachment":[{"href":"https:\/\/kinaikaleidoszkop.hu\/index.php\/wp-json\/wp\/v2\/media?parent=29961"}],"wp:term":[{"taxonomy":"category","embeddable":true,"href":"https:\/\/kinaikaleidoszkop.hu\/index.php\/wp-json\/wp\/v2\/categories?post=29961"},{"taxonomy":"post_tag","embeddable":true,"href":"https:\/\/kinaikaleidoszkop.hu\/index.php\/wp-json\/wp\/v2\/tags?post=29961"}],"curies":[{"name":"wp","href":"https:\/\/api.w.org\/{rel}","templated":true}]}}