{"id":29965,"date":"2026-09-05T21:36:15","date_gmt":"2026-09-05T19:36:15","guid":{"rendered":"https:\/\/kinaikaleidoszkop.hu\/index.php\/2026\/09\/05\/ding-xuexiang-vlagyivosztokban-el-kell-melyiteni-a-kelet-kinai-regio-ujjaeledesenek-es-a-tavol-kelet-fejlesztesenek-strategiai-osszehangolasat\/"},"modified":"2026-09-05T21:36:15","modified_gmt":"2026-09-05T19:36:15","slug":"ding-xuexiang-vlagyivosztokban-el-kell-melyiteni-a-kelet-kinai-regio-ujjaeledesenek-es-a-tavol-kelet-fejlesztesenek-strategiai-osszehangolasat","status":"publish","type":"post","link":"https:\/\/kinaikaleidoszkop.hu\/index.php\/2026\/09\/05\/ding-xuexiang-vlagyivosztokban-el-kell-melyiteni-a-kelet-kinai-regio-ujjaeledesenek-es-a-tavol-kelet-fejlesztesenek-strategiai-osszehangolasat\/","title":{"rendered":"Ding Xuexiang Vlagyivosztokban: El kell m\u00e9ly\u00edteni a kelet-k\u00ednai r\u00e9gi\u00f3 \u00fajj\u00e1\u00e9led\u00e9s\u00e9nek \u00e9s a T\u00e1vol-Kelet fejleszt\u00e9s\u00e9nek strat\u00e9giai \u00f6sszehangol\u00e1s\u00e1t"},"content":{"rendered":"\n<p class=\"wp-block-paragraph\"><strong>Ding Xuexiang, a k\u00ednai \u00c1llamtan\u00e1cs aleln\u00f6ke szeptember 3-\u00e1n Vlagyivosztokban r\u00e9szt vett a 11. Keleti Gazdas\u00e1gi F\u00f3rum plen\u00e1ris \u00fcl\u00e9s\u00e9n \u00e9s besz\u00e9det mondott.<\/strong><\/p>\n\n\n\n<figure class=\"wp-block-image size-full\"><img decoding=\"async\" src=\"https:\/\/pestcentrum.hu\/wp-content\/uploads\/2026\/09\/El-kell-melyiteni-a-kelet-kinai-regio-ujjaeledesenek-es-a-Tavol-Kelet-fejlesztesenek-strategiai-osszehangolasat.jpeg\" alt=\"\" class=\"wp-image-53727\"\/><\/figure>\n\n\n\n<p class=\"wp-block-paragraph\">Ding Xuexiang eml\u00e9keztetett, hogy Hszi Csin-ping k\u00ednai \u00e1llameln\u00f6k Vlagyimir Putyin orosz eln\u00f6k megh\u00edv\u00e1s\u00e1ra k\u00e9t alkalommal is r\u00e9szt vett a Keleti Gazdas\u00e1gi F\u00f3rumon, ahol kifejtette K\u00edna \u00e1ll\u00e1spontj\u00e1t az \u00e9szakkelet-\u00e1zsiai region\u00e1lis egy\u00fcttm\u0171k\u00f6d\u00e9sr\u0151l, ami sz\u00e9les k\u00f6r\u0171 visszhangot v\u00e1ltott ki a nemzetk\u00f6zi k\u00f6z\u00f6ss\u00e9gben. \u201eA k\u00e9t orsz\u00e1g \u00e1llamf\u0151j\u00e9nek strat\u00e9giai ir\u00e1nymutat\u00e1sa mellett a k\u00ednai\u2013orosz ++\u00c9szakkelet\u2013T\u00e1vol-Kelet++ \u00e9s egy\u00e9b region\u00e1lis egy\u00fcttm\u0171k\u00f6d\u00e9sek gazdag eredm\u00e9nyeket hoztak\u201d \u2013 \u00e1llap\u00edtotta meg Ding.<\/p>\n\n\n\n<p class=\"wp-block-paragraph\">A k\u00ednai minisztereln\u00f6k els\u0151 helyettese r\u00e1mutatott, hogy Hszi Csin-ping k\u00ednai \u00e1llameln\u00f6k \u00e9s Vlagyimir Putyin orosz eln\u00f6k az \u00e9v folyam\u00e1n t\u00f6bb alkalommal is tal\u00e1lkozott \u00e9s strat\u00e9giai ir\u00e1nymutat\u00e1st ny\u00fajtott a k\u00ednai\u2013orosz \u00faj korszakbeli \u00e1tfog\u00f3 strat\u00e9giai egy\u00fcttm\u0171k\u00f6d\u00e9si partners\u00e9g \u00e9s a k\u00e9t f\u00e9l k\u00f6z\u00f6tti minden ter\u00fcletet \u00e1tfog\u00f3 egy\u00fcttm\u0171k\u00f6d\u00e9s elm\u00e9ly\u00edt\u00e9s\u00e9hez. \u201eK\u00edna k\u00e9sz az orosz f\u00e9llel k\u00f6z\u00f6sen teljes m\u00e9rt\u00e9kben v\u00e9grehajtani a k\u00e9t \u00e1llamf\u0151 fontos konszenzus\u00e1t, \u00e9s el\u0151mozd\u00edtani a region\u00e1lis egy\u00fcttm\u0171k\u00f6d\u00e9s m\u00e9lyebb \u00e9s magasabb szintre l\u00e9p\u00e9s\u00e9t\u201d \u2013 sz\u00f6gezte le a k\u00ednai vezet\u0151.<\/p>\n\n\n\n<p class=\"wp-block-paragraph\">Ding Xuexiang n\u00e9gy javaslatot tett. El\u0151sz\u00f6r is el\u0151 kell mozd\u00edtani az inkluz\u00edv \u00e9s mindenki sz\u00e1m\u00e1ra el\u00e9rhet\u0151 fejl\u0151d\u00e9st, el kell m\u00e9ly\u00edteni a kelet-k\u00ednai r\u00e9gi\u00f3 \u00fajj\u00e1\u00e9led\u00e9s\u00e9nek \u00e9s a T\u00e1vol-Kelet fejleszt\u00e9s\u00e9nek strat\u00e9giai \u00f6sszehangol\u00e1s\u00e1t, figyelembe kell venni a lakoss\u00e1g sz\u00fcks\u00e9gleteit, ki kell dolgozni a t\u00e9rs\u00e9g jellegzetes ipar\u00e1gainak fejleszt\u00e9s\u00e9t, hogy az emberek m\u00e9g jobban r\u00e9szes\u00fclhessen a fejl\u0151d\u00e9s eredm\u00e9nyeib\u0151l. M\u00e1sodszor, kedvez\u0151 \u00fczleti k\u00f6rnyezetet kell teremteni, hat\u00e9konyan v\u00e9gre kell hajtani az \u00faj \u201eK\u00edna\u2013Oroszorsz\u00e1g befektet\u00e9si egy\u00fcttm\u0171k\u00f6d\u00e9si terv v\u00e1zlat\u00e1t\u201d \u00e9s a tov\u00e1bbfejlesztett \u201eK\u00edna\u2013Oroszorsz\u00e1g befektet\u00e9sek el\u0151mozd\u00edt\u00e1s\u00e1r\u00f3l \u00e9s k\u00f6lcs\u00f6n\u00f6s v\u00e9delm\u00e9r\u0151l sz\u00f3l\u00f3 meg\u00e1llapod\u00e1st\u201d, hogy kedvez\u0151 felt\u00e9teleket teremtsenek a v\u00e1llalkoz\u00e1sok fejl\u0151d\u00e9s\u00e9hez. Harmadszor, fontos a bar\u00e1ti kapcsolatok er\u0151s\u00edt\u00e9se, a kult\u00fara, az idegenforgalom, az oktat\u00e1s \u00e9s az ifj\u00fas\u00e1g ter\u00fclet\u00e9n folytatott csereprogramok \u00e9s egy\u00fcttm\u0171k\u00f6d\u00e9s elm\u00e9ly\u00edt\u00e9se, valamint a n\u00e9pek k\u00f6z\u00f6tti sz\u00edvek k\u00f6z\u00f6tti kapcsolatok alapjainak megszil\u00e1rd\u00edt\u00e1sa. Negyedszer, k\u00f6z\u00f6s c\u00e9l kell hogy legyen a r\u00e9gi\u00f3 b\u00e9k\u00e9j\u00e9nek \u00e9s stabilit\u00e1s\u00e1nak fenntart\u00e1sa, az ENSZ Alapokm\u00e1ny c\u00e9ljainak \u00e9s a nemzetk\u00f6zi igazs\u00e1goss\u00e1gnak a k\u00f6z\u00f6s v\u00e9delme, a m\u00e1sodik vil\u00e1gh\u00e1bor\u00fas gy\u0151zelem eredm\u00e9nyeit \u00e9s a h\u00e1bor\u00fa ut\u00e1ni nemzetk\u00f6zi rendet fenyeget\u0151 cselekm\u00e9nyek megakad\u00e1lyoz\u00e1sa, valamint a r\u00e9gi\u00f3 harmonikus \u00e9s b\u00e9k\u00e9s, k\u00f6z\u00f6s otthonn\u00e1 alak\u00edt\u00e1sa k\u00f6z\u00f6s er\u0151fesz\u00edt\u00e9sekkel.<\/p>\n\n\n\n<p class=\"wp-block-paragraph\">A besz\u00e9det k\u00f6vet\u0151 interakt\u00edv r\u00e9szben Ding Xuexiang v\u00e1laszolt a plen\u00e1ris \u00fcl\u00e9s moder\u00e1tor\u00e1nak k\u00e9rd\u00e9seire az APEC \u201eK\u00edna-\u00e9v\u00e9r\u0151l\u201d \u00e9s a mesters\u00e9ges intelligencia glob\u00e1lis szab\u00e1lyoz\u00e1s\u00e1r\u00f3l.<\/p>\n\n\n\n<p class=\"wp-block-paragraph\"><strong><em>(China Media Group)<\/em><\/strong><\/p>\n\n\n\n<p class=\"wp-block-paragraph\"><strong>2026. szeptember 5.<\/strong><\/p>\n\n\n\n<p class=\"wp-block-paragraph\"><strong><em>(x)<\/em><\/strong><\/p>\n","protected":false},"excerpt":{"rendered":"<p>Ding Xuexiang, a k\u00ednai \u00c1llamtan\u00e1cs aleln\u00f6ke szeptember 3-\u00e1n Vlagyivosztokban r\u00e9szt vett a 11. Keleti Gazdas\u00e1gi F\u00f3rum plen\u00e1ris \u00fcl\u00e9s\u00e9n \u00e9s besz\u00e9det mondott. Ding Xuexiang eml\u00e9keztetett, hogy Hszi Csin-ping k\u00ednai \u00e1llameln\u00f6k Vlagyimir Putyin orosz eln\u00f6k megh\u00edv\u00e1s\u00e1ra k\u00e9t alkalommal is r\u00e9szt vett a Keleti Gazdas\u00e1gi F\u00f3rumon, ahol kifejtette K\u00edna \u00e1ll\u00e1spontj\u00e1t az \u00e9szakkelet-\u00e1zsiai region\u00e1lis egy\u00fcttm\u0171k\u00f6d\u00e9sr\u0151l, ami sz\u00e9les k\u00f6r\u0171 visszhangot [&hellip;]<\/p>\n","protected":false},"author":7,"featured_media":29966,"comment_status":"","ping_status":"","sticky":false,"template":"","format":"standard","meta":{"footnotes":""},"categories":[4797],"tags":[2860,398,3696,2074,3207,4733],"class_list":["post-29965","post","type-post","status-publish","format-standard","has-post-thumbnail","hentry","category-egyeb-hirek","tag-ding-xuexiang","tag-kapcsolat","tag-kina","tag-kooperacio","tag-strategia","tag-tervezes"],"yoast_head":"<!-- This site is optimized with the Yoast SEO plugin v23.7 - https:\/\/yoast.com\/wordpress\/plugins\/seo\/ -->\n<title>Ding Xuexiang Vlagyivosztokban: El kell m\u00e9ly\u00edteni a kelet-k\u00ednai r\u00e9gi\u00f3 \u00fajj\u00e1\u00e9led\u00e9s\u00e9nek \u00e9s a T\u00e1vol-Kelet fejleszt\u00e9s\u00e9nek strat\u00e9giai \u00f6sszehangol\u00e1s\u00e1t - kinaikaleidoszkop.hu<\/title>\n<meta name=\"robots\" content=\"index, follow, max-snippet:-1, max-image-preview:large, max-video-preview:-1\" \/>\n<link rel=\"canonical\" href=\"https:\/\/pestcentrum.hu\/2026\/09\/05\/ding-xuexiang-vlagyivosztokban-el-kell-melyiteni-a-kelet-kinai-regio-ujjaeledesenek-es-a-tavol-kelet-fejlesztesenek-strategiai-osszehangolasat\/\" \/>\n<meta property=\"og:locale\" content=\"hu_HU\" \/>\n<meta property=\"og:type\" content=\"article\" \/>\n<meta property=\"og:title\" content=\"Ding Xuexiang Vlagyivosztokban: El kell m\u00e9ly\u00edteni a kelet-k\u00ednai r\u00e9gi\u00f3 \u00fajj\u00e1\u00e9led\u00e9s\u00e9nek \u00e9s a T\u00e1vol-Kelet fejleszt\u00e9s\u00e9nek strat\u00e9giai \u00f6sszehangol\u00e1s\u00e1t - kinaikaleidoszkop.hu\" \/>\n<meta property=\"og:description\" content=\"Ding Xuexiang, a k\u00ednai \u00c1llamtan\u00e1cs aleln\u00f6ke szeptember 3-\u00e1n Vlagyivosztokban r\u00e9szt vett a 11. Keleti Gazdas\u00e1gi F\u00f3rum plen\u00e1ris \u00fcl\u00e9s\u00e9n \u00e9s besz\u00e9det mondott. Ding Xuexiang eml\u00e9keztetett, hogy Hszi Csin-ping k\u00ednai \u00e1llameln\u00f6k Vlagyimir Putyin orosz eln\u00f6k megh\u00edv\u00e1s\u00e1ra k\u00e9t alkalommal is r\u00e9szt vett a Keleti Gazdas\u00e1gi F\u00f3rumon, ahol kifejtette K\u00edna \u00e1ll\u00e1spontj\u00e1t az \u00e9szakkelet-\u00e1zsiai region\u00e1lis egy\u00fcttm\u0171k\u00f6d\u00e9sr\u0151l, ami sz\u00e9les k\u00f6r\u0171 visszhangot [&hellip;]\" \/>\n<meta property=\"og:url\" content=\"https:\/\/kinaikaleidoszkop.hu\/index.php\/2026\/09\/05\/ding-xuexiang-vlagyivosztokban-el-kell-melyiteni-a-kelet-kinai-regio-ujjaeledesenek-es-a-tavol-kelet-fejlesztesenek-strategiai-osszehangolasat\/\" \/>\n<meta property=\"og:site_name\" content=\"kinaikaleidoszkop.hu\" \/>\n<meta property=\"article:published_time\" content=\"2026-09-05T19:36:15+00:00\" \/>\n<meta property=\"og:image\" content=\"https:\/\/kinaikaleidoszkop.hu\/wp-content\/uploads\/2026\/09\/El-kell-melyiteni-a-kelet-kinai-regio-ujjaeledesenek-es-a-Tavol-Kelet-fejlesztesenek-strategiai-osszehangolasat.jpeg\" \/>\n\t<meta property=\"og:image:width\" content=\"900\" \/>\n\t<meta property=\"og:image:height\" content=\"673\" \/>\n\t<meta property=\"og:image:type\" content=\"image\/jpeg\" \/>\n<meta name=\"author\" content=\"Szerk_Erik\" \/>\n<meta name=\"twitter:card\" content=\"summary_large_image\" \/>\n<meta name=\"twitter:label1\" content=\"Szerz\u0151:\" \/>\n\t<meta name=\"twitter:data1\" content=\"PestCentrum\" \/>\n\t<meta name=\"twitter:label2\" content=\"Becs\u00fclt olvas\u00e1si id\u0151\" \/>\n\t<meta name=\"twitter:data2\" content=\"3 perc\" \/>\n<script type=\"application\/ld+json\" class=\"yoast-schema-graph\">{\"@context\":\"https:\/\/schema.org\",\"@graph\":[{\"@type\":\"WebPage\",\"@id\":\"https:\/\/kinaikaleidoszkop.hu\/index.php\/2026\/09\/05\/ding-xuexiang-vlagyivosztokban-el-kell-melyiteni-a-kelet-kinai-regio-ujjaeledesenek-es-a-tavol-kelet-fejlesztesenek-strategiai-osszehangolasat\/\",\"url\":\"https:\/\/kinaikaleidoszkop.hu\/index.php\/2026\/09\/05\/ding-xuexiang-vlagyivosztokban-el-kell-melyiteni-a-kelet-kinai-regio-ujjaeledesenek-es-a-tavol-kelet-fejlesztesenek-strategiai-osszehangolasat\/\",\"name\":\"Ding Xuexiang Vlagyivosztokban: El kell m\u00e9ly\u00edteni a kelet-k\u00ednai r\u00e9gi\u00f3 \u00fajj\u00e1\u00e9led\u00e9s\u00e9nek \u00e9s a T\u00e1vol-Kelet fejleszt\u00e9s\u00e9nek strat\u00e9giai \u00f6sszehangol\u00e1s\u00e1t - kinaikaleidoszkop.hu\",\"isPartOf\":{\"@id\":\"https:\/\/kinaikaleidoszkop.hu\/#website\"},\"primaryImageOfPage\":{\"@id\":\"https:\/\/kinaikaleidoszkop.hu\/index.php\/2026\/09\/05\/ding-xuexiang-vlagyivosztokban-el-kell-melyiteni-a-kelet-kinai-regio-ujjaeledesenek-es-a-tavol-kelet-fejlesztesenek-strategiai-osszehangolasat\/#primaryimage\"},\"image\":{\"@id\":\"https:\/\/kinaikaleidoszkop.hu\/index.php\/2026\/09\/05\/ding-xuexiang-vlagyivosztokban-el-kell-melyiteni-a-kelet-kinai-regio-ujjaeledesenek-es-a-tavol-kelet-fejlesztesenek-strategiai-osszehangolasat\/#primaryimage\"},\"thumbnailUrl\":\"https:\/\/kinaikaleidoszkop.hu\/wp-content\/uploads\/2026\/09\/El-kell-melyiteni-a-kelet-kinai-regio-ujjaeledesenek-es-a-Tavol-Kelet-fejlesztesenek-strategiai-osszehangolasat.jpeg\",\"datePublished\":\"2026-09-05T19:36:15+00:00\",\"dateModified\":\"2026-09-05T19:36:15+00:00\",\"author\":{\"@id\":\"https:\/\/kinaikaleidoszkop.hu\/#\/schema\/person\/4d69b71e7e70322713b9d9287b610556\"},\"breadcrumb\":{\"@id\":\"https:\/\/kinaikaleidoszkop.hu\/index.php\/2026\/09\/05\/ding-xuexiang-vlagyivosztokban-el-kell-melyiteni-a-kelet-kinai-regio-ujjaeledesenek-es-a-tavol-kelet-fejlesztesenek-strategiai-osszehangolasat\/#breadcrumb\"},\"inLanguage\":\"hu\",\"potentialAction\":[{\"@type\":\"ReadAction\",\"target\":[\"https:\/\/kinaikaleidoszkop.hu\/index.php\/2026\/09\/05\/ding-xuexiang-vlagyivosztokban-el-kell-melyiteni-a-kelet-kinai-regio-ujjaeledesenek-es-a-tavol-kelet-fejlesztesenek-strategiai-osszehangolasat\/\"]}]},{\"@type\":\"ImageObject\",\"inLanguage\":\"hu\",\"@id\":\"https:\/\/kinaikaleidoszkop.hu\/index.php\/2026\/09\/05\/ding-xuexiang-vlagyivosztokban-el-kell-melyiteni-a-kelet-kinai-regio-ujjaeledesenek-es-a-tavol-kelet-fejlesztesenek-strategiai-osszehangolasat\/#primaryimage\",\"url\":\"https:\/\/kinaikaleidoszkop.hu\/wp-content\/uploads\/2026\/09\/El-kell-melyiteni-a-kelet-kinai-regio-ujjaeledesenek-es-a-Tavol-Kelet-fejlesztesenek-strategiai-osszehangolasat.jpeg\",\"contentUrl\":\"https:\/\/kinaikaleidoszkop.hu\/wp-content\/uploads\/2026\/09\/El-kell-melyiteni-a-kelet-kinai-regio-ujjaeledesenek-es-a-Tavol-Kelet-fejlesztesenek-strategiai-osszehangolasat.jpeg\",\"width\":900,\"height\":673},{\"@type\":\"BreadcrumbList\",\"@id\":\"https:\/\/kinaikaleidoszkop.hu\/index.php\/2026\/09\/05\/ding-xuexiang-vlagyivosztokban-el-kell-melyiteni-a-kelet-kinai-regio-ujjaeledesenek-es-a-tavol-kelet-fejlesztesenek-strategiai-osszehangolasat\/#breadcrumb\",\"itemListElement\":[{\"@type\":\"ListItem\",\"position\":1,\"name\":\"Kezd\u0151lap\",\"item\":\"https:\/\/kinaikaleidoszkop.hu\/\"},{\"@type\":\"ListItem\",\"position\":2,\"name\":\"Ding Xuexiang Vlagyivosztokban: El kell m\u00e9ly\u00edteni a kelet-k\u00ednai r\u00e9gi\u00f3 \u00fajj\u00e1\u00e9led\u00e9s\u00e9nek \u00e9s a T\u00e1vol-Kelet fejleszt\u00e9s\u00e9nek strat\u00e9giai \u00f6sszehangol\u00e1s\u00e1t\"}]},{\"@type\":\"WebSite\",\"@id\":\"https:\/\/kinaikaleidoszkop.hu\/#website\",\"url\":\"https:\/\/kinaikaleidoszkop.hu\/\",\"name\":\"kinaikaleidoszkop.hu\",\"description\":\"\",\"potentialAction\":[{\"@type\":\"SearchAction\",\"target\":{\"@type\":\"EntryPoint\",\"urlTemplate\":\"https:\/\/kinaikaleidoszkop.hu\/?s={search_term_string}\"},\"query-input\":{\"@type\":\"PropertyValueSpecification\",\"valueRequired\":true,\"valueName\":\"search_term_string\"}}],\"inLanguage\":\"hu\"},{\"@type\":\"Person\",\"@id\":\"https:\/\/kinaikaleidoszkop.hu\/#\/schema\/person\/4d69b71e7e70322713b9d9287b610556\",\"name\":\"Szerk_Erik\",\"image\":{\"@type\":\"ImageObject\",\"inLanguage\":\"hu\",\"@id\":\"https:\/\/kinaikaleidoszkop.hu\/#\/schema\/person\/image\/\",\"url\":\"https:\/\/secure.gravatar.com\/avatar\/3c1e909a14c0c91d2eaef877aaacb584c667f8e7137de69653aa9561fd0e8062?s=96&d=mm&r=g\",\"contentUrl\":\"https:\/\/secure.gravatar.com\/avatar\/3c1e909a14c0c91d2eaef877aaacb584c667f8e7137de69653aa9561fd0e8062?s=96&d=mm&r=g\",\"caption\":\"Szerk_Erik\"},\"url\":\"https:\/\/pestcentrum.hu\"}]}<\/script>\n<!-- \/ Yoast SEO plugin. -->","yoast_head_json":{"title":"Ding Xuexiang Vlagyivosztokban: El kell m\u00e9ly\u00edteni a kelet-k\u00ednai r\u00e9gi\u00f3 \u00fajj\u00e1\u00e9led\u00e9s\u00e9nek \u00e9s a T\u00e1vol-Kelet fejleszt\u00e9s\u00e9nek strat\u00e9giai \u00f6sszehangol\u00e1s\u00e1t - kinaikaleidoszkop.hu","robots":{"index":"index","follow":"follow","max-snippet":"max-snippet:-1","max-image-preview":"max-image-preview:large","max-video-preview":"max-video-preview:-1"},"canonical":"https:\/\/pestcentrum.hu\/2026\/09\/05\/ding-xuexiang-vlagyivosztokban-el-kell-melyiteni-a-kelet-kinai-regio-ujjaeledesenek-es-a-tavol-kelet-fejlesztesenek-strategiai-osszehangolasat\/","og_locale":"hu_HU","og_type":"article","og_title":"Ding Xuexiang Vlagyivosztokban: El kell m\u00e9ly\u00edteni a kelet-k\u00ednai r\u00e9gi\u00f3 \u00fajj\u00e1\u00e9led\u00e9s\u00e9nek \u00e9s a T\u00e1vol-Kelet fejleszt\u00e9s\u00e9nek strat\u00e9giai \u00f6sszehangol\u00e1s\u00e1t - kinaikaleidoszkop.hu","og_description":"Ding Xuexiang, a k\u00ednai \u00c1llamtan\u00e1cs aleln\u00f6ke szeptember 3-\u00e1n Vlagyivosztokban r\u00e9szt vett a 11. Keleti Gazdas\u00e1gi F\u00f3rum plen\u00e1ris \u00fcl\u00e9s\u00e9n \u00e9s besz\u00e9det mondott. Ding Xuexiang eml\u00e9keztetett, hogy Hszi Csin-ping k\u00ednai \u00e1llameln\u00f6k Vlagyimir Putyin orosz eln\u00f6k megh\u00edv\u00e1s\u00e1ra k\u00e9t alkalommal is r\u00e9szt vett a Keleti Gazdas\u00e1gi F\u00f3rumon, ahol kifejtette K\u00edna \u00e1ll\u00e1spontj\u00e1t az \u00e9szakkelet-\u00e1zsiai region\u00e1lis egy\u00fcttm\u0171k\u00f6d\u00e9sr\u0151l, ami sz\u00e9les k\u00f6r\u0171 visszhangot [&hellip;]","og_url":"https:\/\/kinaikaleidoszkop.hu\/index.php\/2026\/09\/05\/ding-xuexiang-vlagyivosztokban-el-kell-melyiteni-a-kelet-kinai-regio-ujjaeledesenek-es-a-tavol-kelet-fejlesztesenek-strategiai-osszehangolasat\/","og_site_name":"kinaikaleidoszkop.hu","article_published_time":"2026-09-05T19:36:15+00:00","og_image":[{"width":900,"height":673,"url":"https:\/\/kinaikaleidoszkop.hu\/wp-content\/uploads\/2026\/09\/El-kell-melyiteni-a-kelet-kinai-regio-ujjaeledesenek-es-a-Tavol-Kelet-fejlesztesenek-strategiai-osszehangolasat.jpeg","type":"image\/jpeg"}],"author":"Szerk_Erik","twitter_card":"summary_large_image","twitter_misc":{"Szerz\u0151:":"PestCentrum","Becs\u00fclt olvas\u00e1si id\u0151":"3 perc"},"schema":{"@context":"https:\/\/schema.org","@graph":[{"@type":"WebPage","@id":"https:\/\/kinaikaleidoszkop.hu\/index.php\/2026\/09\/05\/ding-xuexiang-vlagyivosztokban-el-kell-melyiteni-a-kelet-kinai-regio-ujjaeledesenek-es-a-tavol-kelet-fejlesztesenek-strategiai-osszehangolasat\/","url":"https:\/\/kinaikaleidoszkop.hu\/index.php\/2026\/09\/05\/ding-xuexiang-vlagyivosztokban-el-kell-melyiteni-a-kelet-kinai-regio-ujjaeledesenek-es-a-tavol-kelet-fejlesztesenek-strategiai-osszehangolasat\/","name":"Ding Xuexiang Vlagyivosztokban: El kell m\u00e9ly\u00edteni a kelet-k\u00ednai r\u00e9gi\u00f3 \u00fajj\u00e1\u00e9led\u00e9s\u00e9nek \u00e9s a T\u00e1vol-Kelet fejleszt\u00e9s\u00e9nek strat\u00e9giai \u00f6sszehangol\u00e1s\u00e1t - kinaikaleidoszkop.hu","isPartOf":{"@id":"https:\/\/kinaikaleidoszkop.hu\/#website"},"primaryImageOfPage":{"@id":"https:\/\/kinaikaleidoszkop.hu\/index.php\/2026\/09\/05\/ding-xuexiang-vlagyivosztokban-el-kell-melyiteni-a-kelet-kinai-regio-ujjaeledesenek-es-a-tavol-kelet-fejlesztesenek-strategiai-osszehangolasat\/#primaryimage"},"image":{"@id":"https:\/\/kinaikaleidoszkop.hu\/index.php\/2026\/09\/05\/ding-xuexiang-vlagyivosztokban-el-kell-melyiteni-a-kelet-kinai-regio-ujjaeledesenek-es-a-tavol-kelet-fejlesztesenek-strategiai-osszehangolasat\/#primaryimage"},"thumbnailUrl":"https:\/\/kinaikaleidoszkop.hu\/wp-content\/uploads\/2026\/09\/El-kell-melyiteni-a-kelet-kinai-regio-ujjaeledesenek-es-a-Tavol-Kelet-fejlesztesenek-strategiai-osszehangolasat.jpeg","datePublished":"2026-09-05T19:36:15+00:00","dateModified":"2026-09-05T19:36:15+00:00","author":{"@id":"https:\/\/kinaikaleidoszkop.hu\/#\/schema\/person\/4d69b71e7e70322713b9d9287b610556"},"breadcrumb":{"@id":"https:\/\/kinaikaleidoszkop.hu\/index.php\/2026\/09\/05\/ding-xuexiang-vlagyivosztokban-el-kell-melyiteni-a-kelet-kinai-regio-ujjaeledesenek-es-a-tavol-kelet-fejlesztesenek-strategiai-osszehangolasat\/#breadcrumb"},"inLanguage":"hu","potentialAction":[{"@type":"ReadAction","target":["https:\/\/kinaikaleidoszkop.hu\/index.php\/2026\/09\/05\/ding-xuexiang-vlagyivosztokban-el-kell-melyiteni-a-kelet-kinai-regio-ujjaeledesenek-es-a-tavol-kelet-fejlesztesenek-strategiai-osszehangolasat\/"]}]},{"@type":"ImageObject","inLanguage":"hu","@id":"https:\/\/kinaikaleidoszkop.hu\/index.php\/2026\/09\/05\/ding-xuexiang-vlagyivosztokban-el-kell-melyiteni-a-kelet-kinai-regio-ujjaeledesenek-es-a-tavol-kelet-fejlesztesenek-strategiai-osszehangolasat\/#primaryimage","url":"https:\/\/kinaikaleidoszkop.hu\/wp-content\/uploads\/2026\/09\/El-kell-melyiteni-a-kelet-kinai-regio-ujjaeledesenek-es-a-Tavol-Kelet-fejlesztesenek-strategiai-osszehangolasat.jpeg","contentUrl":"https:\/\/kinaikaleidoszkop.hu\/wp-content\/uploads\/2026\/09\/El-kell-melyiteni-a-kelet-kinai-regio-ujjaeledesenek-es-a-Tavol-Kelet-fejlesztesenek-strategiai-osszehangolasat.jpeg","width":900,"height":673},{"@type":"BreadcrumbList","@id":"https:\/\/kinaikaleidoszkop.hu\/index.php\/2026\/09\/05\/ding-xuexiang-vlagyivosztokban-el-kell-melyiteni-a-kelet-kinai-regio-ujjaeledesenek-es-a-tavol-kelet-fejlesztesenek-strategiai-osszehangolasat\/#breadcrumb","itemListElement":[{"@type":"ListItem","position":1,"name":"Kezd\u0151lap","item":"https:\/\/kinaikaleidoszkop.hu\/"},{"@type":"ListItem","position":2,"name":"Ding Xuexiang Vlagyivosztokban: El kell m\u00e9ly\u00edteni a kelet-k\u00ednai r\u00e9gi\u00f3 \u00fajj\u00e1\u00e9led\u00e9s\u00e9nek \u00e9s a T\u00e1vol-Kelet fejleszt\u00e9s\u00e9nek strat\u00e9giai \u00f6sszehangol\u00e1s\u00e1t"}]},{"@type":"WebSite","@id":"https:\/\/kinaikaleidoszkop.hu\/#website","url":"https:\/\/kinaikaleidoszkop.hu\/","name":"kinaikaleidoszkop.hu","description":"","potentialAction":[{"@type":"SearchAction","target":{"@type":"EntryPoint","urlTemplate":"https:\/\/kinaikaleidoszkop.hu\/?s={search_term_string}"},"query-input":{"@type":"PropertyValueSpecification","valueRequired":true,"valueName":"search_term_string"}}],"inLanguage":"hu"},{"@type":"Person","@id":"https:\/\/kinaikaleidoszkop.hu\/#\/schema\/person\/4d69b71e7e70322713b9d9287b610556","name":"Szerk_Erik","image":{"@type":"ImageObject","inLanguage":"hu","@id":"https:\/\/kinaikaleidoszkop.hu\/#\/schema\/person\/image\/","url":"https:\/\/secure.gravatar.com\/avatar\/3c1e909a14c0c91d2eaef877aaacb584c667f8e7137de69653aa9561fd0e8062?s=96&d=mm&r=g","contentUrl":"https:\/\/secure.gravatar.com\/avatar\/3c1e909a14c0c91d2eaef877aaacb584c667f8e7137de69653aa9561fd0e8062?s=96&d=mm&r=g","caption":"Szerk_Erik"},"url":"https:\/\/pestcentrum.hu"}]}},"views":2,"distributor_meta":false,"distributor_terms":false,"distributor_media":false,"distributor_original_site_name":"PestCentrum","distributor_original_site_url":"https:\/\/pestcentrum.hu","push-errors":false,"_links":{"self":[{"href":"https:\/\/kinaikaleidoszkop.hu\/index.php\/wp-json\/wp\/v2\/posts\/29965","targetHints":{"allow":["GET"]}}],"collection":[{"href":"https:\/\/kinaikaleidoszkop.hu\/index.php\/wp-json\/wp\/v2\/posts"}],"about":[{"href":"https:\/\/kinaikaleidoszkop.hu\/index.php\/wp-json\/wp\/v2\/types\/post"}],"author":[{"embeddable":true,"href":"https:\/\/kinaikaleidoszkop.hu\/index.php\/wp-json\/wp\/v2\/users\/7"}],"replies":[{"embeddable":true,"href":"https:\/\/kinaikaleidoszkop.hu\/index.php\/wp-json\/wp\/v2\/comments?post=29965"}],"version-history":[{"count":0,"href":"https:\/\/kinaikaleidoszkop.hu\/index.php\/wp-json\/wp\/v2\/posts\/29965\/revisions"}],"wp:featuredmedia":[{"embeddable":true,"href":"https:\/\/kinaikaleidoszkop.hu\/index.php\/wp-json\/wp\/v2\/media\/29966"}],"wp:attachment":[{"href":"https:\/\/kinaikaleidoszkop.hu\/index.php\/wp-json\/wp\/v2\/media?parent=29965"}],"wp:term":[{"taxonomy":"category","embeddable":true,"href":"https:\/\/kinaikaleidoszkop.hu\/index.php\/wp-json\/wp\/v2\/categories?post=29965"},{"taxonomy":"post_tag","embeddable":true,"href":"https:\/\/kinaikaleidoszkop.hu\/index.php\/wp-json\/wp\/v2\/tags?post=29965"}],"curies":[{"name":"wp","href":"https:\/\/api.w.org\/{rel}","templated":true}]}}