{"id":29967,"date":"2026-09-06T13:00:49","date_gmt":"2026-09-06T11:00:49","guid":{"rendered":"https:\/\/kinaikaleidoszkop.hu\/index.php\/2026\/09\/06\/sodik-safoev-kina-nem-a-kulonbozo-kulturak-homogenizalasat-szorgalmazza-hanem-egy-teljesen-uj-kozossegi-identitas-kialakitasat\/"},"modified":"2026-09-06T13:00:49","modified_gmt":"2026-09-06T11:00:49","slug":"sodik-safoev-kina-nem-a-kulonbozo-kulturak-homogenizalasat-szorgalmazza-hanem-egy-teljesen-uj-kozossegi-identitas-kialakitasat","status":"publish","type":"post","link":"https:\/\/kinaikaleidoszkop.hu\/index.php\/2026\/09\/06\/sodik-safoev-kina-nem-a-kulonbozo-kulturak-homogenizalasat-szorgalmazza-hanem-egy-teljesen-uj-kozossegi-identitas-kialakitasat\/","title":{"rendered":"Sodik\u00a0Safoev: K\u00edna nem a k\u00fcl\u00f6nb\u00f6z\u0151 kult\u00far\u00e1k homogeniz\u00e1l\u00e1s\u00e1t szorgalmazza, hanem egy teljesen \u00faj k\u00f6z\u00f6ss\u00e9gi identit\u00e1s kialak\u00edt\u00e1s\u00e1t"},"content":{"rendered":"\n<p class=\"wp-block-paragraph\"><strong>A 2026-os Sanghaji Egy\u00fcttm\u0171k\u00f6d\u00e9si Szervezet (SCO) cs\u00facstal\u00e1lkoz\u00f3j\u00e1t k\u00f6vet\u0151en a CMG Leaders Talk c\u00edm\u0171 m\u0171sora exkluz\u00edv interj\u00fat k\u00e9sz\u00edtett Sodik\u00a0Safoevvel, az \u00dczbegiszt\u00e1ni Legfels\u0151bb Tan\u00e1cs Szen\u00e1tus\u00e1nak els\u0151 aleln\u00f6k\u00e9vel.<\/strong><\/p>\n\n\n\n<figure class=\"wp-block-image size-full\"><img decoding=\"async\" src=\"https:\/\/pestcentrum.hu\/wp-content\/uploads\/2026\/09\/Kina-nem-a-kulonbozo-kulturak-homogenizalasat-szorgalmazza-hanem-egy-teljesen-uj-kozossegi-identitas-kialakitasat.jpeg\" alt=\"\" class=\"wp-image-53735\"\/><\/figure>\n\n\n\n<p class=\"wp-block-paragraph\">A SCO \u00e9p\u00edt\u00e9s\u00e9nek r\u00e9sztvev\u0151jek\u00e9nt kijelentette, hogy az SCO nem m\u00e1s orsz\u00e1gok vagy nemzetk\u00f6zi szervezetek ellen ir\u00e1nyul\u00f3 csoportosul\u00e1s; c\u00e9lja a nemzetk\u00f6zi egy\u00fcttm\u0171k\u00f6d\u00e9s el\u0151mozd\u00edt\u00e1sa, az orsz\u00e1gok er\u0151inek \u00f6sszefog\u00e1sa, valamint a mai vil\u00e1g k\u00fcl\u00f6nb\u00f6z\u0151 kih\u00edv\u00e1sainak k\u00f6z\u00f6s kezel\u00e9se.<\/p>\n\n\n\n<p class=\"wp-block-paragraph\">\u00dczbegiszt\u00e1nban felavatt\u00e1k Hszi Csin-ping k\u00ednai \u00e1llameln\u00f6k m\u0171veinek k\u00f6nyvt\u00e1r\u00e1t, \u00e9s ezzel kapcsolatban Safoev megjegyezte, hogy a m\u0171vek \u201eteljesen \u00faj koncepci\u00f3kat \u00e9s gondolkod\u00e1sm\u00f3dot hoztak a vil\u00e1g orsz\u00e1gai vezet\u0151inek\u201d. Az emberi sorsk\u00f6z\u00f6ss\u00e9g koncepci\u00f3j\u00e1r\u00f3l besz\u00e9lve kijelentette: \u201eK\u00edna nem a k\u00fcl\u00f6nb\u00f6z\u0151 kult\u00far\u00e1k homogeniz\u00e1l\u00e1s\u00e1t szorgalmazza, \u00e9s nem a kult\u00far\u00e1k egyedi jellemz\u0151inek elt\u00fcntet\u00e9s\u00e9t, hanem a k\u00f6z\u00f6s \u00e9rt\u00e9kek \u00e9s elvek alapj\u00e1n egy teljesen \u00faj k\u00f6z\u00f6ss\u00e9gi identit\u00e1s kialak\u00edt\u00e1s\u00e1t\u201d.<\/p>\n\n\n\n<p class=\"wp-block-paragraph\">Safoev zerint az a SCO a r\u00e9gi\u00f3 orsz\u00e1gai k\u00f6z\u00f6tt a mai vil\u00e1g kih\u00edv\u00e1sainak k\u00f6z\u00f6s kezel\u00e9se \u00e9rdek\u00e9ben a sz\u00e1zad elej\u00e9n, az \u00faj \u00e9vezred kezdet\u00e9n j\u00f6tt l\u00e9tre. A kezdetekt\u0151l egy teljesen \u00fajfajta multilater\u00e1lis egy\u00fcttm\u0171k\u00f6d\u00e9si modellt alkalmazott, amelyet b\u00fcszk\u00e9n neveznek \u201eSanghaji szellemnek\u201d, \u00e9s amelynek keret\u00e9ben a kis \u00e9s nagy orsz\u00e1gok k\u00f6z\u00f6tt \u00faj t\u00edpus\u00fa egy\u00fcttm\u0171k\u00f6d\u00e9si kapcsolatok alakultak ki. \u201eEz\u00e9rt a kezdetekt\u0151l fogva nagy jelent\u0151s\u00e9get tulajdon\u00edtottunk a SCO partners\u00e9g\u00e9nek\u201d &#8211; \u00e1llap\u00edtotta meg az \u00fczb\u00e9g vezet\u0151. Mint mondta, \u201eaz SCO-nak kezdetben k\u00e9t f\u0151 pill\u00e9re volt: a biztons\u00e1g \u00e9s a gazdas\u00e1g. Az\u00f3ta a szervezet egy\u00fcttm\u0171k\u00f6d\u00e9s\u00e9t folyamatosan kiterjesztette m\u00e1s ter\u00fcletekre is, ide\u00e9rtve a kultur\u00e1lis cser\u00e9ket, az oktat\u00e1st, a k\u00f6rnyezetv\u00e9delmet is. Az SCO egyre t\u00f6bb orsz\u00e1g figyelm\u00e9t vonzza mag\u00e1ra. A SCO nem m\u00e1s orsz\u00e1gok vagy nemzetk\u00f6zi szervezetek ellen ir\u00e1nyul\u00f3 csoportosul\u00e1s; c\u00e9lja a nemzetk\u00f6zi egy\u00fcttm\u0171k\u00f6d\u00e9s el\u0151mozd\u00edt\u00e1sa, az orsz\u00e1gok er\u0151inek \u00f6sszefog\u00e1sa, hogy k\u00f6z\u00f6sen szemben\u00e9zzenek a mai vil\u00e1g k\u00fcl\u00f6nb\u00f6z\u0151 kih\u00edv\u00e1saival\u201d.<\/p>\n\n\n\n<p class=\"wp-block-paragraph\">Sodik&nbsp;Safoev arr\u00f3l is besz\u00e9lt, hogy K\u00edna hat\u00e1sa a fejl\u0151d\u00e9s el\u0151mozd\u00edt\u00e1s\u00e1ban teljesen nyilv\u00e1nval\u00f3. Jelenleg p\u00e9ld\u00e1ul K\u00edna \u00dczbegiszt\u00e1n legnagyobb gazdas\u00e1gi partnere. A k\u00e9t orsz\u00e1g k\u00f6z\u00f6tti k\u00e9toldal\u00fa kereskedelmi forgalom meghaladta a 16 milli\u00e1rd doll\u00e1rt. T\u00f6bb mint 6000 k\u00ednai v\u00e1llalat fektetett be \u00e9s folytat \u00fczleti tev\u00e9kenys\u00e9get \u00dczbegiszt\u00e1nban k\u00fcl\u00f6nb\u00f6z\u0151 ter\u00fcleteken, p\u00e9ld\u00e1ul az energetik\u00e1ban, nemcsak a hagyom\u00e1nyos, hanem a meg\u00fajul\u00f3 energiaforr\u00e1sok ter\u00e9n is.<\/p>\n\n\n\n<p class=\"wp-block-paragraph\">Safoev felh\u00edvta a figyelmet arra is, hogy \u00dczbegiszt\u00e1n gazdas\u00e1gi sz\u00ednvonal\u00e1nak emel\u00e9se szempontj\u00e1b\u00f3l k\u00fcl\u00f6n\u00f6sen fontos, hogy a k\u00ednai v\u00e1llalatok nap- \u00e9s sz\u00e9lenergia-l\u00e9tes\u00edtm\u00e9nyeket \u00e9p\u00edtenek. \u201eA k\u00ednai v\u00e1llalatok r\u00e9szt vesznek az \u00fczb\u00e9g m\u00e9rn\u00f6ki \u00e9s k\u00f6zleked\u00e9si infrastruktur\u00e1lis fejleszt\u00e9sekben is, ami rendk\u00edv\u00fcl fontos orsz\u00e1gunk gazdas\u00e1gi moderniz\u00e1ci\u00f3ja \u00e9s a glob\u00e1lis piacokhoz val\u00f3 csatlakoz\u00e1sa szempontj\u00e1b\u00f3l\u201d \u2013 \u00e1llap\u00edtotta meg az \u00fczb\u00e9g vezet\u0151. Hozz\u00e1tette: \u201eA k\u00e9t orsz\u00e1g sz\u00e9les k\u00f6r\u0171 egy\u00fcttm\u0171k\u00f6d\u00e9st folytat az oktat\u00e1s \u00e9s a tudom\u00e1ny ter\u00fclet\u00e9n is; t\u00f6bb ezer \u00fczb\u00e9g di\u00e1k tanul K\u00edn\u00e1ban.<\/p>\n\n\n\n<p class=\"wp-block-paragraph\"><strong><em>(China Media Group)<\/em><\/strong><\/p>\n\n\n\n<p class=\"wp-block-paragraph\"><strong>2026. szeptember 6.<\/strong><\/p>\n\n\n\n<p class=\"wp-block-paragraph\"><strong><em>(x)<\/em><\/strong><\/p>\n","protected":false},"excerpt":{"rendered":"<p>A 2026-os Sanghaji Egy\u00fcttm\u0171k\u00f6d\u00e9si Szervezet (SCO) cs\u00facstal\u00e1lkoz\u00f3j\u00e1t k\u00f6vet\u0151en a CMG Leaders Talk c\u00edm\u0171 m\u0171sora exkluz\u00edv interj\u00fat k\u00e9sz\u00edtett Sodik\u00a0Safoevvel, az \u00dczbegiszt\u00e1ni Legfels\u0151bb Tan\u00e1cs Szen\u00e1tus\u00e1nak els\u0151 aleln\u00f6k\u00e9vel. A SCO \u00e9p\u00edt\u00e9s\u00e9nek r\u00e9sztvev\u0151jek\u00e9nt kijelentette, hogy az SCO nem m\u00e1s orsz\u00e1gok vagy nemzetk\u00f6zi szervezetek ellen ir\u00e1nyul\u00f3 csoportosul\u00e1s; c\u00e9lja a nemzetk\u00f6zi egy\u00fcttm\u0171k\u00f6d\u00e9s el\u0151mozd\u00edt\u00e1sa, az orsz\u00e1gok er\u0151inek \u00f6sszefog\u00e1sa, valamint a mai vil\u00e1g [&hellip;]<\/p>\n","protected":false},"author":7,"featured_media":29968,"comment_status":"","ping_status":"","sticky":false,"template":"","format":"standard","meta":{"footnotes":""},"categories":[4797],"tags":[414,269,3696,3278,4235,6160],"class_list":["post-29967","post","type-post","status-publish","format-standard","has-post-thumbnail","hentry","category-egyeb-hirek","tag-fejlodes","tag-interju","tag-kina","tag-osszefogas","tag-sco","tag-sodik-safoev"],"yoast_head":"<!-- This site is optimized with the Yoast SEO plugin v23.7 - https:\/\/yoast.com\/wordpress\/plugins\/seo\/ -->\n<title>Sodik\u00a0Safoev: K\u00edna nem a k\u00fcl\u00f6nb\u00f6z\u0151 kult\u00far\u00e1k homogeniz\u00e1l\u00e1s\u00e1t szorgalmazza, hanem egy teljesen \u00faj k\u00f6z\u00f6ss\u00e9gi identit\u00e1s kialak\u00edt\u00e1s\u00e1t - kinaikaleidoszkop.hu<\/title>\n<meta name=\"robots\" content=\"index, follow, max-snippet:-1, max-image-preview:large, max-video-preview:-1\" \/>\n<link rel=\"canonical\" href=\"https:\/\/pestcentrum.hu\/2026\/09\/06\/sodik-safoev-kina-nem-a-kulonbozo-kulturak-homogenizalasat-szorgalmazza-hanem-egy-teljesen-uj-kozossegi-identitas-kialakitasat\/\" \/>\n<meta property=\"og:locale\" content=\"hu_HU\" \/>\n<meta property=\"og:type\" content=\"article\" \/>\n<meta property=\"og:title\" content=\"Sodik\u00a0Safoev: K\u00edna nem a k\u00fcl\u00f6nb\u00f6z\u0151 kult\u00far\u00e1k homogeniz\u00e1l\u00e1s\u00e1t szorgalmazza, hanem egy teljesen \u00faj k\u00f6z\u00f6ss\u00e9gi identit\u00e1s kialak\u00edt\u00e1s\u00e1t - kinaikaleidoszkop.hu\" \/>\n<meta property=\"og:description\" content=\"A 2026-os Sanghaji Egy\u00fcttm\u0171k\u00f6d\u00e9si Szervezet (SCO) cs\u00facstal\u00e1lkoz\u00f3j\u00e1t k\u00f6vet\u0151en a CMG Leaders Talk c\u00edm\u0171 m\u0171sora exkluz\u00edv interj\u00fat k\u00e9sz\u00edtett Sodik\u00a0Safoevvel, az \u00dczbegiszt\u00e1ni Legfels\u0151bb Tan\u00e1cs Szen\u00e1tus\u00e1nak els\u0151 aleln\u00f6k\u00e9vel. A SCO \u00e9p\u00edt\u00e9s\u00e9nek r\u00e9sztvev\u0151jek\u00e9nt kijelentette, hogy az SCO nem m\u00e1s orsz\u00e1gok vagy nemzetk\u00f6zi szervezetek ellen ir\u00e1nyul\u00f3 csoportosul\u00e1s; c\u00e9lja a nemzetk\u00f6zi egy\u00fcttm\u0171k\u00f6d\u00e9s el\u0151mozd\u00edt\u00e1sa, az orsz\u00e1gok er\u0151inek \u00f6sszefog\u00e1sa, valamint a mai vil\u00e1g [&hellip;]\" \/>\n<meta property=\"og:url\" content=\"https:\/\/kinaikaleidoszkop.hu\/index.php\/2026\/09\/06\/sodik-safoev-kina-nem-a-kulonbozo-kulturak-homogenizalasat-szorgalmazza-hanem-egy-teljesen-uj-kozossegi-identitas-kialakitasat\/\" \/>\n<meta property=\"og:site_name\" content=\"kinaikaleidoszkop.hu\" \/>\n<meta property=\"article:published_time\" content=\"2026-09-06T11:00:49+00:00\" \/>\n<meta property=\"og:image\" content=\"https:\/\/kinaikaleidoszkop.hu\/wp-content\/uploads\/2026\/09\/Kina-nem-a-kulonbozo-kulturak-homogenizalasat-szorgalmazza-hanem-egy-teljesen-uj-kozossegi-identitas-kialakitasat.jpeg\" \/>\n\t<meta property=\"og:image:width\" content=\"1280\" \/>\n\t<meta property=\"og:image:height\" content=\"720\" \/>\n\t<meta property=\"og:image:type\" content=\"image\/jpeg\" \/>\n<meta name=\"author\" content=\"Szerk_Erik\" \/>\n<meta name=\"twitter:card\" content=\"summary_large_image\" \/>\n<meta name=\"twitter:label1\" content=\"Szerz\u0151:\" \/>\n\t<meta name=\"twitter:data1\" content=\"PestCentrum\" \/>\n\t<meta name=\"twitter:label2\" content=\"Becs\u00fclt olvas\u00e1si id\u0151\" \/>\n\t<meta name=\"twitter:data2\" content=\"3 perc\" \/>\n<script type=\"application\/ld+json\" class=\"yoast-schema-graph\">{\"@context\":\"https:\/\/schema.org\",\"@graph\":[{\"@type\":\"WebPage\",\"@id\":\"https:\/\/kinaikaleidoszkop.hu\/index.php\/2026\/09\/06\/sodik-safoev-kina-nem-a-kulonbozo-kulturak-homogenizalasat-szorgalmazza-hanem-egy-teljesen-uj-kozossegi-identitas-kialakitasat\/\",\"url\":\"https:\/\/kinaikaleidoszkop.hu\/index.php\/2026\/09\/06\/sodik-safoev-kina-nem-a-kulonbozo-kulturak-homogenizalasat-szorgalmazza-hanem-egy-teljesen-uj-kozossegi-identitas-kialakitasat\/\",\"name\":\"Sodik\u00a0Safoev: K\u00edna nem a k\u00fcl\u00f6nb\u00f6z\u0151 kult\u00far\u00e1k homogeniz\u00e1l\u00e1s\u00e1t szorgalmazza, hanem egy teljesen \u00faj k\u00f6z\u00f6ss\u00e9gi identit\u00e1s kialak\u00edt\u00e1s\u00e1t - kinaikaleidoszkop.hu\",\"isPartOf\":{\"@id\":\"https:\/\/kinaikaleidoszkop.hu\/#website\"},\"primaryImageOfPage\":{\"@id\":\"https:\/\/kinaikaleidoszkop.hu\/index.php\/2026\/09\/06\/sodik-safoev-kina-nem-a-kulonbozo-kulturak-homogenizalasat-szorgalmazza-hanem-egy-teljesen-uj-kozossegi-identitas-kialakitasat\/#primaryimage\"},\"image\":{\"@id\":\"https:\/\/kinaikaleidoszkop.hu\/index.php\/2026\/09\/06\/sodik-safoev-kina-nem-a-kulonbozo-kulturak-homogenizalasat-szorgalmazza-hanem-egy-teljesen-uj-kozossegi-identitas-kialakitasat\/#primaryimage\"},\"thumbnailUrl\":\"https:\/\/kinaikaleidoszkop.hu\/wp-content\/uploads\/2026\/09\/Kina-nem-a-kulonbozo-kulturak-homogenizalasat-szorgalmazza-hanem-egy-teljesen-uj-kozossegi-identitas-kialakitasat.jpeg\",\"datePublished\":\"2026-09-06T11:00:49+00:00\",\"dateModified\":\"2026-09-06T11:00:49+00:00\",\"author\":{\"@id\":\"https:\/\/kinaikaleidoszkop.hu\/#\/schema\/person\/4d69b71e7e70322713b9d9287b610556\"},\"breadcrumb\":{\"@id\":\"https:\/\/kinaikaleidoszkop.hu\/index.php\/2026\/09\/06\/sodik-safoev-kina-nem-a-kulonbozo-kulturak-homogenizalasat-szorgalmazza-hanem-egy-teljesen-uj-kozossegi-identitas-kialakitasat\/#breadcrumb\"},\"inLanguage\":\"hu\",\"potentialAction\":[{\"@type\":\"ReadAction\",\"target\":[\"https:\/\/kinaikaleidoszkop.hu\/index.php\/2026\/09\/06\/sodik-safoev-kina-nem-a-kulonbozo-kulturak-homogenizalasat-szorgalmazza-hanem-egy-teljesen-uj-kozossegi-identitas-kialakitasat\/\"]}]},{\"@type\":\"ImageObject\",\"inLanguage\":\"hu\",\"@id\":\"https:\/\/kinaikaleidoszkop.hu\/index.php\/2026\/09\/06\/sodik-safoev-kina-nem-a-kulonbozo-kulturak-homogenizalasat-szorgalmazza-hanem-egy-teljesen-uj-kozossegi-identitas-kialakitasat\/#primaryimage\",\"url\":\"https:\/\/kinaikaleidoszkop.hu\/wp-content\/uploads\/2026\/09\/Kina-nem-a-kulonbozo-kulturak-homogenizalasat-szorgalmazza-hanem-egy-teljesen-uj-kozossegi-identitas-kialakitasat.jpeg\",\"contentUrl\":\"https:\/\/kinaikaleidoszkop.hu\/wp-content\/uploads\/2026\/09\/Kina-nem-a-kulonbozo-kulturak-homogenizalasat-szorgalmazza-hanem-egy-teljesen-uj-kozossegi-identitas-kialakitasat.jpeg\",\"width\":1280,\"height\":720},{\"@type\":\"BreadcrumbList\",\"@id\":\"https:\/\/kinaikaleidoszkop.hu\/index.php\/2026\/09\/06\/sodik-safoev-kina-nem-a-kulonbozo-kulturak-homogenizalasat-szorgalmazza-hanem-egy-teljesen-uj-kozossegi-identitas-kialakitasat\/#breadcrumb\",\"itemListElement\":[{\"@type\":\"ListItem\",\"position\":1,\"name\":\"Kezd\u0151lap\",\"item\":\"https:\/\/kinaikaleidoszkop.hu\/\"},{\"@type\":\"ListItem\",\"position\":2,\"name\":\"Sodik\u00a0Safoev: K\u00edna nem a k\u00fcl\u00f6nb\u00f6z\u0151 kult\u00far\u00e1k homogeniz\u00e1l\u00e1s\u00e1t szorgalmazza, hanem egy teljesen \u00faj k\u00f6z\u00f6ss\u00e9gi identit\u00e1s kialak\u00edt\u00e1s\u00e1t\"}]},{\"@type\":\"WebSite\",\"@id\":\"https:\/\/kinaikaleidoszkop.hu\/#website\",\"url\":\"https:\/\/kinaikaleidoszkop.hu\/\",\"name\":\"kinaikaleidoszkop.hu\",\"description\":\"\",\"potentialAction\":[{\"@type\":\"SearchAction\",\"target\":{\"@type\":\"EntryPoint\",\"urlTemplate\":\"https:\/\/kinaikaleidoszkop.hu\/?s={search_term_string}\"},\"query-input\":{\"@type\":\"PropertyValueSpecification\",\"valueRequired\":true,\"valueName\":\"search_term_string\"}}],\"inLanguage\":\"hu\"},{\"@type\":\"Person\",\"@id\":\"https:\/\/kinaikaleidoszkop.hu\/#\/schema\/person\/4d69b71e7e70322713b9d9287b610556\",\"name\":\"Szerk_Erik\",\"image\":{\"@type\":\"ImageObject\",\"inLanguage\":\"hu\",\"@id\":\"https:\/\/kinaikaleidoszkop.hu\/#\/schema\/person\/image\/\",\"url\":\"https:\/\/secure.gravatar.com\/avatar\/3c1e909a14c0c91d2eaef877aaacb584c667f8e7137de69653aa9561fd0e8062?s=96&d=mm&r=g\",\"contentUrl\":\"https:\/\/secure.gravatar.com\/avatar\/3c1e909a14c0c91d2eaef877aaacb584c667f8e7137de69653aa9561fd0e8062?s=96&d=mm&r=g\",\"caption\":\"Szerk_Erik\"},\"url\":\"https:\/\/pestcentrum.hu\"}]}<\/script>\n<!-- \/ Yoast SEO plugin. -->","yoast_head_json":{"title":"Sodik\u00a0Safoev: K\u00edna nem a k\u00fcl\u00f6nb\u00f6z\u0151 kult\u00far\u00e1k homogeniz\u00e1l\u00e1s\u00e1t szorgalmazza, hanem egy teljesen \u00faj k\u00f6z\u00f6ss\u00e9gi identit\u00e1s kialak\u00edt\u00e1s\u00e1t - kinaikaleidoszkop.hu","robots":{"index":"index","follow":"follow","max-snippet":"max-snippet:-1","max-image-preview":"max-image-preview:large","max-video-preview":"max-video-preview:-1"},"canonical":"https:\/\/pestcentrum.hu\/2026\/09\/06\/sodik-safoev-kina-nem-a-kulonbozo-kulturak-homogenizalasat-szorgalmazza-hanem-egy-teljesen-uj-kozossegi-identitas-kialakitasat\/","og_locale":"hu_HU","og_type":"article","og_title":"Sodik\u00a0Safoev: K\u00edna nem a k\u00fcl\u00f6nb\u00f6z\u0151 kult\u00far\u00e1k homogeniz\u00e1l\u00e1s\u00e1t szorgalmazza, hanem egy teljesen \u00faj k\u00f6z\u00f6ss\u00e9gi identit\u00e1s kialak\u00edt\u00e1s\u00e1t - kinaikaleidoszkop.hu","og_description":"A 2026-os Sanghaji Egy\u00fcttm\u0171k\u00f6d\u00e9si Szervezet (SCO) cs\u00facstal\u00e1lkoz\u00f3j\u00e1t k\u00f6vet\u0151en a CMG Leaders Talk c\u00edm\u0171 m\u0171sora exkluz\u00edv interj\u00fat k\u00e9sz\u00edtett Sodik\u00a0Safoevvel, az \u00dczbegiszt\u00e1ni Legfels\u0151bb Tan\u00e1cs Szen\u00e1tus\u00e1nak els\u0151 aleln\u00f6k\u00e9vel. A SCO \u00e9p\u00edt\u00e9s\u00e9nek r\u00e9sztvev\u0151jek\u00e9nt kijelentette, hogy az SCO nem m\u00e1s orsz\u00e1gok vagy nemzetk\u00f6zi szervezetek ellen ir\u00e1nyul\u00f3 csoportosul\u00e1s; c\u00e9lja a nemzetk\u00f6zi egy\u00fcttm\u0171k\u00f6d\u00e9s el\u0151mozd\u00edt\u00e1sa, az orsz\u00e1gok er\u0151inek \u00f6sszefog\u00e1sa, valamint a mai vil\u00e1g [&hellip;]","og_url":"https:\/\/kinaikaleidoszkop.hu\/index.php\/2026\/09\/06\/sodik-safoev-kina-nem-a-kulonbozo-kulturak-homogenizalasat-szorgalmazza-hanem-egy-teljesen-uj-kozossegi-identitas-kialakitasat\/","og_site_name":"kinaikaleidoszkop.hu","article_published_time":"2026-09-06T11:00:49+00:00","og_image":[{"width":1280,"height":720,"url":"https:\/\/kinaikaleidoszkop.hu\/wp-content\/uploads\/2026\/09\/Kina-nem-a-kulonbozo-kulturak-homogenizalasat-szorgalmazza-hanem-egy-teljesen-uj-kozossegi-identitas-kialakitasat.jpeg","type":"image\/jpeg"}],"author":"Szerk_Erik","twitter_card":"summary_large_image","twitter_misc":{"Szerz\u0151:":"PestCentrum","Becs\u00fclt olvas\u00e1si id\u0151":"3 perc"},"schema":{"@context":"https:\/\/schema.org","@graph":[{"@type":"WebPage","@id":"https:\/\/kinaikaleidoszkop.hu\/index.php\/2026\/09\/06\/sodik-safoev-kina-nem-a-kulonbozo-kulturak-homogenizalasat-szorgalmazza-hanem-egy-teljesen-uj-kozossegi-identitas-kialakitasat\/","url":"https:\/\/kinaikaleidoszkop.hu\/index.php\/2026\/09\/06\/sodik-safoev-kina-nem-a-kulonbozo-kulturak-homogenizalasat-szorgalmazza-hanem-egy-teljesen-uj-kozossegi-identitas-kialakitasat\/","name":"Sodik\u00a0Safoev: K\u00edna nem a k\u00fcl\u00f6nb\u00f6z\u0151 kult\u00far\u00e1k homogeniz\u00e1l\u00e1s\u00e1t szorgalmazza, hanem egy teljesen \u00faj k\u00f6z\u00f6ss\u00e9gi identit\u00e1s kialak\u00edt\u00e1s\u00e1t - kinaikaleidoszkop.hu","isPartOf":{"@id":"https:\/\/kinaikaleidoszkop.hu\/#website"},"primaryImageOfPage":{"@id":"https:\/\/kinaikaleidoszkop.hu\/index.php\/2026\/09\/06\/sodik-safoev-kina-nem-a-kulonbozo-kulturak-homogenizalasat-szorgalmazza-hanem-egy-teljesen-uj-kozossegi-identitas-kialakitasat\/#primaryimage"},"image":{"@id":"https:\/\/kinaikaleidoszkop.hu\/index.php\/2026\/09\/06\/sodik-safoev-kina-nem-a-kulonbozo-kulturak-homogenizalasat-szorgalmazza-hanem-egy-teljesen-uj-kozossegi-identitas-kialakitasat\/#primaryimage"},"thumbnailUrl":"https:\/\/kinaikaleidoszkop.hu\/wp-content\/uploads\/2026\/09\/Kina-nem-a-kulonbozo-kulturak-homogenizalasat-szorgalmazza-hanem-egy-teljesen-uj-kozossegi-identitas-kialakitasat.jpeg","datePublished":"2026-09-06T11:00:49+00:00","dateModified":"2026-09-06T11:00:49+00:00","author":{"@id":"https:\/\/kinaikaleidoszkop.hu\/#\/schema\/person\/4d69b71e7e70322713b9d9287b610556"},"breadcrumb":{"@id":"https:\/\/kinaikaleidoszkop.hu\/index.php\/2026\/09\/06\/sodik-safoev-kina-nem-a-kulonbozo-kulturak-homogenizalasat-szorgalmazza-hanem-egy-teljesen-uj-kozossegi-identitas-kialakitasat\/#breadcrumb"},"inLanguage":"hu","potentialAction":[{"@type":"ReadAction","target":["https:\/\/kinaikaleidoszkop.hu\/index.php\/2026\/09\/06\/sodik-safoev-kina-nem-a-kulonbozo-kulturak-homogenizalasat-szorgalmazza-hanem-egy-teljesen-uj-kozossegi-identitas-kialakitasat\/"]}]},{"@type":"ImageObject","inLanguage":"hu","@id":"https:\/\/kinaikaleidoszkop.hu\/index.php\/2026\/09\/06\/sodik-safoev-kina-nem-a-kulonbozo-kulturak-homogenizalasat-szorgalmazza-hanem-egy-teljesen-uj-kozossegi-identitas-kialakitasat\/#primaryimage","url":"https:\/\/kinaikaleidoszkop.hu\/wp-content\/uploads\/2026\/09\/Kina-nem-a-kulonbozo-kulturak-homogenizalasat-szorgalmazza-hanem-egy-teljesen-uj-kozossegi-identitas-kialakitasat.jpeg","contentUrl":"https:\/\/kinaikaleidoszkop.hu\/wp-content\/uploads\/2026\/09\/Kina-nem-a-kulonbozo-kulturak-homogenizalasat-szorgalmazza-hanem-egy-teljesen-uj-kozossegi-identitas-kialakitasat.jpeg","width":1280,"height":720},{"@type":"BreadcrumbList","@id":"https:\/\/kinaikaleidoszkop.hu\/index.php\/2026\/09\/06\/sodik-safoev-kina-nem-a-kulonbozo-kulturak-homogenizalasat-szorgalmazza-hanem-egy-teljesen-uj-kozossegi-identitas-kialakitasat\/#breadcrumb","itemListElement":[{"@type":"ListItem","position":1,"name":"Kezd\u0151lap","item":"https:\/\/kinaikaleidoszkop.hu\/"},{"@type":"ListItem","position":2,"name":"Sodik\u00a0Safoev: K\u00edna nem a k\u00fcl\u00f6nb\u00f6z\u0151 kult\u00far\u00e1k homogeniz\u00e1l\u00e1s\u00e1t szorgalmazza, hanem egy teljesen \u00faj k\u00f6z\u00f6ss\u00e9gi identit\u00e1s kialak\u00edt\u00e1s\u00e1t"}]},{"@type":"WebSite","@id":"https:\/\/kinaikaleidoszkop.hu\/#website","url":"https:\/\/kinaikaleidoszkop.hu\/","name":"kinaikaleidoszkop.hu","description":"","potentialAction":[{"@type":"SearchAction","target":{"@type":"EntryPoint","urlTemplate":"https:\/\/kinaikaleidoszkop.hu\/?s={search_term_string}"},"query-input":{"@type":"PropertyValueSpecification","valueRequired":true,"valueName":"search_term_string"}}],"inLanguage":"hu"},{"@type":"Person","@id":"https:\/\/kinaikaleidoszkop.hu\/#\/schema\/person\/4d69b71e7e70322713b9d9287b610556","name":"Szerk_Erik","image":{"@type":"ImageObject","inLanguage":"hu","@id":"https:\/\/kinaikaleidoszkop.hu\/#\/schema\/person\/image\/","url":"https:\/\/secure.gravatar.com\/avatar\/3c1e909a14c0c91d2eaef877aaacb584c667f8e7137de69653aa9561fd0e8062?s=96&d=mm&r=g","contentUrl":"https:\/\/secure.gravatar.com\/avatar\/3c1e909a14c0c91d2eaef877aaacb584c667f8e7137de69653aa9561fd0e8062?s=96&d=mm&r=g","caption":"Szerk_Erik"},"url":"https:\/\/pestcentrum.hu"}]}},"views":2,"distributor_meta":false,"distributor_terms":false,"distributor_media":false,"distributor_original_site_name":"PestCentrum","distributor_original_site_url":"https:\/\/pestcentrum.hu","push-errors":false,"_links":{"self":[{"href":"https:\/\/kinaikaleidoszkop.hu\/index.php\/wp-json\/wp\/v2\/posts\/29967","targetHints":{"allow":["GET"]}}],"collection":[{"href":"https:\/\/kinaikaleidoszkop.hu\/index.php\/wp-json\/wp\/v2\/posts"}],"about":[{"href":"https:\/\/kinaikaleidoszkop.hu\/index.php\/wp-json\/wp\/v2\/types\/post"}],"author":[{"embeddable":true,"href":"https:\/\/kinaikaleidoszkop.hu\/index.php\/wp-json\/wp\/v2\/users\/7"}],"replies":[{"embeddable":true,"href":"https:\/\/kinaikaleidoszkop.hu\/index.php\/wp-json\/wp\/v2\/comments?post=29967"}],"version-history":[{"count":0,"href":"https:\/\/kinaikaleidoszkop.hu\/index.php\/wp-json\/wp\/v2\/posts\/29967\/revisions"}],"wp:featuredmedia":[{"embeddable":true,"href":"https:\/\/kinaikaleidoszkop.hu\/index.php\/wp-json\/wp\/v2\/media\/29968"}],"wp:attachment":[{"href":"https:\/\/kinaikaleidoszkop.hu\/index.php\/wp-json\/wp\/v2\/media?parent=29967"}],"wp:term":[{"taxonomy":"category","embeddable":true,"href":"https:\/\/kinaikaleidoszkop.hu\/index.php\/wp-json\/wp\/v2\/categories?post=29967"},{"taxonomy":"post_tag","embeddable":true,"href":"https:\/\/kinaikaleidoszkop.hu\/index.php\/wp-json\/wp\/v2\/tags?post=29967"}],"curies":[{"name":"wp","href":"https:\/\/api.w.org\/{rel}","templated":true}]}}