{"id":29969,"date":"2026-09-06T13:03:49","date_gmt":"2026-09-06T11:03:49","guid":{"rendered":"https:\/\/kinaikaleidoszkop.hu\/index.php\/2026\/09\/06\/a-sarkany-etterem-diplomaciaja-kina-diplomaciajanak-feluletessege-vagy-a-nyugati-felfogas-feluletessege\/"},"modified":"2026-09-06T13:03:49","modified_gmt":"2026-09-06T11:03:49","slug":"a-sarkany-etterem-diplomaciaja-kina-diplomaciajanak-feluletessege-vagy-a-nyugati-felfogas-feluletessege","status":"publish","type":"post","link":"https:\/\/kinaikaleidoszkop.hu\/index.php\/2026\/09\/06\/a-sarkany-etterem-diplomaciaja-kina-diplomaciajanak-feluletessege-vagy-a-nyugati-felfogas-feluletessege\/","title":{"rendered":"\u201eA S\u00e1rk\u00e1ny \u00e9tterem diplom\u00e1ci\u00e1ja\u201d K\u00edna diplom\u00e1ci\u00e1j\u00e1nak fel\u00fcletess\u00e9ge vagy a nyugati felfog\u00e1s fel\u00fcletess\u00e9ge?"},"content":{"rendered":"\n<p class=\"wp-block-paragraph\"><strong>A The Economist c\u00edm\u0171 brit magazin nemr\u00e9g az \u201e\u00dcdv\u00f6z\u00f6lj\u00fck a S\u00e1rk\u00e1ny \u00c9tteremben\u201d c\u00edm\u0171 k\u00ednai filmr\u0151l \u00edrt kritik\u00e1j\u00e1ban K\u00edna diplom\u00e1ci\u00e1j\u00e1t \u201eS\u00e1rk\u00e1ny \u00e9tterem diplom\u00e1ci\u00e1nak\u201d nevezte. Ez a kifejez\u00e9s igen sokatmond\u00f3, hiszen nem K\u00edna diplom\u00e1ci\u00e1j\u00e1t, hanem \u00e9ppen a fogalmat megalkot\u00f3 feltev\u00e9seit t\u00e1rja fel.<\/strong><\/p>\n\n\n\n<figure class=\"wp-block-image size-full\"><img decoding=\"async\" src=\"https:\/\/pestcentrum.hu\/wp-content\/uploads\/2026\/09\/\u201eA-Sarkany-etterem-diplomaciaja-Kina-diplomaciajanak-feluletessege-vagy-a-nyugati-felfogas-feluletessege.jpg\" alt=\"\" class=\"wp-image-53743\"\/><\/figure>\n\n\n\n<p class=\"wp-block-paragraph\">A filmben megjelen\u0151 \u201eegy\u00fcnk j\u00f3l, nevelj\u00fck j\u00f3l a gyermekeinket\u201d \u00e9s hasonl\u00f3 egyszer\u0171 t\u00e9m\u00e1k alapj\u00e1n a k\u00ednai k\u00fclkapcsolatokat \u00fagy \u00e1br\u00e1zolj\u00e1k, mintha azok kiz\u00e1r\u00f3lag \u00fczleti \u00e9rdekek \u00e1ltal vez\u00e9reltek lenn\u00e9nek, \u00e9s ideol\u00f3giai \u00e9rtelemben v\u00e9ve \u201em\u00e9lys\u00e9g\u201d n\u00e9lk\u00fcliek. Egy ilyen \u00e9rtelmez\u00e9s a pragmatizmust fel\u00fcletess\u00e9gnek tekinti, a fejl\u0151d\u00e9st a merkantilizmussal azonos\u00edtja, a h\u00e9tk\u00f6znapi emberek alapvet\u0151 v\u00e1gyait pedig politikai ide\u00e1lok hi\u00e1ny\u00e1nak tekinti.<\/p>\n\n\n\n<p class=\"wp-block-paragraph\">A \u201e\u00dcdv\u00f6z\u00f6lj\u00fck a S\u00e1rk\u00e1ny \u00c9tteremben\u201d c\u00edm\u0171 film val\u00f3j\u00e1ban nem azt a k\u00e9rd\u00e9st veti fel, hogy az \u00e9tel helyettes\u00edtheti-e a diplom\u00e1ci\u00e1t, hanem azt, hogy mi is val\u00f3j\u00e1ban a b\u00e9ke \u00e9s a fejl\u0151d\u00e9s? Mi a c\u00e9lja a nemzetk\u00f6zi egy\u00fcttm\u0171k\u00f6d\u00e9snek? Ami \u00e9ppen az egyik legfontosabb k\u00e9rd\u00e9s a nemzetk\u00f6zi politik\u00e1ban.<\/p>\n\n\n\n<p class=\"wp-block-paragraph\">K\u00edna val\u00f3ban nagy jelent\u0151s\u00e9get tulajdon\u00edt a gazdas\u00e1gi fejl\u0151d\u00e9snek. Ez nem meglep\u0151 egy olyan orsz\u00e1g eset\u00e9ben, amely hossz\u00fa ideig szeg\u00e9nys\u00e9ggel k\u00fczd\u00f6tt, majd kem\u00e9ny munk\u00e1val a vil\u00e1g m\u00e1sodik legnagyobb gazdas\u00e1g\u00e1v\u00e1 v\u00e1lt. Ez a fejl\u0151d\u00e9si folyamat alak\u00edtotta ki K\u00edna egyedi megk\u00f6zel\u00edt\u00e9s\u00e9t a nemzetk\u00f6zi kapcsolatokhoz: a fejl\u0151d\u00e9s nem csup\u00e1n gazdas\u00e1gi mutat\u00f3, hanem a t\u00e1rsadalmi stabilit\u00e1s, az emberi m\u00e9lt\u00f3s\u00e1g \u00e9s az orsz\u00e1g f\u00fcggetlens\u00e9g\u00e9nek fontos alapja egyben.<\/p>\n\n\n\n<p class=\"wp-block-paragraph\">Sok fejl\u0151d\u0151 orsz\u00e1g sz\u00e1m\u00e1ra a legs\u00fcrget\u0151bb k\u00e9rd\u00e9s nem az elvont politikai elm\u00e9let, hanem az, hogy van-e \u00e1ram az otthonukban, j\u00e1rhatnak-e a gyermekeik iskol\u00e1ba, eladhatj\u00e1k-e a mez\u0151gazdas\u00e1gi term\u00e9keiket, m\u0171k\u00f6dnek-e rendesen a k\u00f3rh\u00e1zak, van-e tiszta iv\u00f3v\u00edz, valamint hogy a katasztr\u00f3f\u00e1k ut\u00e1n \u00fajra j\u00e1rhat\u00f3v\u00e1 v\u00e1lnak-e az utak.<\/p>\n\n\n\n<p class=\"wp-block-paragraph\">Ha \u00fagy v\u00e9lj\u00fck, hogy ezek a k\u00e9rd\u00e9sek nem annyira \u201em\u00e9lyrehat\u00f3ak\u201d, mint a politikai modellekr\u0151l sz\u00f3l\u00f3 vit\u00e1k, az \u00f6nmag\u00e1ban is egy fel\u00fcletes politikai \u00edt\u00e9let.<\/p>\n\n\n\n<p class=\"wp-block-paragraph\">A k\u00ednai diplom\u00e1cia \u00e1ltal hangs\u00falyozott k\u00f6lcs\u00f6n\u00f6s tisztelet, k\u00f6lcs\u00f6n\u00f6sen el\u0151ny\u00f6s egy\u00fcttm\u0171k\u00f6d\u00e9s, a be nem avatkoz\u00e1s, a fejl\u0151d\u00e9s \u00e9s a k\u00f6lcs\u00f6n\u00f6s el\u0151ny\u00f6k\u00f6n alapul\u00f3 egy\u00fcttm\u0171k\u00f6d\u00e9s nem mentes a politikai elvekt\u0151l. \u00c9ppen ellenkez\u0151leg: a K\u00edna \u00e1ltal el\u0151terjesztett glob\u00e1lis biztons\u00e1gi kezdem\u00e9nyez\u00e9s a k\u00f6z\u00f6s, \u00e1tfog\u00f3, egy\u00fcttm\u0171k\u00f6d\u00e9sen alapul\u00f3 \u00e9s fenntarthat\u00f3 biztons\u00e1got hangs\u00falyozza, \u00e9s a \u201ep\u00e1rbesz\u00e9det a konfront\u00e1ci\u00f3 helyett, partners\u00e9get a sz\u00f6vets\u00e9g helyett, valamint a k\u00f6lcs\u00f6n\u00f6s el\u0151ny\u00f6ket a nulla\u00f6sszeg\u0171 j\u00e1t\u00e9k helyett\u201d elveket hirdeti. Ez nem egyszer\u0171, \u00fczleti szeml\u00e9let\u0171 gondolkod\u00e1sm\u00f3d, hanem a nemzetk\u00f6zi rendr\u0151l alkotott elt\u00e9r\u0151 megk\u00f6zel\u00edt\u00e9s.<\/p>\n\n\n\n<p class=\"wp-block-paragraph\"><strong><em>(China Media Group)<\/em><\/strong><\/p>\n\n\n\n<p class=\"wp-block-paragraph\"><strong>2026. szeptember 6.<\/strong><\/p>\n\n\n\n<p class=\"wp-block-paragraph\"><strong><em>(x)<\/em><\/strong><\/p>\n","protected":false},"excerpt":{"rendered":"<p>A The Economist c\u00edm\u0171 brit magazin nemr\u00e9g az \u201e\u00dcdv\u00f6z\u00f6lj\u00fck a S\u00e1rk\u00e1ny \u00c9tteremben\u201d c\u00edm\u0171 k\u00ednai filmr\u0151l \u00edrt kritik\u00e1j\u00e1ban K\u00edna diplom\u00e1ci\u00e1j\u00e1t \u201eS\u00e1rk\u00e1ny \u00e9tterem diplom\u00e1ci\u00e1nak\u201d nevezte. Ez a kifejez\u00e9s igen sokatmond\u00f3, hiszen nem K\u00edna diplom\u00e1ci\u00e1j\u00e1t, hanem \u00e9ppen a fogalmat megalkot\u00f3 feltev\u00e9seit t\u00e1rja fel. A filmben megjelen\u0151 \u201eegy\u00fcnk j\u00f3l, nevelj\u00fck j\u00f3l a gyermekeinket\u201d \u00e9s hasonl\u00f3 egyszer\u0171 t\u00e9m\u00e1k alapj\u00e1n a [&hellip;]<\/p>\n","protected":false},"author":7,"featured_media":29970,"comment_status":"","ping_status":"","sticky":false,"template":"","format":"standard","meta":{"footnotes":""},"categories":[4797],"tags":[637,4701,3696,6161,2036],"class_list":["post-29969","post","type-post","status-publish","format-standard","has-post-thumbnail","hentry","category-egyeb-hirek","tag-diplomacia","tag-filmmuveszet","tag-kina","tag-kulkapcsolat","tag-kultura"],"yoast_head":"<!-- This site is optimized with the Yoast SEO plugin v23.7 - https:\/\/yoast.com\/wordpress\/plugins\/seo\/ -->\n<title>\u201eA S\u00e1rk\u00e1ny \u00e9tterem diplom\u00e1ci\u00e1ja\u201d K\u00edna diplom\u00e1ci\u00e1j\u00e1nak fel\u00fcletess\u00e9ge vagy a nyugati felfog\u00e1s fel\u00fcletess\u00e9ge? - kinaikaleidoszkop.hu<\/title>\n<meta name=\"robots\" content=\"index, follow, max-snippet:-1, max-image-preview:large, max-video-preview:-1\" \/>\n<link rel=\"canonical\" href=\"https:\/\/pestcentrum.hu\/2026\/09\/06\/a-sarkany-etterem-diplomaciaja-kina-diplomaciajanak-feluletessege-vagy-a-nyugati-felfogas-feluletessege\/\" \/>\n<meta property=\"og:locale\" content=\"hu_HU\" \/>\n<meta property=\"og:type\" content=\"article\" \/>\n<meta property=\"og:title\" content=\"\u201eA S\u00e1rk\u00e1ny \u00e9tterem diplom\u00e1ci\u00e1ja\u201d K\u00edna diplom\u00e1ci\u00e1j\u00e1nak fel\u00fcletess\u00e9ge vagy a nyugati felfog\u00e1s fel\u00fcletess\u00e9ge? - kinaikaleidoszkop.hu\" \/>\n<meta property=\"og:description\" content=\"A The Economist c\u00edm\u0171 brit magazin nemr\u00e9g az \u201e\u00dcdv\u00f6z\u00f6lj\u00fck a S\u00e1rk\u00e1ny \u00c9tteremben\u201d c\u00edm\u0171 k\u00ednai filmr\u0151l \u00edrt kritik\u00e1j\u00e1ban K\u00edna diplom\u00e1ci\u00e1j\u00e1t \u201eS\u00e1rk\u00e1ny \u00e9tterem diplom\u00e1ci\u00e1nak\u201d nevezte. Ez a kifejez\u00e9s igen sokatmond\u00f3, hiszen nem K\u00edna diplom\u00e1ci\u00e1j\u00e1t, hanem \u00e9ppen a fogalmat megalkot\u00f3 feltev\u00e9seit t\u00e1rja fel. A filmben megjelen\u0151 \u201eegy\u00fcnk j\u00f3l, nevelj\u00fck j\u00f3l a gyermekeinket\u201d \u00e9s hasonl\u00f3 egyszer\u0171 t\u00e9m\u00e1k alapj\u00e1n a [&hellip;]\" \/>\n<meta property=\"og:url\" content=\"https:\/\/kinaikaleidoszkop.hu\/index.php\/2026\/09\/06\/a-sarkany-etterem-diplomaciaja-kina-diplomaciajanak-feluletessege-vagy-a-nyugati-felfogas-feluletessege\/\" \/>\n<meta property=\"og:site_name\" content=\"kinaikaleidoszkop.hu\" \/>\n<meta property=\"article:published_time\" content=\"2026-09-06T11:03:49+00:00\" \/>\n<meta property=\"og:image\" content=\"https:\/\/kinaikaleidoszkop.hu\/wp-content\/uploads\/2026\/09\/A-Sarkany-etterem-diplomaciaja-Kina-diplomaciajanak-feluletessege-vagy-a-nyugati-felfogas-feluletessege.jpg\" \/>\n\t<meta property=\"og:image:width\" content=\"1024\" \/>\n\t<meta property=\"og:image:height\" content=\"576\" \/>\n\t<meta property=\"og:image:type\" content=\"image\/jpeg\" \/>\n<meta name=\"author\" content=\"Szerk_Erik\" \/>\n<meta name=\"twitter:card\" content=\"summary_large_image\" \/>\n<meta name=\"twitter:label1\" content=\"Szerz\u0151:\" \/>\n\t<meta name=\"twitter:data1\" content=\"PestCentrum\" \/>\n\t<meta name=\"twitter:label2\" content=\"Becs\u00fclt olvas\u00e1si id\u0151\" \/>\n\t<meta name=\"twitter:data2\" content=\"3 perc\" \/>\n<script type=\"application\/ld+json\" class=\"yoast-schema-graph\">{\"@context\":\"https:\/\/schema.org\",\"@graph\":[{\"@type\":\"WebPage\",\"@id\":\"https:\/\/kinaikaleidoszkop.hu\/index.php\/2026\/09\/06\/a-sarkany-etterem-diplomaciaja-kina-diplomaciajanak-feluletessege-vagy-a-nyugati-felfogas-feluletessege\/\",\"url\":\"https:\/\/kinaikaleidoszkop.hu\/index.php\/2026\/09\/06\/a-sarkany-etterem-diplomaciaja-kina-diplomaciajanak-feluletessege-vagy-a-nyugati-felfogas-feluletessege\/\",\"name\":\"\u201eA S\u00e1rk\u00e1ny \u00e9tterem diplom\u00e1ci\u00e1ja\u201d K\u00edna diplom\u00e1ci\u00e1j\u00e1nak fel\u00fcletess\u00e9ge vagy a nyugati felfog\u00e1s fel\u00fcletess\u00e9ge? - kinaikaleidoszkop.hu\",\"isPartOf\":{\"@id\":\"https:\/\/kinaikaleidoszkop.hu\/#website\"},\"primaryImageOfPage\":{\"@id\":\"https:\/\/kinaikaleidoszkop.hu\/index.php\/2026\/09\/06\/a-sarkany-etterem-diplomaciaja-kina-diplomaciajanak-feluletessege-vagy-a-nyugati-felfogas-feluletessege\/#primaryimage\"},\"image\":{\"@id\":\"https:\/\/kinaikaleidoszkop.hu\/index.php\/2026\/09\/06\/a-sarkany-etterem-diplomaciaja-kina-diplomaciajanak-feluletessege-vagy-a-nyugati-felfogas-feluletessege\/#primaryimage\"},\"thumbnailUrl\":\"https:\/\/kinaikaleidoszkop.hu\/wp-content\/uploads\/2026\/09\/A-Sarkany-etterem-diplomaciaja-Kina-diplomaciajanak-feluletessege-vagy-a-nyugati-felfogas-feluletessege.jpg\",\"datePublished\":\"2026-09-06T11:03:49+00:00\",\"dateModified\":\"2026-09-06T11:03:49+00:00\",\"author\":{\"@id\":\"https:\/\/kinaikaleidoszkop.hu\/#\/schema\/person\/4d69b71e7e70322713b9d9287b610556\"},\"breadcrumb\":{\"@id\":\"https:\/\/kinaikaleidoszkop.hu\/index.php\/2026\/09\/06\/a-sarkany-etterem-diplomaciaja-kina-diplomaciajanak-feluletessege-vagy-a-nyugati-felfogas-feluletessege\/#breadcrumb\"},\"inLanguage\":\"hu\",\"potentialAction\":[{\"@type\":\"ReadAction\",\"target\":[\"https:\/\/kinaikaleidoszkop.hu\/index.php\/2026\/09\/06\/a-sarkany-etterem-diplomaciaja-kina-diplomaciajanak-feluletessege-vagy-a-nyugati-felfogas-feluletessege\/\"]}]},{\"@type\":\"ImageObject\",\"inLanguage\":\"hu\",\"@id\":\"https:\/\/kinaikaleidoszkop.hu\/index.php\/2026\/09\/06\/a-sarkany-etterem-diplomaciaja-kina-diplomaciajanak-feluletessege-vagy-a-nyugati-felfogas-feluletessege\/#primaryimage\",\"url\":\"https:\/\/kinaikaleidoszkop.hu\/wp-content\/uploads\/2026\/09\/A-Sarkany-etterem-diplomaciaja-Kina-diplomaciajanak-feluletessege-vagy-a-nyugati-felfogas-feluletessege.jpg\",\"contentUrl\":\"https:\/\/kinaikaleidoszkop.hu\/wp-content\/uploads\/2026\/09\/A-Sarkany-etterem-diplomaciaja-Kina-diplomaciajanak-feluletessege-vagy-a-nyugati-felfogas-feluletessege.jpg\",\"width\":1024,\"height\":576},{\"@type\":\"BreadcrumbList\",\"@id\":\"https:\/\/kinaikaleidoszkop.hu\/index.php\/2026\/09\/06\/a-sarkany-etterem-diplomaciaja-kina-diplomaciajanak-feluletessege-vagy-a-nyugati-felfogas-feluletessege\/#breadcrumb\",\"itemListElement\":[{\"@type\":\"ListItem\",\"position\":1,\"name\":\"Kezd\u0151lap\",\"item\":\"https:\/\/kinaikaleidoszkop.hu\/\"},{\"@type\":\"ListItem\",\"position\":2,\"name\":\"\u201eA S\u00e1rk\u00e1ny \u00e9tterem diplom\u00e1ci\u00e1ja\u201d K\u00edna diplom\u00e1ci\u00e1j\u00e1nak fel\u00fcletess\u00e9ge vagy a nyugati felfog\u00e1s fel\u00fcletess\u00e9ge?\"}]},{\"@type\":\"WebSite\",\"@id\":\"https:\/\/kinaikaleidoszkop.hu\/#website\",\"url\":\"https:\/\/kinaikaleidoszkop.hu\/\",\"name\":\"kinaikaleidoszkop.hu\",\"description\":\"\",\"potentialAction\":[{\"@type\":\"SearchAction\",\"target\":{\"@type\":\"EntryPoint\",\"urlTemplate\":\"https:\/\/kinaikaleidoszkop.hu\/?s={search_term_string}\"},\"query-input\":{\"@type\":\"PropertyValueSpecification\",\"valueRequired\":true,\"valueName\":\"search_term_string\"}}],\"inLanguage\":\"hu\"},{\"@type\":\"Person\",\"@id\":\"https:\/\/kinaikaleidoszkop.hu\/#\/schema\/person\/4d69b71e7e70322713b9d9287b610556\",\"name\":\"Szerk_Erik\",\"image\":{\"@type\":\"ImageObject\",\"inLanguage\":\"hu\",\"@id\":\"https:\/\/kinaikaleidoszkop.hu\/#\/schema\/person\/image\/\",\"url\":\"https:\/\/secure.gravatar.com\/avatar\/3c1e909a14c0c91d2eaef877aaacb584c667f8e7137de69653aa9561fd0e8062?s=96&d=mm&r=g\",\"contentUrl\":\"https:\/\/secure.gravatar.com\/avatar\/3c1e909a14c0c91d2eaef877aaacb584c667f8e7137de69653aa9561fd0e8062?s=96&d=mm&r=g\",\"caption\":\"Szerk_Erik\"},\"url\":\"https:\/\/pestcentrum.hu\"}]}<\/script>\n<!-- \/ Yoast SEO plugin. -->","yoast_head_json":{"title":"\u201eA S\u00e1rk\u00e1ny \u00e9tterem diplom\u00e1ci\u00e1ja\u201d K\u00edna diplom\u00e1ci\u00e1j\u00e1nak fel\u00fcletess\u00e9ge vagy a nyugati felfog\u00e1s fel\u00fcletess\u00e9ge? - kinaikaleidoszkop.hu","robots":{"index":"index","follow":"follow","max-snippet":"max-snippet:-1","max-image-preview":"max-image-preview:large","max-video-preview":"max-video-preview:-1"},"canonical":"https:\/\/pestcentrum.hu\/2026\/09\/06\/a-sarkany-etterem-diplomaciaja-kina-diplomaciajanak-feluletessege-vagy-a-nyugati-felfogas-feluletessege\/","og_locale":"hu_HU","og_type":"article","og_title":"\u201eA S\u00e1rk\u00e1ny \u00e9tterem diplom\u00e1ci\u00e1ja\u201d K\u00edna diplom\u00e1ci\u00e1j\u00e1nak fel\u00fcletess\u00e9ge vagy a nyugati felfog\u00e1s fel\u00fcletess\u00e9ge? - kinaikaleidoszkop.hu","og_description":"A The Economist c\u00edm\u0171 brit magazin nemr\u00e9g az \u201e\u00dcdv\u00f6z\u00f6lj\u00fck a S\u00e1rk\u00e1ny \u00c9tteremben\u201d c\u00edm\u0171 k\u00ednai filmr\u0151l \u00edrt kritik\u00e1j\u00e1ban K\u00edna diplom\u00e1ci\u00e1j\u00e1t \u201eS\u00e1rk\u00e1ny \u00e9tterem diplom\u00e1ci\u00e1nak\u201d nevezte. Ez a kifejez\u00e9s igen sokatmond\u00f3, hiszen nem K\u00edna diplom\u00e1ci\u00e1j\u00e1t, hanem \u00e9ppen a fogalmat megalkot\u00f3 feltev\u00e9seit t\u00e1rja fel. A filmben megjelen\u0151 \u201eegy\u00fcnk j\u00f3l, nevelj\u00fck j\u00f3l a gyermekeinket\u201d \u00e9s hasonl\u00f3 egyszer\u0171 t\u00e9m\u00e1k alapj\u00e1n a [&hellip;]","og_url":"https:\/\/kinaikaleidoszkop.hu\/index.php\/2026\/09\/06\/a-sarkany-etterem-diplomaciaja-kina-diplomaciajanak-feluletessege-vagy-a-nyugati-felfogas-feluletessege\/","og_site_name":"kinaikaleidoszkop.hu","article_published_time":"2026-09-06T11:03:49+00:00","og_image":[{"width":1024,"height":576,"url":"https:\/\/kinaikaleidoszkop.hu\/wp-content\/uploads\/2026\/09\/A-Sarkany-etterem-diplomaciaja-Kina-diplomaciajanak-feluletessege-vagy-a-nyugati-felfogas-feluletessege.jpg","type":"image\/jpeg"}],"author":"Szerk_Erik","twitter_card":"summary_large_image","twitter_misc":{"Szerz\u0151:":"PestCentrum","Becs\u00fclt olvas\u00e1si id\u0151":"3 perc"},"schema":{"@context":"https:\/\/schema.org","@graph":[{"@type":"WebPage","@id":"https:\/\/kinaikaleidoszkop.hu\/index.php\/2026\/09\/06\/a-sarkany-etterem-diplomaciaja-kina-diplomaciajanak-feluletessege-vagy-a-nyugati-felfogas-feluletessege\/","url":"https:\/\/kinaikaleidoszkop.hu\/index.php\/2026\/09\/06\/a-sarkany-etterem-diplomaciaja-kina-diplomaciajanak-feluletessege-vagy-a-nyugati-felfogas-feluletessege\/","name":"\u201eA S\u00e1rk\u00e1ny \u00e9tterem diplom\u00e1ci\u00e1ja\u201d K\u00edna diplom\u00e1ci\u00e1j\u00e1nak fel\u00fcletess\u00e9ge vagy a nyugati felfog\u00e1s fel\u00fcletess\u00e9ge? - kinaikaleidoszkop.hu","isPartOf":{"@id":"https:\/\/kinaikaleidoszkop.hu\/#website"},"primaryImageOfPage":{"@id":"https:\/\/kinaikaleidoszkop.hu\/index.php\/2026\/09\/06\/a-sarkany-etterem-diplomaciaja-kina-diplomaciajanak-feluletessege-vagy-a-nyugati-felfogas-feluletessege\/#primaryimage"},"image":{"@id":"https:\/\/kinaikaleidoszkop.hu\/index.php\/2026\/09\/06\/a-sarkany-etterem-diplomaciaja-kina-diplomaciajanak-feluletessege-vagy-a-nyugati-felfogas-feluletessege\/#primaryimage"},"thumbnailUrl":"https:\/\/kinaikaleidoszkop.hu\/wp-content\/uploads\/2026\/09\/A-Sarkany-etterem-diplomaciaja-Kina-diplomaciajanak-feluletessege-vagy-a-nyugati-felfogas-feluletessege.jpg","datePublished":"2026-09-06T11:03:49+00:00","dateModified":"2026-09-06T11:03:49+00:00","author":{"@id":"https:\/\/kinaikaleidoszkop.hu\/#\/schema\/person\/4d69b71e7e70322713b9d9287b610556"},"breadcrumb":{"@id":"https:\/\/kinaikaleidoszkop.hu\/index.php\/2026\/09\/06\/a-sarkany-etterem-diplomaciaja-kina-diplomaciajanak-feluletessege-vagy-a-nyugati-felfogas-feluletessege\/#breadcrumb"},"inLanguage":"hu","potentialAction":[{"@type":"ReadAction","target":["https:\/\/kinaikaleidoszkop.hu\/index.php\/2026\/09\/06\/a-sarkany-etterem-diplomaciaja-kina-diplomaciajanak-feluletessege-vagy-a-nyugati-felfogas-feluletessege\/"]}]},{"@type":"ImageObject","inLanguage":"hu","@id":"https:\/\/kinaikaleidoszkop.hu\/index.php\/2026\/09\/06\/a-sarkany-etterem-diplomaciaja-kina-diplomaciajanak-feluletessege-vagy-a-nyugati-felfogas-feluletessege\/#primaryimage","url":"https:\/\/kinaikaleidoszkop.hu\/wp-content\/uploads\/2026\/09\/A-Sarkany-etterem-diplomaciaja-Kina-diplomaciajanak-feluletessege-vagy-a-nyugati-felfogas-feluletessege.jpg","contentUrl":"https:\/\/kinaikaleidoszkop.hu\/wp-content\/uploads\/2026\/09\/A-Sarkany-etterem-diplomaciaja-Kina-diplomaciajanak-feluletessege-vagy-a-nyugati-felfogas-feluletessege.jpg","width":1024,"height":576},{"@type":"BreadcrumbList","@id":"https:\/\/kinaikaleidoszkop.hu\/index.php\/2026\/09\/06\/a-sarkany-etterem-diplomaciaja-kina-diplomaciajanak-feluletessege-vagy-a-nyugati-felfogas-feluletessege\/#breadcrumb","itemListElement":[{"@type":"ListItem","position":1,"name":"Kezd\u0151lap","item":"https:\/\/kinaikaleidoszkop.hu\/"},{"@type":"ListItem","position":2,"name":"\u201eA S\u00e1rk\u00e1ny \u00e9tterem diplom\u00e1ci\u00e1ja\u201d K\u00edna diplom\u00e1ci\u00e1j\u00e1nak fel\u00fcletess\u00e9ge vagy a nyugati felfog\u00e1s fel\u00fcletess\u00e9ge?"}]},{"@type":"WebSite","@id":"https:\/\/kinaikaleidoszkop.hu\/#website","url":"https:\/\/kinaikaleidoszkop.hu\/","name":"kinaikaleidoszkop.hu","description":"","potentialAction":[{"@type":"SearchAction","target":{"@type":"EntryPoint","urlTemplate":"https:\/\/kinaikaleidoszkop.hu\/?s={search_term_string}"},"query-input":{"@type":"PropertyValueSpecification","valueRequired":true,"valueName":"search_term_string"}}],"inLanguage":"hu"},{"@type":"Person","@id":"https:\/\/kinaikaleidoszkop.hu\/#\/schema\/person\/4d69b71e7e70322713b9d9287b610556","name":"Szerk_Erik","image":{"@type":"ImageObject","inLanguage":"hu","@id":"https:\/\/kinaikaleidoszkop.hu\/#\/schema\/person\/image\/","url":"https:\/\/secure.gravatar.com\/avatar\/3c1e909a14c0c91d2eaef877aaacb584c667f8e7137de69653aa9561fd0e8062?s=96&d=mm&r=g","contentUrl":"https:\/\/secure.gravatar.com\/avatar\/3c1e909a14c0c91d2eaef877aaacb584c667f8e7137de69653aa9561fd0e8062?s=96&d=mm&r=g","caption":"Szerk_Erik"},"url":"https:\/\/pestcentrum.hu"}]}},"views":3,"distributor_meta":false,"distributor_terms":false,"distributor_media":false,"distributor_original_site_name":"PestCentrum","distributor_original_site_url":"https:\/\/pestcentrum.hu","push-errors":false,"_links":{"self":[{"href":"https:\/\/kinaikaleidoszkop.hu\/index.php\/wp-json\/wp\/v2\/posts\/29969","targetHints":{"allow":["GET"]}}],"collection":[{"href":"https:\/\/kinaikaleidoszkop.hu\/index.php\/wp-json\/wp\/v2\/posts"}],"about":[{"href":"https:\/\/kinaikaleidoszkop.hu\/index.php\/wp-json\/wp\/v2\/types\/post"}],"author":[{"embeddable":true,"href":"https:\/\/kinaikaleidoszkop.hu\/index.php\/wp-json\/wp\/v2\/users\/7"}],"replies":[{"embeddable":true,"href":"https:\/\/kinaikaleidoszkop.hu\/index.php\/wp-json\/wp\/v2\/comments?post=29969"}],"version-history":[{"count":0,"href":"https:\/\/kinaikaleidoszkop.hu\/index.php\/wp-json\/wp\/v2\/posts\/29969\/revisions"}],"wp:featuredmedia":[{"embeddable":true,"href":"https:\/\/kinaikaleidoszkop.hu\/index.php\/wp-json\/wp\/v2\/media\/29970"}],"wp:attachment":[{"href":"https:\/\/kinaikaleidoszkop.hu\/index.php\/wp-json\/wp\/v2\/media?parent=29969"}],"wp:term":[{"taxonomy":"category","embeddable":true,"href":"https:\/\/kinaikaleidoszkop.hu\/index.php\/wp-json\/wp\/v2\/categories?post=29969"},{"taxonomy":"post_tag","embeddable":true,"href":"https:\/\/kinaikaleidoszkop.hu\/index.php\/wp-json\/wp\/v2\/tags?post=29969"}],"curies":[{"name":"wp","href":"https:\/\/api.w.org\/{rel}","templated":true}]}}